{"id":21716,"date":"2021-04-07T16:17:34","date_gmt":"2021-04-07T13:17:34","guid":{"rendered":"https:\/\/aktialiiga.fi\/naiset\/?p=21716"},"modified":"2021-04-07T16:17:34","modified_gmt":"2021-04-07T13:17:34","slug":"grifk-ja-dicken-kohtaavat-neljannessa-valierassa","status":"publish","type":"post","link":"https:\/\/aktialiiga.fi\/naiset\/2020-2021\/ennakot-2020-2021\/grifk-ja-dicken-kohtaavat-neljannessa-valierassa\/","title":{"rendered":"GrIFK ja Dicken kohtaavat nelj\u00e4nness\u00e4 v\u00e4lier\u00e4ss\u00e4"},"content":{"rendered":"<p>GrIFK ja Dicken ottavat mittaa toisistaan nelj\u00e4nness\u00e4 v\u00e4lier\u00e4ss\u00e4 torstaina. Dickenill\u00e4 on finaalipaikka katkolla.<\/p>\n<p>HIFK:lle haetaan finaalivastusta, sill\u00e4 se selvitti KyIF:n suoraan kolmessa peliss\u00e4.<\/p>\n<p>GrIFK:n ja Dickenin kaksi ensimm\u00e4ist\u00e4 peli\u00e4 olivat tiukkoja, joissa n\u00e4htiin loppuhetkille saakka venyneet ratkaisut. Kolmannessa Dicken oli vahvempi, vaikka GrIFK oli peliss\u00e4 viel\u00e4 mukana ottelun alussa.<\/p>\n<p>Dicken nappaisi voitolla finaalipaikan itselleen, mutta GrIFK on selk\u00e4 sein\u00e4\u00e4 vasten ja \u00e4rsytetty vastustaja. Joukkueiden aiemmat v\u00e4lier\u00e4t ovat olleet viihdytt\u00e4vi\u00e4 eik\u00e4 nelj\u00e4sk\u00e4\u00e4n ottelu varmasti tule tekem\u00e4\u00e4n t\u00e4ss\u00e4 poikkeusta. Ottelu esitet\u00e4\u00e4n suorana l\u00e4hetyksen\u00e4 SolidSportin lis\u00e4ksi my\u00f6s VeikkausTV:ss\u00e4.<\/p>\n<p><strong>SM-sarjan tuleva v\u00e4lier\u00e4ottelu (otteluvoitot):<br \/>\n<\/strong>To 8.4. kello 19.00 GrIFK-Dicken (1-2)<\/p>\n","protected":false},"excerpt":{"rendered":"<p>GrIFK ja Dicken ottavat mittaa toisistaan nelj\u00e4nness\u00e4 v\u00e4lier\u00e4ss\u00e4 torstaina. Dickenill\u00e4 on finaalipaikka katkolla. HIFK:lle haetaan finaalivastusta, sill\u00e4 se selvitti KyIF:n suoraan kolmessa peliss\u00e4. GrIFK:n ja Dickenin kaksi ensimm\u00e4ist\u00e4 peli\u00e4 olivat tiukkoja, joissa n\u00e4htiin loppuhetkille saakka venyneet ratkaisut. Kolmannessa Dicken oli vahvempi, vaikka GrIFK oli peliss\u00e4 viel\u00e4 mukana ottelun alussa. Dicken nappaisi voitolla finaalipaikan itselleen, mutta [&hellip;]<\/p>\n","protected":false},"author":13,"featured_media":21717,"comment_status":"closed","ping_status":"closed","sticky":false,"template":"","format":"standard","meta":{"_acf_changed":false,"jetpack_post_was_ever_published":false,"_jetpack_newsletter_access":"","_jetpack_dont_email_post_to_subs":false,"_jetpack_newsletter_tier_id":0,"_jetpack_memberships_contains_paywalled_content":false,"_jetpack_memberships_contains_paid_content":false,"footnotes":""},"categories":[172],"tags":[51,57],"class_list":["post-21716","post","type-post","status-publish","format-standard","has-post-thumbnail","hentry","category-ennakot-2020-2021","tag-dicken","tag-grifk"],"acf":[],"yoast_head":"<!-- This site is optimized with the Yoast SEO plugin v27.5 - https:\/\/yoast.com\/product\/yoast-seo-wordpress\/ -->\n<title>GrIFK ja Dicken kohtaavat nelj\u00e4nness\u00e4 v\u00e4lier\u00e4ss\u00e4 | K\u00e4sipallon naisten Aktialiiga<\/title>\n<meta name=\"robots\" content=\"index, follow, max-snippet:-1, max-image-preview:large, max-video-preview:-1\" \/>\n<link rel=\"canonical\" href=\"https:\/\/aktialiiga.fi\/naiset\/2020-2021\/ennakot-2020-2021\/grifk-ja-dicken-kohtaavat-neljannessa-valierassa\/\" \/>\n<meta property=\"og:locale\" content=\"fi_FI\" \/>\n<meta property=\"og:type\" content=\"article\" \/>\n<meta property=\"og:title\" content=\"GrIFK ja Dicken kohtaavat nelj\u00e4nness\u00e4 v\u00e4lier\u00e4ss\u00e4 | K\u00e4sipallon naisten Aktialiiga\" \/>\n<meta property=\"og:description\" content=\"GrIFK ja Dicken ottavat mittaa toisistaan nelj\u00e4nness\u00e4 v\u00e4lier\u00e4ss\u00e4 torstaina. Dickenill\u00e4 on finaalipaikka katkolla. HIFK:lle haetaan finaalivastusta, sill\u00e4 se selvitti KyIF:n suoraan kolmessa peliss\u00e4. GrIFK:n ja Dickenin kaksi ensimm\u00e4ist\u00e4 peli\u00e4 olivat tiukkoja, joissa n\u00e4htiin loppuhetkille saakka venyneet ratkaisut. Kolmannessa Dicken oli vahvempi, vaikka GrIFK oli peliss\u00e4 viel\u00e4 mukana ottelun alussa. Dicken nappaisi voitolla finaalipaikan itselleen, mutta [&hellip;]\" \/>\n<meta property=\"og:url\" content=\"https:\/\/aktialiiga.fi\/naiset\/2020-2021\/ennakot-2020-2021\/grifk-ja-dicken-kohtaavat-neljannessa-valierassa\/\" \/>\n<meta property=\"og:site_name\" content=\"K\u00e4sipallon naisten Aktialiiga\" \/>\n<meta property=\"article:publisher\" content=\"https:\/\/www.facebook.com\/finnhandball\" \/>\n<meta property=\"article:published_time\" content=\"2021-04-07T13:17:34+00:00\" \/>\n<meta property=\"og:image\" content=\"https:\/\/aktialiiga.fi\/naiset\/wp-content\/uploads\/sites\/6\/2021\/04\/sandelin_sara_grifk_20-21b.jpg\" \/>\n\t<meta property=\"og:image:width\" content=\"1200\" \/>\n\t<meta property=\"og:image:height\" content=\"814\" \/>\n\t<meta property=\"og:image:type\" content=\"image\/jpeg\" \/>\n<meta name=\"author\" content=\"tbrmedia\" \/>\n<meta name=\"twitter:card\" content=\"summary_large_image\" \/>\n<meta name=\"twitter:creator\" content=\"@finnhandball\" \/>\n<meta name=\"twitter:site\" content=\"@finnhandball\" \/>\n<script type=\"application\/ld+json\" class=\"yoast-schema-graph\">{\"@context\":\"https:\\\/\\\/schema.org\",\"@graph\":[{\"@type\":\"Article\",\"@id\":\"https:\\\/\\\/aktialiiga.fi\\\/naiset\\\/2020-2021\\\/ennakot-2020-2021\\\/grifk-ja-dicken-kohtaavat-neljannessa-valierassa\\\/#article\",\"isPartOf\":{\"@id\":\"https:\\\/\\\/aktialiiga.fi\\\/naiset\\\/2020-2021\\\/ennakot-2020-2021\\\/grifk-ja-dicken-kohtaavat-neljannessa-valierassa\\\/\"},\"author\":{\"name\":\"tbrmedia\",\"@id\":\"https:\\\/\\\/aktialiiga.fi\\\/naiset\\\/#\\\/schema\\\/person\\\/c14bf42f47041db74603c45afcb18d87\"},\"headline\":\"GrIFK ja Dicken kohtaavat nelj\u00e4nness\u00e4 v\u00e4lier\u00e4ss\u00e4\",\"datePublished\":\"2021-04-07T13:17:34+00:00\",\"mainEntityOfPage\":{\"@id\":\"https:\\\/\\\/aktialiiga.fi\\\/naiset\\\/2020-2021\\\/ennakot-2020-2021\\\/grifk-ja-dicken-kohtaavat-neljannessa-valierassa\\\/\"},\"wordCount\":124,\"publisher\":{\"@id\":\"https:\\\/\\\/aktialiiga.fi\\\/naiset\\\/#organization\"},\"image\":{\"@id\":\"https:\\\/\\\/aktialiiga.fi\\\/naiset\\\/2020-2021\\\/ennakot-2020-2021\\\/grifk-ja-dicken-kohtaavat-neljannessa-valierassa\\\/#primaryimage\"},\"thumbnailUrl\":\"https:\\\/\\\/aktialiiga.fi\\\/naiset\\\/wp-content\\\/uploads\\\/sites\\\/6\\\/2021\\\/04\\\/sandelin_sara_grifk_20-21b.jpg\",\"keywords\":[\"Dicken\",\"GrIFK\"],\"articleSection\":[\"Ennakot\"],\"inLanguage\":\"fi\"},{\"@type\":\"WebPage\",\"@id\":\"https:\\\/\\\/aktialiiga.fi\\\/naiset\\\/2020-2021\\\/ennakot-2020-2021\\\/grifk-ja-dicken-kohtaavat-neljannessa-valierassa\\\/\",\"url\":\"https:\\\/\\\/aktialiiga.fi\\\/naiset\\\/2020-2021\\\/ennakot-2020-2021\\\/grifk-ja-dicken-kohtaavat-neljannessa-valierassa\\\/\",\"name\":\"GrIFK ja Dicken kohtaavat nelj\u00e4nness\u00e4 v\u00e4lier\u00e4ss\u00e4 | K\u00e4sipallon naisten Aktialiiga\",\"isPartOf\":{\"@id\":\"https:\\\/\\\/aktialiiga.fi\\\/naiset\\\/#website\"},\"primaryImageOfPage\":{\"@id\":\"https:\\\/\\\/aktialiiga.fi\\\/naiset\\\/2020-2021\\\/ennakot-2020-2021\\\/grifk-ja-dicken-kohtaavat-neljannessa-valierassa\\\/#primaryimage\"},\"image\":{\"@id\":\"https:\\\/\\\/aktialiiga.fi\\\/naiset\\\/2020-2021\\\/ennakot-2020-2021\\\/grifk-ja-dicken-kohtaavat-neljannessa-valierassa\\\/#primaryimage\"},\"thumbnailUrl\":\"https:\\\/\\\/aktialiiga.fi\\\/naiset\\\/wp-content\\\/uploads\\\/sites\\\/6\\\/2021\\\/04\\\/sandelin_sara_grifk_20-21b.jpg\",\"datePublished\":\"2021-04-07T13:17:34+00:00\",\"breadcrumb\":{\"@id\":\"https:\\\/\\\/aktialiiga.fi\\\/naiset\\\/2020-2021\\\/ennakot-2020-2021\\\/grifk-ja-dicken-kohtaavat-neljannessa-valierassa\\\/#breadcrumb\"},\"inLanguage\":\"fi\",\"potentialAction\":[{\"@type\":\"ReadAction\",\"target\":[\"https:\\\/\\\/aktialiiga.fi\\\/naiset\\\/2020-2021\\\/ennakot-2020-2021\\\/grifk-ja-dicken-kohtaavat-neljannessa-valierassa\\\/\"]}]},{\"@type\":\"ImageObject\",\"inLanguage\":\"fi\",\"@id\":\"https:\\\/\\\/aktialiiga.fi\\\/naiset\\\/2020-2021\\\/ennakot-2020-2021\\\/grifk-ja-dicken-kohtaavat-neljannessa-valierassa\\\/#primaryimage\",\"url\":\"https:\\\/\\\/aktialiiga.fi\\\/naiset\\\/wp-content\\\/uploads\\\/sites\\\/6\\\/2021\\\/04\\\/sandelin_sara_grifk_20-21b.jpg\",\"contentUrl\":\"https:\\\/\\\/aktialiiga.fi\\\/naiset\\\/wp-content\\\/uploads\\\/sites\\\/6\\\/2021\\\/04\\\/sandelin_sara_grifk_20-21b.jpg\",\"width\":1200,\"height\":814,\"caption\":\"Emilia Valkamo #5, Dicken ja Sara Sandelin #8, GrIFK k\u00e4sipallon naisten SM-sarjan ottelussa Dicken - GrIFK Pirkkolan Palloiluhalli 24. lokakuuta 2020. (Kalle Parkkinen\\\/Newspix24)\"},{\"@type\":\"BreadcrumbList\",\"@id\":\"https:\\\/\\\/aktialiiga.fi\\\/naiset\\\/2020-2021\\\/ennakot-2020-2021\\\/grifk-ja-dicken-kohtaavat-neljannessa-valierassa\\\/#breadcrumb\",\"itemListElement\":[{\"@type\":\"ListItem\",\"position\":1,\"name\":\"Etusivu\",\"item\":\"https:\\\/\\\/aktialiiga.fi\\\/naiset\\\/\"},{\"@type\":\"ListItem\",\"position\":2,\"name\":\"GrIFK ja Dicken kohtaavat nelj\u00e4nness\u00e4 v\u00e4lier\u00e4ss\u00e4\"}]},{\"@type\":\"WebSite\",\"@id\":\"https:\\\/\\\/aktialiiga.fi\\\/naiset\\\/#website\",\"url\":\"https:\\\/\\\/aktialiiga.fi\\\/naiset\\\/\",\"name\":\"K\u00e4sipallon naisten Aktialiiga\",\"description\":\"Valtakunnan vauhdikkainta palloilua!\",\"publisher\":{\"@id\":\"https:\\\/\\\/aktialiiga.fi\\\/naiset\\\/#organization\"},\"potentialAction\":[{\"@type\":\"SearchAction\",\"target\":{\"@type\":\"EntryPoint\",\"urlTemplate\":\"https:\\\/\\\/aktialiiga.fi\\\/naiset\\\/?s={search_term_string}\"},\"query-input\":{\"@type\":\"PropertyValueSpecification\",\"valueRequired\":true,\"valueName\":\"search_term_string\"}}],\"inLanguage\":\"fi\"},{\"@type\":\"Organization\",\"@id\":\"https:\\\/\\\/aktialiiga.fi\\\/naiset\\\/#organization\",\"name\":\"K\u00e4sipallon naisten Aktialiiga\",\"url\":\"https:\\\/\\\/aktialiiga.fi\\\/naiset\\\/\",\"logo\":{\"@type\":\"ImageObject\",\"inLanguage\":\"fi\",\"@id\":\"https:\\\/\\\/aktialiiga.fi\\\/naiset\\\/#\\\/schema\\\/logo\\\/image\\\/\",\"url\":\"https:\\\/\\\/aktialiiga.fi\\\/naiset\\\/wp-content\\\/uploads\\\/sites\\\/6\\\/2024\\\/09\\\/Aktialiiga-Yoast-512.png\",\"contentUrl\":\"https:\\\/\\\/aktialiiga.fi\\\/naiset\\\/wp-content\\\/uploads\\\/sites\\\/6\\\/2024\\\/09\\\/Aktialiiga-Yoast-512.png\",\"width\":512,\"height\":512,\"caption\":\"K\u00e4sipallon naisten Aktialiiga\"},\"image\":{\"@id\":\"https:\\\/\\\/aktialiiga.fi\\\/naiset\\\/#\\\/schema\\\/logo\\\/image\\\/\"},\"sameAs\":[\"https:\\\/\\\/www.facebook.com\\\/finnhandball\",\"https:\\\/\\\/x.com\\\/finnhandball\",\"https:\\\/\\\/www.instagram.com\\\/handballfinland\\\/\"]},{\"@type\":\"Person\",\"@id\":\"https:\\\/\\\/aktialiiga.fi\\\/naiset\\\/#\\\/schema\\\/person\\\/c14bf42f47041db74603c45afcb18d87\",\"name\":\"tbrmedia\",\"image\":{\"@type\":\"ImageObject\",\"inLanguage\":\"fi\",\"@id\":\"https:\\\/\\\/secure.gravatar.com\\\/avatar\\\/ee975fa091fe581d12b60debb3439022686618368a7c142044c56724d4666b16?s=96&d=mm&r=g\",\"url\":\"https:\\\/\\\/secure.gravatar.com\\\/avatar\\\/ee975fa091fe581d12b60debb3439022686618368a7c142044c56724d4666b16?s=96&d=mm&r=g\",\"contentUrl\":\"https:\\\/\\\/secure.gravatar.com\\\/avatar\\\/ee975fa091fe581d12b60debb3439022686618368a7c142044c56724d4666b16?s=96&d=mm&r=g\",\"caption\":\"tbrmedia\"}}]}<\/script>\n<!-- \/ Yoast SEO plugin. -->","yoast_head_json":{"title":"GrIFK ja Dicken kohtaavat nelj\u00e4nness\u00e4 v\u00e4lier\u00e4ss\u00e4 | K\u00e4sipallon naisten Aktialiiga","robots":{"index":"index","follow":"follow","max-snippet":"max-snippet:-1","max-image-preview":"max-image-preview:large","max-video-preview":"max-video-preview:-1"},"canonical":"https:\/\/aktialiiga.fi\/naiset\/2020-2021\/ennakot-2020-2021\/grifk-ja-dicken-kohtaavat-neljannessa-valierassa\/","og_locale":"fi_FI","og_type":"article","og_title":"GrIFK ja Dicken kohtaavat nelj\u00e4nness\u00e4 v\u00e4lier\u00e4ss\u00e4 | K\u00e4sipallon naisten Aktialiiga","og_description":"GrIFK ja Dicken ottavat mittaa toisistaan nelj\u00e4nness\u00e4 v\u00e4lier\u00e4ss\u00e4 torstaina. Dickenill\u00e4 on finaalipaikka katkolla. HIFK:lle haetaan finaalivastusta, sill\u00e4 se selvitti KyIF:n suoraan kolmessa peliss\u00e4. GrIFK:n ja Dickenin kaksi ensimm\u00e4ist\u00e4 peli\u00e4 olivat tiukkoja, joissa n\u00e4htiin loppuhetkille saakka venyneet ratkaisut. Kolmannessa Dicken oli vahvempi, vaikka GrIFK oli peliss\u00e4 viel\u00e4 mukana ottelun alussa. Dicken nappaisi voitolla finaalipaikan itselleen, mutta [&hellip;]","og_url":"https:\/\/aktialiiga.fi\/naiset\/2020-2021\/ennakot-2020-2021\/grifk-ja-dicken-kohtaavat-neljannessa-valierassa\/","og_site_name":"K\u00e4sipallon naisten Aktialiiga","article_publisher":"https:\/\/www.facebook.com\/finnhandball","article_published_time":"2021-04-07T13:17:34+00:00","og_image":[{"width":1200,"height":814,"url":"https:\/\/aktialiiga.fi\/naiset\/wp-content\/uploads\/sites\/6\/2021\/04\/sandelin_sara_grifk_20-21b.jpg","type":"image\/jpeg"}],"author":"tbrmedia","twitter_card":"summary_large_image","twitter_creator":"@finnhandball","twitter_site":"@finnhandball","schema":{"@context":"https:\/\/schema.org","@graph":[{"@type":"Article","@id":"https:\/\/aktialiiga.fi\/naiset\/2020-2021\/ennakot-2020-2021\/grifk-ja-dicken-kohtaavat-neljannessa-valierassa\/#article","isPartOf":{"@id":"https:\/\/aktialiiga.fi\/naiset\/2020-2021\/ennakot-2020-2021\/grifk-ja-dicken-kohtaavat-neljannessa-valierassa\/"},"author":{"name":"tbrmedia","@id":"https:\/\/aktialiiga.fi\/naiset\/#\/schema\/person\/c14bf42f47041db74603c45afcb18d87"},"headline":"GrIFK ja Dicken kohtaavat nelj\u00e4nness\u00e4 v\u00e4lier\u00e4ss\u00e4","datePublished":"2021-04-07T13:17:34+00:00","mainEntityOfPage":{"@id":"https:\/\/aktialiiga.fi\/naiset\/2020-2021\/ennakot-2020-2021\/grifk-ja-dicken-kohtaavat-neljannessa-valierassa\/"},"wordCount":124,"publisher":{"@id":"https:\/\/aktialiiga.fi\/naiset\/#organization"},"image":{"@id":"https:\/\/aktialiiga.fi\/naiset\/2020-2021\/ennakot-2020-2021\/grifk-ja-dicken-kohtaavat-neljannessa-valierassa\/#primaryimage"},"thumbnailUrl":"https:\/\/aktialiiga.fi\/naiset\/wp-content\/uploads\/sites\/6\/2021\/04\/sandelin_sara_grifk_20-21b.jpg","keywords":["Dicken","GrIFK"],"articleSection":["Ennakot"],"inLanguage":"fi"},{"@type":"WebPage","@id":"https:\/\/aktialiiga.fi\/naiset\/2020-2021\/ennakot-2020-2021\/grifk-ja-dicken-kohtaavat-neljannessa-valierassa\/","url":"https:\/\/aktialiiga.fi\/naiset\/2020-2021\/ennakot-2020-2021\/grifk-ja-dicken-kohtaavat-neljannessa-valierassa\/","name":"GrIFK ja Dicken kohtaavat nelj\u00e4nness\u00e4 v\u00e4lier\u00e4ss\u00e4 | K\u00e4sipallon naisten Aktialiiga","isPartOf":{"@id":"https:\/\/aktialiiga.fi\/naiset\/#website"},"primaryImageOfPage":{"@id":"https:\/\/aktialiiga.fi\/naiset\/2020-2021\/ennakot-2020-2021\/grifk-ja-dicken-kohtaavat-neljannessa-valierassa\/#primaryimage"},"image":{"@id":"https:\/\/aktialiiga.fi\/naiset\/2020-2021\/ennakot-2020-2021\/grifk-ja-dicken-kohtaavat-neljannessa-valierassa\/#primaryimage"},"thumbnailUrl":"https:\/\/aktialiiga.fi\/naiset\/wp-content\/uploads\/sites\/6\/2021\/04\/sandelin_sara_grifk_20-21b.jpg","datePublished":"2021-04-07T13:17:34+00:00","breadcrumb":{"@id":"https:\/\/aktialiiga.fi\/naiset\/2020-2021\/ennakot-2020-2021\/grifk-ja-dicken-kohtaavat-neljannessa-valierassa\/#breadcrumb"},"inLanguage":"fi","potentialAction":[{"@type":"ReadAction","target":["https:\/\/aktialiiga.fi\/naiset\/2020-2021\/ennakot-2020-2021\/grifk-ja-dicken-kohtaavat-neljannessa-valierassa\/"]}]},{"@type":"ImageObject","inLanguage":"fi","@id":"https:\/\/aktialiiga.fi\/naiset\/2020-2021\/ennakot-2020-2021\/grifk-ja-dicken-kohtaavat-neljannessa-valierassa\/#primaryimage","url":"https:\/\/aktialiiga.fi\/naiset\/wp-content\/uploads\/sites\/6\/2021\/04\/sandelin_sara_grifk_20-21b.jpg","contentUrl":"https:\/\/aktialiiga.fi\/naiset\/wp-content\/uploads\/sites\/6\/2021\/04\/sandelin_sara_grifk_20-21b.jpg","width":1200,"height":814,"caption":"Emilia Valkamo #5, Dicken ja Sara Sandelin #8, GrIFK k\u00e4sipallon naisten SM-sarjan ottelussa Dicken - GrIFK Pirkkolan Palloiluhalli 24. lokakuuta 2020. (Kalle Parkkinen\/Newspix24)"},{"@type":"BreadcrumbList","@id":"https:\/\/aktialiiga.fi\/naiset\/2020-2021\/ennakot-2020-2021\/grifk-ja-dicken-kohtaavat-neljannessa-valierassa\/#breadcrumb","itemListElement":[{"@type":"ListItem","position":1,"name":"Etusivu","item":"https:\/\/aktialiiga.fi\/naiset\/"},{"@type":"ListItem","position":2,"name":"GrIFK ja Dicken kohtaavat nelj\u00e4nness\u00e4 v\u00e4lier\u00e4ss\u00e4"}]},{"@type":"WebSite","@id":"https:\/\/aktialiiga.fi\/naiset\/#website","url":"https:\/\/aktialiiga.fi\/naiset\/","name":"K\u00e4sipallon naisten Aktialiiga","description":"Valtakunnan vauhdikkainta palloilua!","publisher":{"@id":"https:\/\/aktialiiga.fi\/naiset\/#organization"},"potentialAction":[{"@type":"SearchAction","target":{"@type":"EntryPoint","urlTemplate":"https:\/\/aktialiiga.fi\/naiset\/?s={search_term_string}"},"query-input":{"@type":"PropertyValueSpecification","valueRequired":true,"valueName":"search_term_string"}}],"inLanguage":"fi"},{"@type":"Organization","@id":"https:\/\/aktialiiga.fi\/naiset\/#organization","name":"K\u00e4sipallon naisten Aktialiiga","url":"https:\/\/aktialiiga.fi\/naiset\/","logo":{"@type":"ImageObject","inLanguage":"fi","@id":"https:\/\/aktialiiga.fi\/naiset\/#\/schema\/logo\/image\/","url":"https:\/\/aktialiiga.fi\/naiset\/wp-content\/uploads\/sites\/6\/2024\/09\/Aktialiiga-Yoast-512.png","contentUrl":"https:\/\/aktialiiga.fi\/naiset\/wp-content\/uploads\/sites\/6\/2024\/09\/Aktialiiga-Yoast-512.png","width":512,"height":512,"caption":"K\u00e4sipallon naisten Aktialiiga"},"image":{"@id":"https:\/\/aktialiiga.fi\/naiset\/#\/schema\/logo\/image\/"},"sameAs":["https:\/\/www.facebook.com\/finnhandball","https:\/\/x.com\/finnhandball","https:\/\/www.instagram.com\/handballfinland\/"]},{"@type":"Person","@id":"https:\/\/aktialiiga.fi\/naiset\/#\/schema\/person\/c14bf42f47041db74603c45afcb18d87","name":"tbrmedia","image":{"@type":"ImageObject","inLanguage":"fi","@id":"https:\/\/secure.gravatar.com\/avatar\/ee975fa091fe581d12b60debb3439022686618368a7c142044c56724d4666b16?s=96&d=mm&r=g","url":"https:\/\/secure.gravatar.com\/avatar\/ee975fa091fe581d12b60debb3439022686618368a7c142044c56724d4666b16?s=96&d=mm&r=g","contentUrl":"https:\/\/secure.gravatar.com\/avatar\/ee975fa091fe581d12b60debb3439022686618368a7c142044c56724d4666b16?s=96&d=mm&r=g","caption":"tbrmedia"}}]}},"jetpack_featured_media_url":"https:\/\/aktialiiga.fi\/naiset\/wp-content\/uploads\/sites\/6\/2021\/04\/sandelin_sara_grifk_20-21b.jpg","jetpack_sharing_enabled":true,"jetpack_shortlink":"https:\/\/wp.me\/pfYhm6-5Eg","_links":{"self":[{"href":"https:\/\/aktialiiga.fi\/naiset\/wp-json\/wp\/v2\/posts\/21716","targetHints":{"allow":["GET"]}}],"collection":[{"href":"https:\/\/aktialiiga.fi\/naiset\/wp-json\/wp\/v2\/posts"}],"about":[{"href":"https:\/\/aktialiiga.fi\/naiset\/wp-json\/wp\/v2\/types\/post"}],"author":[{"embeddable":true,"href":"https:\/\/aktialiiga.fi\/naiset\/wp-json\/wp\/v2\/users\/13"}],"replies":[{"embeddable":true,"href":"https:\/\/aktialiiga.fi\/naiset\/wp-json\/wp\/v2\/comments?post=21716"}],"version-history":[{"count":0,"href":"https:\/\/aktialiiga.fi\/naiset\/wp-json\/wp\/v2\/posts\/21716\/revisions"}],"wp:featuredmedia":[{"embeddable":true,"href":"https:\/\/aktialiiga.fi\/naiset\/wp-json\/wp\/v2\/media\/21717"}],"wp:attachment":[{"href":"https:\/\/aktialiiga.fi\/naiset\/wp-json\/wp\/v2\/media?parent=21716"}],"wp:term":[{"taxonomy":"category","embeddable":true,"href":"https:\/\/aktialiiga.fi\/naiset\/wp-json\/wp\/v2\/categories?post=21716"},{"taxonomy":"post_tag","embeddable":true,"href":"https:\/\/aktialiiga.fi\/naiset\/wp-json\/wp\/v2\/tags?post=21716"}],"curies":[{"name":"wp","href":"https:\/\/api.w.org\/{rel}","templated":true}]}}