{"id":21816,"date":"2021-05-20T14:53:50","date_gmt":"2021-05-20T11:53:50","guid":{"rendered":"https:\/\/aktialiiga.fi\/naiset\/?p=21816"},"modified":"2021-05-28T22:20:19","modified_gmt":"2021-05-28T19:20:19","slug":"patrik-johanson-on-grifk-uusi-paavalmentaja","status":"publish","type":"post","link":"https:\/\/aktialiiga.fi\/naiset\/ajankohtaista\/patrik-johanson-on-grifk-uusi-paavalmentaja\/","title":{"rendered":"Patrik Johanson on GrIFK:n uusi p\u00e4\u00e4valmentaja"},"content":{"rendered":"<p>Patrik \u201dPava\u201d Johansonilla on vakuuttava ja pitk\u00e4 kansainv\u00e4linen k\u00e4sipalloura. \u201cSensaatio\u201d kirjoitti Yle Urheilu, kun Johanson pestattiin Ruotsista GrIFK Elitin riveihin vuonna 2017. Nyt on uuden k\u00e4sipallouran aika ja Johansonin vankka kokemus huipputason k\u00e4sipalloilijana vie eteenp\u00e4in sek\u00e4 Grankulla IFK:n naisten joukkuetta ett\u00e4 suomalaista k\u00e4sipalloa.<\/p>\n<p>Patrik Johanson on ehtinyt valmentaa oman pelaamisensa ohessa GrIFK:n juniorijoukkueita mm. A-poikia, B-tytt\u00f6j\u00e4 ja B-poikia. Nyt ovat edess\u00e4 uudet kuviot GrIFK:n naisten p\u00e4\u00e4valmentajana.<\/p>\n<p>&#8211; T\u00e4st\u00e4 tulee mahtavaa! GrIFK:n naisilla on vahva joukkue ja tietenkin tavoitteenamme on kultamitali ensi kaudella, sanoo Johanson GrIFK:n tiedotteessa.<\/p>\n<p>H\u00e4n ehti pelata nelj\u00e4 vuotta GrIFK Elitin paidassa ja toistuvat loukkaantumiset p\u00e4\u00e4tt\u00e4v\u00e4t nyt h\u00e4nen pelaajauransa. Pava viihtyy erinomaisesti Kauniaisissa ja h\u00e4nen suunnitelmissaan on j\u00e4\u00e4d\u00e4 Suomeen.<\/p>\n<p>&#8211; Kyll\u00e4 siin\u00e4 tuli muutamia unettomia \u00f6it\u00e4, kun mietiskelin mit\u00e4 tekisin seuraavaksi. K\u00e4sipallohan on ollut koko el\u00e4m\u00e4ni. Kun sain Granin naisten tarjouksen, oli helppoa vastata my\u00f6nteisesti. T\u00e4m\u00e4 on luonnollinen askel ja uusi ura minulle.<\/p>\n<p>Johanson on kirjoittanut sopimuksen 1 + 1 kaudesta.<\/p>\n<p>&#8211; Me joukkueen johdossa olemme eritt\u00e4in tyytyv\u00e4isi\u00e4. Pavan kokemus ja pitk\u00e4n kansainv\u00e4lisen peliuran mukanaan tuoma vankka osaaminen tulee viem\u00e4\u00e4n eteenp\u00e4in Granin naisten joukkuetta ja suomalaista k\u00e4sipalloa yleens\u00e4kin, vahvistaa Raija Rehnberg, toinen GrIFK:n naisten joukkueen johtajista.<\/p>\n<p>Johanson ottaa p\u00e4\u00e4valmentajan pestin Gustaf \u201cGutte\u201d Ahlroosin j\u00e4lkeen (kaudet 2019-20 ja 2020-21). Gutte halusi keskitty\u00e4 oman yrityksens\u00e4 Lyften kehitt\u00e4miseen.<\/p>\n<p>&#8211; Gutte on tehnyt todella hyv\u00e4\u00e4 ty\u00f6t\u00e4 joukkueen kanssa. Pelaajat ovat taitava ja pelillisesti joukkue on korkeatasoinen. He pitiv\u00e4t tiukoilla sek\u00e4 Dickeni\u00e4 ett\u00e4 HIFK:\u00e4, ja erityisesti semifinaaleissa Dickeni\u00e4 vastaan ei joukkueissa ollut suurta pellillist\u00e4 tasoeroa, miettii Pava. Potentiaalia l\u00f6ytyy..<\/p>\n<p>Joukkueen toisena valmentajana jatkaa Anders \u201dAnka\u201d Genberg, mik\u00e4 tuo mukanaan jatkuvuutta valmennukseen.<\/p>\n<p>&#8211; Meill\u00e4 on ollut eritt\u00e4in hyv\u00e4t keskustelut Ankan kanssa jo nyt ja odotan innolla yhteisty\u00f6t\u00e4mme, sanoo Pava.<\/p>\n","protected":false},"excerpt":{"rendered":"<p>Patrik \u201dPava\u201d Johansonilla on vakuuttava ja pitk\u00e4 kansainv\u00e4linen k\u00e4sipalloura. \u201cSensaatio\u201d kirjoitti Yle Urheilu, kun Johanson pestattiin Ruotsista GrIFK Elitin riveihin vuonna 2017. Nyt on uuden k\u00e4sipallouran aika ja Johansonin vankka kokemus huipputason k\u00e4sipalloilijana vie eteenp\u00e4in sek\u00e4 Grankulla IFK:n naisten joukkuetta ett\u00e4 suomalaista k\u00e4sipalloa. Patrik Johanson on ehtinyt valmentaa oman pelaamisensa ohessa GrIFK:n juniorijoukkueita mm. A-poikia, [&hellip;]<\/p>\n","protected":false},"author":13,"featured_media":21775,"comment_status":"closed","ping_status":"closed","sticky":false,"template":"","format":"standard","meta":{"_acf_changed":false,"jetpack_post_was_ever_published":false,"_jetpack_newsletter_access":"","_jetpack_dont_email_post_to_subs":false,"_jetpack_newsletter_tier_id":0,"_jetpack_memberships_contains_paywalled_content":false,"_jetpack_memberships_contains_paid_content":false,"footnotes":""},"categories":[2],"tags":[57],"class_list":["post-21816","post","type-post","status-publish","format-standard","has-post-thumbnail","hentry","category-ajankohtaista","tag-grifk"],"acf":[],"yoast_head":"<!-- This site is optimized with the Yoast SEO plugin v27.5 - https:\/\/yoast.com\/product\/yoast-seo-wordpress\/ -->\n<title>Patrik Johanson on GrIFK:n uusi p\u00e4\u00e4valmentaja | K\u00e4sipallon naisten Aktialiiga<\/title>\n<meta name=\"robots\" content=\"index, follow, max-snippet:-1, max-image-preview:large, max-video-preview:-1\" \/>\n<link rel=\"canonical\" href=\"https:\/\/aktialiiga.fi\/naiset\/ajankohtaista\/patrik-johanson-on-grifk-uusi-paavalmentaja\/\" \/>\n<meta property=\"og:locale\" content=\"fi_FI\" \/>\n<meta property=\"og:type\" content=\"article\" \/>\n<meta property=\"og:title\" content=\"Patrik Johanson on GrIFK:n uusi p\u00e4\u00e4valmentaja | K\u00e4sipallon naisten Aktialiiga\" \/>\n<meta property=\"og:description\" content=\"Patrik \u201dPava\u201d Johansonilla on vakuuttava ja pitk\u00e4 kansainv\u00e4linen k\u00e4sipalloura. \u201cSensaatio\u201d kirjoitti Yle Urheilu, kun Johanson pestattiin Ruotsista GrIFK Elitin riveihin vuonna 2017. Nyt on uuden k\u00e4sipallouran aika ja Johansonin vankka kokemus huipputason k\u00e4sipalloilijana vie eteenp\u00e4in sek\u00e4 Grankulla IFK:n naisten joukkuetta ett\u00e4 suomalaista k\u00e4sipalloa. Patrik Johanson on ehtinyt valmentaa oman pelaamisensa ohessa GrIFK:n juniorijoukkueita mm. A-poikia, [&hellip;]\" \/>\n<meta property=\"og:url\" content=\"https:\/\/aktialiiga.fi\/naiset\/ajankohtaista\/patrik-johanson-on-grifk-uusi-paavalmentaja\/\" \/>\n<meta property=\"og:site_name\" content=\"K\u00e4sipallon naisten Aktialiiga\" \/>\n<meta property=\"article:publisher\" content=\"https:\/\/www.facebook.com\/finnhandball\" \/>\n<meta property=\"article:published_time\" content=\"2021-05-20T11:53:50+00:00\" \/>\n<meta property=\"article:modified_time\" content=\"2021-05-28T19:20:19+00:00\" \/>\n<meta property=\"og:image\" content=\"https:\/\/aktialiiga.fi\/naiset\/wp-content\/uploads\/sites\/6\/2021\/04\/grifk_juhliipronssia.jpg\" \/>\n\t<meta property=\"og:image:width\" content=\"1200\" \/>\n\t<meta property=\"og:image:height\" content=\"800\" \/>\n\t<meta property=\"og:image:type\" content=\"image\/jpeg\" \/>\n<meta name=\"author\" content=\"tbrmedia\" \/>\n<meta name=\"twitter:card\" content=\"summary_large_image\" \/>\n<meta name=\"twitter:creator\" content=\"@finnhandball\" \/>\n<meta name=\"twitter:site\" content=\"@finnhandball\" \/>\n<script type=\"application\/ld+json\" class=\"yoast-schema-graph\">{\"@context\":\"https:\\\/\\\/schema.org\",\"@graph\":[{\"@type\":\"Article\",\"@id\":\"https:\\\/\\\/aktialiiga.fi\\\/naiset\\\/ajankohtaista\\\/patrik-johanson-on-grifk-uusi-paavalmentaja\\\/#article\",\"isPartOf\":{\"@id\":\"https:\\\/\\\/aktialiiga.fi\\\/naiset\\\/ajankohtaista\\\/patrik-johanson-on-grifk-uusi-paavalmentaja\\\/\"},\"author\":{\"name\":\"tbrmedia\",\"@id\":\"https:\\\/\\\/aktialiiga.fi\\\/naiset\\\/#\\\/schema\\\/person\\\/c14bf42f47041db74603c45afcb18d87\"},\"headline\":\"Patrik Johanson on GrIFK:n uusi p\u00e4\u00e4valmentaja\",\"datePublished\":\"2021-05-20T11:53:50+00:00\",\"dateModified\":\"2021-05-28T19:20:19+00:00\",\"mainEntityOfPage\":{\"@id\":\"https:\\\/\\\/aktialiiga.fi\\\/naiset\\\/ajankohtaista\\\/patrik-johanson-on-grifk-uusi-paavalmentaja\\\/\"},\"wordCount\":324,\"publisher\":{\"@id\":\"https:\\\/\\\/aktialiiga.fi\\\/naiset\\\/#organization\"},\"image\":{\"@id\":\"https:\\\/\\\/aktialiiga.fi\\\/naiset\\\/ajankohtaista\\\/patrik-johanson-on-grifk-uusi-paavalmentaja\\\/#primaryimage\"},\"thumbnailUrl\":\"https:\\\/\\\/aktialiiga.fi\\\/naiset\\\/wp-content\\\/uploads\\\/sites\\\/6\\\/2021\\\/04\\\/grifk_juhliipronssia.jpg\",\"keywords\":[\"GrIFK\"],\"articleSection\":[\"Ajankohtaista\"],\"inLanguage\":\"fi\"},{\"@type\":\"WebPage\",\"@id\":\"https:\\\/\\\/aktialiiga.fi\\\/naiset\\\/ajankohtaista\\\/patrik-johanson-on-grifk-uusi-paavalmentaja\\\/\",\"url\":\"https:\\\/\\\/aktialiiga.fi\\\/naiset\\\/ajankohtaista\\\/patrik-johanson-on-grifk-uusi-paavalmentaja\\\/\",\"name\":\"Patrik Johanson on GrIFK:n uusi p\u00e4\u00e4valmentaja | K\u00e4sipallon naisten Aktialiiga\",\"isPartOf\":{\"@id\":\"https:\\\/\\\/aktialiiga.fi\\\/naiset\\\/#website\"},\"primaryImageOfPage\":{\"@id\":\"https:\\\/\\\/aktialiiga.fi\\\/naiset\\\/ajankohtaista\\\/patrik-johanson-on-grifk-uusi-paavalmentaja\\\/#primaryimage\"},\"image\":{\"@id\":\"https:\\\/\\\/aktialiiga.fi\\\/naiset\\\/ajankohtaista\\\/patrik-johanson-on-grifk-uusi-paavalmentaja\\\/#primaryimage\"},\"thumbnailUrl\":\"https:\\\/\\\/aktialiiga.fi\\\/naiset\\\/wp-content\\\/uploads\\\/sites\\\/6\\\/2021\\\/04\\\/grifk_juhliipronssia.jpg\",\"datePublished\":\"2021-05-20T11:53:50+00:00\",\"dateModified\":\"2021-05-28T19:20:19+00:00\",\"breadcrumb\":{\"@id\":\"https:\\\/\\\/aktialiiga.fi\\\/naiset\\\/ajankohtaista\\\/patrik-johanson-on-grifk-uusi-paavalmentaja\\\/#breadcrumb\"},\"inLanguage\":\"fi\",\"potentialAction\":[{\"@type\":\"ReadAction\",\"target\":[\"https:\\\/\\\/aktialiiga.fi\\\/naiset\\\/ajankohtaista\\\/patrik-johanson-on-grifk-uusi-paavalmentaja\\\/\"]}]},{\"@type\":\"ImageObject\",\"inLanguage\":\"fi\",\"@id\":\"https:\\\/\\\/aktialiiga.fi\\\/naiset\\\/ajankohtaista\\\/patrik-johanson-on-grifk-uusi-paavalmentaja\\\/#primaryimage\",\"url\":\"https:\\\/\\\/aktialiiga.fi\\\/naiset\\\/wp-content\\\/uploads\\\/sites\\\/6\\\/2021\\\/04\\\/grifk_juhliipronssia.jpg\",\"contentUrl\":\"https:\\\/\\\/aktialiiga.fi\\\/naiset\\\/wp-content\\\/uploads\\\/sites\\\/6\\\/2021\\\/04\\\/grifk_juhliipronssia.jpg\",\"width\":1200,\"height\":800,\"caption\":\"GrIFK voittaa pronssia k\u00e4sipallon naisten SM-sarjan 2. pronssiottelussa GrIFK - KyIF Kauniaisten palloiluhallissa 24. huhtikuuta 2021. (Tomi H\u00e4nninen\\\/Newspix24)\"},{\"@type\":\"BreadcrumbList\",\"@id\":\"https:\\\/\\\/aktialiiga.fi\\\/naiset\\\/ajankohtaista\\\/patrik-johanson-on-grifk-uusi-paavalmentaja\\\/#breadcrumb\",\"itemListElement\":[{\"@type\":\"ListItem\",\"position\":1,\"name\":\"Etusivu\",\"item\":\"https:\\\/\\\/aktialiiga.fi\\\/naiset\\\/\"},{\"@type\":\"ListItem\",\"position\":2,\"name\":\"Patrik Johanson on GrIFK:n uusi p\u00e4\u00e4valmentaja\"}]},{\"@type\":\"WebSite\",\"@id\":\"https:\\\/\\\/aktialiiga.fi\\\/naiset\\\/#website\",\"url\":\"https:\\\/\\\/aktialiiga.fi\\\/naiset\\\/\",\"name\":\"K\u00e4sipallon naisten Aktialiiga\",\"description\":\"Valtakunnan vauhdikkainta palloilua!\",\"publisher\":{\"@id\":\"https:\\\/\\\/aktialiiga.fi\\\/naiset\\\/#organization\"},\"potentialAction\":[{\"@type\":\"SearchAction\",\"target\":{\"@type\":\"EntryPoint\",\"urlTemplate\":\"https:\\\/\\\/aktialiiga.fi\\\/naiset\\\/?s={search_term_string}\"},\"query-input\":{\"@type\":\"PropertyValueSpecification\",\"valueRequired\":true,\"valueName\":\"search_term_string\"}}],\"inLanguage\":\"fi\"},{\"@type\":\"Organization\",\"@id\":\"https:\\\/\\\/aktialiiga.fi\\\/naiset\\\/#organization\",\"name\":\"K\u00e4sipallon naisten Aktialiiga\",\"url\":\"https:\\\/\\\/aktialiiga.fi\\\/naiset\\\/\",\"logo\":{\"@type\":\"ImageObject\",\"inLanguage\":\"fi\",\"@id\":\"https:\\\/\\\/aktialiiga.fi\\\/naiset\\\/#\\\/schema\\\/logo\\\/image\\\/\",\"url\":\"https:\\\/\\\/aktialiiga.fi\\\/naiset\\\/wp-content\\\/uploads\\\/sites\\\/6\\\/2024\\\/09\\\/Aktialiiga-Yoast-512.png\",\"contentUrl\":\"https:\\\/\\\/aktialiiga.fi\\\/naiset\\\/wp-content\\\/uploads\\\/sites\\\/6\\\/2024\\\/09\\\/Aktialiiga-Yoast-512.png\",\"width\":512,\"height\":512,\"caption\":\"K\u00e4sipallon naisten Aktialiiga\"},\"image\":{\"@id\":\"https:\\\/\\\/aktialiiga.fi\\\/naiset\\\/#\\\/schema\\\/logo\\\/image\\\/\"},\"sameAs\":[\"https:\\\/\\\/www.facebook.com\\\/finnhandball\",\"https:\\\/\\\/x.com\\\/finnhandball\",\"https:\\\/\\\/www.instagram.com\\\/handballfinland\\\/\"]},{\"@type\":\"Person\",\"@id\":\"https:\\\/\\\/aktialiiga.fi\\\/naiset\\\/#\\\/schema\\\/person\\\/c14bf42f47041db74603c45afcb18d87\",\"name\":\"tbrmedia\",\"image\":{\"@type\":\"ImageObject\",\"inLanguage\":\"fi\",\"@id\":\"https:\\\/\\\/secure.gravatar.com\\\/avatar\\\/ee975fa091fe581d12b60debb3439022686618368a7c142044c56724d4666b16?s=96&d=mm&r=g\",\"url\":\"https:\\\/\\\/secure.gravatar.com\\\/avatar\\\/ee975fa091fe581d12b60debb3439022686618368a7c142044c56724d4666b16?s=96&d=mm&r=g\",\"contentUrl\":\"https:\\\/\\\/secure.gravatar.com\\\/avatar\\\/ee975fa091fe581d12b60debb3439022686618368a7c142044c56724d4666b16?s=96&d=mm&r=g\",\"caption\":\"tbrmedia\"}}]}<\/script>\n<!-- \/ Yoast SEO plugin. -->","yoast_head_json":{"title":"Patrik Johanson on GrIFK:n uusi p\u00e4\u00e4valmentaja | K\u00e4sipallon naisten Aktialiiga","robots":{"index":"index","follow":"follow","max-snippet":"max-snippet:-1","max-image-preview":"max-image-preview:large","max-video-preview":"max-video-preview:-1"},"canonical":"https:\/\/aktialiiga.fi\/naiset\/ajankohtaista\/patrik-johanson-on-grifk-uusi-paavalmentaja\/","og_locale":"fi_FI","og_type":"article","og_title":"Patrik Johanson on GrIFK:n uusi p\u00e4\u00e4valmentaja | K\u00e4sipallon naisten Aktialiiga","og_description":"Patrik \u201dPava\u201d Johansonilla on vakuuttava ja pitk\u00e4 kansainv\u00e4linen k\u00e4sipalloura. \u201cSensaatio\u201d kirjoitti Yle Urheilu, kun Johanson pestattiin Ruotsista GrIFK Elitin riveihin vuonna 2017. Nyt on uuden k\u00e4sipallouran aika ja Johansonin vankka kokemus huipputason k\u00e4sipalloilijana vie eteenp\u00e4in sek\u00e4 Grankulla IFK:n naisten joukkuetta ett\u00e4 suomalaista k\u00e4sipalloa. Patrik Johanson on ehtinyt valmentaa oman pelaamisensa ohessa GrIFK:n juniorijoukkueita mm. A-poikia, [&hellip;]","og_url":"https:\/\/aktialiiga.fi\/naiset\/ajankohtaista\/patrik-johanson-on-grifk-uusi-paavalmentaja\/","og_site_name":"K\u00e4sipallon naisten Aktialiiga","article_publisher":"https:\/\/www.facebook.com\/finnhandball","article_published_time":"2021-05-20T11:53:50+00:00","article_modified_time":"2021-05-28T19:20:19+00:00","og_image":[{"width":1200,"height":800,"url":"https:\/\/aktialiiga.fi\/naiset\/wp-content\/uploads\/sites\/6\/2021\/04\/grifk_juhliipronssia.jpg","type":"image\/jpeg"}],"author":"tbrmedia","twitter_card":"summary_large_image","twitter_creator":"@finnhandball","twitter_site":"@finnhandball","schema":{"@context":"https:\/\/schema.org","@graph":[{"@type":"Article","@id":"https:\/\/aktialiiga.fi\/naiset\/ajankohtaista\/patrik-johanson-on-grifk-uusi-paavalmentaja\/#article","isPartOf":{"@id":"https:\/\/aktialiiga.fi\/naiset\/ajankohtaista\/patrik-johanson-on-grifk-uusi-paavalmentaja\/"},"author":{"name":"tbrmedia","@id":"https:\/\/aktialiiga.fi\/naiset\/#\/schema\/person\/c14bf42f47041db74603c45afcb18d87"},"headline":"Patrik Johanson on GrIFK:n uusi p\u00e4\u00e4valmentaja","datePublished":"2021-05-20T11:53:50+00:00","dateModified":"2021-05-28T19:20:19+00:00","mainEntityOfPage":{"@id":"https:\/\/aktialiiga.fi\/naiset\/ajankohtaista\/patrik-johanson-on-grifk-uusi-paavalmentaja\/"},"wordCount":324,"publisher":{"@id":"https:\/\/aktialiiga.fi\/naiset\/#organization"},"image":{"@id":"https:\/\/aktialiiga.fi\/naiset\/ajankohtaista\/patrik-johanson-on-grifk-uusi-paavalmentaja\/#primaryimage"},"thumbnailUrl":"https:\/\/aktialiiga.fi\/naiset\/wp-content\/uploads\/sites\/6\/2021\/04\/grifk_juhliipronssia.jpg","keywords":["GrIFK"],"articleSection":["Ajankohtaista"],"inLanguage":"fi"},{"@type":"WebPage","@id":"https:\/\/aktialiiga.fi\/naiset\/ajankohtaista\/patrik-johanson-on-grifk-uusi-paavalmentaja\/","url":"https:\/\/aktialiiga.fi\/naiset\/ajankohtaista\/patrik-johanson-on-grifk-uusi-paavalmentaja\/","name":"Patrik Johanson on GrIFK:n uusi p\u00e4\u00e4valmentaja | K\u00e4sipallon naisten Aktialiiga","isPartOf":{"@id":"https:\/\/aktialiiga.fi\/naiset\/#website"},"primaryImageOfPage":{"@id":"https:\/\/aktialiiga.fi\/naiset\/ajankohtaista\/patrik-johanson-on-grifk-uusi-paavalmentaja\/#primaryimage"},"image":{"@id":"https:\/\/aktialiiga.fi\/naiset\/ajankohtaista\/patrik-johanson-on-grifk-uusi-paavalmentaja\/#primaryimage"},"thumbnailUrl":"https:\/\/aktialiiga.fi\/naiset\/wp-content\/uploads\/sites\/6\/2021\/04\/grifk_juhliipronssia.jpg","datePublished":"2021-05-20T11:53:50+00:00","dateModified":"2021-05-28T19:20:19+00:00","breadcrumb":{"@id":"https:\/\/aktialiiga.fi\/naiset\/ajankohtaista\/patrik-johanson-on-grifk-uusi-paavalmentaja\/#breadcrumb"},"inLanguage":"fi","potentialAction":[{"@type":"ReadAction","target":["https:\/\/aktialiiga.fi\/naiset\/ajankohtaista\/patrik-johanson-on-grifk-uusi-paavalmentaja\/"]}]},{"@type":"ImageObject","inLanguage":"fi","@id":"https:\/\/aktialiiga.fi\/naiset\/ajankohtaista\/patrik-johanson-on-grifk-uusi-paavalmentaja\/#primaryimage","url":"https:\/\/aktialiiga.fi\/naiset\/wp-content\/uploads\/sites\/6\/2021\/04\/grifk_juhliipronssia.jpg","contentUrl":"https:\/\/aktialiiga.fi\/naiset\/wp-content\/uploads\/sites\/6\/2021\/04\/grifk_juhliipronssia.jpg","width":1200,"height":800,"caption":"GrIFK voittaa pronssia k\u00e4sipallon naisten SM-sarjan 2. pronssiottelussa GrIFK - KyIF Kauniaisten palloiluhallissa 24. huhtikuuta 2021. (Tomi H\u00e4nninen\/Newspix24)"},{"@type":"BreadcrumbList","@id":"https:\/\/aktialiiga.fi\/naiset\/ajankohtaista\/patrik-johanson-on-grifk-uusi-paavalmentaja\/#breadcrumb","itemListElement":[{"@type":"ListItem","position":1,"name":"Etusivu","item":"https:\/\/aktialiiga.fi\/naiset\/"},{"@type":"ListItem","position":2,"name":"Patrik Johanson on GrIFK:n uusi p\u00e4\u00e4valmentaja"}]},{"@type":"WebSite","@id":"https:\/\/aktialiiga.fi\/naiset\/#website","url":"https:\/\/aktialiiga.fi\/naiset\/","name":"K\u00e4sipallon naisten Aktialiiga","description":"Valtakunnan vauhdikkainta palloilua!","publisher":{"@id":"https:\/\/aktialiiga.fi\/naiset\/#organization"},"potentialAction":[{"@type":"SearchAction","target":{"@type":"EntryPoint","urlTemplate":"https:\/\/aktialiiga.fi\/naiset\/?s={search_term_string}"},"query-input":{"@type":"PropertyValueSpecification","valueRequired":true,"valueName":"search_term_string"}}],"inLanguage":"fi"},{"@type":"Organization","@id":"https:\/\/aktialiiga.fi\/naiset\/#organization","name":"K\u00e4sipallon naisten Aktialiiga","url":"https:\/\/aktialiiga.fi\/naiset\/","logo":{"@type":"ImageObject","inLanguage":"fi","@id":"https:\/\/aktialiiga.fi\/naiset\/#\/schema\/logo\/image\/","url":"https:\/\/aktialiiga.fi\/naiset\/wp-content\/uploads\/sites\/6\/2024\/09\/Aktialiiga-Yoast-512.png","contentUrl":"https:\/\/aktialiiga.fi\/naiset\/wp-content\/uploads\/sites\/6\/2024\/09\/Aktialiiga-Yoast-512.png","width":512,"height":512,"caption":"K\u00e4sipallon naisten Aktialiiga"},"image":{"@id":"https:\/\/aktialiiga.fi\/naiset\/#\/schema\/logo\/image\/"},"sameAs":["https:\/\/www.facebook.com\/finnhandball","https:\/\/x.com\/finnhandball","https:\/\/www.instagram.com\/handballfinland\/"]},{"@type":"Person","@id":"https:\/\/aktialiiga.fi\/naiset\/#\/schema\/person\/c14bf42f47041db74603c45afcb18d87","name":"tbrmedia","image":{"@type":"ImageObject","inLanguage":"fi","@id":"https:\/\/secure.gravatar.com\/avatar\/ee975fa091fe581d12b60debb3439022686618368a7c142044c56724d4666b16?s=96&d=mm&r=g","url":"https:\/\/secure.gravatar.com\/avatar\/ee975fa091fe581d12b60debb3439022686618368a7c142044c56724d4666b16?s=96&d=mm&r=g","contentUrl":"https:\/\/secure.gravatar.com\/avatar\/ee975fa091fe581d12b60debb3439022686618368a7c142044c56724d4666b16?s=96&d=mm&r=g","caption":"tbrmedia"}}]}},"jetpack_featured_media_url":"https:\/\/aktialiiga.fi\/naiset\/wp-content\/uploads\/sites\/6\/2021\/04\/grifk_juhliipronssia.jpg","jetpack_sharing_enabled":true,"jetpack_shortlink":"https:\/\/wp.me\/pfYhm6-5FS","_links":{"self":[{"href":"https:\/\/aktialiiga.fi\/naiset\/wp-json\/wp\/v2\/posts\/21816","targetHints":{"allow":["GET"]}}],"collection":[{"href":"https:\/\/aktialiiga.fi\/naiset\/wp-json\/wp\/v2\/posts"}],"about":[{"href":"https:\/\/aktialiiga.fi\/naiset\/wp-json\/wp\/v2\/types\/post"}],"author":[{"embeddable":true,"href":"https:\/\/aktialiiga.fi\/naiset\/wp-json\/wp\/v2\/users\/13"}],"replies":[{"embeddable":true,"href":"https:\/\/aktialiiga.fi\/naiset\/wp-json\/wp\/v2\/comments?post=21816"}],"version-history":[{"count":0,"href":"https:\/\/aktialiiga.fi\/naiset\/wp-json\/wp\/v2\/posts\/21816\/revisions"}],"wp:featuredmedia":[{"embeddable":true,"href":"https:\/\/aktialiiga.fi\/naiset\/wp-json\/wp\/v2\/media\/21775"}],"wp:attachment":[{"href":"https:\/\/aktialiiga.fi\/naiset\/wp-json\/wp\/v2\/media?parent=21816"}],"wp:term":[{"taxonomy":"category","embeddable":true,"href":"https:\/\/aktialiiga.fi\/naiset\/wp-json\/wp\/v2\/categories?post=21816"},{"taxonomy":"post_tag","embeddable":true,"href":"https:\/\/aktialiiga.fi\/naiset\/wp-json\/wp\/v2\/tags?post=21816"}],"curies":[{"name":"wp","href":"https:\/\/api.w.org\/{rel}","templated":true}]}}