{"id":2239,"date":"2012-04-16T21:28:29","date_gmt":"2012-04-16T18:28:29","guid":{"rendered":"https:\/\/www.finnhandball.net\/nsm\/?p=2239"},"modified":"2024-08-28T18:31:38","modified_gmt":"2024-08-28T15:31:38","slug":"grifk-ryosti-itselleen-kotiedun-valierasarjassa","status":"publish","type":"post","link":"https:\/\/aktialiiga.fi\/naiset\/2011-2012\/ottelut\/grifk-ryosti-itselleen-kotiedun-valierasarjassa\/","title":{"rendered":"GrIFK ry\u00f6sti itselleen kotiedun v\u00e4lier\u00e4sarjassa"},"content":{"rendered":"<p><strong>Sparta IF kaatui ottelusarjan kolmannessa peliss\u00e4 Pirkkolassa <\/strong><strong>maalein\u00a025 \u2013 32 ( 12 \u2013 14 ).\u00a0Loppuottelupaikka on granille katkolla tiistaina Kauniaisten luolassa.<\/strong><\/p>\n<p><!--more--><\/p>\n<p>Edellist\u00e4 ottelua leimanneet tekniset virheet v\u00e4heniv\u00e4t kummallakin ryhm\u00e4ll\u00e4 huomattavasti. Ottelussa\u00a0edettiin muutaman minuutin jaksoissa ilman maaleja ja sitten per\u00e4\u00e4n p\u00e4tk\u00e4 miss\u00e4 verkot laitettiin t\u00f6tt\u00f6r\u00f6lle oikein olan takaa.\u00a0Peli oli kaikin puolin keskittyneemp\u00e4\u00e4 kuin Kauniaisissa lauantaina.<\/p>\n<p>GrIFK:n noustua ensimm\u00e4isen kerran johtoasemaan Bettina Lillqvistin 4-5 maalilla, vieraat eiv\u00e4t en\u00e4\u00e4 kertaakaan menett\u00e4neet johtoasemaansa ottelun aikana.\u00a0T\u00e4ll\u00e4 kertaa Sparta sai vierasjoukkueen vaaralliset kotraukset enimm\u00e4k\u00e4seen eliminoitua ja ratkaisut hy\u00f6kk\u00e4ysp\u00e4\u00e4ss\u00e4 tulivatkin vierasjoukkueelta p\u00e4\u00e4osin takapelaajien toimesta.<\/p>\n<p>Maalivahdin varmat otteet ja toimiva asemapeli riitti selv\u00e4hk\u00f6\u00f6n voittoon.<\/p>\n<p>&#8211;\u00a0Me halusimme voittoa enemm\u00e4n.\u00a0 Teimme v\u00e4hemm\u00e4n teknisi\u00e4 virheit\u00e4 ja\u00a0materiaalimme on t\u00e4ll\u00e4 hetkell\u00e4 leve\u00e4mpi. Lis\u00e4ksi Bianca pelasi maalissa erinomaisesti,\u00a0varsinkin ensimm\u00e4isen puoliajan, GrIFK:n p\u00e4\u00e4valmentaja Gustaf Ahlroos sanoi.<\/p>\n<p>Kotijoukkue ei kuitenkaan luovuttanut miss\u00e4\u00e4n vaiheessa, loukkaantumisten runtelema ryhm\u00e4 laittoi kaiken rajallisesta materiaalistaan peliin. Spartan materiaali ei vain riit\u00e4 jos ja kun GrIFK pystyy pelaamaan n\u00e4in vahvaa joukkuepeli\u00e4, jossa vahvojen yksil\u00f6iden parhaat avut nousevat esiin.\u00a0Spartan k\u00e4skytt\u00e4j\u00e4 Jani Vaskola toivoi tiistailta tasapainoisempaa esityst\u00e4, kun joukkue pelaa selk\u00e4 sein\u00e4\u00e4 vasten.<\/p>\n<p>-Lauantaina unohdettiin hy\u00f6k\u00e4t\u00e4 ja t\u00e4n\u00e4\u00e4n puolustaa. Huomenna pit\u00e4\u00e4\u00a0molempien toimia.<\/p>\n<p>Toinen jakso n\u00e4ytti miksi juuri GrIFK lasketaan yll\u00e4tysvalmiiksi, kun haetaan loppuottelujoukkueita.\u00a0Peli kehittyi koko ajan, ratkaisijoita tuli aina vain lev\u00e4mm\u00e4ll\u00e4 arsenaalilla ja kaikesta paistoi halu ly\u00f6d\u00e4 se viimeinenkin naula Spartan arkkuun. Johanna Hilli viimeisteli kuudesti ja valittiin pelin vakuuttavimmaksi.<\/p>\n<p>-Puolustimme alusta asti hyvin ja hy\u00f6kk\u00e4yksemme parani pelin kuluessa.\u00a0Ei annettu miss\u00e4\u00e4n vaiheessa periksi. Lis\u00e4ksi maalivahtipelimme oli hyv\u00e4\u00e4.<\/p>\n<p>Ottelusarja on siis tiistaina katkolla Kauniaisissa kotijoukkue GrIFK:lle. Aivan mielet\u00f6n yll\u00e4tys ei granin voitto olisi n\u00e4hdyill\u00e4 peliesityksill\u00e4.<\/p>\n<p>&nbsp;<\/p>\n<p><strong>Viisi t\u00e4rppi\u00e4 tiistaille<\/strong><\/p>\n<p>Ottiko GrIFK henkisen niskalenkin?<\/p>\n<p>Jatkaako joukkue pelillisesti nousujohteisesti?<\/p>\n<p>Palautuminen isossa roolissa, kun pelataan per\u00e4kk\u00e4isin\u00e4 p\u00e4ivin\u00e4.<\/p>\n<p>Pystyyk\u00f6 Sparta nostamaan viel\u00e4 tasoaan?<\/p>\n<p>Spartan oltava hereill\u00e4 heti ottelun alussa.<\/p>\n<p>&nbsp;<\/p>\n<p><strong>Maalintekij\u00e4t<\/strong><\/p>\n<p>Sparta: Sara J\u00e4ntti 7, Katri Koskela 6, Jessica Hallio 5, Carolina B\u00f6ckelman 2, Hanna\u00a0Heiskanen 2, Raita Heiskanen 2, Erika Tanner 1.<\/p>\n<p>GrIFK: Emma Selin 7, Johanna Hilli 6, Bettina Lillqvist 6, Martina Genberg 6, Christina\u00a0Rehnberg 2, Hanna Wilkman 2, Jessica Roos 1, Kati Piironen 1, Maaria\u00a0P\u00f6ldver 1.<\/p>\n<p><strong>L\u00e4hivakuutus T\u00e4hdet\u00a0<a rel=\"attachment wp-att-2268\" href=\"https:\/\/www.finnhandball.net\/nsm\/2011-2012\/ottelut\/grifk-ryosti-itselleen-kotiedun-valierasarjassa\/attachment\/johanna-hilli\/\"><img decoding=\"async\" class=\"alignright size-full wp-image-2268\" title=\"johanna hilli\" src=\"https:\/\/sarja.finnhandball.net\/wp-content\/uploads\/sites\/6\/2012\/04\/johanna-hilli.jpg\" alt=\"\" width=\"204\" height=\"295\" \/><\/a><\/strong><\/p>\n<p>*** Johanna Hilli, GrIFK<\/p>\n<p>** Sara J\u00e4ntti, Sparta<\/p>\n<p>* Emma Selin, GrIFK<\/p>\n<p><strong><br \/>\n<\/strong><\/p>\n<p><strong><br \/>\n<\/strong><\/p>\n<p>&nbsp;<\/p>\n","protected":false},"excerpt":{"rendered":"<p>Sparta IF kaatui ottelusarjan kolmannessa peliss\u00e4 Pirkkolassa maalein\u00a025 \u2013 32 ( 12 \u2013 14 ).\u00a0Loppuottelupaikka on granille katkolla tiistaina Kauniaisten luolassa.<\/p>\n","protected":false},"author":13,"featured_media":61,"comment_status":"closed","ping_status":"closed","sticky":false,"template":"","format":"standard","meta":{"_acf_changed":false,"jetpack_post_was_ever_published":false,"_jetpack_newsletter_access":"","_jetpack_dont_email_post_to_subs":false,"_jetpack_newsletter_tier_id":0,"_jetpack_memberships_contains_paywalled_content":false,"_jetpack_memberships_contains_paid_content":false,"footnotes":""},"categories":[16],"tags":[57,84],"class_list":["post-2239","post","type-post","status-publish","format-standard","has-post-thumbnail","hentry","category-ottelut","tag-grifk","tag-sparta"],"acf":[],"yoast_head":"<!-- This site is optimized with the Yoast SEO plugin v27.5 - https:\/\/yoast.com\/product\/yoast-seo-wordpress\/ -->\n<title>GrIFK ry\u00f6sti itselleen kotiedun v\u00e4lier\u00e4sarjassa | K\u00e4sipallon naisten Aktialiiga<\/title>\n<meta name=\"robots\" content=\"index, follow, max-snippet:-1, max-image-preview:large, max-video-preview:-1\" \/>\n<link rel=\"canonical\" href=\"https:\/\/aktialiiga.fi\/naiset\/2011-2012\/ottelut\/grifk-ryosti-itselleen-kotiedun-valierasarjassa\/\" \/>\n<meta property=\"og:locale\" content=\"fi_FI\" \/>\n<meta property=\"og:type\" content=\"article\" \/>\n<meta property=\"og:title\" content=\"GrIFK ry\u00f6sti itselleen kotiedun v\u00e4lier\u00e4sarjassa | K\u00e4sipallon naisten Aktialiiga\" \/>\n<meta property=\"og:description\" content=\"Sparta IF kaatui ottelusarjan kolmannessa peliss\u00e4 Pirkkolassa maalein\u00a025 \u2013 32 ( 12 \u2013 14 ).\u00a0Loppuottelupaikka on granille katkolla tiistaina Kauniaisten luolassa.\" \/>\n<meta property=\"og:url\" content=\"https:\/\/aktialiiga.fi\/naiset\/2011-2012\/ottelut\/grifk-ryosti-itselleen-kotiedun-valierasarjassa\/\" \/>\n<meta property=\"og:site_name\" content=\"K\u00e4sipallon naisten Aktialiiga\" \/>\n<meta property=\"article:publisher\" content=\"https:\/\/www.facebook.com\/finnhandball\" \/>\n<meta property=\"article:published_time\" content=\"2012-04-16T18:28:29+00:00\" \/>\n<meta property=\"article:modified_time\" content=\"2024-08-28T15:31:38+00:00\" \/>\n<meta property=\"og:image\" content=\"https:\/\/aktialiiga.fi\/naiset\/wp-content\/uploads\/sites\/6\/2011\/08\/logo-grifk.gif\" \/>\n\t<meta property=\"og:image:width\" content=\"95\" \/>\n\t<meta property=\"og:image:height\" content=\"115\" \/>\n\t<meta property=\"og:image:type\" content=\"image\/gif\" \/>\n<meta name=\"author\" content=\"tbrmedia\" \/>\n<meta name=\"twitter:card\" content=\"summary_large_image\" \/>\n<meta name=\"twitter:creator\" content=\"@finnhandball\" \/>\n<meta name=\"twitter:site\" content=\"@finnhandball\" \/>\n<script type=\"application\/ld+json\" class=\"yoast-schema-graph\">{\"@context\":\"https:\\\/\\\/schema.org\",\"@graph\":[{\"@type\":\"Article\",\"@id\":\"https:\\\/\\\/aktialiiga.fi\\\/naiset\\\/2011-2012\\\/ottelut\\\/grifk-ryosti-itselleen-kotiedun-valierasarjassa\\\/#article\",\"isPartOf\":{\"@id\":\"https:\\\/\\\/aktialiiga.fi\\\/naiset\\\/2011-2012\\\/ottelut\\\/grifk-ryosti-itselleen-kotiedun-valierasarjassa\\\/\"},\"author\":{\"name\":\"tbrmedia\",\"@id\":\"https:\\\/\\\/aktialiiga.fi\\\/naiset\\\/#\\\/schema\\\/person\\\/c14bf42f47041db74603c45afcb18d87\"},\"headline\":\"GrIFK ry\u00f6sti itselleen kotiedun v\u00e4lier\u00e4sarjassa\",\"datePublished\":\"2012-04-16T18:28:29+00:00\",\"dateModified\":\"2024-08-28T15:31:38+00:00\",\"mainEntityOfPage\":{\"@id\":\"https:\\\/\\\/aktialiiga.fi\\\/naiset\\\/2011-2012\\\/ottelut\\\/grifk-ryosti-itselleen-kotiedun-valierasarjassa\\\/\"},\"wordCount\":403,\"publisher\":{\"@id\":\"https:\\\/\\\/aktialiiga.fi\\\/naiset\\\/#organization\"},\"image\":{\"@id\":\"https:\\\/\\\/aktialiiga.fi\\\/naiset\\\/2011-2012\\\/ottelut\\\/grifk-ryosti-itselleen-kotiedun-valierasarjassa\\\/#primaryimage\"},\"thumbnailUrl\":\"https:\\\/\\\/aktialiiga.fi\\\/naiset\\\/wp-content\\\/uploads\\\/sites\\\/6\\\/2011\\\/08\\\/logo-grifk.gif\",\"keywords\":[\"GrIFK\",\"Sparta\"],\"articleSection\":[\"Ottelut\"],\"inLanguage\":\"fi\"},{\"@type\":\"WebPage\",\"@id\":\"https:\\\/\\\/aktialiiga.fi\\\/naiset\\\/2011-2012\\\/ottelut\\\/grifk-ryosti-itselleen-kotiedun-valierasarjassa\\\/\",\"url\":\"https:\\\/\\\/aktialiiga.fi\\\/naiset\\\/2011-2012\\\/ottelut\\\/grifk-ryosti-itselleen-kotiedun-valierasarjassa\\\/\",\"name\":\"GrIFK ry\u00f6sti itselleen kotiedun v\u00e4lier\u00e4sarjassa | K\u00e4sipallon naisten Aktialiiga\",\"isPartOf\":{\"@id\":\"https:\\\/\\\/aktialiiga.fi\\\/naiset\\\/#website\"},\"primaryImageOfPage\":{\"@id\":\"https:\\\/\\\/aktialiiga.fi\\\/naiset\\\/2011-2012\\\/ottelut\\\/grifk-ryosti-itselleen-kotiedun-valierasarjassa\\\/#primaryimage\"},\"image\":{\"@id\":\"https:\\\/\\\/aktialiiga.fi\\\/naiset\\\/2011-2012\\\/ottelut\\\/grifk-ryosti-itselleen-kotiedun-valierasarjassa\\\/#primaryimage\"},\"thumbnailUrl\":\"https:\\\/\\\/aktialiiga.fi\\\/naiset\\\/wp-content\\\/uploads\\\/sites\\\/6\\\/2011\\\/08\\\/logo-grifk.gif\",\"datePublished\":\"2012-04-16T18:28:29+00:00\",\"dateModified\":\"2024-08-28T15:31:38+00:00\",\"breadcrumb\":{\"@id\":\"https:\\\/\\\/aktialiiga.fi\\\/naiset\\\/2011-2012\\\/ottelut\\\/grifk-ryosti-itselleen-kotiedun-valierasarjassa\\\/#breadcrumb\"},\"inLanguage\":\"fi\",\"potentialAction\":[{\"@type\":\"ReadAction\",\"target\":[\"https:\\\/\\\/aktialiiga.fi\\\/naiset\\\/2011-2012\\\/ottelut\\\/grifk-ryosti-itselleen-kotiedun-valierasarjassa\\\/\"]}]},{\"@type\":\"ImageObject\",\"inLanguage\":\"fi\",\"@id\":\"https:\\\/\\\/aktialiiga.fi\\\/naiset\\\/2011-2012\\\/ottelut\\\/grifk-ryosti-itselleen-kotiedun-valierasarjassa\\\/#primaryimage\",\"url\":\"https:\\\/\\\/aktialiiga.fi\\\/naiset\\\/wp-content\\\/uploads\\\/sites\\\/6\\\/2011\\\/08\\\/logo-grifk.gif\",\"contentUrl\":\"https:\\\/\\\/aktialiiga.fi\\\/naiset\\\/wp-content\\\/uploads\\\/sites\\\/6\\\/2011\\\/08\\\/logo-grifk.gif\",\"width\":95,\"height\":115,\"caption\":\"GrIFK, Kauniainen\"},{\"@type\":\"BreadcrumbList\",\"@id\":\"https:\\\/\\\/aktialiiga.fi\\\/naiset\\\/2011-2012\\\/ottelut\\\/grifk-ryosti-itselleen-kotiedun-valierasarjassa\\\/#breadcrumb\",\"itemListElement\":[{\"@type\":\"ListItem\",\"position\":1,\"name\":\"Etusivu\",\"item\":\"https:\\\/\\\/aktialiiga.fi\\\/naiset\\\/\"},{\"@type\":\"ListItem\",\"position\":2,\"name\":\"GrIFK ry\u00f6sti itselleen kotiedun v\u00e4lier\u00e4sarjassa\"}]},{\"@type\":\"WebSite\",\"@id\":\"https:\\\/\\\/aktialiiga.fi\\\/naiset\\\/#website\",\"url\":\"https:\\\/\\\/aktialiiga.fi\\\/naiset\\\/\",\"name\":\"K\u00e4sipallon naisten Aktialiiga\",\"description\":\"Valtakunnan vauhdikkainta palloilua!\",\"publisher\":{\"@id\":\"https:\\\/\\\/aktialiiga.fi\\\/naiset\\\/#organization\"},\"potentialAction\":[{\"@type\":\"SearchAction\",\"target\":{\"@type\":\"EntryPoint\",\"urlTemplate\":\"https:\\\/\\\/aktialiiga.fi\\\/naiset\\\/?s={search_term_string}\"},\"query-input\":{\"@type\":\"PropertyValueSpecification\",\"valueRequired\":true,\"valueName\":\"search_term_string\"}}],\"inLanguage\":\"fi\"},{\"@type\":\"Organization\",\"@id\":\"https:\\\/\\\/aktialiiga.fi\\\/naiset\\\/#organization\",\"name\":\"K\u00e4sipallon naisten Aktialiiga\",\"url\":\"https:\\\/\\\/aktialiiga.fi\\\/naiset\\\/\",\"logo\":{\"@type\":\"ImageObject\",\"inLanguage\":\"fi\",\"@id\":\"https:\\\/\\\/aktialiiga.fi\\\/naiset\\\/#\\\/schema\\\/logo\\\/image\\\/\",\"url\":\"https:\\\/\\\/aktialiiga.fi\\\/naiset\\\/wp-content\\\/uploads\\\/sites\\\/6\\\/2024\\\/09\\\/Aktialiiga-Yoast-512.png\",\"contentUrl\":\"https:\\\/\\\/aktialiiga.fi\\\/naiset\\\/wp-content\\\/uploads\\\/sites\\\/6\\\/2024\\\/09\\\/Aktialiiga-Yoast-512.png\",\"width\":512,\"height\":512,\"caption\":\"K\u00e4sipallon naisten Aktialiiga\"},\"image\":{\"@id\":\"https:\\\/\\\/aktialiiga.fi\\\/naiset\\\/#\\\/schema\\\/logo\\\/image\\\/\"},\"sameAs\":[\"https:\\\/\\\/www.facebook.com\\\/finnhandball\",\"https:\\\/\\\/x.com\\\/finnhandball\",\"https:\\\/\\\/www.instagram.com\\\/handballfinland\\\/\"]},{\"@type\":\"Person\",\"@id\":\"https:\\\/\\\/aktialiiga.fi\\\/naiset\\\/#\\\/schema\\\/person\\\/c14bf42f47041db74603c45afcb18d87\",\"name\":\"tbrmedia\",\"image\":{\"@type\":\"ImageObject\",\"inLanguage\":\"fi\",\"@id\":\"https:\\\/\\\/secure.gravatar.com\\\/avatar\\\/ee975fa091fe581d12b60debb3439022686618368a7c142044c56724d4666b16?s=96&d=mm&r=g\",\"url\":\"https:\\\/\\\/secure.gravatar.com\\\/avatar\\\/ee975fa091fe581d12b60debb3439022686618368a7c142044c56724d4666b16?s=96&d=mm&r=g\",\"contentUrl\":\"https:\\\/\\\/secure.gravatar.com\\\/avatar\\\/ee975fa091fe581d12b60debb3439022686618368a7c142044c56724d4666b16?s=96&d=mm&r=g\",\"caption\":\"tbrmedia\"}}]}<\/script>\n<!-- \/ Yoast SEO plugin. -->","yoast_head_json":{"title":"GrIFK ry\u00f6sti itselleen kotiedun v\u00e4lier\u00e4sarjassa | K\u00e4sipallon naisten Aktialiiga","robots":{"index":"index","follow":"follow","max-snippet":"max-snippet:-1","max-image-preview":"max-image-preview:large","max-video-preview":"max-video-preview:-1"},"canonical":"https:\/\/aktialiiga.fi\/naiset\/2011-2012\/ottelut\/grifk-ryosti-itselleen-kotiedun-valierasarjassa\/","og_locale":"fi_FI","og_type":"article","og_title":"GrIFK ry\u00f6sti itselleen kotiedun v\u00e4lier\u00e4sarjassa | K\u00e4sipallon naisten Aktialiiga","og_description":"Sparta IF kaatui ottelusarjan kolmannessa peliss\u00e4 Pirkkolassa maalein\u00a025 \u2013 32 ( 12 \u2013 14 ).\u00a0Loppuottelupaikka on granille katkolla tiistaina Kauniaisten luolassa.","og_url":"https:\/\/aktialiiga.fi\/naiset\/2011-2012\/ottelut\/grifk-ryosti-itselleen-kotiedun-valierasarjassa\/","og_site_name":"K\u00e4sipallon naisten Aktialiiga","article_publisher":"https:\/\/www.facebook.com\/finnhandball","article_published_time":"2012-04-16T18:28:29+00:00","article_modified_time":"2024-08-28T15:31:38+00:00","og_image":[{"width":95,"height":115,"url":"https:\/\/aktialiiga.fi\/naiset\/wp-content\/uploads\/sites\/6\/2011\/08\/logo-grifk.gif","type":"image\/gif"}],"author":"tbrmedia","twitter_card":"summary_large_image","twitter_creator":"@finnhandball","twitter_site":"@finnhandball","schema":{"@context":"https:\/\/schema.org","@graph":[{"@type":"Article","@id":"https:\/\/aktialiiga.fi\/naiset\/2011-2012\/ottelut\/grifk-ryosti-itselleen-kotiedun-valierasarjassa\/#article","isPartOf":{"@id":"https:\/\/aktialiiga.fi\/naiset\/2011-2012\/ottelut\/grifk-ryosti-itselleen-kotiedun-valierasarjassa\/"},"author":{"name":"tbrmedia","@id":"https:\/\/aktialiiga.fi\/naiset\/#\/schema\/person\/c14bf42f47041db74603c45afcb18d87"},"headline":"GrIFK ry\u00f6sti itselleen kotiedun v\u00e4lier\u00e4sarjassa","datePublished":"2012-04-16T18:28:29+00:00","dateModified":"2024-08-28T15:31:38+00:00","mainEntityOfPage":{"@id":"https:\/\/aktialiiga.fi\/naiset\/2011-2012\/ottelut\/grifk-ryosti-itselleen-kotiedun-valierasarjassa\/"},"wordCount":403,"publisher":{"@id":"https:\/\/aktialiiga.fi\/naiset\/#organization"},"image":{"@id":"https:\/\/aktialiiga.fi\/naiset\/2011-2012\/ottelut\/grifk-ryosti-itselleen-kotiedun-valierasarjassa\/#primaryimage"},"thumbnailUrl":"https:\/\/aktialiiga.fi\/naiset\/wp-content\/uploads\/sites\/6\/2011\/08\/logo-grifk.gif","keywords":["GrIFK","Sparta"],"articleSection":["Ottelut"],"inLanguage":"fi"},{"@type":"WebPage","@id":"https:\/\/aktialiiga.fi\/naiset\/2011-2012\/ottelut\/grifk-ryosti-itselleen-kotiedun-valierasarjassa\/","url":"https:\/\/aktialiiga.fi\/naiset\/2011-2012\/ottelut\/grifk-ryosti-itselleen-kotiedun-valierasarjassa\/","name":"GrIFK ry\u00f6sti itselleen kotiedun v\u00e4lier\u00e4sarjassa | K\u00e4sipallon naisten Aktialiiga","isPartOf":{"@id":"https:\/\/aktialiiga.fi\/naiset\/#website"},"primaryImageOfPage":{"@id":"https:\/\/aktialiiga.fi\/naiset\/2011-2012\/ottelut\/grifk-ryosti-itselleen-kotiedun-valierasarjassa\/#primaryimage"},"image":{"@id":"https:\/\/aktialiiga.fi\/naiset\/2011-2012\/ottelut\/grifk-ryosti-itselleen-kotiedun-valierasarjassa\/#primaryimage"},"thumbnailUrl":"https:\/\/aktialiiga.fi\/naiset\/wp-content\/uploads\/sites\/6\/2011\/08\/logo-grifk.gif","datePublished":"2012-04-16T18:28:29+00:00","dateModified":"2024-08-28T15:31:38+00:00","breadcrumb":{"@id":"https:\/\/aktialiiga.fi\/naiset\/2011-2012\/ottelut\/grifk-ryosti-itselleen-kotiedun-valierasarjassa\/#breadcrumb"},"inLanguage":"fi","potentialAction":[{"@type":"ReadAction","target":["https:\/\/aktialiiga.fi\/naiset\/2011-2012\/ottelut\/grifk-ryosti-itselleen-kotiedun-valierasarjassa\/"]}]},{"@type":"ImageObject","inLanguage":"fi","@id":"https:\/\/aktialiiga.fi\/naiset\/2011-2012\/ottelut\/grifk-ryosti-itselleen-kotiedun-valierasarjassa\/#primaryimage","url":"https:\/\/aktialiiga.fi\/naiset\/wp-content\/uploads\/sites\/6\/2011\/08\/logo-grifk.gif","contentUrl":"https:\/\/aktialiiga.fi\/naiset\/wp-content\/uploads\/sites\/6\/2011\/08\/logo-grifk.gif","width":95,"height":115,"caption":"GrIFK, Kauniainen"},{"@type":"BreadcrumbList","@id":"https:\/\/aktialiiga.fi\/naiset\/2011-2012\/ottelut\/grifk-ryosti-itselleen-kotiedun-valierasarjassa\/#breadcrumb","itemListElement":[{"@type":"ListItem","position":1,"name":"Etusivu","item":"https:\/\/aktialiiga.fi\/naiset\/"},{"@type":"ListItem","position":2,"name":"GrIFK ry\u00f6sti itselleen kotiedun v\u00e4lier\u00e4sarjassa"}]},{"@type":"WebSite","@id":"https:\/\/aktialiiga.fi\/naiset\/#website","url":"https:\/\/aktialiiga.fi\/naiset\/","name":"K\u00e4sipallon naisten Aktialiiga","description":"Valtakunnan vauhdikkainta palloilua!","publisher":{"@id":"https:\/\/aktialiiga.fi\/naiset\/#organization"},"potentialAction":[{"@type":"SearchAction","target":{"@type":"EntryPoint","urlTemplate":"https:\/\/aktialiiga.fi\/naiset\/?s={search_term_string}"},"query-input":{"@type":"PropertyValueSpecification","valueRequired":true,"valueName":"search_term_string"}}],"inLanguage":"fi"},{"@type":"Organization","@id":"https:\/\/aktialiiga.fi\/naiset\/#organization","name":"K\u00e4sipallon naisten Aktialiiga","url":"https:\/\/aktialiiga.fi\/naiset\/","logo":{"@type":"ImageObject","inLanguage":"fi","@id":"https:\/\/aktialiiga.fi\/naiset\/#\/schema\/logo\/image\/","url":"https:\/\/aktialiiga.fi\/naiset\/wp-content\/uploads\/sites\/6\/2024\/09\/Aktialiiga-Yoast-512.png","contentUrl":"https:\/\/aktialiiga.fi\/naiset\/wp-content\/uploads\/sites\/6\/2024\/09\/Aktialiiga-Yoast-512.png","width":512,"height":512,"caption":"K\u00e4sipallon naisten Aktialiiga"},"image":{"@id":"https:\/\/aktialiiga.fi\/naiset\/#\/schema\/logo\/image\/"},"sameAs":["https:\/\/www.facebook.com\/finnhandball","https:\/\/x.com\/finnhandball","https:\/\/www.instagram.com\/handballfinland\/"]},{"@type":"Person","@id":"https:\/\/aktialiiga.fi\/naiset\/#\/schema\/person\/c14bf42f47041db74603c45afcb18d87","name":"tbrmedia","image":{"@type":"ImageObject","inLanguage":"fi","@id":"https:\/\/secure.gravatar.com\/avatar\/ee975fa091fe581d12b60debb3439022686618368a7c142044c56724d4666b16?s=96&d=mm&r=g","url":"https:\/\/secure.gravatar.com\/avatar\/ee975fa091fe581d12b60debb3439022686618368a7c142044c56724d4666b16?s=96&d=mm&r=g","contentUrl":"https:\/\/secure.gravatar.com\/avatar\/ee975fa091fe581d12b60debb3439022686618368a7c142044c56724d4666b16?s=96&d=mm&r=g","caption":"tbrmedia"}}]}},"jetpack_featured_media_url":"https:\/\/aktialiiga.fi\/naiset\/wp-content\/uploads\/sites\/6\/2011\/08\/logo-grifk.gif","jetpack_sharing_enabled":true,"jetpack_shortlink":"https:\/\/wp.me\/pfYhm6-A7","_links":{"self":[{"href":"https:\/\/aktialiiga.fi\/naiset\/wp-json\/wp\/v2\/posts\/2239","targetHints":{"allow":["GET"]}}],"collection":[{"href":"https:\/\/aktialiiga.fi\/naiset\/wp-json\/wp\/v2\/posts"}],"about":[{"href":"https:\/\/aktialiiga.fi\/naiset\/wp-json\/wp\/v2\/types\/post"}],"author":[{"embeddable":true,"href":"https:\/\/aktialiiga.fi\/naiset\/wp-json\/wp\/v2\/users\/13"}],"replies":[{"embeddable":true,"href":"https:\/\/aktialiiga.fi\/naiset\/wp-json\/wp\/v2\/comments?post=2239"}],"version-history":[{"count":1,"href":"https:\/\/aktialiiga.fi\/naiset\/wp-json\/wp\/v2\/posts\/2239\/revisions"}],"predecessor-version":[{"id":39818,"href":"https:\/\/aktialiiga.fi\/naiset\/wp-json\/wp\/v2\/posts\/2239\/revisions\/39818"}],"wp:featuredmedia":[{"embeddable":true,"href":"https:\/\/aktialiiga.fi\/naiset\/wp-json\/wp\/v2\/media\/61"}],"wp:attachment":[{"href":"https:\/\/aktialiiga.fi\/naiset\/wp-json\/wp\/v2\/media?parent=2239"}],"wp:term":[{"taxonomy":"category","embeddable":true,"href":"https:\/\/aktialiiga.fi\/naiset\/wp-json\/wp\/v2\/categories?post=2239"},{"taxonomy":"post_tag","embeddable":true,"href":"https:\/\/aktialiiga.fi\/naiset\/wp-json\/wp\/v2\/tags?post=2239"}],"curies":[{"name":"wp","href":"https:\/\/api.w.org\/{rel}","templated":true}]}}