{"id":22588,"date":"2021-09-17T17:51:51","date_gmt":"2021-09-17T14:51:51","guid":{"rendered":"https:\/\/aktialiiga.fi\/naiset\/?p=22588"},"modified":"2021-09-17T17:51:51","modified_gmt":"2021-09-17T14:51:51","slug":"kohti-kautta-kyif-5","status":"publish","type":"post","link":"https:\/\/aktialiiga.fi\/naiset\/kausi-2021-2022\/kohti-kautta-2021-2022\/kohti-kautta-kyif-5\/","title":{"rendered":"Kohti kautta: KyIF"},"content":{"rendered":"<p>KyIF l\u00e4htee kauteen j\u00e4lleen vuoden kokeneempana ja n\u00e4lk\u00e4isemp\u00e4n\u00e4. KyIF haluaa tosissaan nousta mukaan k\u00e4rkitaisteluun.<\/p>\n<p>KyIF:ss\u00e4 on kehitetty nuoria pelaajia k\u00e4rsiv\u00e4llisesti ja p\u00e4\u00e4valmentaja Birgitta Lindholm toivoo kasvutarinalle jatkoa my\u00f6s t\u00e4ll\u00e4 kaudella.<\/p>\n<p>&#8211; Tarkoitus olisi menn\u00e4 taas eteenp\u00e4in. Hitaasti kiiruhtaen, niin kuin sanoin viime vuonnakin. Tyt\u00f6t ovat harjoitelleet kes\u00e4ll\u00e4 hyvin ja siit\u00e4 on hyv\u00e4 jatkaa. Harjoitusottelut ovat n\u00e4ytt\u00e4neet ihan ok. Tarkoitus olisi parantaa edelleen viime vuodesta.<\/p>\n<p>Viime kaudella KyIF sijoittui sarjassa nelj\u00e4nneksi, mutta ero GrIFK:hon oli 11 pistett\u00e4 ja k\u00e4rkikaksikko ker\u00e4si yli tuplasti enemm\u00e4n pisteit\u00e4. KyIF osoitti viime kaudella potentiaaliaan, mutta nuorelta pelaajalta puuttui viel\u00e4 tasaisuutta. T\u00e4ll\u00e4 kaudella joukkue haluaa haastaa k\u00e4rkijoukkueet entist\u00e4 vahvemmin.<\/p>\n<p>&#8211; Ihan varmasti pystymme kaventamaan sit\u00e4 eroa. GrIFK:n kanssa tasasimme voitot viime kaudella 2-2. Kolmoseen ei ollut niin pitk\u00e4 matka, mutta k\u00e4rkikaksikkoon oli. Uskon, ett\u00e4 t\u00e4ll\u00e4 kaudella se ero kaventuu reilusti.<\/p>\n<p>Kokonaisuudessaan Lindholm odottaa mielenkiintoista ja tasaisempaa kautta.<\/p>\n<p>&#8211; Toivottavasti yl\u00e4kerrassa tuulisi v\u00e4h\u00e4n enemm\u00e4n ja alakerrassa olisi v\u00e4h\u00e4n enemm\u00e4n s\u00e4pin\u00e4\u00e4. Olisi kaikkien kannalta hyv\u00e4, jos sarja olisi v\u00e4h\u00e4n vahvempi, muistuttaa Lindholm.<\/p>\n<p>KyIF aloittaa kautensa sunnuntaina 19.9. kohtaamalla kotikent\u00e4ll\u00e4\u00e4n PIF:n.<\/p>\n<p>SolidSport n\u00e4ytt\u00e4\u00e4 kaikki ottelu suorina l\u00e4hetyksin\u00e4. Lis\u00e4tietoa l\u00f6ytyy <a href=\"\/naiset\/solidsport\/\"><em>t\u00e4\u00e4lt\u00e4<\/em><\/a>.<\/p>\n","protected":false},"excerpt":{"rendered":"<p>KyIF l\u00e4htee kauteen j\u00e4lleen vuoden kokeneempana ja n\u00e4lk\u00e4isemp\u00e4n\u00e4. KyIF haluaa tosissaan nousta mukaan k\u00e4rkitaisteluun. KyIF:ss\u00e4 on kehitetty nuoria pelaajia k\u00e4rsiv\u00e4llisesti ja p\u00e4\u00e4valmentaja Birgitta Lindholm toivoo kasvutarinalle jatkoa my\u00f6s t\u00e4ll\u00e4 kaudella. &#8211; Tarkoitus olisi menn\u00e4 taas eteenp\u00e4in. Hitaasti kiiruhtaen, niin kuin sanoin viime vuonnakin. Tyt\u00f6t ovat harjoitelleet kes\u00e4ll\u00e4 hyvin ja siit\u00e4 on hyv\u00e4 jatkaa. Harjoitusottelut ovat [&hellip;]<\/p>\n","protected":false},"author":13,"featured_media":22250,"comment_status":"closed","ping_status":"closed","sticky":false,"template":"","format":"standard","meta":{"_acf_changed":false,"jetpack_post_was_ever_published":false,"_jetpack_newsletter_access":"","_jetpack_dont_email_post_to_subs":false,"_jetpack_newsletter_tier_id":0,"_jetpack_memberships_contains_paywalled_content":false,"_jetpack_memberships_contains_paid_content":false,"footnotes":""},"categories":[193],"tags":[67],"class_list":["post-22588","post","type-post","status-publish","format-standard","has-post-thumbnail","hentry","category-kohti-kautta-2021-2022","tag-kyif"],"acf":[],"yoast_head":"<!-- This site is optimized with the Yoast SEO plugin v27.5 - https:\/\/yoast.com\/product\/yoast-seo-wordpress\/ -->\n<title>Kohti kautta: KyIF | K\u00e4sipallon naisten Aktialiiga<\/title>\n<meta name=\"robots\" content=\"index, follow, max-snippet:-1, max-image-preview:large, max-video-preview:-1\" \/>\n<link rel=\"canonical\" href=\"https:\/\/aktialiiga.fi\/naiset\/kausi-2021-2022\/kohti-kautta-2021-2022\/kohti-kautta-kyif-5\/\" \/>\n<meta property=\"og:locale\" content=\"fi_FI\" \/>\n<meta property=\"og:type\" content=\"article\" \/>\n<meta property=\"og:title\" content=\"Kohti kautta: KyIF | K\u00e4sipallon naisten Aktialiiga\" \/>\n<meta property=\"og:description\" content=\"KyIF l\u00e4htee kauteen j\u00e4lleen vuoden kokeneempana ja n\u00e4lk\u00e4isemp\u00e4n\u00e4. KyIF haluaa tosissaan nousta mukaan k\u00e4rkitaisteluun. KyIF:ss\u00e4 on kehitetty nuoria pelaajia k\u00e4rsiv\u00e4llisesti ja p\u00e4\u00e4valmentaja Birgitta Lindholm toivoo kasvutarinalle jatkoa my\u00f6s t\u00e4ll\u00e4 kaudella. &#8211; Tarkoitus olisi menn\u00e4 taas eteenp\u00e4in. Hitaasti kiiruhtaen, niin kuin sanoin viime vuonnakin. Tyt\u00f6t ovat harjoitelleet kes\u00e4ll\u00e4 hyvin ja siit\u00e4 on hyv\u00e4 jatkaa. Harjoitusottelut ovat [&hellip;]\" \/>\n<meta property=\"og:url\" content=\"https:\/\/aktialiiga.fi\/naiset\/kausi-2021-2022\/kohti-kautta-2021-2022\/kohti-kautta-kyif-5\/\" \/>\n<meta property=\"og:site_name\" content=\"K\u00e4sipallon naisten Aktialiiga\" \/>\n<meta property=\"article:publisher\" content=\"https:\/\/www.facebook.com\/finnhandball\" \/>\n<meta property=\"article:published_time\" content=\"2021-09-17T14:51:51+00:00\" \/>\n<meta property=\"og:image\" content=\"https:\/\/aktialiiga.fi\/naiset\/wp-content\/uploads\/sites\/6\/2021\/09\/KyIF.png\" \/>\n\t<meta property=\"og:image:width\" content=\"500\" \/>\n\t<meta property=\"og:image:height\" content=\"500\" \/>\n\t<meta property=\"og:image:type\" content=\"image\/png\" \/>\n<meta name=\"author\" content=\"tbrmedia\" \/>\n<meta name=\"twitter:card\" content=\"summary_large_image\" \/>\n<meta name=\"twitter:creator\" content=\"@finnhandball\" \/>\n<meta name=\"twitter:site\" content=\"@finnhandball\" \/>\n<script type=\"application\/ld+json\" class=\"yoast-schema-graph\">{\"@context\":\"https:\\\/\\\/schema.org\",\"@graph\":[{\"@type\":\"Article\",\"@id\":\"https:\\\/\\\/aktialiiga.fi\\\/naiset\\\/kausi-2021-2022\\\/kohti-kautta-2021-2022\\\/kohti-kautta-kyif-5\\\/#article\",\"isPartOf\":{\"@id\":\"https:\\\/\\\/aktialiiga.fi\\\/naiset\\\/kausi-2021-2022\\\/kohti-kautta-2021-2022\\\/kohti-kautta-kyif-5\\\/\"},\"author\":{\"name\":\"tbrmedia\",\"@id\":\"https:\\\/\\\/aktialiiga.fi\\\/naiset\\\/#\\\/schema\\\/person\\\/c14bf42f47041db74603c45afcb18d87\"},\"headline\":\"Kohti kautta: KyIF\",\"datePublished\":\"2021-09-17T14:51:51+00:00\",\"mainEntityOfPage\":{\"@id\":\"https:\\\/\\\/aktialiiga.fi\\\/naiset\\\/kausi-2021-2022\\\/kohti-kautta-2021-2022\\\/kohti-kautta-kyif-5\\\/\"},\"wordCount\":226,\"publisher\":{\"@id\":\"https:\\\/\\\/aktialiiga.fi\\\/naiset\\\/#organization\"},\"image\":{\"@id\":\"https:\\\/\\\/aktialiiga.fi\\\/naiset\\\/kausi-2021-2022\\\/kohti-kautta-2021-2022\\\/kohti-kautta-kyif-5\\\/#primaryimage\"},\"thumbnailUrl\":\"https:\\\/\\\/aktialiiga.fi\\\/naiset\\\/wp-content\\\/uploads\\\/sites\\\/6\\\/2021\\\/09\\\/KyIF.png\",\"keywords\":[\"KyIF\"],\"articleSection\":[\"Kohti kautta\"],\"inLanguage\":\"fi\"},{\"@type\":\"WebPage\",\"@id\":\"https:\\\/\\\/aktialiiga.fi\\\/naiset\\\/kausi-2021-2022\\\/kohti-kautta-2021-2022\\\/kohti-kautta-kyif-5\\\/\",\"url\":\"https:\\\/\\\/aktialiiga.fi\\\/naiset\\\/kausi-2021-2022\\\/kohti-kautta-2021-2022\\\/kohti-kautta-kyif-5\\\/\",\"name\":\"Kohti kautta: KyIF | K\u00e4sipallon naisten Aktialiiga\",\"isPartOf\":{\"@id\":\"https:\\\/\\\/aktialiiga.fi\\\/naiset\\\/#website\"},\"primaryImageOfPage\":{\"@id\":\"https:\\\/\\\/aktialiiga.fi\\\/naiset\\\/kausi-2021-2022\\\/kohti-kautta-2021-2022\\\/kohti-kautta-kyif-5\\\/#primaryimage\"},\"image\":{\"@id\":\"https:\\\/\\\/aktialiiga.fi\\\/naiset\\\/kausi-2021-2022\\\/kohti-kautta-2021-2022\\\/kohti-kautta-kyif-5\\\/#primaryimage\"},\"thumbnailUrl\":\"https:\\\/\\\/aktialiiga.fi\\\/naiset\\\/wp-content\\\/uploads\\\/sites\\\/6\\\/2021\\\/09\\\/KyIF.png\",\"datePublished\":\"2021-09-17T14:51:51+00:00\",\"breadcrumb\":{\"@id\":\"https:\\\/\\\/aktialiiga.fi\\\/naiset\\\/kausi-2021-2022\\\/kohti-kautta-2021-2022\\\/kohti-kautta-kyif-5\\\/#breadcrumb\"},\"inLanguage\":\"fi\",\"potentialAction\":[{\"@type\":\"ReadAction\",\"target\":[\"https:\\\/\\\/aktialiiga.fi\\\/naiset\\\/kausi-2021-2022\\\/kohti-kautta-2021-2022\\\/kohti-kautta-kyif-5\\\/\"]}]},{\"@type\":\"ImageObject\",\"inLanguage\":\"fi\",\"@id\":\"https:\\\/\\\/aktialiiga.fi\\\/naiset\\\/kausi-2021-2022\\\/kohti-kautta-2021-2022\\\/kohti-kautta-kyif-5\\\/#primaryimage\",\"url\":\"https:\\\/\\\/aktialiiga.fi\\\/naiset\\\/wp-content\\\/uploads\\\/sites\\\/6\\\/2021\\\/09\\\/KyIF.png\",\"contentUrl\":\"https:\\\/\\\/aktialiiga.fi\\\/naiset\\\/wp-content\\\/uploads\\\/sites\\\/6\\\/2021\\\/09\\\/KyIF.png\",\"width\":500,\"height\":500},{\"@type\":\"BreadcrumbList\",\"@id\":\"https:\\\/\\\/aktialiiga.fi\\\/naiset\\\/kausi-2021-2022\\\/kohti-kautta-2021-2022\\\/kohti-kautta-kyif-5\\\/#breadcrumb\",\"itemListElement\":[{\"@type\":\"ListItem\",\"position\":1,\"name\":\"Etusivu\",\"item\":\"https:\\\/\\\/aktialiiga.fi\\\/naiset\\\/\"},{\"@type\":\"ListItem\",\"position\":2,\"name\":\"Kohti kautta: KyIF\"}]},{\"@type\":\"WebSite\",\"@id\":\"https:\\\/\\\/aktialiiga.fi\\\/naiset\\\/#website\",\"url\":\"https:\\\/\\\/aktialiiga.fi\\\/naiset\\\/\",\"name\":\"K\u00e4sipallon naisten Aktialiiga\",\"description\":\"Valtakunnan vauhdikkainta palloilua!\",\"publisher\":{\"@id\":\"https:\\\/\\\/aktialiiga.fi\\\/naiset\\\/#organization\"},\"potentialAction\":[{\"@type\":\"SearchAction\",\"target\":{\"@type\":\"EntryPoint\",\"urlTemplate\":\"https:\\\/\\\/aktialiiga.fi\\\/naiset\\\/?s={search_term_string}\"},\"query-input\":{\"@type\":\"PropertyValueSpecification\",\"valueRequired\":true,\"valueName\":\"search_term_string\"}}],\"inLanguage\":\"fi\"},{\"@type\":\"Organization\",\"@id\":\"https:\\\/\\\/aktialiiga.fi\\\/naiset\\\/#organization\",\"name\":\"K\u00e4sipallon naisten Aktialiiga\",\"url\":\"https:\\\/\\\/aktialiiga.fi\\\/naiset\\\/\",\"logo\":{\"@type\":\"ImageObject\",\"inLanguage\":\"fi\",\"@id\":\"https:\\\/\\\/aktialiiga.fi\\\/naiset\\\/#\\\/schema\\\/logo\\\/image\\\/\",\"url\":\"https:\\\/\\\/aktialiiga.fi\\\/naiset\\\/wp-content\\\/uploads\\\/sites\\\/6\\\/2024\\\/09\\\/Aktialiiga-Yoast-512.png\",\"contentUrl\":\"https:\\\/\\\/aktialiiga.fi\\\/naiset\\\/wp-content\\\/uploads\\\/sites\\\/6\\\/2024\\\/09\\\/Aktialiiga-Yoast-512.png\",\"width\":512,\"height\":512,\"caption\":\"K\u00e4sipallon naisten Aktialiiga\"},\"image\":{\"@id\":\"https:\\\/\\\/aktialiiga.fi\\\/naiset\\\/#\\\/schema\\\/logo\\\/image\\\/\"},\"sameAs\":[\"https:\\\/\\\/www.facebook.com\\\/finnhandball\",\"https:\\\/\\\/x.com\\\/finnhandball\",\"https:\\\/\\\/www.instagram.com\\\/handballfinland\\\/\"]},{\"@type\":\"Person\",\"@id\":\"https:\\\/\\\/aktialiiga.fi\\\/naiset\\\/#\\\/schema\\\/person\\\/c14bf42f47041db74603c45afcb18d87\",\"name\":\"tbrmedia\",\"image\":{\"@type\":\"ImageObject\",\"inLanguage\":\"fi\",\"@id\":\"https:\\\/\\\/secure.gravatar.com\\\/avatar\\\/ee975fa091fe581d12b60debb3439022686618368a7c142044c56724d4666b16?s=96&d=mm&r=g\",\"url\":\"https:\\\/\\\/secure.gravatar.com\\\/avatar\\\/ee975fa091fe581d12b60debb3439022686618368a7c142044c56724d4666b16?s=96&d=mm&r=g\",\"contentUrl\":\"https:\\\/\\\/secure.gravatar.com\\\/avatar\\\/ee975fa091fe581d12b60debb3439022686618368a7c142044c56724d4666b16?s=96&d=mm&r=g\",\"caption\":\"tbrmedia\"}}]}<\/script>\n<!-- \/ Yoast SEO plugin. -->","yoast_head_json":{"title":"Kohti kautta: KyIF | K\u00e4sipallon naisten Aktialiiga","robots":{"index":"index","follow":"follow","max-snippet":"max-snippet:-1","max-image-preview":"max-image-preview:large","max-video-preview":"max-video-preview:-1"},"canonical":"https:\/\/aktialiiga.fi\/naiset\/kausi-2021-2022\/kohti-kautta-2021-2022\/kohti-kautta-kyif-5\/","og_locale":"fi_FI","og_type":"article","og_title":"Kohti kautta: KyIF | K\u00e4sipallon naisten Aktialiiga","og_description":"KyIF l\u00e4htee kauteen j\u00e4lleen vuoden kokeneempana ja n\u00e4lk\u00e4isemp\u00e4n\u00e4. KyIF haluaa tosissaan nousta mukaan k\u00e4rkitaisteluun. KyIF:ss\u00e4 on kehitetty nuoria pelaajia k\u00e4rsiv\u00e4llisesti ja p\u00e4\u00e4valmentaja Birgitta Lindholm toivoo kasvutarinalle jatkoa my\u00f6s t\u00e4ll\u00e4 kaudella. &#8211; Tarkoitus olisi menn\u00e4 taas eteenp\u00e4in. Hitaasti kiiruhtaen, niin kuin sanoin viime vuonnakin. Tyt\u00f6t ovat harjoitelleet kes\u00e4ll\u00e4 hyvin ja siit\u00e4 on hyv\u00e4 jatkaa. Harjoitusottelut ovat [&hellip;]","og_url":"https:\/\/aktialiiga.fi\/naiset\/kausi-2021-2022\/kohti-kautta-2021-2022\/kohti-kautta-kyif-5\/","og_site_name":"K\u00e4sipallon naisten Aktialiiga","article_publisher":"https:\/\/www.facebook.com\/finnhandball","article_published_time":"2021-09-17T14:51:51+00:00","og_image":[{"width":500,"height":500,"url":"https:\/\/aktialiiga.fi\/naiset\/wp-content\/uploads\/sites\/6\/2021\/09\/KyIF.png","type":"image\/png"}],"author":"tbrmedia","twitter_card":"summary_large_image","twitter_creator":"@finnhandball","twitter_site":"@finnhandball","schema":{"@context":"https:\/\/schema.org","@graph":[{"@type":"Article","@id":"https:\/\/aktialiiga.fi\/naiset\/kausi-2021-2022\/kohti-kautta-2021-2022\/kohti-kautta-kyif-5\/#article","isPartOf":{"@id":"https:\/\/aktialiiga.fi\/naiset\/kausi-2021-2022\/kohti-kautta-2021-2022\/kohti-kautta-kyif-5\/"},"author":{"name":"tbrmedia","@id":"https:\/\/aktialiiga.fi\/naiset\/#\/schema\/person\/c14bf42f47041db74603c45afcb18d87"},"headline":"Kohti kautta: KyIF","datePublished":"2021-09-17T14:51:51+00:00","mainEntityOfPage":{"@id":"https:\/\/aktialiiga.fi\/naiset\/kausi-2021-2022\/kohti-kautta-2021-2022\/kohti-kautta-kyif-5\/"},"wordCount":226,"publisher":{"@id":"https:\/\/aktialiiga.fi\/naiset\/#organization"},"image":{"@id":"https:\/\/aktialiiga.fi\/naiset\/kausi-2021-2022\/kohti-kautta-2021-2022\/kohti-kautta-kyif-5\/#primaryimage"},"thumbnailUrl":"https:\/\/aktialiiga.fi\/naiset\/wp-content\/uploads\/sites\/6\/2021\/09\/KyIF.png","keywords":["KyIF"],"articleSection":["Kohti kautta"],"inLanguage":"fi"},{"@type":"WebPage","@id":"https:\/\/aktialiiga.fi\/naiset\/kausi-2021-2022\/kohti-kautta-2021-2022\/kohti-kautta-kyif-5\/","url":"https:\/\/aktialiiga.fi\/naiset\/kausi-2021-2022\/kohti-kautta-2021-2022\/kohti-kautta-kyif-5\/","name":"Kohti kautta: KyIF | K\u00e4sipallon naisten Aktialiiga","isPartOf":{"@id":"https:\/\/aktialiiga.fi\/naiset\/#website"},"primaryImageOfPage":{"@id":"https:\/\/aktialiiga.fi\/naiset\/kausi-2021-2022\/kohti-kautta-2021-2022\/kohti-kautta-kyif-5\/#primaryimage"},"image":{"@id":"https:\/\/aktialiiga.fi\/naiset\/kausi-2021-2022\/kohti-kautta-2021-2022\/kohti-kautta-kyif-5\/#primaryimage"},"thumbnailUrl":"https:\/\/aktialiiga.fi\/naiset\/wp-content\/uploads\/sites\/6\/2021\/09\/KyIF.png","datePublished":"2021-09-17T14:51:51+00:00","breadcrumb":{"@id":"https:\/\/aktialiiga.fi\/naiset\/kausi-2021-2022\/kohti-kautta-2021-2022\/kohti-kautta-kyif-5\/#breadcrumb"},"inLanguage":"fi","potentialAction":[{"@type":"ReadAction","target":["https:\/\/aktialiiga.fi\/naiset\/kausi-2021-2022\/kohti-kautta-2021-2022\/kohti-kautta-kyif-5\/"]}]},{"@type":"ImageObject","inLanguage":"fi","@id":"https:\/\/aktialiiga.fi\/naiset\/kausi-2021-2022\/kohti-kautta-2021-2022\/kohti-kautta-kyif-5\/#primaryimage","url":"https:\/\/aktialiiga.fi\/naiset\/wp-content\/uploads\/sites\/6\/2021\/09\/KyIF.png","contentUrl":"https:\/\/aktialiiga.fi\/naiset\/wp-content\/uploads\/sites\/6\/2021\/09\/KyIF.png","width":500,"height":500},{"@type":"BreadcrumbList","@id":"https:\/\/aktialiiga.fi\/naiset\/kausi-2021-2022\/kohti-kautta-2021-2022\/kohti-kautta-kyif-5\/#breadcrumb","itemListElement":[{"@type":"ListItem","position":1,"name":"Etusivu","item":"https:\/\/aktialiiga.fi\/naiset\/"},{"@type":"ListItem","position":2,"name":"Kohti kautta: KyIF"}]},{"@type":"WebSite","@id":"https:\/\/aktialiiga.fi\/naiset\/#website","url":"https:\/\/aktialiiga.fi\/naiset\/","name":"K\u00e4sipallon naisten Aktialiiga","description":"Valtakunnan vauhdikkainta palloilua!","publisher":{"@id":"https:\/\/aktialiiga.fi\/naiset\/#organization"},"potentialAction":[{"@type":"SearchAction","target":{"@type":"EntryPoint","urlTemplate":"https:\/\/aktialiiga.fi\/naiset\/?s={search_term_string}"},"query-input":{"@type":"PropertyValueSpecification","valueRequired":true,"valueName":"search_term_string"}}],"inLanguage":"fi"},{"@type":"Organization","@id":"https:\/\/aktialiiga.fi\/naiset\/#organization","name":"K\u00e4sipallon naisten Aktialiiga","url":"https:\/\/aktialiiga.fi\/naiset\/","logo":{"@type":"ImageObject","inLanguage":"fi","@id":"https:\/\/aktialiiga.fi\/naiset\/#\/schema\/logo\/image\/","url":"https:\/\/aktialiiga.fi\/naiset\/wp-content\/uploads\/sites\/6\/2024\/09\/Aktialiiga-Yoast-512.png","contentUrl":"https:\/\/aktialiiga.fi\/naiset\/wp-content\/uploads\/sites\/6\/2024\/09\/Aktialiiga-Yoast-512.png","width":512,"height":512,"caption":"K\u00e4sipallon naisten Aktialiiga"},"image":{"@id":"https:\/\/aktialiiga.fi\/naiset\/#\/schema\/logo\/image\/"},"sameAs":["https:\/\/www.facebook.com\/finnhandball","https:\/\/x.com\/finnhandball","https:\/\/www.instagram.com\/handballfinland\/"]},{"@type":"Person","@id":"https:\/\/aktialiiga.fi\/naiset\/#\/schema\/person\/c14bf42f47041db74603c45afcb18d87","name":"tbrmedia","image":{"@type":"ImageObject","inLanguage":"fi","@id":"https:\/\/secure.gravatar.com\/avatar\/ee975fa091fe581d12b60debb3439022686618368a7c142044c56724d4666b16?s=96&d=mm&r=g","url":"https:\/\/secure.gravatar.com\/avatar\/ee975fa091fe581d12b60debb3439022686618368a7c142044c56724d4666b16?s=96&d=mm&r=g","contentUrl":"https:\/\/secure.gravatar.com\/avatar\/ee975fa091fe581d12b60debb3439022686618368a7c142044c56724d4666b16?s=96&d=mm&r=g","caption":"tbrmedia"}}]}},"jetpack_featured_media_url":"https:\/\/aktialiiga.fi\/naiset\/wp-content\/uploads\/sites\/6\/2021\/09\/KyIF.png","jetpack_sharing_enabled":true,"jetpack_shortlink":"https:\/\/wp.me\/pfYhm6-5Sk","_links":{"self":[{"href":"https:\/\/aktialiiga.fi\/naiset\/wp-json\/wp\/v2\/posts\/22588","targetHints":{"allow":["GET"]}}],"collection":[{"href":"https:\/\/aktialiiga.fi\/naiset\/wp-json\/wp\/v2\/posts"}],"about":[{"href":"https:\/\/aktialiiga.fi\/naiset\/wp-json\/wp\/v2\/types\/post"}],"author":[{"embeddable":true,"href":"https:\/\/aktialiiga.fi\/naiset\/wp-json\/wp\/v2\/users\/13"}],"replies":[{"embeddable":true,"href":"https:\/\/aktialiiga.fi\/naiset\/wp-json\/wp\/v2\/comments?post=22588"}],"version-history":[{"count":0,"href":"https:\/\/aktialiiga.fi\/naiset\/wp-json\/wp\/v2\/posts\/22588\/revisions"}],"wp:featuredmedia":[{"embeddable":true,"href":"https:\/\/aktialiiga.fi\/naiset\/wp-json\/wp\/v2\/media\/22250"}],"wp:attachment":[{"href":"https:\/\/aktialiiga.fi\/naiset\/wp-json\/wp\/v2\/media?parent=22588"}],"wp:term":[{"taxonomy":"category","embeddable":true,"href":"https:\/\/aktialiiga.fi\/naiset\/wp-json\/wp\/v2\/categories?post=22588"},{"taxonomy":"post_tag","embeddable":true,"href":"https:\/\/aktialiiga.fi\/naiset\/wp-json\/wp\/v2\/tags?post=22588"}],"curies":[{"name":"wp","href":"https:\/\/api.w.org\/{rel}","templated":true}]}}