{"id":24754,"date":"2022-01-22T20:56:44","date_gmt":"2022-01-22T18:56:44","guid":{"rendered":"https:\/\/aktialiiga.fi\/naiset\/?p=24754"},"modified":"2022-01-22T20:56:44","modified_gmt":"2022-01-22T18:56:44","slug":"kyif-ja-sif-paasevat-tositoimiin-sunnuntaina","status":"publish","type":"post","link":"https:\/\/aktialiiga.fi\/naiset\/kausi-2021-2022\/ennakot-kausi-2021-2022\/kyif-ja-sif-paasevat-tositoimiin-sunnuntaina\/","title":{"rendered":"KyIF ja SIF p\u00e4\u00e4sev\u00e4t tositoimiin sunnuntaina"},"content":{"rendered":"<p>KyIF ja SIF kohtaavat sunnuntaina SM-sarjan ainoassa ottelussa. Molemmille ottelu on vuoden ensimm\u00e4inen.<\/p>\n<p>Kummallakin joukkueella on yli kuukauden tauko peleist\u00e4. Joukkueet taistelevat t\u00e4rkeist\u00e4 pisteist\u00e4, sill\u00e4 ne ovat tasapisteiss\u00e4 sarjassa ja taistelevat tiukasti nelj\u00e4nnest\u00e4 sijasta.<\/p>\n<p>Joukkueiden kauden ensimm\u00e4inen kohtaaminen Siuntiossa lokakuun lopussa p\u00e4\u00e4ttyi tiukkojen vaiheiden j\u00e4lkeen SIF:n 24-23-voittoon. T\u00e4ll\u00e4kin kertaa odotettavissa on tasainen ja mielenkiintoinen ottelu.<\/p>\n<p><strong>SM-sarjan sunnuntain ottelu:<br \/>\n<\/strong>23.1. kello 13.00 SIF-KyIF<\/p>\n<p>SolidSport n\u00e4ytt\u00e4\u00e4 kaikki ottelut suorina l\u00e4hetyksin\u00e4. Lis\u00e4tietoa l\u00f6ytyy\u00a0<a href=\"\/naiset\/solidsport\/\"><em style=\"font-weight: inherit\">t\u00e4\u00e4lt\u00e4<\/em><\/a>.<\/p>\n","protected":false},"excerpt":{"rendered":"<p>KyIF ja SIF kohtaavat sunnuntaina SM-sarjan ainoassa ottelussa. Molemmille ottelu on vuoden ensimm\u00e4inen. Kummallakin joukkueella on yli kuukauden tauko peleist\u00e4. Joukkueet taistelevat t\u00e4rkeist\u00e4 pisteist\u00e4, sill\u00e4 ne ovat tasapisteiss\u00e4 sarjassa ja taistelevat tiukasti nelj\u00e4nnest\u00e4 sijasta. Joukkueiden kauden ensimm\u00e4inen kohtaaminen Siuntiossa lokakuun lopussa p\u00e4\u00e4ttyi tiukkojen vaiheiden j\u00e4lkeen SIF:n 24-23-voittoon. T\u00e4ll\u00e4kin kertaa odotettavissa on tasainen ja mielenkiintoinen ottelu. [&hellip;]<\/p>\n","protected":false},"author":13,"featured_media":24755,"comment_status":"closed","ping_status":"closed","sticky":false,"template":"","format":"standard","meta":{"_acf_changed":false,"jetpack_post_was_ever_published":false,"_jetpack_newsletter_access":"","_jetpack_dont_email_post_to_subs":false,"_jetpack_newsletter_tier_id":0,"_jetpack_memberships_contains_paywalled_content":false,"_jetpack_memberships_contains_paid_content":false,"footnotes":""},"categories":[188],"tags":[67,81],"class_list":["post-24754","post","type-post","status-publish","format-standard","has-post-thumbnail","hentry","category-ennakot-kausi-2021-2022","tag-kyif","tag-sif"],"acf":[],"yoast_head":"<!-- This site is optimized with the Yoast SEO plugin v27.5 - https:\/\/yoast.com\/product\/yoast-seo-wordpress\/ -->\n<title>KyIF ja SIF p\u00e4\u00e4sev\u00e4t tositoimiin sunnuntaina | K\u00e4sipallon naisten Aktialiiga<\/title>\n<meta name=\"robots\" content=\"index, follow, max-snippet:-1, max-image-preview:large, max-video-preview:-1\" \/>\n<link rel=\"canonical\" href=\"https:\/\/aktialiiga.fi\/naiset\/kausi-2021-2022\/ennakot-kausi-2021-2022\/kyif-ja-sif-paasevat-tositoimiin-sunnuntaina\/\" \/>\n<meta property=\"og:locale\" content=\"fi_FI\" \/>\n<meta property=\"og:type\" content=\"article\" \/>\n<meta property=\"og:title\" content=\"KyIF ja SIF p\u00e4\u00e4sev\u00e4t tositoimiin sunnuntaina | K\u00e4sipallon naisten Aktialiiga\" \/>\n<meta property=\"og:description\" content=\"KyIF ja SIF kohtaavat sunnuntaina SM-sarjan ainoassa ottelussa. Molemmille ottelu on vuoden ensimm\u00e4inen. Kummallakin joukkueella on yli kuukauden tauko peleist\u00e4. Joukkueet taistelevat t\u00e4rkeist\u00e4 pisteist\u00e4, sill\u00e4 ne ovat tasapisteiss\u00e4 sarjassa ja taistelevat tiukasti nelj\u00e4nnest\u00e4 sijasta. Joukkueiden kauden ensimm\u00e4inen kohtaaminen Siuntiossa lokakuun lopussa p\u00e4\u00e4ttyi tiukkojen vaiheiden j\u00e4lkeen SIF:n 24-23-voittoon. T\u00e4ll\u00e4kin kertaa odotettavissa on tasainen ja mielenkiintoinen ottelu. [&hellip;]\" \/>\n<meta property=\"og:url\" content=\"https:\/\/aktialiiga.fi\/naiset\/kausi-2021-2022\/ennakot-kausi-2021-2022\/kyif-ja-sif-paasevat-tositoimiin-sunnuntaina\/\" \/>\n<meta property=\"og:site_name\" content=\"K\u00e4sipallon naisten Aktialiiga\" \/>\n<meta property=\"article:publisher\" content=\"https:\/\/www.facebook.com\/finnhandball\" \/>\n<meta property=\"article:published_time\" content=\"2022-01-22T18:56:44+00:00\" \/>\n<meta property=\"og:image\" content=\"https:\/\/aktialiiga.fi\/naiset\/wp-content\/uploads\/sites\/6\/2022\/01\/salminen_aini_kyif_2021-22.jpg\" \/>\n\t<meta property=\"og:image:width\" content=\"1200\" \/>\n\t<meta property=\"og:image:height\" content=\"871\" \/>\n\t<meta property=\"og:image:type\" content=\"image\/jpeg\" \/>\n<meta name=\"author\" content=\"tbrmedia\" \/>\n<meta name=\"twitter:card\" content=\"summary_large_image\" \/>\n<meta name=\"twitter:creator\" content=\"@finnhandball\" \/>\n<meta name=\"twitter:site\" content=\"@finnhandball\" \/>\n<script type=\"application\/ld+json\" class=\"yoast-schema-graph\">{\"@context\":\"https:\\\/\\\/schema.org\",\"@graph\":[{\"@type\":\"Article\",\"@id\":\"https:\\\/\\\/aktialiiga.fi\\\/naiset\\\/kausi-2021-2022\\\/ennakot-kausi-2021-2022\\\/kyif-ja-sif-paasevat-tositoimiin-sunnuntaina\\\/#article\",\"isPartOf\":{\"@id\":\"https:\\\/\\\/aktialiiga.fi\\\/naiset\\\/kausi-2021-2022\\\/ennakot-kausi-2021-2022\\\/kyif-ja-sif-paasevat-tositoimiin-sunnuntaina\\\/\"},\"author\":{\"name\":\"tbrmedia\",\"@id\":\"https:\\\/\\\/aktialiiga.fi\\\/naiset\\\/#\\\/schema\\\/person\\\/c14bf42f47041db74603c45afcb18d87\"},\"headline\":\"KyIF ja SIF p\u00e4\u00e4sev\u00e4t tositoimiin sunnuntaina\",\"datePublished\":\"2022-01-22T18:56:44+00:00\",\"mainEntityOfPage\":{\"@id\":\"https:\\\/\\\/aktialiiga.fi\\\/naiset\\\/kausi-2021-2022\\\/ennakot-kausi-2021-2022\\\/kyif-ja-sif-paasevat-tositoimiin-sunnuntaina\\\/\"},\"wordCount\":92,\"publisher\":{\"@id\":\"https:\\\/\\\/aktialiiga.fi\\\/naiset\\\/#organization\"},\"image\":{\"@id\":\"https:\\\/\\\/aktialiiga.fi\\\/naiset\\\/kausi-2021-2022\\\/ennakot-kausi-2021-2022\\\/kyif-ja-sif-paasevat-tositoimiin-sunnuntaina\\\/#primaryimage\"},\"thumbnailUrl\":\"https:\\\/\\\/aktialiiga.fi\\\/naiset\\\/wp-content\\\/uploads\\\/sites\\\/6\\\/2022\\\/01\\\/salminen_aini_kyif_2021-22.jpg\",\"keywords\":[\"KyIF\",\"SIF\"],\"articleSection\":[\"Ennakot\"],\"inLanguage\":\"fi\"},{\"@type\":\"WebPage\",\"@id\":\"https:\\\/\\\/aktialiiga.fi\\\/naiset\\\/kausi-2021-2022\\\/ennakot-kausi-2021-2022\\\/kyif-ja-sif-paasevat-tositoimiin-sunnuntaina\\\/\",\"url\":\"https:\\\/\\\/aktialiiga.fi\\\/naiset\\\/kausi-2021-2022\\\/ennakot-kausi-2021-2022\\\/kyif-ja-sif-paasevat-tositoimiin-sunnuntaina\\\/\",\"name\":\"KyIF ja SIF p\u00e4\u00e4sev\u00e4t tositoimiin sunnuntaina | K\u00e4sipallon naisten Aktialiiga\",\"isPartOf\":{\"@id\":\"https:\\\/\\\/aktialiiga.fi\\\/naiset\\\/#website\"},\"primaryImageOfPage\":{\"@id\":\"https:\\\/\\\/aktialiiga.fi\\\/naiset\\\/kausi-2021-2022\\\/ennakot-kausi-2021-2022\\\/kyif-ja-sif-paasevat-tositoimiin-sunnuntaina\\\/#primaryimage\"},\"image\":{\"@id\":\"https:\\\/\\\/aktialiiga.fi\\\/naiset\\\/kausi-2021-2022\\\/ennakot-kausi-2021-2022\\\/kyif-ja-sif-paasevat-tositoimiin-sunnuntaina\\\/#primaryimage\"},\"thumbnailUrl\":\"https:\\\/\\\/aktialiiga.fi\\\/naiset\\\/wp-content\\\/uploads\\\/sites\\\/6\\\/2022\\\/01\\\/salminen_aini_kyif_2021-22.jpg\",\"datePublished\":\"2022-01-22T18:56:44+00:00\",\"breadcrumb\":{\"@id\":\"https:\\\/\\\/aktialiiga.fi\\\/naiset\\\/kausi-2021-2022\\\/ennakot-kausi-2021-2022\\\/kyif-ja-sif-paasevat-tositoimiin-sunnuntaina\\\/#breadcrumb\"},\"inLanguage\":\"fi\",\"potentialAction\":[{\"@type\":\"ReadAction\",\"target\":[\"https:\\\/\\\/aktialiiga.fi\\\/naiset\\\/kausi-2021-2022\\\/ennakot-kausi-2021-2022\\\/kyif-ja-sif-paasevat-tositoimiin-sunnuntaina\\\/\"]}]},{\"@type\":\"ImageObject\",\"inLanguage\":\"fi\",\"@id\":\"https:\\\/\\\/aktialiiga.fi\\\/naiset\\\/kausi-2021-2022\\\/ennakot-kausi-2021-2022\\\/kyif-ja-sif-paasevat-tositoimiin-sunnuntaina\\\/#primaryimage\",\"url\":\"https:\\\/\\\/aktialiiga.fi\\\/naiset\\\/wp-content\\\/uploads\\\/sites\\\/6\\\/2022\\\/01\\\/salminen_aini_kyif_2021-22.jpg\",\"contentUrl\":\"https:\\\/\\\/aktialiiga.fi\\\/naiset\\\/wp-content\\\/uploads\\\/sites\\\/6\\\/2022\\\/01\\\/salminen_aini_kyif_2021-22.jpg\",\"width\":1200,\"height\":871,\"caption\":\"Aini Salminen KyIF k\u00e4sipallon naisten SM-sarjan ottelussa Hifk - KyIF Helsingin Urheilutalo 16. lokakuuta 2021. (Kalle Parkkinen\\\/Newspix24)\"},{\"@type\":\"BreadcrumbList\",\"@id\":\"https:\\\/\\\/aktialiiga.fi\\\/naiset\\\/kausi-2021-2022\\\/ennakot-kausi-2021-2022\\\/kyif-ja-sif-paasevat-tositoimiin-sunnuntaina\\\/#breadcrumb\",\"itemListElement\":[{\"@type\":\"ListItem\",\"position\":1,\"name\":\"Etusivu\",\"item\":\"https:\\\/\\\/aktialiiga.fi\\\/naiset\\\/\"},{\"@type\":\"ListItem\",\"position\":2,\"name\":\"KyIF ja SIF p\u00e4\u00e4sev\u00e4t tositoimiin sunnuntaina\"}]},{\"@type\":\"WebSite\",\"@id\":\"https:\\\/\\\/aktialiiga.fi\\\/naiset\\\/#website\",\"url\":\"https:\\\/\\\/aktialiiga.fi\\\/naiset\\\/\",\"name\":\"K\u00e4sipallon naisten Aktialiiga\",\"description\":\"Valtakunnan vauhdikkainta palloilua!\",\"publisher\":{\"@id\":\"https:\\\/\\\/aktialiiga.fi\\\/naiset\\\/#organization\"},\"potentialAction\":[{\"@type\":\"SearchAction\",\"target\":{\"@type\":\"EntryPoint\",\"urlTemplate\":\"https:\\\/\\\/aktialiiga.fi\\\/naiset\\\/?s={search_term_string}\"},\"query-input\":{\"@type\":\"PropertyValueSpecification\",\"valueRequired\":true,\"valueName\":\"search_term_string\"}}],\"inLanguage\":\"fi\"},{\"@type\":\"Organization\",\"@id\":\"https:\\\/\\\/aktialiiga.fi\\\/naiset\\\/#organization\",\"name\":\"K\u00e4sipallon naisten Aktialiiga\",\"url\":\"https:\\\/\\\/aktialiiga.fi\\\/naiset\\\/\",\"logo\":{\"@type\":\"ImageObject\",\"inLanguage\":\"fi\",\"@id\":\"https:\\\/\\\/aktialiiga.fi\\\/naiset\\\/#\\\/schema\\\/logo\\\/image\\\/\",\"url\":\"https:\\\/\\\/aktialiiga.fi\\\/naiset\\\/wp-content\\\/uploads\\\/sites\\\/6\\\/2024\\\/09\\\/Aktialiiga-Yoast-512.png\",\"contentUrl\":\"https:\\\/\\\/aktialiiga.fi\\\/naiset\\\/wp-content\\\/uploads\\\/sites\\\/6\\\/2024\\\/09\\\/Aktialiiga-Yoast-512.png\",\"width\":512,\"height\":512,\"caption\":\"K\u00e4sipallon naisten Aktialiiga\"},\"image\":{\"@id\":\"https:\\\/\\\/aktialiiga.fi\\\/naiset\\\/#\\\/schema\\\/logo\\\/image\\\/\"},\"sameAs\":[\"https:\\\/\\\/www.facebook.com\\\/finnhandball\",\"https:\\\/\\\/x.com\\\/finnhandball\",\"https:\\\/\\\/www.instagram.com\\\/handballfinland\\\/\"]},{\"@type\":\"Person\",\"@id\":\"https:\\\/\\\/aktialiiga.fi\\\/naiset\\\/#\\\/schema\\\/person\\\/c14bf42f47041db74603c45afcb18d87\",\"name\":\"tbrmedia\",\"image\":{\"@type\":\"ImageObject\",\"inLanguage\":\"fi\",\"@id\":\"https:\\\/\\\/secure.gravatar.com\\\/avatar\\\/ee975fa091fe581d12b60debb3439022686618368a7c142044c56724d4666b16?s=96&d=mm&r=g\",\"url\":\"https:\\\/\\\/secure.gravatar.com\\\/avatar\\\/ee975fa091fe581d12b60debb3439022686618368a7c142044c56724d4666b16?s=96&d=mm&r=g\",\"contentUrl\":\"https:\\\/\\\/secure.gravatar.com\\\/avatar\\\/ee975fa091fe581d12b60debb3439022686618368a7c142044c56724d4666b16?s=96&d=mm&r=g\",\"caption\":\"tbrmedia\"}}]}<\/script>\n<!-- \/ Yoast SEO plugin. -->","yoast_head_json":{"title":"KyIF ja SIF p\u00e4\u00e4sev\u00e4t tositoimiin sunnuntaina | K\u00e4sipallon naisten Aktialiiga","robots":{"index":"index","follow":"follow","max-snippet":"max-snippet:-1","max-image-preview":"max-image-preview:large","max-video-preview":"max-video-preview:-1"},"canonical":"https:\/\/aktialiiga.fi\/naiset\/kausi-2021-2022\/ennakot-kausi-2021-2022\/kyif-ja-sif-paasevat-tositoimiin-sunnuntaina\/","og_locale":"fi_FI","og_type":"article","og_title":"KyIF ja SIF p\u00e4\u00e4sev\u00e4t tositoimiin sunnuntaina | K\u00e4sipallon naisten Aktialiiga","og_description":"KyIF ja SIF kohtaavat sunnuntaina SM-sarjan ainoassa ottelussa. Molemmille ottelu on vuoden ensimm\u00e4inen. Kummallakin joukkueella on yli kuukauden tauko peleist\u00e4. Joukkueet taistelevat t\u00e4rkeist\u00e4 pisteist\u00e4, sill\u00e4 ne ovat tasapisteiss\u00e4 sarjassa ja taistelevat tiukasti nelj\u00e4nnest\u00e4 sijasta. Joukkueiden kauden ensimm\u00e4inen kohtaaminen Siuntiossa lokakuun lopussa p\u00e4\u00e4ttyi tiukkojen vaiheiden j\u00e4lkeen SIF:n 24-23-voittoon. T\u00e4ll\u00e4kin kertaa odotettavissa on tasainen ja mielenkiintoinen ottelu. [&hellip;]","og_url":"https:\/\/aktialiiga.fi\/naiset\/kausi-2021-2022\/ennakot-kausi-2021-2022\/kyif-ja-sif-paasevat-tositoimiin-sunnuntaina\/","og_site_name":"K\u00e4sipallon naisten Aktialiiga","article_publisher":"https:\/\/www.facebook.com\/finnhandball","article_published_time":"2022-01-22T18:56:44+00:00","og_image":[{"width":1200,"height":871,"url":"https:\/\/aktialiiga.fi\/naiset\/wp-content\/uploads\/sites\/6\/2022\/01\/salminen_aini_kyif_2021-22.jpg","type":"image\/jpeg"}],"author":"tbrmedia","twitter_card":"summary_large_image","twitter_creator":"@finnhandball","twitter_site":"@finnhandball","schema":{"@context":"https:\/\/schema.org","@graph":[{"@type":"Article","@id":"https:\/\/aktialiiga.fi\/naiset\/kausi-2021-2022\/ennakot-kausi-2021-2022\/kyif-ja-sif-paasevat-tositoimiin-sunnuntaina\/#article","isPartOf":{"@id":"https:\/\/aktialiiga.fi\/naiset\/kausi-2021-2022\/ennakot-kausi-2021-2022\/kyif-ja-sif-paasevat-tositoimiin-sunnuntaina\/"},"author":{"name":"tbrmedia","@id":"https:\/\/aktialiiga.fi\/naiset\/#\/schema\/person\/c14bf42f47041db74603c45afcb18d87"},"headline":"KyIF ja SIF p\u00e4\u00e4sev\u00e4t tositoimiin sunnuntaina","datePublished":"2022-01-22T18:56:44+00:00","mainEntityOfPage":{"@id":"https:\/\/aktialiiga.fi\/naiset\/kausi-2021-2022\/ennakot-kausi-2021-2022\/kyif-ja-sif-paasevat-tositoimiin-sunnuntaina\/"},"wordCount":92,"publisher":{"@id":"https:\/\/aktialiiga.fi\/naiset\/#organization"},"image":{"@id":"https:\/\/aktialiiga.fi\/naiset\/kausi-2021-2022\/ennakot-kausi-2021-2022\/kyif-ja-sif-paasevat-tositoimiin-sunnuntaina\/#primaryimage"},"thumbnailUrl":"https:\/\/aktialiiga.fi\/naiset\/wp-content\/uploads\/sites\/6\/2022\/01\/salminen_aini_kyif_2021-22.jpg","keywords":["KyIF","SIF"],"articleSection":["Ennakot"],"inLanguage":"fi"},{"@type":"WebPage","@id":"https:\/\/aktialiiga.fi\/naiset\/kausi-2021-2022\/ennakot-kausi-2021-2022\/kyif-ja-sif-paasevat-tositoimiin-sunnuntaina\/","url":"https:\/\/aktialiiga.fi\/naiset\/kausi-2021-2022\/ennakot-kausi-2021-2022\/kyif-ja-sif-paasevat-tositoimiin-sunnuntaina\/","name":"KyIF ja SIF p\u00e4\u00e4sev\u00e4t tositoimiin sunnuntaina | K\u00e4sipallon naisten Aktialiiga","isPartOf":{"@id":"https:\/\/aktialiiga.fi\/naiset\/#website"},"primaryImageOfPage":{"@id":"https:\/\/aktialiiga.fi\/naiset\/kausi-2021-2022\/ennakot-kausi-2021-2022\/kyif-ja-sif-paasevat-tositoimiin-sunnuntaina\/#primaryimage"},"image":{"@id":"https:\/\/aktialiiga.fi\/naiset\/kausi-2021-2022\/ennakot-kausi-2021-2022\/kyif-ja-sif-paasevat-tositoimiin-sunnuntaina\/#primaryimage"},"thumbnailUrl":"https:\/\/aktialiiga.fi\/naiset\/wp-content\/uploads\/sites\/6\/2022\/01\/salminen_aini_kyif_2021-22.jpg","datePublished":"2022-01-22T18:56:44+00:00","breadcrumb":{"@id":"https:\/\/aktialiiga.fi\/naiset\/kausi-2021-2022\/ennakot-kausi-2021-2022\/kyif-ja-sif-paasevat-tositoimiin-sunnuntaina\/#breadcrumb"},"inLanguage":"fi","potentialAction":[{"@type":"ReadAction","target":["https:\/\/aktialiiga.fi\/naiset\/kausi-2021-2022\/ennakot-kausi-2021-2022\/kyif-ja-sif-paasevat-tositoimiin-sunnuntaina\/"]}]},{"@type":"ImageObject","inLanguage":"fi","@id":"https:\/\/aktialiiga.fi\/naiset\/kausi-2021-2022\/ennakot-kausi-2021-2022\/kyif-ja-sif-paasevat-tositoimiin-sunnuntaina\/#primaryimage","url":"https:\/\/aktialiiga.fi\/naiset\/wp-content\/uploads\/sites\/6\/2022\/01\/salminen_aini_kyif_2021-22.jpg","contentUrl":"https:\/\/aktialiiga.fi\/naiset\/wp-content\/uploads\/sites\/6\/2022\/01\/salminen_aini_kyif_2021-22.jpg","width":1200,"height":871,"caption":"Aini Salminen KyIF k\u00e4sipallon naisten SM-sarjan ottelussa Hifk - KyIF Helsingin Urheilutalo 16. lokakuuta 2021. (Kalle Parkkinen\/Newspix24)"},{"@type":"BreadcrumbList","@id":"https:\/\/aktialiiga.fi\/naiset\/kausi-2021-2022\/ennakot-kausi-2021-2022\/kyif-ja-sif-paasevat-tositoimiin-sunnuntaina\/#breadcrumb","itemListElement":[{"@type":"ListItem","position":1,"name":"Etusivu","item":"https:\/\/aktialiiga.fi\/naiset\/"},{"@type":"ListItem","position":2,"name":"KyIF ja SIF p\u00e4\u00e4sev\u00e4t tositoimiin sunnuntaina"}]},{"@type":"WebSite","@id":"https:\/\/aktialiiga.fi\/naiset\/#website","url":"https:\/\/aktialiiga.fi\/naiset\/","name":"K\u00e4sipallon naisten Aktialiiga","description":"Valtakunnan vauhdikkainta palloilua!","publisher":{"@id":"https:\/\/aktialiiga.fi\/naiset\/#organization"},"potentialAction":[{"@type":"SearchAction","target":{"@type":"EntryPoint","urlTemplate":"https:\/\/aktialiiga.fi\/naiset\/?s={search_term_string}"},"query-input":{"@type":"PropertyValueSpecification","valueRequired":true,"valueName":"search_term_string"}}],"inLanguage":"fi"},{"@type":"Organization","@id":"https:\/\/aktialiiga.fi\/naiset\/#organization","name":"K\u00e4sipallon naisten Aktialiiga","url":"https:\/\/aktialiiga.fi\/naiset\/","logo":{"@type":"ImageObject","inLanguage":"fi","@id":"https:\/\/aktialiiga.fi\/naiset\/#\/schema\/logo\/image\/","url":"https:\/\/aktialiiga.fi\/naiset\/wp-content\/uploads\/sites\/6\/2024\/09\/Aktialiiga-Yoast-512.png","contentUrl":"https:\/\/aktialiiga.fi\/naiset\/wp-content\/uploads\/sites\/6\/2024\/09\/Aktialiiga-Yoast-512.png","width":512,"height":512,"caption":"K\u00e4sipallon naisten Aktialiiga"},"image":{"@id":"https:\/\/aktialiiga.fi\/naiset\/#\/schema\/logo\/image\/"},"sameAs":["https:\/\/www.facebook.com\/finnhandball","https:\/\/x.com\/finnhandball","https:\/\/www.instagram.com\/handballfinland\/"]},{"@type":"Person","@id":"https:\/\/aktialiiga.fi\/naiset\/#\/schema\/person\/c14bf42f47041db74603c45afcb18d87","name":"tbrmedia","image":{"@type":"ImageObject","inLanguage":"fi","@id":"https:\/\/secure.gravatar.com\/avatar\/ee975fa091fe581d12b60debb3439022686618368a7c142044c56724d4666b16?s=96&d=mm&r=g","url":"https:\/\/secure.gravatar.com\/avatar\/ee975fa091fe581d12b60debb3439022686618368a7c142044c56724d4666b16?s=96&d=mm&r=g","contentUrl":"https:\/\/secure.gravatar.com\/avatar\/ee975fa091fe581d12b60debb3439022686618368a7c142044c56724d4666b16?s=96&d=mm&r=g","caption":"tbrmedia"}}]}},"jetpack_featured_media_url":"https:\/\/aktialiiga.fi\/naiset\/wp-content\/uploads\/sites\/6\/2022\/01\/salminen_aini_kyif_2021-22.jpg","jetpack_sharing_enabled":true,"jetpack_shortlink":"https:\/\/wp.me\/pfYhm6-6rg","_links":{"self":[{"href":"https:\/\/aktialiiga.fi\/naiset\/wp-json\/wp\/v2\/posts\/24754","targetHints":{"allow":["GET"]}}],"collection":[{"href":"https:\/\/aktialiiga.fi\/naiset\/wp-json\/wp\/v2\/posts"}],"about":[{"href":"https:\/\/aktialiiga.fi\/naiset\/wp-json\/wp\/v2\/types\/post"}],"author":[{"embeddable":true,"href":"https:\/\/aktialiiga.fi\/naiset\/wp-json\/wp\/v2\/users\/13"}],"replies":[{"embeddable":true,"href":"https:\/\/aktialiiga.fi\/naiset\/wp-json\/wp\/v2\/comments?post=24754"}],"version-history":[{"count":0,"href":"https:\/\/aktialiiga.fi\/naiset\/wp-json\/wp\/v2\/posts\/24754\/revisions"}],"wp:featuredmedia":[{"embeddable":true,"href":"https:\/\/aktialiiga.fi\/naiset\/wp-json\/wp\/v2\/media\/24755"}],"wp:attachment":[{"href":"https:\/\/aktialiiga.fi\/naiset\/wp-json\/wp\/v2\/media?parent=24754"}],"wp:term":[{"taxonomy":"category","embeddable":true,"href":"https:\/\/aktialiiga.fi\/naiset\/wp-json\/wp\/v2\/categories?post=24754"},{"taxonomy":"post_tag","embeddable":true,"href":"https:\/\/aktialiiga.fi\/naiset\/wp-json\/wp\/v2\/tags?post=24754"}],"curies":[{"name":"wp","href":"https:\/\/api.w.org\/{rel}","templated":true}]}}