{"id":25508,"date":"2022-03-18T22:41:05","date_gmt":"2022-03-18T20:41:05","guid":{"rendered":"https:\/\/aktialiiga.fi\/naiset\/?p=25508"},"modified":"2022-03-19T08:48:34","modified_gmt":"2022-03-19T06:48:34","slug":"valierien-esimakua-lauantaina","status":"publish","type":"post","link":"https:\/\/aktialiiga.fi\/naiset\/kausi-2021-2022\/ennakot-kausi-2021-2022\/valierien-esimakua-lauantaina\/","title":{"rendered":"V\u00e4lierien esimakua lauantaina?"},"content":{"rendered":"<p>SM-sarjan tiukka pelitahti jatkuu jo lauantaina kahdella hyvin mielenkiintoisella ottelulla.<\/p>\n<p>Lauantain otteluihin l\u00e4hdet\u00e4\u00e4n sik\u00e4li hyvin selkeist\u00e4 l\u00e4ht\u00f6astelemat, ett\u00e4 runkosarjan k\u00e4rkikolmikko on jo selvill\u00e4. Dicken on varmistanut runkosarjan voiton, HIFK tulee toiseksi ja GrIFK kolmanneksi. SIF on t\u00e4ll\u00e4 hetkell\u00e4 tiukimmin kiinni viimeisess\u00e4 nelossijassa.<\/p>\n<p>GrIFK saa lauantaina kotikent\u00e4lleen HIFK:n ja SIF Dickenin. Samat joukkueet saattavat olla vastakkain my\u00f6s tulevissa v\u00e4lieriss\u00e4. HIFK ja GrIFK ovat jo varma ottelupari.<\/p>\n<p>Onkin mielenkiintoista n\u00e4hd\u00e4 pit\u00e4v\u00e4tk\u00f6 joukkueet viel\u00e4 \u00e4ss\u00e4ns\u00e4 tiukasti hihassa, vai kokeilevatko ne viel\u00e4 jotain uutta v\u00e4lier\u00e4sarjaa silm\u00e4ll\u00e4 pit\u00e4en. SIF sinet\u00f6isi nelj\u00e4nnen sijan voitolla.<\/p>\n<p><strong>SM-sarjan lauantain ottelut:<br \/>\n<\/strong>13.30 GrIFK-HIFK<strong><br \/>\n<\/strong>17.00 SIF-Dicken<\/p>\n<p>SolidSport n\u00e4ytt\u00e4\u00e4 kaikki ottelut suorina l\u00e4hetyksin\u00e4. Lis\u00e4tietoa l\u00f6ytyy\u00a0<a href=\"\/naiset\/solidsport\/\"><em>t\u00e4\u00e4lt\u00e4<\/em><\/a>.<\/p>\n","protected":false},"excerpt":{"rendered":"<p>SM-sarjan tiukka pelitahti jatkuu jo lauantaina kahdella hyvin mielenkiintoisella ottelulla. Lauantain otteluihin l\u00e4hdet\u00e4\u00e4n sik\u00e4li hyvin selkeist\u00e4 l\u00e4ht\u00f6astelemat, ett\u00e4 runkosarjan k\u00e4rkikolmikko on jo selvill\u00e4. Dicken on varmistanut runkosarjan voiton, HIFK tulee toiseksi ja GrIFK kolmanneksi. SIF on t\u00e4ll\u00e4 hetkell\u00e4 tiukimmin kiinni viimeisess\u00e4 nelossijassa. GrIFK saa lauantaina kotikent\u00e4lleen HIFK:n ja SIF Dickenin. Samat joukkueet saattavat olla vastakkain [&hellip;]<\/p>\n","protected":false},"author":13,"featured_media":25509,"comment_status":"closed","ping_status":"closed","sticky":false,"template":"","format":"standard","meta":{"_acf_changed":false,"jetpack_post_was_ever_published":false,"_jetpack_newsletter_access":"","_jetpack_dont_email_post_to_subs":false,"_jetpack_newsletter_tier_id":0,"_jetpack_memberships_contains_paywalled_content":false,"_jetpack_memberships_contains_paid_content":false,"footnotes":""},"categories":[188],"tags":[51,57,61,81],"class_list":["post-25508","post","type-post","status-publish","format-standard","has-post-thumbnail","hentry","category-ennakot-kausi-2021-2022","tag-dicken","tag-grifk","tag-hifk","tag-sif"],"acf":[],"yoast_head":"<!-- This site is optimized with the Yoast SEO plugin v27.5 - https:\/\/yoast.com\/product\/yoast-seo-wordpress\/ -->\n<title>V\u00e4lierien esimakua lauantaina? | K\u00e4sipallon naisten Aktialiiga<\/title>\n<meta name=\"robots\" content=\"index, follow, max-snippet:-1, max-image-preview:large, max-video-preview:-1\" \/>\n<link rel=\"canonical\" href=\"https:\/\/aktialiiga.fi\/naiset\/kausi-2021-2022\/ennakot-kausi-2021-2022\/valierien-esimakua-lauantaina\/\" \/>\n<meta property=\"og:locale\" content=\"fi_FI\" \/>\n<meta property=\"og:type\" content=\"article\" \/>\n<meta property=\"og:title\" content=\"V\u00e4lierien esimakua lauantaina? | K\u00e4sipallon naisten Aktialiiga\" \/>\n<meta property=\"og:description\" content=\"SM-sarjan tiukka pelitahti jatkuu jo lauantaina kahdella hyvin mielenkiintoisella ottelulla. Lauantain otteluihin l\u00e4hdet\u00e4\u00e4n sik\u00e4li hyvin selkeist\u00e4 l\u00e4ht\u00f6astelemat, ett\u00e4 runkosarjan k\u00e4rkikolmikko on jo selvill\u00e4. Dicken on varmistanut runkosarjan voiton, HIFK tulee toiseksi ja GrIFK kolmanneksi. SIF on t\u00e4ll\u00e4 hetkell\u00e4 tiukimmin kiinni viimeisess\u00e4 nelossijassa. GrIFK saa lauantaina kotikent\u00e4lleen HIFK:n ja SIF Dickenin. Samat joukkueet saattavat olla vastakkain [&hellip;]\" \/>\n<meta property=\"og:url\" content=\"https:\/\/aktialiiga.fi\/naiset\/kausi-2021-2022\/ennakot-kausi-2021-2022\/valierien-esimakua-lauantaina\/\" \/>\n<meta property=\"og:site_name\" content=\"K\u00e4sipallon naisten Aktialiiga\" \/>\n<meta property=\"article:publisher\" content=\"https:\/\/www.facebook.com\/finnhandball\" \/>\n<meta property=\"article:published_time\" content=\"2022-03-18T20:41:05+00:00\" \/>\n<meta property=\"article:modified_time\" content=\"2022-03-19T06:48:34+00:00\" \/>\n<meta property=\"og:image\" content=\"https:\/\/aktialiiga.fi\/naiset\/wp-content\/uploads\/sites\/6\/2022\/03\/laakso_laura_sif_21-22.jpg\" \/>\n\t<meta property=\"og:image:width\" content=\"1200\" \/>\n\t<meta property=\"og:image:height\" content=\"751\" \/>\n\t<meta property=\"og:image:type\" content=\"image\/jpeg\" \/>\n<meta name=\"author\" content=\"tbrmedia\" \/>\n<meta name=\"twitter:card\" content=\"summary_large_image\" \/>\n<meta name=\"twitter:creator\" content=\"@finnhandball\" \/>\n<meta name=\"twitter:site\" content=\"@finnhandball\" \/>\n<script type=\"application\/ld+json\" class=\"yoast-schema-graph\">{\"@context\":\"https:\\\/\\\/schema.org\",\"@graph\":[{\"@type\":\"Article\",\"@id\":\"https:\\\/\\\/aktialiiga.fi\\\/naiset\\\/kausi-2021-2022\\\/ennakot-kausi-2021-2022\\\/valierien-esimakua-lauantaina\\\/#article\",\"isPartOf\":{\"@id\":\"https:\\\/\\\/aktialiiga.fi\\\/naiset\\\/kausi-2021-2022\\\/ennakot-kausi-2021-2022\\\/valierien-esimakua-lauantaina\\\/\"},\"author\":{\"name\":\"tbrmedia\",\"@id\":\"https:\\\/\\\/aktialiiga.fi\\\/naiset\\\/#\\\/schema\\\/person\\\/c14bf42f47041db74603c45afcb18d87\"},\"headline\":\"V\u00e4lierien esimakua lauantaina?\",\"datePublished\":\"2022-03-18T20:41:05+00:00\",\"dateModified\":\"2022-03-19T06:48:34+00:00\",\"mainEntityOfPage\":{\"@id\":\"https:\\\/\\\/aktialiiga.fi\\\/naiset\\\/kausi-2021-2022\\\/ennakot-kausi-2021-2022\\\/valierien-esimakua-lauantaina\\\/\"},\"wordCount\":132,\"publisher\":{\"@id\":\"https:\\\/\\\/aktialiiga.fi\\\/naiset\\\/#organization\"},\"image\":{\"@id\":\"https:\\\/\\\/aktialiiga.fi\\\/naiset\\\/kausi-2021-2022\\\/ennakot-kausi-2021-2022\\\/valierien-esimakua-lauantaina\\\/#primaryimage\"},\"thumbnailUrl\":\"https:\\\/\\\/aktialiiga.fi\\\/naiset\\\/wp-content\\\/uploads\\\/sites\\\/6\\\/2022\\\/03\\\/laakso_laura_sif_21-22.jpg\",\"keywords\":[\"Dicken\",\"GrIFK\",\"HIFK\",\"SIF\"],\"articleSection\":[\"Ennakot\"],\"inLanguage\":\"fi\"},{\"@type\":\"WebPage\",\"@id\":\"https:\\\/\\\/aktialiiga.fi\\\/naiset\\\/kausi-2021-2022\\\/ennakot-kausi-2021-2022\\\/valierien-esimakua-lauantaina\\\/\",\"url\":\"https:\\\/\\\/aktialiiga.fi\\\/naiset\\\/kausi-2021-2022\\\/ennakot-kausi-2021-2022\\\/valierien-esimakua-lauantaina\\\/\",\"name\":\"V\u00e4lierien esimakua lauantaina? | K\u00e4sipallon naisten Aktialiiga\",\"isPartOf\":{\"@id\":\"https:\\\/\\\/aktialiiga.fi\\\/naiset\\\/#website\"},\"primaryImageOfPage\":{\"@id\":\"https:\\\/\\\/aktialiiga.fi\\\/naiset\\\/kausi-2021-2022\\\/ennakot-kausi-2021-2022\\\/valierien-esimakua-lauantaina\\\/#primaryimage\"},\"image\":{\"@id\":\"https:\\\/\\\/aktialiiga.fi\\\/naiset\\\/kausi-2021-2022\\\/ennakot-kausi-2021-2022\\\/valierien-esimakua-lauantaina\\\/#primaryimage\"},\"thumbnailUrl\":\"https:\\\/\\\/aktialiiga.fi\\\/naiset\\\/wp-content\\\/uploads\\\/sites\\\/6\\\/2022\\\/03\\\/laakso_laura_sif_21-22.jpg\",\"datePublished\":\"2022-03-18T20:41:05+00:00\",\"dateModified\":\"2022-03-19T06:48:34+00:00\",\"breadcrumb\":{\"@id\":\"https:\\\/\\\/aktialiiga.fi\\\/naiset\\\/kausi-2021-2022\\\/ennakot-kausi-2021-2022\\\/valierien-esimakua-lauantaina\\\/#breadcrumb\"},\"inLanguage\":\"fi\",\"potentialAction\":[{\"@type\":\"ReadAction\",\"target\":[\"https:\\\/\\\/aktialiiga.fi\\\/naiset\\\/kausi-2021-2022\\\/ennakot-kausi-2021-2022\\\/valierien-esimakua-lauantaina\\\/\"]}]},{\"@type\":\"ImageObject\",\"inLanguage\":\"fi\",\"@id\":\"https:\\\/\\\/aktialiiga.fi\\\/naiset\\\/kausi-2021-2022\\\/ennakot-kausi-2021-2022\\\/valierien-esimakua-lauantaina\\\/#primaryimage\",\"url\":\"https:\\\/\\\/aktialiiga.fi\\\/naiset\\\/wp-content\\\/uploads\\\/sites\\\/6\\\/2022\\\/03\\\/laakso_laura_sif_21-22.jpg\",\"contentUrl\":\"https:\\\/\\\/aktialiiga.fi\\\/naiset\\\/wp-content\\\/uploads\\\/sites\\\/6\\\/2022\\\/03\\\/laakso_laura_sif_21-22.jpg\",\"width\":1200,\"height\":751,\"caption\":\"Laura Laakso, SIF k\u00e4sipallon naisten SM-sarjan ottelussa Sjunde\u00e5 IF - Grankulla IFK Fennia Arenalla 18. syyskuuta 2021. (Kalle Parkkinen\\\/Newspix24)\"},{\"@type\":\"BreadcrumbList\",\"@id\":\"https:\\\/\\\/aktialiiga.fi\\\/naiset\\\/kausi-2021-2022\\\/ennakot-kausi-2021-2022\\\/valierien-esimakua-lauantaina\\\/#breadcrumb\",\"itemListElement\":[{\"@type\":\"ListItem\",\"position\":1,\"name\":\"Etusivu\",\"item\":\"https:\\\/\\\/aktialiiga.fi\\\/naiset\\\/\"},{\"@type\":\"ListItem\",\"position\":2,\"name\":\"V\u00e4lierien esimakua lauantaina?\"}]},{\"@type\":\"WebSite\",\"@id\":\"https:\\\/\\\/aktialiiga.fi\\\/naiset\\\/#website\",\"url\":\"https:\\\/\\\/aktialiiga.fi\\\/naiset\\\/\",\"name\":\"K\u00e4sipallon naisten Aktialiiga\",\"description\":\"Valtakunnan vauhdikkainta palloilua!\",\"publisher\":{\"@id\":\"https:\\\/\\\/aktialiiga.fi\\\/naiset\\\/#organization\"},\"potentialAction\":[{\"@type\":\"SearchAction\",\"target\":{\"@type\":\"EntryPoint\",\"urlTemplate\":\"https:\\\/\\\/aktialiiga.fi\\\/naiset\\\/?s={search_term_string}\"},\"query-input\":{\"@type\":\"PropertyValueSpecification\",\"valueRequired\":true,\"valueName\":\"search_term_string\"}}],\"inLanguage\":\"fi\"},{\"@type\":\"Organization\",\"@id\":\"https:\\\/\\\/aktialiiga.fi\\\/naiset\\\/#organization\",\"name\":\"K\u00e4sipallon naisten Aktialiiga\",\"url\":\"https:\\\/\\\/aktialiiga.fi\\\/naiset\\\/\",\"logo\":{\"@type\":\"ImageObject\",\"inLanguage\":\"fi\",\"@id\":\"https:\\\/\\\/aktialiiga.fi\\\/naiset\\\/#\\\/schema\\\/logo\\\/image\\\/\",\"url\":\"https:\\\/\\\/aktialiiga.fi\\\/naiset\\\/wp-content\\\/uploads\\\/sites\\\/6\\\/2024\\\/09\\\/Aktialiiga-Yoast-512.png\",\"contentUrl\":\"https:\\\/\\\/aktialiiga.fi\\\/naiset\\\/wp-content\\\/uploads\\\/sites\\\/6\\\/2024\\\/09\\\/Aktialiiga-Yoast-512.png\",\"width\":512,\"height\":512,\"caption\":\"K\u00e4sipallon naisten Aktialiiga\"},\"image\":{\"@id\":\"https:\\\/\\\/aktialiiga.fi\\\/naiset\\\/#\\\/schema\\\/logo\\\/image\\\/\"},\"sameAs\":[\"https:\\\/\\\/www.facebook.com\\\/finnhandball\",\"https:\\\/\\\/x.com\\\/finnhandball\",\"https:\\\/\\\/www.instagram.com\\\/handballfinland\\\/\"]},{\"@type\":\"Person\",\"@id\":\"https:\\\/\\\/aktialiiga.fi\\\/naiset\\\/#\\\/schema\\\/person\\\/c14bf42f47041db74603c45afcb18d87\",\"name\":\"tbrmedia\",\"image\":{\"@type\":\"ImageObject\",\"inLanguage\":\"fi\",\"@id\":\"https:\\\/\\\/secure.gravatar.com\\\/avatar\\\/ee975fa091fe581d12b60debb3439022686618368a7c142044c56724d4666b16?s=96&d=mm&r=g\",\"url\":\"https:\\\/\\\/secure.gravatar.com\\\/avatar\\\/ee975fa091fe581d12b60debb3439022686618368a7c142044c56724d4666b16?s=96&d=mm&r=g\",\"contentUrl\":\"https:\\\/\\\/secure.gravatar.com\\\/avatar\\\/ee975fa091fe581d12b60debb3439022686618368a7c142044c56724d4666b16?s=96&d=mm&r=g\",\"caption\":\"tbrmedia\"}}]}<\/script>\n<!-- \/ Yoast SEO plugin. -->","yoast_head_json":{"title":"V\u00e4lierien esimakua lauantaina? | K\u00e4sipallon naisten Aktialiiga","robots":{"index":"index","follow":"follow","max-snippet":"max-snippet:-1","max-image-preview":"max-image-preview:large","max-video-preview":"max-video-preview:-1"},"canonical":"https:\/\/aktialiiga.fi\/naiset\/kausi-2021-2022\/ennakot-kausi-2021-2022\/valierien-esimakua-lauantaina\/","og_locale":"fi_FI","og_type":"article","og_title":"V\u00e4lierien esimakua lauantaina? | K\u00e4sipallon naisten Aktialiiga","og_description":"SM-sarjan tiukka pelitahti jatkuu jo lauantaina kahdella hyvin mielenkiintoisella ottelulla. Lauantain otteluihin l\u00e4hdet\u00e4\u00e4n sik\u00e4li hyvin selkeist\u00e4 l\u00e4ht\u00f6astelemat, ett\u00e4 runkosarjan k\u00e4rkikolmikko on jo selvill\u00e4. Dicken on varmistanut runkosarjan voiton, HIFK tulee toiseksi ja GrIFK kolmanneksi. SIF on t\u00e4ll\u00e4 hetkell\u00e4 tiukimmin kiinni viimeisess\u00e4 nelossijassa. GrIFK saa lauantaina kotikent\u00e4lleen HIFK:n ja SIF Dickenin. Samat joukkueet saattavat olla vastakkain [&hellip;]","og_url":"https:\/\/aktialiiga.fi\/naiset\/kausi-2021-2022\/ennakot-kausi-2021-2022\/valierien-esimakua-lauantaina\/","og_site_name":"K\u00e4sipallon naisten Aktialiiga","article_publisher":"https:\/\/www.facebook.com\/finnhandball","article_published_time":"2022-03-18T20:41:05+00:00","article_modified_time":"2022-03-19T06:48:34+00:00","og_image":[{"width":1200,"height":751,"url":"https:\/\/aktialiiga.fi\/naiset\/wp-content\/uploads\/sites\/6\/2022\/03\/laakso_laura_sif_21-22.jpg","type":"image\/jpeg"}],"author":"tbrmedia","twitter_card":"summary_large_image","twitter_creator":"@finnhandball","twitter_site":"@finnhandball","schema":{"@context":"https:\/\/schema.org","@graph":[{"@type":"Article","@id":"https:\/\/aktialiiga.fi\/naiset\/kausi-2021-2022\/ennakot-kausi-2021-2022\/valierien-esimakua-lauantaina\/#article","isPartOf":{"@id":"https:\/\/aktialiiga.fi\/naiset\/kausi-2021-2022\/ennakot-kausi-2021-2022\/valierien-esimakua-lauantaina\/"},"author":{"name":"tbrmedia","@id":"https:\/\/aktialiiga.fi\/naiset\/#\/schema\/person\/c14bf42f47041db74603c45afcb18d87"},"headline":"V\u00e4lierien esimakua lauantaina?","datePublished":"2022-03-18T20:41:05+00:00","dateModified":"2022-03-19T06:48:34+00:00","mainEntityOfPage":{"@id":"https:\/\/aktialiiga.fi\/naiset\/kausi-2021-2022\/ennakot-kausi-2021-2022\/valierien-esimakua-lauantaina\/"},"wordCount":132,"publisher":{"@id":"https:\/\/aktialiiga.fi\/naiset\/#organization"},"image":{"@id":"https:\/\/aktialiiga.fi\/naiset\/kausi-2021-2022\/ennakot-kausi-2021-2022\/valierien-esimakua-lauantaina\/#primaryimage"},"thumbnailUrl":"https:\/\/aktialiiga.fi\/naiset\/wp-content\/uploads\/sites\/6\/2022\/03\/laakso_laura_sif_21-22.jpg","keywords":["Dicken","GrIFK","HIFK","SIF"],"articleSection":["Ennakot"],"inLanguage":"fi"},{"@type":"WebPage","@id":"https:\/\/aktialiiga.fi\/naiset\/kausi-2021-2022\/ennakot-kausi-2021-2022\/valierien-esimakua-lauantaina\/","url":"https:\/\/aktialiiga.fi\/naiset\/kausi-2021-2022\/ennakot-kausi-2021-2022\/valierien-esimakua-lauantaina\/","name":"V\u00e4lierien esimakua lauantaina? | K\u00e4sipallon naisten Aktialiiga","isPartOf":{"@id":"https:\/\/aktialiiga.fi\/naiset\/#website"},"primaryImageOfPage":{"@id":"https:\/\/aktialiiga.fi\/naiset\/kausi-2021-2022\/ennakot-kausi-2021-2022\/valierien-esimakua-lauantaina\/#primaryimage"},"image":{"@id":"https:\/\/aktialiiga.fi\/naiset\/kausi-2021-2022\/ennakot-kausi-2021-2022\/valierien-esimakua-lauantaina\/#primaryimage"},"thumbnailUrl":"https:\/\/aktialiiga.fi\/naiset\/wp-content\/uploads\/sites\/6\/2022\/03\/laakso_laura_sif_21-22.jpg","datePublished":"2022-03-18T20:41:05+00:00","dateModified":"2022-03-19T06:48:34+00:00","breadcrumb":{"@id":"https:\/\/aktialiiga.fi\/naiset\/kausi-2021-2022\/ennakot-kausi-2021-2022\/valierien-esimakua-lauantaina\/#breadcrumb"},"inLanguage":"fi","potentialAction":[{"@type":"ReadAction","target":["https:\/\/aktialiiga.fi\/naiset\/kausi-2021-2022\/ennakot-kausi-2021-2022\/valierien-esimakua-lauantaina\/"]}]},{"@type":"ImageObject","inLanguage":"fi","@id":"https:\/\/aktialiiga.fi\/naiset\/kausi-2021-2022\/ennakot-kausi-2021-2022\/valierien-esimakua-lauantaina\/#primaryimage","url":"https:\/\/aktialiiga.fi\/naiset\/wp-content\/uploads\/sites\/6\/2022\/03\/laakso_laura_sif_21-22.jpg","contentUrl":"https:\/\/aktialiiga.fi\/naiset\/wp-content\/uploads\/sites\/6\/2022\/03\/laakso_laura_sif_21-22.jpg","width":1200,"height":751,"caption":"Laura Laakso, SIF k\u00e4sipallon naisten SM-sarjan ottelussa Sjunde\u00e5 IF - Grankulla IFK Fennia Arenalla 18. syyskuuta 2021. (Kalle Parkkinen\/Newspix24)"},{"@type":"BreadcrumbList","@id":"https:\/\/aktialiiga.fi\/naiset\/kausi-2021-2022\/ennakot-kausi-2021-2022\/valierien-esimakua-lauantaina\/#breadcrumb","itemListElement":[{"@type":"ListItem","position":1,"name":"Etusivu","item":"https:\/\/aktialiiga.fi\/naiset\/"},{"@type":"ListItem","position":2,"name":"V\u00e4lierien esimakua lauantaina?"}]},{"@type":"WebSite","@id":"https:\/\/aktialiiga.fi\/naiset\/#website","url":"https:\/\/aktialiiga.fi\/naiset\/","name":"K\u00e4sipallon naisten Aktialiiga","description":"Valtakunnan vauhdikkainta palloilua!","publisher":{"@id":"https:\/\/aktialiiga.fi\/naiset\/#organization"},"potentialAction":[{"@type":"SearchAction","target":{"@type":"EntryPoint","urlTemplate":"https:\/\/aktialiiga.fi\/naiset\/?s={search_term_string}"},"query-input":{"@type":"PropertyValueSpecification","valueRequired":true,"valueName":"search_term_string"}}],"inLanguage":"fi"},{"@type":"Organization","@id":"https:\/\/aktialiiga.fi\/naiset\/#organization","name":"K\u00e4sipallon naisten Aktialiiga","url":"https:\/\/aktialiiga.fi\/naiset\/","logo":{"@type":"ImageObject","inLanguage":"fi","@id":"https:\/\/aktialiiga.fi\/naiset\/#\/schema\/logo\/image\/","url":"https:\/\/aktialiiga.fi\/naiset\/wp-content\/uploads\/sites\/6\/2024\/09\/Aktialiiga-Yoast-512.png","contentUrl":"https:\/\/aktialiiga.fi\/naiset\/wp-content\/uploads\/sites\/6\/2024\/09\/Aktialiiga-Yoast-512.png","width":512,"height":512,"caption":"K\u00e4sipallon naisten Aktialiiga"},"image":{"@id":"https:\/\/aktialiiga.fi\/naiset\/#\/schema\/logo\/image\/"},"sameAs":["https:\/\/www.facebook.com\/finnhandball","https:\/\/x.com\/finnhandball","https:\/\/www.instagram.com\/handballfinland\/"]},{"@type":"Person","@id":"https:\/\/aktialiiga.fi\/naiset\/#\/schema\/person\/c14bf42f47041db74603c45afcb18d87","name":"tbrmedia","image":{"@type":"ImageObject","inLanguage":"fi","@id":"https:\/\/secure.gravatar.com\/avatar\/ee975fa091fe581d12b60debb3439022686618368a7c142044c56724d4666b16?s=96&d=mm&r=g","url":"https:\/\/secure.gravatar.com\/avatar\/ee975fa091fe581d12b60debb3439022686618368a7c142044c56724d4666b16?s=96&d=mm&r=g","contentUrl":"https:\/\/secure.gravatar.com\/avatar\/ee975fa091fe581d12b60debb3439022686618368a7c142044c56724d4666b16?s=96&d=mm&r=g","caption":"tbrmedia"}}]}},"jetpack_featured_media_url":"https:\/\/aktialiiga.fi\/naiset\/wp-content\/uploads\/sites\/6\/2022\/03\/laakso_laura_sif_21-22.jpg","jetpack_sharing_enabled":true,"jetpack_shortlink":"https:\/\/wp.me\/pfYhm6-6Dq","_links":{"self":[{"href":"https:\/\/aktialiiga.fi\/naiset\/wp-json\/wp\/v2\/posts\/25508","targetHints":{"allow":["GET"]}}],"collection":[{"href":"https:\/\/aktialiiga.fi\/naiset\/wp-json\/wp\/v2\/posts"}],"about":[{"href":"https:\/\/aktialiiga.fi\/naiset\/wp-json\/wp\/v2\/types\/post"}],"author":[{"embeddable":true,"href":"https:\/\/aktialiiga.fi\/naiset\/wp-json\/wp\/v2\/users\/13"}],"replies":[{"embeddable":true,"href":"https:\/\/aktialiiga.fi\/naiset\/wp-json\/wp\/v2\/comments?post=25508"}],"version-history":[{"count":0,"href":"https:\/\/aktialiiga.fi\/naiset\/wp-json\/wp\/v2\/posts\/25508\/revisions"}],"wp:featuredmedia":[{"embeddable":true,"href":"https:\/\/aktialiiga.fi\/naiset\/wp-json\/wp\/v2\/media\/25509"}],"wp:attachment":[{"href":"https:\/\/aktialiiga.fi\/naiset\/wp-json\/wp\/v2\/media?parent=25508"}],"wp:term":[{"taxonomy":"category","embeddable":true,"href":"https:\/\/aktialiiga.fi\/naiset\/wp-json\/wp\/v2\/categories?post=25508"},{"taxonomy":"post_tag","embeddable":true,"href":"https:\/\/aktialiiga.fi\/naiset\/wp-json\/wp\/v2\/tags?post=25508"}],"curies":[{"name":"wp","href":"https:\/\/api.w.org\/{rel}","templated":true}]}}