{"id":2650,"date":"2012-09-09T10:39:06","date_gmt":"2012-09-09T07:39:06","guid":{"rendered":"https:\/\/www.finnhandball.net\/nsm\/?p=2650"},"modified":"2024-08-28T18:31:36","modified_gmt":"2024-08-28T15:31:36","slug":"sm-sarjassa-tukku-uusia-vanhoja-valmentajia","status":"publish","type":"post","link":"https:\/\/aktialiiga.fi\/naiset\/ajankohtaista\/sm-sarjassa-tukku-uusia-vanhoja-valmentajia\/","title":{"rendered":"SM-sarjassa tukku uusia vanhoja valmentajia"},"content":{"rendered":"<p>Naisten SM-sarjan kausi alkaa, asetelmat ovat eritt\u00e4in mielenkiintoiset ja tasaiset. Mestaruutta havitellaan monella paikkakunnalla.<\/p>\n<p><!--more--><\/p>\n<p>Kev\u00e4\u00e4ll\u00e4 mestaruutta juhli HIFK ly\u00f6ty\u00e4\u00e4n finaaleissa sisarseuransa GrIFK:n Kauniaisista. Pronssiset mitalit nappasi Sparta IF ennen SIF:\u00e4\u00e4.<\/p>\n<p>Mitalikolmikolla on kaikilla tavalla tai toisella uudistunut valmennus alkavalle kaudelle. Markus Thome p\u00e4\u00e4tti toistaiseksi valmennusuransa naisten parissa mestaruuteen. P\u00e4\u00e4valmentajaksi punanutuissa nousi kakkosvalmentaja Bj\u00f6rn &#8221;Nalle&#8221; Nylund. Granin per\u00e4simess\u00e4 jatkaa Gustaf Ahlroos, joka saa nyt avukseen kokeneen Birgitta Lindholmin ja Spartan valmennusvastuun ottaa Jarmo Weckstr\u00f6min, joka korvaa Dickeniin siirtyneen Jani Vaskolan.<\/p>\n<p>My\u00f6s \u00c5IFK (Viljami Saastamoinen, Cocks naiset) ja KyIF (Tomi Salminen, \u00c5IFK miehet) saivat uudet k\u00e4skytt\u00e4j\u00e4t alkavalle kaudelle. Atlaksen uusi p\u00e4\u00e4valmentaja on vantaalaisille tuttu Toni Kallio,\u00a0 joka siirtyi Cocksin miesten joukkueen per\u00e4simest\u00e4 takaisin p\u00e4\u00e4kaupunkiseudulle. Siuntion uusi valmentaja on Boris Tjsahovski.<\/p>\n<p>Kuka valmentajista saa heti alkukaudesta pelitapansa iskostettua pelaajien selk\u00e4rankaan? Kuluneen sanonnan mukaan mestaruutta ei voi alkukaudesta voittaa, mutta syksyn heikoilla peliesityksill\u00e4 ja negatiivisella kierteell\u00e4 tavoitteiden saavuttaminen on takuulla vaikeampaa.<\/p>\n<p><strong> <\/strong><\/p>\n<p><strong> <\/strong>Vuoden verran paluunsa j\u00e4lkeen p\u00e4\u00e4sarjassa pelannut Dicken onnistui mainiosti my\u00f6s naisten siirtomarkkinoilla. Kolmikko Anna Lindholm, Salla Karjalainen ja Carolina B\u00f6ckelman siirtyiv\u00e4t joukkueeseen Spartasta ja muusikkonakin hienosti menestynyt Pernilla Karlsson vaihtoi Siuntion keltaisen paidan Dickenin punaiseen. Kun t\u00e4h\u00e4n lis\u00e4t\u00e4\u00e4n kokenut ja menestym\u00e4\u00e4n tottunut uusi valmentaja Jani Vaskola, on Dicken yksi mestaruutta puolustavan HIFK:n kovimmista haastajista.<\/p>\n<p>Viime kauden mitalistit ovat alkavallakin kaudella varmasti sarjan k\u00e4rkip\u00e4\u00e4ss\u00e4, suuria romahduksia ei ole odotettavissa. Ennakkoon ajatellen mukaan mitalitaisteluun on ilmoittautumassa my\u00f6s toisen per\u00e4kk\u00e4isen SM-sarjakautensa aloittava Dicken sek\u00e4 aina vahva BK-46.<\/p>\n<p>&nbsp;<\/p>\n<p><strong>Ensimm\u00e4iset ottelut:<\/strong><\/p>\n<p>la 15.09. GrIFK &#8211; BK-46<\/p>\n<p>la 15.09. KyIF &#8211; SIF<\/p>\n<p>la 15.09. Sparta &#8211; \u00c5IFK<\/p>\n<p>su 16.09. HIFK &#8211; Atlas<\/p>\n<p>&nbsp;<\/p>\n<p>&nbsp;<\/p>\n","protected":false},"excerpt":{"rendered":"<p>Naisten SM-sarjan kausi alkaa, asetelmat ovat eritt\u00e4in mielenkiintoiset ja tasaiset. Mestaruutta havitellaan monella paikkakunnalla.<\/p>\n","protected":false},"author":13,"featured_media":802,"comment_status":"closed","ping_status":"closed","sticky":false,"template":"","format":"standard","meta":{"_acf_changed":false,"jetpack_post_was_ever_published":false,"_jetpack_newsletter_access":"","_jetpack_dont_email_post_to_subs":false,"_jetpack_newsletter_tier_id":0,"_jetpack_memberships_contains_paywalled_content":false,"_jetpack_memberships_contains_paid_content":false,"footnotes":""},"categories":[2],"tags":[48,49,51,57,61,67,81,84,45],"class_list":["post-2650","post","type-post","status-publish","format-standard","has-post-thumbnail","hentry","category-ajankohtaista","tag-atlas","tag-bk-46","tag-dicken","tag-grifk","tag-hifk","tag-kyif","tag-sif","tag-sparta","tag-aifk"],"acf":[],"yoast_head":"<!-- This site is optimized with the Yoast SEO plugin v27.5 - https:\/\/yoast.com\/product\/yoast-seo-wordpress\/ -->\n<title>SM-sarjassa tukku uusia vanhoja valmentajia | K\u00e4sipallon naisten Aktialiiga<\/title>\n<meta name=\"robots\" content=\"index, follow, max-snippet:-1, max-image-preview:large, max-video-preview:-1\" \/>\n<link rel=\"canonical\" href=\"https:\/\/aktialiiga.fi\/naiset\/ajankohtaista\/sm-sarjassa-tukku-uusia-vanhoja-valmentajia\/\" \/>\n<meta property=\"og:locale\" content=\"fi_FI\" \/>\n<meta property=\"og:type\" content=\"article\" \/>\n<meta property=\"og:title\" content=\"SM-sarjassa tukku uusia vanhoja valmentajia | K\u00e4sipallon naisten Aktialiiga\" \/>\n<meta property=\"og:description\" content=\"Naisten SM-sarjan kausi alkaa, asetelmat ovat eritt\u00e4in mielenkiintoiset ja tasaiset. Mestaruutta havitellaan monella paikkakunnalla.\" \/>\n<meta property=\"og:url\" content=\"https:\/\/aktialiiga.fi\/naiset\/ajankohtaista\/sm-sarjassa-tukku-uusia-vanhoja-valmentajia\/\" \/>\n<meta property=\"og:site_name\" content=\"K\u00e4sipallon naisten Aktialiiga\" \/>\n<meta property=\"article:publisher\" content=\"https:\/\/www.facebook.com\/finnhandball\" \/>\n<meta property=\"article:published_time\" content=\"2012-09-09T07:39:06+00:00\" \/>\n<meta property=\"article:modified_time\" content=\"2024-08-28T15:31:36+00:00\" \/>\n<meta property=\"og:image\" content=\"https:\/\/aktialiiga.fi\/naiset\/wp-content\/uploads\/sites\/6\/2011\/09\/naisten-sm-sarja_300.png\" \/>\n\t<meta property=\"og:image:width\" content=\"260\" \/>\n\t<meta property=\"og:image:height\" content=\"290\" \/>\n\t<meta property=\"og:image:type\" content=\"image\/png\" \/>\n<meta name=\"author\" content=\"tbrmedia\" \/>\n<meta name=\"twitter:card\" content=\"summary_large_image\" \/>\n<meta name=\"twitter:creator\" content=\"@finnhandball\" \/>\n<meta name=\"twitter:site\" content=\"@finnhandball\" \/>\n<script type=\"application\/ld+json\" class=\"yoast-schema-graph\">{\"@context\":\"https:\\\/\\\/schema.org\",\"@graph\":[{\"@type\":\"Article\",\"@id\":\"https:\\\/\\\/aktialiiga.fi\\\/naiset\\\/ajankohtaista\\\/sm-sarjassa-tukku-uusia-vanhoja-valmentajia\\\/#article\",\"isPartOf\":{\"@id\":\"https:\\\/\\\/aktialiiga.fi\\\/naiset\\\/ajankohtaista\\\/sm-sarjassa-tukku-uusia-vanhoja-valmentajia\\\/\"},\"author\":{\"name\":\"tbrmedia\",\"@id\":\"https:\\\/\\\/aktialiiga.fi\\\/naiset\\\/#\\\/schema\\\/person\\\/c14bf42f47041db74603c45afcb18d87\"},\"headline\":\"SM-sarjassa tukku uusia vanhoja valmentajia\",\"datePublished\":\"2012-09-09T07:39:06+00:00\",\"dateModified\":\"2024-08-28T15:31:36+00:00\",\"mainEntityOfPage\":{\"@id\":\"https:\\\/\\\/aktialiiga.fi\\\/naiset\\\/ajankohtaista\\\/sm-sarjassa-tukku-uusia-vanhoja-valmentajia\\\/\"},\"wordCount\":292,\"publisher\":{\"@id\":\"https:\\\/\\\/aktialiiga.fi\\\/naiset\\\/#organization\"},\"image\":{\"@id\":\"https:\\\/\\\/aktialiiga.fi\\\/naiset\\\/ajankohtaista\\\/sm-sarjassa-tukku-uusia-vanhoja-valmentajia\\\/#primaryimage\"},\"thumbnailUrl\":\"https:\\\/\\\/aktialiiga.fi\\\/naiset\\\/wp-content\\\/uploads\\\/sites\\\/6\\\/2011\\\/09\\\/naisten-sm-sarja_300.png\",\"keywords\":[\"Atlas\",\"BK-46\",\"Dicken\",\"GrIFK\",\"HIFK\",\"KyIF\",\"SIF\",\"Sparta\",\"\u00c5IFK\"],\"articleSection\":[\"Ajankohtaista\"],\"inLanguage\":\"fi\"},{\"@type\":\"WebPage\",\"@id\":\"https:\\\/\\\/aktialiiga.fi\\\/naiset\\\/ajankohtaista\\\/sm-sarjassa-tukku-uusia-vanhoja-valmentajia\\\/\",\"url\":\"https:\\\/\\\/aktialiiga.fi\\\/naiset\\\/ajankohtaista\\\/sm-sarjassa-tukku-uusia-vanhoja-valmentajia\\\/\",\"name\":\"SM-sarjassa tukku uusia vanhoja valmentajia | K\u00e4sipallon naisten Aktialiiga\",\"isPartOf\":{\"@id\":\"https:\\\/\\\/aktialiiga.fi\\\/naiset\\\/#website\"},\"primaryImageOfPage\":{\"@id\":\"https:\\\/\\\/aktialiiga.fi\\\/naiset\\\/ajankohtaista\\\/sm-sarjassa-tukku-uusia-vanhoja-valmentajia\\\/#primaryimage\"},\"image\":{\"@id\":\"https:\\\/\\\/aktialiiga.fi\\\/naiset\\\/ajankohtaista\\\/sm-sarjassa-tukku-uusia-vanhoja-valmentajia\\\/#primaryimage\"},\"thumbnailUrl\":\"https:\\\/\\\/aktialiiga.fi\\\/naiset\\\/wp-content\\\/uploads\\\/sites\\\/6\\\/2011\\\/09\\\/naisten-sm-sarja_300.png\",\"datePublished\":\"2012-09-09T07:39:06+00:00\",\"dateModified\":\"2024-08-28T15:31:36+00:00\",\"breadcrumb\":{\"@id\":\"https:\\\/\\\/aktialiiga.fi\\\/naiset\\\/ajankohtaista\\\/sm-sarjassa-tukku-uusia-vanhoja-valmentajia\\\/#breadcrumb\"},\"inLanguage\":\"fi\",\"potentialAction\":[{\"@type\":\"ReadAction\",\"target\":[\"https:\\\/\\\/aktialiiga.fi\\\/naiset\\\/ajankohtaista\\\/sm-sarjassa-tukku-uusia-vanhoja-valmentajia\\\/\"]}]},{\"@type\":\"ImageObject\",\"inLanguage\":\"fi\",\"@id\":\"https:\\\/\\\/aktialiiga.fi\\\/naiset\\\/ajankohtaista\\\/sm-sarjassa-tukku-uusia-vanhoja-valmentajia\\\/#primaryimage\",\"url\":\"https:\\\/\\\/aktialiiga.fi\\\/naiset\\\/wp-content\\\/uploads\\\/sites\\\/6\\\/2011\\\/09\\\/naisten-sm-sarja_300.png\",\"contentUrl\":\"https:\\\/\\\/aktialiiga.fi\\\/naiset\\\/wp-content\\\/uploads\\\/sites\\\/6\\\/2011\\\/09\\\/naisten-sm-sarja_300.png\",\"width\":260,\"height\":290,\"caption\":\"K\u00e4sipallon naisten SM-sarja\"},{\"@type\":\"BreadcrumbList\",\"@id\":\"https:\\\/\\\/aktialiiga.fi\\\/naiset\\\/ajankohtaista\\\/sm-sarjassa-tukku-uusia-vanhoja-valmentajia\\\/#breadcrumb\",\"itemListElement\":[{\"@type\":\"ListItem\",\"position\":1,\"name\":\"Etusivu\",\"item\":\"https:\\\/\\\/aktialiiga.fi\\\/naiset\\\/\"},{\"@type\":\"ListItem\",\"position\":2,\"name\":\"SM-sarjassa tukku uusia vanhoja valmentajia\"}]},{\"@type\":\"WebSite\",\"@id\":\"https:\\\/\\\/aktialiiga.fi\\\/naiset\\\/#website\",\"url\":\"https:\\\/\\\/aktialiiga.fi\\\/naiset\\\/\",\"name\":\"K\u00e4sipallon naisten Aktialiiga\",\"description\":\"Valtakunnan vauhdikkainta palloilua!\",\"publisher\":{\"@id\":\"https:\\\/\\\/aktialiiga.fi\\\/naiset\\\/#organization\"},\"potentialAction\":[{\"@type\":\"SearchAction\",\"target\":{\"@type\":\"EntryPoint\",\"urlTemplate\":\"https:\\\/\\\/aktialiiga.fi\\\/naiset\\\/?s={search_term_string}\"},\"query-input\":{\"@type\":\"PropertyValueSpecification\",\"valueRequired\":true,\"valueName\":\"search_term_string\"}}],\"inLanguage\":\"fi\"},{\"@type\":\"Organization\",\"@id\":\"https:\\\/\\\/aktialiiga.fi\\\/naiset\\\/#organization\",\"name\":\"K\u00e4sipallon naisten Aktialiiga\",\"url\":\"https:\\\/\\\/aktialiiga.fi\\\/naiset\\\/\",\"logo\":{\"@type\":\"ImageObject\",\"inLanguage\":\"fi\",\"@id\":\"https:\\\/\\\/aktialiiga.fi\\\/naiset\\\/#\\\/schema\\\/logo\\\/image\\\/\",\"url\":\"https:\\\/\\\/aktialiiga.fi\\\/naiset\\\/wp-content\\\/uploads\\\/sites\\\/6\\\/2024\\\/09\\\/Aktialiiga-Yoast-512.png\",\"contentUrl\":\"https:\\\/\\\/aktialiiga.fi\\\/naiset\\\/wp-content\\\/uploads\\\/sites\\\/6\\\/2024\\\/09\\\/Aktialiiga-Yoast-512.png\",\"width\":512,\"height\":512,\"caption\":\"K\u00e4sipallon naisten Aktialiiga\"},\"image\":{\"@id\":\"https:\\\/\\\/aktialiiga.fi\\\/naiset\\\/#\\\/schema\\\/logo\\\/image\\\/\"},\"sameAs\":[\"https:\\\/\\\/www.facebook.com\\\/finnhandball\",\"https:\\\/\\\/x.com\\\/finnhandball\",\"https:\\\/\\\/www.instagram.com\\\/handballfinland\\\/\"]},{\"@type\":\"Person\",\"@id\":\"https:\\\/\\\/aktialiiga.fi\\\/naiset\\\/#\\\/schema\\\/person\\\/c14bf42f47041db74603c45afcb18d87\",\"name\":\"tbrmedia\",\"image\":{\"@type\":\"ImageObject\",\"inLanguage\":\"fi\",\"@id\":\"https:\\\/\\\/secure.gravatar.com\\\/avatar\\\/ee975fa091fe581d12b60debb3439022686618368a7c142044c56724d4666b16?s=96&d=mm&r=g\",\"url\":\"https:\\\/\\\/secure.gravatar.com\\\/avatar\\\/ee975fa091fe581d12b60debb3439022686618368a7c142044c56724d4666b16?s=96&d=mm&r=g\",\"contentUrl\":\"https:\\\/\\\/secure.gravatar.com\\\/avatar\\\/ee975fa091fe581d12b60debb3439022686618368a7c142044c56724d4666b16?s=96&d=mm&r=g\",\"caption\":\"tbrmedia\"}}]}<\/script>\n<!-- \/ Yoast SEO plugin. -->","yoast_head_json":{"title":"SM-sarjassa tukku uusia vanhoja valmentajia | K\u00e4sipallon naisten Aktialiiga","robots":{"index":"index","follow":"follow","max-snippet":"max-snippet:-1","max-image-preview":"max-image-preview:large","max-video-preview":"max-video-preview:-1"},"canonical":"https:\/\/aktialiiga.fi\/naiset\/ajankohtaista\/sm-sarjassa-tukku-uusia-vanhoja-valmentajia\/","og_locale":"fi_FI","og_type":"article","og_title":"SM-sarjassa tukku uusia vanhoja valmentajia | K\u00e4sipallon naisten Aktialiiga","og_description":"Naisten SM-sarjan kausi alkaa, asetelmat ovat eritt\u00e4in mielenkiintoiset ja tasaiset. Mestaruutta havitellaan monella paikkakunnalla.","og_url":"https:\/\/aktialiiga.fi\/naiset\/ajankohtaista\/sm-sarjassa-tukku-uusia-vanhoja-valmentajia\/","og_site_name":"K\u00e4sipallon naisten Aktialiiga","article_publisher":"https:\/\/www.facebook.com\/finnhandball","article_published_time":"2012-09-09T07:39:06+00:00","article_modified_time":"2024-08-28T15:31:36+00:00","og_image":[{"width":260,"height":290,"url":"https:\/\/aktialiiga.fi\/naiset\/wp-content\/uploads\/sites\/6\/2011\/09\/naisten-sm-sarja_300.png","type":"image\/png"}],"author":"tbrmedia","twitter_card":"summary_large_image","twitter_creator":"@finnhandball","twitter_site":"@finnhandball","schema":{"@context":"https:\/\/schema.org","@graph":[{"@type":"Article","@id":"https:\/\/aktialiiga.fi\/naiset\/ajankohtaista\/sm-sarjassa-tukku-uusia-vanhoja-valmentajia\/#article","isPartOf":{"@id":"https:\/\/aktialiiga.fi\/naiset\/ajankohtaista\/sm-sarjassa-tukku-uusia-vanhoja-valmentajia\/"},"author":{"name":"tbrmedia","@id":"https:\/\/aktialiiga.fi\/naiset\/#\/schema\/person\/c14bf42f47041db74603c45afcb18d87"},"headline":"SM-sarjassa tukku uusia vanhoja valmentajia","datePublished":"2012-09-09T07:39:06+00:00","dateModified":"2024-08-28T15:31:36+00:00","mainEntityOfPage":{"@id":"https:\/\/aktialiiga.fi\/naiset\/ajankohtaista\/sm-sarjassa-tukku-uusia-vanhoja-valmentajia\/"},"wordCount":292,"publisher":{"@id":"https:\/\/aktialiiga.fi\/naiset\/#organization"},"image":{"@id":"https:\/\/aktialiiga.fi\/naiset\/ajankohtaista\/sm-sarjassa-tukku-uusia-vanhoja-valmentajia\/#primaryimage"},"thumbnailUrl":"https:\/\/aktialiiga.fi\/naiset\/wp-content\/uploads\/sites\/6\/2011\/09\/naisten-sm-sarja_300.png","keywords":["Atlas","BK-46","Dicken","GrIFK","HIFK","KyIF","SIF","Sparta","\u00c5IFK"],"articleSection":["Ajankohtaista"],"inLanguage":"fi"},{"@type":"WebPage","@id":"https:\/\/aktialiiga.fi\/naiset\/ajankohtaista\/sm-sarjassa-tukku-uusia-vanhoja-valmentajia\/","url":"https:\/\/aktialiiga.fi\/naiset\/ajankohtaista\/sm-sarjassa-tukku-uusia-vanhoja-valmentajia\/","name":"SM-sarjassa tukku uusia vanhoja valmentajia | K\u00e4sipallon naisten Aktialiiga","isPartOf":{"@id":"https:\/\/aktialiiga.fi\/naiset\/#website"},"primaryImageOfPage":{"@id":"https:\/\/aktialiiga.fi\/naiset\/ajankohtaista\/sm-sarjassa-tukku-uusia-vanhoja-valmentajia\/#primaryimage"},"image":{"@id":"https:\/\/aktialiiga.fi\/naiset\/ajankohtaista\/sm-sarjassa-tukku-uusia-vanhoja-valmentajia\/#primaryimage"},"thumbnailUrl":"https:\/\/aktialiiga.fi\/naiset\/wp-content\/uploads\/sites\/6\/2011\/09\/naisten-sm-sarja_300.png","datePublished":"2012-09-09T07:39:06+00:00","dateModified":"2024-08-28T15:31:36+00:00","breadcrumb":{"@id":"https:\/\/aktialiiga.fi\/naiset\/ajankohtaista\/sm-sarjassa-tukku-uusia-vanhoja-valmentajia\/#breadcrumb"},"inLanguage":"fi","potentialAction":[{"@type":"ReadAction","target":["https:\/\/aktialiiga.fi\/naiset\/ajankohtaista\/sm-sarjassa-tukku-uusia-vanhoja-valmentajia\/"]}]},{"@type":"ImageObject","inLanguage":"fi","@id":"https:\/\/aktialiiga.fi\/naiset\/ajankohtaista\/sm-sarjassa-tukku-uusia-vanhoja-valmentajia\/#primaryimage","url":"https:\/\/aktialiiga.fi\/naiset\/wp-content\/uploads\/sites\/6\/2011\/09\/naisten-sm-sarja_300.png","contentUrl":"https:\/\/aktialiiga.fi\/naiset\/wp-content\/uploads\/sites\/6\/2011\/09\/naisten-sm-sarja_300.png","width":260,"height":290,"caption":"K\u00e4sipallon naisten SM-sarja"},{"@type":"BreadcrumbList","@id":"https:\/\/aktialiiga.fi\/naiset\/ajankohtaista\/sm-sarjassa-tukku-uusia-vanhoja-valmentajia\/#breadcrumb","itemListElement":[{"@type":"ListItem","position":1,"name":"Etusivu","item":"https:\/\/aktialiiga.fi\/naiset\/"},{"@type":"ListItem","position":2,"name":"SM-sarjassa tukku uusia vanhoja valmentajia"}]},{"@type":"WebSite","@id":"https:\/\/aktialiiga.fi\/naiset\/#website","url":"https:\/\/aktialiiga.fi\/naiset\/","name":"K\u00e4sipallon naisten Aktialiiga","description":"Valtakunnan vauhdikkainta palloilua!","publisher":{"@id":"https:\/\/aktialiiga.fi\/naiset\/#organization"},"potentialAction":[{"@type":"SearchAction","target":{"@type":"EntryPoint","urlTemplate":"https:\/\/aktialiiga.fi\/naiset\/?s={search_term_string}"},"query-input":{"@type":"PropertyValueSpecification","valueRequired":true,"valueName":"search_term_string"}}],"inLanguage":"fi"},{"@type":"Organization","@id":"https:\/\/aktialiiga.fi\/naiset\/#organization","name":"K\u00e4sipallon naisten Aktialiiga","url":"https:\/\/aktialiiga.fi\/naiset\/","logo":{"@type":"ImageObject","inLanguage":"fi","@id":"https:\/\/aktialiiga.fi\/naiset\/#\/schema\/logo\/image\/","url":"https:\/\/aktialiiga.fi\/naiset\/wp-content\/uploads\/sites\/6\/2024\/09\/Aktialiiga-Yoast-512.png","contentUrl":"https:\/\/aktialiiga.fi\/naiset\/wp-content\/uploads\/sites\/6\/2024\/09\/Aktialiiga-Yoast-512.png","width":512,"height":512,"caption":"K\u00e4sipallon naisten Aktialiiga"},"image":{"@id":"https:\/\/aktialiiga.fi\/naiset\/#\/schema\/logo\/image\/"},"sameAs":["https:\/\/www.facebook.com\/finnhandball","https:\/\/x.com\/finnhandball","https:\/\/www.instagram.com\/handballfinland\/"]},{"@type":"Person","@id":"https:\/\/aktialiiga.fi\/naiset\/#\/schema\/person\/c14bf42f47041db74603c45afcb18d87","name":"tbrmedia","image":{"@type":"ImageObject","inLanguage":"fi","@id":"https:\/\/secure.gravatar.com\/avatar\/ee975fa091fe581d12b60debb3439022686618368a7c142044c56724d4666b16?s=96&d=mm&r=g","url":"https:\/\/secure.gravatar.com\/avatar\/ee975fa091fe581d12b60debb3439022686618368a7c142044c56724d4666b16?s=96&d=mm&r=g","contentUrl":"https:\/\/secure.gravatar.com\/avatar\/ee975fa091fe581d12b60debb3439022686618368a7c142044c56724d4666b16?s=96&d=mm&r=g","caption":"tbrmedia"}}]}},"jetpack_featured_media_url":"https:\/\/aktialiiga.fi\/naiset\/wp-content\/uploads\/sites\/6\/2011\/09\/naisten-sm-sarja_300.png","jetpack_sharing_enabled":true,"jetpack_shortlink":"https:\/\/wp.me\/pfYhm6-GK","_links":{"self":[{"href":"https:\/\/aktialiiga.fi\/naiset\/wp-json\/wp\/v2\/posts\/2650","targetHints":{"allow":["GET"]}}],"collection":[{"href":"https:\/\/aktialiiga.fi\/naiset\/wp-json\/wp\/v2\/posts"}],"about":[{"href":"https:\/\/aktialiiga.fi\/naiset\/wp-json\/wp\/v2\/types\/post"}],"author":[{"embeddable":true,"href":"https:\/\/aktialiiga.fi\/naiset\/wp-json\/wp\/v2\/users\/13"}],"replies":[{"embeddable":true,"href":"https:\/\/aktialiiga.fi\/naiset\/wp-json\/wp\/v2\/comments?post=2650"}],"version-history":[{"count":1,"href":"https:\/\/aktialiiga.fi\/naiset\/wp-json\/wp\/v2\/posts\/2650\/revisions"}],"predecessor-version":[{"id":39780,"href":"https:\/\/aktialiiga.fi\/naiset\/wp-json\/wp\/v2\/posts\/2650\/revisions\/39780"}],"wp:featuredmedia":[{"embeddable":true,"href":"https:\/\/aktialiiga.fi\/naiset\/wp-json\/wp\/v2\/media\/802"}],"wp:attachment":[{"href":"https:\/\/aktialiiga.fi\/naiset\/wp-json\/wp\/v2\/media?parent=2650"}],"wp:term":[{"taxonomy":"category","embeddable":true,"href":"https:\/\/aktialiiga.fi\/naiset\/wp-json\/wp\/v2\/categories?post=2650"},{"taxonomy":"post_tag","embeddable":true,"href":"https:\/\/aktialiiga.fi\/naiset\/wp-json\/wp\/v2\/tags?post=2650"}],"curies":[{"name":"wp","href":"https:\/\/api.w.org\/{rel}","templated":true}]}}