{"id":29715,"date":"2022-11-11T11:38:35","date_gmt":"2022-11-11T09:38:35","guid":{"rendered":"https:\/\/aktialiiga.fi\/naiset\/?p=29715"},"modified":"2022-11-11T11:38:35","modified_gmt":"2022-11-11T09:38:35","slug":"sm-sarja-palaa-lauantaina-tositoimiin-hifk-ja-grifk-karkipelissa","status":"publish","type":"post","link":"https:\/\/aktialiiga.fi\/naiset\/kausi-2022-2023\/sm-sarja-palaa-lauantaina-tositoimiin-hifk-ja-grifk-karkipelissa\/","title":{"rendered":"SM-sarja palaa lauantaina tositoimiin &#8211; HIFK ja GrIFK k\u00e4rkipeliss\u00e4"},"content":{"rendered":"<p>SM-sarja palaa maajoukkuetauon j\u00e4lkeen tositoimiin kahdella ottelulla.<\/p>\n<p>Lauantaina n\u00e4hd\u00e4\u00e4n kaksi eritt\u00e4in mielenkiintoista kohtaamista. P\u00e4iv\u00e4 alkaa kahden k\u00e4rkijoukkueen ottelulla, kun HIFK ja GrIFK iskev\u00e4t yhteen Helsingiss\u00e4. Molemmat joukkueet ovat voittaneet kolme ensimm\u00e4ist\u00e4 peli\u00e4\u00e4n ja ovat n\u00e4in puhtaalla pelill\u00e4. Kahdessa ensimm\u00e4isess\u00e4 ottelussaan HIFK haki viel\u00e4 pei\u00e4\u00e4n, mutta osoitti iskukykyns\u00e4 peitotessaan edellisottelussa Dickenin Pirkkolassa niukasti 32-29. GrIFK on hoitanut niin ik\u00e4\u00e4n kolme aiempaa peli\u00e4 nimiins\u00e4, mutta joutuu nyt ensimm\u00e4ist\u00e4 kertaa todelliseen testiin HIFK:n vieraana. Luvassa onkin j\u00e4nnitt\u00e4v\u00e4 ja tasainen kamppailu.<\/p>\n<p>Lauantain toisestakaan ottelusta ei mielenkiintoa puutu, kun V\u00e4stnylandsderbyss\u00e4 SIF saa kotikent\u00e4lleen BK-46:n. Karjaalaiset saivat edellisottelussaan kauden voittotilin auki kaataessaan KyIF:n niukasti maalilla. Sit\u00e4 aiemmin se osoitti iskukyky\u00e4\u00e4n pit\u00e4m\u00e4ll\u00e4 GrIFK:n tiukoilla h\u00e4viten vain kahdella maalilla. SIF on sen sijaan h\u00e4vinnyt kaikki ottelunsa t\u00e4h\u00e4n menness\u00e4, mutta se on my\u00f6s kohdannut k\u00e4rkikolmikon heti k\u00e4ttelyss\u00e4. Seuraavissa peleiss\u00e4\u00e4n se kohtaa p\u00e4\u00e4vastustajansa. Siuntiossa riitt\u00e4\u00e4kin varmasti tunnelmaa, kun p\u00e4\u00e4st\u00e4\u00e4n pitk\u00e4st\u00e4 aikaa ottamaan mittaa derbyhengess\u00e4.<\/p>\n<p><strong>SM-sarjan lauantain ottelut:<br \/>\n<\/strong>Kello 13.45 HIFK-GrIFK<strong><br \/>\n<\/strong>Kello 16.00 SIF-BK-46<\/p>\n<p>Solidsport esitt\u00e4\u00e4 kaikki ottelut suorina l\u00e4hetyksin\u00e4. Lue lis\u00e4\u00e4\u00a0<a href=\"\/naiset\/ajankohtaista\/hanki-katseluoikeus-solidsportiin-ja-nae-kaikki-sm-sarjaottelut-livena\/\"><em>t\u00e4\u00e4lt\u00e4<\/em><\/a>.<\/p>\n","protected":false},"excerpt":{"rendered":"<p>SM-sarja palaa maajoukkuetauon j\u00e4lkeen tositoimiin kahdella ottelulla. Lauantaina n\u00e4hd\u00e4\u00e4n kaksi eritt\u00e4in mielenkiintoista kohtaamista. P\u00e4iv\u00e4 alkaa kahden k\u00e4rkijoukkueen ottelulla, kun HIFK ja GrIFK iskev\u00e4t yhteen Helsingiss\u00e4. Molemmat joukkueet ovat voittaneet kolme ensimm\u00e4ist\u00e4 peli\u00e4\u00e4n ja ovat n\u00e4in puhtaalla pelill\u00e4. Kahdessa ensimm\u00e4isess\u00e4 ottelussaan HIFK haki viel\u00e4 pei\u00e4\u00e4n, mutta osoitti iskukykyns\u00e4 peitotessaan edellisottelussa Dickenin Pirkkolassa niukasti 32-29. GrIFK on [&hellip;]<\/p>\n","protected":false},"author":13,"featured_media":29716,"comment_status":"closed","ping_status":"closed","sticky":false,"template":"","format":"standard","meta":{"_acf_changed":false,"jetpack_post_was_ever_published":false,"_jetpack_newsletter_access":"","_jetpack_dont_email_post_to_subs":false,"_jetpack_newsletter_tier_id":0,"_jetpack_memberships_contains_paywalled_content":false,"_jetpack_memberships_contains_paid_content":false,"footnotes":""},"categories":[208,199],"tags":[49,57,61,81],"class_list":["post-29715","post","type-post","status-publish","format-standard","has-post-thumbnail","hentry","category-ennakot-2022-23","category-kausi-2022-2023","tag-bk-46","tag-grifk","tag-hifk","tag-sif"],"acf":[],"yoast_head":"<!-- This site is optimized with the Yoast SEO plugin v27.5 - https:\/\/yoast.com\/product\/yoast-seo-wordpress\/ -->\n<title>SM-sarja palaa lauantaina tositoimiin - HIFK ja GrIFK k\u00e4rkipeliss\u00e4 | K\u00e4sipallon naisten Aktialiiga<\/title>\n<meta name=\"robots\" content=\"index, follow, max-snippet:-1, max-image-preview:large, max-video-preview:-1\" \/>\n<link rel=\"canonical\" href=\"https:\/\/aktialiiga.fi\/naiset\/kausi-2022-2023\/sm-sarja-palaa-lauantaina-tositoimiin-hifk-ja-grifk-karkipelissa\/\" \/>\n<meta property=\"og:locale\" content=\"fi_FI\" \/>\n<meta property=\"og:type\" content=\"article\" \/>\n<meta property=\"og:title\" content=\"SM-sarja palaa lauantaina tositoimiin - HIFK ja GrIFK k\u00e4rkipeliss\u00e4 | K\u00e4sipallon naisten Aktialiiga\" \/>\n<meta property=\"og:description\" content=\"SM-sarja palaa maajoukkuetauon j\u00e4lkeen tositoimiin kahdella ottelulla. Lauantaina n\u00e4hd\u00e4\u00e4n kaksi eritt\u00e4in mielenkiintoista kohtaamista. P\u00e4iv\u00e4 alkaa kahden k\u00e4rkijoukkueen ottelulla, kun HIFK ja GrIFK iskev\u00e4t yhteen Helsingiss\u00e4. Molemmat joukkueet ovat voittaneet kolme ensimm\u00e4ist\u00e4 peli\u00e4\u00e4n ja ovat n\u00e4in puhtaalla pelill\u00e4. Kahdessa ensimm\u00e4isess\u00e4 ottelussaan HIFK haki viel\u00e4 pei\u00e4\u00e4n, mutta osoitti iskukykyns\u00e4 peitotessaan edellisottelussa Dickenin Pirkkolassa niukasti 32-29. GrIFK on [&hellip;]\" \/>\n<meta property=\"og:url\" content=\"https:\/\/aktialiiga.fi\/naiset\/kausi-2022-2023\/sm-sarja-palaa-lauantaina-tositoimiin-hifk-ja-grifk-karkipelissa\/\" \/>\n<meta property=\"og:site_name\" content=\"K\u00e4sipallon naisten Aktialiiga\" \/>\n<meta property=\"article:publisher\" content=\"https:\/\/www.facebook.com\/finnhandball\" \/>\n<meta property=\"article:published_time\" content=\"2022-11-11T09:38:35+00:00\" \/>\n<meta property=\"og:image\" content=\"https:\/\/aktialiiga.fi\/naiset\/wp-content\/uploads\/sites\/6\/2022\/11\/jensen_corinna_grifk_22-23.jpg\" \/>\n\t<meta property=\"og:image:width\" content=\"1200\" \/>\n\t<meta property=\"og:image:height\" content=\"800\" \/>\n\t<meta property=\"og:image:type\" content=\"image\/jpeg\" \/>\n<meta name=\"author\" content=\"tbrmedia\" \/>\n<meta name=\"twitter:card\" content=\"summary_large_image\" \/>\n<meta name=\"twitter:creator\" content=\"@finnhandball\" \/>\n<meta name=\"twitter:site\" content=\"@finnhandball\" \/>\n<script type=\"application\/ld+json\" class=\"yoast-schema-graph\">{\"@context\":\"https:\\\/\\\/schema.org\",\"@graph\":[{\"@type\":\"Article\",\"@id\":\"https:\\\/\\\/aktialiiga.fi\\\/naiset\\\/kausi-2022-2023\\\/sm-sarja-palaa-lauantaina-tositoimiin-hifk-ja-grifk-karkipelissa\\\/#article\",\"isPartOf\":{\"@id\":\"https:\\\/\\\/aktialiiga.fi\\\/naiset\\\/kausi-2022-2023\\\/sm-sarja-palaa-lauantaina-tositoimiin-hifk-ja-grifk-karkipelissa\\\/\"},\"author\":{\"name\":\"tbrmedia\",\"@id\":\"https:\\\/\\\/aktialiiga.fi\\\/naiset\\\/#\\\/schema\\\/person\\\/c14bf42f47041db74603c45afcb18d87\"},\"headline\":\"SM-sarja palaa lauantaina tositoimiin &#8211; HIFK ja GrIFK k\u00e4rkipeliss\u00e4\",\"datePublished\":\"2022-11-11T09:38:35+00:00\",\"mainEntityOfPage\":{\"@id\":\"https:\\\/\\\/aktialiiga.fi\\\/naiset\\\/kausi-2022-2023\\\/sm-sarja-palaa-lauantaina-tositoimiin-hifk-ja-grifk-karkipelissa\\\/\"},\"wordCount\":210,\"publisher\":{\"@id\":\"https:\\\/\\\/aktialiiga.fi\\\/naiset\\\/#organization\"},\"image\":{\"@id\":\"https:\\\/\\\/aktialiiga.fi\\\/naiset\\\/kausi-2022-2023\\\/sm-sarja-palaa-lauantaina-tositoimiin-hifk-ja-grifk-karkipelissa\\\/#primaryimage\"},\"thumbnailUrl\":\"https:\\\/\\\/aktialiiga.fi\\\/naiset\\\/wp-content\\\/uploads\\\/sites\\\/6\\\/2022\\\/11\\\/jensen_corinna_grifk_22-23.jpg\",\"keywords\":[\"BK-46\",\"GrIFK\",\"HIFK\",\"SIF\"],\"articleSection\":[\"Ennakot\",\"Kausi 2022-2023\"],\"inLanguage\":\"fi\"},{\"@type\":\"WebPage\",\"@id\":\"https:\\\/\\\/aktialiiga.fi\\\/naiset\\\/kausi-2022-2023\\\/sm-sarja-palaa-lauantaina-tositoimiin-hifk-ja-grifk-karkipelissa\\\/\",\"url\":\"https:\\\/\\\/aktialiiga.fi\\\/naiset\\\/kausi-2022-2023\\\/sm-sarja-palaa-lauantaina-tositoimiin-hifk-ja-grifk-karkipelissa\\\/\",\"name\":\"SM-sarja palaa lauantaina tositoimiin - HIFK ja GrIFK k\u00e4rkipeliss\u00e4 | K\u00e4sipallon naisten Aktialiiga\",\"isPartOf\":{\"@id\":\"https:\\\/\\\/aktialiiga.fi\\\/naiset\\\/#website\"},\"primaryImageOfPage\":{\"@id\":\"https:\\\/\\\/aktialiiga.fi\\\/naiset\\\/kausi-2022-2023\\\/sm-sarja-palaa-lauantaina-tositoimiin-hifk-ja-grifk-karkipelissa\\\/#primaryimage\"},\"image\":{\"@id\":\"https:\\\/\\\/aktialiiga.fi\\\/naiset\\\/kausi-2022-2023\\\/sm-sarja-palaa-lauantaina-tositoimiin-hifk-ja-grifk-karkipelissa\\\/#primaryimage\"},\"thumbnailUrl\":\"https:\\\/\\\/aktialiiga.fi\\\/naiset\\\/wp-content\\\/uploads\\\/sites\\\/6\\\/2022\\\/11\\\/jensen_corinna_grifk_22-23.jpg\",\"datePublished\":\"2022-11-11T09:38:35+00:00\",\"breadcrumb\":{\"@id\":\"https:\\\/\\\/aktialiiga.fi\\\/naiset\\\/kausi-2022-2023\\\/sm-sarja-palaa-lauantaina-tositoimiin-hifk-ja-grifk-karkipelissa\\\/#breadcrumb\"},\"inLanguage\":\"fi\",\"potentialAction\":[{\"@type\":\"ReadAction\",\"target\":[\"https:\\\/\\\/aktialiiga.fi\\\/naiset\\\/kausi-2022-2023\\\/sm-sarja-palaa-lauantaina-tositoimiin-hifk-ja-grifk-karkipelissa\\\/\"]}]},{\"@type\":\"ImageObject\",\"inLanguage\":\"fi\",\"@id\":\"https:\\\/\\\/aktialiiga.fi\\\/naiset\\\/kausi-2022-2023\\\/sm-sarja-palaa-lauantaina-tositoimiin-hifk-ja-grifk-karkipelissa\\\/#primaryimage\",\"url\":\"https:\\\/\\\/aktialiiga.fi\\\/naiset\\\/wp-content\\\/uploads\\\/sites\\\/6\\\/2022\\\/11\\\/jensen_corinna_grifk_22-23.jpg\",\"contentUrl\":\"https:\\\/\\\/aktialiiga.fi\\\/naiset\\\/wp-content\\\/uploads\\\/sites\\\/6\\\/2022\\\/11\\\/jensen_corinna_grifk_22-23.jpg\",\"width\":1200,\"height\":800,\"caption\":\"Fanny Reinikainen #23, GrIFK, Corinna Jensen #4, GrIFK k\u00e4sipallon naisten SM-sarjan ottelu GrIFK vs. KyIF, Kauniaisten Palloiluhalli, Kauniainen 24.9.2022, klo 11.18.01.\"},{\"@type\":\"BreadcrumbList\",\"@id\":\"https:\\\/\\\/aktialiiga.fi\\\/naiset\\\/kausi-2022-2023\\\/sm-sarja-palaa-lauantaina-tositoimiin-hifk-ja-grifk-karkipelissa\\\/#breadcrumb\",\"itemListElement\":[{\"@type\":\"ListItem\",\"position\":1,\"name\":\"Etusivu\",\"item\":\"https:\\\/\\\/aktialiiga.fi\\\/naiset\\\/\"},{\"@type\":\"ListItem\",\"position\":2,\"name\":\"SM-sarja palaa lauantaina tositoimiin &#8211; HIFK ja GrIFK k\u00e4rkipeliss\u00e4\"}]},{\"@type\":\"WebSite\",\"@id\":\"https:\\\/\\\/aktialiiga.fi\\\/naiset\\\/#website\",\"url\":\"https:\\\/\\\/aktialiiga.fi\\\/naiset\\\/\",\"name\":\"K\u00e4sipallon naisten Aktialiiga\",\"description\":\"Valtakunnan vauhdikkainta palloilua!\",\"publisher\":{\"@id\":\"https:\\\/\\\/aktialiiga.fi\\\/naiset\\\/#organization\"},\"potentialAction\":[{\"@type\":\"SearchAction\",\"target\":{\"@type\":\"EntryPoint\",\"urlTemplate\":\"https:\\\/\\\/aktialiiga.fi\\\/naiset\\\/?s={search_term_string}\"},\"query-input\":{\"@type\":\"PropertyValueSpecification\",\"valueRequired\":true,\"valueName\":\"search_term_string\"}}],\"inLanguage\":\"fi\"},{\"@type\":\"Organization\",\"@id\":\"https:\\\/\\\/aktialiiga.fi\\\/naiset\\\/#organization\",\"name\":\"K\u00e4sipallon naisten Aktialiiga\",\"url\":\"https:\\\/\\\/aktialiiga.fi\\\/naiset\\\/\",\"logo\":{\"@type\":\"ImageObject\",\"inLanguage\":\"fi\",\"@id\":\"https:\\\/\\\/aktialiiga.fi\\\/naiset\\\/#\\\/schema\\\/logo\\\/image\\\/\",\"url\":\"https:\\\/\\\/aktialiiga.fi\\\/naiset\\\/wp-content\\\/uploads\\\/sites\\\/6\\\/2024\\\/09\\\/Aktialiiga-Yoast-512.png\",\"contentUrl\":\"https:\\\/\\\/aktialiiga.fi\\\/naiset\\\/wp-content\\\/uploads\\\/sites\\\/6\\\/2024\\\/09\\\/Aktialiiga-Yoast-512.png\",\"width\":512,\"height\":512,\"caption\":\"K\u00e4sipallon naisten Aktialiiga\"},\"image\":{\"@id\":\"https:\\\/\\\/aktialiiga.fi\\\/naiset\\\/#\\\/schema\\\/logo\\\/image\\\/\"},\"sameAs\":[\"https:\\\/\\\/www.facebook.com\\\/finnhandball\",\"https:\\\/\\\/x.com\\\/finnhandball\",\"https:\\\/\\\/www.instagram.com\\\/handballfinland\\\/\"]},{\"@type\":\"Person\",\"@id\":\"https:\\\/\\\/aktialiiga.fi\\\/naiset\\\/#\\\/schema\\\/person\\\/c14bf42f47041db74603c45afcb18d87\",\"name\":\"tbrmedia\",\"image\":{\"@type\":\"ImageObject\",\"inLanguage\":\"fi\",\"@id\":\"https:\\\/\\\/secure.gravatar.com\\\/avatar\\\/ee975fa091fe581d12b60debb3439022686618368a7c142044c56724d4666b16?s=96&d=mm&r=g\",\"url\":\"https:\\\/\\\/secure.gravatar.com\\\/avatar\\\/ee975fa091fe581d12b60debb3439022686618368a7c142044c56724d4666b16?s=96&d=mm&r=g\",\"contentUrl\":\"https:\\\/\\\/secure.gravatar.com\\\/avatar\\\/ee975fa091fe581d12b60debb3439022686618368a7c142044c56724d4666b16?s=96&d=mm&r=g\",\"caption\":\"tbrmedia\"}}]}<\/script>\n<!-- \/ Yoast SEO plugin. -->","yoast_head_json":{"title":"SM-sarja palaa lauantaina tositoimiin - HIFK ja GrIFK k\u00e4rkipeliss\u00e4 | K\u00e4sipallon naisten Aktialiiga","robots":{"index":"index","follow":"follow","max-snippet":"max-snippet:-1","max-image-preview":"max-image-preview:large","max-video-preview":"max-video-preview:-1"},"canonical":"https:\/\/aktialiiga.fi\/naiset\/kausi-2022-2023\/sm-sarja-palaa-lauantaina-tositoimiin-hifk-ja-grifk-karkipelissa\/","og_locale":"fi_FI","og_type":"article","og_title":"SM-sarja palaa lauantaina tositoimiin - HIFK ja GrIFK k\u00e4rkipeliss\u00e4 | K\u00e4sipallon naisten Aktialiiga","og_description":"SM-sarja palaa maajoukkuetauon j\u00e4lkeen tositoimiin kahdella ottelulla. Lauantaina n\u00e4hd\u00e4\u00e4n kaksi eritt\u00e4in mielenkiintoista kohtaamista. P\u00e4iv\u00e4 alkaa kahden k\u00e4rkijoukkueen ottelulla, kun HIFK ja GrIFK iskev\u00e4t yhteen Helsingiss\u00e4. Molemmat joukkueet ovat voittaneet kolme ensimm\u00e4ist\u00e4 peli\u00e4\u00e4n ja ovat n\u00e4in puhtaalla pelill\u00e4. Kahdessa ensimm\u00e4isess\u00e4 ottelussaan HIFK haki viel\u00e4 pei\u00e4\u00e4n, mutta osoitti iskukykyns\u00e4 peitotessaan edellisottelussa Dickenin Pirkkolassa niukasti 32-29. GrIFK on [&hellip;]","og_url":"https:\/\/aktialiiga.fi\/naiset\/kausi-2022-2023\/sm-sarja-palaa-lauantaina-tositoimiin-hifk-ja-grifk-karkipelissa\/","og_site_name":"K\u00e4sipallon naisten Aktialiiga","article_publisher":"https:\/\/www.facebook.com\/finnhandball","article_published_time":"2022-11-11T09:38:35+00:00","og_image":[{"width":1200,"height":800,"url":"https:\/\/aktialiiga.fi\/naiset\/wp-content\/uploads\/sites\/6\/2022\/11\/jensen_corinna_grifk_22-23.jpg","type":"image\/jpeg"}],"author":"tbrmedia","twitter_card":"summary_large_image","twitter_creator":"@finnhandball","twitter_site":"@finnhandball","schema":{"@context":"https:\/\/schema.org","@graph":[{"@type":"Article","@id":"https:\/\/aktialiiga.fi\/naiset\/kausi-2022-2023\/sm-sarja-palaa-lauantaina-tositoimiin-hifk-ja-grifk-karkipelissa\/#article","isPartOf":{"@id":"https:\/\/aktialiiga.fi\/naiset\/kausi-2022-2023\/sm-sarja-palaa-lauantaina-tositoimiin-hifk-ja-grifk-karkipelissa\/"},"author":{"name":"tbrmedia","@id":"https:\/\/aktialiiga.fi\/naiset\/#\/schema\/person\/c14bf42f47041db74603c45afcb18d87"},"headline":"SM-sarja palaa lauantaina tositoimiin &#8211; HIFK ja GrIFK k\u00e4rkipeliss\u00e4","datePublished":"2022-11-11T09:38:35+00:00","mainEntityOfPage":{"@id":"https:\/\/aktialiiga.fi\/naiset\/kausi-2022-2023\/sm-sarja-palaa-lauantaina-tositoimiin-hifk-ja-grifk-karkipelissa\/"},"wordCount":210,"publisher":{"@id":"https:\/\/aktialiiga.fi\/naiset\/#organization"},"image":{"@id":"https:\/\/aktialiiga.fi\/naiset\/kausi-2022-2023\/sm-sarja-palaa-lauantaina-tositoimiin-hifk-ja-grifk-karkipelissa\/#primaryimage"},"thumbnailUrl":"https:\/\/aktialiiga.fi\/naiset\/wp-content\/uploads\/sites\/6\/2022\/11\/jensen_corinna_grifk_22-23.jpg","keywords":["BK-46","GrIFK","HIFK","SIF"],"articleSection":["Ennakot","Kausi 2022-2023"],"inLanguage":"fi"},{"@type":"WebPage","@id":"https:\/\/aktialiiga.fi\/naiset\/kausi-2022-2023\/sm-sarja-palaa-lauantaina-tositoimiin-hifk-ja-grifk-karkipelissa\/","url":"https:\/\/aktialiiga.fi\/naiset\/kausi-2022-2023\/sm-sarja-palaa-lauantaina-tositoimiin-hifk-ja-grifk-karkipelissa\/","name":"SM-sarja palaa lauantaina tositoimiin - HIFK ja GrIFK k\u00e4rkipeliss\u00e4 | K\u00e4sipallon naisten Aktialiiga","isPartOf":{"@id":"https:\/\/aktialiiga.fi\/naiset\/#website"},"primaryImageOfPage":{"@id":"https:\/\/aktialiiga.fi\/naiset\/kausi-2022-2023\/sm-sarja-palaa-lauantaina-tositoimiin-hifk-ja-grifk-karkipelissa\/#primaryimage"},"image":{"@id":"https:\/\/aktialiiga.fi\/naiset\/kausi-2022-2023\/sm-sarja-palaa-lauantaina-tositoimiin-hifk-ja-grifk-karkipelissa\/#primaryimage"},"thumbnailUrl":"https:\/\/aktialiiga.fi\/naiset\/wp-content\/uploads\/sites\/6\/2022\/11\/jensen_corinna_grifk_22-23.jpg","datePublished":"2022-11-11T09:38:35+00:00","breadcrumb":{"@id":"https:\/\/aktialiiga.fi\/naiset\/kausi-2022-2023\/sm-sarja-palaa-lauantaina-tositoimiin-hifk-ja-grifk-karkipelissa\/#breadcrumb"},"inLanguage":"fi","potentialAction":[{"@type":"ReadAction","target":["https:\/\/aktialiiga.fi\/naiset\/kausi-2022-2023\/sm-sarja-palaa-lauantaina-tositoimiin-hifk-ja-grifk-karkipelissa\/"]}]},{"@type":"ImageObject","inLanguage":"fi","@id":"https:\/\/aktialiiga.fi\/naiset\/kausi-2022-2023\/sm-sarja-palaa-lauantaina-tositoimiin-hifk-ja-grifk-karkipelissa\/#primaryimage","url":"https:\/\/aktialiiga.fi\/naiset\/wp-content\/uploads\/sites\/6\/2022\/11\/jensen_corinna_grifk_22-23.jpg","contentUrl":"https:\/\/aktialiiga.fi\/naiset\/wp-content\/uploads\/sites\/6\/2022\/11\/jensen_corinna_grifk_22-23.jpg","width":1200,"height":800,"caption":"Fanny Reinikainen #23, GrIFK, Corinna Jensen #4, GrIFK k\u00e4sipallon naisten SM-sarjan ottelu GrIFK vs. KyIF, Kauniaisten Palloiluhalli, Kauniainen 24.9.2022, klo 11.18.01."},{"@type":"BreadcrumbList","@id":"https:\/\/aktialiiga.fi\/naiset\/kausi-2022-2023\/sm-sarja-palaa-lauantaina-tositoimiin-hifk-ja-grifk-karkipelissa\/#breadcrumb","itemListElement":[{"@type":"ListItem","position":1,"name":"Etusivu","item":"https:\/\/aktialiiga.fi\/naiset\/"},{"@type":"ListItem","position":2,"name":"SM-sarja palaa lauantaina tositoimiin &#8211; HIFK ja GrIFK k\u00e4rkipeliss\u00e4"}]},{"@type":"WebSite","@id":"https:\/\/aktialiiga.fi\/naiset\/#website","url":"https:\/\/aktialiiga.fi\/naiset\/","name":"K\u00e4sipallon naisten Aktialiiga","description":"Valtakunnan vauhdikkainta palloilua!","publisher":{"@id":"https:\/\/aktialiiga.fi\/naiset\/#organization"},"potentialAction":[{"@type":"SearchAction","target":{"@type":"EntryPoint","urlTemplate":"https:\/\/aktialiiga.fi\/naiset\/?s={search_term_string}"},"query-input":{"@type":"PropertyValueSpecification","valueRequired":true,"valueName":"search_term_string"}}],"inLanguage":"fi"},{"@type":"Organization","@id":"https:\/\/aktialiiga.fi\/naiset\/#organization","name":"K\u00e4sipallon naisten Aktialiiga","url":"https:\/\/aktialiiga.fi\/naiset\/","logo":{"@type":"ImageObject","inLanguage":"fi","@id":"https:\/\/aktialiiga.fi\/naiset\/#\/schema\/logo\/image\/","url":"https:\/\/aktialiiga.fi\/naiset\/wp-content\/uploads\/sites\/6\/2024\/09\/Aktialiiga-Yoast-512.png","contentUrl":"https:\/\/aktialiiga.fi\/naiset\/wp-content\/uploads\/sites\/6\/2024\/09\/Aktialiiga-Yoast-512.png","width":512,"height":512,"caption":"K\u00e4sipallon naisten Aktialiiga"},"image":{"@id":"https:\/\/aktialiiga.fi\/naiset\/#\/schema\/logo\/image\/"},"sameAs":["https:\/\/www.facebook.com\/finnhandball","https:\/\/x.com\/finnhandball","https:\/\/www.instagram.com\/handballfinland\/"]},{"@type":"Person","@id":"https:\/\/aktialiiga.fi\/naiset\/#\/schema\/person\/c14bf42f47041db74603c45afcb18d87","name":"tbrmedia","image":{"@type":"ImageObject","inLanguage":"fi","@id":"https:\/\/secure.gravatar.com\/avatar\/ee975fa091fe581d12b60debb3439022686618368a7c142044c56724d4666b16?s=96&d=mm&r=g","url":"https:\/\/secure.gravatar.com\/avatar\/ee975fa091fe581d12b60debb3439022686618368a7c142044c56724d4666b16?s=96&d=mm&r=g","contentUrl":"https:\/\/secure.gravatar.com\/avatar\/ee975fa091fe581d12b60debb3439022686618368a7c142044c56724d4666b16?s=96&d=mm&r=g","caption":"tbrmedia"}}]}},"jetpack_featured_media_url":"https:\/\/aktialiiga.fi\/naiset\/wp-content\/uploads\/sites\/6\/2022\/11\/jensen_corinna_grifk_22-23.jpg","jetpack_sharing_enabled":true,"jetpack_shortlink":"https:\/\/wp.me\/pfYhm6-7Jh","_links":{"self":[{"href":"https:\/\/aktialiiga.fi\/naiset\/wp-json\/wp\/v2\/posts\/29715","targetHints":{"allow":["GET"]}}],"collection":[{"href":"https:\/\/aktialiiga.fi\/naiset\/wp-json\/wp\/v2\/posts"}],"about":[{"href":"https:\/\/aktialiiga.fi\/naiset\/wp-json\/wp\/v2\/types\/post"}],"author":[{"embeddable":true,"href":"https:\/\/aktialiiga.fi\/naiset\/wp-json\/wp\/v2\/users\/13"}],"replies":[{"embeddable":true,"href":"https:\/\/aktialiiga.fi\/naiset\/wp-json\/wp\/v2\/comments?post=29715"}],"version-history":[{"count":0,"href":"https:\/\/aktialiiga.fi\/naiset\/wp-json\/wp\/v2\/posts\/29715\/revisions"}],"wp:featuredmedia":[{"embeddable":true,"href":"https:\/\/aktialiiga.fi\/naiset\/wp-json\/wp\/v2\/media\/29716"}],"wp:attachment":[{"href":"https:\/\/aktialiiga.fi\/naiset\/wp-json\/wp\/v2\/media?parent=29715"}],"wp:term":[{"taxonomy":"category","embeddable":true,"href":"https:\/\/aktialiiga.fi\/naiset\/wp-json\/wp\/v2\/categories?post=29715"},{"taxonomy":"post_tag","embeddable":true,"href":"https:\/\/aktialiiga.fi\/naiset\/wp-json\/wp\/v2\/tags?post=29715"}],"curies":[{"name":"wp","href":"https:\/\/api.w.org\/{rel}","templated":true}]}}