{"id":30007,"date":"2022-12-23T12:13:45","date_gmt":"2022-12-23T10:13:45","guid":{"rendered":"https:\/\/aktialiiga.fi\/naiset\/?p=30007"},"modified":"2024-08-28T18:28:16","modified_gmt":"2024-08-28T15:28:16","slug":"linn-wentzel-joulukuun-tahtipelaaja","status":"publish","type":"post","link":"https:\/\/aktialiiga.fi\/naiset\/ajankohtaista\/linn-wentzel-joulukuun-tahtipelaaja\/","title":{"rendered":"Linn Wentzel joulukuun t\u00e4htipelaaja"},"content":{"rendered":"<p>SM-sarjan kuukauden t\u00e4htipelaajana jatkaa Dickenin Linn Wentzel. Jokaisessa joulukuun aikana pelatuissa kuudessa ottelussa t\u00e4hdist\u00f6st\u00e4 l\u00f6ytyi t\u00e4ysin eri trio. Wentzelin valinnan takana on vierasottelussa BK-46:tta vastaan tullut kolmen t\u00e4hden saalis.<\/p>\n<p>Dickeniss\u00e4 10-vuotiaana k\u00e4sipallon aloittanut Wentzel on aloittanut kauden vahvasti. H\u00e4net valittiin kuukauden t\u00e4htipelaajaksi jo toisen kerran per\u00e4kk\u00e4in. Marraskuussa h\u00e4n jakoi tittelin joukkuetoverinsa Anna Westerlundin sek\u00e4 GrIFK:n Moa Sj\u00f6lundin kanssa.<\/p>\n<p>&#8211; Olen tyytyv\u00e4inen peliini t\u00e4h\u00e4n asti tietyill\u00e4 osa-alueilla, ja haluan kehitty\u00e4 lis\u00e4\u00e4 kauden aikana. Olemme onnistuneet joukkueena ja pelanneet joitain todella tiukkoja matseja syksyn aikana ja toivon, ett\u00e4 ne jatkuvat kev\u00e4\u00e4ll\u00e4kin.<\/p>\n<p>Kuuden joukkueen kesken pelattavan SM-sarjan ottelutahti on syyskaudella ollut verkkaista, ja se tuo omia haasteita pelaamiseen. Wentzelin mielest\u00e4 joukkueiden niukkuus tekee sarjasta hieman yksipuolisen.<\/p>\n<p>&#8211; T\u00e4n\u00e4 vuonna otteluita on ollut yll\u00e4tt\u00e4v\u00e4n v\u00e4h\u00e4n, ja ne ovat painottuneet arkip\u00e4iville. Suurin osa pelaajista tekee t\u00f6it\u00e4 tai opiskelee t\u00e4ysaikaisesti, joten sill\u00e4 on vaikutusta pelaajien viikkorytmiin. Useilla joukkueilla on kuitenkin monia nuoria potentiaalisia pelaajia, joten sarjasta on tullut vauhdikkaampi.<\/p>\n<p>Linn Wentzel on nuoresta i\u00e4st\u00e4\u00e4n ehtinyt jo maistamaan menestyst\u00e4. Viisi kautta SM-sarjassa on tuonut kolme Suomen mestaruutta ja yhden hopean. Otteluita 22-vuotiaalla viivapelaajalla on nyt takana 116. Naisten maajoukkueessa Linn on edustanut Suomea seitsem\u00e4ss\u00e4 ottelussa.<\/p>\n<p>&#8211; Haluan jatkaa kehittymist\u00e4 pelaajana Dickeniss\u00e4 ja maajoukkueessa &#8211; saa n\u00e4hd\u00e4 mihin se johtaa! Ulkomailla pelaaminen olisi tietenkin hienoa, enk\u00e4 sanoisi ei sille mahdollisuudelle.<\/p>\n<div class='flex_column_table av-l8skwxbd-ae55806ba4507a471a1f61a7245b077d sc-av_one_half av-equal-height-column-flextable'><div  class='flex_column av-l8skwxbd-ae55806ba4507a471a1f61a7245b077d av_one_half  avia-builder-el-0  el_before_av_one_half  avia-builder-el-first  first flex_column_table_cell av-equal-height-column av-align-middle  '     ><section  class='av_textblock_section av-l8sk34v3-8c93cc6f47a987c0356595a4fe0006e7 '   itemscope=\"itemscope\" itemtype=\"https:\/\/schema.org\/BlogPosting\" itemprop=\"blogPost\" ><div class='avia_textblock'  itemprop=\"text\" ><h4 style=\"text-align: right;\">Linn Wentzel<\/h4>\n<p style=\"text-align: right;\">Synt. 2000<br \/>\nCM 177<br \/>\nPelipaikka: K6<\/p>\n<\/div><\/section><br \/>\n<div  class='avia-button-wrap av-l8skze2l-78820094c844c8223717f88f4fe41a2f-wrap avia-button-right  avia-builder-el-2  el_after_av_textblock  el_before_av_button '><a href='https:\/\/tulospalvelu.finnhandball.net\/taso\/pelaaja.php?pelaaja=49403'  class='avia-button av-l8skze2l-78820094c844c8223717f88f4fe41a2f av-link-btn avia-icon_select-yes-left-icon avia-size-medium avia-position-right avia-color-theme-color'  target=\"_blank\"  rel=\"noopener noreferrer\"  aria-label=\"Linn Wentzel Tulospalvelussa\"><span class='avia_button_icon avia_button_icon_left avia-iconfont avia-font-flaticon-sports' data-av_icon='\uf15b' data-av_iconfont='flaticon-sports' ><\/span><span class='avia_iconbox_title' >Linn Wentzel Tulospalvelussa<\/span><\/a><\/div><br \/>\n<div  class='avia-button-wrap av-l8suxnq7-bb847e6b4283e2d023f69a356f69a76c-wrap avia-button-right  avia-builder-el-3  el_after_av_button  avia-builder-el-last '><a href='https:\/\/aktialiiga.fi\/naiset\/historia\/kuukauden-tahtipelaajat-kautta-aikojen\/'  class='avia-button av-l8suxnq7-bb847e6b4283e2d023f69a356f69a76c av-link-btn avia-icon_select-no avia-size-medium avia-position-right avia-color-theme-color'   aria-label=\"Kuukauden t\u00e4htipelaajat kautta aikojen\"><span class='avia_iconbox_title' >Kuukauden t\u00e4htipelaajat kautta aikojen<\/span><\/a><\/div><\/p><\/div><div class='av-flex-placeholder'><\/div><div  class='flex_column av-toyg12-df7035cc7356591dbdab0e0f530904b1 av_one_half  avia-builder-el-4  el_after_av_one_half  el_before_av_textblock  flex_column_table_cell av-equal-height-column av-align-middle  '     ><style type=\"text\/css\" data-created_by=\"avia_inline_auto\" id=\"style-css-av-l8sko9xf-48675b658c10c6a1b2c522f4394f3a85\">\n.avia-image-container.av-l8sko9xf-48675b658c10c6a1b2c522f4394f3a85 img.avia_image{\nbox-shadow:none;\n}\n.avia-image-container.av-l8sko9xf-48675b658c10c6a1b2c522f4394f3a85 .av-image-caption-overlay-center{\ncolor:#ffffff;\n}\n<\/style>\n<div  class='avia-image-container av-l8sko9xf-48675b658c10c6a1b2c522f4394f3a85 av-styling- av-img-linked avia-align-center  avia-builder-el-5  avia-builder-el-no-sibling '   itemprop=\"image\" itemscope=\"itemscope\" itemtype=\"https:\/\/schema.org\/ImageObject\" ><div class=\"avia-image-container-inner\"><div class=\"avia-image-overlay-wrap\"><a href=\"https:\/\/aktialiiga.fi\/naiset\/wp-content\/uploads\/sites\/6\/2022\/09\/52_Linn_Wentzel.jpg\" data-srcset=\"https:\/\/aktialiiga.fi\/naiset\/wp-content\/uploads\/sites\/6\/2022\/09\/52_Linn_Wentzel.jpg 686w, https:\/\/aktialiiga.fi\/naiset\/wp-content\/uploads\/sites\/6\/2022\/09\/52_Linn_Wentzel-200x300.jpg 200w, https:\/\/aktialiiga.fi\/naiset\/wp-content\/uploads\/sites\/6\/2022\/09\/52_Linn_Wentzel-470x705.jpg 470w\" data-sizes=\"(max-width: 686px) 100vw, 686px\" class='avia_image '  aria-label='52_Linn_Wentzel'><img decoding=\"async\" fetchpriority=\"high\" class='wp-image-29345 avia-img-lazy-loading-not-29345 avia_image ' src=\"https:\/\/aktialiiga.fi\/naiset\/wp-content\/uploads\/sites\/6\/2022\/09\/52_Linn_Wentzel.jpg\" alt='' title='52_Linn_Wentzel'  height=\"1030\" width=\"686\"  itemprop=\"thumbnailUrl\" srcset=\"https:\/\/aktialiiga.fi\/naiset\/wp-content\/uploads\/sites\/6\/2022\/09\/52_Linn_Wentzel.jpg 686w, https:\/\/aktialiiga.fi\/naiset\/wp-content\/uploads\/sites\/6\/2022\/09\/52_Linn_Wentzel-200x300.jpg 200w, https:\/\/aktialiiga.fi\/naiset\/wp-content\/uploads\/sites\/6\/2022\/09\/52_Linn_Wentzel-470x705.jpg 470w\" sizes=\"(max-width: 686px) 100vw, 686px\" \/><\/a><\/div><\/div><\/div><\/div><\/div><!--close column table wrapper. Autoclose: 1 --><section  class='av_textblock_section av-l8sl9cp5-6ecc675e08cdc289d3f1e1ce2a085f1e '   itemscope=\"itemscope\" itemtype=\"https:\/\/schema.org\/BlogPosting\" itemprop=\"blogPost\" ><div class='avia_textblock'  itemprop=\"text\" ><p>Artikkelikuva: Dicken FB, Jonas Tana<\/p>\n<\/div><\/section><\/p>\n","protected":false},"excerpt":{"rendered":"<p>SM-sarjan kuukauden t\u00e4htipelaajana jatkaa Dickenin Linn Wentzel. Jokaisessa joulukuun aikana pelatuissa kuudessa ottelussa t\u00e4hdist\u00f6st\u00e4 l\u00f6ytyi t\u00e4ysin eri trio. Wentzelin valinnan takana on vierasottelussa BK-46:tta vastaan tullut kolmen t\u00e4hden saalis. Dickeniss\u00e4 10-vuotiaana k\u00e4sipallon aloittanut Wentzel on aloittanut kauden vahvasti. H\u00e4net valittiin kuukauden t\u00e4htipelaajaksi jo toisen kerran per\u00e4kk\u00e4in. Marraskuussa h\u00e4n jakoi tittelin joukkuetoverinsa Anna Westerlundin sek\u00e4 GrIFK:n [&hellip;]<\/p>\n","protected":false},"author":13,"featured_media":30008,"comment_status":"closed","ping_status":"closed","sticky":false,"template":"","format":"standard","meta":{"_acf_changed":false,"jetpack_post_was_ever_published":false,"_jetpack_newsletter_access":"","_jetpack_dont_email_post_to_subs":false,"_jetpack_newsletter_tier_id":0,"_jetpack_memberships_contains_paywalled_content":false,"_jetpack_memberships_contains_paid_content":false,"footnotes":""},"categories":[2],"tags":[51,90],"class_list":["post-30007","post","type-post","status-publish","format-standard","has-post-thumbnail","hentry","category-ajankohtaista","tag-dicken","tag-tahtipelaaja"],"acf":[],"yoast_head":"<!-- This site is optimized with the Yoast SEO plugin v27.5 - https:\/\/yoast.com\/product\/yoast-seo-wordpress\/ -->\n<title>Linn Wentzel joulukuun t\u00e4htipelaaja | K\u00e4sipallon naisten Aktialiiga<\/title>\n<meta name=\"robots\" content=\"index, follow, max-snippet:-1, max-image-preview:large, max-video-preview:-1\" \/>\n<link rel=\"canonical\" href=\"https:\/\/aktialiiga.fi\/naiset\/ajankohtaista\/linn-wentzel-joulukuun-tahtipelaaja\/\" \/>\n<meta property=\"og:locale\" content=\"fi_FI\" \/>\n<meta property=\"og:type\" content=\"article\" \/>\n<meta property=\"og:title\" content=\"Linn Wentzel joulukuun t\u00e4htipelaaja | K\u00e4sipallon naisten Aktialiiga\" \/>\n<meta property=\"og:description\" content=\"SM-sarjan kuukauden t\u00e4htipelaajana jatkaa Dickenin Linn Wentzel. Jokaisessa joulukuun aikana pelatuissa kuudessa ottelussa t\u00e4hdist\u00f6st\u00e4 l\u00f6ytyi t\u00e4ysin eri trio. Wentzelin valinnan takana on vierasottelussa BK-46:tta vastaan tullut kolmen t\u00e4hden saalis. Dickeniss\u00e4 10-vuotiaana k\u00e4sipallon aloittanut Wentzel on aloittanut kauden vahvasti. H\u00e4net valittiin kuukauden t\u00e4htipelaajaksi jo toisen kerran per\u00e4kk\u00e4in. Marraskuussa h\u00e4n jakoi tittelin joukkuetoverinsa Anna Westerlundin sek\u00e4 GrIFK:n [&hellip;]\" \/>\n<meta property=\"og:url\" content=\"https:\/\/aktialiiga.fi\/naiset\/ajankohtaista\/linn-wentzel-joulukuun-tahtipelaaja\/\" \/>\n<meta property=\"og:site_name\" content=\"K\u00e4sipallon naisten Aktialiiga\" \/>\n<meta property=\"article:publisher\" content=\"https:\/\/www.facebook.com\/finnhandball\" \/>\n<meta property=\"article:published_time\" content=\"2022-12-23T10:13:45+00:00\" \/>\n<meta property=\"article:modified_time\" content=\"2024-08-28T15:28:16+00:00\" \/>\n<meta property=\"og:image\" content=\"https:\/\/aktialiiga.fi\/naiset\/wp-content\/uploads\/sites\/6\/2022\/12\/Linn-Wentzel-Dicken-kuva-Jonas-Tana.jpg\" \/>\n\t<meta property=\"og:image:width\" content=\"2048\" \/>\n\t<meta property=\"og:image:height\" content=\"1365\" \/>\n\t<meta property=\"og:image:type\" content=\"image\/jpeg\" \/>\n<meta name=\"author\" content=\"tbrmedia\" \/>\n<meta name=\"twitter:card\" content=\"summary_large_image\" \/>\n<meta name=\"twitter:creator\" content=\"@finnhandball\" \/>\n<meta name=\"twitter:site\" content=\"@finnhandball\" \/>\n<script type=\"application\/ld+json\" class=\"yoast-schema-graph\">{\"@context\":\"https:\\\/\\\/schema.org\",\"@graph\":[{\"@type\":\"Article\",\"@id\":\"https:\\\/\\\/aktialiiga.fi\\\/naiset\\\/ajankohtaista\\\/linn-wentzel-joulukuun-tahtipelaaja\\\/#article\",\"isPartOf\":{\"@id\":\"https:\\\/\\\/aktialiiga.fi\\\/naiset\\\/ajankohtaista\\\/linn-wentzel-joulukuun-tahtipelaaja\\\/\"},\"author\":{\"name\":\"tbrmedia\",\"@id\":\"https:\\\/\\\/aktialiiga.fi\\\/naiset\\\/#\\\/schema\\\/person\\\/c14bf42f47041db74603c45afcb18d87\"},\"headline\":\"Linn Wentzel joulukuun t\u00e4htipelaaja\",\"datePublished\":\"2022-12-23T10:13:45+00:00\",\"dateModified\":\"2024-08-28T15:28:16+00:00\",\"mainEntityOfPage\":{\"@id\":\"https:\\\/\\\/aktialiiga.fi\\\/naiset\\\/ajankohtaista\\\/linn-wentzel-joulukuun-tahtipelaaja\\\/\"},\"wordCount\":1647,\"publisher\":{\"@id\":\"https:\\\/\\\/aktialiiga.fi\\\/naiset\\\/#organization\"},\"image\":{\"@id\":\"https:\\\/\\\/aktialiiga.fi\\\/naiset\\\/ajankohtaista\\\/linn-wentzel-joulukuun-tahtipelaaja\\\/#primaryimage\"},\"thumbnailUrl\":\"https:\\\/\\\/aktialiiga.fi\\\/naiset\\\/wp-content\\\/uploads\\\/sites\\\/6\\\/2022\\\/12\\\/Linn-Wentzel-Dicken-kuva-Jonas-Tana.jpg\",\"keywords\":[\"Dicken\",\"T\u00e4htipelaaja\"],\"articleSection\":[\"Ajankohtaista\"],\"inLanguage\":\"fi\"},{\"@type\":\"WebPage\",\"@id\":\"https:\\\/\\\/aktialiiga.fi\\\/naiset\\\/ajankohtaista\\\/linn-wentzel-joulukuun-tahtipelaaja\\\/\",\"url\":\"https:\\\/\\\/aktialiiga.fi\\\/naiset\\\/ajankohtaista\\\/linn-wentzel-joulukuun-tahtipelaaja\\\/\",\"name\":\"Linn Wentzel joulukuun t\u00e4htipelaaja | K\u00e4sipallon naisten Aktialiiga\",\"isPartOf\":{\"@id\":\"https:\\\/\\\/aktialiiga.fi\\\/naiset\\\/#website\"},\"primaryImageOfPage\":{\"@id\":\"https:\\\/\\\/aktialiiga.fi\\\/naiset\\\/ajankohtaista\\\/linn-wentzel-joulukuun-tahtipelaaja\\\/#primaryimage\"},\"image\":{\"@id\":\"https:\\\/\\\/aktialiiga.fi\\\/naiset\\\/ajankohtaista\\\/linn-wentzel-joulukuun-tahtipelaaja\\\/#primaryimage\"},\"thumbnailUrl\":\"https:\\\/\\\/aktialiiga.fi\\\/naiset\\\/wp-content\\\/uploads\\\/sites\\\/6\\\/2022\\\/12\\\/Linn-Wentzel-Dicken-kuva-Jonas-Tana.jpg\",\"datePublished\":\"2022-12-23T10:13:45+00:00\",\"dateModified\":\"2024-08-28T15:28:16+00:00\",\"breadcrumb\":{\"@id\":\"https:\\\/\\\/aktialiiga.fi\\\/naiset\\\/ajankohtaista\\\/linn-wentzel-joulukuun-tahtipelaaja\\\/#breadcrumb\"},\"inLanguage\":\"fi\",\"potentialAction\":[{\"@type\":\"ReadAction\",\"target\":[\"https:\\\/\\\/aktialiiga.fi\\\/naiset\\\/ajankohtaista\\\/linn-wentzel-joulukuun-tahtipelaaja\\\/\"]}]},{\"@type\":\"ImageObject\",\"inLanguage\":\"fi\",\"@id\":\"https:\\\/\\\/aktialiiga.fi\\\/naiset\\\/ajankohtaista\\\/linn-wentzel-joulukuun-tahtipelaaja\\\/#primaryimage\",\"url\":\"https:\\\/\\\/aktialiiga.fi\\\/naiset\\\/wp-content\\\/uploads\\\/sites\\\/6\\\/2022\\\/12\\\/Linn-Wentzel-Dicken-kuva-Jonas-Tana.jpg\",\"contentUrl\":\"https:\\\/\\\/aktialiiga.fi\\\/naiset\\\/wp-content\\\/uploads\\\/sites\\\/6\\\/2022\\\/12\\\/Linn-Wentzel-Dicken-kuva-Jonas-Tana.jpg\",\"width\":2048,\"height\":1365},{\"@type\":\"BreadcrumbList\",\"@id\":\"https:\\\/\\\/aktialiiga.fi\\\/naiset\\\/ajankohtaista\\\/linn-wentzel-joulukuun-tahtipelaaja\\\/#breadcrumb\",\"itemListElement\":[{\"@type\":\"ListItem\",\"position\":1,\"name\":\"Etusivu\",\"item\":\"https:\\\/\\\/aktialiiga.fi\\\/naiset\\\/\"},{\"@type\":\"ListItem\",\"position\":2,\"name\":\"Linn Wentzel joulukuun t\u00e4htipelaaja\"}]},{\"@type\":\"WebSite\",\"@id\":\"https:\\\/\\\/aktialiiga.fi\\\/naiset\\\/#website\",\"url\":\"https:\\\/\\\/aktialiiga.fi\\\/naiset\\\/\",\"name\":\"K\u00e4sipallon naisten Aktialiiga\",\"description\":\"Valtakunnan vauhdikkainta palloilua!\",\"publisher\":{\"@id\":\"https:\\\/\\\/aktialiiga.fi\\\/naiset\\\/#organization\"},\"potentialAction\":[{\"@type\":\"SearchAction\",\"target\":{\"@type\":\"EntryPoint\",\"urlTemplate\":\"https:\\\/\\\/aktialiiga.fi\\\/naiset\\\/?s={search_term_string}\"},\"query-input\":{\"@type\":\"PropertyValueSpecification\",\"valueRequired\":true,\"valueName\":\"search_term_string\"}}],\"inLanguage\":\"fi\"},{\"@type\":\"Organization\",\"@id\":\"https:\\\/\\\/aktialiiga.fi\\\/naiset\\\/#organization\",\"name\":\"K\u00e4sipallon naisten Aktialiiga\",\"url\":\"https:\\\/\\\/aktialiiga.fi\\\/naiset\\\/\",\"logo\":{\"@type\":\"ImageObject\",\"inLanguage\":\"fi\",\"@id\":\"https:\\\/\\\/aktialiiga.fi\\\/naiset\\\/#\\\/schema\\\/logo\\\/image\\\/\",\"url\":\"https:\\\/\\\/aktialiiga.fi\\\/naiset\\\/wp-content\\\/uploads\\\/sites\\\/6\\\/2024\\\/09\\\/Aktialiiga-Yoast-512.png\",\"contentUrl\":\"https:\\\/\\\/aktialiiga.fi\\\/naiset\\\/wp-content\\\/uploads\\\/sites\\\/6\\\/2024\\\/09\\\/Aktialiiga-Yoast-512.png\",\"width\":512,\"height\":512,\"caption\":\"K\u00e4sipallon naisten Aktialiiga\"},\"image\":{\"@id\":\"https:\\\/\\\/aktialiiga.fi\\\/naiset\\\/#\\\/schema\\\/logo\\\/image\\\/\"},\"sameAs\":[\"https:\\\/\\\/www.facebook.com\\\/finnhandball\",\"https:\\\/\\\/x.com\\\/finnhandball\",\"https:\\\/\\\/www.instagram.com\\\/handballfinland\\\/\"]},{\"@type\":\"Person\",\"@id\":\"https:\\\/\\\/aktialiiga.fi\\\/naiset\\\/#\\\/schema\\\/person\\\/c14bf42f47041db74603c45afcb18d87\",\"name\":\"tbrmedia\",\"image\":{\"@type\":\"ImageObject\",\"inLanguage\":\"fi\",\"@id\":\"https:\\\/\\\/secure.gravatar.com\\\/avatar\\\/ee975fa091fe581d12b60debb3439022686618368a7c142044c56724d4666b16?s=96&d=mm&r=g\",\"url\":\"https:\\\/\\\/secure.gravatar.com\\\/avatar\\\/ee975fa091fe581d12b60debb3439022686618368a7c142044c56724d4666b16?s=96&d=mm&r=g\",\"contentUrl\":\"https:\\\/\\\/secure.gravatar.com\\\/avatar\\\/ee975fa091fe581d12b60debb3439022686618368a7c142044c56724d4666b16?s=96&d=mm&r=g\",\"caption\":\"tbrmedia\"}}]}<\/script>\n<!-- \/ Yoast SEO plugin. -->","yoast_head_json":{"title":"Linn Wentzel joulukuun t\u00e4htipelaaja | K\u00e4sipallon naisten Aktialiiga","robots":{"index":"index","follow":"follow","max-snippet":"max-snippet:-1","max-image-preview":"max-image-preview:large","max-video-preview":"max-video-preview:-1"},"canonical":"https:\/\/aktialiiga.fi\/naiset\/ajankohtaista\/linn-wentzel-joulukuun-tahtipelaaja\/","og_locale":"fi_FI","og_type":"article","og_title":"Linn Wentzel joulukuun t\u00e4htipelaaja | K\u00e4sipallon naisten Aktialiiga","og_description":"SM-sarjan kuukauden t\u00e4htipelaajana jatkaa Dickenin Linn Wentzel. Jokaisessa joulukuun aikana pelatuissa kuudessa ottelussa t\u00e4hdist\u00f6st\u00e4 l\u00f6ytyi t\u00e4ysin eri trio. Wentzelin valinnan takana on vierasottelussa BK-46:tta vastaan tullut kolmen t\u00e4hden saalis. Dickeniss\u00e4 10-vuotiaana k\u00e4sipallon aloittanut Wentzel on aloittanut kauden vahvasti. H\u00e4net valittiin kuukauden t\u00e4htipelaajaksi jo toisen kerran per\u00e4kk\u00e4in. Marraskuussa h\u00e4n jakoi tittelin joukkuetoverinsa Anna Westerlundin sek\u00e4 GrIFK:n [&hellip;]","og_url":"https:\/\/aktialiiga.fi\/naiset\/ajankohtaista\/linn-wentzel-joulukuun-tahtipelaaja\/","og_site_name":"K\u00e4sipallon naisten Aktialiiga","article_publisher":"https:\/\/www.facebook.com\/finnhandball","article_published_time":"2022-12-23T10:13:45+00:00","article_modified_time":"2024-08-28T15:28:16+00:00","og_image":[{"width":2048,"height":1365,"url":"https:\/\/aktialiiga.fi\/naiset\/wp-content\/uploads\/sites\/6\/2022\/12\/Linn-Wentzel-Dicken-kuva-Jonas-Tana.jpg","type":"image\/jpeg"}],"author":"tbrmedia","twitter_card":"summary_large_image","twitter_creator":"@finnhandball","twitter_site":"@finnhandball","schema":{"@context":"https:\/\/schema.org","@graph":[{"@type":"Article","@id":"https:\/\/aktialiiga.fi\/naiset\/ajankohtaista\/linn-wentzel-joulukuun-tahtipelaaja\/#article","isPartOf":{"@id":"https:\/\/aktialiiga.fi\/naiset\/ajankohtaista\/linn-wentzel-joulukuun-tahtipelaaja\/"},"author":{"name":"tbrmedia","@id":"https:\/\/aktialiiga.fi\/naiset\/#\/schema\/person\/c14bf42f47041db74603c45afcb18d87"},"headline":"Linn Wentzel joulukuun t\u00e4htipelaaja","datePublished":"2022-12-23T10:13:45+00:00","dateModified":"2024-08-28T15:28:16+00:00","mainEntityOfPage":{"@id":"https:\/\/aktialiiga.fi\/naiset\/ajankohtaista\/linn-wentzel-joulukuun-tahtipelaaja\/"},"wordCount":1647,"publisher":{"@id":"https:\/\/aktialiiga.fi\/naiset\/#organization"},"image":{"@id":"https:\/\/aktialiiga.fi\/naiset\/ajankohtaista\/linn-wentzel-joulukuun-tahtipelaaja\/#primaryimage"},"thumbnailUrl":"https:\/\/aktialiiga.fi\/naiset\/wp-content\/uploads\/sites\/6\/2022\/12\/Linn-Wentzel-Dicken-kuva-Jonas-Tana.jpg","keywords":["Dicken","T\u00e4htipelaaja"],"articleSection":["Ajankohtaista"],"inLanguage":"fi"},{"@type":"WebPage","@id":"https:\/\/aktialiiga.fi\/naiset\/ajankohtaista\/linn-wentzel-joulukuun-tahtipelaaja\/","url":"https:\/\/aktialiiga.fi\/naiset\/ajankohtaista\/linn-wentzel-joulukuun-tahtipelaaja\/","name":"Linn Wentzel joulukuun t\u00e4htipelaaja | K\u00e4sipallon naisten Aktialiiga","isPartOf":{"@id":"https:\/\/aktialiiga.fi\/naiset\/#website"},"primaryImageOfPage":{"@id":"https:\/\/aktialiiga.fi\/naiset\/ajankohtaista\/linn-wentzel-joulukuun-tahtipelaaja\/#primaryimage"},"image":{"@id":"https:\/\/aktialiiga.fi\/naiset\/ajankohtaista\/linn-wentzel-joulukuun-tahtipelaaja\/#primaryimage"},"thumbnailUrl":"https:\/\/aktialiiga.fi\/naiset\/wp-content\/uploads\/sites\/6\/2022\/12\/Linn-Wentzel-Dicken-kuva-Jonas-Tana.jpg","datePublished":"2022-12-23T10:13:45+00:00","dateModified":"2024-08-28T15:28:16+00:00","breadcrumb":{"@id":"https:\/\/aktialiiga.fi\/naiset\/ajankohtaista\/linn-wentzel-joulukuun-tahtipelaaja\/#breadcrumb"},"inLanguage":"fi","potentialAction":[{"@type":"ReadAction","target":["https:\/\/aktialiiga.fi\/naiset\/ajankohtaista\/linn-wentzel-joulukuun-tahtipelaaja\/"]}]},{"@type":"ImageObject","inLanguage":"fi","@id":"https:\/\/aktialiiga.fi\/naiset\/ajankohtaista\/linn-wentzel-joulukuun-tahtipelaaja\/#primaryimage","url":"https:\/\/aktialiiga.fi\/naiset\/wp-content\/uploads\/sites\/6\/2022\/12\/Linn-Wentzel-Dicken-kuva-Jonas-Tana.jpg","contentUrl":"https:\/\/aktialiiga.fi\/naiset\/wp-content\/uploads\/sites\/6\/2022\/12\/Linn-Wentzel-Dicken-kuva-Jonas-Tana.jpg","width":2048,"height":1365},{"@type":"BreadcrumbList","@id":"https:\/\/aktialiiga.fi\/naiset\/ajankohtaista\/linn-wentzel-joulukuun-tahtipelaaja\/#breadcrumb","itemListElement":[{"@type":"ListItem","position":1,"name":"Etusivu","item":"https:\/\/aktialiiga.fi\/naiset\/"},{"@type":"ListItem","position":2,"name":"Linn Wentzel joulukuun t\u00e4htipelaaja"}]},{"@type":"WebSite","@id":"https:\/\/aktialiiga.fi\/naiset\/#website","url":"https:\/\/aktialiiga.fi\/naiset\/","name":"K\u00e4sipallon naisten Aktialiiga","description":"Valtakunnan vauhdikkainta palloilua!","publisher":{"@id":"https:\/\/aktialiiga.fi\/naiset\/#organization"},"potentialAction":[{"@type":"SearchAction","target":{"@type":"EntryPoint","urlTemplate":"https:\/\/aktialiiga.fi\/naiset\/?s={search_term_string}"},"query-input":{"@type":"PropertyValueSpecification","valueRequired":true,"valueName":"search_term_string"}}],"inLanguage":"fi"},{"@type":"Organization","@id":"https:\/\/aktialiiga.fi\/naiset\/#organization","name":"K\u00e4sipallon naisten Aktialiiga","url":"https:\/\/aktialiiga.fi\/naiset\/","logo":{"@type":"ImageObject","inLanguage":"fi","@id":"https:\/\/aktialiiga.fi\/naiset\/#\/schema\/logo\/image\/","url":"https:\/\/aktialiiga.fi\/naiset\/wp-content\/uploads\/sites\/6\/2024\/09\/Aktialiiga-Yoast-512.png","contentUrl":"https:\/\/aktialiiga.fi\/naiset\/wp-content\/uploads\/sites\/6\/2024\/09\/Aktialiiga-Yoast-512.png","width":512,"height":512,"caption":"K\u00e4sipallon naisten Aktialiiga"},"image":{"@id":"https:\/\/aktialiiga.fi\/naiset\/#\/schema\/logo\/image\/"},"sameAs":["https:\/\/www.facebook.com\/finnhandball","https:\/\/x.com\/finnhandball","https:\/\/www.instagram.com\/handballfinland\/"]},{"@type":"Person","@id":"https:\/\/aktialiiga.fi\/naiset\/#\/schema\/person\/c14bf42f47041db74603c45afcb18d87","name":"tbrmedia","image":{"@type":"ImageObject","inLanguage":"fi","@id":"https:\/\/secure.gravatar.com\/avatar\/ee975fa091fe581d12b60debb3439022686618368a7c142044c56724d4666b16?s=96&d=mm&r=g","url":"https:\/\/secure.gravatar.com\/avatar\/ee975fa091fe581d12b60debb3439022686618368a7c142044c56724d4666b16?s=96&d=mm&r=g","contentUrl":"https:\/\/secure.gravatar.com\/avatar\/ee975fa091fe581d12b60debb3439022686618368a7c142044c56724d4666b16?s=96&d=mm&r=g","caption":"tbrmedia"}}]}},"jetpack_featured_media_url":"https:\/\/aktialiiga.fi\/naiset\/wp-content\/uploads\/sites\/6\/2022\/12\/Linn-Wentzel-Dicken-kuva-Jonas-Tana.jpg","jetpack_sharing_enabled":true,"jetpack_shortlink":"https:\/\/wp.me\/pfYhm6-7NZ","_links":{"self":[{"href":"https:\/\/aktialiiga.fi\/naiset\/wp-json\/wp\/v2\/posts\/30007","targetHints":{"allow":["GET"]}}],"collection":[{"href":"https:\/\/aktialiiga.fi\/naiset\/wp-json\/wp\/v2\/posts"}],"about":[{"href":"https:\/\/aktialiiga.fi\/naiset\/wp-json\/wp\/v2\/types\/post"}],"author":[{"embeddable":true,"href":"https:\/\/aktialiiga.fi\/naiset\/wp-json\/wp\/v2\/users\/13"}],"replies":[{"embeddable":true,"href":"https:\/\/aktialiiga.fi\/naiset\/wp-json\/wp\/v2\/comments?post=30007"}],"version-history":[{"count":1,"href":"https:\/\/aktialiiga.fi\/naiset\/wp-json\/wp\/v2\/posts\/30007\/revisions"}],"predecessor-version":[{"id":38800,"href":"https:\/\/aktialiiga.fi\/naiset\/wp-json\/wp\/v2\/posts\/30007\/revisions\/38800"}],"wp:featuredmedia":[{"embeddable":true,"href":"https:\/\/aktialiiga.fi\/naiset\/wp-json\/wp\/v2\/media\/30008"}],"wp:attachment":[{"href":"https:\/\/aktialiiga.fi\/naiset\/wp-json\/wp\/v2\/media?parent=30007"}],"wp:term":[{"taxonomy":"category","embeddable":true,"href":"https:\/\/aktialiiga.fi\/naiset\/wp-json\/wp\/v2\/categories?post=30007"},{"taxonomy":"post_tag","embeddable":true,"href":"https:\/\/aktialiiga.fi\/naiset\/wp-json\/wp\/v2\/tags?post=30007"}],"curies":[{"name":"wp","href":"https:\/\/api.w.org\/{rel}","templated":true}]}}