{"id":30678,"date":"2023-03-10T13:26:34","date_gmt":"2023-03-10T11:26:34","guid":{"rendered":"https:\/\/aktialiiga.fi\/naiset\/?p=30678"},"modified":"2023-03-10T13:26:34","modified_gmt":"2023-03-10T11:26:34","slug":"lauantaina-taysi-kierros-sif-havittelee-yleisoennatysta","status":"publish","type":"post","link":"https:\/\/aktialiiga.fi\/naiset\/kausi-2022-2023\/lauantaina-taysi-kierros-sif-havittelee-yleisoennatysta\/","title":{"rendered":"Lauantaina t\u00e4ysi kierros &#8211; SIF havittelee yleis\u00f6enn\u00e4tyst\u00e4"},"content":{"rendered":"<p>SM-sarjan runkosarjan ratkaisuhetket l\u00e4hestyv\u00e4t ja lauantain aikana saatetaan n\u00e4hd\u00e4 jo ratkaisuja.<\/p>\n<p>Lauantaina pelataan kolme ottelua, joissa kaikissa on panosta riitt\u00e4miin. Dickenin ja HIFK:n klassikko-ottelu her\u00e4tt\u00e4\u00e4 aina mielenkiintoa, mutta sarjataulukon kannalta ratkaisuja saatetaan n\u00e4hd\u00e4 my\u00f6s muissa otteluissa.<\/p>\n<p>SIF saattaa varmistaa v\u00e4lier\u00e4paikan, kun se kohtaa kotikent\u00e4ll\u00e4\u00e4n GrIFK:n. SIF on saamassa vankan tuen otteluun, sill\u00e4 seura tavoittelee ottelussa Fennia Arenan yleis\u00f6enn\u00e4tyst\u00e4. Voitolla SIF ottaisi v\u00e4hint\u00e4\u00e4n j\u00e4ttiharppauksen kohti v\u00e4lieri\u00e4 ja varmistaa paikkansa, mik\u00e4li BK-46 ei voita KyIF:i\u00e4 omassa ottelussaan. GrIFK taistelee puolestaan runkosarjan voitosta ja se on t\u00e4ll\u00e4 hetkell\u00e4 kaksi pistett\u00e4 Dickeni\u00e4 per\u00e4ss\u00e4.<\/p>\n<p>BK-46:n ja KyIF:n ottelussa kotijoukkue yritt\u00e4\u00e4 pit\u00e4\u00e4 v\u00e4lier\u00e4haaveet elossa ja se tarvitsee ottelusta voiton. KyIF puolestaan hakee viel\u00e4 kauden ensimm\u00e4ist\u00e4 voittoaan.<\/p>\n<p>Lauantain kolmantena pelin\u00e4 n\u00e4hd\u00e4\u00e4n Dickenin ja HIFK:n kohtaaminen. HIFK tarvitsee ottelusta voiton taistellakseen viel\u00e4 runkosarjan voitosta. Dickenill\u00e4 ei ole ottelussa pakkovoittoa, mutta t\u00e4ysi pistepotti veisi sen aimo harppauksen kohti runkosarjan voittoa. Voiton tullessa Dickenille riitt\u00e4isi silloin voitto seuraavasta ottelusta KyIF:i\u00e4 vastaan, vaikka se h\u00e4vi\u00e4isi p\u00e4\u00e4t\u00f6sottelussaan GrIFK:n ja p\u00e4\u00e4tyisi Granin tasapisteisiin. Tasapisteiss\u00e4 Dicken on GrIFK:n edell\u00e4 keskin\u00e4isess\u00e4 vertailussa. HIFK on puolestaan voittanut molemmat aiemmat SM-sarjan ottelut Dickeni\u00e4 vastaan, joten tasapisteisiin p\u00e4\u00e4dytt\u00e4ess\u00e4 HIFK olisi keskin\u00e4isess\u00e4 vertailussa Dickenin edell\u00e4. Kauden p\u00e4\u00e4tteeksi saatetaan viel\u00e4 n\u00e4hd\u00e4 tilanne, jossa kaikki kolme k\u00e4rkijoukkuetta p\u00e4\u00e4tyv\u00e4t tasapisteisiin.<\/p>\n<p>Dicken on t\u00e4ll\u00e4 kaudella pystynyt HIFK:n kuitenkin kaatamaan, kun se voitti Suomen Cupin finaalissa paikallisvastustajansa. Kahden kestomenestyj\u00e4n ottelusta on luvassa j\u00e4lleen mielenkiintoinen kohtaaminen.<\/p>\n<p>Lauantain kaikki ottelut alkavat kello 16.00.<\/p>\n<p><strong>SM-sarjan ottelut lauantaina:<br \/>\n<\/strong>SIF-GrIFK<br \/>\nBK-46-KyIF<br \/>\nDicken-HIFK<\/p>\n<p>HandisTV n\u00e4ytt\u00e4\u00e4 kaikki ottelut suorina l\u00e4hetyksin\u00e4. HandisTV:n pariin p\u00e4\u00e4set\u00a0<a href=\"https:\/\/handis.tv\/handis\"><em>t\u00e4\u00e4lt\u00e4<\/em><\/a>.<\/p>\n<p>&nbsp;<\/p>\n","protected":false},"excerpt":{"rendered":"<p>SM-sarjan runkosarjan ratkaisuhetket l\u00e4hestyv\u00e4t ja lauantain aikana saatetaan n\u00e4hd\u00e4 jo ratkaisuja. Lauantaina pelataan kolme ottelua, joissa kaikissa on panosta riitt\u00e4miin. Dickenin ja HIFK:n klassikko-ottelu her\u00e4tt\u00e4\u00e4 aina mielenkiintoa, mutta sarjataulukon kannalta ratkaisuja saatetaan n\u00e4hd\u00e4 my\u00f6s muissa otteluissa. SIF saattaa varmistaa v\u00e4lier\u00e4paikan, kun se kohtaa kotikent\u00e4ll\u00e4\u00e4n GrIFK:n. SIF on saamassa vankan tuen otteluun, sill\u00e4 seura tavoittelee ottelussa [&hellip;]<\/p>\n","protected":false},"author":13,"featured_media":30679,"comment_status":"closed","ping_status":"closed","sticky":false,"template":"","format":"standard","meta":{"_acf_changed":false,"jetpack_post_was_ever_published":false,"_jetpack_newsletter_access":"","_jetpack_dont_email_post_to_subs":false,"_jetpack_newsletter_tier_id":0,"_jetpack_memberships_contains_paywalled_content":false,"_jetpack_memberships_contains_paid_content":false,"footnotes":""},"categories":[208,199],"tags":[49,51,57,61,67,81],"class_list":["post-30678","post","type-post","status-publish","format-standard","has-post-thumbnail","hentry","category-ennakot-2022-23","category-kausi-2022-2023","tag-bk-46","tag-dicken","tag-grifk","tag-hifk","tag-kyif","tag-sif"],"acf":[],"yoast_head":"<!-- This site is optimized with the Yoast SEO plugin v27.5 - https:\/\/yoast.com\/product\/yoast-seo-wordpress\/ -->\n<title>Lauantaina t\u00e4ysi kierros - SIF havittelee yleis\u00f6enn\u00e4tyst\u00e4 | K\u00e4sipallon naisten Aktialiiga<\/title>\n<meta name=\"robots\" content=\"index, follow, max-snippet:-1, max-image-preview:large, max-video-preview:-1\" \/>\n<link rel=\"canonical\" href=\"https:\/\/aktialiiga.fi\/naiset\/kausi-2022-2023\/lauantaina-taysi-kierros-sif-havittelee-yleisoennatysta\/\" \/>\n<meta property=\"og:locale\" content=\"fi_FI\" \/>\n<meta property=\"og:type\" content=\"article\" \/>\n<meta property=\"og:title\" content=\"Lauantaina t\u00e4ysi kierros - SIF havittelee yleis\u00f6enn\u00e4tyst\u00e4 | K\u00e4sipallon naisten Aktialiiga\" \/>\n<meta property=\"og:description\" content=\"SM-sarjan runkosarjan ratkaisuhetket l\u00e4hestyv\u00e4t ja lauantain aikana saatetaan n\u00e4hd\u00e4 jo ratkaisuja. Lauantaina pelataan kolme ottelua, joissa kaikissa on panosta riitt\u00e4miin. Dickenin ja HIFK:n klassikko-ottelu her\u00e4tt\u00e4\u00e4 aina mielenkiintoa, mutta sarjataulukon kannalta ratkaisuja saatetaan n\u00e4hd\u00e4 my\u00f6s muissa otteluissa. SIF saattaa varmistaa v\u00e4lier\u00e4paikan, kun se kohtaa kotikent\u00e4ll\u00e4\u00e4n GrIFK:n. SIF on saamassa vankan tuen otteluun, sill\u00e4 seura tavoittelee ottelussa [&hellip;]\" \/>\n<meta property=\"og:url\" content=\"https:\/\/aktialiiga.fi\/naiset\/kausi-2022-2023\/lauantaina-taysi-kierros-sif-havittelee-yleisoennatysta\/\" \/>\n<meta property=\"og:site_name\" content=\"K\u00e4sipallon naisten Aktialiiga\" \/>\n<meta property=\"article:publisher\" content=\"https:\/\/www.facebook.com\/finnhandball\" \/>\n<meta property=\"article:published_time\" content=\"2023-03-10T11:26:34+00:00\" \/>\n<meta property=\"og:image\" content=\"https:\/\/aktialiiga.fi\/naiset\/wp-content\/uploads\/sites\/6\/2023\/03\/heikkinen_malena_dicken_22-23a.jpg\" \/>\n\t<meta property=\"og:image:width\" content=\"1200\" \/>\n\t<meta property=\"og:image:height\" content=\"800\" \/>\n\t<meta property=\"og:image:type\" content=\"image\/jpeg\" \/>\n<meta name=\"author\" content=\"tbrmedia\" \/>\n<meta name=\"twitter:card\" content=\"summary_large_image\" \/>\n<meta name=\"twitter:creator\" content=\"@finnhandball\" \/>\n<meta name=\"twitter:site\" content=\"@finnhandball\" \/>\n<script type=\"application\/ld+json\" class=\"yoast-schema-graph\">{\"@context\":\"https:\\\/\\\/schema.org\",\"@graph\":[{\"@type\":\"Article\",\"@id\":\"https:\\\/\\\/aktialiiga.fi\\\/naiset\\\/kausi-2022-2023\\\/lauantaina-taysi-kierros-sif-havittelee-yleisoennatysta\\\/#article\",\"isPartOf\":{\"@id\":\"https:\\\/\\\/aktialiiga.fi\\\/naiset\\\/kausi-2022-2023\\\/lauantaina-taysi-kierros-sif-havittelee-yleisoennatysta\\\/\"},\"author\":{\"name\":\"tbrmedia\",\"@id\":\"https:\\\/\\\/aktialiiga.fi\\\/naiset\\\/#\\\/schema\\\/person\\\/c14bf42f47041db74603c45afcb18d87\"},\"headline\":\"Lauantaina t\u00e4ysi kierros &#8211; SIF havittelee yleis\u00f6enn\u00e4tyst\u00e4\",\"datePublished\":\"2023-03-10T11:26:34+00:00\",\"mainEntityOfPage\":{\"@id\":\"https:\\\/\\\/aktialiiga.fi\\\/naiset\\\/kausi-2022-2023\\\/lauantaina-taysi-kierros-sif-havittelee-yleisoennatysta\\\/\"},\"wordCount\":313,\"publisher\":{\"@id\":\"https:\\\/\\\/aktialiiga.fi\\\/naiset\\\/#organization\"},\"image\":{\"@id\":\"https:\\\/\\\/aktialiiga.fi\\\/naiset\\\/kausi-2022-2023\\\/lauantaina-taysi-kierros-sif-havittelee-yleisoennatysta\\\/#primaryimage\"},\"thumbnailUrl\":\"https:\\\/\\\/aktialiiga.fi\\\/naiset\\\/wp-content\\\/uploads\\\/sites\\\/6\\\/2023\\\/03\\\/heikkinen_malena_dicken_22-23a.jpg\",\"keywords\":[\"BK-46\",\"Dicken\",\"GrIFK\",\"HIFK\",\"KyIF\",\"SIF\"],\"articleSection\":[\"Ennakot\",\"Kausi 2022-2023\"],\"inLanguage\":\"fi\"},{\"@type\":\"WebPage\",\"@id\":\"https:\\\/\\\/aktialiiga.fi\\\/naiset\\\/kausi-2022-2023\\\/lauantaina-taysi-kierros-sif-havittelee-yleisoennatysta\\\/\",\"url\":\"https:\\\/\\\/aktialiiga.fi\\\/naiset\\\/kausi-2022-2023\\\/lauantaina-taysi-kierros-sif-havittelee-yleisoennatysta\\\/\",\"name\":\"Lauantaina t\u00e4ysi kierros - SIF havittelee yleis\u00f6enn\u00e4tyst\u00e4 | K\u00e4sipallon naisten Aktialiiga\",\"isPartOf\":{\"@id\":\"https:\\\/\\\/aktialiiga.fi\\\/naiset\\\/#website\"},\"primaryImageOfPage\":{\"@id\":\"https:\\\/\\\/aktialiiga.fi\\\/naiset\\\/kausi-2022-2023\\\/lauantaina-taysi-kierros-sif-havittelee-yleisoennatysta\\\/#primaryimage\"},\"image\":{\"@id\":\"https:\\\/\\\/aktialiiga.fi\\\/naiset\\\/kausi-2022-2023\\\/lauantaina-taysi-kierros-sif-havittelee-yleisoennatysta\\\/#primaryimage\"},\"thumbnailUrl\":\"https:\\\/\\\/aktialiiga.fi\\\/naiset\\\/wp-content\\\/uploads\\\/sites\\\/6\\\/2023\\\/03\\\/heikkinen_malena_dicken_22-23a.jpg\",\"datePublished\":\"2023-03-10T11:26:34+00:00\",\"breadcrumb\":{\"@id\":\"https:\\\/\\\/aktialiiga.fi\\\/naiset\\\/kausi-2022-2023\\\/lauantaina-taysi-kierros-sif-havittelee-yleisoennatysta\\\/#breadcrumb\"},\"inLanguage\":\"fi\",\"potentialAction\":[{\"@type\":\"ReadAction\",\"target\":[\"https:\\\/\\\/aktialiiga.fi\\\/naiset\\\/kausi-2022-2023\\\/lauantaina-taysi-kierros-sif-havittelee-yleisoennatysta\\\/\"]}]},{\"@type\":\"ImageObject\",\"inLanguage\":\"fi\",\"@id\":\"https:\\\/\\\/aktialiiga.fi\\\/naiset\\\/kausi-2022-2023\\\/lauantaina-taysi-kierros-sif-havittelee-yleisoennatysta\\\/#primaryimage\",\"url\":\"https:\\\/\\\/aktialiiga.fi\\\/naiset\\\/wp-content\\\/uploads\\\/sites\\\/6\\\/2023\\\/03\\\/heikkinen_malena_dicken_22-23a.jpg\",\"contentUrl\":\"https:\\\/\\\/aktialiiga.fi\\\/naiset\\\/wp-content\\\/uploads\\\/sites\\\/6\\\/2023\\\/03\\\/heikkinen_malena_dicken_22-23a.jpg\",\"width\":1200,\"height\":800,\"caption\":\"Malena Heikkinen, Dicken Naisten k\u00e4sipallon Suomen Cup finaali Dicken - Hifk Pirkkolan palloiluhallissa 28. tammikuuta 2023. (Kalle Parkkinen\\\/Newspix24)\"},{\"@type\":\"BreadcrumbList\",\"@id\":\"https:\\\/\\\/aktialiiga.fi\\\/naiset\\\/kausi-2022-2023\\\/lauantaina-taysi-kierros-sif-havittelee-yleisoennatysta\\\/#breadcrumb\",\"itemListElement\":[{\"@type\":\"ListItem\",\"position\":1,\"name\":\"Etusivu\",\"item\":\"https:\\\/\\\/aktialiiga.fi\\\/naiset\\\/\"},{\"@type\":\"ListItem\",\"position\":2,\"name\":\"Lauantaina t\u00e4ysi kierros &#8211; SIF havittelee yleis\u00f6enn\u00e4tyst\u00e4\"}]},{\"@type\":\"WebSite\",\"@id\":\"https:\\\/\\\/aktialiiga.fi\\\/naiset\\\/#website\",\"url\":\"https:\\\/\\\/aktialiiga.fi\\\/naiset\\\/\",\"name\":\"K\u00e4sipallon naisten Aktialiiga\",\"description\":\"Valtakunnan vauhdikkainta palloilua!\",\"publisher\":{\"@id\":\"https:\\\/\\\/aktialiiga.fi\\\/naiset\\\/#organization\"},\"potentialAction\":[{\"@type\":\"SearchAction\",\"target\":{\"@type\":\"EntryPoint\",\"urlTemplate\":\"https:\\\/\\\/aktialiiga.fi\\\/naiset\\\/?s={search_term_string}\"},\"query-input\":{\"@type\":\"PropertyValueSpecification\",\"valueRequired\":true,\"valueName\":\"search_term_string\"}}],\"inLanguage\":\"fi\"},{\"@type\":\"Organization\",\"@id\":\"https:\\\/\\\/aktialiiga.fi\\\/naiset\\\/#organization\",\"name\":\"K\u00e4sipallon naisten Aktialiiga\",\"url\":\"https:\\\/\\\/aktialiiga.fi\\\/naiset\\\/\",\"logo\":{\"@type\":\"ImageObject\",\"inLanguage\":\"fi\",\"@id\":\"https:\\\/\\\/aktialiiga.fi\\\/naiset\\\/#\\\/schema\\\/logo\\\/image\\\/\",\"url\":\"https:\\\/\\\/aktialiiga.fi\\\/naiset\\\/wp-content\\\/uploads\\\/sites\\\/6\\\/2024\\\/09\\\/Aktialiiga-Yoast-512.png\",\"contentUrl\":\"https:\\\/\\\/aktialiiga.fi\\\/naiset\\\/wp-content\\\/uploads\\\/sites\\\/6\\\/2024\\\/09\\\/Aktialiiga-Yoast-512.png\",\"width\":512,\"height\":512,\"caption\":\"K\u00e4sipallon naisten Aktialiiga\"},\"image\":{\"@id\":\"https:\\\/\\\/aktialiiga.fi\\\/naiset\\\/#\\\/schema\\\/logo\\\/image\\\/\"},\"sameAs\":[\"https:\\\/\\\/www.facebook.com\\\/finnhandball\",\"https:\\\/\\\/x.com\\\/finnhandball\",\"https:\\\/\\\/www.instagram.com\\\/handballfinland\\\/\"]},{\"@type\":\"Person\",\"@id\":\"https:\\\/\\\/aktialiiga.fi\\\/naiset\\\/#\\\/schema\\\/person\\\/c14bf42f47041db74603c45afcb18d87\",\"name\":\"tbrmedia\",\"image\":{\"@type\":\"ImageObject\",\"inLanguage\":\"fi\",\"@id\":\"https:\\\/\\\/secure.gravatar.com\\\/avatar\\\/ee975fa091fe581d12b60debb3439022686618368a7c142044c56724d4666b16?s=96&d=mm&r=g\",\"url\":\"https:\\\/\\\/secure.gravatar.com\\\/avatar\\\/ee975fa091fe581d12b60debb3439022686618368a7c142044c56724d4666b16?s=96&d=mm&r=g\",\"contentUrl\":\"https:\\\/\\\/secure.gravatar.com\\\/avatar\\\/ee975fa091fe581d12b60debb3439022686618368a7c142044c56724d4666b16?s=96&d=mm&r=g\",\"caption\":\"tbrmedia\"}}]}<\/script>\n<!-- \/ Yoast SEO plugin. -->","yoast_head_json":{"title":"Lauantaina t\u00e4ysi kierros - SIF havittelee yleis\u00f6enn\u00e4tyst\u00e4 | K\u00e4sipallon naisten Aktialiiga","robots":{"index":"index","follow":"follow","max-snippet":"max-snippet:-1","max-image-preview":"max-image-preview:large","max-video-preview":"max-video-preview:-1"},"canonical":"https:\/\/aktialiiga.fi\/naiset\/kausi-2022-2023\/lauantaina-taysi-kierros-sif-havittelee-yleisoennatysta\/","og_locale":"fi_FI","og_type":"article","og_title":"Lauantaina t\u00e4ysi kierros - SIF havittelee yleis\u00f6enn\u00e4tyst\u00e4 | K\u00e4sipallon naisten Aktialiiga","og_description":"SM-sarjan runkosarjan ratkaisuhetket l\u00e4hestyv\u00e4t ja lauantain aikana saatetaan n\u00e4hd\u00e4 jo ratkaisuja. Lauantaina pelataan kolme ottelua, joissa kaikissa on panosta riitt\u00e4miin. Dickenin ja HIFK:n klassikko-ottelu her\u00e4tt\u00e4\u00e4 aina mielenkiintoa, mutta sarjataulukon kannalta ratkaisuja saatetaan n\u00e4hd\u00e4 my\u00f6s muissa otteluissa. SIF saattaa varmistaa v\u00e4lier\u00e4paikan, kun se kohtaa kotikent\u00e4ll\u00e4\u00e4n GrIFK:n. SIF on saamassa vankan tuen otteluun, sill\u00e4 seura tavoittelee ottelussa [&hellip;]","og_url":"https:\/\/aktialiiga.fi\/naiset\/kausi-2022-2023\/lauantaina-taysi-kierros-sif-havittelee-yleisoennatysta\/","og_site_name":"K\u00e4sipallon naisten Aktialiiga","article_publisher":"https:\/\/www.facebook.com\/finnhandball","article_published_time":"2023-03-10T11:26:34+00:00","og_image":[{"width":1200,"height":800,"url":"https:\/\/aktialiiga.fi\/naiset\/wp-content\/uploads\/sites\/6\/2023\/03\/heikkinen_malena_dicken_22-23a.jpg","type":"image\/jpeg"}],"author":"tbrmedia","twitter_card":"summary_large_image","twitter_creator":"@finnhandball","twitter_site":"@finnhandball","schema":{"@context":"https:\/\/schema.org","@graph":[{"@type":"Article","@id":"https:\/\/aktialiiga.fi\/naiset\/kausi-2022-2023\/lauantaina-taysi-kierros-sif-havittelee-yleisoennatysta\/#article","isPartOf":{"@id":"https:\/\/aktialiiga.fi\/naiset\/kausi-2022-2023\/lauantaina-taysi-kierros-sif-havittelee-yleisoennatysta\/"},"author":{"name":"tbrmedia","@id":"https:\/\/aktialiiga.fi\/naiset\/#\/schema\/person\/c14bf42f47041db74603c45afcb18d87"},"headline":"Lauantaina t\u00e4ysi kierros &#8211; SIF havittelee yleis\u00f6enn\u00e4tyst\u00e4","datePublished":"2023-03-10T11:26:34+00:00","mainEntityOfPage":{"@id":"https:\/\/aktialiiga.fi\/naiset\/kausi-2022-2023\/lauantaina-taysi-kierros-sif-havittelee-yleisoennatysta\/"},"wordCount":313,"publisher":{"@id":"https:\/\/aktialiiga.fi\/naiset\/#organization"},"image":{"@id":"https:\/\/aktialiiga.fi\/naiset\/kausi-2022-2023\/lauantaina-taysi-kierros-sif-havittelee-yleisoennatysta\/#primaryimage"},"thumbnailUrl":"https:\/\/aktialiiga.fi\/naiset\/wp-content\/uploads\/sites\/6\/2023\/03\/heikkinen_malena_dicken_22-23a.jpg","keywords":["BK-46","Dicken","GrIFK","HIFK","KyIF","SIF"],"articleSection":["Ennakot","Kausi 2022-2023"],"inLanguage":"fi"},{"@type":"WebPage","@id":"https:\/\/aktialiiga.fi\/naiset\/kausi-2022-2023\/lauantaina-taysi-kierros-sif-havittelee-yleisoennatysta\/","url":"https:\/\/aktialiiga.fi\/naiset\/kausi-2022-2023\/lauantaina-taysi-kierros-sif-havittelee-yleisoennatysta\/","name":"Lauantaina t\u00e4ysi kierros - SIF havittelee yleis\u00f6enn\u00e4tyst\u00e4 | K\u00e4sipallon naisten Aktialiiga","isPartOf":{"@id":"https:\/\/aktialiiga.fi\/naiset\/#website"},"primaryImageOfPage":{"@id":"https:\/\/aktialiiga.fi\/naiset\/kausi-2022-2023\/lauantaina-taysi-kierros-sif-havittelee-yleisoennatysta\/#primaryimage"},"image":{"@id":"https:\/\/aktialiiga.fi\/naiset\/kausi-2022-2023\/lauantaina-taysi-kierros-sif-havittelee-yleisoennatysta\/#primaryimage"},"thumbnailUrl":"https:\/\/aktialiiga.fi\/naiset\/wp-content\/uploads\/sites\/6\/2023\/03\/heikkinen_malena_dicken_22-23a.jpg","datePublished":"2023-03-10T11:26:34+00:00","breadcrumb":{"@id":"https:\/\/aktialiiga.fi\/naiset\/kausi-2022-2023\/lauantaina-taysi-kierros-sif-havittelee-yleisoennatysta\/#breadcrumb"},"inLanguage":"fi","potentialAction":[{"@type":"ReadAction","target":["https:\/\/aktialiiga.fi\/naiset\/kausi-2022-2023\/lauantaina-taysi-kierros-sif-havittelee-yleisoennatysta\/"]}]},{"@type":"ImageObject","inLanguage":"fi","@id":"https:\/\/aktialiiga.fi\/naiset\/kausi-2022-2023\/lauantaina-taysi-kierros-sif-havittelee-yleisoennatysta\/#primaryimage","url":"https:\/\/aktialiiga.fi\/naiset\/wp-content\/uploads\/sites\/6\/2023\/03\/heikkinen_malena_dicken_22-23a.jpg","contentUrl":"https:\/\/aktialiiga.fi\/naiset\/wp-content\/uploads\/sites\/6\/2023\/03\/heikkinen_malena_dicken_22-23a.jpg","width":1200,"height":800,"caption":"Malena Heikkinen, Dicken Naisten k\u00e4sipallon Suomen Cup finaali Dicken - Hifk Pirkkolan palloiluhallissa 28. tammikuuta 2023. (Kalle Parkkinen\/Newspix24)"},{"@type":"BreadcrumbList","@id":"https:\/\/aktialiiga.fi\/naiset\/kausi-2022-2023\/lauantaina-taysi-kierros-sif-havittelee-yleisoennatysta\/#breadcrumb","itemListElement":[{"@type":"ListItem","position":1,"name":"Etusivu","item":"https:\/\/aktialiiga.fi\/naiset\/"},{"@type":"ListItem","position":2,"name":"Lauantaina t\u00e4ysi kierros &#8211; SIF havittelee yleis\u00f6enn\u00e4tyst\u00e4"}]},{"@type":"WebSite","@id":"https:\/\/aktialiiga.fi\/naiset\/#website","url":"https:\/\/aktialiiga.fi\/naiset\/","name":"K\u00e4sipallon naisten Aktialiiga","description":"Valtakunnan vauhdikkainta palloilua!","publisher":{"@id":"https:\/\/aktialiiga.fi\/naiset\/#organization"},"potentialAction":[{"@type":"SearchAction","target":{"@type":"EntryPoint","urlTemplate":"https:\/\/aktialiiga.fi\/naiset\/?s={search_term_string}"},"query-input":{"@type":"PropertyValueSpecification","valueRequired":true,"valueName":"search_term_string"}}],"inLanguage":"fi"},{"@type":"Organization","@id":"https:\/\/aktialiiga.fi\/naiset\/#organization","name":"K\u00e4sipallon naisten Aktialiiga","url":"https:\/\/aktialiiga.fi\/naiset\/","logo":{"@type":"ImageObject","inLanguage":"fi","@id":"https:\/\/aktialiiga.fi\/naiset\/#\/schema\/logo\/image\/","url":"https:\/\/aktialiiga.fi\/naiset\/wp-content\/uploads\/sites\/6\/2024\/09\/Aktialiiga-Yoast-512.png","contentUrl":"https:\/\/aktialiiga.fi\/naiset\/wp-content\/uploads\/sites\/6\/2024\/09\/Aktialiiga-Yoast-512.png","width":512,"height":512,"caption":"K\u00e4sipallon naisten Aktialiiga"},"image":{"@id":"https:\/\/aktialiiga.fi\/naiset\/#\/schema\/logo\/image\/"},"sameAs":["https:\/\/www.facebook.com\/finnhandball","https:\/\/x.com\/finnhandball","https:\/\/www.instagram.com\/handballfinland\/"]},{"@type":"Person","@id":"https:\/\/aktialiiga.fi\/naiset\/#\/schema\/person\/c14bf42f47041db74603c45afcb18d87","name":"tbrmedia","image":{"@type":"ImageObject","inLanguage":"fi","@id":"https:\/\/secure.gravatar.com\/avatar\/ee975fa091fe581d12b60debb3439022686618368a7c142044c56724d4666b16?s=96&d=mm&r=g","url":"https:\/\/secure.gravatar.com\/avatar\/ee975fa091fe581d12b60debb3439022686618368a7c142044c56724d4666b16?s=96&d=mm&r=g","contentUrl":"https:\/\/secure.gravatar.com\/avatar\/ee975fa091fe581d12b60debb3439022686618368a7c142044c56724d4666b16?s=96&d=mm&r=g","caption":"tbrmedia"}}]}},"jetpack_featured_media_url":"https:\/\/aktialiiga.fi\/naiset\/wp-content\/uploads\/sites\/6\/2023\/03\/heikkinen_malena_dicken_22-23a.jpg","jetpack_sharing_enabled":true,"jetpack_shortlink":"https:\/\/wp.me\/pfYhm6-7YO","_links":{"self":[{"href":"https:\/\/aktialiiga.fi\/naiset\/wp-json\/wp\/v2\/posts\/30678","targetHints":{"allow":["GET"]}}],"collection":[{"href":"https:\/\/aktialiiga.fi\/naiset\/wp-json\/wp\/v2\/posts"}],"about":[{"href":"https:\/\/aktialiiga.fi\/naiset\/wp-json\/wp\/v2\/types\/post"}],"author":[{"embeddable":true,"href":"https:\/\/aktialiiga.fi\/naiset\/wp-json\/wp\/v2\/users\/13"}],"replies":[{"embeddable":true,"href":"https:\/\/aktialiiga.fi\/naiset\/wp-json\/wp\/v2\/comments?post=30678"}],"version-history":[{"count":0,"href":"https:\/\/aktialiiga.fi\/naiset\/wp-json\/wp\/v2\/posts\/30678\/revisions"}],"wp:featuredmedia":[{"embeddable":true,"href":"https:\/\/aktialiiga.fi\/naiset\/wp-json\/wp\/v2\/media\/30679"}],"wp:attachment":[{"href":"https:\/\/aktialiiga.fi\/naiset\/wp-json\/wp\/v2\/media?parent=30678"}],"wp:term":[{"taxonomy":"category","embeddable":true,"href":"https:\/\/aktialiiga.fi\/naiset\/wp-json\/wp\/v2\/categories?post=30678"},{"taxonomy":"post_tag","embeddable":true,"href":"https:\/\/aktialiiga.fi\/naiset\/wp-json\/wp\/v2\/tags?post=30678"}],"curies":[{"name":"wp","href":"https:\/\/api.w.org\/{rel}","templated":true}]}}