{"id":31025,"date":"2023-04-28T11:11:12","date_gmt":"2023-04-28T08:11:12","guid":{"rendered":"https:\/\/aktialiiga.fi\/naiset\/?p=31025"},"modified":"2024-08-28T18:28:16","modified_gmt":"2024-08-28T15:28:16","slug":"saga-narkiniemi-huhtikuun-tahtipelaaja","status":"publish","type":"post","link":"https:\/\/aktialiiga.fi\/naiset\/ajankohtaista\/saga-narkiniemi-huhtikuun-tahtipelaaja\/","title":{"rendered":"Saga Narkiniemi huhtikuun t\u00e4htipelaaja"},"content":{"rendered":"<p>Naisten SM-sarjan huhtikuun kuukauden t\u00e4htipelaajaksi on valittu pronssipeleihin valmistautuvan SIF:n maalivahti Saga Narkiniemi, joka ker\u00e4si v\u00e4lieriss\u00e4 Dickeni\u00e4 vastaan viisi t\u00e4hte\u00e4. Viiteen t\u00e4hteen ylsi my\u00f6s v\u00e4lier\u00e4vastustaja Dickenin Malena Heikkinen, mutta vaakakupin Narkiniemen valinnan suuntaan k\u00e4\u00e4nsi vierasotteluissa annettujen t\u00e4htien m\u00e4\u00e4r\u00e4.<!--more--><\/p>\n<p>Ensimm\u00e4ist\u00e4 kertaa urallaan kuukauden t\u00e4htipelaajaksi valittu 19-vuotias SIF:n oma kasvatti pelaa jo nelj\u00e4tt\u00e4 kauttaan naisten SM-sarjassa.<\/p>\n<p>&#8211; Kauteni on mennyt omasta mielest\u00e4ni hyvin ja olen tyytyv\u00e4inen omaan pelaamiseeni. Tietty jotkut pelit ovat menneet paremmin kuin olisi voinut kuvitella ja jotkut v\u00e4h\u00e4n huonommin.<\/p>\n<p>Narkiniemen kehityskaari on sojottanut jatkuvasti yl\u00f6sp\u00e4in. Syyt l\u00f6ytyv\u00e4t h\u00e4nen mukaansa kovasta halusta kehitty\u00e4 kaikessa ja omassa vaatimustasosta yhdistettyn\u00e4 valmennuksen tuomaan apuun.<\/p>\n<p>&#8211; Paljon on ty\u00f6stetty psyykkist\u00e4 puolta. En hermoile en\u00e4\u00e4 niin paljon ennen pelej\u00e4 vaan onnistun pit\u00e4m\u00e4\u00e4n itseni rauhallisena. Sill\u00e4 on ollut suuri vaikutus pelaamiseeni. Tulos on n\u00e4kynyt.<\/p>\n<p>Kaikissa kauden SM-sarjapeleiss\u00e4 SIF:n maalilla pelannut Narkiniemi on SM-sarjan torjuntatilaston k\u00e4rkipaikalla ennen mitalipelej\u00e4. 237 torjuntaa torjuntaprosentilla 41 on huippuluokkaa. Rauhallisen pelityylin omaava Narkiniemi l\u00f6yt\u00e4\u00e4 kuitenkin viel\u00e4 paljon parannettavaa.<\/p>\n<p>&#8211; Kaikessa voi kehitty\u00e4. Eniten petrattavaa on taka- ja laitaheitoissa, sek\u00e4 maalivahdin ja puolustuksen yhteispeliss\u00e4.<\/p>\n<h4>Esikuva l\u00f6ytyy omasta seurasta<\/h4>\n<p>Seitsem\u00e4n vanhana k\u00e4sipallon SIF:ss\u00e4 aloittaneen Saga Narkiniemen pelipaikka ei ole aina ollut pelk\u00e4st\u00e4\u00e4n kuuden metrin alueella. Kentt\u00e4kokemusta on karttunut muutaman ottelun verran t\u00e4ll\u00e4kin kaudella Pickala HD:n divarijoukkueen riveiss\u00e4.<\/p>\n<p>&#8211; Pelasin juniorina pitk\u00e4\u00e4n kent\u00e4ll\u00e4, mutta olin aina my\u00f6s varamaalivahti. B-juniorina aloin olemaan enemm\u00e4n maalissa ja silloin aloin pelaamaan my\u00f6s A-junioreiden joukkueessa maalivahtina, kun muita ei ollut. Se sitten j\u00e4i pelipaikaksi, kun tulin naisiin pelaamaan.<\/p>\n<p>Narkiniemi mainitsee miesten liigajoukkueen Mika Malassun nimen tiedusteltaessa esikuvia maalivahtina.<\/p>\n<p>&#8211; Silloin kun aloitin maalissa, h\u00e4nen pelaamista ja treenaamista tuli seurattua paljon. Malassulla on my\u00f6s aina hyv\u00e4 asenne kaikessa tekemisess\u00e4, sit\u00e4 ei voi muuta kun ihailla.<\/p>\n<h4>Mitalipeleihin nyt valmiimpana<\/h4>\n<p>SIF pelaa t\u00e4n\u00e4 kev\u00e4\u00e4n\u00e4 viel\u00e4 SM-pronssista HIFK:n kanssa. Viime kaudella helsinkil\u00e4iset olivat pronssipeleiss\u00e4 roimasti vahvempia, ja voittivat ne yhteismaalein 70-35. Nyt Narkiniemi vakuuttaa joukkueensa olevan valmiita haastamaan ennakkosuosikit.<\/p>\n<p>&#8211; Viime kauden pronssipeleiss\u00e4 meill\u00e4 oli valitettavan moni sairaana tai loukkaantuneena. Koen, ett\u00e4 t\u00e4ll\u00e4 kaudella meill\u00e4 on mahdollisuudet mihin vain. Olemme n\u00e4ytt\u00e4neet mihin pystymme ja ett\u00e4 osaamme, mutta teknisten virheiden m\u00e4\u00e4r\u00e4 pit\u00e4isi saada minimiin. Meid\u00e4n pit\u00e4\u00e4 onnistua pelaamaan koko 60 minuuttia meid\u00e4n omaa peli\u00e4.<\/p>\n<div class='flex_column_table av-l8skwxbd-ae55806ba4507a471a1f61a7245b077d sc-av_one_half av-equal-height-column-flextable'><div  class='flex_column av-l8skwxbd-ae55806ba4507a471a1f61a7245b077d av_one_half  avia-builder-el-0  el_before_av_one_half  avia-builder-el-first  first flex_column_table_cell av-equal-height-column av-align-middle  '     ><section  class='av_textblock_section av-l8sk34v3-8c93cc6f47a987c0356595a4fe0006e7 '   itemscope=\"itemscope\" itemtype=\"https:\/\/schema.org\/BlogPosting\" itemprop=\"blogPost\" ><div class='avia_textblock'  itemprop=\"text\" ><h4 style=\"text-align: right;\">Saga Narkiniemi<\/h4>\n<p style=\"text-align: right;\">Synt. 2003<br \/>\nCM: 170<br \/>\nPelipaikka: MV<\/p>\n<\/div><\/section><br \/>\n<div  class='avia-button-wrap av-l8skze2l-93d1870d3e6d5f57c58bee6ad5b063e8-wrap avia-button-right  avia-builder-el-2  el_after_av_textblock  el_before_av_button '><a href='https:\/\/tulospalvelu.finnhandball.net\/taso\/pelaaja.php?pelaaja=50869'  class='avia-button av-l8skze2l-93d1870d3e6d5f57c58bee6ad5b063e8 av-link-btn avia-icon_select-yes-left-icon avia-size-medium avia-position-right avia-color-theme-color'  target=\"_blank\"  rel=\"noopener noreferrer\"  aria-label=\"Saga Narkiniemi Tulospalvelussa\"><span class='avia_button_icon avia_button_icon_left avia-iconfont avia-font-flaticon-sports' data-av_icon='\uf15b' data-av_iconfont='flaticon-sports' ><\/span><span class='avia_iconbox_title' >Saga Narkiniemi Tulospalvelussa<\/span><\/a><\/div><br \/>\n<div  class='avia-button-wrap av-l8suxnq7-bb847e6b4283e2d023f69a356f69a76c-wrap avia-button-right  avia-builder-el-3  el_after_av_button  avia-builder-el-last '><a href='https:\/\/aktialiiga.fi\/naiset\/historia\/kuukauden-tahtipelaajat-kautta-aikojen\/'  class='avia-button av-l8suxnq7-bb847e6b4283e2d023f69a356f69a76c av-link-btn avia-icon_select-no avia-size-medium avia-position-right avia-color-theme-color'   aria-label=\"Kuukauden t\u00e4htipelaajat kautta aikojen\"><span class='avia_iconbox_title' >Kuukauden t\u00e4htipelaajat kautta aikojen<\/span><\/a><\/div><\/p><\/div>\n<div class='av-flex-placeholder'><\/div><div  class='flex_column av-toyg12-df7035cc7356591dbdab0e0f530904b1 av_one_half  avia-builder-el-4  el_after_av_one_half  el_before_av_hr  flex_column_table_cell av-equal-height-column av-align-middle  '     ><style type=\"text\/css\" data-created_by=\"avia_inline_auto\" id=\"style-css-av-l8sko9xf-6d4476b084341ad78669953b5595574c\">\n.avia-image-container.av-l8sko9xf-6d4476b084341ad78669953b5595574c img.avia_image{\nbox-shadow:none;\n}\n.avia-image-container.av-l8sko9xf-6d4476b084341ad78669953b5595574c .av-image-caption-overlay-center{\ncolor:#ffffff;\n}\n<\/style>\n<div  class='avia-image-container av-l8sko9xf-6d4476b084341ad78669953b5595574c av-styling- av-img-linked avia-align-center  avia-builder-el-5  avia-builder-el-no-sibling '   itemprop=\"image\" itemscope=\"itemscope\" itemtype=\"https:\/\/schema.org\/ImageObject\" ><div class=\"avia-image-container-inner\"><div class=\"avia-image-overlay-wrap\"><a href=\"https:\/\/aktialiiga.fi\/naiset\/wp-content\/uploads\/sites\/6\/2022\/10\/12-SAGA-NARKINIEMI-687x1030.jpg\" data-srcset=\"https:\/\/aktialiiga.fi\/naiset\/wp-content\/uploads\/sites\/6\/2022\/10\/12-SAGA-NARKINIEMI-687x1030.jpg 687w, https:\/\/aktialiiga.fi\/naiset\/wp-content\/uploads\/sites\/6\/2022\/10\/12-SAGA-NARKINIEMI-200x300.jpg 200w, https:\/\/aktialiiga.fi\/naiset\/wp-content\/uploads\/sites\/6\/2022\/10\/12-SAGA-NARKINIEMI-768x1152.jpg 768w, https:\/\/aktialiiga.fi\/naiset\/wp-content\/uploads\/sites\/6\/2022\/10\/12-SAGA-NARKINIEMI-1024x1536.jpg 1024w, https:\/\/aktialiiga.fi\/naiset\/wp-content\/uploads\/sites\/6\/2022\/10\/12-SAGA-NARKINIEMI-1365x2048.jpg 1365w, https:\/\/aktialiiga.fi\/naiset\/wp-content\/uploads\/sites\/6\/2022\/10\/12-SAGA-NARKINIEMI-800x1200.jpg 800w, https:\/\/aktialiiga.fi\/naiset\/wp-content\/uploads\/sites\/6\/2022\/10\/12-SAGA-NARKINIEMI-1000x1500.jpg 1000w, https:\/\/aktialiiga.fi\/naiset\/wp-content\/uploads\/sites\/6\/2022\/10\/12-SAGA-NARKINIEMI-470x705.jpg 470w, https:\/\/aktialiiga.fi\/naiset\/wp-content\/uploads\/sites\/6\/2022\/10\/12-SAGA-NARKINIEMI-scaled.jpg 1707w\" data-sizes=\"(max-width: 687px) 100vw, 687px\" class='avia_image '  aria-label='12-SAGA-NARKINIEMI'><img decoding=\"async\" fetchpriority=\"high\" class='wp-image-29453 avia-img-lazy-loading-not-29453 avia_image ' src=\"https:\/\/aktialiiga.fi\/naiset\/wp-content\/uploads\/sites\/6\/2022\/10\/12-SAGA-NARKINIEMI-687x1030.jpg\" alt='' title='12-SAGA-NARKINIEMI'  height=\"1030\" width=\"687\"  itemprop=\"thumbnailUrl\" srcset=\"https:\/\/aktialiiga.fi\/naiset\/wp-content\/uploads\/sites\/6\/2022\/10\/12-SAGA-NARKINIEMI-687x1030.jpg 687w, https:\/\/aktialiiga.fi\/naiset\/wp-content\/uploads\/sites\/6\/2022\/10\/12-SAGA-NARKINIEMI-200x300.jpg 200w, https:\/\/aktialiiga.fi\/naiset\/wp-content\/uploads\/sites\/6\/2022\/10\/12-SAGA-NARKINIEMI-768x1152.jpg 768w, https:\/\/aktialiiga.fi\/naiset\/wp-content\/uploads\/sites\/6\/2022\/10\/12-SAGA-NARKINIEMI-1024x1536.jpg 1024w, https:\/\/aktialiiga.fi\/naiset\/wp-content\/uploads\/sites\/6\/2022\/10\/12-SAGA-NARKINIEMI-1365x2048.jpg 1365w, https:\/\/aktialiiga.fi\/naiset\/wp-content\/uploads\/sites\/6\/2022\/10\/12-SAGA-NARKINIEMI-800x1200.jpg 800w, https:\/\/aktialiiga.fi\/naiset\/wp-content\/uploads\/sites\/6\/2022\/10\/12-SAGA-NARKINIEMI-1000x1500.jpg 1000w, https:\/\/aktialiiga.fi\/naiset\/wp-content\/uploads\/sites\/6\/2022\/10\/12-SAGA-NARKINIEMI-470x705.jpg 470w, https:\/\/aktialiiga.fi\/naiset\/wp-content\/uploads\/sites\/6\/2022\/10\/12-SAGA-NARKINIEMI-scaled.jpg 1707w\" sizes=\"(max-width: 687px) 100vw, 687px\" \/><\/a><\/div><\/div><\/div><\/div><\/div><!--close column table wrapper. Autoclose: 1 -->\n\n<style type=\"text\/css\" data-created_by=\"avia_inline_auto\" id=\"style-css-av-lfs26b99-525669192c25843263b8c7ee506d7f12\">\n#top .hr.hr-invisible.av-lfs26b99-525669192c25843263b8c7ee506d7f12{\nheight:50px;\n}\n<\/style>\n<div  class='hr av-lfs26b99-525669192c25843263b8c7ee506d7f12 hr-invisible  avia-builder-el-6  el_after_av_one_half  avia-builder-el-last  av-small-hide av-mini-hide'><span class='hr-inner '><span class=\"hr-inner-style\"><\/span><\/span><\/div>\n","protected":false},"excerpt":{"rendered":"<p>Naisten SM-sarjan huhtikuun kuukauden t\u00e4htipelaajaksi on valittu pronssipeleihin valmistautuvan SIF:n maalivahti Saga Narkiniemi, joka ker\u00e4si v\u00e4lieriss\u00e4 Dickeni\u00e4 vastaan viisi t\u00e4hte\u00e4. Viiteen t\u00e4hteen ylsi my\u00f6s v\u00e4lier\u00e4vastustaja Dickenin Malena Heikkinen, mutta vaakakupin Narkiniemen valinnan suuntaan k\u00e4\u00e4nsi vierasotteluissa annettujen t\u00e4htien m\u00e4\u00e4r\u00e4.<\/p>\n","protected":false},"author":13,"featured_media":31035,"comment_status":"closed","ping_status":"closed","sticky":false,"template":"","format":"standard","meta":{"_acf_changed":false,"jetpack_post_was_ever_published":false,"_jetpack_newsletter_access":"","_jetpack_dont_email_post_to_subs":false,"_jetpack_newsletter_tier_id":0,"_jetpack_memberships_contains_paywalled_content":false,"_jetpack_memberships_contains_paid_content":false,"footnotes":""},"categories":[2],"tags":[81,90],"class_list":["post-31025","post","type-post","status-publish","format-standard","has-post-thumbnail","hentry","category-ajankohtaista","tag-sif","tag-tahtipelaaja"],"acf":[],"yoast_head":"<!-- This site is optimized with the Yoast SEO plugin v27.5 - https:\/\/yoast.com\/product\/yoast-seo-wordpress\/ -->\n<title>Saga Narkiniemi huhtikuun t\u00e4htipelaaja | K\u00e4sipallon naisten Aktialiiga<\/title>\n<meta name=\"robots\" content=\"index, follow, max-snippet:-1, max-image-preview:large, max-video-preview:-1\" \/>\n<link rel=\"canonical\" href=\"https:\/\/aktialiiga.fi\/naiset\/ajankohtaista\/saga-narkiniemi-huhtikuun-tahtipelaaja\/\" \/>\n<meta property=\"og:locale\" content=\"fi_FI\" \/>\n<meta property=\"og:type\" content=\"article\" \/>\n<meta property=\"og:title\" content=\"Saga Narkiniemi huhtikuun t\u00e4htipelaaja | K\u00e4sipallon naisten Aktialiiga\" \/>\n<meta property=\"og:description\" content=\"Naisten SM-sarjan huhtikuun kuukauden t\u00e4htipelaajaksi on valittu pronssipeleihin valmistautuvan SIF:n maalivahti Saga Narkiniemi, joka ker\u00e4si v\u00e4lieriss\u00e4 Dickeni\u00e4 vastaan viisi t\u00e4hte\u00e4. Viiteen t\u00e4hteen ylsi my\u00f6s v\u00e4lier\u00e4vastustaja Dickenin Malena Heikkinen, mutta vaakakupin Narkiniemen valinnan suuntaan k\u00e4\u00e4nsi vierasotteluissa annettujen t\u00e4htien m\u00e4\u00e4r\u00e4.\" \/>\n<meta property=\"og:url\" content=\"https:\/\/aktialiiga.fi\/naiset\/ajankohtaista\/saga-narkiniemi-huhtikuun-tahtipelaaja\/\" \/>\n<meta property=\"og:site_name\" content=\"K\u00e4sipallon naisten Aktialiiga\" \/>\n<meta property=\"article:publisher\" content=\"https:\/\/www.facebook.com\/finnhandball\" \/>\n<meta property=\"article:published_time\" content=\"2023-04-28T08:11:12+00:00\" \/>\n<meta property=\"article:modified_time\" content=\"2024-08-28T15:28:16+00:00\" \/>\n<meta property=\"og:image\" content=\"https:\/\/aktialiiga.fi\/naiset\/wp-content\/uploads\/sites\/6\/2023\/04\/DSC_2999-scaled-e1682595400240.jpg\" \/>\n\t<meta property=\"og:image:width\" content=\"1606\" \/>\n\t<meta property=\"og:image:height\" content=\"1036\" \/>\n\t<meta property=\"og:image:type\" content=\"image\/jpeg\" \/>\n<meta name=\"author\" content=\"tbrmedia\" \/>\n<meta name=\"twitter:card\" content=\"summary_large_image\" \/>\n<meta name=\"twitter:creator\" content=\"@finnhandball\" \/>\n<meta name=\"twitter:site\" content=\"@finnhandball\" \/>\n<script type=\"application\/ld+json\" class=\"yoast-schema-graph\">{\"@context\":\"https:\\\/\\\/schema.org\",\"@graph\":[{\"@type\":\"Article\",\"@id\":\"https:\\\/\\\/aktialiiga.fi\\\/naiset\\\/ajankohtaista\\\/saga-narkiniemi-huhtikuun-tahtipelaaja\\\/#article\",\"isPartOf\":{\"@id\":\"https:\\\/\\\/aktialiiga.fi\\\/naiset\\\/ajankohtaista\\\/saga-narkiniemi-huhtikuun-tahtipelaaja\\\/\"},\"author\":{\"name\":\"tbrmedia\",\"@id\":\"https:\\\/\\\/aktialiiga.fi\\\/naiset\\\/#\\\/schema\\\/person\\\/c14bf42f47041db74603c45afcb18d87\"},\"headline\":\"Saga Narkiniemi huhtikuun t\u00e4htipelaaja\",\"datePublished\":\"2023-04-28T08:11:12+00:00\",\"dateModified\":\"2024-08-28T15:28:16+00:00\",\"mainEntityOfPage\":{\"@id\":\"https:\\\/\\\/aktialiiga.fi\\\/naiset\\\/ajankohtaista\\\/saga-narkiniemi-huhtikuun-tahtipelaaja\\\/\"},\"wordCount\":1821,\"publisher\":{\"@id\":\"https:\\\/\\\/aktialiiga.fi\\\/naiset\\\/#organization\"},\"image\":{\"@id\":\"https:\\\/\\\/aktialiiga.fi\\\/naiset\\\/ajankohtaista\\\/saga-narkiniemi-huhtikuun-tahtipelaaja\\\/#primaryimage\"},\"thumbnailUrl\":\"https:\\\/\\\/aktialiiga.fi\\\/naiset\\\/wp-content\\\/uploads\\\/sites\\\/6\\\/2023\\\/04\\\/DSC_2999-scaled-e1682595400240.jpg\",\"keywords\":[\"SIF\",\"T\u00e4htipelaaja\"],\"articleSection\":[\"Ajankohtaista\"],\"inLanguage\":\"fi\"},{\"@type\":\"WebPage\",\"@id\":\"https:\\\/\\\/aktialiiga.fi\\\/naiset\\\/ajankohtaista\\\/saga-narkiniemi-huhtikuun-tahtipelaaja\\\/\",\"url\":\"https:\\\/\\\/aktialiiga.fi\\\/naiset\\\/ajankohtaista\\\/saga-narkiniemi-huhtikuun-tahtipelaaja\\\/\",\"name\":\"Saga Narkiniemi huhtikuun t\u00e4htipelaaja | K\u00e4sipallon naisten Aktialiiga\",\"isPartOf\":{\"@id\":\"https:\\\/\\\/aktialiiga.fi\\\/naiset\\\/#website\"},\"primaryImageOfPage\":{\"@id\":\"https:\\\/\\\/aktialiiga.fi\\\/naiset\\\/ajankohtaista\\\/saga-narkiniemi-huhtikuun-tahtipelaaja\\\/#primaryimage\"},\"image\":{\"@id\":\"https:\\\/\\\/aktialiiga.fi\\\/naiset\\\/ajankohtaista\\\/saga-narkiniemi-huhtikuun-tahtipelaaja\\\/#primaryimage\"},\"thumbnailUrl\":\"https:\\\/\\\/aktialiiga.fi\\\/naiset\\\/wp-content\\\/uploads\\\/sites\\\/6\\\/2023\\\/04\\\/DSC_2999-scaled-e1682595400240.jpg\",\"datePublished\":\"2023-04-28T08:11:12+00:00\",\"dateModified\":\"2024-08-28T15:28:16+00:00\",\"breadcrumb\":{\"@id\":\"https:\\\/\\\/aktialiiga.fi\\\/naiset\\\/ajankohtaista\\\/saga-narkiniemi-huhtikuun-tahtipelaaja\\\/#breadcrumb\"},\"inLanguage\":\"fi\",\"potentialAction\":[{\"@type\":\"ReadAction\",\"target\":[\"https:\\\/\\\/aktialiiga.fi\\\/naiset\\\/ajankohtaista\\\/saga-narkiniemi-huhtikuun-tahtipelaaja\\\/\"]}]},{\"@type\":\"ImageObject\",\"inLanguage\":\"fi\",\"@id\":\"https:\\\/\\\/aktialiiga.fi\\\/naiset\\\/ajankohtaista\\\/saga-narkiniemi-huhtikuun-tahtipelaaja\\\/#primaryimage\",\"url\":\"https:\\\/\\\/aktialiiga.fi\\\/naiset\\\/wp-content\\\/uploads\\\/sites\\\/6\\\/2023\\\/04\\\/DSC_2999-scaled-e1682595400240.jpg\",\"contentUrl\":\"https:\\\/\\\/aktialiiga.fi\\\/naiset\\\/wp-content\\\/uploads\\\/sites\\\/6\\\/2023\\\/04\\\/DSC_2999-scaled-e1682595400240.jpg\",\"width\":1606,\"height\":1036},{\"@type\":\"BreadcrumbList\",\"@id\":\"https:\\\/\\\/aktialiiga.fi\\\/naiset\\\/ajankohtaista\\\/saga-narkiniemi-huhtikuun-tahtipelaaja\\\/#breadcrumb\",\"itemListElement\":[{\"@type\":\"ListItem\",\"position\":1,\"name\":\"Etusivu\",\"item\":\"https:\\\/\\\/aktialiiga.fi\\\/naiset\\\/\"},{\"@type\":\"ListItem\",\"position\":2,\"name\":\"Saga Narkiniemi huhtikuun t\u00e4htipelaaja\"}]},{\"@type\":\"WebSite\",\"@id\":\"https:\\\/\\\/aktialiiga.fi\\\/naiset\\\/#website\",\"url\":\"https:\\\/\\\/aktialiiga.fi\\\/naiset\\\/\",\"name\":\"K\u00e4sipallon naisten Aktialiiga\",\"description\":\"Valtakunnan vauhdikkainta palloilua!\",\"publisher\":{\"@id\":\"https:\\\/\\\/aktialiiga.fi\\\/naiset\\\/#organization\"},\"potentialAction\":[{\"@type\":\"SearchAction\",\"target\":{\"@type\":\"EntryPoint\",\"urlTemplate\":\"https:\\\/\\\/aktialiiga.fi\\\/naiset\\\/?s={search_term_string}\"},\"query-input\":{\"@type\":\"PropertyValueSpecification\",\"valueRequired\":true,\"valueName\":\"search_term_string\"}}],\"inLanguage\":\"fi\"},{\"@type\":\"Organization\",\"@id\":\"https:\\\/\\\/aktialiiga.fi\\\/naiset\\\/#organization\",\"name\":\"K\u00e4sipallon naisten Aktialiiga\",\"url\":\"https:\\\/\\\/aktialiiga.fi\\\/naiset\\\/\",\"logo\":{\"@type\":\"ImageObject\",\"inLanguage\":\"fi\",\"@id\":\"https:\\\/\\\/aktialiiga.fi\\\/naiset\\\/#\\\/schema\\\/logo\\\/image\\\/\",\"url\":\"https:\\\/\\\/aktialiiga.fi\\\/naiset\\\/wp-content\\\/uploads\\\/sites\\\/6\\\/2024\\\/09\\\/Aktialiiga-Yoast-512.png\",\"contentUrl\":\"https:\\\/\\\/aktialiiga.fi\\\/naiset\\\/wp-content\\\/uploads\\\/sites\\\/6\\\/2024\\\/09\\\/Aktialiiga-Yoast-512.png\",\"width\":512,\"height\":512,\"caption\":\"K\u00e4sipallon naisten Aktialiiga\"},\"image\":{\"@id\":\"https:\\\/\\\/aktialiiga.fi\\\/naiset\\\/#\\\/schema\\\/logo\\\/image\\\/\"},\"sameAs\":[\"https:\\\/\\\/www.facebook.com\\\/finnhandball\",\"https:\\\/\\\/x.com\\\/finnhandball\",\"https:\\\/\\\/www.instagram.com\\\/handballfinland\\\/\"]},{\"@type\":\"Person\",\"@id\":\"https:\\\/\\\/aktialiiga.fi\\\/naiset\\\/#\\\/schema\\\/person\\\/c14bf42f47041db74603c45afcb18d87\",\"name\":\"tbrmedia\",\"image\":{\"@type\":\"ImageObject\",\"inLanguage\":\"fi\",\"@id\":\"https:\\\/\\\/secure.gravatar.com\\\/avatar\\\/ee975fa091fe581d12b60debb3439022686618368a7c142044c56724d4666b16?s=96&d=mm&r=g\",\"url\":\"https:\\\/\\\/secure.gravatar.com\\\/avatar\\\/ee975fa091fe581d12b60debb3439022686618368a7c142044c56724d4666b16?s=96&d=mm&r=g\",\"contentUrl\":\"https:\\\/\\\/secure.gravatar.com\\\/avatar\\\/ee975fa091fe581d12b60debb3439022686618368a7c142044c56724d4666b16?s=96&d=mm&r=g\",\"caption\":\"tbrmedia\"}}]}<\/script>\n<!-- \/ Yoast SEO plugin. -->","yoast_head_json":{"title":"Saga Narkiniemi huhtikuun t\u00e4htipelaaja | K\u00e4sipallon naisten Aktialiiga","robots":{"index":"index","follow":"follow","max-snippet":"max-snippet:-1","max-image-preview":"max-image-preview:large","max-video-preview":"max-video-preview:-1"},"canonical":"https:\/\/aktialiiga.fi\/naiset\/ajankohtaista\/saga-narkiniemi-huhtikuun-tahtipelaaja\/","og_locale":"fi_FI","og_type":"article","og_title":"Saga Narkiniemi huhtikuun t\u00e4htipelaaja | K\u00e4sipallon naisten Aktialiiga","og_description":"Naisten SM-sarjan huhtikuun kuukauden t\u00e4htipelaajaksi on valittu pronssipeleihin valmistautuvan SIF:n maalivahti Saga Narkiniemi, joka ker\u00e4si v\u00e4lieriss\u00e4 Dickeni\u00e4 vastaan viisi t\u00e4hte\u00e4. Viiteen t\u00e4hteen ylsi my\u00f6s v\u00e4lier\u00e4vastustaja Dickenin Malena Heikkinen, mutta vaakakupin Narkiniemen valinnan suuntaan k\u00e4\u00e4nsi vierasotteluissa annettujen t\u00e4htien m\u00e4\u00e4r\u00e4.","og_url":"https:\/\/aktialiiga.fi\/naiset\/ajankohtaista\/saga-narkiniemi-huhtikuun-tahtipelaaja\/","og_site_name":"K\u00e4sipallon naisten Aktialiiga","article_publisher":"https:\/\/www.facebook.com\/finnhandball","article_published_time":"2023-04-28T08:11:12+00:00","article_modified_time":"2024-08-28T15:28:16+00:00","og_image":[{"width":1606,"height":1036,"url":"https:\/\/aktialiiga.fi\/naiset\/wp-content\/uploads\/sites\/6\/2023\/04\/DSC_2999-scaled-e1682595400240.jpg","type":"image\/jpeg"}],"author":"tbrmedia","twitter_card":"summary_large_image","twitter_creator":"@finnhandball","twitter_site":"@finnhandball","schema":{"@context":"https:\/\/schema.org","@graph":[{"@type":"Article","@id":"https:\/\/aktialiiga.fi\/naiset\/ajankohtaista\/saga-narkiniemi-huhtikuun-tahtipelaaja\/#article","isPartOf":{"@id":"https:\/\/aktialiiga.fi\/naiset\/ajankohtaista\/saga-narkiniemi-huhtikuun-tahtipelaaja\/"},"author":{"name":"tbrmedia","@id":"https:\/\/aktialiiga.fi\/naiset\/#\/schema\/person\/c14bf42f47041db74603c45afcb18d87"},"headline":"Saga Narkiniemi huhtikuun t\u00e4htipelaaja","datePublished":"2023-04-28T08:11:12+00:00","dateModified":"2024-08-28T15:28:16+00:00","mainEntityOfPage":{"@id":"https:\/\/aktialiiga.fi\/naiset\/ajankohtaista\/saga-narkiniemi-huhtikuun-tahtipelaaja\/"},"wordCount":1821,"publisher":{"@id":"https:\/\/aktialiiga.fi\/naiset\/#organization"},"image":{"@id":"https:\/\/aktialiiga.fi\/naiset\/ajankohtaista\/saga-narkiniemi-huhtikuun-tahtipelaaja\/#primaryimage"},"thumbnailUrl":"https:\/\/aktialiiga.fi\/naiset\/wp-content\/uploads\/sites\/6\/2023\/04\/DSC_2999-scaled-e1682595400240.jpg","keywords":["SIF","T\u00e4htipelaaja"],"articleSection":["Ajankohtaista"],"inLanguage":"fi"},{"@type":"WebPage","@id":"https:\/\/aktialiiga.fi\/naiset\/ajankohtaista\/saga-narkiniemi-huhtikuun-tahtipelaaja\/","url":"https:\/\/aktialiiga.fi\/naiset\/ajankohtaista\/saga-narkiniemi-huhtikuun-tahtipelaaja\/","name":"Saga Narkiniemi huhtikuun t\u00e4htipelaaja | K\u00e4sipallon naisten Aktialiiga","isPartOf":{"@id":"https:\/\/aktialiiga.fi\/naiset\/#website"},"primaryImageOfPage":{"@id":"https:\/\/aktialiiga.fi\/naiset\/ajankohtaista\/saga-narkiniemi-huhtikuun-tahtipelaaja\/#primaryimage"},"image":{"@id":"https:\/\/aktialiiga.fi\/naiset\/ajankohtaista\/saga-narkiniemi-huhtikuun-tahtipelaaja\/#primaryimage"},"thumbnailUrl":"https:\/\/aktialiiga.fi\/naiset\/wp-content\/uploads\/sites\/6\/2023\/04\/DSC_2999-scaled-e1682595400240.jpg","datePublished":"2023-04-28T08:11:12+00:00","dateModified":"2024-08-28T15:28:16+00:00","breadcrumb":{"@id":"https:\/\/aktialiiga.fi\/naiset\/ajankohtaista\/saga-narkiniemi-huhtikuun-tahtipelaaja\/#breadcrumb"},"inLanguage":"fi","potentialAction":[{"@type":"ReadAction","target":["https:\/\/aktialiiga.fi\/naiset\/ajankohtaista\/saga-narkiniemi-huhtikuun-tahtipelaaja\/"]}]},{"@type":"ImageObject","inLanguage":"fi","@id":"https:\/\/aktialiiga.fi\/naiset\/ajankohtaista\/saga-narkiniemi-huhtikuun-tahtipelaaja\/#primaryimage","url":"https:\/\/aktialiiga.fi\/naiset\/wp-content\/uploads\/sites\/6\/2023\/04\/DSC_2999-scaled-e1682595400240.jpg","contentUrl":"https:\/\/aktialiiga.fi\/naiset\/wp-content\/uploads\/sites\/6\/2023\/04\/DSC_2999-scaled-e1682595400240.jpg","width":1606,"height":1036},{"@type":"BreadcrumbList","@id":"https:\/\/aktialiiga.fi\/naiset\/ajankohtaista\/saga-narkiniemi-huhtikuun-tahtipelaaja\/#breadcrumb","itemListElement":[{"@type":"ListItem","position":1,"name":"Etusivu","item":"https:\/\/aktialiiga.fi\/naiset\/"},{"@type":"ListItem","position":2,"name":"Saga Narkiniemi huhtikuun t\u00e4htipelaaja"}]},{"@type":"WebSite","@id":"https:\/\/aktialiiga.fi\/naiset\/#website","url":"https:\/\/aktialiiga.fi\/naiset\/","name":"K\u00e4sipallon naisten Aktialiiga","description":"Valtakunnan vauhdikkainta palloilua!","publisher":{"@id":"https:\/\/aktialiiga.fi\/naiset\/#organization"},"potentialAction":[{"@type":"SearchAction","target":{"@type":"EntryPoint","urlTemplate":"https:\/\/aktialiiga.fi\/naiset\/?s={search_term_string}"},"query-input":{"@type":"PropertyValueSpecification","valueRequired":true,"valueName":"search_term_string"}}],"inLanguage":"fi"},{"@type":"Organization","@id":"https:\/\/aktialiiga.fi\/naiset\/#organization","name":"K\u00e4sipallon naisten Aktialiiga","url":"https:\/\/aktialiiga.fi\/naiset\/","logo":{"@type":"ImageObject","inLanguage":"fi","@id":"https:\/\/aktialiiga.fi\/naiset\/#\/schema\/logo\/image\/","url":"https:\/\/aktialiiga.fi\/naiset\/wp-content\/uploads\/sites\/6\/2024\/09\/Aktialiiga-Yoast-512.png","contentUrl":"https:\/\/aktialiiga.fi\/naiset\/wp-content\/uploads\/sites\/6\/2024\/09\/Aktialiiga-Yoast-512.png","width":512,"height":512,"caption":"K\u00e4sipallon naisten Aktialiiga"},"image":{"@id":"https:\/\/aktialiiga.fi\/naiset\/#\/schema\/logo\/image\/"},"sameAs":["https:\/\/www.facebook.com\/finnhandball","https:\/\/x.com\/finnhandball","https:\/\/www.instagram.com\/handballfinland\/"]},{"@type":"Person","@id":"https:\/\/aktialiiga.fi\/naiset\/#\/schema\/person\/c14bf42f47041db74603c45afcb18d87","name":"tbrmedia","image":{"@type":"ImageObject","inLanguage":"fi","@id":"https:\/\/secure.gravatar.com\/avatar\/ee975fa091fe581d12b60debb3439022686618368a7c142044c56724d4666b16?s=96&d=mm&r=g","url":"https:\/\/secure.gravatar.com\/avatar\/ee975fa091fe581d12b60debb3439022686618368a7c142044c56724d4666b16?s=96&d=mm&r=g","contentUrl":"https:\/\/secure.gravatar.com\/avatar\/ee975fa091fe581d12b60debb3439022686618368a7c142044c56724d4666b16?s=96&d=mm&r=g","caption":"tbrmedia"}}]}},"jetpack_featured_media_url":"https:\/\/aktialiiga.fi\/naiset\/wp-content\/uploads\/sites\/6\/2023\/04\/DSC_2999-scaled-e1682595400240.jpg","jetpack_sharing_enabled":true,"jetpack_shortlink":"https:\/\/wp.me\/pfYhm6-84p","_links":{"self":[{"href":"https:\/\/aktialiiga.fi\/naiset\/wp-json\/wp\/v2\/posts\/31025","targetHints":{"allow":["GET"]}}],"collection":[{"href":"https:\/\/aktialiiga.fi\/naiset\/wp-json\/wp\/v2\/posts"}],"about":[{"href":"https:\/\/aktialiiga.fi\/naiset\/wp-json\/wp\/v2\/types\/post"}],"author":[{"embeddable":true,"href":"https:\/\/aktialiiga.fi\/naiset\/wp-json\/wp\/v2\/users\/13"}],"replies":[{"embeddable":true,"href":"https:\/\/aktialiiga.fi\/naiset\/wp-json\/wp\/v2\/comments?post=31025"}],"version-history":[{"count":1,"href":"https:\/\/aktialiiga.fi\/naiset\/wp-json\/wp\/v2\/posts\/31025\/revisions"}],"predecessor-version":[{"id":38794,"href":"https:\/\/aktialiiga.fi\/naiset\/wp-json\/wp\/v2\/posts\/31025\/revisions\/38794"}],"wp:featuredmedia":[{"embeddable":true,"href":"https:\/\/aktialiiga.fi\/naiset\/wp-json\/wp\/v2\/media\/31035"}],"wp:attachment":[{"href":"https:\/\/aktialiiga.fi\/naiset\/wp-json\/wp\/v2\/media?parent=31025"}],"wp:term":[{"taxonomy":"category","embeddable":true,"href":"https:\/\/aktialiiga.fi\/naiset\/wp-json\/wp\/v2\/categories?post=31025"},{"taxonomy":"post_tag","embeddable":true,"href":"https:\/\/aktialiiga.fi\/naiset\/wp-json\/wp\/v2\/tags?post=31025"}],"curies":[{"name":"wp","href":"https:\/\/api.w.org\/{rel}","templated":true}]}}