{"id":31074,"date":"2023-05-02T15:48:02","date_gmt":"2023-05-02T12:48:02","guid":{"rendered":"https:\/\/aktialiiga.fi\/naiset\/?p=31074"},"modified":"2023-05-05T11:43:56","modified_gmt":"2023-05-05T08:43:56","slug":"finaaliennakko-dicken-ja-grifk-aloittavat-taistelun-mestaruudesta","status":"publish","type":"post","link":"https:\/\/aktialiiga.fi\/naiset\/kausi-2022-2023\/finaaliennakko-dicken-ja-grifk-aloittavat-taistelun-mestaruudesta\/","title":{"rendered":"Finaaliennakko: Dicken ja GrIFK aloittavat taistelun mestaruudesta"},"content":{"rendered":"<p>Naisten k\u00e4sipallon SM-sarjan finaalissa kohtaavat t\u00e4ll\u00e4 kaudella hallitseva mestari Dicken sek\u00e4 GrIFK. Kyseess\u00e4 on samalla viime kauden finaalin uusinta.<\/p>\n<p>Vastakkain ovat eitt\u00e4m\u00e4tt\u00e4 kauden kaksi parasta joukkuetta, sill\u00e4 ne k\u00e4viv\u00e4t viime hetkille saakka tiukkaa taistelua my\u00f6s runkosarjan voitosta. Joukkueet p\u00e4\u00e4tyiv\u00e4t kauden viimeisess\u00e4 runkosarjan ottelussa tasapeliin ja Dicken nappasi runkosarjan voiton pisteen erolla.<\/p>\n<p>Runkosarjan keskin\u00e4isiss\u00e4 kohtaamisissa Dicken oli niskan p\u00e4\u00e4ll\u00e4 voittaen otteluista kaksi ja kerran p\u00e4\u00e4dyttiin tasapeliin. Helsinkil\u00e4isten p\u00e4\u00e4valmentaja Thomas Lindstr\u00f6min mukaan runkosarjan pelit eiv\u00e4t kuitenkaan paina finaaleihin l\u00e4hdett\u00e4ess\u00e4.<\/p>\n<p>&#8211; Eiv\u00e4t ne v\u00e4ltt\u00e4m\u00e4tt\u00e4 anna henkist\u00e4 yliotetta, mutta luottamusta tekemiseen. Tied\u00e4mme, ett\u00e4 Grani on voitettavissa ja mit\u00e4 se vaatii. Loppuottelut ovat kuitenkin ihan eri asia kuin runkosarjaottelut, Lindstr\u00f6m muistuttaa.<\/p>\n<p>GrIFK:n p\u00e4\u00e4valmentaja Patrik Johansonin mukaan runkosarjan tulokset asettavat ennakkosuosikin viitan vahvasti Dickenin ylle, mutta h\u00e4nell\u00e4 on my\u00f6s vahva luotto omaan joukkueeseen.<\/p>\n<p>&#8211; On selv\u00e4, ett\u00e4 Dicken l\u00e4htee ennakkosuosikkina ottaen huomioon runkosarjan tulokset, mutta me olemme itseluottamusta t\u00e4ynn\u00e4 ja uskomme t\u00e4ysin mahdollisuuksiimme voittaa kolme peli\u00e4, Johanson toteaa.<\/p>\n<p>Omassa v\u00e4lier\u00e4sarjassaan Dicken kaatoi SIF:n selv\u00e4sti 3-0, mutta Lindstr\u00f6m l\u00f6yt\u00e4\u00e4 viel\u00e4 kehityskohteita finaalia silm\u00e4ll\u00e4 pit\u00e4en.<\/p>\n<p>&#8211; Ottelut Siuntiota vastaan olivat melko ep\u00e4tasaisia meid\u00e4n puoleltamme. Ajoittain pelasimme eritt\u00e4in hyv\u00e4\u00e4 k\u00e4sipalloa, mutta v\u00e4liin mahtui heikompia jaksoja. N\u00e4ist\u00e4 heikoista jaksoista on p\u00e4\u00e4st\u00e4v\u00e4 eroon Grania vastaan.<\/p>\n<p>GrIFK taisteli nelj\u00e4 tiukkaa ottelua HIFK:ta vastaan onnistuen lopulta kampeamaan HIFK:n nurin 3-1. Johansonin mukaan tiukat v\u00e4lier\u00e4t antoivat hyv\u00e4t ev\u00e4\u00e4t finaalia ajatellen.<\/p>\n<p>&#8211; Puolustus- ja maalivahtipelaaminen olivat todella hyvi\u00e4 kolmessa ottelussa. Sitten saimme paljon harjoitusta 6 vs. 5-pelaamisessa, joten se on parantunut my\u00f6s.<\/p>\n<p>Johansonilla on hyvin tiedossa vastustajan vahvuudet ja odottaa kovaa finaalisarjaa.<\/p>\n<p>&#8211; Heill\u00e4 on leve\u00e4 materiaali ja sekoitus isoja fyysisi\u00e4 pelaajia sek\u00e4 pienempi\u00e4 nopeampia pelaajia. On t\u00e4rke\u00e4\u00e4, ett\u00e4 pystymme pelaamaan maksimaalisella tasollamme voittaaksemme.<\/p>\n<p>My\u00f6s Lindstr\u00f6milt\u00e4 l\u00f6ytyy kehusanoja vastustajalle. Luvassa onkin kahden kovan joukkueen v\u00e4linen mielenkiintoinen ja j\u00e4nnitt\u00e4v\u00e4 finaalisarja.<\/p>\n<p>&#8211; Grani haluaa olla aggressiivinen puolustuksessa ja juosta paljon. Heill\u00e4 riitt\u00e4\u00e4 laatupelaajia jokaiselle pelipaikalle. Johanna Hilli on tietenkin johtava pelaaja, mutta pakistossa l\u00f6ytyy leveytt\u00e4 h\u00e4nen rinnalleen ja kuudessa metriss\u00e4 varmoja ratkaisijoita.<\/p>\n<p>Viime vuonna Dicken vei finaalisarjan suoraan kolmessa ottelussa. T\u00e4ll\u00e4kin kertaa se p\u00e4\u00e4see jahtaamaan mestaruutta kotiedun turvin.<\/p>\n<p>&#8211; On aina mukavampi pelata kotiyleis\u00f6n edess\u00e4. Sarjan menness\u00e4 tiukille kotiedulla saattaa olla ratkaiseva merkitys. Toki Grani n\u00e4ytti HIFK:ta vastaan, ett\u00e4 he pystyv\u00e4t voittamaan vieraskent\u00e4ll\u00e4kin, Lindstr\u00f6m korostaa.<\/p>\n<p>Johanson toivoo, ett\u00e4 he saavat omiltaan vankan tuen my\u00f6s vieraskatsomoon.<\/p>\n<p>&#8211; On totta kai etu aloittaa kotona kotiyleis\u00f6n ollessa tukena, mutta toivon kauniaislaisten l\u00f6yt\u00e4v\u00e4n tiens\u00e4 Pirkkolaan kannustamaan meit\u00e4, Johansson heitt\u00e4\u00e4 haasteen Grani-faneille.<\/p>\n<p>Finaalisarja k\u00e4ynnistyy keskiviikkona 3.5. ja mestaruuteen vaaditaan kolme voittoa. Mestari on selvill\u00e4 viimeist\u00e4\u00e4n 16.5. Pronssista kamppailevat HIFK ja SIF. Pronssiottelut k\u00e4ynnistyv\u00e4t 4.5.<\/p>\n<p><strong>Finaalien aikataulu:<br \/>\n<\/strong>Ke 3.5. kello 19.15 Dicken-GrIFK (monikameratuotanto + studio)<br \/>\nPe 5.5. kello 18.30 GrIFK-Dicken (monikameratuotanto + studio)<br \/>\nTi 9.5. kello 19.15 Dicken-GrIFK (monikameratuotanto + studio)<br \/>\nPe 12.5. kello 19.00 GrIFK-Dicken, tarvittaessa (monikameratuotanto + studio)<br \/>\nTi 16.5. kello 19.15 Dicken-GrIFK, tarvittaessa (monikameratuotanto + studio)<\/p>\n<p>HandisTV n\u00e4ytt\u00e4\u00e4 kaikki ottelut suorina l\u00e4hetyksin\u00e4. HandisTV:n pariin p\u00e4\u00e4set\u00a0<a href=\"https:\/\/handis.tv\/handis\"><em>t\u00e4\u00e4lt\u00e4<\/em><\/a>.<\/p>\n<p>&nbsp;<\/p>\n","protected":false},"excerpt":{"rendered":"<p>Naisten k\u00e4sipallon SM-sarjan finaalissa kohtaavat t\u00e4ll\u00e4 kaudella hallitseva mestari Dicken sek\u00e4 GrIFK. Kyseess\u00e4 on samalla viime kauden finaalin uusinta. Vastakkain ovat eitt\u00e4m\u00e4tt\u00e4 kauden kaksi parasta joukkuetta, sill\u00e4 ne k\u00e4viv\u00e4t viime hetkille saakka tiukkaa taistelua my\u00f6s runkosarjan voitosta. Joukkueet p\u00e4\u00e4tyiv\u00e4t kauden viimeisess\u00e4 runkosarjan ottelussa tasapeliin ja Dicken nappasi runkosarjan voiton pisteen erolla. Runkosarjan keskin\u00e4isiss\u00e4 kohtaamisissa Dicken [&hellip;]<\/p>\n","protected":false},"author":13,"featured_media":29318,"comment_status":"closed","ping_status":"closed","sticky":false,"template":"","format":"standard","meta":{"_acf_changed":false,"jetpack_post_was_ever_published":false,"_jetpack_newsletter_access":"","_jetpack_dont_email_post_to_subs":false,"_jetpack_newsletter_tier_id":0,"_jetpack_memberships_contains_paywalled_content":false,"_jetpack_memberships_contains_paid_content":false,"footnotes":""},"categories":[199],"tags":[51,56,57],"class_list":["post-31074","post","type-post","status-publish","format-standard","has-post-thumbnail","hentry","category-kausi-2022-2023","tag-dicken","tag-finaalit","tag-grifk"],"acf":[],"yoast_head":"<!-- This site is optimized with the Yoast SEO plugin v27.5 - https:\/\/yoast.com\/product\/yoast-seo-wordpress\/ -->\n<title>Finaaliennakko: Dicken ja GrIFK aloittavat taistelun mestaruudesta | K\u00e4sipallon naisten Aktialiiga<\/title>\n<meta name=\"robots\" content=\"index, follow, max-snippet:-1, max-image-preview:large, max-video-preview:-1\" \/>\n<link rel=\"canonical\" href=\"https:\/\/aktialiiga.fi\/naiset\/kausi-2022-2023\/finaaliennakko-dicken-ja-grifk-aloittavat-taistelun-mestaruudesta\/\" \/>\n<meta property=\"og:locale\" content=\"fi_FI\" \/>\n<meta property=\"og:type\" content=\"article\" \/>\n<meta property=\"og:title\" content=\"Finaaliennakko: Dicken ja GrIFK aloittavat taistelun mestaruudesta | K\u00e4sipallon naisten Aktialiiga\" \/>\n<meta property=\"og:description\" content=\"Naisten k\u00e4sipallon SM-sarjan finaalissa kohtaavat t\u00e4ll\u00e4 kaudella hallitseva mestari Dicken sek\u00e4 GrIFK. Kyseess\u00e4 on samalla viime kauden finaalin uusinta. Vastakkain ovat eitt\u00e4m\u00e4tt\u00e4 kauden kaksi parasta joukkuetta, sill\u00e4 ne k\u00e4viv\u00e4t viime hetkille saakka tiukkaa taistelua my\u00f6s runkosarjan voitosta. Joukkueet p\u00e4\u00e4tyiv\u00e4t kauden viimeisess\u00e4 runkosarjan ottelussa tasapeliin ja Dicken nappasi runkosarjan voiton pisteen erolla. Runkosarjan keskin\u00e4isiss\u00e4 kohtaamisissa Dicken [&hellip;]\" \/>\n<meta property=\"og:url\" content=\"https:\/\/aktialiiga.fi\/naiset\/kausi-2022-2023\/finaaliennakko-dicken-ja-grifk-aloittavat-taistelun-mestaruudesta\/\" \/>\n<meta property=\"og:site_name\" content=\"K\u00e4sipallon naisten Aktialiiga\" \/>\n<meta property=\"article:publisher\" content=\"https:\/\/www.facebook.com\/finnhandball\" \/>\n<meta property=\"article:published_time\" content=\"2023-05-02T12:48:02+00:00\" \/>\n<meta property=\"article:modified_time\" content=\"2023-05-05T08:43:56+00:00\" \/>\n<meta property=\"og:image\" content=\"https:\/\/aktialiiga.fi\/naiset\/wp-content\/uploads\/sites\/6\/2022\/09\/mitalit.jpg\" \/>\n\t<meta property=\"og:image:width\" content=\"1200\" \/>\n\t<meta property=\"og:image:height\" content=\"800\" \/>\n\t<meta property=\"og:image:type\" content=\"image\/jpeg\" \/>\n<meta name=\"author\" content=\"tbrmedia\" \/>\n<meta name=\"twitter:card\" content=\"summary_large_image\" \/>\n<meta name=\"twitter:creator\" content=\"@finnhandball\" \/>\n<meta name=\"twitter:site\" content=\"@finnhandball\" \/>\n<script type=\"application\/ld+json\" class=\"yoast-schema-graph\">{\"@context\":\"https:\\\/\\\/schema.org\",\"@graph\":[{\"@type\":\"Article\",\"@id\":\"https:\\\/\\\/aktialiiga.fi\\\/naiset\\\/kausi-2022-2023\\\/finaaliennakko-dicken-ja-grifk-aloittavat-taistelun-mestaruudesta\\\/#article\",\"isPartOf\":{\"@id\":\"https:\\\/\\\/aktialiiga.fi\\\/naiset\\\/kausi-2022-2023\\\/finaaliennakko-dicken-ja-grifk-aloittavat-taistelun-mestaruudesta\\\/\"},\"author\":{\"name\":\"tbrmedia\",\"@id\":\"https:\\\/\\\/aktialiiga.fi\\\/naiset\\\/#\\\/schema\\\/person\\\/c14bf42f47041db74603c45afcb18d87\"},\"headline\":\"Finaaliennakko: Dicken ja GrIFK aloittavat taistelun mestaruudesta\",\"datePublished\":\"2023-05-02T12:48:02+00:00\",\"dateModified\":\"2023-05-05T08:43:56+00:00\",\"mainEntityOfPage\":{\"@id\":\"https:\\\/\\\/aktialiiga.fi\\\/naiset\\\/kausi-2022-2023\\\/finaaliennakko-dicken-ja-grifk-aloittavat-taistelun-mestaruudesta\\\/\"},\"wordCount\":542,\"publisher\":{\"@id\":\"https:\\\/\\\/aktialiiga.fi\\\/naiset\\\/#organization\"},\"image\":{\"@id\":\"https:\\\/\\\/aktialiiga.fi\\\/naiset\\\/kausi-2022-2023\\\/finaaliennakko-dicken-ja-grifk-aloittavat-taistelun-mestaruudesta\\\/#primaryimage\"},\"thumbnailUrl\":\"https:\\\/\\\/aktialiiga.fi\\\/naiset\\\/wp-content\\\/uploads\\\/sites\\\/6\\\/2022\\\/09\\\/mitalit.jpg\",\"keywords\":[\"Dicken\",\"finaalit\",\"GrIFK\"],\"articleSection\":[\"Kausi 2022-2023\"],\"inLanguage\":\"fi\"},{\"@type\":\"WebPage\",\"@id\":\"https:\\\/\\\/aktialiiga.fi\\\/naiset\\\/kausi-2022-2023\\\/finaaliennakko-dicken-ja-grifk-aloittavat-taistelun-mestaruudesta\\\/\",\"url\":\"https:\\\/\\\/aktialiiga.fi\\\/naiset\\\/kausi-2022-2023\\\/finaaliennakko-dicken-ja-grifk-aloittavat-taistelun-mestaruudesta\\\/\",\"name\":\"Finaaliennakko: Dicken ja GrIFK aloittavat taistelun mestaruudesta | K\u00e4sipallon naisten Aktialiiga\",\"isPartOf\":{\"@id\":\"https:\\\/\\\/aktialiiga.fi\\\/naiset\\\/#website\"},\"primaryImageOfPage\":{\"@id\":\"https:\\\/\\\/aktialiiga.fi\\\/naiset\\\/kausi-2022-2023\\\/finaaliennakko-dicken-ja-grifk-aloittavat-taistelun-mestaruudesta\\\/#primaryimage\"},\"image\":{\"@id\":\"https:\\\/\\\/aktialiiga.fi\\\/naiset\\\/kausi-2022-2023\\\/finaaliennakko-dicken-ja-grifk-aloittavat-taistelun-mestaruudesta\\\/#primaryimage\"},\"thumbnailUrl\":\"https:\\\/\\\/aktialiiga.fi\\\/naiset\\\/wp-content\\\/uploads\\\/sites\\\/6\\\/2022\\\/09\\\/mitalit.jpg\",\"datePublished\":\"2023-05-02T12:48:02+00:00\",\"dateModified\":\"2023-05-05T08:43:56+00:00\",\"breadcrumb\":{\"@id\":\"https:\\\/\\\/aktialiiga.fi\\\/naiset\\\/kausi-2022-2023\\\/finaaliennakko-dicken-ja-grifk-aloittavat-taistelun-mestaruudesta\\\/#breadcrumb\"},\"inLanguage\":\"fi\",\"potentialAction\":[{\"@type\":\"ReadAction\",\"target\":[\"https:\\\/\\\/aktialiiga.fi\\\/naiset\\\/kausi-2022-2023\\\/finaaliennakko-dicken-ja-grifk-aloittavat-taistelun-mestaruudesta\\\/\"]}]},{\"@type\":\"ImageObject\",\"inLanguage\":\"fi\",\"@id\":\"https:\\\/\\\/aktialiiga.fi\\\/naiset\\\/kausi-2022-2023\\\/finaaliennakko-dicken-ja-grifk-aloittavat-taistelun-mestaruudesta\\\/#primaryimage\",\"url\":\"https:\\\/\\\/aktialiiga.fi\\\/naiset\\\/wp-content\\\/uploads\\\/sites\\\/6\\\/2022\\\/09\\\/mitalit.jpg\",\"contentUrl\":\"https:\\\/\\\/aktialiiga.fi\\\/naiset\\\/wp-content\\\/uploads\\\/sites\\\/6\\\/2022\\\/09\\\/mitalit.jpg\",\"width\":1200,\"height\":800,\"caption\":\"Mitallit k\u00e4sipallon SM-sarjan 3. finaali GrIFK - Dicken, Pirkkolan urheilutalolla 23. huhtikuuta 2022. (Matti Matikainen\\\/Newspix24)\"},{\"@type\":\"BreadcrumbList\",\"@id\":\"https:\\\/\\\/aktialiiga.fi\\\/naiset\\\/kausi-2022-2023\\\/finaaliennakko-dicken-ja-grifk-aloittavat-taistelun-mestaruudesta\\\/#breadcrumb\",\"itemListElement\":[{\"@type\":\"ListItem\",\"position\":1,\"name\":\"Etusivu\",\"item\":\"https:\\\/\\\/aktialiiga.fi\\\/naiset\\\/\"},{\"@type\":\"ListItem\",\"position\":2,\"name\":\"Finaaliennakko: Dicken ja GrIFK aloittavat taistelun mestaruudesta\"}]},{\"@type\":\"WebSite\",\"@id\":\"https:\\\/\\\/aktialiiga.fi\\\/naiset\\\/#website\",\"url\":\"https:\\\/\\\/aktialiiga.fi\\\/naiset\\\/\",\"name\":\"K\u00e4sipallon naisten Aktialiiga\",\"description\":\"Valtakunnan vauhdikkainta palloilua!\",\"publisher\":{\"@id\":\"https:\\\/\\\/aktialiiga.fi\\\/naiset\\\/#organization\"},\"potentialAction\":[{\"@type\":\"SearchAction\",\"target\":{\"@type\":\"EntryPoint\",\"urlTemplate\":\"https:\\\/\\\/aktialiiga.fi\\\/naiset\\\/?s={search_term_string}\"},\"query-input\":{\"@type\":\"PropertyValueSpecification\",\"valueRequired\":true,\"valueName\":\"search_term_string\"}}],\"inLanguage\":\"fi\"},{\"@type\":\"Organization\",\"@id\":\"https:\\\/\\\/aktialiiga.fi\\\/naiset\\\/#organization\",\"name\":\"K\u00e4sipallon naisten Aktialiiga\",\"url\":\"https:\\\/\\\/aktialiiga.fi\\\/naiset\\\/\",\"logo\":{\"@type\":\"ImageObject\",\"inLanguage\":\"fi\",\"@id\":\"https:\\\/\\\/aktialiiga.fi\\\/naiset\\\/#\\\/schema\\\/logo\\\/image\\\/\",\"url\":\"https:\\\/\\\/aktialiiga.fi\\\/naiset\\\/wp-content\\\/uploads\\\/sites\\\/6\\\/2024\\\/09\\\/Aktialiiga-Yoast-512.png\",\"contentUrl\":\"https:\\\/\\\/aktialiiga.fi\\\/naiset\\\/wp-content\\\/uploads\\\/sites\\\/6\\\/2024\\\/09\\\/Aktialiiga-Yoast-512.png\",\"width\":512,\"height\":512,\"caption\":\"K\u00e4sipallon naisten Aktialiiga\"},\"image\":{\"@id\":\"https:\\\/\\\/aktialiiga.fi\\\/naiset\\\/#\\\/schema\\\/logo\\\/image\\\/\"},\"sameAs\":[\"https:\\\/\\\/www.facebook.com\\\/finnhandball\",\"https:\\\/\\\/x.com\\\/finnhandball\",\"https:\\\/\\\/www.instagram.com\\\/handballfinland\\\/\"]},{\"@type\":\"Person\",\"@id\":\"https:\\\/\\\/aktialiiga.fi\\\/naiset\\\/#\\\/schema\\\/person\\\/c14bf42f47041db74603c45afcb18d87\",\"name\":\"tbrmedia\",\"image\":{\"@type\":\"ImageObject\",\"inLanguage\":\"fi\",\"@id\":\"https:\\\/\\\/secure.gravatar.com\\\/avatar\\\/ee975fa091fe581d12b60debb3439022686618368a7c142044c56724d4666b16?s=96&d=mm&r=g\",\"url\":\"https:\\\/\\\/secure.gravatar.com\\\/avatar\\\/ee975fa091fe581d12b60debb3439022686618368a7c142044c56724d4666b16?s=96&d=mm&r=g\",\"contentUrl\":\"https:\\\/\\\/secure.gravatar.com\\\/avatar\\\/ee975fa091fe581d12b60debb3439022686618368a7c142044c56724d4666b16?s=96&d=mm&r=g\",\"caption\":\"tbrmedia\"}}]}<\/script>\n<!-- \/ Yoast SEO plugin. -->","yoast_head_json":{"title":"Finaaliennakko: Dicken ja GrIFK aloittavat taistelun mestaruudesta | K\u00e4sipallon naisten Aktialiiga","robots":{"index":"index","follow":"follow","max-snippet":"max-snippet:-1","max-image-preview":"max-image-preview:large","max-video-preview":"max-video-preview:-1"},"canonical":"https:\/\/aktialiiga.fi\/naiset\/kausi-2022-2023\/finaaliennakko-dicken-ja-grifk-aloittavat-taistelun-mestaruudesta\/","og_locale":"fi_FI","og_type":"article","og_title":"Finaaliennakko: Dicken ja GrIFK aloittavat taistelun mestaruudesta | K\u00e4sipallon naisten Aktialiiga","og_description":"Naisten k\u00e4sipallon SM-sarjan finaalissa kohtaavat t\u00e4ll\u00e4 kaudella hallitseva mestari Dicken sek\u00e4 GrIFK. Kyseess\u00e4 on samalla viime kauden finaalin uusinta. Vastakkain ovat eitt\u00e4m\u00e4tt\u00e4 kauden kaksi parasta joukkuetta, sill\u00e4 ne k\u00e4viv\u00e4t viime hetkille saakka tiukkaa taistelua my\u00f6s runkosarjan voitosta. Joukkueet p\u00e4\u00e4tyiv\u00e4t kauden viimeisess\u00e4 runkosarjan ottelussa tasapeliin ja Dicken nappasi runkosarjan voiton pisteen erolla. Runkosarjan keskin\u00e4isiss\u00e4 kohtaamisissa Dicken [&hellip;]","og_url":"https:\/\/aktialiiga.fi\/naiset\/kausi-2022-2023\/finaaliennakko-dicken-ja-grifk-aloittavat-taistelun-mestaruudesta\/","og_site_name":"K\u00e4sipallon naisten Aktialiiga","article_publisher":"https:\/\/www.facebook.com\/finnhandball","article_published_time":"2023-05-02T12:48:02+00:00","article_modified_time":"2023-05-05T08:43:56+00:00","og_image":[{"width":1200,"height":800,"url":"https:\/\/aktialiiga.fi\/naiset\/wp-content\/uploads\/sites\/6\/2022\/09\/mitalit.jpg","type":"image\/jpeg"}],"author":"tbrmedia","twitter_card":"summary_large_image","twitter_creator":"@finnhandball","twitter_site":"@finnhandball","schema":{"@context":"https:\/\/schema.org","@graph":[{"@type":"Article","@id":"https:\/\/aktialiiga.fi\/naiset\/kausi-2022-2023\/finaaliennakko-dicken-ja-grifk-aloittavat-taistelun-mestaruudesta\/#article","isPartOf":{"@id":"https:\/\/aktialiiga.fi\/naiset\/kausi-2022-2023\/finaaliennakko-dicken-ja-grifk-aloittavat-taistelun-mestaruudesta\/"},"author":{"name":"tbrmedia","@id":"https:\/\/aktialiiga.fi\/naiset\/#\/schema\/person\/c14bf42f47041db74603c45afcb18d87"},"headline":"Finaaliennakko: Dicken ja GrIFK aloittavat taistelun mestaruudesta","datePublished":"2023-05-02T12:48:02+00:00","dateModified":"2023-05-05T08:43:56+00:00","mainEntityOfPage":{"@id":"https:\/\/aktialiiga.fi\/naiset\/kausi-2022-2023\/finaaliennakko-dicken-ja-grifk-aloittavat-taistelun-mestaruudesta\/"},"wordCount":542,"publisher":{"@id":"https:\/\/aktialiiga.fi\/naiset\/#organization"},"image":{"@id":"https:\/\/aktialiiga.fi\/naiset\/kausi-2022-2023\/finaaliennakko-dicken-ja-grifk-aloittavat-taistelun-mestaruudesta\/#primaryimage"},"thumbnailUrl":"https:\/\/aktialiiga.fi\/naiset\/wp-content\/uploads\/sites\/6\/2022\/09\/mitalit.jpg","keywords":["Dicken","finaalit","GrIFK"],"articleSection":["Kausi 2022-2023"],"inLanguage":"fi"},{"@type":"WebPage","@id":"https:\/\/aktialiiga.fi\/naiset\/kausi-2022-2023\/finaaliennakko-dicken-ja-grifk-aloittavat-taistelun-mestaruudesta\/","url":"https:\/\/aktialiiga.fi\/naiset\/kausi-2022-2023\/finaaliennakko-dicken-ja-grifk-aloittavat-taistelun-mestaruudesta\/","name":"Finaaliennakko: Dicken ja GrIFK aloittavat taistelun mestaruudesta | K\u00e4sipallon naisten Aktialiiga","isPartOf":{"@id":"https:\/\/aktialiiga.fi\/naiset\/#website"},"primaryImageOfPage":{"@id":"https:\/\/aktialiiga.fi\/naiset\/kausi-2022-2023\/finaaliennakko-dicken-ja-grifk-aloittavat-taistelun-mestaruudesta\/#primaryimage"},"image":{"@id":"https:\/\/aktialiiga.fi\/naiset\/kausi-2022-2023\/finaaliennakko-dicken-ja-grifk-aloittavat-taistelun-mestaruudesta\/#primaryimage"},"thumbnailUrl":"https:\/\/aktialiiga.fi\/naiset\/wp-content\/uploads\/sites\/6\/2022\/09\/mitalit.jpg","datePublished":"2023-05-02T12:48:02+00:00","dateModified":"2023-05-05T08:43:56+00:00","breadcrumb":{"@id":"https:\/\/aktialiiga.fi\/naiset\/kausi-2022-2023\/finaaliennakko-dicken-ja-grifk-aloittavat-taistelun-mestaruudesta\/#breadcrumb"},"inLanguage":"fi","potentialAction":[{"@type":"ReadAction","target":["https:\/\/aktialiiga.fi\/naiset\/kausi-2022-2023\/finaaliennakko-dicken-ja-grifk-aloittavat-taistelun-mestaruudesta\/"]}]},{"@type":"ImageObject","inLanguage":"fi","@id":"https:\/\/aktialiiga.fi\/naiset\/kausi-2022-2023\/finaaliennakko-dicken-ja-grifk-aloittavat-taistelun-mestaruudesta\/#primaryimage","url":"https:\/\/aktialiiga.fi\/naiset\/wp-content\/uploads\/sites\/6\/2022\/09\/mitalit.jpg","contentUrl":"https:\/\/aktialiiga.fi\/naiset\/wp-content\/uploads\/sites\/6\/2022\/09\/mitalit.jpg","width":1200,"height":800,"caption":"Mitallit k\u00e4sipallon SM-sarjan 3. finaali GrIFK - Dicken, Pirkkolan urheilutalolla 23. huhtikuuta 2022. (Matti Matikainen\/Newspix24)"},{"@type":"BreadcrumbList","@id":"https:\/\/aktialiiga.fi\/naiset\/kausi-2022-2023\/finaaliennakko-dicken-ja-grifk-aloittavat-taistelun-mestaruudesta\/#breadcrumb","itemListElement":[{"@type":"ListItem","position":1,"name":"Etusivu","item":"https:\/\/aktialiiga.fi\/naiset\/"},{"@type":"ListItem","position":2,"name":"Finaaliennakko: Dicken ja GrIFK aloittavat taistelun mestaruudesta"}]},{"@type":"WebSite","@id":"https:\/\/aktialiiga.fi\/naiset\/#website","url":"https:\/\/aktialiiga.fi\/naiset\/","name":"K\u00e4sipallon naisten Aktialiiga","description":"Valtakunnan vauhdikkainta palloilua!","publisher":{"@id":"https:\/\/aktialiiga.fi\/naiset\/#organization"},"potentialAction":[{"@type":"SearchAction","target":{"@type":"EntryPoint","urlTemplate":"https:\/\/aktialiiga.fi\/naiset\/?s={search_term_string}"},"query-input":{"@type":"PropertyValueSpecification","valueRequired":true,"valueName":"search_term_string"}}],"inLanguage":"fi"},{"@type":"Organization","@id":"https:\/\/aktialiiga.fi\/naiset\/#organization","name":"K\u00e4sipallon naisten Aktialiiga","url":"https:\/\/aktialiiga.fi\/naiset\/","logo":{"@type":"ImageObject","inLanguage":"fi","@id":"https:\/\/aktialiiga.fi\/naiset\/#\/schema\/logo\/image\/","url":"https:\/\/aktialiiga.fi\/naiset\/wp-content\/uploads\/sites\/6\/2024\/09\/Aktialiiga-Yoast-512.png","contentUrl":"https:\/\/aktialiiga.fi\/naiset\/wp-content\/uploads\/sites\/6\/2024\/09\/Aktialiiga-Yoast-512.png","width":512,"height":512,"caption":"K\u00e4sipallon naisten Aktialiiga"},"image":{"@id":"https:\/\/aktialiiga.fi\/naiset\/#\/schema\/logo\/image\/"},"sameAs":["https:\/\/www.facebook.com\/finnhandball","https:\/\/x.com\/finnhandball","https:\/\/www.instagram.com\/handballfinland\/"]},{"@type":"Person","@id":"https:\/\/aktialiiga.fi\/naiset\/#\/schema\/person\/c14bf42f47041db74603c45afcb18d87","name":"tbrmedia","image":{"@type":"ImageObject","inLanguage":"fi","@id":"https:\/\/secure.gravatar.com\/avatar\/ee975fa091fe581d12b60debb3439022686618368a7c142044c56724d4666b16?s=96&d=mm&r=g","url":"https:\/\/secure.gravatar.com\/avatar\/ee975fa091fe581d12b60debb3439022686618368a7c142044c56724d4666b16?s=96&d=mm&r=g","contentUrl":"https:\/\/secure.gravatar.com\/avatar\/ee975fa091fe581d12b60debb3439022686618368a7c142044c56724d4666b16?s=96&d=mm&r=g","caption":"tbrmedia"}}]}},"jetpack_featured_media_url":"https:\/\/aktialiiga.fi\/naiset\/wp-content\/uploads\/sites\/6\/2022\/09\/mitalit.jpg","jetpack_sharing_enabled":true,"jetpack_shortlink":"https:\/\/wp.me\/pfYhm6-85c","_links":{"self":[{"href":"https:\/\/aktialiiga.fi\/naiset\/wp-json\/wp\/v2\/posts\/31074","targetHints":{"allow":["GET"]}}],"collection":[{"href":"https:\/\/aktialiiga.fi\/naiset\/wp-json\/wp\/v2\/posts"}],"about":[{"href":"https:\/\/aktialiiga.fi\/naiset\/wp-json\/wp\/v2\/types\/post"}],"author":[{"embeddable":true,"href":"https:\/\/aktialiiga.fi\/naiset\/wp-json\/wp\/v2\/users\/13"}],"replies":[{"embeddable":true,"href":"https:\/\/aktialiiga.fi\/naiset\/wp-json\/wp\/v2\/comments?post=31074"}],"version-history":[{"count":0,"href":"https:\/\/aktialiiga.fi\/naiset\/wp-json\/wp\/v2\/posts\/31074\/revisions"}],"wp:featuredmedia":[{"embeddable":true,"href":"https:\/\/aktialiiga.fi\/naiset\/wp-json\/wp\/v2\/media\/29318"}],"wp:attachment":[{"href":"https:\/\/aktialiiga.fi\/naiset\/wp-json\/wp\/v2\/media?parent=31074"}],"wp:term":[{"taxonomy":"category","embeddable":true,"href":"https:\/\/aktialiiga.fi\/naiset\/wp-json\/wp\/v2\/categories?post=31074"},{"taxonomy":"post_tag","embeddable":true,"href":"https:\/\/aktialiiga.fi\/naiset\/wp-json\/wp\/v2\/tags?post=31074"}],"curies":[{"name":"wp","href":"https:\/\/api.w.org\/{rel}","templated":true}]}}