{"id":31184,"date":"2023-05-08T16:06:17","date_gmt":"2023-05-08T13:06:17","guid":{"rendered":"https:\/\/aktialiiga.fi\/naiset\/?p=31184"},"modified":"2023-05-08T16:06:17","modified_gmt":"2023-05-08T13:06:17","slug":"mestaruus-ensimmaista-kertaa-katkolla-tiistaina","status":"publish","type":"post","link":"https:\/\/aktialiiga.fi\/naiset\/kausi-2022-2023\/mestaruus-ensimmaista-kertaa-katkolla-tiistaina\/","title":{"rendered":"Mestaruus ensimm\u00e4ist\u00e4 kertaa katkolla tiistaina"},"content":{"rendered":"<p>SM-sarjan finaalisarjassa on edess\u00e4 kolmas ottelu tiistaina. Samalla mestaruus on ensimm\u00e4ist\u00e4 kertaa katkolla GrIFK:lle.<\/p>\n<p>GrIFK ry\u00f6sti kotiedun itselleen heti ensimm\u00e4isess\u00e4 finaalissa ja piti siit\u00e4 kiinni my\u00f6s toisessa. N\u00e4in ollen se johtaa finaalisarjaa 2-0 ja on voiton p\u00e4\u00e4ss\u00e4 mestaruudesta.<\/p>\n<p>Dicken joutuu l\u00e4htem\u00e4\u00e4n otteluun hieman ep\u00e4tavallisesta asemasta, sill\u00e4 se ei ole ollut selk\u00e4 sein\u00e4\u00e4 vasten sitten vuoden 2019, jolloin se h\u00e4visi mestaruuden HIFK:lle viidess\u00e4 ottelussa. Tuolloin Dicken vei nimiins\u00e4 kaksi ensimm\u00e4ist\u00e4 finaalia, mutta HIFK nousi lopulta voittoon. Dicken voi ammentaa siit\u00e4 uskoa tiistain otteluun l\u00e4hdett\u00e4ess\u00e4.<\/p>\n<p>Dicken oli my\u00f6s joukkueiden kohtaamisissa kauden aikana niskan p\u00e4\u00e4ll\u00e4, mutta GrIFK on saanut hy\u00f6dynnetty\u00e4 vahvuutensa finaalisarjassa ja esitt\u00e4nyt vakuuttavia otteita. Kaksi aiempaa finaalia ovat olleet vauhdikkaita ja j\u00e4nnitt\u00e4vi\u00e4 pelej\u00e4 eik\u00e4 ole syyt\u00e4 olettaa, ett\u00e4 pelin luonne muuttuisi kolmanteen, jolloin panokset ovat huipussaan.<\/p>\n<p><strong>SM-sarjan 3. finaali:<br \/>\n<\/strong>Ti 9.5. kello 19.15 Dicken-GrIFK (monikameratuotanto + studio)<\/p>\n<p>HandisTV n\u00e4ytt\u00e4\u00e4 kaikki ottelut suorina l\u00e4hetyksin\u00e4. HandisTV:n pariin p\u00e4\u00e4set\u00a0<a href=\"https:\/\/handis.tv\/handis\"><em style=\"font-weight: inherit\">t\u00e4\u00e4lt\u00e4<\/em><\/a>.<\/p>\n","protected":false},"excerpt":{"rendered":"<p>SM-sarjan finaalisarjassa on edess\u00e4 kolmas ottelu tiistaina. Samalla mestaruus on ensimm\u00e4ist\u00e4 kertaa katkolla GrIFK:lle. GrIFK ry\u00f6sti kotiedun itselleen heti ensimm\u00e4isess\u00e4 finaalissa ja piti siit\u00e4 kiinni my\u00f6s toisessa. N\u00e4in ollen se johtaa finaalisarjaa 2-0 ja on voiton p\u00e4\u00e4ss\u00e4 mestaruudesta. Dicken joutuu l\u00e4htem\u00e4\u00e4n otteluun hieman ep\u00e4tavallisesta asemasta, sill\u00e4 se ei ole ollut selk\u00e4 sein\u00e4\u00e4 vasten sitten vuoden [&hellip;]<\/p>\n","protected":false},"author":13,"featured_media":31185,"comment_status":"closed","ping_status":"closed","sticky":false,"template":"","format":"standard","meta":{"_acf_changed":false,"jetpack_post_was_ever_published":false,"_jetpack_newsletter_access":"","_jetpack_dont_email_post_to_subs":false,"_jetpack_newsletter_tier_id":0,"_jetpack_memberships_contains_paywalled_content":false,"_jetpack_memberships_contains_paid_content":false,"footnotes":""},"categories":[208,199],"tags":[51,55,56,57],"class_list":["post-31184","post","type-post","status-publish","format-standard","has-post-thumbnail","hentry","category-ennakot-2022-23","category-kausi-2022-2023","tag-dicken","tag-finaali","tag-finaalit","tag-grifk"],"acf":[],"yoast_head":"<!-- This site is optimized with the Yoast SEO plugin v27.5 - https:\/\/yoast.com\/product\/yoast-seo-wordpress\/ -->\n<title>Mestaruus ensimm\u00e4ist\u00e4 kertaa katkolla tiistaina | K\u00e4sipallon naisten Aktialiiga<\/title>\n<meta name=\"robots\" content=\"index, follow, max-snippet:-1, max-image-preview:large, max-video-preview:-1\" \/>\n<link rel=\"canonical\" href=\"https:\/\/aktialiiga.fi\/naiset\/kausi-2022-2023\/mestaruus-ensimmaista-kertaa-katkolla-tiistaina\/\" \/>\n<meta property=\"og:locale\" content=\"fi_FI\" \/>\n<meta property=\"og:type\" content=\"article\" \/>\n<meta property=\"og:title\" content=\"Mestaruus ensimm\u00e4ist\u00e4 kertaa katkolla tiistaina | K\u00e4sipallon naisten Aktialiiga\" \/>\n<meta property=\"og:description\" content=\"SM-sarjan finaalisarjassa on edess\u00e4 kolmas ottelu tiistaina. Samalla mestaruus on ensimm\u00e4ist\u00e4 kertaa katkolla GrIFK:lle. GrIFK ry\u00f6sti kotiedun itselleen heti ensimm\u00e4isess\u00e4 finaalissa ja piti siit\u00e4 kiinni my\u00f6s toisessa. N\u00e4in ollen se johtaa finaalisarjaa 2-0 ja on voiton p\u00e4\u00e4ss\u00e4 mestaruudesta. Dicken joutuu l\u00e4htem\u00e4\u00e4n otteluun hieman ep\u00e4tavallisesta asemasta, sill\u00e4 se ei ole ollut selk\u00e4 sein\u00e4\u00e4 vasten sitten vuoden [&hellip;]\" \/>\n<meta property=\"og:url\" content=\"https:\/\/aktialiiga.fi\/naiset\/kausi-2022-2023\/mestaruus-ensimmaista-kertaa-katkolla-tiistaina\/\" \/>\n<meta property=\"og:site_name\" content=\"K\u00e4sipallon naisten Aktialiiga\" \/>\n<meta property=\"article:publisher\" content=\"https:\/\/www.facebook.com\/finnhandball\" \/>\n<meta property=\"article:published_time\" content=\"2023-05-08T13:06:17+00:00\" \/>\n<meta property=\"og:image\" content=\"https:\/\/aktialiiga.fi\/naiset\/wp-content\/uploads\/sites\/6\/2023\/05\/johanson_patrik_grifk_22-23.jpg\" \/>\n\t<meta property=\"og:image:width\" content=\"1200\" \/>\n\t<meta property=\"og:image:height\" content=\"800\" \/>\n\t<meta property=\"og:image:type\" content=\"image\/jpeg\" \/>\n<meta name=\"author\" content=\"tbrmedia\" \/>\n<meta name=\"twitter:card\" content=\"summary_large_image\" \/>\n<meta name=\"twitter:creator\" content=\"@finnhandball\" \/>\n<meta name=\"twitter:site\" content=\"@finnhandball\" \/>\n<script type=\"application\/ld+json\" class=\"yoast-schema-graph\">{\"@context\":\"https:\\\/\\\/schema.org\",\"@graph\":[{\"@type\":\"Article\",\"@id\":\"https:\\\/\\\/aktialiiga.fi\\\/naiset\\\/kausi-2022-2023\\\/mestaruus-ensimmaista-kertaa-katkolla-tiistaina\\\/#article\",\"isPartOf\":{\"@id\":\"https:\\\/\\\/aktialiiga.fi\\\/naiset\\\/kausi-2022-2023\\\/mestaruus-ensimmaista-kertaa-katkolla-tiistaina\\\/\"},\"author\":{\"name\":\"tbrmedia\",\"@id\":\"https:\\\/\\\/aktialiiga.fi\\\/naiset\\\/#\\\/schema\\\/person\\\/c14bf42f47041db74603c45afcb18d87\"},\"headline\":\"Mestaruus ensimm\u00e4ist\u00e4 kertaa katkolla tiistaina\",\"datePublished\":\"2023-05-08T13:06:17+00:00\",\"mainEntityOfPage\":{\"@id\":\"https:\\\/\\\/aktialiiga.fi\\\/naiset\\\/kausi-2022-2023\\\/mestaruus-ensimmaista-kertaa-katkolla-tiistaina\\\/\"},\"wordCount\":173,\"publisher\":{\"@id\":\"https:\\\/\\\/aktialiiga.fi\\\/naiset\\\/#organization\"},\"image\":{\"@id\":\"https:\\\/\\\/aktialiiga.fi\\\/naiset\\\/kausi-2022-2023\\\/mestaruus-ensimmaista-kertaa-katkolla-tiistaina\\\/#primaryimage\"},\"thumbnailUrl\":\"https:\\\/\\\/aktialiiga.fi\\\/naiset\\\/wp-content\\\/uploads\\\/sites\\\/6\\\/2023\\\/05\\\/johanson_patrik_grifk_22-23.jpg\",\"keywords\":[\"Dicken\",\"Finaali\",\"finaalit\",\"GrIFK\"],\"articleSection\":[\"Ennakot\",\"Kausi 2022-2023\"],\"inLanguage\":\"fi\"},{\"@type\":\"WebPage\",\"@id\":\"https:\\\/\\\/aktialiiga.fi\\\/naiset\\\/kausi-2022-2023\\\/mestaruus-ensimmaista-kertaa-katkolla-tiistaina\\\/\",\"url\":\"https:\\\/\\\/aktialiiga.fi\\\/naiset\\\/kausi-2022-2023\\\/mestaruus-ensimmaista-kertaa-katkolla-tiistaina\\\/\",\"name\":\"Mestaruus ensimm\u00e4ist\u00e4 kertaa katkolla tiistaina | K\u00e4sipallon naisten Aktialiiga\",\"isPartOf\":{\"@id\":\"https:\\\/\\\/aktialiiga.fi\\\/naiset\\\/#website\"},\"primaryImageOfPage\":{\"@id\":\"https:\\\/\\\/aktialiiga.fi\\\/naiset\\\/kausi-2022-2023\\\/mestaruus-ensimmaista-kertaa-katkolla-tiistaina\\\/#primaryimage\"},\"image\":{\"@id\":\"https:\\\/\\\/aktialiiga.fi\\\/naiset\\\/kausi-2022-2023\\\/mestaruus-ensimmaista-kertaa-katkolla-tiistaina\\\/#primaryimage\"},\"thumbnailUrl\":\"https:\\\/\\\/aktialiiga.fi\\\/naiset\\\/wp-content\\\/uploads\\\/sites\\\/6\\\/2023\\\/05\\\/johanson_patrik_grifk_22-23.jpg\",\"datePublished\":\"2023-05-08T13:06:17+00:00\",\"breadcrumb\":{\"@id\":\"https:\\\/\\\/aktialiiga.fi\\\/naiset\\\/kausi-2022-2023\\\/mestaruus-ensimmaista-kertaa-katkolla-tiistaina\\\/#breadcrumb\"},\"inLanguage\":\"fi\",\"potentialAction\":[{\"@type\":\"ReadAction\",\"target\":[\"https:\\\/\\\/aktialiiga.fi\\\/naiset\\\/kausi-2022-2023\\\/mestaruus-ensimmaista-kertaa-katkolla-tiistaina\\\/\"]}]},{\"@type\":\"ImageObject\",\"inLanguage\":\"fi\",\"@id\":\"https:\\\/\\\/aktialiiga.fi\\\/naiset\\\/kausi-2022-2023\\\/mestaruus-ensimmaista-kertaa-katkolla-tiistaina\\\/#primaryimage\",\"url\":\"https:\\\/\\\/aktialiiga.fi\\\/naiset\\\/wp-content\\\/uploads\\\/sites\\\/6\\\/2023\\\/05\\\/johanson_patrik_grifk_22-23.jpg\",\"contentUrl\":\"https:\\\/\\\/aktialiiga.fi\\\/naiset\\\/wp-content\\\/uploads\\\/sites\\\/6\\\/2023\\\/05\\\/johanson_patrik_grifk_22-23.jpg\",\"width\":1200,\"height\":800,\"caption\":\"Patrick Johanson, GrIFK k\u00e4sipallon naisten SM-sarjan ottelu GrIFK vs. KyIF, Kauniaisten Palloiluhalli, Kauniainen 24.9.2022, klo 11.55.54.\"},{\"@type\":\"BreadcrumbList\",\"@id\":\"https:\\\/\\\/aktialiiga.fi\\\/naiset\\\/kausi-2022-2023\\\/mestaruus-ensimmaista-kertaa-katkolla-tiistaina\\\/#breadcrumb\",\"itemListElement\":[{\"@type\":\"ListItem\",\"position\":1,\"name\":\"Etusivu\",\"item\":\"https:\\\/\\\/aktialiiga.fi\\\/naiset\\\/\"},{\"@type\":\"ListItem\",\"position\":2,\"name\":\"Mestaruus ensimm\u00e4ist\u00e4 kertaa katkolla tiistaina\"}]},{\"@type\":\"WebSite\",\"@id\":\"https:\\\/\\\/aktialiiga.fi\\\/naiset\\\/#website\",\"url\":\"https:\\\/\\\/aktialiiga.fi\\\/naiset\\\/\",\"name\":\"K\u00e4sipallon naisten Aktialiiga\",\"description\":\"Valtakunnan vauhdikkainta palloilua!\",\"publisher\":{\"@id\":\"https:\\\/\\\/aktialiiga.fi\\\/naiset\\\/#organization\"},\"potentialAction\":[{\"@type\":\"SearchAction\",\"target\":{\"@type\":\"EntryPoint\",\"urlTemplate\":\"https:\\\/\\\/aktialiiga.fi\\\/naiset\\\/?s={search_term_string}\"},\"query-input\":{\"@type\":\"PropertyValueSpecification\",\"valueRequired\":true,\"valueName\":\"search_term_string\"}}],\"inLanguage\":\"fi\"},{\"@type\":\"Organization\",\"@id\":\"https:\\\/\\\/aktialiiga.fi\\\/naiset\\\/#organization\",\"name\":\"K\u00e4sipallon naisten Aktialiiga\",\"url\":\"https:\\\/\\\/aktialiiga.fi\\\/naiset\\\/\",\"logo\":{\"@type\":\"ImageObject\",\"inLanguage\":\"fi\",\"@id\":\"https:\\\/\\\/aktialiiga.fi\\\/naiset\\\/#\\\/schema\\\/logo\\\/image\\\/\",\"url\":\"https:\\\/\\\/aktialiiga.fi\\\/naiset\\\/wp-content\\\/uploads\\\/sites\\\/6\\\/2024\\\/09\\\/Aktialiiga-Yoast-512.png\",\"contentUrl\":\"https:\\\/\\\/aktialiiga.fi\\\/naiset\\\/wp-content\\\/uploads\\\/sites\\\/6\\\/2024\\\/09\\\/Aktialiiga-Yoast-512.png\",\"width\":512,\"height\":512,\"caption\":\"K\u00e4sipallon naisten Aktialiiga\"},\"image\":{\"@id\":\"https:\\\/\\\/aktialiiga.fi\\\/naiset\\\/#\\\/schema\\\/logo\\\/image\\\/\"},\"sameAs\":[\"https:\\\/\\\/www.facebook.com\\\/finnhandball\",\"https:\\\/\\\/x.com\\\/finnhandball\",\"https:\\\/\\\/www.instagram.com\\\/handballfinland\\\/\"]},{\"@type\":\"Person\",\"@id\":\"https:\\\/\\\/aktialiiga.fi\\\/naiset\\\/#\\\/schema\\\/person\\\/c14bf42f47041db74603c45afcb18d87\",\"name\":\"tbrmedia\",\"image\":{\"@type\":\"ImageObject\",\"inLanguage\":\"fi\",\"@id\":\"https:\\\/\\\/secure.gravatar.com\\\/avatar\\\/ee975fa091fe581d12b60debb3439022686618368a7c142044c56724d4666b16?s=96&d=mm&r=g\",\"url\":\"https:\\\/\\\/secure.gravatar.com\\\/avatar\\\/ee975fa091fe581d12b60debb3439022686618368a7c142044c56724d4666b16?s=96&d=mm&r=g\",\"contentUrl\":\"https:\\\/\\\/secure.gravatar.com\\\/avatar\\\/ee975fa091fe581d12b60debb3439022686618368a7c142044c56724d4666b16?s=96&d=mm&r=g\",\"caption\":\"tbrmedia\"}}]}<\/script>\n<!-- \/ Yoast SEO plugin. -->","yoast_head_json":{"title":"Mestaruus ensimm\u00e4ist\u00e4 kertaa katkolla tiistaina | K\u00e4sipallon naisten Aktialiiga","robots":{"index":"index","follow":"follow","max-snippet":"max-snippet:-1","max-image-preview":"max-image-preview:large","max-video-preview":"max-video-preview:-1"},"canonical":"https:\/\/aktialiiga.fi\/naiset\/kausi-2022-2023\/mestaruus-ensimmaista-kertaa-katkolla-tiistaina\/","og_locale":"fi_FI","og_type":"article","og_title":"Mestaruus ensimm\u00e4ist\u00e4 kertaa katkolla tiistaina | K\u00e4sipallon naisten Aktialiiga","og_description":"SM-sarjan finaalisarjassa on edess\u00e4 kolmas ottelu tiistaina. Samalla mestaruus on ensimm\u00e4ist\u00e4 kertaa katkolla GrIFK:lle. GrIFK ry\u00f6sti kotiedun itselleen heti ensimm\u00e4isess\u00e4 finaalissa ja piti siit\u00e4 kiinni my\u00f6s toisessa. N\u00e4in ollen se johtaa finaalisarjaa 2-0 ja on voiton p\u00e4\u00e4ss\u00e4 mestaruudesta. Dicken joutuu l\u00e4htem\u00e4\u00e4n otteluun hieman ep\u00e4tavallisesta asemasta, sill\u00e4 se ei ole ollut selk\u00e4 sein\u00e4\u00e4 vasten sitten vuoden [&hellip;]","og_url":"https:\/\/aktialiiga.fi\/naiset\/kausi-2022-2023\/mestaruus-ensimmaista-kertaa-katkolla-tiistaina\/","og_site_name":"K\u00e4sipallon naisten Aktialiiga","article_publisher":"https:\/\/www.facebook.com\/finnhandball","article_published_time":"2023-05-08T13:06:17+00:00","og_image":[{"width":1200,"height":800,"url":"https:\/\/aktialiiga.fi\/naiset\/wp-content\/uploads\/sites\/6\/2023\/05\/johanson_patrik_grifk_22-23.jpg","type":"image\/jpeg"}],"author":"tbrmedia","twitter_card":"summary_large_image","twitter_creator":"@finnhandball","twitter_site":"@finnhandball","schema":{"@context":"https:\/\/schema.org","@graph":[{"@type":"Article","@id":"https:\/\/aktialiiga.fi\/naiset\/kausi-2022-2023\/mestaruus-ensimmaista-kertaa-katkolla-tiistaina\/#article","isPartOf":{"@id":"https:\/\/aktialiiga.fi\/naiset\/kausi-2022-2023\/mestaruus-ensimmaista-kertaa-katkolla-tiistaina\/"},"author":{"name":"tbrmedia","@id":"https:\/\/aktialiiga.fi\/naiset\/#\/schema\/person\/c14bf42f47041db74603c45afcb18d87"},"headline":"Mestaruus ensimm\u00e4ist\u00e4 kertaa katkolla tiistaina","datePublished":"2023-05-08T13:06:17+00:00","mainEntityOfPage":{"@id":"https:\/\/aktialiiga.fi\/naiset\/kausi-2022-2023\/mestaruus-ensimmaista-kertaa-katkolla-tiistaina\/"},"wordCount":173,"publisher":{"@id":"https:\/\/aktialiiga.fi\/naiset\/#organization"},"image":{"@id":"https:\/\/aktialiiga.fi\/naiset\/kausi-2022-2023\/mestaruus-ensimmaista-kertaa-katkolla-tiistaina\/#primaryimage"},"thumbnailUrl":"https:\/\/aktialiiga.fi\/naiset\/wp-content\/uploads\/sites\/6\/2023\/05\/johanson_patrik_grifk_22-23.jpg","keywords":["Dicken","Finaali","finaalit","GrIFK"],"articleSection":["Ennakot","Kausi 2022-2023"],"inLanguage":"fi"},{"@type":"WebPage","@id":"https:\/\/aktialiiga.fi\/naiset\/kausi-2022-2023\/mestaruus-ensimmaista-kertaa-katkolla-tiistaina\/","url":"https:\/\/aktialiiga.fi\/naiset\/kausi-2022-2023\/mestaruus-ensimmaista-kertaa-katkolla-tiistaina\/","name":"Mestaruus ensimm\u00e4ist\u00e4 kertaa katkolla tiistaina | K\u00e4sipallon naisten Aktialiiga","isPartOf":{"@id":"https:\/\/aktialiiga.fi\/naiset\/#website"},"primaryImageOfPage":{"@id":"https:\/\/aktialiiga.fi\/naiset\/kausi-2022-2023\/mestaruus-ensimmaista-kertaa-katkolla-tiistaina\/#primaryimage"},"image":{"@id":"https:\/\/aktialiiga.fi\/naiset\/kausi-2022-2023\/mestaruus-ensimmaista-kertaa-katkolla-tiistaina\/#primaryimage"},"thumbnailUrl":"https:\/\/aktialiiga.fi\/naiset\/wp-content\/uploads\/sites\/6\/2023\/05\/johanson_patrik_grifk_22-23.jpg","datePublished":"2023-05-08T13:06:17+00:00","breadcrumb":{"@id":"https:\/\/aktialiiga.fi\/naiset\/kausi-2022-2023\/mestaruus-ensimmaista-kertaa-katkolla-tiistaina\/#breadcrumb"},"inLanguage":"fi","potentialAction":[{"@type":"ReadAction","target":["https:\/\/aktialiiga.fi\/naiset\/kausi-2022-2023\/mestaruus-ensimmaista-kertaa-katkolla-tiistaina\/"]}]},{"@type":"ImageObject","inLanguage":"fi","@id":"https:\/\/aktialiiga.fi\/naiset\/kausi-2022-2023\/mestaruus-ensimmaista-kertaa-katkolla-tiistaina\/#primaryimage","url":"https:\/\/aktialiiga.fi\/naiset\/wp-content\/uploads\/sites\/6\/2023\/05\/johanson_patrik_grifk_22-23.jpg","contentUrl":"https:\/\/aktialiiga.fi\/naiset\/wp-content\/uploads\/sites\/6\/2023\/05\/johanson_patrik_grifk_22-23.jpg","width":1200,"height":800,"caption":"Patrick Johanson, GrIFK k\u00e4sipallon naisten SM-sarjan ottelu GrIFK vs. KyIF, Kauniaisten Palloiluhalli, Kauniainen 24.9.2022, klo 11.55.54."},{"@type":"BreadcrumbList","@id":"https:\/\/aktialiiga.fi\/naiset\/kausi-2022-2023\/mestaruus-ensimmaista-kertaa-katkolla-tiistaina\/#breadcrumb","itemListElement":[{"@type":"ListItem","position":1,"name":"Etusivu","item":"https:\/\/aktialiiga.fi\/naiset\/"},{"@type":"ListItem","position":2,"name":"Mestaruus ensimm\u00e4ist\u00e4 kertaa katkolla tiistaina"}]},{"@type":"WebSite","@id":"https:\/\/aktialiiga.fi\/naiset\/#website","url":"https:\/\/aktialiiga.fi\/naiset\/","name":"K\u00e4sipallon naisten Aktialiiga","description":"Valtakunnan vauhdikkainta palloilua!","publisher":{"@id":"https:\/\/aktialiiga.fi\/naiset\/#organization"},"potentialAction":[{"@type":"SearchAction","target":{"@type":"EntryPoint","urlTemplate":"https:\/\/aktialiiga.fi\/naiset\/?s={search_term_string}"},"query-input":{"@type":"PropertyValueSpecification","valueRequired":true,"valueName":"search_term_string"}}],"inLanguage":"fi"},{"@type":"Organization","@id":"https:\/\/aktialiiga.fi\/naiset\/#organization","name":"K\u00e4sipallon naisten Aktialiiga","url":"https:\/\/aktialiiga.fi\/naiset\/","logo":{"@type":"ImageObject","inLanguage":"fi","@id":"https:\/\/aktialiiga.fi\/naiset\/#\/schema\/logo\/image\/","url":"https:\/\/aktialiiga.fi\/naiset\/wp-content\/uploads\/sites\/6\/2024\/09\/Aktialiiga-Yoast-512.png","contentUrl":"https:\/\/aktialiiga.fi\/naiset\/wp-content\/uploads\/sites\/6\/2024\/09\/Aktialiiga-Yoast-512.png","width":512,"height":512,"caption":"K\u00e4sipallon naisten Aktialiiga"},"image":{"@id":"https:\/\/aktialiiga.fi\/naiset\/#\/schema\/logo\/image\/"},"sameAs":["https:\/\/www.facebook.com\/finnhandball","https:\/\/x.com\/finnhandball","https:\/\/www.instagram.com\/handballfinland\/"]},{"@type":"Person","@id":"https:\/\/aktialiiga.fi\/naiset\/#\/schema\/person\/c14bf42f47041db74603c45afcb18d87","name":"tbrmedia","image":{"@type":"ImageObject","inLanguage":"fi","@id":"https:\/\/secure.gravatar.com\/avatar\/ee975fa091fe581d12b60debb3439022686618368a7c142044c56724d4666b16?s=96&d=mm&r=g","url":"https:\/\/secure.gravatar.com\/avatar\/ee975fa091fe581d12b60debb3439022686618368a7c142044c56724d4666b16?s=96&d=mm&r=g","contentUrl":"https:\/\/secure.gravatar.com\/avatar\/ee975fa091fe581d12b60debb3439022686618368a7c142044c56724d4666b16?s=96&d=mm&r=g","caption":"tbrmedia"}}]}},"jetpack_featured_media_url":"https:\/\/aktialiiga.fi\/naiset\/wp-content\/uploads\/sites\/6\/2023\/05\/johanson_patrik_grifk_22-23.jpg","jetpack_sharing_enabled":true,"jetpack_shortlink":"https:\/\/wp.me\/pfYhm6-86Y","_links":{"self":[{"href":"https:\/\/aktialiiga.fi\/naiset\/wp-json\/wp\/v2\/posts\/31184","targetHints":{"allow":["GET"]}}],"collection":[{"href":"https:\/\/aktialiiga.fi\/naiset\/wp-json\/wp\/v2\/posts"}],"about":[{"href":"https:\/\/aktialiiga.fi\/naiset\/wp-json\/wp\/v2\/types\/post"}],"author":[{"embeddable":true,"href":"https:\/\/aktialiiga.fi\/naiset\/wp-json\/wp\/v2\/users\/13"}],"replies":[{"embeddable":true,"href":"https:\/\/aktialiiga.fi\/naiset\/wp-json\/wp\/v2\/comments?post=31184"}],"version-history":[{"count":0,"href":"https:\/\/aktialiiga.fi\/naiset\/wp-json\/wp\/v2\/posts\/31184\/revisions"}],"wp:featuredmedia":[{"embeddable":true,"href":"https:\/\/aktialiiga.fi\/naiset\/wp-json\/wp\/v2\/media\/31185"}],"wp:attachment":[{"href":"https:\/\/aktialiiga.fi\/naiset\/wp-json\/wp\/v2\/media?parent=31184"}],"wp:term":[{"taxonomy":"category","embeddable":true,"href":"https:\/\/aktialiiga.fi\/naiset\/wp-json\/wp\/v2\/categories?post=31184"},{"taxonomy":"post_tag","embeddable":true,"href":"https:\/\/aktialiiga.fi\/naiset\/wp-json\/wp\/v2\/tags?post=31184"}],"curies":[{"name":"wp","href":"https:\/\/api.w.org\/{rel}","templated":true}]}}