{"id":3322,"date":"2013-02-09T23:28:58","date_gmt":"2013-02-09T21:28:58","guid":{"rendered":"https:\/\/www.finnhandball.net\/nsm\/?p=3322"},"modified":"2024-08-28T18:31:20","modified_gmt":"2024-08-28T15:31:20","slug":"dicken-sementoi-paikkansa-neljantena","status":"publish","type":"post","link":"https:\/\/aktialiiga.fi\/naiset\/2012-2013\/ottelut-2012-2013\/dicken-sementoi-paikkansa-neljantena\/","title":{"rendered":"Dicken sementoi paikkansa nelj\u00e4nten\u00e4"},"content":{"rendered":"<p><strong>\u00c5IFK kaatui Pirkkolassa maalein 29-16 (14-8). K\u00e4yt\u00e4nn\u00f6ss\u00e4 Dicken voi jo keskitty\u00e4 puoliv\u00e4lieriin paikallisvastustaja Spartaa vastaan.<\/strong><!--more--><\/p>\n<p>&#8211;\u00a0Puolustus toimi hyvin, ekalla puoliskolla viisi p\u00e4\u00e4stetty\u00e4 pelitilannemaalia ja toisella puoliskolla kuusi p\u00e4\u00e4stetty\u00e4 pelitilannemaalia.\u00a0Selkein ero tempopeliss\u00e4 tuli, kun vastustaja hukkasi pallon ja me rankaisimme v\u00e4litt\u00f6m\u00e4sti maalilla. Maalivahdit pelasivat hyvin, Jani Vaskola mietti.<\/p>\n<p>Dickenin maalivahti Catharina Silfvast palkittiinkin pelin parhaana.<\/p>\n<p>-Oli helppoa seist\u00e4 maalissa, kun puolustus hoiti oman tonttinsa, niin siin\u00e4 vaiheessa oli helppo hoitaa oma osuus.\u00a0Alussa peli oli huolimatonta, mutta onneksi saimme pelin kuitenkin kulkemaan.<\/p>\n<p>\u00c5IFK teki tukun helppoja virheit\u00e4 ja kotijoukkue rankaisi armotta.<\/p>\n<p>&#8211;\u00a0Dicken oli huomattavasti parempi ja tuli selke\u00e4 ero. \u00a0Avauspuoliskolla tuli paljon pallonmenetyksi\u00e4 emmek\u00e4 saaneet hy\u00f6kk\u00e4yksi\u00e4 aikaiseksi, huonointa t\u00e4ll\u00e4 kaudella. Kokeilimme tosin uusia asioita Playoffseja silm\u00e4ll\u00e4 pit\u00e4en, Viljami Saastamoinen totesi.<\/p>\n<p><strong>Maalintekij\u00e4t<\/strong><\/p>\n<p>Dicken:\u00a0Anna Lindahl 7, Pernilla Karlsson 5, Carolina B\u00f6ckelman 4, Pia-Stina Pitk\u00e4j\u00e4rvi 3, Anna Lindholm 2, Annika N\u00e4r\u00e4kk\u00e4 2, Anna Martola 2, Alexandra Ahlroth 2, Alexandra Tallqvist 1, Kiira Kankainen 1<\/p>\n<p>\u00c5IFK:\u00a0Carolina Pettersson 4, Emilia Sk\u00f6n 3 , Ida Bruun 3, Johanna Kajander 3, Elin Sundell 2, Erica S\u00f6derholm 1<\/p>\n<p><strong>L\u00e4hiTapiola T\u00e4hdet<\/strong><\/p>\n<p>*** \u00a0\u00a0\u00a0\u00a0\u00a0\u00a0 Catharina Silfvast, Dicken<\/p>\n<p>**\u00a0\u00a0\u00a0\u00a0\u00a0\u00a0\u00a0\u00a0 Carolina B\u00f6ckelman, Dicken<\/p>\n<p>*\u00a0\u00a0\u00a0\u00a0\u00a0\u00a0\u00a0\u00a0\u00a0\u00a0 Anna Lindahl, Dicken<\/p>\n","protected":false},"excerpt":{"rendered":"<p>\u00c5IFK kaatui Pirkkolassa maalein 29-16 (14-8). K\u00e4yt\u00e4nn\u00f6ss\u00e4 Dicken voi jo keskitty\u00e4 puoliv\u00e4lieriin paikallisvastustaja Spartaa vastaan.<\/p>\n","protected":false},"author":13,"featured_media":86,"comment_status":"closed","ping_status":"closed","sticky":false,"template":"","format":"standard","meta":{"_acf_changed":false,"jetpack_post_was_ever_published":false,"_jetpack_newsletter_access":"","_jetpack_dont_email_post_to_subs":false,"_jetpack_newsletter_tier_id":0,"_jetpack_memberships_contains_paywalled_content":false,"_jetpack_memberships_contains_paid_content":false,"footnotes":""},"categories":[17],"tags":[51,45],"class_list":["post-3322","post","type-post","status-publish","format-standard","has-post-thumbnail","hentry","category-ottelut-2012-2013","tag-dicken","tag-aifk"],"acf":[],"yoast_head":"<!-- This site is optimized with the Yoast SEO plugin v27.5 - https:\/\/yoast.com\/product\/yoast-seo-wordpress\/ -->\n<title>Dicken sementoi paikkansa nelj\u00e4nten\u00e4 | K\u00e4sipallon naisten Aktialiiga<\/title>\n<meta name=\"robots\" content=\"index, follow, max-snippet:-1, max-image-preview:large, max-video-preview:-1\" \/>\n<link rel=\"canonical\" href=\"https:\/\/aktialiiga.fi\/naiset\/2012-2013\/ottelut-2012-2013\/dicken-sementoi-paikkansa-neljantena\/\" \/>\n<meta property=\"og:locale\" content=\"fi_FI\" \/>\n<meta property=\"og:type\" content=\"article\" \/>\n<meta property=\"og:title\" content=\"Dicken sementoi paikkansa nelj\u00e4nten\u00e4 | K\u00e4sipallon naisten Aktialiiga\" \/>\n<meta property=\"og:description\" content=\"\u00c5IFK kaatui Pirkkolassa maalein 29-16 (14-8). K\u00e4yt\u00e4nn\u00f6ss\u00e4 Dicken voi jo keskitty\u00e4 puoliv\u00e4lieriin paikallisvastustaja Spartaa vastaan.\" \/>\n<meta property=\"og:url\" content=\"https:\/\/aktialiiga.fi\/naiset\/2012-2013\/ottelut-2012-2013\/dicken-sementoi-paikkansa-neljantena\/\" \/>\n<meta property=\"og:site_name\" content=\"K\u00e4sipallon naisten Aktialiiga\" \/>\n<meta property=\"article:publisher\" content=\"https:\/\/www.facebook.com\/finnhandball\" \/>\n<meta property=\"article:published_time\" content=\"2013-02-09T21:28:58+00:00\" \/>\n<meta property=\"article:modified_time\" content=\"2024-08-28T15:31:20+00:00\" \/>\n<meta property=\"og:image\" content=\"https:\/\/aktialiiga.fi\/naiset\/wp-content\/uploads\/sites\/6\/2011\/08\/logo-dicken.gif\" \/>\n\t<meta property=\"og:image:width\" content=\"82\" \/>\n\t<meta property=\"og:image:height\" content=\"115\" \/>\n\t<meta property=\"og:image:type\" content=\"image\/gif\" \/>\n<meta name=\"author\" content=\"tbrmedia\" \/>\n<meta name=\"twitter:card\" content=\"summary_large_image\" \/>\n<meta name=\"twitter:creator\" content=\"@finnhandball\" \/>\n<meta name=\"twitter:site\" content=\"@finnhandball\" \/>\n<script type=\"application\/ld+json\" class=\"yoast-schema-graph\">{\"@context\":\"https:\\\/\\\/schema.org\",\"@graph\":[{\"@type\":\"Article\",\"@id\":\"https:\\\/\\\/aktialiiga.fi\\\/naiset\\\/2012-2013\\\/ottelut-2012-2013\\\/dicken-sementoi-paikkansa-neljantena\\\/#article\",\"isPartOf\":{\"@id\":\"https:\\\/\\\/aktialiiga.fi\\\/naiset\\\/2012-2013\\\/ottelut-2012-2013\\\/dicken-sementoi-paikkansa-neljantena\\\/\"},\"author\":{\"name\":\"tbrmedia\",\"@id\":\"https:\\\/\\\/aktialiiga.fi\\\/naiset\\\/#\\\/schema\\\/person\\\/c14bf42f47041db74603c45afcb18d87\"},\"headline\":\"Dicken sementoi paikkansa nelj\u00e4nten\u00e4\",\"datePublished\":\"2013-02-09T21:28:58+00:00\",\"dateModified\":\"2024-08-28T15:31:20+00:00\",\"mainEntityOfPage\":{\"@id\":\"https:\\\/\\\/aktialiiga.fi\\\/naiset\\\/2012-2013\\\/ottelut-2012-2013\\\/dicken-sementoi-paikkansa-neljantena\\\/\"},\"wordCount\":198,\"publisher\":{\"@id\":\"https:\\\/\\\/aktialiiga.fi\\\/naiset\\\/#organization\"},\"image\":{\"@id\":\"https:\\\/\\\/aktialiiga.fi\\\/naiset\\\/2012-2013\\\/ottelut-2012-2013\\\/dicken-sementoi-paikkansa-neljantena\\\/#primaryimage\"},\"thumbnailUrl\":\"https:\\\/\\\/aktialiiga.fi\\\/naiset\\\/wp-content\\\/uploads\\\/sites\\\/6\\\/2011\\\/08\\\/logo-dicken.gif\",\"keywords\":[\"Dicken\",\"\u00c5IFK\"],\"articleSection\":[\"Ottelut\"],\"inLanguage\":\"fi\"},{\"@type\":\"WebPage\",\"@id\":\"https:\\\/\\\/aktialiiga.fi\\\/naiset\\\/2012-2013\\\/ottelut-2012-2013\\\/dicken-sementoi-paikkansa-neljantena\\\/\",\"url\":\"https:\\\/\\\/aktialiiga.fi\\\/naiset\\\/2012-2013\\\/ottelut-2012-2013\\\/dicken-sementoi-paikkansa-neljantena\\\/\",\"name\":\"Dicken sementoi paikkansa nelj\u00e4nten\u00e4 | K\u00e4sipallon naisten Aktialiiga\",\"isPartOf\":{\"@id\":\"https:\\\/\\\/aktialiiga.fi\\\/naiset\\\/#website\"},\"primaryImageOfPage\":{\"@id\":\"https:\\\/\\\/aktialiiga.fi\\\/naiset\\\/2012-2013\\\/ottelut-2012-2013\\\/dicken-sementoi-paikkansa-neljantena\\\/#primaryimage\"},\"image\":{\"@id\":\"https:\\\/\\\/aktialiiga.fi\\\/naiset\\\/2012-2013\\\/ottelut-2012-2013\\\/dicken-sementoi-paikkansa-neljantena\\\/#primaryimage\"},\"thumbnailUrl\":\"https:\\\/\\\/aktialiiga.fi\\\/naiset\\\/wp-content\\\/uploads\\\/sites\\\/6\\\/2011\\\/08\\\/logo-dicken.gif\",\"datePublished\":\"2013-02-09T21:28:58+00:00\",\"dateModified\":\"2024-08-28T15:31:20+00:00\",\"breadcrumb\":{\"@id\":\"https:\\\/\\\/aktialiiga.fi\\\/naiset\\\/2012-2013\\\/ottelut-2012-2013\\\/dicken-sementoi-paikkansa-neljantena\\\/#breadcrumb\"},\"inLanguage\":\"fi\",\"potentialAction\":[{\"@type\":\"ReadAction\",\"target\":[\"https:\\\/\\\/aktialiiga.fi\\\/naiset\\\/2012-2013\\\/ottelut-2012-2013\\\/dicken-sementoi-paikkansa-neljantena\\\/\"]}]},{\"@type\":\"ImageObject\",\"inLanguage\":\"fi\",\"@id\":\"https:\\\/\\\/aktialiiga.fi\\\/naiset\\\/2012-2013\\\/ottelut-2012-2013\\\/dicken-sementoi-paikkansa-neljantena\\\/#primaryimage\",\"url\":\"https:\\\/\\\/aktialiiga.fi\\\/naiset\\\/wp-content\\\/uploads\\\/sites\\\/6\\\/2011\\\/08\\\/logo-dicken.gif\",\"contentUrl\":\"https:\\\/\\\/aktialiiga.fi\\\/naiset\\\/wp-content\\\/uploads\\\/sites\\\/6\\\/2011\\\/08\\\/logo-dicken.gif\",\"width\":82,\"height\":115,\"caption\":\"Dicken, Helsinki\"},{\"@type\":\"BreadcrumbList\",\"@id\":\"https:\\\/\\\/aktialiiga.fi\\\/naiset\\\/2012-2013\\\/ottelut-2012-2013\\\/dicken-sementoi-paikkansa-neljantena\\\/#breadcrumb\",\"itemListElement\":[{\"@type\":\"ListItem\",\"position\":1,\"name\":\"Etusivu\",\"item\":\"https:\\\/\\\/aktialiiga.fi\\\/naiset\\\/\"},{\"@type\":\"ListItem\",\"position\":2,\"name\":\"Dicken sementoi paikkansa nelj\u00e4nten\u00e4\"}]},{\"@type\":\"WebSite\",\"@id\":\"https:\\\/\\\/aktialiiga.fi\\\/naiset\\\/#website\",\"url\":\"https:\\\/\\\/aktialiiga.fi\\\/naiset\\\/\",\"name\":\"K\u00e4sipallon naisten Aktialiiga\",\"description\":\"Valtakunnan vauhdikkainta palloilua!\",\"publisher\":{\"@id\":\"https:\\\/\\\/aktialiiga.fi\\\/naiset\\\/#organization\"},\"potentialAction\":[{\"@type\":\"SearchAction\",\"target\":{\"@type\":\"EntryPoint\",\"urlTemplate\":\"https:\\\/\\\/aktialiiga.fi\\\/naiset\\\/?s={search_term_string}\"},\"query-input\":{\"@type\":\"PropertyValueSpecification\",\"valueRequired\":true,\"valueName\":\"search_term_string\"}}],\"inLanguage\":\"fi\"},{\"@type\":\"Organization\",\"@id\":\"https:\\\/\\\/aktialiiga.fi\\\/naiset\\\/#organization\",\"name\":\"K\u00e4sipallon naisten Aktialiiga\",\"url\":\"https:\\\/\\\/aktialiiga.fi\\\/naiset\\\/\",\"logo\":{\"@type\":\"ImageObject\",\"inLanguage\":\"fi\",\"@id\":\"https:\\\/\\\/aktialiiga.fi\\\/naiset\\\/#\\\/schema\\\/logo\\\/image\\\/\",\"url\":\"https:\\\/\\\/aktialiiga.fi\\\/naiset\\\/wp-content\\\/uploads\\\/sites\\\/6\\\/2024\\\/09\\\/Aktialiiga-Yoast-512.png\",\"contentUrl\":\"https:\\\/\\\/aktialiiga.fi\\\/naiset\\\/wp-content\\\/uploads\\\/sites\\\/6\\\/2024\\\/09\\\/Aktialiiga-Yoast-512.png\",\"width\":512,\"height\":512,\"caption\":\"K\u00e4sipallon naisten Aktialiiga\"},\"image\":{\"@id\":\"https:\\\/\\\/aktialiiga.fi\\\/naiset\\\/#\\\/schema\\\/logo\\\/image\\\/\"},\"sameAs\":[\"https:\\\/\\\/www.facebook.com\\\/finnhandball\",\"https:\\\/\\\/x.com\\\/finnhandball\",\"https:\\\/\\\/www.instagram.com\\\/handballfinland\\\/\"]},{\"@type\":\"Person\",\"@id\":\"https:\\\/\\\/aktialiiga.fi\\\/naiset\\\/#\\\/schema\\\/person\\\/c14bf42f47041db74603c45afcb18d87\",\"name\":\"tbrmedia\",\"image\":{\"@type\":\"ImageObject\",\"inLanguage\":\"fi\",\"@id\":\"https:\\\/\\\/secure.gravatar.com\\\/avatar\\\/ee975fa091fe581d12b60debb3439022686618368a7c142044c56724d4666b16?s=96&d=mm&r=g\",\"url\":\"https:\\\/\\\/secure.gravatar.com\\\/avatar\\\/ee975fa091fe581d12b60debb3439022686618368a7c142044c56724d4666b16?s=96&d=mm&r=g\",\"contentUrl\":\"https:\\\/\\\/secure.gravatar.com\\\/avatar\\\/ee975fa091fe581d12b60debb3439022686618368a7c142044c56724d4666b16?s=96&d=mm&r=g\",\"caption\":\"tbrmedia\"}}]}<\/script>\n<!-- \/ Yoast SEO plugin. -->","yoast_head_json":{"title":"Dicken sementoi paikkansa nelj\u00e4nten\u00e4 | K\u00e4sipallon naisten Aktialiiga","robots":{"index":"index","follow":"follow","max-snippet":"max-snippet:-1","max-image-preview":"max-image-preview:large","max-video-preview":"max-video-preview:-1"},"canonical":"https:\/\/aktialiiga.fi\/naiset\/2012-2013\/ottelut-2012-2013\/dicken-sementoi-paikkansa-neljantena\/","og_locale":"fi_FI","og_type":"article","og_title":"Dicken sementoi paikkansa nelj\u00e4nten\u00e4 | K\u00e4sipallon naisten Aktialiiga","og_description":"\u00c5IFK kaatui Pirkkolassa maalein 29-16 (14-8). K\u00e4yt\u00e4nn\u00f6ss\u00e4 Dicken voi jo keskitty\u00e4 puoliv\u00e4lieriin paikallisvastustaja Spartaa vastaan.","og_url":"https:\/\/aktialiiga.fi\/naiset\/2012-2013\/ottelut-2012-2013\/dicken-sementoi-paikkansa-neljantena\/","og_site_name":"K\u00e4sipallon naisten Aktialiiga","article_publisher":"https:\/\/www.facebook.com\/finnhandball","article_published_time":"2013-02-09T21:28:58+00:00","article_modified_time":"2024-08-28T15:31:20+00:00","og_image":[{"width":82,"height":115,"url":"https:\/\/aktialiiga.fi\/naiset\/wp-content\/uploads\/sites\/6\/2011\/08\/logo-dicken.gif","type":"image\/gif"}],"author":"tbrmedia","twitter_card":"summary_large_image","twitter_creator":"@finnhandball","twitter_site":"@finnhandball","schema":{"@context":"https:\/\/schema.org","@graph":[{"@type":"Article","@id":"https:\/\/aktialiiga.fi\/naiset\/2012-2013\/ottelut-2012-2013\/dicken-sementoi-paikkansa-neljantena\/#article","isPartOf":{"@id":"https:\/\/aktialiiga.fi\/naiset\/2012-2013\/ottelut-2012-2013\/dicken-sementoi-paikkansa-neljantena\/"},"author":{"name":"tbrmedia","@id":"https:\/\/aktialiiga.fi\/naiset\/#\/schema\/person\/c14bf42f47041db74603c45afcb18d87"},"headline":"Dicken sementoi paikkansa nelj\u00e4nten\u00e4","datePublished":"2013-02-09T21:28:58+00:00","dateModified":"2024-08-28T15:31:20+00:00","mainEntityOfPage":{"@id":"https:\/\/aktialiiga.fi\/naiset\/2012-2013\/ottelut-2012-2013\/dicken-sementoi-paikkansa-neljantena\/"},"wordCount":198,"publisher":{"@id":"https:\/\/aktialiiga.fi\/naiset\/#organization"},"image":{"@id":"https:\/\/aktialiiga.fi\/naiset\/2012-2013\/ottelut-2012-2013\/dicken-sementoi-paikkansa-neljantena\/#primaryimage"},"thumbnailUrl":"https:\/\/aktialiiga.fi\/naiset\/wp-content\/uploads\/sites\/6\/2011\/08\/logo-dicken.gif","keywords":["Dicken","\u00c5IFK"],"articleSection":["Ottelut"],"inLanguage":"fi"},{"@type":"WebPage","@id":"https:\/\/aktialiiga.fi\/naiset\/2012-2013\/ottelut-2012-2013\/dicken-sementoi-paikkansa-neljantena\/","url":"https:\/\/aktialiiga.fi\/naiset\/2012-2013\/ottelut-2012-2013\/dicken-sementoi-paikkansa-neljantena\/","name":"Dicken sementoi paikkansa nelj\u00e4nten\u00e4 | K\u00e4sipallon naisten Aktialiiga","isPartOf":{"@id":"https:\/\/aktialiiga.fi\/naiset\/#website"},"primaryImageOfPage":{"@id":"https:\/\/aktialiiga.fi\/naiset\/2012-2013\/ottelut-2012-2013\/dicken-sementoi-paikkansa-neljantena\/#primaryimage"},"image":{"@id":"https:\/\/aktialiiga.fi\/naiset\/2012-2013\/ottelut-2012-2013\/dicken-sementoi-paikkansa-neljantena\/#primaryimage"},"thumbnailUrl":"https:\/\/aktialiiga.fi\/naiset\/wp-content\/uploads\/sites\/6\/2011\/08\/logo-dicken.gif","datePublished":"2013-02-09T21:28:58+00:00","dateModified":"2024-08-28T15:31:20+00:00","breadcrumb":{"@id":"https:\/\/aktialiiga.fi\/naiset\/2012-2013\/ottelut-2012-2013\/dicken-sementoi-paikkansa-neljantena\/#breadcrumb"},"inLanguage":"fi","potentialAction":[{"@type":"ReadAction","target":["https:\/\/aktialiiga.fi\/naiset\/2012-2013\/ottelut-2012-2013\/dicken-sementoi-paikkansa-neljantena\/"]}]},{"@type":"ImageObject","inLanguage":"fi","@id":"https:\/\/aktialiiga.fi\/naiset\/2012-2013\/ottelut-2012-2013\/dicken-sementoi-paikkansa-neljantena\/#primaryimage","url":"https:\/\/aktialiiga.fi\/naiset\/wp-content\/uploads\/sites\/6\/2011\/08\/logo-dicken.gif","contentUrl":"https:\/\/aktialiiga.fi\/naiset\/wp-content\/uploads\/sites\/6\/2011\/08\/logo-dicken.gif","width":82,"height":115,"caption":"Dicken, Helsinki"},{"@type":"BreadcrumbList","@id":"https:\/\/aktialiiga.fi\/naiset\/2012-2013\/ottelut-2012-2013\/dicken-sementoi-paikkansa-neljantena\/#breadcrumb","itemListElement":[{"@type":"ListItem","position":1,"name":"Etusivu","item":"https:\/\/aktialiiga.fi\/naiset\/"},{"@type":"ListItem","position":2,"name":"Dicken sementoi paikkansa nelj\u00e4nten\u00e4"}]},{"@type":"WebSite","@id":"https:\/\/aktialiiga.fi\/naiset\/#website","url":"https:\/\/aktialiiga.fi\/naiset\/","name":"K\u00e4sipallon naisten Aktialiiga","description":"Valtakunnan vauhdikkainta palloilua!","publisher":{"@id":"https:\/\/aktialiiga.fi\/naiset\/#organization"},"potentialAction":[{"@type":"SearchAction","target":{"@type":"EntryPoint","urlTemplate":"https:\/\/aktialiiga.fi\/naiset\/?s={search_term_string}"},"query-input":{"@type":"PropertyValueSpecification","valueRequired":true,"valueName":"search_term_string"}}],"inLanguage":"fi"},{"@type":"Organization","@id":"https:\/\/aktialiiga.fi\/naiset\/#organization","name":"K\u00e4sipallon naisten Aktialiiga","url":"https:\/\/aktialiiga.fi\/naiset\/","logo":{"@type":"ImageObject","inLanguage":"fi","@id":"https:\/\/aktialiiga.fi\/naiset\/#\/schema\/logo\/image\/","url":"https:\/\/aktialiiga.fi\/naiset\/wp-content\/uploads\/sites\/6\/2024\/09\/Aktialiiga-Yoast-512.png","contentUrl":"https:\/\/aktialiiga.fi\/naiset\/wp-content\/uploads\/sites\/6\/2024\/09\/Aktialiiga-Yoast-512.png","width":512,"height":512,"caption":"K\u00e4sipallon naisten Aktialiiga"},"image":{"@id":"https:\/\/aktialiiga.fi\/naiset\/#\/schema\/logo\/image\/"},"sameAs":["https:\/\/www.facebook.com\/finnhandball","https:\/\/x.com\/finnhandball","https:\/\/www.instagram.com\/handballfinland\/"]},{"@type":"Person","@id":"https:\/\/aktialiiga.fi\/naiset\/#\/schema\/person\/c14bf42f47041db74603c45afcb18d87","name":"tbrmedia","image":{"@type":"ImageObject","inLanguage":"fi","@id":"https:\/\/secure.gravatar.com\/avatar\/ee975fa091fe581d12b60debb3439022686618368a7c142044c56724d4666b16?s=96&d=mm&r=g","url":"https:\/\/secure.gravatar.com\/avatar\/ee975fa091fe581d12b60debb3439022686618368a7c142044c56724d4666b16?s=96&d=mm&r=g","contentUrl":"https:\/\/secure.gravatar.com\/avatar\/ee975fa091fe581d12b60debb3439022686618368a7c142044c56724d4666b16?s=96&d=mm&r=g","caption":"tbrmedia"}}]}},"jetpack_featured_media_url":"https:\/\/aktialiiga.fi\/naiset\/wp-content\/uploads\/sites\/6\/2011\/08\/logo-dicken.gif","jetpack_sharing_enabled":true,"jetpack_shortlink":"https:\/\/wp.me\/pfYhm6-RA","_links":{"self":[{"href":"https:\/\/aktialiiga.fi\/naiset\/wp-json\/wp\/v2\/posts\/3322","targetHints":{"allow":["GET"]}}],"collection":[{"href":"https:\/\/aktialiiga.fi\/naiset\/wp-json\/wp\/v2\/posts"}],"about":[{"href":"https:\/\/aktialiiga.fi\/naiset\/wp-json\/wp\/v2\/types\/post"}],"author":[{"embeddable":true,"href":"https:\/\/aktialiiga.fi\/naiset\/wp-json\/wp\/v2\/users\/13"}],"replies":[{"embeddable":true,"href":"https:\/\/aktialiiga.fi\/naiset\/wp-json\/wp\/v2\/comments?post=3322"}],"version-history":[{"count":1,"href":"https:\/\/aktialiiga.fi\/naiset\/wp-json\/wp\/v2\/posts\/3322\/revisions"}],"predecessor-version":[{"id":39701,"href":"https:\/\/aktialiiga.fi\/naiset\/wp-json\/wp\/v2\/posts\/3322\/revisions\/39701"}],"wp:featuredmedia":[{"embeddable":true,"href":"https:\/\/aktialiiga.fi\/naiset\/wp-json\/wp\/v2\/media\/86"}],"wp:attachment":[{"href":"https:\/\/aktialiiga.fi\/naiset\/wp-json\/wp\/v2\/media?parent=3322"}],"wp:term":[{"taxonomy":"category","embeddable":true,"href":"https:\/\/aktialiiga.fi\/naiset\/wp-json\/wp\/v2\/categories?post=3322"},{"taxonomy":"post_tag","embeddable":true,"href":"https:\/\/aktialiiga.fi\/naiset\/wp-json\/wp\/v2\/tags?post=3322"}],"curies":[{"name":"wp","href":"https:\/\/api.w.org\/{rel}","templated":true}]}}