{"id":3451,"date":"2013-03-06T20:54:27","date_gmt":"2013-03-06T18:54:27","guid":{"rendered":"https:\/\/www.finnhandball.net\/nsm\/?p=3451"},"modified":"2024-08-28T18:31:19","modified_gmt":"2024-08-28T15:31:19","slug":"bk-46-otti-ensimmaisen-kiinnityksen-valierapaikkaan","status":"publish","type":"post","link":"https:\/\/aktialiiga.fi\/naiset\/2012-2013\/ottelut-2012-2013\/bk-46-otti-ensimmaisen-kiinnityksen-valierapaikkaan\/","title":{"rendered":"BK-46 otti ensimm\u00e4isen kiinnityksen v\u00e4lier\u00e4paikkaan"},"content":{"rendered":"<p><strong>BK-46 s\u00e4ilytti kotiedun ensimm\u00e4isess\u00e4 ottelussa \u00c5IFK:ta vastaan vaivattomasti. Ottelu SISU Areenalla p\u00e4\u00e4ttyi 29-18 (15-6).<\/strong><!--more--><\/p>\n<p>Akilleen kantap\u00e4\u00e4n\u00e4 ollut puolustuspelaaminen\u00a0oli kuosissa ja ottelu ratkesi\u00a0kotijoukkueen hyv\u00e4ksi varhaisessa vaiheessa. Ensimm\u00e4isen puolituntisen aikana \u00c5IFK onnistui maalinteossa\u00a0ainoastaan kuusi kertaa.<\/p>\n<p>&#8211; 60 minuuttia hyv\u00e4\u00e4 puolustuspeli\u00e4. Mustan helmikuun j\u00e4lkeen on nyt aika parantaa otteita. Joukkueen tavoite on voittaa suoraan kolmessa ottelussa. Mutta pit\u00e4\u00e4 muistaa ett\u00e4 seuraavakin ottelu alkaa tilanteesta 0-0, Peter Kihlstedt sanoi.<\/p>\n<p>Niin kuin usein k\u00e4y, kun ottelu ratkeaa aikaisin, oli toinen jakso keskiviikkona todella tasainen. Perjantaina tarina voi mahdollisesti saada uuden k\u00e4\u00e4nteen, jos raitapaidoilla hiipii hyv\u00e4nolontunne puseroon edes hieman. Runkosarjassa marginaali Samppalinnassa oli vaivaisen maalin verran karjaalaisten hyv\u00e4ksi.<\/p>\n<p>&#8211; P\u00e4\u00e4 pystyyn vaan ja seuraavaan peliin. Yksinkertaisesti oltiin t\u00e4n\u00e4\u00e4n huonompi joukkue. Kotikentt\u00e4 voi auttaa, \u00c5IFK:n p\u00e4\u00e4valmentaja Viljami Saastamoinen mietti.<\/p>\n<p>Yvonne Westerholm paukutti seitsem\u00e4n osumaa ja valittiin kent\u00e4n parhaaksi.<\/p>\n<p>&#8211; Mahdottoman hieno joukkuefiilis nyt kun tosipelit alkavat. Meill\u00e4 on nyt ollut monta hyv\u00e4\u00e4 treeniviikkoa takana ja koko joukkue uskoo tekemiseens\u00e4.<\/p>\n<p><strong>Maalintekij\u00e4t<\/strong><\/p>\n<p>BK-46:\u00a0Pamela Degerman 8, Yvonne Westerholm 7,\u00a0Jenny L\u00f6f 4, Madeleine Lindholm 4,\u00a0Malin Holmqvist 3,\u00a0Linda Sj\u00f6blom 1, Sofia Silen 1, Heidi Sj\u00f6berg 1.<\/p>\n<p>\u00c5IFK:\u00a0Anna Harri 5,\u00a0Carolina Pettersson 3, Elin Sundell 3,\u00a0Malin Gullqvist 2. Emma Saarela 2, Johanna Kajander 2,\u00a0Maja Enholm 1.<\/p>\n<p><strong>L\u00e4hiTapiola T\u00e4hdet<br \/>\n<\/strong><\/p>\n<p>*** Yvonne Westerholm, BK-46<\/p>\n<p>**\u00a0Pamela Degerman, BK-46<\/p>\n<p>*\u00a0Matilda Bj\u00f6rkqvist, BK-46<\/p>\n","protected":false},"excerpt":{"rendered":"<p>BK-46 s\u00e4ilytti kotiedun ensimm\u00e4isess\u00e4 ottelussa \u00c5IFK:ta vastaan vaivattomasti. Ottelu SISU Areenalla p\u00e4\u00e4ttyi 29-18 (15-6).<\/p>\n","protected":false},"author":13,"featured_media":59,"comment_status":"closed","ping_status":"closed","sticky":false,"template":"","format":"standard","meta":{"_acf_changed":false,"jetpack_post_was_ever_published":false,"_jetpack_newsletter_access":"","_jetpack_dont_email_post_to_subs":false,"_jetpack_newsletter_tier_id":0,"_jetpack_memberships_contains_paywalled_content":false,"_jetpack_memberships_contains_paid_content":false,"footnotes":""},"categories":[17],"tags":[49,45],"class_list":["post-3451","post","type-post","status-publish","format-standard","has-post-thumbnail","hentry","category-ottelut-2012-2013","tag-bk-46","tag-aifk"],"acf":[],"yoast_head":"<!-- This site is optimized with the Yoast SEO plugin v27.5 - https:\/\/yoast.com\/product\/yoast-seo-wordpress\/ -->\n<title>BK-46 otti ensimm\u00e4isen kiinnityksen v\u00e4lier\u00e4paikkaan | K\u00e4sipallon naisten Aktialiiga<\/title>\n<meta name=\"robots\" content=\"index, follow, max-snippet:-1, max-image-preview:large, max-video-preview:-1\" \/>\n<link rel=\"canonical\" href=\"https:\/\/aktialiiga.fi\/naiset\/2012-2013\/ottelut-2012-2013\/bk-46-otti-ensimmaisen-kiinnityksen-valierapaikkaan\/\" \/>\n<meta property=\"og:locale\" content=\"fi_FI\" \/>\n<meta property=\"og:type\" content=\"article\" \/>\n<meta property=\"og:title\" content=\"BK-46 otti ensimm\u00e4isen kiinnityksen v\u00e4lier\u00e4paikkaan | K\u00e4sipallon naisten Aktialiiga\" \/>\n<meta property=\"og:description\" content=\"BK-46 s\u00e4ilytti kotiedun ensimm\u00e4isess\u00e4 ottelussa \u00c5IFK:ta vastaan vaivattomasti. Ottelu SISU Areenalla p\u00e4\u00e4ttyi 29-18 (15-6).\" \/>\n<meta property=\"og:url\" content=\"https:\/\/aktialiiga.fi\/naiset\/2012-2013\/ottelut-2012-2013\/bk-46-otti-ensimmaisen-kiinnityksen-valierapaikkaan\/\" \/>\n<meta property=\"og:site_name\" content=\"K\u00e4sipallon naisten Aktialiiga\" \/>\n<meta property=\"article:publisher\" content=\"https:\/\/www.facebook.com\/finnhandball\" \/>\n<meta property=\"article:published_time\" content=\"2013-03-06T18:54:27+00:00\" \/>\n<meta property=\"article:modified_time\" content=\"2024-08-28T15:31:19+00:00\" \/>\n<meta property=\"og:image\" content=\"https:\/\/aktialiiga.fi\/naiset\/wp-content\/uploads\/sites\/6\/2011\/08\/logo-bk-46.gif\" \/>\n\t<meta property=\"og:image:width\" content=\"92\" \/>\n\t<meta property=\"og:image:height\" content=\"110\" \/>\n\t<meta property=\"og:image:type\" content=\"image\/gif\" \/>\n<meta name=\"author\" content=\"tbrmedia\" \/>\n<meta name=\"twitter:card\" content=\"summary_large_image\" \/>\n<meta name=\"twitter:creator\" content=\"@finnhandball\" \/>\n<meta name=\"twitter:site\" content=\"@finnhandball\" \/>\n<script type=\"application\/ld+json\" class=\"yoast-schema-graph\">{\"@context\":\"https:\\\/\\\/schema.org\",\"@graph\":[{\"@type\":\"Article\",\"@id\":\"https:\\\/\\\/aktialiiga.fi\\\/naiset\\\/2012-2013\\\/ottelut-2012-2013\\\/bk-46-otti-ensimmaisen-kiinnityksen-valierapaikkaan\\\/#article\",\"isPartOf\":{\"@id\":\"https:\\\/\\\/aktialiiga.fi\\\/naiset\\\/2012-2013\\\/ottelut-2012-2013\\\/bk-46-otti-ensimmaisen-kiinnityksen-valierapaikkaan\\\/\"},\"author\":{\"name\":\"tbrmedia\",\"@id\":\"https:\\\/\\\/aktialiiga.fi\\\/naiset\\\/#\\\/schema\\\/person\\\/c14bf42f47041db74603c45afcb18d87\"},\"headline\":\"BK-46 otti ensimm\u00e4isen kiinnityksen v\u00e4lier\u00e4paikkaan\",\"datePublished\":\"2013-03-06T18:54:27+00:00\",\"dateModified\":\"2024-08-28T15:31:19+00:00\",\"mainEntityOfPage\":{\"@id\":\"https:\\\/\\\/aktialiiga.fi\\\/naiset\\\/2012-2013\\\/ottelut-2012-2013\\\/bk-46-otti-ensimmaisen-kiinnityksen-valierapaikkaan\\\/\"},\"wordCount\":231,\"publisher\":{\"@id\":\"https:\\\/\\\/aktialiiga.fi\\\/naiset\\\/#organization\"},\"image\":{\"@id\":\"https:\\\/\\\/aktialiiga.fi\\\/naiset\\\/2012-2013\\\/ottelut-2012-2013\\\/bk-46-otti-ensimmaisen-kiinnityksen-valierapaikkaan\\\/#primaryimage\"},\"thumbnailUrl\":\"https:\\\/\\\/aktialiiga.fi\\\/naiset\\\/wp-content\\\/uploads\\\/sites\\\/6\\\/2011\\\/08\\\/logo-bk-46.gif\",\"keywords\":[\"BK-46\",\"\u00c5IFK\"],\"articleSection\":[\"Ottelut\"],\"inLanguage\":\"fi\"},{\"@type\":\"WebPage\",\"@id\":\"https:\\\/\\\/aktialiiga.fi\\\/naiset\\\/2012-2013\\\/ottelut-2012-2013\\\/bk-46-otti-ensimmaisen-kiinnityksen-valierapaikkaan\\\/\",\"url\":\"https:\\\/\\\/aktialiiga.fi\\\/naiset\\\/2012-2013\\\/ottelut-2012-2013\\\/bk-46-otti-ensimmaisen-kiinnityksen-valierapaikkaan\\\/\",\"name\":\"BK-46 otti ensimm\u00e4isen kiinnityksen v\u00e4lier\u00e4paikkaan | K\u00e4sipallon naisten Aktialiiga\",\"isPartOf\":{\"@id\":\"https:\\\/\\\/aktialiiga.fi\\\/naiset\\\/#website\"},\"primaryImageOfPage\":{\"@id\":\"https:\\\/\\\/aktialiiga.fi\\\/naiset\\\/2012-2013\\\/ottelut-2012-2013\\\/bk-46-otti-ensimmaisen-kiinnityksen-valierapaikkaan\\\/#primaryimage\"},\"image\":{\"@id\":\"https:\\\/\\\/aktialiiga.fi\\\/naiset\\\/2012-2013\\\/ottelut-2012-2013\\\/bk-46-otti-ensimmaisen-kiinnityksen-valierapaikkaan\\\/#primaryimage\"},\"thumbnailUrl\":\"https:\\\/\\\/aktialiiga.fi\\\/naiset\\\/wp-content\\\/uploads\\\/sites\\\/6\\\/2011\\\/08\\\/logo-bk-46.gif\",\"datePublished\":\"2013-03-06T18:54:27+00:00\",\"dateModified\":\"2024-08-28T15:31:19+00:00\",\"breadcrumb\":{\"@id\":\"https:\\\/\\\/aktialiiga.fi\\\/naiset\\\/2012-2013\\\/ottelut-2012-2013\\\/bk-46-otti-ensimmaisen-kiinnityksen-valierapaikkaan\\\/#breadcrumb\"},\"inLanguage\":\"fi\",\"potentialAction\":[{\"@type\":\"ReadAction\",\"target\":[\"https:\\\/\\\/aktialiiga.fi\\\/naiset\\\/2012-2013\\\/ottelut-2012-2013\\\/bk-46-otti-ensimmaisen-kiinnityksen-valierapaikkaan\\\/\"]}]},{\"@type\":\"ImageObject\",\"inLanguage\":\"fi\",\"@id\":\"https:\\\/\\\/aktialiiga.fi\\\/naiset\\\/2012-2013\\\/ottelut-2012-2013\\\/bk-46-otti-ensimmaisen-kiinnityksen-valierapaikkaan\\\/#primaryimage\",\"url\":\"https:\\\/\\\/aktialiiga.fi\\\/naiset\\\/wp-content\\\/uploads\\\/sites\\\/6\\\/2011\\\/08\\\/logo-bk-46.gif\",\"contentUrl\":\"https:\\\/\\\/aktialiiga.fi\\\/naiset\\\/wp-content\\\/uploads\\\/sites\\\/6\\\/2011\\\/08\\\/logo-bk-46.gif\",\"width\":92,\"height\":110,\"caption\":\"BK-46, Karjaa\"},{\"@type\":\"BreadcrumbList\",\"@id\":\"https:\\\/\\\/aktialiiga.fi\\\/naiset\\\/2012-2013\\\/ottelut-2012-2013\\\/bk-46-otti-ensimmaisen-kiinnityksen-valierapaikkaan\\\/#breadcrumb\",\"itemListElement\":[{\"@type\":\"ListItem\",\"position\":1,\"name\":\"Etusivu\",\"item\":\"https:\\\/\\\/aktialiiga.fi\\\/naiset\\\/\"},{\"@type\":\"ListItem\",\"position\":2,\"name\":\"BK-46 otti ensimm\u00e4isen kiinnityksen v\u00e4lier\u00e4paikkaan\"}]},{\"@type\":\"WebSite\",\"@id\":\"https:\\\/\\\/aktialiiga.fi\\\/naiset\\\/#website\",\"url\":\"https:\\\/\\\/aktialiiga.fi\\\/naiset\\\/\",\"name\":\"K\u00e4sipallon naisten Aktialiiga\",\"description\":\"Valtakunnan vauhdikkainta palloilua!\",\"publisher\":{\"@id\":\"https:\\\/\\\/aktialiiga.fi\\\/naiset\\\/#organization\"},\"potentialAction\":[{\"@type\":\"SearchAction\",\"target\":{\"@type\":\"EntryPoint\",\"urlTemplate\":\"https:\\\/\\\/aktialiiga.fi\\\/naiset\\\/?s={search_term_string}\"},\"query-input\":{\"@type\":\"PropertyValueSpecification\",\"valueRequired\":true,\"valueName\":\"search_term_string\"}}],\"inLanguage\":\"fi\"},{\"@type\":\"Organization\",\"@id\":\"https:\\\/\\\/aktialiiga.fi\\\/naiset\\\/#organization\",\"name\":\"K\u00e4sipallon naisten Aktialiiga\",\"url\":\"https:\\\/\\\/aktialiiga.fi\\\/naiset\\\/\",\"logo\":{\"@type\":\"ImageObject\",\"inLanguage\":\"fi\",\"@id\":\"https:\\\/\\\/aktialiiga.fi\\\/naiset\\\/#\\\/schema\\\/logo\\\/image\\\/\",\"url\":\"https:\\\/\\\/aktialiiga.fi\\\/naiset\\\/wp-content\\\/uploads\\\/sites\\\/6\\\/2024\\\/09\\\/Aktialiiga-Yoast-512.png\",\"contentUrl\":\"https:\\\/\\\/aktialiiga.fi\\\/naiset\\\/wp-content\\\/uploads\\\/sites\\\/6\\\/2024\\\/09\\\/Aktialiiga-Yoast-512.png\",\"width\":512,\"height\":512,\"caption\":\"K\u00e4sipallon naisten Aktialiiga\"},\"image\":{\"@id\":\"https:\\\/\\\/aktialiiga.fi\\\/naiset\\\/#\\\/schema\\\/logo\\\/image\\\/\"},\"sameAs\":[\"https:\\\/\\\/www.facebook.com\\\/finnhandball\",\"https:\\\/\\\/x.com\\\/finnhandball\",\"https:\\\/\\\/www.instagram.com\\\/handballfinland\\\/\"]},{\"@type\":\"Person\",\"@id\":\"https:\\\/\\\/aktialiiga.fi\\\/naiset\\\/#\\\/schema\\\/person\\\/c14bf42f47041db74603c45afcb18d87\",\"name\":\"tbrmedia\",\"image\":{\"@type\":\"ImageObject\",\"inLanguage\":\"fi\",\"@id\":\"https:\\\/\\\/secure.gravatar.com\\\/avatar\\\/ee975fa091fe581d12b60debb3439022686618368a7c142044c56724d4666b16?s=96&d=mm&r=g\",\"url\":\"https:\\\/\\\/secure.gravatar.com\\\/avatar\\\/ee975fa091fe581d12b60debb3439022686618368a7c142044c56724d4666b16?s=96&d=mm&r=g\",\"contentUrl\":\"https:\\\/\\\/secure.gravatar.com\\\/avatar\\\/ee975fa091fe581d12b60debb3439022686618368a7c142044c56724d4666b16?s=96&d=mm&r=g\",\"caption\":\"tbrmedia\"}}]}<\/script>\n<!-- \/ Yoast SEO plugin. -->","yoast_head_json":{"title":"BK-46 otti ensimm\u00e4isen kiinnityksen v\u00e4lier\u00e4paikkaan | K\u00e4sipallon naisten Aktialiiga","robots":{"index":"index","follow":"follow","max-snippet":"max-snippet:-1","max-image-preview":"max-image-preview:large","max-video-preview":"max-video-preview:-1"},"canonical":"https:\/\/aktialiiga.fi\/naiset\/2012-2013\/ottelut-2012-2013\/bk-46-otti-ensimmaisen-kiinnityksen-valierapaikkaan\/","og_locale":"fi_FI","og_type":"article","og_title":"BK-46 otti ensimm\u00e4isen kiinnityksen v\u00e4lier\u00e4paikkaan | K\u00e4sipallon naisten Aktialiiga","og_description":"BK-46 s\u00e4ilytti kotiedun ensimm\u00e4isess\u00e4 ottelussa \u00c5IFK:ta vastaan vaivattomasti. Ottelu SISU Areenalla p\u00e4\u00e4ttyi 29-18 (15-6).","og_url":"https:\/\/aktialiiga.fi\/naiset\/2012-2013\/ottelut-2012-2013\/bk-46-otti-ensimmaisen-kiinnityksen-valierapaikkaan\/","og_site_name":"K\u00e4sipallon naisten Aktialiiga","article_publisher":"https:\/\/www.facebook.com\/finnhandball","article_published_time":"2013-03-06T18:54:27+00:00","article_modified_time":"2024-08-28T15:31:19+00:00","og_image":[{"width":92,"height":110,"url":"https:\/\/aktialiiga.fi\/naiset\/wp-content\/uploads\/sites\/6\/2011\/08\/logo-bk-46.gif","type":"image\/gif"}],"author":"tbrmedia","twitter_card":"summary_large_image","twitter_creator":"@finnhandball","twitter_site":"@finnhandball","schema":{"@context":"https:\/\/schema.org","@graph":[{"@type":"Article","@id":"https:\/\/aktialiiga.fi\/naiset\/2012-2013\/ottelut-2012-2013\/bk-46-otti-ensimmaisen-kiinnityksen-valierapaikkaan\/#article","isPartOf":{"@id":"https:\/\/aktialiiga.fi\/naiset\/2012-2013\/ottelut-2012-2013\/bk-46-otti-ensimmaisen-kiinnityksen-valierapaikkaan\/"},"author":{"name":"tbrmedia","@id":"https:\/\/aktialiiga.fi\/naiset\/#\/schema\/person\/c14bf42f47041db74603c45afcb18d87"},"headline":"BK-46 otti ensimm\u00e4isen kiinnityksen v\u00e4lier\u00e4paikkaan","datePublished":"2013-03-06T18:54:27+00:00","dateModified":"2024-08-28T15:31:19+00:00","mainEntityOfPage":{"@id":"https:\/\/aktialiiga.fi\/naiset\/2012-2013\/ottelut-2012-2013\/bk-46-otti-ensimmaisen-kiinnityksen-valierapaikkaan\/"},"wordCount":231,"publisher":{"@id":"https:\/\/aktialiiga.fi\/naiset\/#organization"},"image":{"@id":"https:\/\/aktialiiga.fi\/naiset\/2012-2013\/ottelut-2012-2013\/bk-46-otti-ensimmaisen-kiinnityksen-valierapaikkaan\/#primaryimage"},"thumbnailUrl":"https:\/\/aktialiiga.fi\/naiset\/wp-content\/uploads\/sites\/6\/2011\/08\/logo-bk-46.gif","keywords":["BK-46","\u00c5IFK"],"articleSection":["Ottelut"],"inLanguage":"fi"},{"@type":"WebPage","@id":"https:\/\/aktialiiga.fi\/naiset\/2012-2013\/ottelut-2012-2013\/bk-46-otti-ensimmaisen-kiinnityksen-valierapaikkaan\/","url":"https:\/\/aktialiiga.fi\/naiset\/2012-2013\/ottelut-2012-2013\/bk-46-otti-ensimmaisen-kiinnityksen-valierapaikkaan\/","name":"BK-46 otti ensimm\u00e4isen kiinnityksen v\u00e4lier\u00e4paikkaan | K\u00e4sipallon naisten Aktialiiga","isPartOf":{"@id":"https:\/\/aktialiiga.fi\/naiset\/#website"},"primaryImageOfPage":{"@id":"https:\/\/aktialiiga.fi\/naiset\/2012-2013\/ottelut-2012-2013\/bk-46-otti-ensimmaisen-kiinnityksen-valierapaikkaan\/#primaryimage"},"image":{"@id":"https:\/\/aktialiiga.fi\/naiset\/2012-2013\/ottelut-2012-2013\/bk-46-otti-ensimmaisen-kiinnityksen-valierapaikkaan\/#primaryimage"},"thumbnailUrl":"https:\/\/aktialiiga.fi\/naiset\/wp-content\/uploads\/sites\/6\/2011\/08\/logo-bk-46.gif","datePublished":"2013-03-06T18:54:27+00:00","dateModified":"2024-08-28T15:31:19+00:00","breadcrumb":{"@id":"https:\/\/aktialiiga.fi\/naiset\/2012-2013\/ottelut-2012-2013\/bk-46-otti-ensimmaisen-kiinnityksen-valierapaikkaan\/#breadcrumb"},"inLanguage":"fi","potentialAction":[{"@type":"ReadAction","target":["https:\/\/aktialiiga.fi\/naiset\/2012-2013\/ottelut-2012-2013\/bk-46-otti-ensimmaisen-kiinnityksen-valierapaikkaan\/"]}]},{"@type":"ImageObject","inLanguage":"fi","@id":"https:\/\/aktialiiga.fi\/naiset\/2012-2013\/ottelut-2012-2013\/bk-46-otti-ensimmaisen-kiinnityksen-valierapaikkaan\/#primaryimage","url":"https:\/\/aktialiiga.fi\/naiset\/wp-content\/uploads\/sites\/6\/2011\/08\/logo-bk-46.gif","contentUrl":"https:\/\/aktialiiga.fi\/naiset\/wp-content\/uploads\/sites\/6\/2011\/08\/logo-bk-46.gif","width":92,"height":110,"caption":"BK-46, Karjaa"},{"@type":"BreadcrumbList","@id":"https:\/\/aktialiiga.fi\/naiset\/2012-2013\/ottelut-2012-2013\/bk-46-otti-ensimmaisen-kiinnityksen-valierapaikkaan\/#breadcrumb","itemListElement":[{"@type":"ListItem","position":1,"name":"Etusivu","item":"https:\/\/aktialiiga.fi\/naiset\/"},{"@type":"ListItem","position":2,"name":"BK-46 otti ensimm\u00e4isen kiinnityksen v\u00e4lier\u00e4paikkaan"}]},{"@type":"WebSite","@id":"https:\/\/aktialiiga.fi\/naiset\/#website","url":"https:\/\/aktialiiga.fi\/naiset\/","name":"K\u00e4sipallon naisten Aktialiiga","description":"Valtakunnan vauhdikkainta palloilua!","publisher":{"@id":"https:\/\/aktialiiga.fi\/naiset\/#organization"},"potentialAction":[{"@type":"SearchAction","target":{"@type":"EntryPoint","urlTemplate":"https:\/\/aktialiiga.fi\/naiset\/?s={search_term_string}"},"query-input":{"@type":"PropertyValueSpecification","valueRequired":true,"valueName":"search_term_string"}}],"inLanguage":"fi"},{"@type":"Organization","@id":"https:\/\/aktialiiga.fi\/naiset\/#organization","name":"K\u00e4sipallon naisten Aktialiiga","url":"https:\/\/aktialiiga.fi\/naiset\/","logo":{"@type":"ImageObject","inLanguage":"fi","@id":"https:\/\/aktialiiga.fi\/naiset\/#\/schema\/logo\/image\/","url":"https:\/\/aktialiiga.fi\/naiset\/wp-content\/uploads\/sites\/6\/2024\/09\/Aktialiiga-Yoast-512.png","contentUrl":"https:\/\/aktialiiga.fi\/naiset\/wp-content\/uploads\/sites\/6\/2024\/09\/Aktialiiga-Yoast-512.png","width":512,"height":512,"caption":"K\u00e4sipallon naisten Aktialiiga"},"image":{"@id":"https:\/\/aktialiiga.fi\/naiset\/#\/schema\/logo\/image\/"},"sameAs":["https:\/\/www.facebook.com\/finnhandball","https:\/\/x.com\/finnhandball","https:\/\/www.instagram.com\/handballfinland\/"]},{"@type":"Person","@id":"https:\/\/aktialiiga.fi\/naiset\/#\/schema\/person\/c14bf42f47041db74603c45afcb18d87","name":"tbrmedia","image":{"@type":"ImageObject","inLanguage":"fi","@id":"https:\/\/secure.gravatar.com\/avatar\/ee975fa091fe581d12b60debb3439022686618368a7c142044c56724d4666b16?s=96&d=mm&r=g","url":"https:\/\/secure.gravatar.com\/avatar\/ee975fa091fe581d12b60debb3439022686618368a7c142044c56724d4666b16?s=96&d=mm&r=g","contentUrl":"https:\/\/secure.gravatar.com\/avatar\/ee975fa091fe581d12b60debb3439022686618368a7c142044c56724d4666b16?s=96&d=mm&r=g","caption":"tbrmedia"}}]}},"jetpack_featured_media_url":"https:\/\/aktialiiga.fi\/naiset\/wp-content\/uploads\/sites\/6\/2011\/08\/logo-bk-46.gif","jetpack_sharing_enabled":true,"jetpack_shortlink":"https:\/\/wp.me\/pfYhm6-TF","_links":{"self":[{"href":"https:\/\/aktialiiga.fi\/naiset\/wp-json\/wp\/v2\/posts\/3451","targetHints":{"allow":["GET"]}}],"collection":[{"href":"https:\/\/aktialiiga.fi\/naiset\/wp-json\/wp\/v2\/posts"}],"about":[{"href":"https:\/\/aktialiiga.fi\/naiset\/wp-json\/wp\/v2\/types\/post"}],"author":[{"embeddable":true,"href":"https:\/\/aktialiiga.fi\/naiset\/wp-json\/wp\/v2\/users\/13"}],"replies":[{"embeddable":true,"href":"https:\/\/aktialiiga.fi\/naiset\/wp-json\/wp\/v2\/comments?post=3451"}],"version-history":[{"count":1,"href":"https:\/\/aktialiiga.fi\/naiset\/wp-json\/wp\/v2\/posts\/3451\/revisions"}],"predecessor-version":[{"id":39685,"href":"https:\/\/aktialiiga.fi\/naiset\/wp-json\/wp\/v2\/posts\/3451\/revisions\/39685"}],"wp:featuredmedia":[{"embeddable":true,"href":"https:\/\/aktialiiga.fi\/naiset\/wp-json\/wp\/v2\/media\/59"}],"wp:attachment":[{"href":"https:\/\/aktialiiga.fi\/naiset\/wp-json\/wp\/v2\/media?parent=3451"}],"wp:term":[{"taxonomy":"category","embeddable":true,"href":"https:\/\/aktialiiga.fi\/naiset\/wp-json\/wp\/v2\/categories?post=3451"},{"taxonomy":"post_tag","embeddable":true,"href":"https:\/\/aktialiiga.fi\/naiset\/wp-json\/wp\/v2\/tags?post=3451"}],"curies":[{"name":"wp","href":"https:\/\/api.w.org\/{rel}","templated":true}]}}