{"id":3453,"date":"2013-03-06T21:14:31","date_gmt":"2013-03-06T19:14:31","guid":{"rendered":"https:\/\/www.finnhandball.net\/nsm\/?p=3453"},"modified":"2024-08-28T18:31:19","modified_gmt":"2024-08-28T15:31:19","slug":"grifk-aloitti-pleijarit-selvalla-voitolla","status":"publish","type":"post","link":"https:\/\/aktialiiga.fi\/naiset\/2012-2013\/ottelut-2012-2013\/grifk-aloitti-pleijarit-selvalla-voitolla\/","title":{"rendered":"GrIFK aloitti playoffsit selv\u00e4ll\u00e4 voitolla"},"content":{"rendered":"<p><strong>Kotivoitto KyIF:st\u00e4 lohkesi maalein 37-22 (18-12).<!--more--><\/strong><\/p>\n<p>Runkosarjavoittaja GrIFK hermoili aavistuksen alussa, mutta kun peli l\u00e4hti rullaamaan oli KyIF aseeton. Ero venyi lopulta viidentoista maalin suuruiseksi.<\/p>\n<p>&#8211; Huomasi ett\u00e4 pelaajia j\u00e4nnitti alussa. Positiivista t\u00e4n\u00e4\u00e4n oli se, ett\u00e4 meid\u00e4n kaikki maalit tehtiin joukkueena. Parannettavaa perjantaiksi j\u00e4\u00e4 yhteisty\u00f6 puolustuksessa sek\u00e4 kuuden metrin heitot, Gustaf Ahlroos kommentoi esityst\u00e4.<\/p>\n<p>Takapelaajat Betina Lillqvist ja Johanna Hilli vastasivat yhteens\u00e4 kahdestakymmenest\u00e4 kotijoukkueen maalista. Ensin mainittu oli raadin mielest\u00e4 ottelussa kolmen t\u00e4hden arvoinen.<\/p>\n<p>&#8211; Oli v\u00e4h\u00e4n hermostunutta peli\u00e4 alussa. Onneksi k\u00e4\u00e4nnettiin peli. Puolustus toimi hyvin toisella puoliajalla, Lillqvist analysoi joukkueen suoritusta.<\/p>\n<p>KyIF:n Tomi Salminen oli tyytyv\u00e4inen joukkueensa alkuun ja samalla realisti.<\/p>\n<p>&#8211; Superalku meid\u00e4n puolelta. Toisella puoliajalla kun GrIFK skarppasi meid\u00e4n kokemattomuus n\u00e4kyi. Vastustajat olivat paljon parempia toisella puoliajalla. Perjantaina yritet\u00e4\u00e4n pist\u00e4\u00e4 yht\u00e4 hyvin hanttiin.<\/p>\n<p>&nbsp;<\/p>\n<p><strong>Maalintekij\u00e4t\u00a0<\/strong><\/p>\n<div id=\"attachment_3454\" style=\"width: 249px\" class=\"wp-caption alignright\"><a href=\"https:\/\/www.finnhandball.net\/nsm\/2012-2013\/grifk-aloitti-pleijarit-selvalla-voitolla\/attachment\/betina-lillqvist\/\" rel=\"attachment wp-att-3454\"><img decoding=\"async\" aria-describedby=\"caption-attachment-3454\" class=\" wp-image-3454 \" alt=\"Betina Lillqvist palkittiin ottelun j\u00e4lkeen kolmella L\u00e4hiTapiola t\u00e4hdell\u00e4\" src=\"https:\/\/sarja.finnhandball.net\/wp-content\/uploads\/sites\/6\/2013\/03\/Betina-Lillqvist.jpg\" width=\"239\" height=\"360\" srcset=\"https:\/\/aktialiiga.fi\/naiset\/wp-content\/uploads\/sites\/6\/2013\/03\/Betina-Lillqvist.jpg 399w, https:\/\/aktialiiga.fi\/naiset\/wp-content\/uploads\/sites\/6\/2013\/03\/Betina-Lillqvist-200x300.jpg 200w\" sizes=\"(max-width: 239px) 100vw, 239px\" \/><\/a><p id=\"caption-attachment-3454\" class=\"wp-caption-text\">Betina Lillqvist palkittiin ottelun j\u00e4lkeen kolmella L\u00e4hiTapiola t\u00e4hdell\u00e4<\/p><\/div>\n<p>GrIFK: Johanna Hilli 11, Betina Lillqvist 9, Christina Rehnberg 5, Martina Genberg 4, Julia Lindblom 2, Fanny von Troil 1, Emma Selin 1, Carolina Rehnberg 1, Ina Ahlroos 1, Carolina Roos 1, Sonja Heinonen 1.<\/p>\n<p>KyIF: Susanna Kaivola 9, Felicia Gr\u00f6nholm 3, Alexandra Westerlund 3, Carla Friman 2, Linda Fr\u00f6berg 2, Mari Paukku 2, Karolina Kaivola 1.<\/p>\n<p>&nbsp;<\/p>\n<p><strong>L\u00e4hiTapiola T\u00e4hdet<\/strong><\/p>\n<p>*** Betina Lillqvist, GrIFK<\/p>\n<p>** Johanna Hilli, GrIFK<\/p>\n<p>* Bianca Eklundh, GrIFK<\/p>\n<p>&nbsp;<\/p>\n","protected":false},"excerpt":{"rendered":"<p>Kotivoitto KyIF:st\u00e4 lohkesi maalein 37-22 (18-12).<\/p>\n","protected":false},"author":13,"featured_media":61,"comment_status":"closed","ping_status":"closed","sticky":false,"template":"","format":"standard","meta":{"_acf_changed":false,"jetpack_post_was_ever_published":false,"_jetpack_newsletter_access":"","_jetpack_dont_email_post_to_subs":false,"_jetpack_newsletter_tier_id":0,"_jetpack_memberships_contains_paywalled_content":false,"_jetpack_memberships_contains_paid_content":false,"footnotes":""},"categories":[17],"tags":[57,67],"class_list":["post-3453","post","type-post","status-publish","format-standard","has-post-thumbnail","hentry","category-ottelut-2012-2013","tag-grifk","tag-kyif"],"acf":[],"yoast_head":"<!-- This site is optimized with the Yoast SEO plugin v27.5 - https:\/\/yoast.com\/product\/yoast-seo-wordpress\/ -->\n<title>GrIFK aloitti playoffsit selv\u00e4ll\u00e4 voitolla | K\u00e4sipallon naisten Aktialiiga<\/title>\n<meta name=\"robots\" content=\"index, follow, max-snippet:-1, max-image-preview:large, max-video-preview:-1\" \/>\n<link rel=\"canonical\" href=\"https:\/\/aktialiiga.fi\/naiset\/2012-2013\/ottelut-2012-2013\/grifk-aloitti-pleijarit-selvalla-voitolla\/\" \/>\n<meta property=\"og:locale\" content=\"fi_FI\" \/>\n<meta property=\"og:type\" content=\"article\" \/>\n<meta property=\"og:title\" content=\"GrIFK aloitti playoffsit selv\u00e4ll\u00e4 voitolla | K\u00e4sipallon naisten Aktialiiga\" \/>\n<meta property=\"og:description\" content=\"Kotivoitto KyIF:st\u00e4 lohkesi maalein 37-22 (18-12).\" \/>\n<meta property=\"og:url\" content=\"https:\/\/aktialiiga.fi\/naiset\/2012-2013\/ottelut-2012-2013\/grifk-aloitti-pleijarit-selvalla-voitolla\/\" \/>\n<meta property=\"og:site_name\" content=\"K\u00e4sipallon naisten Aktialiiga\" \/>\n<meta property=\"article:publisher\" content=\"https:\/\/www.facebook.com\/finnhandball\" \/>\n<meta property=\"article:published_time\" content=\"2013-03-06T19:14:31+00:00\" \/>\n<meta property=\"article:modified_time\" content=\"2024-08-28T15:31:19+00:00\" \/>\n<meta property=\"og:image\" content=\"https:\/\/aktialiiga.fi\/naiset\/wp-content\/uploads\/sites\/6\/2011\/08\/logo-grifk.gif\" \/>\n\t<meta property=\"og:image:width\" content=\"95\" \/>\n\t<meta property=\"og:image:height\" content=\"115\" \/>\n\t<meta property=\"og:image:type\" content=\"image\/gif\" \/>\n<meta name=\"author\" content=\"tbrmedia\" \/>\n<meta name=\"twitter:card\" content=\"summary_large_image\" \/>\n<meta name=\"twitter:creator\" content=\"@finnhandball\" \/>\n<meta name=\"twitter:site\" content=\"@finnhandball\" \/>\n<script type=\"application\/ld+json\" class=\"yoast-schema-graph\">{\"@context\":\"https:\\\/\\\/schema.org\",\"@graph\":[{\"@type\":\"Article\",\"@id\":\"https:\\\/\\\/aktialiiga.fi\\\/naiset\\\/2012-2013\\\/ottelut-2012-2013\\\/grifk-aloitti-pleijarit-selvalla-voitolla\\\/#article\",\"isPartOf\":{\"@id\":\"https:\\\/\\\/aktialiiga.fi\\\/naiset\\\/2012-2013\\\/ottelut-2012-2013\\\/grifk-aloitti-pleijarit-selvalla-voitolla\\\/\"},\"author\":{\"name\":\"tbrmedia\",\"@id\":\"https:\\\/\\\/aktialiiga.fi\\\/naiset\\\/#\\\/schema\\\/person\\\/c14bf42f47041db74603c45afcb18d87\"},\"headline\":\"GrIFK aloitti playoffsit selv\u00e4ll\u00e4 voitolla\",\"datePublished\":\"2013-03-06T19:14:31+00:00\",\"dateModified\":\"2024-08-28T15:31:19+00:00\",\"mainEntityOfPage\":{\"@id\":\"https:\\\/\\\/aktialiiga.fi\\\/naiset\\\/2012-2013\\\/ottelut-2012-2013\\\/grifk-aloitti-pleijarit-selvalla-voitolla\\\/\"},\"wordCount\":225,\"publisher\":{\"@id\":\"https:\\\/\\\/aktialiiga.fi\\\/naiset\\\/#organization\"},\"image\":{\"@id\":\"https:\\\/\\\/aktialiiga.fi\\\/naiset\\\/2012-2013\\\/ottelut-2012-2013\\\/grifk-aloitti-pleijarit-selvalla-voitolla\\\/#primaryimage\"},\"thumbnailUrl\":\"https:\\\/\\\/aktialiiga.fi\\\/naiset\\\/wp-content\\\/uploads\\\/sites\\\/6\\\/2011\\\/08\\\/logo-grifk.gif\",\"keywords\":[\"GrIFK\",\"KyIF\"],\"articleSection\":[\"Ottelut\"],\"inLanguage\":\"fi\"},{\"@type\":\"WebPage\",\"@id\":\"https:\\\/\\\/aktialiiga.fi\\\/naiset\\\/2012-2013\\\/ottelut-2012-2013\\\/grifk-aloitti-pleijarit-selvalla-voitolla\\\/\",\"url\":\"https:\\\/\\\/aktialiiga.fi\\\/naiset\\\/2012-2013\\\/ottelut-2012-2013\\\/grifk-aloitti-pleijarit-selvalla-voitolla\\\/\",\"name\":\"GrIFK aloitti playoffsit selv\u00e4ll\u00e4 voitolla | K\u00e4sipallon naisten Aktialiiga\",\"isPartOf\":{\"@id\":\"https:\\\/\\\/aktialiiga.fi\\\/naiset\\\/#website\"},\"primaryImageOfPage\":{\"@id\":\"https:\\\/\\\/aktialiiga.fi\\\/naiset\\\/2012-2013\\\/ottelut-2012-2013\\\/grifk-aloitti-pleijarit-selvalla-voitolla\\\/#primaryimage\"},\"image\":{\"@id\":\"https:\\\/\\\/aktialiiga.fi\\\/naiset\\\/2012-2013\\\/ottelut-2012-2013\\\/grifk-aloitti-pleijarit-selvalla-voitolla\\\/#primaryimage\"},\"thumbnailUrl\":\"https:\\\/\\\/aktialiiga.fi\\\/naiset\\\/wp-content\\\/uploads\\\/sites\\\/6\\\/2011\\\/08\\\/logo-grifk.gif\",\"datePublished\":\"2013-03-06T19:14:31+00:00\",\"dateModified\":\"2024-08-28T15:31:19+00:00\",\"breadcrumb\":{\"@id\":\"https:\\\/\\\/aktialiiga.fi\\\/naiset\\\/2012-2013\\\/ottelut-2012-2013\\\/grifk-aloitti-pleijarit-selvalla-voitolla\\\/#breadcrumb\"},\"inLanguage\":\"fi\",\"potentialAction\":[{\"@type\":\"ReadAction\",\"target\":[\"https:\\\/\\\/aktialiiga.fi\\\/naiset\\\/2012-2013\\\/ottelut-2012-2013\\\/grifk-aloitti-pleijarit-selvalla-voitolla\\\/\"]}]},{\"@type\":\"ImageObject\",\"inLanguage\":\"fi\",\"@id\":\"https:\\\/\\\/aktialiiga.fi\\\/naiset\\\/2012-2013\\\/ottelut-2012-2013\\\/grifk-aloitti-pleijarit-selvalla-voitolla\\\/#primaryimage\",\"url\":\"https:\\\/\\\/aktialiiga.fi\\\/naiset\\\/wp-content\\\/uploads\\\/sites\\\/6\\\/2011\\\/08\\\/logo-grifk.gif\",\"contentUrl\":\"https:\\\/\\\/aktialiiga.fi\\\/naiset\\\/wp-content\\\/uploads\\\/sites\\\/6\\\/2011\\\/08\\\/logo-grifk.gif\",\"width\":95,\"height\":115,\"caption\":\"GrIFK, Kauniainen\"},{\"@type\":\"BreadcrumbList\",\"@id\":\"https:\\\/\\\/aktialiiga.fi\\\/naiset\\\/2012-2013\\\/ottelut-2012-2013\\\/grifk-aloitti-pleijarit-selvalla-voitolla\\\/#breadcrumb\",\"itemListElement\":[{\"@type\":\"ListItem\",\"position\":1,\"name\":\"Etusivu\",\"item\":\"https:\\\/\\\/aktialiiga.fi\\\/naiset\\\/\"},{\"@type\":\"ListItem\",\"position\":2,\"name\":\"GrIFK aloitti playoffsit selv\u00e4ll\u00e4 voitolla\"}]},{\"@type\":\"WebSite\",\"@id\":\"https:\\\/\\\/aktialiiga.fi\\\/naiset\\\/#website\",\"url\":\"https:\\\/\\\/aktialiiga.fi\\\/naiset\\\/\",\"name\":\"K\u00e4sipallon naisten Aktialiiga\",\"description\":\"Valtakunnan vauhdikkainta palloilua!\",\"publisher\":{\"@id\":\"https:\\\/\\\/aktialiiga.fi\\\/naiset\\\/#organization\"},\"potentialAction\":[{\"@type\":\"SearchAction\",\"target\":{\"@type\":\"EntryPoint\",\"urlTemplate\":\"https:\\\/\\\/aktialiiga.fi\\\/naiset\\\/?s={search_term_string}\"},\"query-input\":{\"@type\":\"PropertyValueSpecification\",\"valueRequired\":true,\"valueName\":\"search_term_string\"}}],\"inLanguage\":\"fi\"},{\"@type\":\"Organization\",\"@id\":\"https:\\\/\\\/aktialiiga.fi\\\/naiset\\\/#organization\",\"name\":\"K\u00e4sipallon naisten Aktialiiga\",\"url\":\"https:\\\/\\\/aktialiiga.fi\\\/naiset\\\/\",\"logo\":{\"@type\":\"ImageObject\",\"inLanguage\":\"fi\",\"@id\":\"https:\\\/\\\/aktialiiga.fi\\\/naiset\\\/#\\\/schema\\\/logo\\\/image\\\/\",\"url\":\"https:\\\/\\\/aktialiiga.fi\\\/naiset\\\/wp-content\\\/uploads\\\/sites\\\/6\\\/2024\\\/09\\\/Aktialiiga-Yoast-512.png\",\"contentUrl\":\"https:\\\/\\\/aktialiiga.fi\\\/naiset\\\/wp-content\\\/uploads\\\/sites\\\/6\\\/2024\\\/09\\\/Aktialiiga-Yoast-512.png\",\"width\":512,\"height\":512,\"caption\":\"K\u00e4sipallon naisten Aktialiiga\"},\"image\":{\"@id\":\"https:\\\/\\\/aktialiiga.fi\\\/naiset\\\/#\\\/schema\\\/logo\\\/image\\\/\"},\"sameAs\":[\"https:\\\/\\\/www.facebook.com\\\/finnhandball\",\"https:\\\/\\\/x.com\\\/finnhandball\",\"https:\\\/\\\/www.instagram.com\\\/handballfinland\\\/\"]},{\"@type\":\"Person\",\"@id\":\"https:\\\/\\\/aktialiiga.fi\\\/naiset\\\/#\\\/schema\\\/person\\\/c14bf42f47041db74603c45afcb18d87\",\"name\":\"tbrmedia\",\"image\":{\"@type\":\"ImageObject\",\"inLanguage\":\"fi\",\"@id\":\"https:\\\/\\\/secure.gravatar.com\\\/avatar\\\/ee975fa091fe581d12b60debb3439022686618368a7c142044c56724d4666b16?s=96&d=mm&r=g\",\"url\":\"https:\\\/\\\/secure.gravatar.com\\\/avatar\\\/ee975fa091fe581d12b60debb3439022686618368a7c142044c56724d4666b16?s=96&d=mm&r=g\",\"contentUrl\":\"https:\\\/\\\/secure.gravatar.com\\\/avatar\\\/ee975fa091fe581d12b60debb3439022686618368a7c142044c56724d4666b16?s=96&d=mm&r=g\",\"caption\":\"tbrmedia\"}}]}<\/script>\n<!-- \/ Yoast SEO plugin. -->","yoast_head_json":{"title":"GrIFK aloitti playoffsit selv\u00e4ll\u00e4 voitolla | K\u00e4sipallon naisten Aktialiiga","robots":{"index":"index","follow":"follow","max-snippet":"max-snippet:-1","max-image-preview":"max-image-preview:large","max-video-preview":"max-video-preview:-1"},"canonical":"https:\/\/aktialiiga.fi\/naiset\/2012-2013\/ottelut-2012-2013\/grifk-aloitti-pleijarit-selvalla-voitolla\/","og_locale":"fi_FI","og_type":"article","og_title":"GrIFK aloitti playoffsit selv\u00e4ll\u00e4 voitolla | K\u00e4sipallon naisten Aktialiiga","og_description":"Kotivoitto KyIF:st\u00e4 lohkesi maalein 37-22 (18-12).","og_url":"https:\/\/aktialiiga.fi\/naiset\/2012-2013\/ottelut-2012-2013\/grifk-aloitti-pleijarit-selvalla-voitolla\/","og_site_name":"K\u00e4sipallon naisten Aktialiiga","article_publisher":"https:\/\/www.facebook.com\/finnhandball","article_published_time":"2013-03-06T19:14:31+00:00","article_modified_time":"2024-08-28T15:31:19+00:00","og_image":[{"width":95,"height":115,"url":"https:\/\/aktialiiga.fi\/naiset\/wp-content\/uploads\/sites\/6\/2011\/08\/logo-grifk.gif","type":"image\/gif"}],"author":"tbrmedia","twitter_card":"summary_large_image","twitter_creator":"@finnhandball","twitter_site":"@finnhandball","schema":{"@context":"https:\/\/schema.org","@graph":[{"@type":"Article","@id":"https:\/\/aktialiiga.fi\/naiset\/2012-2013\/ottelut-2012-2013\/grifk-aloitti-pleijarit-selvalla-voitolla\/#article","isPartOf":{"@id":"https:\/\/aktialiiga.fi\/naiset\/2012-2013\/ottelut-2012-2013\/grifk-aloitti-pleijarit-selvalla-voitolla\/"},"author":{"name":"tbrmedia","@id":"https:\/\/aktialiiga.fi\/naiset\/#\/schema\/person\/c14bf42f47041db74603c45afcb18d87"},"headline":"GrIFK aloitti playoffsit selv\u00e4ll\u00e4 voitolla","datePublished":"2013-03-06T19:14:31+00:00","dateModified":"2024-08-28T15:31:19+00:00","mainEntityOfPage":{"@id":"https:\/\/aktialiiga.fi\/naiset\/2012-2013\/ottelut-2012-2013\/grifk-aloitti-pleijarit-selvalla-voitolla\/"},"wordCount":225,"publisher":{"@id":"https:\/\/aktialiiga.fi\/naiset\/#organization"},"image":{"@id":"https:\/\/aktialiiga.fi\/naiset\/2012-2013\/ottelut-2012-2013\/grifk-aloitti-pleijarit-selvalla-voitolla\/#primaryimage"},"thumbnailUrl":"https:\/\/aktialiiga.fi\/naiset\/wp-content\/uploads\/sites\/6\/2011\/08\/logo-grifk.gif","keywords":["GrIFK","KyIF"],"articleSection":["Ottelut"],"inLanguage":"fi"},{"@type":"WebPage","@id":"https:\/\/aktialiiga.fi\/naiset\/2012-2013\/ottelut-2012-2013\/grifk-aloitti-pleijarit-selvalla-voitolla\/","url":"https:\/\/aktialiiga.fi\/naiset\/2012-2013\/ottelut-2012-2013\/grifk-aloitti-pleijarit-selvalla-voitolla\/","name":"GrIFK aloitti playoffsit selv\u00e4ll\u00e4 voitolla | K\u00e4sipallon naisten Aktialiiga","isPartOf":{"@id":"https:\/\/aktialiiga.fi\/naiset\/#website"},"primaryImageOfPage":{"@id":"https:\/\/aktialiiga.fi\/naiset\/2012-2013\/ottelut-2012-2013\/grifk-aloitti-pleijarit-selvalla-voitolla\/#primaryimage"},"image":{"@id":"https:\/\/aktialiiga.fi\/naiset\/2012-2013\/ottelut-2012-2013\/grifk-aloitti-pleijarit-selvalla-voitolla\/#primaryimage"},"thumbnailUrl":"https:\/\/aktialiiga.fi\/naiset\/wp-content\/uploads\/sites\/6\/2011\/08\/logo-grifk.gif","datePublished":"2013-03-06T19:14:31+00:00","dateModified":"2024-08-28T15:31:19+00:00","breadcrumb":{"@id":"https:\/\/aktialiiga.fi\/naiset\/2012-2013\/ottelut-2012-2013\/grifk-aloitti-pleijarit-selvalla-voitolla\/#breadcrumb"},"inLanguage":"fi","potentialAction":[{"@type":"ReadAction","target":["https:\/\/aktialiiga.fi\/naiset\/2012-2013\/ottelut-2012-2013\/grifk-aloitti-pleijarit-selvalla-voitolla\/"]}]},{"@type":"ImageObject","inLanguage":"fi","@id":"https:\/\/aktialiiga.fi\/naiset\/2012-2013\/ottelut-2012-2013\/grifk-aloitti-pleijarit-selvalla-voitolla\/#primaryimage","url":"https:\/\/aktialiiga.fi\/naiset\/wp-content\/uploads\/sites\/6\/2011\/08\/logo-grifk.gif","contentUrl":"https:\/\/aktialiiga.fi\/naiset\/wp-content\/uploads\/sites\/6\/2011\/08\/logo-grifk.gif","width":95,"height":115,"caption":"GrIFK, Kauniainen"},{"@type":"BreadcrumbList","@id":"https:\/\/aktialiiga.fi\/naiset\/2012-2013\/ottelut-2012-2013\/grifk-aloitti-pleijarit-selvalla-voitolla\/#breadcrumb","itemListElement":[{"@type":"ListItem","position":1,"name":"Etusivu","item":"https:\/\/aktialiiga.fi\/naiset\/"},{"@type":"ListItem","position":2,"name":"GrIFK aloitti playoffsit selv\u00e4ll\u00e4 voitolla"}]},{"@type":"WebSite","@id":"https:\/\/aktialiiga.fi\/naiset\/#website","url":"https:\/\/aktialiiga.fi\/naiset\/","name":"K\u00e4sipallon naisten Aktialiiga","description":"Valtakunnan vauhdikkainta palloilua!","publisher":{"@id":"https:\/\/aktialiiga.fi\/naiset\/#organization"},"potentialAction":[{"@type":"SearchAction","target":{"@type":"EntryPoint","urlTemplate":"https:\/\/aktialiiga.fi\/naiset\/?s={search_term_string}"},"query-input":{"@type":"PropertyValueSpecification","valueRequired":true,"valueName":"search_term_string"}}],"inLanguage":"fi"},{"@type":"Organization","@id":"https:\/\/aktialiiga.fi\/naiset\/#organization","name":"K\u00e4sipallon naisten Aktialiiga","url":"https:\/\/aktialiiga.fi\/naiset\/","logo":{"@type":"ImageObject","inLanguage":"fi","@id":"https:\/\/aktialiiga.fi\/naiset\/#\/schema\/logo\/image\/","url":"https:\/\/aktialiiga.fi\/naiset\/wp-content\/uploads\/sites\/6\/2024\/09\/Aktialiiga-Yoast-512.png","contentUrl":"https:\/\/aktialiiga.fi\/naiset\/wp-content\/uploads\/sites\/6\/2024\/09\/Aktialiiga-Yoast-512.png","width":512,"height":512,"caption":"K\u00e4sipallon naisten Aktialiiga"},"image":{"@id":"https:\/\/aktialiiga.fi\/naiset\/#\/schema\/logo\/image\/"},"sameAs":["https:\/\/www.facebook.com\/finnhandball","https:\/\/x.com\/finnhandball","https:\/\/www.instagram.com\/handballfinland\/"]},{"@type":"Person","@id":"https:\/\/aktialiiga.fi\/naiset\/#\/schema\/person\/c14bf42f47041db74603c45afcb18d87","name":"tbrmedia","image":{"@type":"ImageObject","inLanguage":"fi","@id":"https:\/\/secure.gravatar.com\/avatar\/ee975fa091fe581d12b60debb3439022686618368a7c142044c56724d4666b16?s=96&d=mm&r=g","url":"https:\/\/secure.gravatar.com\/avatar\/ee975fa091fe581d12b60debb3439022686618368a7c142044c56724d4666b16?s=96&d=mm&r=g","contentUrl":"https:\/\/secure.gravatar.com\/avatar\/ee975fa091fe581d12b60debb3439022686618368a7c142044c56724d4666b16?s=96&d=mm&r=g","caption":"tbrmedia"}}]}},"jetpack_featured_media_url":"https:\/\/aktialiiga.fi\/naiset\/wp-content\/uploads\/sites\/6\/2011\/08\/logo-grifk.gif","jetpack_sharing_enabled":true,"jetpack_shortlink":"https:\/\/wp.me\/pfYhm6-TH","_links":{"self":[{"href":"https:\/\/aktialiiga.fi\/naiset\/wp-json\/wp\/v2\/posts\/3453","targetHints":{"allow":["GET"]}}],"collection":[{"href":"https:\/\/aktialiiga.fi\/naiset\/wp-json\/wp\/v2\/posts"}],"about":[{"href":"https:\/\/aktialiiga.fi\/naiset\/wp-json\/wp\/v2\/types\/post"}],"author":[{"embeddable":true,"href":"https:\/\/aktialiiga.fi\/naiset\/wp-json\/wp\/v2\/users\/13"}],"replies":[{"embeddable":true,"href":"https:\/\/aktialiiga.fi\/naiset\/wp-json\/wp\/v2\/comments?post=3453"}],"version-history":[{"count":1,"href":"https:\/\/aktialiiga.fi\/naiset\/wp-json\/wp\/v2\/posts\/3453\/revisions"}],"predecessor-version":[{"id":39684,"href":"https:\/\/aktialiiga.fi\/naiset\/wp-json\/wp\/v2\/posts\/3453\/revisions\/39684"}],"wp:featuredmedia":[{"embeddable":true,"href":"https:\/\/aktialiiga.fi\/naiset\/wp-json\/wp\/v2\/media\/61"}],"wp:attachment":[{"href":"https:\/\/aktialiiga.fi\/naiset\/wp-json\/wp\/v2\/media?parent=3453"}],"wp:term":[{"taxonomy":"category","embeddable":true,"href":"https:\/\/aktialiiga.fi\/naiset\/wp-json\/wp\/v2\/categories?post=3453"},{"taxonomy":"post_tag","embeddable":true,"href":"https:\/\/aktialiiga.fi\/naiset\/wp-json\/wp\/v2\/tags?post=3453"}],"curies":[{"name":"wp","href":"https:\/\/api.w.org\/{rel}","templated":true}]}}