{"id":35257,"date":"2023-11-30T16:13:29","date_gmt":"2023-11-30T14:13:29","guid":{"rendered":"https:\/\/aktialiiga.fi\/naiset\/?p=35257"},"modified":"2023-11-30T16:13:29","modified_gmt":"2023-11-30T14:13:29","slug":"grifk-ja-dicken-aloittavat-baltic-sea-handball-leaguen-perjantaina","status":"publish","type":"post","link":"https:\/\/aktialiiga.fi\/naiset\/ajankohtaista\/grifk-ja-dicken-aloittavat-baltic-sea-handball-leaguen-perjantaina\/","title":{"rendered":"GrIFK ja Dicken aloittavat Baltic Sea Handball Leaguen perjantaina"},"content":{"rendered":"<p>SM-sarjassa vietet\u00e4\u00e4n t\u00e4n\u00e4 viikonloppuna taukoa, mutta Dicken ja GrIFK urakoivat Baltic Sea Handball Leaguen parissa. BCHL:n avauspelit pelataan Tallinnassa.<\/p>\n<p>BSHL:ssa on mukana yhteens\u00e4 yhdeks\u00e4n joukkuetta Suomesta (2), Virosta (1), Latviasta (2) ja Liettuasta (4). Suomalaisjoukkueet aloittavat pelit viikonloppuna Tallinnassa kohdatessaan latvialaiset Latgolsin ja REIR\/Dobele SS:n sek\u00e4 liettualaisen Zalgiris Kaunasin.<\/p>\n<p>&#8211; Kun meille esiteltiin mahdollisuus osallistua t\u00e4h\u00e4n kilpailuun, niin emme ep\u00e4r\u00f6ineet sekuntiakaan. Mielest\u00e4ni t\u00e4m\u00e4 liiga on erinomainen mahdollisuus kaikille joukkueille.<\/p>\n<p>&#8211; Suomessa meill\u00e4 on samat vastustajat joka viikko ja t\u00e4m\u00e4 antaa naisille mahdollisuuden n\u00e4hd\u00e4 toisenlainen puoli k\u00e4sipallosta. Tavoitteenamme on saada n\u00e4ist\u00e4 otteluista kansainv\u00e4list\u00e4 kokemusta, GrIFK:n p\u00e4\u00e4valmentaja Patrik Johanson toteaa sarjan tiedotteessa.<\/p>\n<p>Dickenin p\u00e4\u00e4valmentaja Petri V\u00e4yrynen ottaa niin ik\u00e4\u00e4n uudenlaisen haasteen ilomielin vastaan.<\/p>\n<p>&#8211; Olemme innoissamme ensimm\u00e4isest\u00e4 matkastamme Viroon. Pelit tuovat vaihtelua kotimaan sarjaan. Toivottavasti pystymme ottamaan askeleen eteenp\u00e4in n\u00e4iss\u00e4 peleiss\u00e4 ja tietenkin parantamaan peli\u00e4mme sek\u00e4 kehitt\u00e4m\u00e4\u00e4n nuoria pelaajiamme.<\/p>\n<p>&#8211; Olemme katsoneet paljon videoita, harjoitelleet kovaa, ja kun erotuomari vihelt\u00e4\u00e4 pilliin, me olemme valmiina.<\/p>\n<p>GrIFK:n avausvastustajana on Latgols ja Dickeni\u00e4 vastaan asettuu Zalgiris.<\/p>\n<p><strong>GrIFK:n ja Dickenin ottelut Baltic Sea Handball Leaguen avausviikonloppuna:<br \/>\n<\/strong>Pe 1.12. kello 18.00 Latgols-GrIFK<strong><br \/>\n<\/strong>Pe 1.12. kello 20.00 Dicken-Kaunas Zalgiris<\/p>\n<p>La 2.12. kello 14.00 GrIFK-REIR\/Dobele SS<br \/>\nLa 2.12. kello 16.00 Latgols-Dicken<\/p>\n<p>Su 3.12. kello 10.00 Dicken-REIR\/Dobele SS<br \/>\nSu 3.12. kello 12.00 Kaunas Zalgiris-GrIFK<\/p>\n<p>Suomalaisjoukkueiden otteluohjelman l\u00f6yd\u00e4t kokonaisuudessaan <em><a href=\"\/naiset\/kausi-2023-2024\/ottelut-2023-24\/bshl\/\">t\u00e4\u00e4lt\u00e4<\/a><\/em>.<\/p>\n<p>Lis\u00e4tietoja Baltic Sea Handball Leaguesta l\u00f6yd\u00e4t <em><a href=\"https:\/\/baltichandball.net\/?league=340\">t\u00e4\u00e4lt\u00e4<\/a><\/em>.<\/p>\n<p>Ottelut ovat n\u00e4ht\u00e4viss\u00e4 suorina l\u00e4hetyksin\u00e4 Baltic Handball Leaguen <em><a href=\"https:\/\/www.youtube.com\/@baltichandballleague5470\">YouTube-kanavalta<\/a><\/em>.<\/p>\n","protected":false},"excerpt":{"rendered":"<p>SM-sarjassa vietet\u00e4\u00e4n t\u00e4n\u00e4 viikonloppuna taukoa, mutta Dicken ja GrIFK urakoivat Baltic Sea Handball Leaguen parissa. BCHL:n avauspelit pelataan Tallinnassa. BSHL:ssa on mukana yhteens\u00e4 yhdeks\u00e4n joukkuetta Suomesta (2), Virosta (1), Latviasta (2) ja Liettuasta (4). Suomalaisjoukkueet aloittavat pelit viikonloppuna Tallinnassa kohdatessaan latvialaiset Latgolsin ja REIR\/Dobele SS:n sek\u00e4 liettualaisen Zalgiris Kaunasin. &#8211; Kun meille esiteltiin mahdollisuus osallistua [&hellip;]<\/p>\n","protected":false},"author":13,"featured_media":35258,"comment_status":"closed","ping_status":"closed","sticky":false,"template":"","format":"standard","meta":{"_acf_changed":false,"jetpack_post_was_ever_published":false,"_jetpack_newsletter_access":"","_jetpack_dont_email_post_to_subs":false,"_jetpack_newsletter_tier_id":0,"_jetpack_memberships_contains_paywalled_content":false,"_jetpack_memberships_contains_paid_content":false,"footnotes":""},"categories":[2],"tags":[222,51,57],"class_list":["post-35257","post","type-post","status-publish","format-standard","has-post-thumbnail","hentry","category-ajankohtaista","tag-baltic-sea-handball-league","tag-dicken","tag-grifk"],"acf":[],"yoast_head":"<!-- This site is optimized with the Yoast SEO plugin v27.5 - https:\/\/yoast.com\/product\/yoast-seo-wordpress\/ -->\n<title>GrIFK ja Dicken aloittavat Baltic Sea Handball Leaguen perjantaina | K\u00e4sipallon naisten Aktialiiga<\/title>\n<meta name=\"robots\" content=\"index, follow, max-snippet:-1, max-image-preview:large, max-video-preview:-1\" \/>\n<link rel=\"canonical\" href=\"https:\/\/aktialiiga.fi\/naiset\/ajankohtaista\/grifk-ja-dicken-aloittavat-baltic-sea-handball-leaguen-perjantaina\/\" \/>\n<meta property=\"og:locale\" content=\"fi_FI\" \/>\n<meta property=\"og:type\" content=\"article\" \/>\n<meta property=\"og:title\" content=\"GrIFK ja Dicken aloittavat Baltic Sea Handball Leaguen perjantaina | K\u00e4sipallon naisten Aktialiiga\" \/>\n<meta property=\"og:description\" content=\"SM-sarjassa vietet\u00e4\u00e4n t\u00e4n\u00e4 viikonloppuna taukoa, mutta Dicken ja GrIFK urakoivat Baltic Sea Handball Leaguen parissa. BCHL:n avauspelit pelataan Tallinnassa. BSHL:ssa on mukana yhteens\u00e4 yhdeks\u00e4n joukkuetta Suomesta (2), Virosta (1), Latviasta (2) ja Liettuasta (4). Suomalaisjoukkueet aloittavat pelit viikonloppuna Tallinnassa kohdatessaan latvialaiset Latgolsin ja REIR\/Dobele SS:n sek\u00e4 liettualaisen Zalgiris Kaunasin. &#8211; Kun meille esiteltiin mahdollisuus osallistua [&hellip;]\" \/>\n<meta property=\"og:url\" content=\"https:\/\/aktialiiga.fi\/naiset\/ajankohtaista\/grifk-ja-dicken-aloittavat-baltic-sea-handball-leaguen-perjantaina\/\" \/>\n<meta property=\"og:site_name\" content=\"K\u00e4sipallon naisten Aktialiiga\" \/>\n<meta property=\"article:publisher\" content=\"https:\/\/www.facebook.com\/finnhandball\" \/>\n<meta property=\"article:published_time\" content=\"2023-11-30T14:13:29+00:00\" \/>\n<meta property=\"og:image\" content=\"https:\/\/aktialiiga.fi\/naiset\/wp-content\/uploads\/sites\/6\/2023\/11\/grifk_23-24a.jpg\" \/>\n\t<meta property=\"og:image:width\" content=\"1200\" \/>\n\t<meta property=\"og:image:height\" content=\"750\" \/>\n\t<meta property=\"og:image:type\" content=\"image\/jpeg\" \/>\n<meta name=\"author\" content=\"tbrmedia\" \/>\n<meta name=\"twitter:card\" content=\"summary_large_image\" \/>\n<meta name=\"twitter:creator\" content=\"@finnhandball\" \/>\n<meta name=\"twitter:site\" content=\"@finnhandball\" \/>\n<script type=\"application\/ld+json\" class=\"yoast-schema-graph\">{\"@context\":\"https:\\\/\\\/schema.org\",\"@graph\":[{\"@type\":\"Article\",\"@id\":\"https:\\\/\\\/aktialiiga.fi\\\/naiset\\\/ajankohtaista\\\/grifk-ja-dicken-aloittavat-baltic-sea-handball-leaguen-perjantaina\\\/#article\",\"isPartOf\":{\"@id\":\"https:\\\/\\\/aktialiiga.fi\\\/naiset\\\/ajankohtaista\\\/grifk-ja-dicken-aloittavat-baltic-sea-handball-leaguen-perjantaina\\\/\"},\"author\":{\"name\":\"tbrmedia\",\"@id\":\"https:\\\/\\\/aktialiiga.fi\\\/naiset\\\/#\\\/schema\\\/person\\\/c14bf42f47041db74603c45afcb18d87\"},\"headline\":\"GrIFK ja Dicken aloittavat Baltic Sea Handball Leaguen perjantaina\",\"datePublished\":\"2023-11-30T14:13:29+00:00\",\"mainEntityOfPage\":{\"@id\":\"https:\\\/\\\/aktialiiga.fi\\\/naiset\\\/ajankohtaista\\\/grifk-ja-dicken-aloittavat-baltic-sea-handball-leaguen-perjantaina\\\/\"},\"wordCount\":261,\"publisher\":{\"@id\":\"https:\\\/\\\/aktialiiga.fi\\\/naiset\\\/#organization\"},\"image\":{\"@id\":\"https:\\\/\\\/aktialiiga.fi\\\/naiset\\\/ajankohtaista\\\/grifk-ja-dicken-aloittavat-baltic-sea-handball-leaguen-perjantaina\\\/#primaryimage\"},\"thumbnailUrl\":\"https:\\\/\\\/aktialiiga.fi\\\/naiset\\\/wp-content\\\/uploads\\\/sites\\\/6\\\/2023\\\/11\\\/grifk_23-24a.jpg\",\"keywords\":[\"Baltic Sea Handball League\",\"Dicken\",\"GrIFK\"],\"articleSection\":[\"Ajankohtaista\"],\"inLanguage\":\"fi\"},{\"@type\":\"WebPage\",\"@id\":\"https:\\\/\\\/aktialiiga.fi\\\/naiset\\\/ajankohtaista\\\/grifk-ja-dicken-aloittavat-baltic-sea-handball-leaguen-perjantaina\\\/\",\"url\":\"https:\\\/\\\/aktialiiga.fi\\\/naiset\\\/ajankohtaista\\\/grifk-ja-dicken-aloittavat-baltic-sea-handball-leaguen-perjantaina\\\/\",\"name\":\"GrIFK ja Dicken aloittavat Baltic Sea Handball Leaguen perjantaina | K\u00e4sipallon naisten Aktialiiga\",\"isPartOf\":{\"@id\":\"https:\\\/\\\/aktialiiga.fi\\\/naiset\\\/#website\"},\"primaryImageOfPage\":{\"@id\":\"https:\\\/\\\/aktialiiga.fi\\\/naiset\\\/ajankohtaista\\\/grifk-ja-dicken-aloittavat-baltic-sea-handball-leaguen-perjantaina\\\/#primaryimage\"},\"image\":{\"@id\":\"https:\\\/\\\/aktialiiga.fi\\\/naiset\\\/ajankohtaista\\\/grifk-ja-dicken-aloittavat-baltic-sea-handball-leaguen-perjantaina\\\/#primaryimage\"},\"thumbnailUrl\":\"https:\\\/\\\/aktialiiga.fi\\\/naiset\\\/wp-content\\\/uploads\\\/sites\\\/6\\\/2023\\\/11\\\/grifk_23-24a.jpg\",\"datePublished\":\"2023-11-30T14:13:29+00:00\",\"breadcrumb\":{\"@id\":\"https:\\\/\\\/aktialiiga.fi\\\/naiset\\\/ajankohtaista\\\/grifk-ja-dicken-aloittavat-baltic-sea-handball-leaguen-perjantaina\\\/#breadcrumb\"},\"inLanguage\":\"fi\",\"potentialAction\":[{\"@type\":\"ReadAction\",\"target\":[\"https:\\\/\\\/aktialiiga.fi\\\/naiset\\\/ajankohtaista\\\/grifk-ja-dicken-aloittavat-baltic-sea-handball-leaguen-perjantaina\\\/\"]}]},{\"@type\":\"ImageObject\",\"inLanguage\":\"fi\",\"@id\":\"https:\\\/\\\/aktialiiga.fi\\\/naiset\\\/ajankohtaista\\\/grifk-ja-dicken-aloittavat-baltic-sea-handball-leaguen-perjantaina\\\/#primaryimage\",\"url\":\"https:\\\/\\\/aktialiiga.fi\\\/naiset\\\/wp-content\\\/uploads\\\/sites\\\/6\\\/2023\\\/11\\\/grifk_23-24a.jpg\",\"contentUrl\":\"https:\\\/\\\/aktialiiga.fi\\\/naiset\\\/wp-content\\\/uploads\\\/sites\\\/6\\\/2023\\\/11\\\/grifk_23-24a.jpg\",\"width\":1200,\"height\":750,\"caption\":\"k\u00e4sipallo naisten SM-sarja SIF - GrIFK Arena Siuntio 30. syyskuuta 2023. (Kalle Parkkinen\\\/Newspix24)\"},{\"@type\":\"BreadcrumbList\",\"@id\":\"https:\\\/\\\/aktialiiga.fi\\\/naiset\\\/ajankohtaista\\\/grifk-ja-dicken-aloittavat-baltic-sea-handball-leaguen-perjantaina\\\/#breadcrumb\",\"itemListElement\":[{\"@type\":\"ListItem\",\"position\":1,\"name\":\"Etusivu\",\"item\":\"https:\\\/\\\/aktialiiga.fi\\\/naiset\\\/\"},{\"@type\":\"ListItem\",\"position\":2,\"name\":\"GrIFK ja Dicken aloittavat Baltic Sea Handball Leaguen perjantaina\"}]},{\"@type\":\"WebSite\",\"@id\":\"https:\\\/\\\/aktialiiga.fi\\\/naiset\\\/#website\",\"url\":\"https:\\\/\\\/aktialiiga.fi\\\/naiset\\\/\",\"name\":\"K\u00e4sipallon naisten Aktialiiga\",\"description\":\"Valtakunnan vauhdikkainta palloilua!\",\"publisher\":{\"@id\":\"https:\\\/\\\/aktialiiga.fi\\\/naiset\\\/#organization\"},\"potentialAction\":[{\"@type\":\"SearchAction\",\"target\":{\"@type\":\"EntryPoint\",\"urlTemplate\":\"https:\\\/\\\/aktialiiga.fi\\\/naiset\\\/?s={search_term_string}\"},\"query-input\":{\"@type\":\"PropertyValueSpecification\",\"valueRequired\":true,\"valueName\":\"search_term_string\"}}],\"inLanguage\":\"fi\"},{\"@type\":\"Organization\",\"@id\":\"https:\\\/\\\/aktialiiga.fi\\\/naiset\\\/#organization\",\"name\":\"K\u00e4sipallon naisten Aktialiiga\",\"url\":\"https:\\\/\\\/aktialiiga.fi\\\/naiset\\\/\",\"logo\":{\"@type\":\"ImageObject\",\"inLanguage\":\"fi\",\"@id\":\"https:\\\/\\\/aktialiiga.fi\\\/naiset\\\/#\\\/schema\\\/logo\\\/image\\\/\",\"url\":\"https:\\\/\\\/aktialiiga.fi\\\/naiset\\\/wp-content\\\/uploads\\\/sites\\\/6\\\/2024\\\/09\\\/Aktialiiga-Yoast-512.png\",\"contentUrl\":\"https:\\\/\\\/aktialiiga.fi\\\/naiset\\\/wp-content\\\/uploads\\\/sites\\\/6\\\/2024\\\/09\\\/Aktialiiga-Yoast-512.png\",\"width\":512,\"height\":512,\"caption\":\"K\u00e4sipallon naisten Aktialiiga\"},\"image\":{\"@id\":\"https:\\\/\\\/aktialiiga.fi\\\/naiset\\\/#\\\/schema\\\/logo\\\/image\\\/\"},\"sameAs\":[\"https:\\\/\\\/www.facebook.com\\\/finnhandball\",\"https:\\\/\\\/x.com\\\/finnhandball\",\"https:\\\/\\\/www.instagram.com\\\/handballfinland\\\/\"]},{\"@type\":\"Person\",\"@id\":\"https:\\\/\\\/aktialiiga.fi\\\/naiset\\\/#\\\/schema\\\/person\\\/c14bf42f47041db74603c45afcb18d87\",\"name\":\"tbrmedia\",\"image\":{\"@type\":\"ImageObject\",\"inLanguage\":\"fi\",\"@id\":\"https:\\\/\\\/secure.gravatar.com\\\/avatar\\\/ee975fa091fe581d12b60debb3439022686618368a7c142044c56724d4666b16?s=96&d=mm&r=g\",\"url\":\"https:\\\/\\\/secure.gravatar.com\\\/avatar\\\/ee975fa091fe581d12b60debb3439022686618368a7c142044c56724d4666b16?s=96&d=mm&r=g\",\"contentUrl\":\"https:\\\/\\\/secure.gravatar.com\\\/avatar\\\/ee975fa091fe581d12b60debb3439022686618368a7c142044c56724d4666b16?s=96&d=mm&r=g\",\"caption\":\"tbrmedia\"}}]}<\/script>\n<!-- \/ Yoast SEO plugin. -->","yoast_head_json":{"title":"GrIFK ja Dicken aloittavat Baltic Sea Handball Leaguen perjantaina | K\u00e4sipallon naisten Aktialiiga","robots":{"index":"index","follow":"follow","max-snippet":"max-snippet:-1","max-image-preview":"max-image-preview:large","max-video-preview":"max-video-preview:-1"},"canonical":"https:\/\/aktialiiga.fi\/naiset\/ajankohtaista\/grifk-ja-dicken-aloittavat-baltic-sea-handball-leaguen-perjantaina\/","og_locale":"fi_FI","og_type":"article","og_title":"GrIFK ja Dicken aloittavat Baltic Sea Handball Leaguen perjantaina | K\u00e4sipallon naisten Aktialiiga","og_description":"SM-sarjassa vietet\u00e4\u00e4n t\u00e4n\u00e4 viikonloppuna taukoa, mutta Dicken ja GrIFK urakoivat Baltic Sea Handball Leaguen parissa. BCHL:n avauspelit pelataan Tallinnassa. BSHL:ssa on mukana yhteens\u00e4 yhdeks\u00e4n joukkuetta Suomesta (2), Virosta (1), Latviasta (2) ja Liettuasta (4). Suomalaisjoukkueet aloittavat pelit viikonloppuna Tallinnassa kohdatessaan latvialaiset Latgolsin ja REIR\/Dobele SS:n sek\u00e4 liettualaisen Zalgiris Kaunasin. &#8211; Kun meille esiteltiin mahdollisuus osallistua [&hellip;]","og_url":"https:\/\/aktialiiga.fi\/naiset\/ajankohtaista\/grifk-ja-dicken-aloittavat-baltic-sea-handball-leaguen-perjantaina\/","og_site_name":"K\u00e4sipallon naisten Aktialiiga","article_publisher":"https:\/\/www.facebook.com\/finnhandball","article_published_time":"2023-11-30T14:13:29+00:00","og_image":[{"width":1200,"height":750,"url":"https:\/\/aktialiiga.fi\/naiset\/wp-content\/uploads\/sites\/6\/2023\/11\/grifk_23-24a.jpg","type":"image\/jpeg"}],"author":"tbrmedia","twitter_card":"summary_large_image","twitter_creator":"@finnhandball","twitter_site":"@finnhandball","schema":{"@context":"https:\/\/schema.org","@graph":[{"@type":"Article","@id":"https:\/\/aktialiiga.fi\/naiset\/ajankohtaista\/grifk-ja-dicken-aloittavat-baltic-sea-handball-leaguen-perjantaina\/#article","isPartOf":{"@id":"https:\/\/aktialiiga.fi\/naiset\/ajankohtaista\/grifk-ja-dicken-aloittavat-baltic-sea-handball-leaguen-perjantaina\/"},"author":{"name":"tbrmedia","@id":"https:\/\/aktialiiga.fi\/naiset\/#\/schema\/person\/c14bf42f47041db74603c45afcb18d87"},"headline":"GrIFK ja Dicken aloittavat Baltic Sea Handball Leaguen perjantaina","datePublished":"2023-11-30T14:13:29+00:00","mainEntityOfPage":{"@id":"https:\/\/aktialiiga.fi\/naiset\/ajankohtaista\/grifk-ja-dicken-aloittavat-baltic-sea-handball-leaguen-perjantaina\/"},"wordCount":261,"publisher":{"@id":"https:\/\/aktialiiga.fi\/naiset\/#organization"},"image":{"@id":"https:\/\/aktialiiga.fi\/naiset\/ajankohtaista\/grifk-ja-dicken-aloittavat-baltic-sea-handball-leaguen-perjantaina\/#primaryimage"},"thumbnailUrl":"https:\/\/aktialiiga.fi\/naiset\/wp-content\/uploads\/sites\/6\/2023\/11\/grifk_23-24a.jpg","keywords":["Baltic Sea Handball League","Dicken","GrIFK"],"articleSection":["Ajankohtaista"],"inLanguage":"fi"},{"@type":"WebPage","@id":"https:\/\/aktialiiga.fi\/naiset\/ajankohtaista\/grifk-ja-dicken-aloittavat-baltic-sea-handball-leaguen-perjantaina\/","url":"https:\/\/aktialiiga.fi\/naiset\/ajankohtaista\/grifk-ja-dicken-aloittavat-baltic-sea-handball-leaguen-perjantaina\/","name":"GrIFK ja Dicken aloittavat Baltic Sea Handball Leaguen perjantaina | K\u00e4sipallon naisten Aktialiiga","isPartOf":{"@id":"https:\/\/aktialiiga.fi\/naiset\/#website"},"primaryImageOfPage":{"@id":"https:\/\/aktialiiga.fi\/naiset\/ajankohtaista\/grifk-ja-dicken-aloittavat-baltic-sea-handball-leaguen-perjantaina\/#primaryimage"},"image":{"@id":"https:\/\/aktialiiga.fi\/naiset\/ajankohtaista\/grifk-ja-dicken-aloittavat-baltic-sea-handball-leaguen-perjantaina\/#primaryimage"},"thumbnailUrl":"https:\/\/aktialiiga.fi\/naiset\/wp-content\/uploads\/sites\/6\/2023\/11\/grifk_23-24a.jpg","datePublished":"2023-11-30T14:13:29+00:00","breadcrumb":{"@id":"https:\/\/aktialiiga.fi\/naiset\/ajankohtaista\/grifk-ja-dicken-aloittavat-baltic-sea-handball-leaguen-perjantaina\/#breadcrumb"},"inLanguage":"fi","potentialAction":[{"@type":"ReadAction","target":["https:\/\/aktialiiga.fi\/naiset\/ajankohtaista\/grifk-ja-dicken-aloittavat-baltic-sea-handball-leaguen-perjantaina\/"]}]},{"@type":"ImageObject","inLanguage":"fi","@id":"https:\/\/aktialiiga.fi\/naiset\/ajankohtaista\/grifk-ja-dicken-aloittavat-baltic-sea-handball-leaguen-perjantaina\/#primaryimage","url":"https:\/\/aktialiiga.fi\/naiset\/wp-content\/uploads\/sites\/6\/2023\/11\/grifk_23-24a.jpg","contentUrl":"https:\/\/aktialiiga.fi\/naiset\/wp-content\/uploads\/sites\/6\/2023\/11\/grifk_23-24a.jpg","width":1200,"height":750,"caption":"k\u00e4sipallo naisten SM-sarja SIF - GrIFK Arena Siuntio 30. syyskuuta 2023. (Kalle Parkkinen\/Newspix24)"},{"@type":"BreadcrumbList","@id":"https:\/\/aktialiiga.fi\/naiset\/ajankohtaista\/grifk-ja-dicken-aloittavat-baltic-sea-handball-leaguen-perjantaina\/#breadcrumb","itemListElement":[{"@type":"ListItem","position":1,"name":"Etusivu","item":"https:\/\/aktialiiga.fi\/naiset\/"},{"@type":"ListItem","position":2,"name":"GrIFK ja Dicken aloittavat Baltic Sea Handball Leaguen perjantaina"}]},{"@type":"WebSite","@id":"https:\/\/aktialiiga.fi\/naiset\/#website","url":"https:\/\/aktialiiga.fi\/naiset\/","name":"K\u00e4sipallon naisten Aktialiiga","description":"Valtakunnan vauhdikkainta palloilua!","publisher":{"@id":"https:\/\/aktialiiga.fi\/naiset\/#organization"},"potentialAction":[{"@type":"SearchAction","target":{"@type":"EntryPoint","urlTemplate":"https:\/\/aktialiiga.fi\/naiset\/?s={search_term_string}"},"query-input":{"@type":"PropertyValueSpecification","valueRequired":true,"valueName":"search_term_string"}}],"inLanguage":"fi"},{"@type":"Organization","@id":"https:\/\/aktialiiga.fi\/naiset\/#organization","name":"K\u00e4sipallon naisten Aktialiiga","url":"https:\/\/aktialiiga.fi\/naiset\/","logo":{"@type":"ImageObject","inLanguage":"fi","@id":"https:\/\/aktialiiga.fi\/naiset\/#\/schema\/logo\/image\/","url":"https:\/\/aktialiiga.fi\/naiset\/wp-content\/uploads\/sites\/6\/2024\/09\/Aktialiiga-Yoast-512.png","contentUrl":"https:\/\/aktialiiga.fi\/naiset\/wp-content\/uploads\/sites\/6\/2024\/09\/Aktialiiga-Yoast-512.png","width":512,"height":512,"caption":"K\u00e4sipallon naisten Aktialiiga"},"image":{"@id":"https:\/\/aktialiiga.fi\/naiset\/#\/schema\/logo\/image\/"},"sameAs":["https:\/\/www.facebook.com\/finnhandball","https:\/\/x.com\/finnhandball","https:\/\/www.instagram.com\/handballfinland\/"]},{"@type":"Person","@id":"https:\/\/aktialiiga.fi\/naiset\/#\/schema\/person\/c14bf42f47041db74603c45afcb18d87","name":"tbrmedia","image":{"@type":"ImageObject","inLanguage":"fi","@id":"https:\/\/secure.gravatar.com\/avatar\/ee975fa091fe581d12b60debb3439022686618368a7c142044c56724d4666b16?s=96&d=mm&r=g","url":"https:\/\/secure.gravatar.com\/avatar\/ee975fa091fe581d12b60debb3439022686618368a7c142044c56724d4666b16?s=96&d=mm&r=g","contentUrl":"https:\/\/secure.gravatar.com\/avatar\/ee975fa091fe581d12b60debb3439022686618368a7c142044c56724d4666b16?s=96&d=mm&r=g","caption":"tbrmedia"}}]}},"jetpack_featured_media_url":"https:\/\/aktialiiga.fi\/naiset\/wp-content\/uploads\/sites\/6\/2023\/11\/grifk_23-24a.jpg","jetpack_sharing_enabled":true,"jetpack_shortlink":"https:\/\/wp.me\/pfYhm6-9aF","_links":{"self":[{"href":"https:\/\/aktialiiga.fi\/naiset\/wp-json\/wp\/v2\/posts\/35257","targetHints":{"allow":["GET"]}}],"collection":[{"href":"https:\/\/aktialiiga.fi\/naiset\/wp-json\/wp\/v2\/posts"}],"about":[{"href":"https:\/\/aktialiiga.fi\/naiset\/wp-json\/wp\/v2\/types\/post"}],"author":[{"embeddable":true,"href":"https:\/\/aktialiiga.fi\/naiset\/wp-json\/wp\/v2\/users\/13"}],"replies":[{"embeddable":true,"href":"https:\/\/aktialiiga.fi\/naiset\/wp-json\/wp\/v2\/comments?post=35257"}],"version-history":[{"count":0,"href":"https:\/\/aktialiiga.fi\/naiset\/wp-json\/wp\/v2\/posts\/35257\/revisions"}],"wp:featuredmedia":[{"embeddable":true,"href":"https:\/\/aktialiiga.fi\/naiset\/wp-json\/wp\/v2\/media\/35258"}],"wp:attachment":[{"href":"https:\/\/aktialiiga.fi\/naiset\/wp-json\/wp\/v2\/media?parent=35257"}],"wp:term":[{"taxonomy":"category","embeddable":true,"href":"https:\/\/aktialiiga.fi\/naiset\/wp-json\/wp\/v2\/categories?post=35257"},{"taxonomy":"post_tag","embeddable":true,"href":"https:\/\/aktialiiga.fi\/naiset\/wp-json\/wp\/v2\/tags?post=35257"}],"curies":[{"name":"wp","href":"https:\/\/api.w.org\/{rel}","templated":true}]}}