{"id":35398,"date":"2023-12-22T16:24:22","date_gmt":"2023-12-22T14:24:22","guid":{"rendered":"https:\/\/aktialiiga.fi\/naiset\/?p=35398"},"modified":"2024-12-03T12:31:25","modified_gmt":"2024-12-03T10:31:25","slug":"roosa-niemi-joulukuun-tahtipelaaja","status":"publish","type":"post","link":"https:\/\/aktialiiga.fi\/naiset\/ajankohtaista\/roosa-niemi-joulukuun-tahtipelaaja\/","title":{"rendered":"Roosa Niemi joulukuun t\u00e4htipelaaja"},"content":{"rendered":"<p>SM-sarjaa johtavan HIFK:n viimeinen lukko Roosa Niemi on valittu k\u00e4sipallon naisten SM-sarjan joulukuun t\u00e4htipelaajaksi. 23-vuotias maalivahti saalisti otteluissa SIF:i\u00e4 ja GrIFK:ta vastaan yhteens\u00e4 viisi t\u00e4hte\u00e4. Valinta on HIFK:lle jo kolmas t\u00e4ll\u00e4 kaudella ja se on Niemelle uran kolmas.<\/p>\n<p>Kahden viime kauden pronssijoukkue on noussut alkukauden perusteella vahvaksi finaali- ja mestaruuskandidaatiksi. 10:n sarjakierroksen j\u00e4lkeen saldona on yhdeks\u00e4n voittoa ja viimeisess\u00e4 ottelussa tullut tasapeli hallitsevan mestarin GrIFK:n vieraana.<\/p>\n<p>&#8211; Maalivahdin n\u00e4k\u00f6kulmasta se oli j\u00e4nnitt\u00e4v\u00e4 peli. Tiukassa ottelussa yksitt\u00e4isen maalin merkitys kasvaa ja torjunnat voivat ratkaista pelin.<\/p>\n<p>Kaikkiaan Niemi on valittu t\u00e4ll\u00e4 kaudella jo nelj\u00e4ss\u00e4 ottelussa kent\u00e4n parhaaksi.<\/p>\n<p>&#8211; Kausi on alkanut hyvin. Omakin peli on sujunut hyvin kovan puolustuksen takana. Eniten tyydytt\u00e4\u00e4 se, ett\u00e4 oman pelin taso on pysynyt tasaisena. Ajattelen, ett\u00e4 jokaisella osa-alueella on aina jotain kehitett\u00e4v\u00e4\u00e4.<\/p>\n<p>&#8211; Sanoisin, ett\u00e4 t\u00e4m\u00e4 on meid\u00e4n puolustuksen ansiota. Mielest\u00e4ni menestys perustuu ennen kaikkea vahvaan puolustukseen. Joukkueessa on monta taitavaa yksil\u00f6\u00e4 ja meill\u00e4 on my\u00f6s vahva joukkuepeli.<\/p>\n<p>Niemi valittiin SM-liigan kausien 2018\/19 ja 2019\/20 All Stars-joukkueen maalivahdiksi ja ehti debytoida maajoukkueessa ennen kuin eteen tuli puolentoista vuoden tauko k\u00e4sipallosta.<\/p>\n<p>&#8211; Olin poissa uupumuksen ja jalkaleikkauksen vuoksi. Jalan kuntoutus sujui hyvin, kaikki meni suunnitelmien mukaisesti. Liigavauhtiin p\u00e4\u00e4sy on sujunut jopa yll\u00e4tt\u00e4v\u00e4n hyvin. Olen saanut paljon peliminuutteja, mik\u00e4 on auttanut liigavauhtiin takaisin p\u00e4\u00e4syss\u00e4.<\/p>\n<p>Paluu pelikentille on sujunut niin hyvin, ett\u00e4 se on huomattu my\u00f6s maajoukkueen johdossa. Edess\u00e4 on paluu edustusteht\u00e4viin tammikuun Baltic Sea-turnaukseen, jossa Suomi kohtaa Viron, Latvian ja Liettuan.<\/p>\n<p>&#8211; Todella hyvill\u00e4 fiiliksill\u00e4 l\u00e4hdet\u00e4\u00e4n Liettuaan. Hienoa, ett\u00e4 saan taas olla osa maajoukkuetta.<\/p>\n<p>Sit\u00e4 ennen on viel\u00e4 edess\u00e4 rentouttava joulu vanhempien luona.<\/p>\n<div class='flex_column_table av-10wyafc-f47f5799b9e7c3a9d344a7cc6ba6e688 sc-av_one_half av-equal-height-column-flextable'><div  class='flex_column av-10wyafc-f47f5799b9e7c3a9d344a7cc6ba6e688 av_one_half  avia-builder-el-0  el_before_av_one_half  avia-builder-el-first  first flex_column_table_cell av-equal-height-column av-align-top  '     ><section  class='av_textblock_section av-lb4yp2a5-c791bc63af191eba824db4ae3d3d6eed '   itemscope=\"itemscope\" itemtype=\"https:\/\/schema.org\/BlogPosting\" itemprop=\"blogPost\" ><div class='avia_textblock'  itemprop=\"text\" ><h4 style=\"text-align: right;\">Roosa Niemi<\/h4>\n<p style=\"text-align: right;\">Synt. 2000<br \/>\nCM: 172<br \/>\nPelipaikka: MV<\/p>\n<p style=\"text-align: right;\">Aiemmat seurat:<br \/>\nAkilles<\/p>\n<\/div><\/section><br \/>\n<div  class='avia-button-wrap av-lb4ypp89-272dfa9cd785473f17019672857982b0-wrap avia-button-right  avia-builder-el-2  el_after_av_textblock  el_before_av_button '><a href='https:\/\/tulospalvelu.finnhandball.net\/taso\/pelaaja.php?pelaaja=49289'  class='avia-button av-lb4ypp89-272dfa9cd785473f17019672857982b0 av-link-btn avia-icon_select-yes-left-icon avia-size-medium avia-position-right avia-color-theme-color'  target=\"_blank\"  rel=\"noopener noreferrer\"  aria-label=\"Roosa Niemi Tulospalvelussa\"><span class='avia_button_icon avia_button_icon_left avia-iconfont avia-font-flaticon-sports' data-av_icon='\uf15b' data-av_iconfont='flaticon-sports' ><\/span><span class='avia_iconbox_title' >Roosa Niemi Tulospalvelussa<\/span><\/a><\/div><br \/>\n<div  class='avia-button-wrap av-o07bm0-5485542ae676a76da202360f1b310076-wrap avia-button-right  avia-builder-el-3  el_after_av_button  avia-builder-el-last '><a href='https:\/\/aktialiiga.fi\/naiset\/historia\/kuukauden-tahtipelaajat-kautta-aikojen\/'  class='avia-button av-o07bm0-5485542ae676a76da202360f1b310076 av-link-btn avia-icon_select-no avia-size-medium avia-position-right avia-color-theme-color'   aria-label=\"Kuukauden t\u00e4htipelaajat kautta aikojen\"><span class='avia_iconbox_title' >Kuukauden t\u00e4htipelaajat kautta aikojen<\/span><\/a><\/div><\/p><\/div>\n<div class='av-flex-placeholder'><\/div><div  class='flex_column av-1ae7ydk-861d3b71d75169d93cf58004f46e5dbc av_one_half  avia-builder-el-4  el_after_av_one_half  el_before_av_hr  flex_column_table_cell av-equal-height-column av-align-top  '     ><style type=\"text\/css\" data-created_by=\"avia_inline_auto\" id=\"style-css-av-tw1cnc-e392a67be198d146ea88258ac92775cd\">\n.avia-image-container.av-tw1cnc-e392a67be198d146ea88258ac92775cd img.avia_image{\nbox-shadow:none;\n}\n.avia-image-container.av-tw1cnc-e392a67be198d146ea88258ac92775cd .av-image-caption-overlay-center{\ncolor:#ffffff;\n}\n<\/style>\n<div  class='avia-image-container av-tw1cnc-e392a67be198d146ea88258ac92775cd av-styling- avia-align-center  avia-builder-el-5  avia-builder-el-no-sibling '   itemprop=\"image\" itemscope=\"itemscope\" itemtype=\"https:\/\/schema.org\/ImageObject\" ><div class=\"avia-image-container-inner\"><div class=\"avia-image-overlay-wrap\"><img decoding=\"async\" fetchpriority=\"high\" class='wp-image-35322 avia-img-lazy-loading-not-35322 avia_image ' src=\"https:\/\/aktialiiga.fi\/naiset\/wp-content\/uploads\/sites\/6\/2023\/12\/Sep-23-5598-687x1030.jpg\" alt='' title='Sep-23-5598'  height=\"1030\" width=\"687\"  itemprop=\"thumbnailUrl\" srcset=\"https:\/\/aktialiiga.fi\/naiset\/wp-content\/uploads\/sites\/6\/2023\/12\/Sep-23-5598-687x1030.jpg 687w, https:\/\/aktialiiga.fi\/naiset\/wp-content\/uploads\/sites\/6\/2023\/12\/Sep-23-5598-200x300.jpg 200w, https:\/\/aktialiiga.fi\/naiset\/wp-content\/uploads\/sites\/6\/2023\/12\/Sep-23-5598-768x1152.jpg 768w, https:\/\/aktialiiga.fi\/naiset\/wp-content\/uploads\/sites\/6\/2023\/12\/Sep-23-5598-1024x1536.jpg 1024w, https:\/\/aktialiiga.fi\/naiset\/wp-content\/uploads\/sites\/6\/2023\/12\/Sep-23-5598-800x1200.jpg 800w, https:\/\/aktialiiga.fi\/naiset\/wp-content\/uploads\/sites\/6\/2023\/12\/Sep-23-5598-1000x1500.jpg 1000w, https:\/\/aktialiiga.fi\/naiset\/wp-content\/uploads\/sites\/6\/2023\/12\/Sep-23-5598-470x705.jpg 470w, https:\/\/aktialiiga.fi\/naiset\/wp-content\/uploads\/sites\/6\/2023\/12\/Sep-23-5598.jpg 1280w\" sizes=\"(max-width: 687px) 100vw, 687px\" \/><\/div><\/div><\/div><\/div><\/div><!--close column table wrapper. Autoclose: 1 -->\n\n<style type=\"text\/css\" data-created_by=\"avia_inline_auto\" id=\"style-css-av-lb50cdra-841fefe9a9c8d328eef7a0f96cb7cfa1\">\n#top .hr.hr-invisible.av-lb50cdra-841fefe9a9c8d328eef7a0f96cb7cfa1{\nheight:50px;\n}\n<\/style>\n<div  class='hr av-lb50cdra-841fefe9a9c8d328eef7a0f96cb7cfa1 hr-invisible  avia-builder-el-6  el_after_av_one_half  avia-builder-el-last '><span class='hr-inner '><span class=\"hr-inner-style\"><\/span><\/span><\/div>\n","protected":false},"excerpt":{"rendered":"<p>SM-sarjaa johtavan HIFK:n viimeinen lukko Roosa Niemi on valittu k\u00e4sipallon naisten SM-sarjan joulukuun t\u00e4htipelaajaksi. 23-vuotias maalivahti saalisti otteluissa SIF:i\u00e4 ja GrIFK:ta vastaan yhteens\u00e4 viisi t\u00e4hte\u00e4. Valinta on HIFK:lle jo kolmas t\u00e4ll\u00e4 kaudella ja se on Niemelle uran kolmas. Kahden viime kauden pronssijoukkue on noussut alkukauden perusteella vahvaksi finaali- ja mestaruuskandidaatiksi. 10:n sarjakierroksen j\u00e4lkeen saldona on [&hellip;]<\/p>\n","protected":false},"author":13,"featured_media":35449,"comment_status":"closed","ping_status":"closed","sticky":false,"template":"","format":"standard","meta":{"_acf_changed":false,"jetpack_post_was_ever_published":false,"_jetpack_newsletter_access":"","_jetpack_dont_email_post_to_subs":false,"_jetpack_newsletter_tier_id":0,"_jetpack_memberships_contains_paywalled_content":false,"_jetpack_memberships_contains_paid_content":false,"footnotes":""},"categories":[2],"tags":[61,90],"class_list":["post-35398","post","type-post","status-publish","format-standard","has-post-thumbnail","hentry","category-ajankohtaista","tag-hifk","tag-tahtipelaaja"],"acf":[],"yoast_head":"<!-- This site is optimized with the Yoast SEO plugin v27.5 - https:\/\/yoast.com\/product\/yoast-seo-wordpress\/ -->\n<title>Roosa Niemi joulukuun t\u00e4htipelaaja | K\u00e4sipallon naisten Aktialiiga<\/title>\n<meta name=\"robots\" content=\"index, follow, max-snippet:-1, max-image-preview:large, max-video-preview:-1\" \/>\n<link rel=\"canonical\" href=\"https:\/\/aktialiiga.fi\/naiset\/ajankohtaista\/roosa-niemi-joulukuun-tahtipelaaja\/\" \/>\n<meta property=\"og:locale\" content=\"fi_FI\" \/>\n<meta property=\"og:type\" content=\"article\" \/>\n<meta property=\"og:title\" content=\"Roosa Niemi joulukuun t\u00e4htipelaaja | K\u00e4sipallon naisten Aktialiiga\" \/>\n<meta property=\"og:description\" content=\"SM-sarjaa johtavan HIFK:n viimeinen lukko Roosa Niemi on valittu k\u00e4sipallon naisten SM-sarjan joulukuun t\u00e4htipelaajaksi. 23-vuotias maalivahti saalisti otteluissa SIF:i\u00e4 ja GrIFK:ta vastaan yhteens\u00e4 viisi t\u00e4hte\u00e4. Valinta on HIFK:lle jo kolmas t\u00e4ll\u00e4 kaudella ja se on Niemelle uran kolmas. Kahden viime kauden pronssijoukkue on noussut alkukauden perusteella vahvaksi finaali- ja mestaruuskandidaatiksi. 10:n sarjakierroksen j\u00e4lkeen saldona on [&hellip;]\" \/>\n<meta property=\"og:url\" content=\"https:\/\/aktialiiga.fi\/naiset\/ajankohtaista\/roosa-niemi-joulukuun-tahtipelaaja\/\" \/>\n<meta property=\"og:site_name\" content=\"K\u00e4sipallon naisten Aktialiiga\" \/>\n<meta property=\"article:publisher\" content=\"https:\/\/www.facebook.com\/finnhandball\" \/>\n<meta property=\"article:published_time\" content=\"2023-12-22T14:24:22+00:00\" \/>\n<meta property=\"article:modified_time\" content=\"2024-12-03T10:31:25+00:00\" \/>\n<meta property=\"og:image\" content=\"https:\/\/aktialiiga.fi\/naiset\/wp-content\/uploads\/sites\/6\/2023\/12\/kp30092023_9749.jpg\" \/>\n\t<meta property=\"og:image:width\" content=\"1200\" \/>\n\t<meta property=\"og:image:height\" content=\"800\" \/>\n\t<meta property=\"og:image:type\" content=\"image\/jpeg\" \/>\n<meta name=\"author\" content=\"tbrmedia\" \/>\n<meta name=\"twitter:card\" content=\"summary_large_image\" \/>\n<meta name=\"twitter:creator\" content=\"@finnhandball\" \/>\n<meta name=\"twitter:site\" content=\"@finnhandball\" \/>\n<script type=\"application\/ld+json\" class=\"yoast-schema-graph\">{\"@context\":\"https:\\\/\\\/schema.org\",\"@graph\":[{\"@type\":\"Article\",\"@id\":\"https:\\\/\\\/aktialiiga.fi\\\/naiset\\\/ajankohtaista\\\/roosa-niemi-joulukuun-tahtipelaaja\\\/#article\",\"isPartOf\":{\"@id\":\"https:\\\/\\\/aktialiiga.fi\\\/naiset\\\/ajankohtaista\\\/roosa-niemi-joulukuun-tahtipelaaja\\\/\"},\"author\":{\"name\":\"tbrmedia\",\"@id\":\"https:\\\/\\\/aktialiiga.fi\\\/naiset\\\/#\\\/schema\\\/person\\\/c14bf42f47041db74603c45afcb18d87\"},\"headline\":\"Roosa Niemi joulukuun t\u00e4htipelaaja\",\"datePublished\":\"2023-12-22T14:24:22+00:00\",\"dateModified\":\"2024-12-03T10:31:25+00:00\",\"mainEntityOfPage\":{\"@id\":\"https:\\\/\\\/aktialiiga.fi\\\/naiset\\\/ajankohtaista\\\/roosa-niemi-joulukuun-tahtipelaaja\\\/\"},\"wordCount\":1747,\"publisher\":{\"@id\":\"https:\\\/\\\/aktialiiga.fi\\\/naiset\\\/#organization\"},\"image\":{\"@id\":\"https:\\\/\\\/aktialiiga.fi\\\/naiset\\\/ajankohtaista\\\/roosa-niemi-joulukuun-tahtipelaaja\\\/#primaryimage\"},\"thumbnailUrl\":\"https:\\\/\\\/aktialiiga.fi\\\/naiset\\\/wp-content\\\/uploads\\\/sites\\\/6\\\/2023\\\/12\\\/kp30092023_9749.jpg\",\"keywords\":[\"HIFK\",\"T\u00e4htipelaaja\"],\"articleSection\":[\"Ajankohtaista\"],\"inLanguage\":\"fi\"},{\"@type\":\"WebPage\",\"@id\":\"https:\\\/\\\/aktialiiga.fi\\\/naiset\\\/ajankohtaista\\\/roosa-niemi-joulukuun-tahtipelaaja\\\/\",\"url\":\"https:\\\/\\\/aktialiiga.fi\\\/naiset\\\/ajankohtaista\\\/roosa-niemi-joulukuun-tahtipelaaja\\\/\",\"name\":\"Roosa Niemi joulukuun t\u00e4htipelaaja | K\u00e4sipallon naisten Aktialiiga\",\"isPartOf\":{\"@id\":\"https:\\\/\\\/aktialiiga.fi\\\/naiset\\\/#website\"},\"primaryImageOfPage\":{\"@id\":\"https:\\\/\\\/aktialiiga.fi\\\/naiset\\\/ajankohtaista\\\/roosa-niemi-joulukuun-tahtipelaaja\\\/#primaryimage\"},\"image\":{\"@id\":\"https:\\\/\\\/aktialiiga.fi\\\/naiset\\\/ajankohtaista\\\/roosa-niemi-joulukuun-tahtipelaaja\\\/#primaryimage\"},\"thumbnailUrl\":\"https:\\\/\\\/aktialiiga.fi\\\/naiset\\\/wp-content\\\/uploads\\\/sites\\\/6\\\/2023\\\/12\\\/kp30092023_9749.jpg\",\"datePublished\":\"2023-12-22T14:24:22+00:00\",\"dateModified\":\"2024-12-03T10:31:25+00:00\",\"breadcrumb\":{\"@id\":\"https:\\\/\\\/aktialiiga.fi\\\/naiset\\\/ajankohtaista\\\/roosa-niemi-joulukuun-tahtipelaaja\\\/#breadcrumb\"},\"inLanguage\":\"fi\",\"potentialAction\":[{\"@type\":\"ReadAction\",\"target\":[\"https:\\\/\\\/aktialiiga.fi\\\/naiset\\\/ajankohtaista\\\/roosa-niemi-joulukuun-tahtipelaaja\\\/\"]}]},{\"@type\":\"ImageObject\",\"inLanguage\":\"fi\",\"@id\":\"https:\\\/\\\/aktialiiga.fi\\\/naiset\\\/ajankohtaista\\\/roosa-niemi-joulukuun-tahtipelaaja\\\/#primaryimage\",\"url\":\"https:\\\/\\\/aktialiiga.fi\\\/naiset\\\/wp-content\\\/uploads\\\/sites\\\/6\\\/2023\\\/12\\\/kp30092023_9749.jpg\",\"contentUrl\":\"https:\\\/\\\/aktialiiga.fi\\\/naiset\\\/wp-content\\\/uploads\\\/sites\\\/6\\\/2023\\\/12\\\/kp30092023_9749.jpg\",\"width\":1200,\"height\":800,\"caption\":\"Roosa Niemi, HIFK k\u00e4sipallo naisten SM-sarja BK-46 - HIFK Karjaan Urheiluhalli 30. syyskuuta 2023. (Kalle Parkkinen\\\/Newspix24)\"},{\"@type\":\"BreadcrumbList\",\"@id\":\"https:\\\/\\\/aktialiiga.fi\\\/naiset\\\/ajankohtaista\\\/roosa-niemi-joulukuun-tahtipelaaja\\\/#breadcrumb\",\"itemListElement\":[{\"@type\":\"ListItem\",\"position\":1,\"name\":\"Etusivu\",\"item\":\"https:\\\/\\\/aktialiiga.fi\\\/naiset\\\/\"},{\"@type\":\"ListItem\",\"position\":2,\"name\":\"Roosa Niemi joulukuun t\u00e4htipelaaja\"}]},{\"@type\":\"WebSite\",\"@id\":\"https:\\\/\\\/aktialiiga.fi\\\/naiset\\\/#website\",\"url\":\"https:\\\/\\\/aktialiiga.fi\\\/naiset\\\/\",\"name\":\"K\u00e4sipallon naisten Aktialiiga\",\"description\":\"Valtakunnan vauhdikkainta palloilua!\",\"publisher\":{\"@id\":\"https:\\\/\\\/aktialiiga.fi\\\/naiset\\\/#organization\"},\"potentialAction\":[{\"@type\":\"SearchAction\",\"target\":{\"@type\":\"EntryPoint\",\"urlTemplate\":\"https:\\\/\\\/aktialiiga.fi\\\/naiset\\\/?s={search_term_string}\"},\"query-input\":{\"@type\":\"PropertyValueSpecification\",\"valueRequired\":true,\"valueName\":\"search_term_string\"}}],\"inLanguage\":\"fi\"},{\"@type\":\"Organization\",\"@id\":\"https:\\\/\\\/aktialiiga.fi\\\/naiset\\\/#organization\",\"name\":\"K\u00e4sipallon naisten Aktialiiga\",\"url\":\"https:\\\/\\\/aktialiiga.fi\\\/naiset\\\/\",\"logo\":{\"@type\":\"ImageObject\",\"inLanguage\":\"fi\",\"@id\":\"https:\\\/\\\/aktialiiga.fi\\\/naiset\\\/#\\\/schema\\\/logo\\\/image\\\/\",\"url\":\"https:\\\/\\\/aktialiiga.fi\\\/naiset\\\/wp-content\\\/uploads\\\/sites\\\/6\\\/2024\\\/09\\\/Aktialiiga-Yoast-512.png\",\"contentUrl\":\"https:\\\/\\\/aktialiiga.fi\\\/naiset\\\/wp-content\\\/uploads\\\/sites\\\/6\\\/2024\\\/09\\\/Aktialiiga-Yoast-512.png\",\"width\":512,\"height\":512,\"caption\":\"K\u00e4sipallon naisten Aktialiiga\"},\"image\":{\"@id\":\"https:\\\/\\\/aktialiiga.fi\\\/naiset\\\/#\\\/schema\\\/logo\\\/image\\\/\"},\"sameAs\":[\"https:\\\/\\\/www.facebook.com\\\/finnhandball\",\"https:\\\/\\\/x.com\\\/finnhandball\",\"https:\\\/\\\/www.instagram.com\\\/handballfinland\\\/\"]},{\"@type\":\"Person\",\"@id\":\"https:\\\/\\\/aktialiiga.fi\\\/naiset\\\/#\\\/schema\\\/person\\\/c14bf42f47041db74603c45afcb18d87\",\"name\":\"tbrmedia\",\"image\":{\"@type\":\"ImageObject\",\"inLanguage\":\"fi\",\"@id\":\"https:\\\/\\\/secure.gravatar.com\\\/avatar\\\/ee975fa091fe581d12b60debb3439022686618368a7c142044c56724d4666b16?s=96&d=mm&r=g\",\"url\":\"https:\\\/\\\/secure.gravatar.com\\\/avatar\\\/ee975fa091fe581d12b60debb3439022686618368a7c142044c56724d4666b16?s=96&d=mm&r=g\",\"contentUrl\":\"https:\\\/\\\/secure.gravatar.com\\\/avatar\\\/ee975fa091fe581d12b60debb3439022686618368a7c142044c56724d4666b16?s=96&d=mm&r=g\",\"caption\":\"tbrmedia\"}}]}<\/script>\n<!-- \/ Yoast SEO plugin. -->","yoast_head_json":{"title":"Roosa Niemi joulukuun t\u00e4htipelaaja | K\u00e4sipallon naisten Aktialiiga","robots":{"index":"index","follow":"follow","max-snippet":"max-snippet:-1","max-image-preview":"max-image-preview:large","max-video-preview":"max-video-preview:-1"},"canonical":"https:\/\/aktialiiga.fi\/naiset\/ajankohtaista\/roosa-niemi-joulukuun-tahtipelaaja\/","og_locale":"fi_FI","og_type":"article","og_title":"Roosa Niemi joulukuun t\u00e4htipelaaja | K\u00e4sipallon naisten Aktialiiga","og_description":"SM-sarjaa johtavan HIFK:n viimeinen lukko Roosa Niemi on valittu k\u00e4sipallon naisten SM-sarjan joulukuun t\u00e4htipelaajaksi. 23-vuotias maalivahti saalisti otteluissa SIF:i\u00e4 ja GrIFK:ta vastaan yhteens\u00e4 viisi t\u00e4hte\u00e4. Valinta on HIFK:lle jo kolmas t\u00e4ll\u00e4 kaudella ja se on Niemelle uran kolmas. Kahden viime kauden pronssijoukkue on noussut alkukauden perusteella vahvaksi finaali- ja mestaruuskandidaatiksi. 10:n sarjakierroksen j\u00e4lkeen saldona on [&hellip;]","og_url":"https:\/\/aktialiiga.fi\/naiset\/ajankohtaista\/roosa-niemi-joulukuun-tahtipelaaja\/","og_site_name":"K\u00e4sipallon naisten Aktialiiga","article_publisher":"https:\/\/www.facebook.com\/finnhandball","article_published_time":"2023-12-22T14:24:22+00:00","article_modified_time":"2024-12-03T10:31:25+00:00","og_image":[{"width":1200,"height":800,"url":"https:\/\/aktialiiga.fi\/naiset\/wp-content\/uploads\/sites\/6\/2023\/12\/kp30092023_9749.jpg","type":"image\/jpeg"}],"author":"tbrmedia","twitter_card":"summary_large_image","twitter_creator":"@finnhandball","twitter_site":"@finnhandball","schema":{"@context":"https:\/\/schema.org","@graph":[{"@type":"Article","@id":"https:\/\/aktialiiga.fi\/naiset\/ajankohtaista\/roosa-niemi-joulukuun-tahtipelaaja\/#article","isPartOf":{"@id":"https:\/\/aktialiiga.fi\/naiset\/ajankohtaista\/roosa-niemi-joulukuun-tahtipelaaja\/"},"author":{"name":"tbrmedia","@id":"https:\/\/aktialiiga.fi\/naiset\/#\/schema\/person\/c14bf42f47041db74603c45afcb18d87"},"headline":"Roosa Niemi joulukuun t\u00e4htipelaaja","datePublished":"2023-12-22T14:24:22+00:00","dateModified":"2024-12-03T10:31:25+00:00","mainEntityOfPage":{"@id":"https:\/\/aktialiiga.fi\/naiset\/ajankohtaista\/roosa-niemi-joulukuun-tahtipelaaja\/"},"wordCount":1747,"publisher":{"@id":"https:\/\/aktialiiga.fi\/naiset\/#organization"},"image":{"@id":"https:\/\/aktialiiga.fi\/naiset\/ajankohtaista\/roosa-niemi-joulukuun-tahtipelaaja\/#primaryimage"},"thumbnailUrl":"https:\/\/aktialiiga.fi\/naiset\/wp-content\/uploads\/sites\/6\/2023\/12\/kp30092023_9749.jpg","keywords":["HIFK","T\u00e4htipelaaja"],"articleSection":["Ajankohtaista"],"inLanguage":"fi"},{"@type":"WebPage","@id":"https:\/\/aktialiiga.fi\/naiset\/ajankohtaista\/roosa-niemi-joulukuun-tahtipelaaja\/","url":"https:\/\/aktialiiga.fi\/naiset\/ajankohtaista\/roosa-niemi-joulukuun-tahtipelaaja\/","name":"Roosa Niemi joulukuun t\u00e4htipelaaja | K\u00e4sipallon naisten Aktialiiga","isPartOf":{"@id":"https:\/\/aktialiiga.fi\/naiset\/#website"},"primaryImageOfPage":{"@id":"https:\/\/aktialiiga.fi\/naiset\/ajankohtaista\/roosa-niemi-joulukuun-tahtipelaaja\/#primaryimage"},"image":{"@id":"https:\/\/aktialiiga.fi\/naiset\/ajankohtaista\/roosa-niemi-joulukuun-tahtipelaaja\/#primaryimage"},"thumbnailUrl":"https:\/\/aktialiiga.fi\/naiset\/wp-content\/uploads\/sites\/6\/2023\/12\/kp30092023_9749.jpg","datePublished":"2023-12-22T14:24:22+00:00","dateModified":"2024-12-03T10:31:25+00:00","breadcrumb":{"@id":"https:\/\/aktialiiga.fi\/naiset\/ajankohtaista\/roosa-niemi-joulukuun-tahtipelaaja\/#breadcrumb"},"inLanguage":"fi","potentialAction":[{"@type":"ReadAction","target":["https:\/\/aktialiiga.fi\/naiset\/ajankohtaista\/roosa-niemi-joulukuun-tahtipelaaja\/"]}]},{"@type":"ImageObject","inLanguage":"fi","@id":"https:\/\/aktialiiga.fi\/naiset\/ajankohtaista\/roosa-niemi-joulukuun-tahtipelaaja\/#primaryimage","url":"https:\/\/aktialiiga.fi\/naiset\/wp-content\/uploads\/sites\/6\/2023\/12\/kp30092023_9749.jpg","contentUrl":"https:\/\/aktialiiga.fi\/naiset\/wp-content\/uploads\/sites\/6\/2023\/12\/kp30092023_9749.jpg","width":1200,"height":800,"caption":"Roosa Niemi, HIFK k\u00e4sipallo naisten SM-sarja BK-46 - HIFK Karjaan Urheiluhalli 30. syyskuuta 2023. (Kalle Parkkinen\/Newspix24)"},{"@type":"BreadcrumbList","@id":"https:\/\/aktialiiga.fi\/naiset\/ajankohtaista\/roosa-niemi-joulukuun-tahtipelaaja\/#breadcrumb","itemListElement":[{"@type":"ListItem","position":1,"name":"Etusivu","item":"https:\/\/aktialiiga.fi\/naiset\/"},{"@type":"ListItem","position":2,"name":"Roosa Niemi joulukuun t\u00e4htipelaaja"}]},{"@type":"WebSite","@id":"https:\/\/aktialiiga.fi\/naiset\/#website","url":"https:\/\/aktialiiga.fi\/naiset\/","name":"K\u00e4sipallon naisten Aktialiiga","description":"Valtakunnan vauhdikkainta palloilua!","publisher":{"@id":"https:\/\/aktialiiga.fi\/naiset\/#organization"},"potentialAction":[{"@type":"SearchAction","target":{"@type":"EntryPoint","urlTemplate":"https:\/\/aktialiiga.fi\/naiset\/?s={search_term_string}"},"query-input":{"@type":"PropertyValueSpecification","valueRequired":true,"valueName":"search_term_string"}}],"inLanguage":"fi"},{"@type":"Organization","@id":"https:\/\/aktialiiga.fi\/naiset\/#organization","name":"K\u00e4sipallon naisten Aktialiiga","url":"https:\/\/aktialiiga.fi\/naiset\/","logo":{"@type":"ImageObject","inLanguage":"fi","@id":"https:\/\/aktialiiga.fi\/naiset\/#\/schema\/logo\/image\/","url":"https:\/\/aktialiiga.fi\/naiset\/wp-content\/uploads\/sites\/6\/2024\/09\/Aktialiiga-Yoast-512.png","contentUrl":"https:\/\/aktialiiga.fi\/naiset\/wp-content\/uploads\/sites\/6\/2024\/09\/Aktialiiga-Yoast-512.png","width":512,"height":512,"caption":"K\u00e4sipallon naisten Aktialiiga"},"image":{"@id":"https:\/\/aktialiiga.fi\/naiset\/#\/schema\/logo\/image\/"},"sameAs":["https:\/\/www.facebook.com\/finnhandball","https:\/\/x.com\/finnhandball","https:\/\/www.instagram.com\/handballfinland\/"]},{"@type":"Person","@id":"https:\/\/aktialiiga.fi\/naiset\/#\/schema\/person\/c14bf42f47041db74603c45afcb18d87","name":"tbrmedia","image":{"@type":"ImageObject","inLanguage":"fi","@id":"https:\/\/secure.gravatar.com\/avatar\/ee975fa091fe581d12b60debb3439022686618368a7c142044c56724d4666b16?s=96&d=mm&r=g","url":"https:\/\/secure.gravatar.com\/avatar\/ee975fa091fe581d12b60debb3439022686618368a7c142044c56724d4666b16?s=96&d=mm&r=g","contentUrl":"https:\/\/secure.gravatar.com\/avatar\/ee975fa091fe581d12b60debb3439022686618368a7c142044c56724d4666b16?s=96&d=mm&r=g","caption":"tbrmedia"}}]}},"jetpack_featured_media_url":"https:\/\/aktialiiga.fi\/naiset\/wp-content\/uploads\/sites\/6\/2023\/12\/kp30092023_9749.jpg","jetpack_sharing_enabled":true,"jetpack_shortlink":"https:\/\/wp.me\/pfYhm6-9cW","_links":{"self":[{"href":"https:\/\/aktialiiga.fi\/naiset\/wp-json\/wp\/v2\/posts\/35398","targetHints":{"allow":["GET"]}}],"collection":[{"href":"https:\/\/aktialiiga.fi\/naiset\/wp-json\/wp\/v2\/posts"}],"about":[{"href":"https:\/\/aktialiiga.fi\/naiset\/wp-json\/wp\/v2\/types\/post"}],"author":[{"embeddable":true,"href":"https:\/\/aktialiiga.fi\/naiset\/wp-json\/wp\/v2\/users\/13"}],"replies":[{"embeddable":true,"href":"https:\/\/aktialiiga.fi\/naiset\/wp-json\/wp\/v2\/comments?post=35398"}],"version-history":[{"count":3,"href":"https:\/\/aktialiiga.fi\/naiset\/wp-json\/wp\/v2\/posts\/35398\/revisions"}],"predecessor-version":[{"id":42009,"href":"https:\/\/aktialiiga.fi\/naiset\/wp-json\/wp\/v2\/posts\/35398\/revisions\/42009"}],"wp:featuredmedia":[{"embeddable":true,"href":"https:\/\/aktialiiga.fi\/naiset\/wp-json\/wp\/v2\/media\/35449"}],"wp:attachment":[{"href":"https:\/\/aktialiiga.fi\/naiset\/wp-json\/wp\/v2\/media?parent=35398"}],"wp:term":[{"taxonomy":"category","embeddable":true,"href":"https:\/\/aktialiiga.fi\/naiset\/wp-json\/wp\/v2\/categories?post=35398"},{"taxonomy":"post_tag","embeddable":true,"href":"https:\/\/aktialiiga.fi\/naiset\/wp-json\/wp\/v2\/tags?post=35398"}],"curies":[{"name":"wp","href":"https:\/\/api.w.org\/{rel}","templated":true}]}}