{"id":35802,"date":"2024-02-12T22:29:40","date_gmt":"2024-02-12T20:29:40","guid":{"rendered":"https:\/\/aktialiiga.fi\/naiset\/?p=35802"},"modified":"2025-05-12T11:17:49","modified_gmt":"2025-05-12T08:17:49","slug":"petri-vayrynen-jatkaa-dickenin-naisten-paavalmentajana-kaudelle-2024-2025","status":"publish","type":"post","link":"https:\/\/aktialiiga.fi\/naiset\/ajankohtaista\/petri-vayrynen-jatkaa-dickenin-naisten-paavalmentajana-kaudelle-2024-2025\/","title":{"rendered":"Petri V\u00e4yrynen jatkaa Dickenin naisten p\u00e4\u00e4valmentajana kaudelle 2024-2025"},"content":{"rendered":"<p>Syksyll\u00e4 2023 naisten valmennusvastuun Dickeniss\u00e4 ottanut Petri &#8221;Petu&#8221; V\u00e4yrynen jatkaa naisten p\u00e4\u00e4valmentajana my\u00f6s ensi kaudella.<\/p>\n<p>V\u00e4yrynen itse ottaa jatkon kunnia-asiana.<\/p>\n<p>&#8211; Iso kiitos Dickenille seurana sek\u00e4 koko NSM-joukkueelle siit\u00e4 kuinka l\u00e4mpim\u00e4sti minut on otettu vastaan. Kauden aloitus oli iso haaste joukkueelle ja hyvin olemme joukkueena siit\u00e4 selvinneet. Nuori, osittain hyvin kokematon joukkue on kehittynyt kauden mittaan isoja askelia ja parempaa on varmasti viel\u00e4 luvassa pelin kehittyess\u00e4 kev\u00e4\u00e4n ratkaisupeleihin.<\/p>\n<p>&#8211; Hyv\u00e4 ja laadukas kes\u00e4harjoittelu mahdollistaa joukkueelle seuraavan ison askeleen oton. Nuoret pelaajat kun saavat lis\u00e4\u00e4 kokemusta tiukoista peleist\u00e4 n\u00e4kyy se my\u00f6s jatkossa tulostaululla. Odotan jo innolla tulevaa kautta!<\/p>\n<p>Dickenin joukkueen GM Markku Enstr\u00f6m pit\u00e4\u00e4 V\u00e4yrysen jatkoa erinomaisen uutisena.<\/p>\n<p>&#8211; Hienoa ett\u00e4 Petu jatkaa meill\u00e4 ensi kauteen. Petu on osoittautunut hyv\u00e4ksi valmentajaksi joka on onnistunut erityisesti nuorten pelaajien kanssa. Peli on my\u00f6s kauden mittaan kehittynyt oikeaan suuntaan. Ensi kaudelta voidaankin odottaa viel\u00e4kin parempaa Dickeni\u00e4!<\/p>\n","protected":false},"excerpt":{"rendered":"<p>Syksyll\u00e4 2023 naisten valmennusvastuun Dickeniss\u00e4 ottanut Petri &#8221;Petu&#8221; V\u00e4yrynen jatkaa naisten p\u00e4\u00e4valmentajana my\u00f6s ensi kaudella. V\u00e4yrynen itse ottaa jatkon kunnia-asiana. &#8211; Iso kiitos Dickenille seurana sek\u00e4 koko NSM-joukkueelle siit\u00e4 kuinka l\u00e4mpim\u00e4sti minut on otettu vastaan. Kauden aloitus oli iso haaste joukkueelle ja hyvin olemme joukkueena siit\u00e4 selvinneet. Nuori, osittain hyvin kokematon joukkue on kehittynyt kauden [&hellip;]<\/p>\n","protected":false},"author":13,"featured_media":35803,"comment_status":"closed","ping_status":"closed","sticky":false,"template":"","format":"standard","meta":{"_acf_changed":false,"jetpack_post_was_ever_published":false,"_jetpack_newsletter_access":"","_jetpack_dont_email_post_to_subs":false,"_jetpack_newsletter_tier_id":0,"_jetpack_memberships_contains_paywalled_content":false,"_jetpack_memberships_contains_paid_content":false,"footnotes":""},"categories":[2],"tags":[51,264],"class_list":["post-35802","post","type-post","status-publish","format-standard","has-post-thumbnail","hentry","category-ajankohtaista","tag-dicken","tag-siirrot-ja-jatkosopimukset"],"acf":[],"yoast_head":"<!-- This site is optimized with the Yoast SEO plugin v27.5 - https:\/\/yoast.com\/product\/yoast-seo-wordpress\/ -->\n<title>Petri V\u00e4yrynen jatkaa Dickenin naisten p\u00e4\u00e4valmentajana kaudelle 2024-2025 | K\u00e4sipallon naisten Aktialiiga<\/title>\n<meta name=\"robots\" content=\"index, follow, max-snippet:-1, max-image-preview:large, max-video-preview:-1\" \/>\n<link rel=\"canonical\" href=\"https:\/\/aktialiiga.fi\/naiset\/ajankohtaista\/petri-vayrynen-jatkaa-dickenin-naisten-paavalmentajana-kaudelle-2024-2025\/\" \/>\n<meta property=\"og:locale\" content=\"fi_FI\" \/>\n<meta property=\"og:type\" content=\"article\" \/>\n<meta property=\"og:title\" content=\"Petri V\u00e4yrynen jatkaa Dickenin naisten p\u00e4\u00e4valmentajana kaudelle 2024-2025 | K\u00e4sipallon naisten Aktialiiga\" \/>\n<meta property=\"og:description\" content=\"Syksyll\u00e4 2023 naisten valmennusvastuun Dickeniss\u00e4 ottanut Petri &#8221;Petu&#8221; V\u00e4yrynen jatkaa naisten p\u00e4\u00e4valmentajana my\u00f6s ensi kaudella. V\u00e4yrynen itse ottaa jatkon kunnia-asiana. &#8211; Iso kiitos Dickenille seurana sek\u00e4 koko NSM-joukkueelle siit\u00e4 kuinka l\u00e4mpim\u00e4sti minut on otettu vastaan. Kauden aloitus oli iso haaste joukkueelle ja hyvin olemme joukkueena siit\u00e4 selvinneet. Nuori, osittain hyvin kokematon joukkue on kehittynyt kauden [&hellip;]\" \/>\n<meta property=\"og:url\" content=\"https:\/\/aktialiiga.fi\/naiset\/ajankohtaista\/petri-vayrynen-jatkaa-dickenin-naisten-paavalmentajana-kaudelle-2024-2025\/\" \/>\n<meta property=\"og:site_name\" content=\"K\u00e4sipallon naisten Aktialiiga\" \/>\n<meta property=\"article:publisher\" content=\"https:\/\/www.facebook.com\/finnhandball\" \/>\n<meta property=\"article:published_time\" content=\"2024-02-12T20:29:40+00:00\" \/>\n<meta property=\"article:modified_time\" content=\"2025-05-12T08:17:49+00:00\" \/>\n<meta property=\"og:image\" content=\"https:\/\/aktialiiga.fi\/naiset\/wp-content\/uploads\/sites\/6\/2024\/02\/Vayrynen_Petri_2024_Dicken.jpg\" \/>\n\t<meta property=\"og:image:width\" content=\"2017\" \/>\n\t<meta property=\"og:image:height\" content=\"930\" \/>\n\t<meta property=\"og:image:type\" content=\"image\/jpeg\" \/>\n<meta name=\"author\" content=\"tbrmedia\" \/>\n<meta name=\"twitter:card\" content=\"summary_large_image\" \/>\n<meta name=\"twitter:creator\" content=\"@finnhandball\" \/>\n<meta name=\"twitter:site\" content=\"@finnhandball\" \/>\n<script type=\"application\/ld+json\" class=\"yoast-schema-graph\">{\"@context\":\"https:\\\/\\\/schema.org\",\"@graph\":[{\"@type\":\"Article\",\"@id\":\"https:\\\/\\\/aktialiiga.fi\\\/naiset\\\/ajankohtaista\\\/petri-vayrynen-jatkaa-dickenin-naisten-paavalmentajana-kaudelle-2024-2025\\\/#article\",\"isPartOf\":{\"@id\":\"https:\\\/\\\/aktialiiga.fi\\\/naiset\\\/ajankohtaista\\\/petri-vayrynen-jatkaa-dickenin-naisten-paavalmentajana-kaudelle-2024-2025\\\/\"},\"author\":{\"name\":\"tbrmedia\",\"@id\":\"https:\\\/\\\/aktialiiga.fi\\\/naiset\\\/#\\\/schema\\\/person\\\/c14bf42f47041db74603c45afcb18d87\"},\"headline\":\"Petri V\u00e4yrynen jatkaa Dickenin naisten p\u00e4\u00e4valmentajana kaudelle 2024-2025\",\"datePublished\":\"2024-02-12T20:29:40+00:00\",\"dateModified\":\"2025-05-12T08:17:49+00:00\",\"mainEntityOfPage\":{\"@id\":\"https:\\\/\\\/aktialiiga.fi\\\/naiset\\\/ajankohtaista\\\/petri-vayrynen-jatkaa-dickenin-naisten-paavalmentajana-kaudelle-2024-2025\\\/\"},\"wordCount\":166,\"publisher\":{\"@id\":\"https:\\\/\\\/aktialiiga.fi\\\/naiset\\\/#organization\"},\"image\":{\"@id\":\"https:\\\/\\\/aktialiiga.fi\\\/naiset\\\/ajankohtaista\\\/petri-vayrynen-jatkaa-dickenin-naisten-paavalmentajana-kaudelle-2024-2025\\\/#primaryimage\"},\"thumbnailUrl\":\"https:\\\/\\\/aktialiiga.fi\\\/naiset\\\/wp-content\\\/uploads\\\/sites\\\/6\\\/2024\\\/02\\\/Vayrynen_Petri_2024_Dicken.jpg\",\"keywords\":[\"Dicken\",\"Siirrot ja jatkosopimukset\"],\"articleSection\":[\"Ajankohtaista\"],\"inLanguage\":\"fi\"},{\"@type\":\"WebPage\",\"@id\":\"https:\\\/\\\/aktialiiga.fi\\\/naiset\\\/ajankohtaista\\\/petri-vayrynen-jatkaa-dickenin-naisten-paavalmentajana-kaudelle-2024-2025\\\/\",\"url\":\"https:\\\/\\\/aktialiiga.fi\\\/naiset\\\/ajankohtaista\\\/petri-vayrynen-jatkaa-dickenin-naisten-paavalmentajana-kaudelle-2024-2025\\\/\",\"name\":\"Petri V\u00e4yrynen jatkaa Dickenin naisten p\u00e4\u00e4valmentajana kaudelle 2024-2025 | K\u00e4sipallon naisten Aktialiiga\",\"isPartOf\":{\"@id\":\"https:\\\/\\\/aktialiiga.fi\\\/naiset\\\/#website\"},\"primaryImageOfPage\":{\"@id\":\"https:\\\/\\\/aktialiiga.fi\\\/naiset\\\/ajankohtaista\\\/petri-vayrynen-jatkaa-dickenin-naisten-paavalmentajana-kaudelle-2024-2025\\\/#primaryimage\"},\"image\":{\"@id\":\"https:\\\/\\\/aktialiiga.fi\\\/naiset\\\/ajankohtaista\\\/petri-vayrynen-jatkaa-dickenin-naisten-paavalmentajana-kaudelle-2024-2025\\\/#primaryimage\"},\"thumbnailUrl\":\"https:\\\/\\\/aktialiiga.fi\\\/naiset\\\/wp-content\\\/uploads\\\/sites\\\/6\\\/2024\\\/02\\\/Vayrynen_Petri_2024_Dicken.jpg\",\"datePublished\":\"2024-02-12T20:29:40+00:00\",\"dateModified\":\"2025-05-12T08:17:49+00:00\",\"breadcrumb\":{\"@id\":\"https:\\\/\\\/aktialiiga.fi\\\/naiset\\\/ajankohtaista\\\/petri-vayrynen-jatkaa-dickenin-naisten-paavalmentajana-kaudelle-2024-2025\\\/#breadcrumb\"},\"inLanguage\":\"fi\",\"potentialAction\":[{\"@type\":\"ReadAction\",\"target\":[\"https:\\\/\\\/aktialiiga.fi\\\/naiset\\\/ajankohtaista\\\/petri-vayrynen-jatkaa-dickenin-naisten-paavalmentajana-kaudelle-2024-2025\\\/\"]}]},{\"@type\":\"ImageObject\",\"inLanguage\":\"fi\",\"@id\":\"https:\\\/\\\/aktialiiga.fi\\\/naiset\\\/ajankohtaista\\\/petri-vayrynen-jatkaa-dickenin-naisten-paavalmentajana-kaudelle-2024-2025\\\/#primaryimage\",\"url\":\"https:\\\/\\\/aktialiiga.fi\\\/naiset\\\/wp-content\\\/uploads\\\/sites\\\/6\\\/2024\\\/02\\\/Vayrynen_Petri_2024_Dicken.jpg\",\"contentUrl\":\"https:\\\/\\\/aktialiiga.fi\\\/naiset\\\/wp-content\\\/uploads\\\/sites\\\/6\\\/2024\\\/02\\\/Vayrynen_Petri_2024_Dicken.jpg\",\"width\":2017,\"height\":930},{\"@type\":\"BreadcrumbList\",\"@id\":\"https:\\\/\\\/aktialiiga.fi\\\/naiset\\\/ajankohtaista\\\/petri-vayrynen-jatkaa-dickenin-naisten-paavalmentajana-kaudelle-2024-2025\\\/#breadcrumb\",\"itemListElement\":[{\"@type\":\"ListItem\",\"position\":1,\"name\":\"Etusivu\",\"item\":\"https:\\\/\\\/aktialiiga.fi\\\/naiset\\\/\"},{\"@type\":\"ListItem\",\"position\":2,\"name\":\"Petri V\u00e4yrynen jatkaa Dickenin naisten p\u00e4\u00e4valmentajana kaudelle 2024-2025\"}]},{\"@type\":\"WebSite\",\"@id\":\"https:\\\/\\\/aktialiiga.fi\\\/naiset\\\/#website\",\"url\":\"https:\\\/\\\/aktialiiga.fi\\\/naiset\\\/\",\"name\":\"K\u00e4sipallon naisten Aktialiiga\",\"description\":\"Valtakunnan vauhdikkainta palloilua!\",\"publisher\":{\"@id\":\"https:\\\/\\\/aktialiiga.fi\\\/naiset\\\/#organization\"},\"potentialAction\":[{\"@type\":\"SearchAction\",\"target\":{\"@type\":\"EntryPoint\",\"urlTemplate\":\"https:\\\/\\\/aktialiiga.fi\\\/naiset\\\/?s={search_term_string}\"},\"query-input\":{\"@type\":\"PropertyValueSpecification\",\"valueRequired\":true,\"valueName\":\"search_term_string\"}}],\"inLanguage\":\"fi\"},{\"@type\":\"Organization\",\"@id\":\"https:\\\/\\\/aktialiiga.fi\\\/naiset\\\/#organization\",\"name\":\"K\u00e4sipallon naisten Aktialiiga\",\"url\":\"https:\\\/\\\/aktialiiga.fi\\\/naiset\\\/\",\"logo\":{\"@type\":\"ImageObject\",\"inLanguage\":\"fi\",\"@id\":\"https:\\\/\\\/aktialiiga.fi\\\/naiset\\\/#\\\/schema\\\/logo\\\/image\\\/\",\"url\":\"https:\\\/\\\/aktialiiga.fi\\\/naiset\\\/wp-content\\\/uploads\\\/sites\\\/6\\\/2024\\\/09\\\/Aktialiiga-Yoast-512.png\",\"contentUrl\":\"https:\\\/\\\/aktialiiga.fi\\\/naiset\\\/wp-content\\\/uploads\\\/sites\\\/6\\\/2024\\\/09\\\/Aktialiiga-Yoast-512.png\",\"width\":512,\"height\":512,\"caption\":\"K\u00e4sipallon naisten Aktialiiga\"},\"image\":{\"@id\":\"https:\\\/\\\/aktialiiga.fi\\\/naiset\\\/#\\\/schema\\\/logo\\\/image\\\/\"},\"sameAs\":[\"https:\\\/\\\/www.facebook.com\\\/finnhandball\",\"https:\\\/\\\/x.com\\\/finnhandball\",\"https:\\\/\\\/www.instagram.com\\\/handballfinland\\\/\"]},{\"@type\":\"Person\",\"@id\":\"https:\\\/\\\/aktialiiga.fi\\\/naiset\\\/#\\\/schema\\\/person\\\/c14bf42f47041db74603c45afcb18d87\",\"name\":\"tbrmedia\",\"image\":{\"@type\":\"ImageObject\",\"inLanguage\":\"fi\",\"@id\":\"https:\\\/\\\/secure.gravatar.com\\\/avatar\\\/ee975fa091fe581d12b60debb3439022686618368a7c142044c56724d4666b16?s=96&d=mm&r=g\",\"url\":\"https:\\\/\\\/secure.gravatar.com\\\/avatar\\\/ee975fa091fe581d12b60debb3439022686618368a7c142044c56724d4666b16?s=96&d=mm&r=g\",\"contentUrl\":\"https:\\\/\\\/secure.gravatar.com\\\/avatar\\\/ee975fa091fe581d12b60debb3439022686618368a7c142044c56724d4666b16?s=96&d=mm&r=g\",\"caption\":\"tbrmedia\"}}]}<\/script>\n<!-- \/ Yoast SEO plugin. -->","yoast_head_json":{"title":"Petri V\u00e4yrynen jatkaa Dickenin naisten p\u00e4\u00e4valmentajana kaudelle 2024-2025 | K\u00e4sipallon naisten Aktialiiga","robots":{"index":"index","follow":"follow","max-snippet":"max-snippet:-1","max-image-preview":"max-image-preview:large","max-video-preview":"max-video-preview:-1"},"canonical":"https:\/\/aktialiiga.fi\/naiset\/ajankohtaista\/petri-vayrynen-jatkaa-dickenin-naisten-paavalmentajana-kaudelle-2024-2025\/","og_locale":"fi_FI","og_type":"article","og_title":"Petri V\u00e4yrynen jatkaa Dickenin naisten p\u00e4\u00e4valmentajana kaudelle 2024-2025 | K\u00e4sipallon naisten Aktialiiga","og_description":"Syksyll\u00e4 2023 naisten valmennusvastuun Dickeniss\u00e4 ottanut Petri &#8221;Petu&#8221; V\u00e4yrynen jatkaa naisten p\u00e4\u00e4valmentajana my\u00f6s ensi kaudella. V\u00e4yrynen itse ottaa jatkon kunnia-asiana. &#8211; Iso kiitos Dickenille seurana sek\u00e4 koko NSM-joukkueelle siit\u00e4 kuinka l\u00e4mpim\u00e4sti minut on otettu vastaan. Kauden aloitus oli iso haaste joukkueelle ja hyvin olemme joukkueena siit\u00e4 selvinneet. Nuori, osittain hyvin kokematon joukkue on kehittynyt kauden [&hellip;]","og_url":"https:\/\/aktialiiga.fi\/naiset\/ajankohtaista\/petri-vayrynen-jatkaa-dickenin-naisten-paavalmentajana-kaudelle-2024-2025\/","og_site_name":"K\u00e4sipallon naisten Aktialiiga","article_publisher":"https:\/\/www.facebook.com\/finnhandball","article_published_time":"2024-02-12T20:29:40+00:00","article_modified_time":"2025-05-12T08:17:49+00:00","og_image":[{"width":2017,"height":930,"url":"https:\/\/aktialiiga.fi\/naiset\/wp-content\/uploads\/sites\/6\/2024\/02\/Vayrynen_Petri_2024_Dicken.jpg","type":"image\/jpeg"}],"author":"tbrmedia","twitter_card":"summary_large_image","twitter_creator":"@finnhandball","twitter_site":"@finnhandball","schema":{"@context":"https:\/\/schema.org","@graph":[{"@type":"Article","@id":"https:\/\/aktialiiga.fi\/naiset\/ajankohtaista\/petri-vayrynen-jatkaa-dickenin-naisten-paavalmentajana-kaudelle-2024-2025\/#article","isPartOf":{"@id":"https:\/\/aktialiiga.fi\/naiset\/ajankohtaista\/petri-vayrynen-jatkaa-dickenin-naisten-paavalmentajana-kaudelle-2024-2025\/"},"author":{"name":"tbrmedia","@id":"https:\/\/aktialiiga.fi\/naiset\/#\/schema\/person\/c14bf42f47041db74603c45afcb18d87"},"headline":"Petri V\u00e4yrynen jatkaa Dickenin naisten p\u00e4\u00e4valmentajana kaudelle 2024-2025","datePublished":"2024-02-12T20:29:40+00:00","dateModified":"2025-05-12T08:17:49+00:00","mainEntityOfPage":{"@id":"https:\/\/aktialiiga.fi\/naiset\/ajankohtaista\/petri-vayrynen-jatkaa-dickenin-naisten-paavalmentajana-kaudelle-2024-2025\/"},"wordCount":166,"publisher":{"@id":"https:\/\/aktialiiga.fi\/naiset\/#organization"},"image":{"@id":"https:\/\/aktialiiga.fi\/naiset\/ajankohtaista\/petri-vayrynen-jatkaa-dickenin-naisten-paavalmentajana-kaudelle-2024-2025\/#primaryimage"},"thumbnailUrl":"https:\/\/aktialiiga.fi\/naiset\/wp-content\/uploads\/sites\/6\/2024\/02\/Vayrynen_Petri_2024_Dicken.jpg","keywords":["Dicken","Siirrot ja jatkosopimukset"],"articleSection":["Ajankohtaista"],"inLanguage":"fi"},{"@type":"WebPage","@id":"https:\/\/aktialiiga.fi\/naiset\/ajankohtaista\/petri-vayrynen-jatkaa-dickenin-naisten-paavalmentajana-kaudelle-2024-2025\/","url":"https:\/\/aktialiiga.fi\/naiset\/ajankohtaista\/petri-vayrynen-jatkaa-dickenin-naisten-paavalmentajana-kaudelle-2024-2025\/","name":"Petri V\u00e4yrynen jatkaa Dickenin naisten p\u00e4\u00e4valmentajana kaudelle 2024-2025 | K\u00e4sipallon naisten Aktialiiga","isPartOf":{"@id":"https:\/\/aktialiiga.fi\/naiset\/#website"},"primaryImageOfPage":{"@id":"https:\/\/aktialiiga.fi\/naiset\/ajankohtaista\/petri-vayrynen-jatkaa-dickenin-naisten-paavalmentajana-kaudelle-2024-2025\/#primaryimage"},"image":{"@id":"https:\/\/aktialiiga.fi\/naiset\/ajankohtaista\/petri-vayrynen-jatkaa-dickenin-naisten-paavalmentajana-kaudelle-2024-2025\/#primaryimage"},"thumbnailUrl":"https:\/\/aktialiiga.fi\/naiset\/wp-content\/uploads\/sites\/6\/2024\/02\/Vayrynen_Petri_2024_Dicken.jpg","datePublished":"2024-02-12T20:29:40+00:00","dateModified":"2025-05-12T08:17:49+00:00","breadcrumb":{"@id":"https:\/\/aktialiiga.fi\/naiset\/ajankohtaista\/petri-vayrynen-jatkaa-dickenin-naisten-paavalmentajana-kaudelle-2024-2025\/#breadcrumb"},"inLanguage":"fi","potentialAction":[{"@type":"ReadAction","target":["https:\/\/aktialiiga.fi\/naiset\/ajankohtaista\/petri-vayrynen-jatkaa-dickenin-naisten-paavalmentajana-kaudelle-2024-2025\/"]}]},{"@type":"ImageObject","inLanguage":"fi","@id":"https:\/\/aktialiiga.fi\/naiset\/ajankohtaista\/petri-vayrynen-jatkaa-dickenin-naisten-paavalmentajana-kaudelle-2024-2025\/#primaryimage","url":"https:\/\/aktialiiga.fi\/naiset\/wp-content\/uploads\/sites\/6\/2024\/02\/Vayrynen_Petri_2024_Dicken.jpg","contentUrl":"https:\/\/aktialiiga.fi\/naiset\/wp-content\/uploads\/sites\/6\/2024\/02\/Vayrynen_Petri_2024_Dicken.jpg","width":2017,"height":930},{"@type":"BreadcrumbList","@id":"https:\/\/aktialiiga.fi\/naiset\/ajankohtaista\/petri-vayrynen-jatkaa-dickenin-naisten-paavalmentajana-kaudelle-2024-2025\/#breadcrumb","itemListElement":[{"@type":"ListItem","position":1,"name":"Etusivu","item":"https:\/\/aktialiiga.fi\/naiset\/"},{"@type":"ListItem","position":2,"name":"Petri V\u00e4yrynen jatkaa Dickenin naisten p\u00e4\u00e4valmentajana kaudelle 2024-2025"}]},{"@type":"WebSite","@id":"https:\/\/aktialiiga.fi\/naiset\/#website","url":"https:\/\/aktialiiga.fi\/naiset\/","name":"K\u00e4sipallon naisten Aktialiiga","description":"Valtakunnan vauhdikkainta palloilua!","publisher":{"@id":"https:\/\/aktialiiga.fi\/naiset\/#organization"},"potentialAction":[{"@type":"SearchAction","target":{"@type":"EntryPoint","urlTemplate":"https:\/\/aktialiiga.fi\/naiset\/?s={search_term_string}"},"query-input":{"@type":"PropertyValueSpecification","valueRequired":true,"valueName":"search_term_string"}}],"inLanguage":"fi"},{"@type":"Organization","@id":"https:\/\/aktialiiga.fi\/naiset\/#organization","name":"K\u00e4sipallon naisten Aktialiiga","url":"https:\/\/aktialiiga.fi\/naiset\/","logo":{"@type":"ImageObject","inLanguage":"fi","@id":"https:\/\/aktialiiga.fi\/naiset\/#\/schema\/logo\/image\/","url":"https:\/\/aktialiiga.fi\/naiset\/wp-content\/uploads\/sites\/6\/2024\/09\/Aktialiiga-Yoast-512.png","contentUrl":"https:\/\/aktialiiga.fi\/naiset\/wp-content\/uploads\/sites\/6\/2024\/09\/Aktialiiga-Yoast-512.png","width":512,"height":512,"caption":"K\u00e4sipallon naisten Aktialiiga"},"image":{"@id":"https:\/\/aktialiiga.fi\/naiset\/#\/schema\/logo\/image\/"},"sameAs":["https:\/\/www.facebook.com\/finnhandball","https:\/\/x.com\/finnhandball","https:\/\/www.instagram.com\/handballfinland\/"]},{"@type":"Person","@id":"https:\/\/aktialiiga.fi\/naiset\/#\/schema\/person\/c14bf42f47041db74603c45afcb18d87","name":"tbrmedia","image":{"@type":"ImageObject","inLanguage":"fi","@id":"https:\/\/secure.gravatar.com\/avatar\/ee975fa091fe581d12b60debb3439022686618368a7c142044c56724d4666b16?s=96&d=mm&r=g","url":"https:\/\/secure.gravatar.com\/avatar\/ee975fa091fe581d12b60debb3439022686618368a7c142044c56724d4666b16?s=96&d=mm&r=g","contentUrl":"https:\/\/secure.gravatar.com\/avatar\/ee975fa091fe581d12b60debb3439022686618368a7c142044c56724d4666b16?s=96&d=mm&r=g","caption":"tbrmedia"}}]}},"jetpack_featured_media_url":"https:\/\/aktialiiga.fi\/naiset\/wp-content\/uploads\/sites\/6\/2024\/02\/Vayrynen_Petri_2024_Dicken.jpg","jetpack_sharing_enabled":true,"jetpack_shortlink":"https:\/\/wp.me\/pfYhm6-9js","_links":{"self":[{"href":"https:\/\/aktialiiga.fi\/naiset\/wp-json\/wp\/v2\/posts\/35802","targetHints":{"allow":["GET"]}}],"collection":[{"href":"https:\/\/aktialiiga.fi\/naiset\/wp-json\/wp\/v2\/posts"}],"about":[{"href":"https:\/\/aktialiiga.fi\/naiset\/wp-json\/wp\/v2\/types\/post"}],"author":[{"embeddable":true,"href":"https:\/\/aktialiiga.fi\/naiset\/wp-json\/wp\/v2\/users\/13"}],"replies":[{"embeddable":true,"href":"https:\/\/aktialiiga.fi\/naiset\/wp-json\/wp\/v2\/comments?post=35802"}],"version-history":[{"count":1,"href":"https:\/\/aktialiiga.fi\/naiset\/wp-json\/wp\/v2\/posts\/35802\/revisions"}],"predecessor-version":[{"id":43517,"href":"https:\/\/aktialiiga.fi\/naiset\/wp-json\/wp\/v2\/posts\/35802\/revisions\/43517"}],"wp:featuredmedia":[{"embeddable":true,"href":"https:\/\/aktialiiga.fi\/naiset\/wp-json\/wp\/v2\/media\/35803"}],"wp:attachment":[{"href":"https:\/\/aktialiiga.fi\/naiset\/wp-json\/wp\/v2\/media?parent=35802"}],"wp:term":[{"taxonomy":"category","embeddable":true,"href":"https:\/\/aktialiiga.fi\/naiset\/wp-json\/wp\/v2\/categories?post=35802"},{"taxonomy":"post_tag","embeddable":true,"href":"https:\/\/aktialiiga.fi\/naiset\/wp-json\/wp\/v2\/tags?post=35802"}],"curies":[{"name":"wp","href":"https:\/\/api.w.org\/{rel}","templated":true}]}}