{"id":36012,"date":"2024-03-10T17:07:13","date_gmt":"2024-03-10T15:07:13","guid":{"rendered":"https:\/\/aktialiiga.fi\/naiset\/?p=36012"},"modified":"2024-03-10T17:07:13","modified_gmt":"2024-03-10T15:07:13","slug":"dicken-tasoitti-valierasarjan","status":"publish","type":"post","link":"https:\/\/aktialiiga.fi\/naiset\/kausi-2023-2024\/dicken-tasoitti-valierasarjan\/","title":{"rendered":"Dicken tasoitti v\u00e4lier\u00e4sarjan"},"content":{"rendered":"<p>Dickenin ja GrIFK:n kauden kohtaamisten kotitaika s\u00e4ilyi, kun Dicken tasoitti v\u00e4lier\u00e4sarjan 26-19 (12-9)-voitolla.<\/p>\n<p>Kaikki joukkueiden aiemmat t\u00e4m\u00e4n kauden ottelut olivat p\u00e4\u00e4ttyneet kotivoittoihin eik\u00e4 toinen v\u00e4lier\u00e4 tehnyt t\u00e4ss\u00e4 poikkeusta. T\u00e4ll\u00e4 kertaa voittomarginaali oli tosin enemm\u00e4n kuin kaksi, joka se oli ollut viidess\u00e4 edelliskohtaamisessa.<\/p>\n<p>Ensimm\u00e4inen puoliaika oli kauttaaltaan hyvin tasainen. Jakson puoliv\u00e4lin j\u00e4lkeen Dickenin puolustus tiivistyi Sonja Koskisen torjuessa maalissa ja lopulta Dicken p\u00e4\u00e4si kolmen maalin johdossa toiselle puoliajalle.<\/p>\n<p>Toisella puoliajalla Dicken ei antanut GrIFK:lle miss\u00e4\u00e4n vaiheessa siimaa, vaan piti ottelun kontrollissaan loppuun saakka. N\u00e4in v\u00e4lier\u00e4sarja tasoittui tilanteeseen 1-1.<\/p>\n<p>Dickenin p\u00e4\u00e4valmentaja Petri V\u00e4yrynen hehkutti joukkueensa puolustuspelaamista.<\/p>\n<p>&#8211; T\u00e4n\u00e4\u00e4n ottelu ratkesi meid\u00e4n puolustuspeliin. Meid\u00e4n puolustus toimii ja Grani ei p\u00e4\u00e4ssyt paikoille. T\u00e4st\u00e4 on kiva jatkaa keskiviikkona, tilanne on nyt 1-1.<\/p>\n<p>GrIFK:n p\u00e4\u00e4luotsi Patrik Janson my\u00f6nsi Granin paremmuuden.<\/p>\n<p>&#8211; T\u00e4n\u00e4\u00e4n Dicken oli parempi kuin me monella tasolla. Emme p\u00e4\u00e4se paikkoihin. 19 tehty\u00e4 maalia ei riit\u00e4 voittoon. L\u00e4hdemme kotiin tekem\u00e4\u00e4n hieman t\u00f6it\u00e4 ja keskiviikkona on uusi peli.<\/p>\n<p>Parhaan pelaajan palkinnon pokannut Emilia Siggberg suitsutti koko joukkuetta.<\/p>\n<p>&#8211; T\u00e4n\u00e4\u00e4n taistelimme todella hyvin ja kaikki taisteli yhdess\u00e4. Meill\u00e4 oli hyv\u00e4 fiilis, mik\u00e4 auttoi meid\u00e4t voittoon.<\/p>\n<p><strong>Dicken-GrIFK 26-19 (12-9)<\/strong><\/p>\n<p><strong>Maalintekij\u00e4t: maalit (7m maalit)<br \/>\n<\/strong>Dicken: Emilia Siggberg 6, Jessika Gammals 5, Malena Heikkinen 4 (1), Matilda Peitsaro 3, Janica Sj\u00f6str\u00f6m 2, Annika N\u00e4r\u00e4kk\u00e4 2, Ella Valkamo 1, Emilia Sundstr\u00f6m 1, Sonja Koskinen 1, Daniela Hudd 1<\/p>\n<p>GrIFK: Johanna Hilli 6 (4), Greta Wir\u00e9n 4, Anette Rakkolainen 2, Corinna Jensen 2, Fanny Reinikainen 1, Ella Paukku 1, Annika Mustonen 1, Irina Jolkkonen 1, Linnea Harms 1<\/p>\n<p><strong>T\u00e4htipelaajat<br \/>\n<\/strong>Emilia Siggberg Dicken 3<br \/>\nSonja Koskinen Dicken 2<br \/>\nJessika Gammals Dicken 1<\/p>\n<p><strong>2 min ulosajot sek\u00e4 pelist\u00e4 sulkemiset<br \/>\n<\/strong>Dicken: Cecilia Heinrichs 1 x 2 min, Ella Valkamo 1 x 2 min, Emilia Siggberg 1 x 2 min, Janica Sj\u00f6str\u00f6m 1 x 2 min<\/p>\n<p>GrIFK: Annika Mustonen 1 x 2 min, Fanny Reinikainen 1 x 2 min<\/p>\n<p><em>Erotuomarit:<\/em> Krister Illman &#8211; Alexander Wessberg<\/p>\n<p>Yleis\u00f6\u00e4: 321<\/p>\n<p>Kuva: Aki Ylivarvi<\/p>\n","protected":false},"excerpt":{"rendered":"<p>Dickenin ja GrIFK:n kauden kohtaamisten kotitaika s\u00e4ilyi, kun Dicken tasoitti v\u00e4lier\u00e4sarjan 26-19 (12-9)-voitolla. Kaikki joukkueiden aiemmat t\u00e4m\u00e4n kauden ottelut olivat p\u00e4\u00e4ttyneet kotivoittoihin eik\u00e4 toinen v\u00e4lier\u00e4 tehnyt t\u00e4ss\u00e4 poikkeusta. T\u00e4ll\u00e4 kertaa voittomarginaali oli tosin enemm\u00e4n kuin kaksi, joka se oli ollut viidess\u00e4 edelliskohtaamisessa. Ensimm\u00e4inen puoliaika oli kauttaaltaan hyvin tasainen. Jakson puoliv\u00e4lin j\u00e4lkeen Dickenin puolustus tiivistyi Sonja [&hellip;]<\/p>\n","protected":false},"author":13,"featured_media":36013,"comment_status":"closed","ping_status":"closed","sticky":false,"template":"","format":"standard","meta":{"_acf_changed":false,"jetpack_post_was_ever_published":false,"_jetpack_newsletter_access":"","_jetpack_dont_email_post_to_subs":false,"_jetpack_newsletter_tier_id":0,"_jetpack_memberships_contains_paywalled_content":false,"_jetpack_memberships_contains_paid_content":false,"footnotes":""},"categories":[214,218],"tags":[51,57],"class_list":["post-36012","post","type-post","status-publish","format-standard","has-post-thumbnail","hentry","category-kausi-2023-2024","category-ottelut-2023-24","tag-dicken","tag-grifk"],"acf":[],"yoast_head":"<!-- This site is optimized with the Yoast SEO plugin v27.5 - https:\/\/yoast.com\/product\/yoast-seo-wordpress\/ -->\n<title>Dicken tasoitti v\u00e4lier\u00e4sarjan | K\u00e4sipallon naisten Aktialiiga<\/title>\n<meta name=\"robots\" content=\"index, follow, max-snippet:-1, max-image-preview:large, max-video-preview:-1\" \/>\n<link rel=\"canonical\" href=\"https:\/\/aktialiiga.fi\/naiset\/kausi-2023-2024\/dicken-tasoitti-valierasarjan\/\" \/>\n<meta property=\"og:locale\" content=\"fi_FI\" \/>\n<meta property=\"og:type\" content=\"article\" \/>\n<meta property=\"og:title\" content=\"Dicken tasoitti v\u00e4lier\u00e4sarjan | K\u00e4sipallon naisten Aktialiiga\" \/>\n<meta property=\"og:description\" content=\"Dickenin ja GrIFK:n kauden kohtaamisten kotitaika s\u00e4ilyi, kun Dicken tasoitti v\u00e4lier\u00e4sarjan 26-19 (12-9)-voitolla. Kaikki joukkueiden aiemmat t\u00e4m\u00e4n kauden ottelut olivat p\u00e4\u00e4ttyneet kotivoittoihin eik\u00e4 toinen v\u00e4lier\u00e4 tehnyt t\u00e4ss\u00e4 poikkeusta. T\u00e4ll\u00e4 kertaa voittomarginaali oli tosin enemm\u00e4n kuin kaksi, joka se oli ollut viidess\u00e4 edelliskohtaamisessa. Ensimm\u00e4inen puoliaika oli kauttaaltaan hyvin tasainen. Jakson puoliv\u00e4lin j\u00e4lkeen Dickenin puolustus tiivistyi Sonja [&hellip;]\" \/>\n<meta property=\"og:url\" content=\"https:\/\/aktialiiga.fi\/naiset\/kausi-2023-2024\/dicken-tasoitti-valierasarjan\/\" \/>\n<meta property=\"og:site_name\" content=\"K\u00e4sipallon naisten Aktialiiga\" \/>\n<meta property=\"article:publisher\" content=\"https:\/\/www.facebook.com\/finnhandball\" \/>\n<meta property=\"article:published_time\" content=\"2024-03-10T15:07:13+00:00\" \/>\n<meta property=\"og:image\" content=\"https:\/\/aktialiiga.fi\/naiset\/wp-content\/uploads\/sites\/6\/2024\/03\/siggberg_emilia_dicken_23-24b_ay.jpg\" \/>\n\t<meta property=\"og:image:width\" content=\"1024\" \/>\n\t<meta property=\"og:image:height\" content=\"683\" \/>\n\t<meta property=\"og:image:type\" content=\"image\/jpeg\" \/>\n<meta name=\"author\" content=\"tbrmedia\" \/>\n<meta name=\"twitter:card\" content=\"summary_large_image\" \/>\n<meta name=\"twitter:creator\" content=\"@finnhandball\" \/>\n<meta name=\"twitter:site\" content=\"@finnhandball\" \/>\n<script type=\"application\/ld+json\" class=\"yoast-schema-graph\">{\"@context\":\"https:\\\/\\\/schema.org\",\"@graph\":[{\"@type\":\"Article\",\"@id\":\"https:\\\/\\\/aktialiiga.fi\\\/naiset\\\/kausi-2023-2024\\\/dicken-tasoitti-valierasarjan\\\/#article\",\"isPartOf\":{\"@id\":\"https:\\\/\\\/aktialiiga.fi\\\/naiset\\\/kausi-2023-2024\\\/dicken-tasoitti-valierasarjan\\\/\"},\"author\":{\"name\":\"tbrmedia\",\"@id\":\"https:\\\/\\\/aktialiiga.fi\\\/naiset\\\/#\\\/schema\\\/person\\\/c14bf42f47041db74603c45afcb18d87\"},\"headline\":\"Dicken tasoitti v\u00e4lier\u00e4sarjan\",\"datePublished\":\"2024-03-10T15:07:13+00:00\",\"mainEntityOfPage\":{\"@id\":\"https:\\\/\\\/aktialiiga.fi\\\/naiset\\\/kausi-2023-2024\\\/dicken-tasoitti-valierasarjan\\\/\"},\"wordCount\":331,\"publisher\":{\"@id\":\"https:\\\/\\\/aktialiiga.fi\\\/naiset\\\/#organization\"},\"image\":{\"@id\":\"https:\\\/\\\/aktialiiga.fi\\\/naiset\\\/kausi-2023-2024\\\/dicken-tasoitti-valierasarjan\\\/#primaryimage\"},\"thumbnailUrl\":\"https:\\\/\\\/aktialiiga.fi\\\/naiset\\\/wp-content\\\/uploads\\\/sites\\\/6\\\/2024\\\/03\\\/siggberg_emilia_dicken_23-24b_ay.jpg\",\"keywords\":[\"Dicken\",\"GrIFK\"],\"articleSection\":[\"Kausi 2023-2024\",\"Ottelut 2023-24\"],\"inLanguage\":\"fi\"},{\"@type\":\"WebPage\",\"@id\":\"https:\\\/\\\/aktialiiga.fi\\\/naiset\\\/kausi-2023-2024\\\/dicken-tasoitti-valierasarjan\\\/\",\"url\":\"https:\\\/\\\/aktialiiga.fi\\\/naiset\\\/kausi-2023-2024\\\/dicken-tasoitti-valierasarjan\\\/\",\"name\":\"Dicken tasoitti v\u00e4lier\u00e4sarjan | K\u00e4sipallon naisten Aktialiiga\",\"isPartOf\":{\"@id\":\"https:\\\/\\\/aktialiiga.fi\\\/naiset\\\/#website\"},\"primaryImageOfPage\":{\"@id\":\"https:\\\/\\\/aktialiiga.fi\\\/naiset\\\/kausi-2023-2024\\\/dicken-tasoitti-valierasarjan\\\/#primaryimage\"},\"image\":{\"@id\":\"https:\\\/\\\/aktialiiga.fi\\\/naiset\\\/kausi-2023-2024\\\/dicken-tasoitti-valierasarjan\\\/#primaryimage\"},\"thumbnailUrl\":\"https:\\\/\\\/aktialiiga.fi\\\/naiset\\\/wp-content\\\/uploads\\\/sites\\\/6\\\/2024\\\/03\\\/siggberg_emilia_dicken_23-24b_ay.jpg\",\"datePublished\":\"2024-03-10T15:07:13+00:00\",\"breadcrumb\":{\"@id\":\"https:\\\/\\\/aktialiiga.fi\\\/naiset\\\/kausi-2023-2024\\\/dicken-tasoitti-valierasarjan\\\/#breadcrumb\"},\"inLanguage\":\"fi\",\"potentialAction\":[{\"@type\":\"ReadAction\",\"target\":[\"https:\\\/\\\/aktialiiga.fi\\\/naiset\\\/kausi-2023-2024\\\/dicken-tasoitti-valierasarjan\\\/\"]}]},{\"@type\":\"ImageObject\",\"inLanguage\":\"fi\",\"@id\":\"https:\\\/\\\/aktialiiga.fi\\\/naiset\\\/kausi-2023-2024\\\/dicken-tasoitti-valierasarjan\\\/#primaryimage\",\"url\":\"https:\\\/\\\/aktialiiga.fi\\\/naiset\\\/wp-content\\\/uploads\\\/sites\\\/6\\\/2024\\\/03\\\/siggberg_emilia_dicken_23-24b_ay.jpg\",\"contentUrl\":\"https:\\\/\\\/aktialiiga.fi\\\/naiset\\\/wp-content\\\/uploads\\\/sites\\\/6\\\/2024\\\/03\\\/siggberg_emilia_dicken_23-24b_ay.jpg\",\"width\":1024,\"height\":683,\"caption\":\"Kuva: Aki Ylivarvi\"},{\"@type\":\"BreadcrumbList\",\"@id\":\"https:\\\/\\\/aktialiiga.fi\\\/naiset\\\/kausi-2023-2024\\\/dicken-tasoitti-valierasarjan\\\/#breadcrumb\",\"itemListElement\":[{\"@type\":\"ListItem\",\"position\":1,\"name\":\"Etusivu\",\"item\":\"https:\\\/\\\/aktialiiga.fi\\\/naiset\\\/\"},{\"@type\":\"ListItem\",\"position\":2,\"name\":\"Dicken tasoitti v\u00e4lier\u00e4sarjan\"}]},{\"@type\":\"WebSite\",\"@id\":\"https:\\\/\\\/aktialiiga.fi\\\/naiset\\\/#website\",\"url\":\"https:\\\/\\\/aktialiiga.fi\\\/naiset\\\/\",\"name\":\"K\u00e4sipallon naisten Aktialiiga\",\"description\":\"Valtakunnan vauhdikkainta palloilua!\",\"publisher\":{\"@id\":\"https:\\\/\\\/aktialiiga.fi\\\/naiset\\\/#organization\"},\"potentialAction\":[{\"@type\":\"SearchAction\",\"target\":{\"@type\":\"EntryPoint\",\"urlTemplate\":\"https:\\\/\\\/aktialiiga.fi\\\/naiset\\\/?s={search_term_string}\"},\"query-input\":{\"@type\":\"PropertyValueSpecification\",\"valueRequired\":true,\"valueName\":\"search_term_string\"}}],\"inLanguage\":\"fi\"},{\"@type\":\"Organization\",\"@id\":\"https:\\\/\\\/aktialiiga.fi\\\/naiset\\\/#organization\",\"name\":\"K\u00e4sipallon naisten Aktialiiga\",\"url\":\"https:\\\/\\\/aktialiiga.fi\\\/naiset\\\/\",\"logo\":{\"@type\":\"ImageObject\",\"inLanguage\":\"fi\",\"@id\":\"https:\\\/\\\/aktialiiga.fi\\\/naiset\\\/#\\\/schema\\\/logo\\\/image\\\/\",\"url\":\"https:\\\/\\\/aktialiiga.fi\\\/naiset\\\/wp-content\\\/uploads\\\/sites\\\/6\\\/2024\\\/09\\\/Aktialiiga-Yoast-512.png\",\"contentUrl\":\"https:\\\/\\\/aktialiiga.fi\\\/naiset\\\/wp-content\\\/uploads\\\/sites\\\/6\\\/2024\\\/09\\\/Aktialiiga-Yoast-512.png\",\"width\":512,\"height\":512,\"caption\":\"K\u00e4sipallon naisten Aktialiiga\"},\"image\":{\"@id\":\"https:\\\/\\\/aktialiiga.fi\\\/naiset\\\/#\\\/schema\\\/logo\\\/image\\\/\"},\"sameAs\":[\"https:\\\/\\\/www.facebook.com\\\/finnhandball\",\"https:\\\/\\\/x.com\\\/finnhandball\",\"https:\\\/\\\/www.instagram.com\\\/handballfinland\\\/\"]},{\"@type\":\"Person\",\"@id\":\"https:\\\/\\\/aktialiiga.fi\\\/naiset\\\/#\\\/schema\\\/person\\\/c14bf42f47041db74603c45afcb18d87\",\"name\":\"tbrmedia\",\"image\":{\"@type\":\"ImageObject\",\"inLanguage\":\"fi\",\"@id\":\"https:\\\/\\\/secure.gravatar.com\\\/avatar\\\/ee975fa091fe581d12b60debb3439022686618368a7c142044c56724d4666b16?s=96&d=mm&r=g\",\"url\":\"https:\\\/\\\/secure.gravatar.com\\\/avatar\\\/ee975fa091fe581d12b60debb3439022686618368a7c142044c56724d4666b16?s=96&d=mm&r=g\",\"contentUrl\":\"https:\\\/\\\/secure.gravatar.com\\\/avatar\\\/ee975fa091fe581d12b60debb3439022686618368a7c142044c56724d4666b16?s=96&d=mm&r=g\",\"caption\":\"tbrmedia\"}}]}<\/script>\n<!-- \/ Yoast SEO plugin. -->","yoast_head_json":{"title":"Dicken tasoitti v\u00e4lier\u00e4sarjan | K\u00e4sipallon naisten Aktialiiga","robots":{"index":"index","follow":"follow","max-snippet":"max-snippet:-1","max-image-preview":"max-image-preview:large","max-video-preview":"max-video-preview:-1"},"canonical":"https:\/\/aktialiiga.fi\/naiset\/kausi-2023-2024\/dicken-tasoitti-valierasarjan\/","og_locale":"fi_FI","og_type":"article","og_title":"Dicken tasoitti v\u00e4lier\u00e4sarjan | K\u00e4sipallon naisten Aktialiiga","og_description":"Dickenin ja GrIFK:n kauden kohtaamisten kotitaika s\u00e4ilyi, kun Dicken tasoitti v\u00e4lier\u00e4sarjan 26-19 (12-9)-voitolla. Kaikki joukkueiden aiemmat t\u00e4m\u00e4n kauden ottelut olivat p\u00e4\u00e4ttyneet kotivoittoihin eik\u00e4 toinen v\u00e4lier\u00e4 tehnyt t\u00e4ss\u00e4 poikkeusta. T\u00e4ll\u00e4 kertaa voittomarginaali oli tosin enemm\u00e4n kuin kaksi, joka se oli ollut viidess\u00e4 edelliskohtaamisessa. Ensimm\u00e4inen puoliaika oli kauttaaltaan hyvin tasainen. Jakson puoliv\u00e4lin j\u00e4lkeen Dickenin puolustus tiivistyi Sonja [&hellip;]","og_url":"https:\/\/aktialiiga.fi\/naiset\/kausi-2023-2024\/dicken-tasoitti-valierasarjan\/","og_site_name":"K\u00e4sipallon naisten Aktialiiga","article_publisher":"https:\/\/www.facebook.com\/finnhandball","article_published_time":"2024-03-10T15:07:13+00:00","og_image":[{"width":1024,"height":683,"url":"https:\/\/aktialiiga.fi\/naiset\/wp-content\/uploads\/sites\/6\/2024\/03\/siggberg_emilia_dicken_23-24b_ay.jpg","type":"image\/jpeg"}],"author":"tbrmedia","twitter_card":"summary_large_image","twitter_creator":"@finnhandball","twitter_site":"@finnhandball","schema":{"@context":"https:\/\/schema.org","@graph":[{"@type":"Article","@id":"https:\/\/aktialiiga.fi\/naiset\/kausi-2023-2024\/dicken-tasoitti-valierasarjan\/#article","isPartOf":{"@id":"https:\/\/aktialiiga.fi\/naiset\/kausi-2023-2024\/dicken-tasoitti-valierasarjan\/"},"author":{"name":"tbrmedia","@id":"https:\/\/aktialiiga.fi\/naiset\/#\/schema\/person\/c14bf42f47041db74603c45afcb18d87"},"headline":"Dicken tasoitti v\u00e4lier\u00e4sarjan","datePublished":"2024-03-10T15:07:13+00:00","mainEntityOfPage":{"@id":"https:\/\/aktialiiga.fi\/naiset\/kausi-2023-2024\/dicken-tasoitti-valierasarjan\/"},"wordCount":331,"publisher":{"@id":"https:\/\/aktialiiga.fi\/naiset\/#organization"},"image":{"@id":"https:\/\/aktialiiga.fi\/naiset\/kausi-2023-2024\/dicken-tasoitti-valierasarjan\/#primaryimage"},"thumbnailUrl":"https:\/\/aktialiiga.fi\/naiset\/wp-content\/uploads\/sites\/6\/2024\/03\/siggberg_emilia_dicken_23-24b_ay.jpg","keywords":["Dicken","GrIFK"],"articleSection":["Kausi 2023-2024","Ottelut 2023-24"],"inLanguage":"fi"},{"@type":"WebPage","@id":"https:\/\/aktialiiga.fi\/naiset\/kausi-2023-2024\/dicken-tasoitti-valierasarjan\/","url":"https:\/\/aktialiiga.fi\/naiset\/kausi-2023-2024\/dicken-tasoitti-valierasarjan\/","name":"Dicken tasoitti v\u00e4lier\u00e4sarjan | K\u00e4sipallon naisten Aktialiiga","isPartOf":{"@id":"https:\/\/aktialiiga.fi\/naiset\/#website"},"primaryImageOfPage":{"@id":"https:\/\/aktialiiga.fi\/naiset\/kausi-2023-2024\/dicken-tasoitti-valierasarjan\/#primaryimage"},"image":{"@id":"https:\/\/aktialiiga.fi\/naiset\/kausi-2023-2024\/dicken-tasoitti-valierasarjan\/#primaryimage"},"thumbnailUrl":"https:\/\/aktialiiga.fi\/naiset\/wp-content\/uploads\/sites\/6\/2024\/03\/siggberg_emilia_dicken_23-24b_ay.jpg","datePublished":"2024-03-10T15:07:13+00:00","breadcrumb":{"@id":"https:\/\/aktialiiga.fi\/naiset\/kausi-2023-2024\/dicken-tasoitti-valierasarjan\/#breadcrumb"},"inLanguage":"fi","potentialAction":[{"@type":"ReadAction","target":["https:\/\/aktialiiga.fi\/naiset\/kausi-2023-2024\/dicken-tasoitti-valierasarjan\/"]}]},{"@type":"ImageObject","inLanguage":"fi","@id":"https:\/\/aktialiiga.fi\/naiset\/kausi-2023-2024\/dicken-tasoitti-valierasarjan\/#primaryimage","url":"https:\/\/aktialiiga.fi\/naiset\/wp-content\/uploads\/sites\/6\/2024\/03\/siggberg_emilia_dicken_23-24b_ay.jpg","contentUrl":"https:\/\/aktialiiga.fi\/naiset\/wp-content\/uploads\/sites\/6\/2024\/03\/siggberg_emilia_dicken_23-24b_ay.jpg","width":1024,"height":683,"caption":"Kuva: Aki Ylivarvi"},{"@type":"BreadcrumbList","@id":"https:\/\/aktialiiga.fi\/naiset\/kausi-2023-2024\/dicken-tasoitti-valierasarjan\/#breadcrumb","itemListElement":[{"@type":"ListItem","position":1,"name":"Etusivu","item":"https:\/\/aktialiiga.fi\/naiset\/"},{"@type":"ListItem","position":2,"name":"Dicken tasoitti v\u00e4lier\u00e4sarjan"}]},{"@type":"WebSite","@id":"https:\/\/aktialiiga.fi\/naiset\/#website","url":"https:\/\/aktialiiga.fi\/naiset\/","name":"K\u00e4sipallon naisten Aktialiiga","description":"Valtakunnan vauhdikkainta palloilua!","publisher":{"@id":"https:\/\/aktialiiga.fi\/naiset\/#organization"},"potentialAction":[{"@type":"SearchAction","target":{"@type":"EntryPoint","urlTemplate":"https:\/\/aktialiiga.fi\/naiset\/?s={search_term_string}"},"query-input":{"@type":"PropertyValueSpecification","valueRequired":true,"valueName":"search_term_string"}}],"inLanguage":"fi"},{"@type":"Organization","@id":"https:\/\/aktialiiga.fi\/naiset\/#organization","name":"K\u00e4sipallon naisten Aktialiiga","url":"https:\/\/aktialiiga.fi\/naiset\/","logo":{"@type":"ImageObject","inLanguage":"fi","@id":"https:\/\/aktialiiga.fi\/naiset\/#\/schema\/logo\/image\/","url":"https:\/\/aktialiiga.fi\/naiset\/wp-content\/uploads\/sites\/6\/2024\/09\/Aktialiiga-Yoast-512.png","contentUrl":"https:\/\/aktialiiga.fi\/naiset\/wp-content\/uploads\/sites\/6\/2024\/09\/Aktialiiga-Yoast-512.png","width":512,"height":512,"caption":"K\u00e4sipallon naisten Aktialiiga"},"image":{"@id":"https:\/\/aktialiiga.fi\/naiset\/#\/schema\/logo\/image\/"},"sameAs":["https:\/\/www.facebook.com\/finnhandball","https:\/\/x.com\/finnhandball","https:\/\/www.instagram.com\/handballfinland\/"]},{"@type":"Person","@id":"https:\/\/aktialiiga.fi\/naiset\/#\/schema\/person\/c14bf42f47041db74603c45afcb18d87","name":"tbrmedia","image":{"@type":"ImageObject","inLanguage":"fi","@id":"https:\/\/secure.gravatar.com\/avatar\/ee975fa091fe581d12b60debb3439022686618368a7c142044c56724d4666b16?s=96&d=mm&r=g","url":"https:\/\/secure.gravatar.com\/avatar\/ee975fa091fe581d12b60debb3439022686618368a7c142044c56724d4666b16?s=96&d=mm&r=g","contentUrl":"https:\/\/secure.gravatar.com\/avatar\/ee975fa091fe581d12b60debb3439022686618368a7c142044c56724d4666b16?s=96&d=mm&r=g","caption":"tbrmedia"}}]}},"jetpack_featured_media_url":"https:\/\/aktialiiga.fi\/naiset\/wp-content\/uploads\/sites\/6\/2024\/03\/siggberg_emilia_dicken_23-24b_ay.jpg","jetpack_sharing_enabled":true,"jetpack_shortlink":"https:\/\/wp.me\/pfYhm6-9mQ","_links":{"self":[{"href":"https:\/\/aktialiiga.fi\/naiset\/wp-json\/wp\/v2\/posts\/36012","targetHints":{"allow":["GET"]}}],"collection":[{"href":"https:\/\/aktialiiga.fi\/naiset\/wp-json\/wp\/v2\/posts"}],"about":[{"href":"https:\/\/aktialiiga.fi\/naiset\/wp-json\/wp\/v2\/types\/post"}],"author":[{"embeddable":true,"href":"https:\/\/aktialiiga.fi\/naiset\/wp-json\/wp\/v2\/users\/13"}],"replies":[{"embeddable":true,"href":"https:\/\/aktialiiga.fi\/naiset\/wp-json\/wp\/v2\/comments?post=36012"}],"version-history":[{"count":0,"href":"https:\/\/aktialiiga.fi\/naiset\/wp-json\/wp\/v2\/posts\/36012\/revisions"}],"wp:featuredmedia":[{"embeddable":true,"href":"https:\/\/aktialiiga.fi\/naiset\/wp-json\/wp\/v2\/media\/36013"}],"wp:attachment":[{"href":"https:\/\/aktialiiga.fi\/naiset\/wp-json\/wp\/v2\/media?parent=36012"}],"wp:term":[{"taxonomy":"category","embeddable":true,"href":"https:\/\/aktialiiga.fi\/naiset\/wp-json\/wp\/v2\/categories?post=36012"},{"taxonomy":"post_tag","embeddable":true,"href":"https:\/\/aktialiiga.fi\/naiset\/wp-json\/wp\/v2\/tags?post=36012"}],"curies":[{"name":"wp","href":"https:\/\/api.w.org\/{rel}","templated":true}]}}