{"id":36309,"date":"2024-03-27T11:07:57","date_gmt":"2024-03-27T09:07:57","guid":{"rendered":"https:\/\/aktialiiga.fi\/naiset\/?p=36309"},"modified":"2024-08-28T18:28:15","modified_gmt":"2024-08-28T15:28:15","slug":"johanna-hilli-helmi-maaliskuun-tahtipelaaja","status":"publish","type":"post","link":"https:\/\/aktialiiga.fi\/naiset\/ajankohtaista\/johanna-hilli-helmi-maaliskuun-tahtipelaaja\/","title":{"rendered":"Johanna Hilli helmi-maaliskuun t\u00e4htipelaaja"},"content":{"rendered":"<section  class='av_textblock_section av-l9o7bru3-e010efcfbc55e42fde811527bea82f30 '   itemscope=\"itemscope\" itemtype=\"https:\/\/schema.org\/BlogPosting\" itemprop=\"blogPost\" ><div class='avia_textblock'  itemprop=\"text\" ><p>K\u00e4sipallokev\u00e4\u00e4n edetess\u00e4 my\u00f6s SM-sarjan parhaat pelaajat nostavat tasoaan. Johanna Hillin kauden ensimm\u00e4inen, ja uran 12. t\u00e4htipelaajanimitys ei yll\u00e4t\u00e4. Hilli johdatti GriFK:n v\u00e4lierist\u00e4 finaaleihin olemalla kolmessa nelj\u00e4st\u00e4 v\u00e4lier\u00e4ottelussa kent\u00e4n paras. Samalla h\u00e4n nousi naisten SM-sarjan eniten kuukauden t\u00e4htipelaajavalintoja ker\u00e4nneeksi pelaajaksi.<\/p>\n<p>SM-sarjan maaliskuun t\u00e4htivalinnassa otettiin huomioon my\u00f6s helmikuun otteluissa jaetut t\u00e4hdet.<\/p>\n<h4>Kiireinen kev\u00e4t<\/h4>\n<p>Maaliskuun v\u00e4lier\u00e4sarja Dickeni\u00e4 vastaan oli Hillin mukaan juuri niin tiukka ja tasainen, mit\u00e4 odottaa saattoi.<\/p>\n<p>&#8211; Ottelut olivat tiukkoja ja vaihtelevia juuri niinkuin pit\u00e4\u00e4kin. Toinen peli oli meilt\u00e4 kaikilta heikko, mutta muuten meid\u00e4n peli parani jokaisessa peliss\u00e4 ja lopussa meid\u00e4n leve\u00e4mpi materiaali ratkaisi. Pelasimme kahdessa viimeisess\u00e4 ottelussa niin kuin oltiin sovittu, puolustimme kovaa ja juoksimme vastahy\u00f6kk\u00e4yksiin. Omaan peliini olen ihan tyytyv\u00e4inen.<\/p>\n<p>Grankulla IFK:n kapteenin pelivireest\u00e4 kertoo jotain my\u00f6s se, ett\u00e4 h\u00e4net valittiin viime viikonloppuna\u00a0 p\u00e4\u00e4ttyneen Women&#8217;s Baltic Sea Handball Leaguen, eli Baltian liigan arvokkaimmaksi pelaajaksi ja t\u00e4hdist\u00f6kokoonpanoon. GrIFK nousi Liettuassa pelattujen kolmen ottelun voitoilla koko liigan mestariksi.<\/p>\n<p>&#8211; Baltian liiga oli kiva turnaus, oli todella hauskaa pelata muita joukkueita vastaan. Vaikka Viron ja\u00a0 Latvian joukkueet eiv\u00e4t olleet niin kovia, niin kaikki pelit antoiva meille jotain. Saimme harjoitella omaa peli\u00e4mme l\u00e4pi koko turnauksen. Ja kulta maistui tietenkin hyv\u00e4lt\u00e4 kolmen tiukan pelin j\u00e4lkeen!<\/p>\n<p><a href=\"..\/wp-content\/uploads\/sites\/6\/2024\/03\/WBSL-2024-All-Stars.jpg\"><img decoding=\"async\" class=\"alignnone wp-image-36312\" src=\"..\/wp-content\/uploads\/sites\/6\/2024\/03\/WBSL-2024-All-Stars-240x300.jpg\" alt=\"\" width=\"350\" height=\"437\" srcset=\"https:\/\/aktialiiga.fi\/naiset\/wp-content\/uploads\/sites\/6\/2024\/03\/WBSL-2024-All-Stars-240x300.jpg 240w, https:\/\/aktialiiga.fi\/naiset\/wp-content\/uploads\/sites\/6\/2024\/03\/WBSL-2024-All-Stars-824x1030.jpg 824w, https:\/\/aktialiiga.fi\/naiset\/wp-content\/uploads\/sites\/6\/2024\/03\/WBSL-2024-All-Stars-768x960.jpg 768w, https:\/\/aktialiiga.fi\/naiset\/wp-content\/uploads\/sites\/6\/2024\/03\/WBSL-2024-All-Stars-564x705.jpg 564w, https:\/\/aktialiiga.fi\/naiset\/wp-content\/uploads\/sites\/6\/2024\/03\/WBSL-2024-All-Stars.jpg 846w\" sizes=\"(max-width: 350px) 100vw, 350px\" \/><\/a> <img decoding=\"async\" class=\"wp-image-36344 alignnone\" src=\"\/naiset\/wp-content\/uploads\/sites\/6\/2024\/04\/WBSL-2024-All-Stars-K9-824x1030.jpg\" alt=\"\" width=\"350\" height=\"437\" srcset=\"https:\/\/aktialiiga.fi\/naiset\/wp-content\/uploads\/sites\/6\/2024\/04\/WBSL-2024-All-Stars-K9-824x1030.jpg 824w, https:\/\/aktialiiga.fi\/naiset\/wp-content\/uploads\/sites\/6\/2024\/04\/WBSL-2024-All-Stars-K9-240x300.jpg 240w, https:\/\/aktialiiga.fi\/naiset\/wp-content\/uploads\/sites\/6\/2024\/04\/WBSL-2024-All-Stars-K9-768x960.jpg 768w, https:\/\/aktialiiga.fi\/naiset\/wp-content\/uploads\/sites\/6\/2024\/04\/WBSL-2024-All-Stars-K9-564x705.jpg 564w, https:\/\/aktialiiga.fi\/naiset\/wp-content\/uploads\/sites\/6\/2024\/04\/WBSL-2024-All-Stars-K9.jpg 846w\" sizes=\"(max-width: 350px) 100vw, 350px\" \/><\/p>\n<p>Ennen huhtikuun puoliv\u00e4liss\u00e4 alkavaa finaalisarjaa HIFK:ta vastaan Hilli on mukana Suomen EM-karsintajoukkueessa, joka pelaa kaksi ottelua joulukuun MM-kisoissa kahdeksan parhaan joukkueen selvinneit\u00e4 maita vastaan. Suomen viimeinen kotiottelu Tsekki\u00e4 vastaan pelataan 4.4.\u00a0 ja karsinnat p\u00e4\u00e4tt\u00e4\u00e4 7.4. pelattava vierasottelu Hollannissa.<\/p>\n<h4>Finaaleihin haastajana<\/h4>\n<p>Hallitseva Suomen mestari l\u00e4htee SM-finaaleihin asemassa, joka Hillin mielest\u00e4 sopii hyvin GrIFK:lle.<\/p>\n<p>&#8211; Mielest\u00e4ni olemme finaaleissa haastajia, sill\u00e4 HIFK ei ole h\u00e4vinnyt yht\u00e4k\u00e4\u00e4n peli\u00e4 t\u00e4ll\u00e4 kaudella. Minusta t\u00e4m\u00e4 asetelma sopii paremmin meille. Kaikki saavat todistaa ett\u00e4 olemme t\u00e4ss\u00e4 kohtaa kautta parhaimmillamme. Meid\u00e4n pit\u00e4\u00e4 pysy\u00e4 pelisuunnitelmassamme.<\/p>\n<p>Hillin mielest\u00e4 Baltian liigan kolme viimeist\u00e4 ottelua antoivat eniten.<\/p>\n<p>&#8211; Vastus oli kova ja pelit my\u00f6s tiukkoja, kuten finaalitkin tulevat olemaan. Onnistumisten kautta l\u00e4hdemme hyvill\u00e4 fiiliksill\u00e4 finaaleihin.<\/p>\n<p><em>Artikkelikuva: Aki Ylivarvi<\/em><\/p>\n<\/div><\/section>\n<div class='flex_column_table av-l8skwxbd-ae55806ba4507a471a1f61a7245b077d sc-av_one_half av-equal-height-column-flextable'><div  class='flex_column av-l8skwxbd-ae55806ba4507a471a1f61a7245b077d av_one_half  avia-builder-el-1  el_after_av_textblock  el_before_av_one_half  first flex_column_table_cell av-equal-height-column av-align-middle  column-top-margin'     ><section  class='av_textblock_section av-l8sk34v3-999538964b5557916f9b66fbdd7486ac '   itemscope=\"itemscope\" itemtype=\"https:\/\/schema.org\/BlogPosting\" itemprop=\"blogPost\" ><div class='avia_textblock'  itemprop=\"text\" ><h4 style=\"text-align: right;\">Johanna Hilli<\/h4>\n<p style=\"text-align: right;\">Synt. 1994<br \/>\nCM: 170<br \/>\nPelipaikka: K9<\/p>\n<p style=\"text-align: right;\">Aiemmat seurat:<\/p>\n<p style=\"text-align: right;\">HIFK<br \/>\nKristianstad,\u00a0SHE (2018-19)<br \/>\nSkara, Allsvenskan (2014-15)<br \/>\nTumba, Allsvenskan (2013-14)<\/p>\n<\/div><\/section><br \/>\n<div  class='avia-button-wrap av-l8skze2l-b521850422061522c8128bdff38e812f-wrap avia-button-right  avia-builder-el-3  el_after_av_textblock  el_before_av_button '><a href='https:\/\/tulospalvelu.finnhandball.net\/taso\/pelaaja.php?pelaaja=56315'  class='avia-button av-l8skze2l-b521850422061522c8128bdff38e812f av-link-btn avia-icon_select-yes-left-icon avia-size-medium avia-position-right avia-color-theme-color'  target=\"_blank\"  rel=\"noopener noreferrer\"  aria-label=\"Johanna Hilli Tulospalvelussa\"><span class='avia_button_icon avia_button_icon_left avia-iconfont avia-font-flaticon-sports' data-av_icon='\uf15b' data-av_iconfont='flaticon-sports' ><\/span><span class='avia_iconbox_title' >Johanna Hilli Tulospalvelussa<\/span><\/a><\/div><br \/>\n<div  class='avia-button-wrap av-l8suxnq7-bb847e6b4283e2d023f69a356f69a76c-wrap avia-button-right  avia-builder-el-4  el_after_av_button  avia-builder-el-last '><a href='https:\/\/aktialiiga.fi\/naiset\/historia\/kuukauden-tahtipelaajat-kautta-aikojen\/'  class='avia-button av-l8suxnq7-bb847e6b4283e2d023f69a356f69a76c av-link-btn avia-icon_select-no avia-size-medium avia-position-right avia-color-theme-color'   aria-label=\"Kuukauden t\u00e4htipelaajat kautta aikojen\"><span class='avia_iconbox_title' >Kuukauden t\u00e4htipelaajat kautta aikojen<\/span><\/a><\/div><\/p><\/div>\n<div class='av-flex-placeholder'><\/div><div  class='flex_column av-toyg12-df7035cc7356591dbdab0e0f530904b1 av_one_half  avia-builder-el-5  el_after_av_one_half  el_before_av_hr  flex_column_table_cell av-equal-height-column av-align-middle  column-top-margin'     ><style type=\"text\/css\" data-created_by=\"avia_inline_auto\" id=\"style-css-av-l8sko9xf-fc4c696a1bf2ca8a0257128799905442\">\n.avia-image-container.av-l8sko9xf-fc4c696a1bf2ca8a0257128799905442 img.avia_image{\nbox-shadow:none;\n}\n.avia-image-container.av-l8sko9xf-fc4c696a1bf2ca8a0257128799905442 .av-image-caption-overlay-center{\ncolor:#ffffff;\n}\n<\/style>\n<div  class='avia-image-container av-l8sko9xf-fc4c696a1bf2ca8a0257128799905442 av-styling- av-img-linked avia-align-center  avia-builder-el-6  avia-builder-el-no-sibling '   itemprop=\"image\" itemscope=\"itemscope\" itemtype=\"https:\/\/schema.org\/ImageObject\" ><div class=\"avia-image-container-inner\"><div class=\"avia-image-overlay-wrap\"><a href=\"https:\/\/aktialiiga.fi\/naiset\/wp-content\/uploads\/sites\/6\/2023\/09\/Johanna-Hilli.png\" data-srcset=\"https:\/\/aktialiiga.fi\/naiset\/wp-content\/uploads\/sites\/6\/2023\/09\/Johanna-Hilli.png 687w, https:\/\/aktialiiga.fi\/naiset\/wp-content\/uploads\/sites\/6\/2023\/09\/Johanna-Hilli-200x300.png 200w, https:\/\/aktialiiga.fi\/naiset\/wp-content\/uploads\/sites\/6\/2023\/09\/Johanna-Hilli-470x705.png 470w\" data-sizes=\"(max-width: 687px) 100vw, 687px\" class='avia_image '  aria-label='Johanna Hilli'><img decoding=\"async\" fetchpriority=\"high\" class='wp-image-34606 avia-img-lazy-loading-not-34606 avia_image ' src=\"https:\/\/aktialiiga.fi\/naiset\/wp-content\/uploads\/sites\/6\/2023\/09\/Johanna-Hilli.png\" alt='' title='Johanna Hilli'  height=\"1030\" width=\"687\"  itemprop=\"thumbnailUrl\" srcset=\"https:\/\/aktialiiga.fi\/naiset\/wp-content\/uploads\/sites\/6\/2023\/09\/Johanna-Hilli.png 687w, https:\/\/aktialiiga.fi\/naiset\/wp-content\/uploads\/sites\/6\/2023\/09\/Johanna-Hilli-200x300.png 200w, https:\/\/aktialiiga.fi\/naiset\/wp-content\/uploads\/sites\/6\/2023\/09\/Johanna-Hilli-470x705.png 470w\" sizes=\"(max-width: 687px) 100vw, 687px\" \/><\/a><\/div><\/div><\/div><\/div><\/div><!--close column table wrapper. Autoclose: 1 -->\n\n<style type=\"text\/css\" data-created_by=\"avia_inline_auto\" id=\"style-css-av-lfs26b99-525669192c25843263b8c7ee506d7f12\">\n#top .hr.hr-invisible.av-lfs26b99-525669192c25843263b8c7ee506d7f12{\nheight:50px;\n}\n<\/style>\n<div  class='hr av-lfs26b99-525669192c25843263b8c7ee506d7f12 hr-invisible  avia-builder-el-7  el_after_av_one_half  avia-builder-el-last  av-small-hide av-mini-hide'><span class='hr-inner '><span class=\"hr-inner-style\"><\/span><\/span><\/div>\n","protected":false},"excerpt":{"rendered":"","protected":false},"author":13,"featured_media":36319,"comment_status":"closed","ping_status":"closed","sticky":false,"template":"","format":"standard","meta":{"_acf_changed":false,"jetpack_post_was_ever_published":false,"_jetpack_newsletter_access":"","_jetpack_dont_email_post_to_subs":false,"_jetpack_newsletter_tier_id":0,"_jetpack_memberships_contains_paywalled_content":false,"_jetpack_memberships_contains_paid_content":false,"footnotes":""},"categories":[2],"tags":[57,90],"class_list":["post-36309","post","type-post","status-publish","format-standard","has-post-thumbnail","hentry","category-ajankohtaista","tag-grifk","tag-tahtipelaaja"],"acf":[],"yoast_head":"<!-- This site is optimized with the Yoast SEO plugin v27.5 - https:\/\/yoast.com\/product\/yoast-seo-wordpress\/ -->\n<title>Johanna Hilli helmi-maaliskuun t\u00e4htipelaaja | K\u00e4sipallon naisten Aktialiiga<\/title>\n<meta name=\"robots\" content=\"index, follow, max-snippet:-1, max-image-preview:large, max-video-preview:-1\" \/>\n<link rel=\"canonical\" href=\"https:\/\/aktialiiga.fi\/naiset\/ajankohtaista\/johanna-hilli-helmi-maaliskuun-tahtipelaaja\/\" \/>\n<meta property=\"og:locale\" content=\"fi_FI\" \/>\n<meta property=\"og:type\" content=\"article\" \/>\n<meta property=\"og:title\" content=\"Johanna Hilli helmi-maaliskuun t\u00e4htipelaaja | K\u00e4sipallon naisten Aktialiiga\" \/>\n<meta property=\"og:url\" content=\"https:\/\/aktialiiga.fi\/naiset\/ajankohtaista\/johanna-hilli-helmi-maaliskuun-tahtipelaaja\/\" \/>\n<meta property=\"og:site_name\" content=\"K\u00e4sipallon naisten Aktialiiga\" \/>\n<meta property=\"article:publisher\" content=\"https:\/\/www.facebook.com\/finnhandball\" \/>\n<meta property=\"article:published_time\" content=\"2024-03-27T09:07:57+00:00\" \/>\n<meta property=\"article:modified_time\" content=\"2024-08-28T15:28:15+00:00\" \/>\n<meta property=\"og:image\" content=\"https:\/\/aktialiiga.fi\/naiset\/wp-content\/uploads\/sites\/6\/2024\/03\/B7A5696-e1711451244771.jpg\" \/>\n\t<meta property=\"og:image:width\" content=\"1160\" \/>\n\t<meta property=\"og:image:height\" content=\"856\" \/>\n\t<meta property=\"og:image:type\" content=\"image\/jpeg\" \/>\n<meta name=\"author\" content=\"tbrmedia\" \/>\n<meta name=\"twitter:card\" content=\"summary_large_image\" \/>\n<meta name=\"twitter:creator\" content=\"@finnhandball\" \/>\n<meta name=\"twitter:site\" content=\"@finnhandball\" \/>\n<script type=\"application\/ld+json\" class=\"yoast-schema-graph\">{\"@context\":\"https:\\\/\\\/schema.org\",\"@graph\":[{\"@type\":\"Article\",\"@id\":\"https:\\\/\\\/aktialiiga.fi\\\/naiset\\\/ajankohtaista\\\/johanna-hilli-helmi-maaliskuun-tahtipelaaja\\\/#article\",\"isPartOf\":{\"@id\":\"https:\\\/\\\/aktialiiga.fi\\\/naiset\\\/ajankohtaista\\\/johanna-hilli-helmi-maaliskuun-tahtipelaaja\\\/\"},\"author\":{\"name\":\"tbrmedia\",\"@id\":\"https:\\\/\\\/aktialiiga.fi\\\/naiset\\\/#\\\/schema\\\/person\\\/c14bf42f47041db74603c45afcb18d87\"},\"headline\":\"Johanna Hilli helmi-maaliskuun t\u00e4htipelaaja\",\"datePublished\":\"2024-03-27T09:07:57+00:00\",\"dateModified\":\"2024-08-28T15:28:15+00:00\",\"mainEntityOfPage\":{\"@id\":\"https:\\\/\\\/aktialiiga.fi\\\/naiset\\\/ajankohtaista\\\/johanna-hilli-helmi-maaliskuun-tahtipelaaja\\\/\"},\"wordCount\":1914,\"publisher\":{\"@id\":\"https:\\\/\\\/aktialiiga.fi\\\/naiset\\\/#organization\"},\"image\":{\"@id\":\"https:\\\/\\\/aktialiiga.fi\\\/naiset\\\/ajankohtaista\\\/johanna-hilli-helmi-maaliskuun-tahtipelaaja\\\/#primaryimage\"},\"thumbnailUrl\":\"https:\\\/\\\/aktialiiga.fi\\\/naiset\\\/wp-content\\\/uploads\\\/sites\\\/6\\\/2024\\\/03\\\/B7A5696-e1711451244771.jpg\",\"keywords\":[\"GrIFK\",\"T\u00e4htipelaaja\"],\"articleSection\":[\"Ajankohtaista\"],\"inLanguage\":\"fi\"},{\"@type\":\"WebPage\",\"@id\":\"https:\\\/\\\/aktialiiga.fi\\\/naiset\\\/ajankohtaista\\\/johanna-hilli-helmi-maaliskuun-tahtipelaaja\\\/\",\"url\":\"https:\\\/\\\/aktialiiga.fi\\\/naiset\\\/ajankohtaista\\\/johanna-hilli-helmi-maaliskuun-tahtipelaaja\\\/\",\"name\":\"Johanna Hilli helmi-maaliskuun t\u00e4htipelaaja | K\u00e4sipallon naisten Aktialiiga\",\"isPartOf\":{\"@id\":\"https:\\\/\\\/aktialiiga.fi\\\/naiset\\\/#website\"},\"primaryImageOfPage\":{\"@id\":\"https:\\\/\\\/aktialiiga.fi\\\/naiset\\\/ajankohtaista\\\/johanna-hilli-helmi-maaliskuun-tahtipelaaja\\\/#primaryimage\"},\"image\":{\"@id\":\"https:\\\/\\\/aktialiiga.fi\\\/naiset\\\/ajankohtaista\\\/johanna-hilli-helmi-maaliskuun-tahtipelaaja\\\/#primaryimage\"},\"thumbnailUrl\":\"https:\\\/\\\/aktialiiga.fi\\\/naiset\\\/wp-content\\\/uploads\\\/sites\\\/6\\\/2024\\\/03\\\/B7A5696-e1711451244771.jpg\",\"datePublished\":\"2024-03-27T09:07:57+00:00\",\"dateModified\":\"2024-08-28T15:28:15+00:00\",\"breadcrumb\":{\"@id\":\"https:\\\/\\\/aktialiiga.fi\\\/naiset\\\/ajankohtaista\\\/johanna-hilli-helmi-maaliskuun-tahtipelaaja\\\/#breadcrumb\"},\"inLanguage\":\"fi\",\"potentialAction\":[{\"@type\":\"ReadAction\",\"target\":[\"https:\\\/\\\/aktialiiga.fi\\\/naiset\\\/ajankohtaista\\\/johanna-hilli-helmi-maaliskuun-tahtipelaaja\\\/\"]}]},{\"@type\":\"ImageObject\",\"inLanguage\":\"fi\",\"@id\":\"https:\\\/\\\/aktialiiga.fi\\\/naiset\\\/ajankohtaista\\\/johanna-hilli-helmi-maaliskuun-tahtipelaaja\\\/#primaryimage\",\"url\":\"https:\\\/\\\/aktialiiga.fi\\\/naiset\\\/wp-content\\\/uploads\\\/sites\\\/6\\\/2024\\\/03\\\/B7A5696-e1711451244771.jpg\",\"contentUrl\":\"https:\\\/\\\/aktialiiga.fi\\\/naiset\\\/wp-content\\\/uploads\\\/sites\\\/6\\\/2024\\\/03\\\/B7A5696-e1711451244771.jpg\",\"width\":1160,\"height\":856,\"caption\":\"Johanna Hilli, GrIFK. Kuva: Aki Yl\u00e4varvi\"},{\"@type\":\"BreadcrumbList\",\"@id\":\"https:\\\/\\\/aktialiiga.fi\\\/naiset\\\/ajankohtaista\\\/johanna-hilli-helmi-maaliskuun-tahtipelaaja\\\/#breadcrumb\",\"itemListElement\":[{\"@type\":\"ListItem\",\"position\":1,\"name\":\"Etusivu\",\"item\":\"https:\\\/\\\/aktialiiga.fi\\\/naiset\\\/\"},{\"@type\":\"ListItem\",\"position\":2,\"name\":\"Johanna Hilli helmi-maaliskuun t\u00e4htipelaaja\"}]},{\"@type\":\"WebSite\",\"@id\":\"https:\\\/\\\/aktialiiga.fi\\\/naiset\\\/#website\",\"url\":\"https:\\\/\\\/aktialiiga.fi\\\/naiset\\\/\",\"name\":\"K\u00e4sipallon naisten Aktialiiga\",\"description\":\"Valtakunnan vauhdikkainta palloilua!\",\"publisher\":{\"@id\":\"https:\\\/\\\/aktialiiga.fi\\\/naiset\\\/#organization\"},\"potentialAction\":[{\"@type\":\"SearchAction\",\"target\":{\"@type\":\"EntryPoint\",\"urlTemplate\":\"https:\\\/\\\/aktialiiga.fi\\\/naiset\\\/?s={search_term_string}\"},\"query-input\":{\"@type\":\"PropertyValueSpecification\",\"valueRequired\":true,\"valueName\":\"search_term_string\"}}],\"inLanguage\":\"fi\"},{\"@type\":\"Organization\",\"@id\":\"https:\\\/\\\/aktialiiga.fi\\\/naiset\\\/#organization\",\"name\":\"K\u00e4sipallon naisten Aktialiiga\",\"url\":\"https:\\\/\\\/aktialiiga.fi\\\/naiset\\\/\",\"logo\":{\"@type\":\"ImageObject\",\"inLanguage\":\"fi\",\"@id\":\"https:\\\/\\\/aktialiiga.fi\\\/naiset\\\/#\\\/schema\\\/logo\\\/image\\\/\",\"url\":\"https:\\\/\\\/aktialiiga.fi\\\/naiset\\\/wp-content\\\/uploads\\\/sites\\\/6\\\/2024\\\/09\\\/Aktialiiga-Yoast-512.png\",\"contentUrl\":\"https:\\\/\\\/aktialiiga.fi\\\/naiset\\\/wp-content\\\/uploads\\\/sites\\\/6\\\/2024\\\/09\\\/Aktialiiga-Yoast-512.png\",\"width\":512,\"height\":512,\"caption\":\"K\u00e4sipallon naisten Aktialiiga\"},\"image\":{\"@id\":\"https:\\\/\\\/aktialiiga.fi\\\/naiset\\\/#\\\/schema\\\/logo\\\/image\\\/\"},\"sameAs\":[\"https:\\\/\\\/www.facebook.com\\\/finnhandball\",\"https:\\\/\\\/x.com\\\/finnhandball\",\"https:\\\/\\\/www.instagram.com\\\/handballfinland\\\/\"]},{\"@type\":\"Person\",\"@id\":\"https:\\\/\\\/aktialiiga.fi\\\/naiset\\\/#\\\/schema\\\/person\\\/c14bf42f47041db74603c45afcb18d87\",\"name\":\"tbrmedia\",\"image\":{\"@type\":\"ImageObject\",\"inLanguage\":\"fi\",\"@id\":\"https:\\\/\\\/secure.gravatar.com\\\/avatar\\\/ee975fa091fe581d12b60debb3439022686618368a7c142044c56724d4666b16?s=96&d=mm&r=g\",\"url\":\"https:\\\/\\\/secure.gravatar.com\\\/avatar\\\/ee975fa091fe581d12b60debb3439022686618368a7c142044c56724d4666b16?s=96&d=mm&r=g\",\"contentUrl\":\"https:\\\/\\\/secure.gravatar.com\\\/avatar\\\/ee975fa091fe581d12b60debb3439022686618368a7c142044c56724d4666b16?s=96&d=mm&r=g\",\"caption\":\"tbrmedia\"}}]}<\/script>\n<!-- \/ Yoast SEO plugin. -->","yoast_head_json":{"title":"Johanna Hilli helmi-maaliskuun t\u00e4htipelaaja | K\u00e4sipallon naisten Aktialiiga","robots":{"index":"index","follow":"follow","max-snippet":"max-snippet:-1","max-image-preview":"max-image-preview:large","max-video-preview":"max-video-preview:-1"},"canonical":"https:\/\/aktialiiga.fi\/naiset\/ajankohtaista\/johanna-hilli-helmi-maaliskuun-tahtipelaaja\/","og_locale":"fi_FI","og_type":"article","og_title":"Johanna Hilli helmi-maaliskuun t\u00e4htipelaaja | K\u00e4sipallon naisten Aktialiiga","og_url":"https:\/\/aktialiiga.fi\/naiset\/ajankohtaista\/johanna-hilli-helmi-maaliskuun-tahtipelaaja\/","og_site_name":"K\u00e4sipallon naisten Aktialiiga","article_publisher":"https:\/\/www.facebook.com\/finnhandball","article_published_time":"2024-03-27T09:07:57+00:00","article_modified_time":"2024-08-28T15:28:15+00:00","og_image":[{"width":1160,"height":856,"url":"https:\/\/aktialiiga.fi\/naiset\/wp-content\/uploads\/sites\/6\/2024\/03\/B7A5696-e1711451244771.jpg","type":"image\/jpeg"}],"author":"tbrmedia","twitter_card":"summary_large_image","twitter_creator":"@finnhandball","twitter_site":"@finnhandball","schema":{"@context":"https:\/\/schema.org","@graph":[{"@type":"Article","@id":"https:\/\/aktialiiga.fi\/naiset\/ajankohtaista\/johanna-hilli-helmi-maaliskuun-tahtipelaaja\/#article","isPartOf":{"@id":"https:\/\/aktialiiga.fi\/naiset\/ajankohtaista\/johanna-hilli-helmi-maaliskuun-tahtipelaaja\/"},"author":{"name":"tbrmedia","@id":"https:\/\/aktialiiga.fi\/naiset\/#\/schema\/person\/c14bf42f47041db74603c45afcb18d87"},"headline":"Johanna Hilli helmi-maaliskuun t\u00e4htipelaaja","datePublished":"2024-03-27T09:07:57+00:00","dateModified":"2024-08-28T15:28:15+00:00","mainEntityOfPage":{"@id":"https:\/\/aktialiiga.fi\/naiset\/ajankohtaista\/johanna-hilli-helmi-maaliskuun-tahtipelaaja\/"},"wordCount":1914,"publisher":{"@id":"https:\/\/aktialiiga.fi\/naiset\/#organization"},"image":{"@id":"https:\/\/aktialiiga.fi\/naiset\/ajankohtaista\/johanna-hilli-helmi-maaliskuun-tahtipelaaja\/#primaryimage"},"thumbnailUrl":"https:\/\/aktialiiga.fi\/naiset\/wp-content\/uploads\/sites\/6\/2024\/03\/B7A5696-e1711451244771.jpg","keywords":["GrIFK","T\u00e4htipelaaja"],"articleSection":["Ajankohtaista"],"inLanguage":"fi"},{"@type":"WebPage","@id":"https:\/\/aktialiiga.fi\/naiset\/ajankohtaista\/johanna-hilli-helmi-maaliskuun-tahtipelaaja\/","url":"https:\/\/aktialiiga.fi\/naiset\/ajankohtaista\/johanna-hilli-helmi-maaliskuun-tahtipelaaja\/","name":"Johanna Hilli helmi-maaliskuun t\u00e4htipelaaja | K\u00e4sipallon naisten Aktialiiga","isPartOf":{"@id":"https:\/\/aktialiiga.fi\/naiset\/#website"},"primaryImageOfPage":{"@id":"https:\/\/aktialiiga.fi\/naiset\/ajankohtaista\/johanna-hilli-helmi-maaliskuun-tahtipelaaja\/#primaryimage"},"image":{"@id":"https:\/\/aktialiiga.fi\/naiset\/ajankohtaista\/johanna-hilli-helmi-maaliskuun-tahtipelaaja\/#primaryimage"},"thumbnailUrl":"https:\/\/aktialiiga.fi\/naiset\/wp-content\/uploads\/sites\/6\/2024\/03\/B7A5696-e1711451244771.jpg","datePublished":"2024-03-27T09:07:57+00:00","dateModified":"2024-08-28T15:28:15+00:00","breadcrumb":{"@id":"https:\/\/aktialiiga.fi\/naiset\/ajankohtaista\/johanna-hilli-helmi-maaliskuun-tahtipelaaja\/#breadcrumb"},"inLanguage":"fi","potentialAction":[{"@type":"ReadAction","target":["https:\/\/aktialiiga.fi\/naiset\/ajankohtaista\/johanna-hilli-helmi-maaliskuun-tahtipelaaja\/"]}]},{"@type":"ImageObject","inLanguage":"fi","@id":"https:\/\/aktialiiga.fi\/naiset\/ajankohtaista\/johanna-hilli-helmi-maaliskuun-tahtipelaaja\/#primaryimage","url":"https:\/\/aktialiiga.fi\/naiset\/wp-content\/uploads\/sites\/6\/2024\/03\/B7A5696-e1711451244771.jpg","contentUrl":"https:\/\/aktialiiga.fi\/naiset\/wp-content\/uploads\/sites\/6\/2024\/03\/B7A5696-e1711451244771.jpg","width":1160,"height":856,"caption":"Johanna Hilli, GrIFK. Kuva: Aki Yl\u00e4varvi"},{"@type":"BreadcrumbList","@id":"https:\/\/aktialiiga.fi\/naiset\/ajankohtaista\/johanna-hilli-helmi-maaliskuun-tahtipelaaja\/#breadcrumb","itemListElement":[{"@type":"ListItem","position":1,"name":"Etusivu","item":"https:\/\/aktialiiga.fi\/naiset\/"},{"@type":"ListItem","position":2,"name":"Johanna Hilli helmi-maaliskuun t\u00e4htipelaaja"}]},{"@type":"WebSite","@id":"https:\/\/aktialiiga.fi\/naiset\/#website","url":"https:\/\/aktialiiga.fi\/naiset\/","name":"K\u00e4sipallon naisten Aktialiiga","description":"Valtakunnan vauhdikkainta palloilua!","publisher":{"@id":"https:\/\/aktialiiga.fi\/naiset\/#organization"},"potentialAction":[{"@type":"SearchAction","target":{"@type":"EntryPoint","urlTemplate":"https:\/\/aktialiiga.fi\/naiset\/?s={search_term_string}"},"query-input":{"@type":"PropertyValueSpecification","valueRequired":true,"valueName":"search_term_string"}}],"inLanguage":"fi"},{"@type":"Organization","@id":"https:\/\/aktialiiga.fi\/naiset\/#organization","name":"K\u00e4sipallon naisten Aktialiiga","url":"https:\/\/aktialiiga.fi\/naiset\/","logo":{"@type":"ImageObject","inLanguage":"fi","@id":"https:\/\/aktialiiga.fi\/naiset\/#\/schema\/logo\/image\/","url":"https:\/\/aktialiiga.fi\/naiset\/wp-content\/uploads\/sites\/6\/2024\/09\/Aktialiiga-Yoast-512.png","contentUrl":"https:\/\/aktialiiga.fi\/naiset\/wp-content\/uploads\/sites\/6\/2024\/09\/Aktialiiga-Yoast-512.png","width":512,"height":512,"caption":"K\u00e4sipallon naisten Aktialiiga"},"image":{"@id":"https:\/\/aktialiiga.fi\/naiset\/#\/schema\/logo\/image\/"},"sameAs":["https:\/\/www.facebook.com\/finnhandball","https:\/\/x.com\/finnhandball","https:\/\/www.instagram.com\/handballfinland\/"]},{"@type":"Person","@id":"https:\/\/aktialiiga.fi\/naiset\/#\/schema\/person\/c14bf42f47041db74603c45afcb18d87","name":"tbrmedia","image":{"@type":"ImageObject","inLanguage":"fi","@id":"https:\/\/secure.gravatar.com\/avatar\/ee975fa091fe581d12b60debb3439022686618368a7c142044c56724d4666b16?s=96&d=mm&r=g","url":"https:\/\/secure.gravatar.com\/avatar\/ee975fa091fe581d12b60debb3439022686618368a7c142044c56724d4666b16?s=96&d=mm&r=g","contentUrl":"https:\/\/secure.gravatar.com\/avatar\/ee975fa091fe581d12b60debb3439022686618368a7c142044c56724d4666b16?s=96&d=mm&r=g","caption":"tbrmedia"}}]}},"jetpack_featured_media_url":"https:\/\/aktialiiga.fi\/naiset\/wp-content\/uploads\/sites\/6\/2024\/03\/B7A5696-e1711451244771.jpg","jetpack_sharing_enabled":true,"jetpack_shortlink":"https:\/\/wp.me\/pfYhm6-9rD","_links":{"self":[{"href":"https:\/\/aktialiiga.fi\/naiset\/wp-json\/wp\/v2\/posts\/36309","targetHints":{"allow":["GET"]}}],"collection":[{"href":"https:\/\/aktialiiga.fi\/naiset\/wp-json\/wp\/v2\/posts"}],"about":[{"href":"https:\/\/aktialiiga.fi\/naiset\/wp-json\/wp\/v2\/types\/post"}],"author":[{"embeddable":true,"href":"https:\/\/aktialiiga.fi\/naiset\/wp-json\/wp\/v2\/users\/13"}],"replies":[{"embeddable":true,"href":"https:\/\/aktialiiga.fi\/naiset\/wp-json\/wp\/v2\/comments?post=36309"}],"version-history":[{"count":1,"href":"https:\/\/aktialiiga.fi\/naiset\/wp-json\/wp\/v2\/posts\/36309\/revisions"}],"predecessor-version":[{"id":38771,"href":"https:\/\/aktialiiga.fi\/naiset\/wp-json\/wp\/v2\/posts\/36309\/revisions\/38771"}],"wp:featuredmedia":[{"embeddable":true,"href":"https:\/\/aktialiiga.fi\/naiset\/wp-json\/wp\/v2\/media\/36319"}],"wp:attachment":[{"href":"https:\/\/aktialiiga.fi\/naiset\/wp-json\/wp\/v2\/media?parent=36309"}],"wp:term":[{"taxonomy":"category","embeddable":true,"href":"https:\/\/aktialiiga.fi\/naiset\/wp-json\/wp\/v2\/categories?post=36309"},{"taxonomy":"post_tag","embeddable":true,"href":"https:\/\/aktialiiga.fi\/naiset\/wp-json\/wp\/v2\/tags?post=36309"}],"curies":[{"name":"wp","href":"https:\/\/api.w.org\/{rel}","templated":true}]}}