{"id":3742,"date":"2013-06-17T10:25:38","date_gmt":"2013-06-17T07:25:38","guid":{"rendered":"https:\/\/www.finnhandball.net\/nsm\/?p=3742"},"modified":"2024-08-28T18:31:18","modified_gmt":"2024-08-28T15:31:18","slug":"kasipalloliiton-vuoden-valinnat-2013","status":"publish","type":"post","link":"https:\/\/aktialiiga.fi\/naiset\/ajankohtaista\/kasipalloliiton-vuoden-valinnat-2013\/","title":{"rendered":"K\u00e4sipalloliiton vuoden valinnat 2013"},"content":{"rendered":"<p><!--more--><\/p>\n<table>\n<tr>\n<td>Vuoden nuori pelaaja:<\/td>\n<td>Ida V\u00e4yrynen, HIFK<\/td>\n<\/tr>\n<tr>\n<td>Vuoden nuori pelaaja:<\/td>\n<td>Anton Luuppala, SIF<\/td>\n<\/tr>\n<tr>\n<td>All Stars (naiset)<\/td>\n<td>MV: Bianca Eklundh (GrIFK)<br \/>\nK6: Yvonne Westerholm (BK-46)<br \/>\nV6: Annika N\u00e4r\u00e4kk\u00e4 (Dicken)<br \/>\nO6: Kathlen Ax (HIFK)<br \/>\nV9: Linda Cainberg (HIFK)<br \/>\nK9: Annette Tallqvist (HIFK)<br \/>\nO9: Pamela Degerman (BK-46)\n<\/td>\n<\/tr>\n<tr>\n<td> All Stars (miehet)<\/td>\n<td>MV: Thomas Lindstr\u00f6m (HC West)<br \/>\nK6: Antti Rogenbaum (Cocks)<br \/>\nO6: Miro Koljonen (HC West)<br \/>\nV6: Teemu Tamminen (Cocks)<br \/>\nV9: Benny Broman (Dicken)<br \/>\nK9: Timmy Thor (Dicken)<br \/>\nO9: Kristo J\u00e4rve (Cocks)<\/td>\n<\/tr>\n<tr>\n<td>Vuoden maalivahti:<\/td>\n<td>Bianca Eklundh, GrIFK<\/td>\n<\/tr>\n<tr>\n<td>Vuoden maalivahti:<\/td>\n<td>Patrik Roslander, Dicken<\/td>\n<\/tr>\n<tr>\n<td>Fair play -joukkue (naiset):<\/td>\n<td>Dicken<\/td>\n<\/tr>\n<tr>\n<td>Fair play -joukkue (miehet):<\/td>\n<td>Dicken<\/td>\n<\/tr>\n<tr>\n<td>Vuoden k\u00e4sipalloteot:<\/td>\n<td>Timo Lehtinen \/ Turvakolmio Oy &#8211; K\u00e4sipallon\u00e4kyvyyden parantaminen \u2013 Live Stream<\/td>\n<\/tr>\n<tr>\n<td>Vuoden erotuomaripari:<\/td>\n<td>Jan-Erik Leandersson \u2013 Mikael Lindroos<\/td>\n<\/tr>\n<tr>\n<td>Vuoden Valmentaja (naiset):<\/td>\n<td>Peter Kihlstedt, BK-46<\/td>\n<\/tr>\n<tr>\n<td>Vuoden Valmentaja (miehet):<\/td>\n<td>Kenneth B\u00e4cklund, HIFK<\/td>\n<\/tr>\n<tr>\n<td>Vuoden L\u00e4hivakuutus -t\u00e4htipelaaja:<\/td>\n<td>Linda Cainberg, HIFK<\/td>\n<\/tr>\n<tr>\n<td>Vuoden L\u00e4hivakuutus -t\u00e4htipelaajat:<\/td>\n<td>Teemu Tamminen, Cocks<\/td>\n<\/tr>\n<tr>\n<td>Kauden Komeetta:<\/td>\n<td>Anders Genberg, HC West<\/td>\n<\/tr>\n<tr>\n<td>Vuoden paras maalintekij\u00e4,<br \/>\nMicaela Aarnio -palkinto:<\/td>\n<td>Johanna Hilli (153 maalia runkosarjassa)<\/td>\n<\/tr>\n<tr>\n<td>Vuoden paras maalintekij\u00e4,<br \/>\nJan R\u00f6nnberg -palkinto:<\/td>\n<td>Teemu Tamminen (240 maalia runkosarjassa)<\/td>\n<\/tr>\n<tr>\n<td>Vuoden puolustaja:<\/td>\n<td>Anna Harri, \u00c5IFK<\/td>\n<\/tr>\n<tr>\n<td>Vuoden puolustaja:<\/td>\n<td>Kristo J\u00e4rve, Cocks<\/td>\n<\/tr>\n<tr>\n<td>Vuoden naispelaaja,<br \/>\nKatja Nyberg -palkinto:<\/td>\n<td>Johanna Hilli, GrIFK<\/td>\n<\/tr>\n<tr>\n<td>Vuoden miespelaaja,<br \/>\nMikael K\u00e4llman -palkinto:<\/td>\n<td>Teemu Tamminen, Cocks<\/td>\n<\/tr>\n<tr>\n<td>Pyyteett\u00f6m\u00e4n ty\u00f6n palkinto:<\/td>\n<td>P\u00e4ivi Mitrunen<\/td>\n<\/tr>\n<tr>\n<td>Vuoden seurajohtaja:<\/td>\n<td>Christoffer Strandell, Dicken<\/td>\n<\/tr>\n<\/table>\n","protected":false},"excerpt":{"rendered":"","protected":false},"author":13,"featured_media":0,"comment_status":"closed","ping_status":"closed","sticky":false,"template":"","format":"standard","meta":{"_acf_changed":false,"jetpack_post_was_ever_published":false,"_jetpack_newsletter_access":"","_jetpack_dont_email_post_to_subs":false,"_jetpack_newsletter_tier_id":0,"_jetpack_memberships_contains_paywalled_content":false,"_jetpack_memberships_contains_paid_content":false,"footnotes":""},"categories":[2],"tags":[49,51,57,61,45],"class_list":["post-3742","post","type-post","status-publish","format-standard","hentry","category-ajankohtaista","tag-bk-46","tag-dicken","tag-grifk","tag-hifk","tag-aifk"],"acf":[],"yoast_head":"<!-- This site is optimized with the Yoast SEO plugin v27.5 - https:\/\/yoast.com\/product\/yoast-seo-wordpress\/ -->\n<title>K\u00e4sipalloliiton vuoden valinnat 2013 | K\u00e4sipallon naisten Aktialiiga<\/title>\n<meta name=\"robots\" content=\"index, follow, max-snippet:-1, max-image-preview:large, max-video-preview:-1\" \/>\n<link rel=\"canonical\" href=\"https:\/\/aktialiiga.fi\/naiset\/ajankohtaista\/kasipalloliiton-vuoden-valinnat-2013\/\" \/>\n<meta property=\"og:locale\" content=\"fi_FI\" \/>\n<meta property=\"og:type\" content=\"article\" \/>\n<meta property=\"og:title\" content=\"K\u00e4sipalloliiton vuoden valinnat 2013 | K\u00e4sipallon naisten Aktialiiga\" \/>\n<meta property=\"og:url\" content=\"https:\/\/aktialiiga.fi\/naiset\/ajankohtaista\/kasipalloliiton-vuoden-valinnat-2013\/\" \/>\n<meta property=\"og:site_name\" content=\"K\u00e4sipallon naisten Aktialiiga\" \/>\n<meta property=\"article:publisher\" content=\"https:\/\/www.facebook.com\/finnhandball\" \/>\n<meta property=\"article:published_time\" content=\"2013-06-17T07:25:38+00:00\" \/>\n<meta property=\"article:modified_time\" content=\"2024-08-28T15:31:18+00:00\" \/>\n<meta name=\"author\" content=\"tbrmedia\" \/>\n<meta name=\"twitter:card\" content=\"summary_large_image\" \/>\n<meta name=\"twitter:creator\" content=\"@finnhandball\" \/>\n<meta name=\"twitter:site\" content=\"@finnhandball\" \/>\n<script type=\"application\/ld+json\" class=\"yoast-schema-graph\">{\"@context\":\"https:\\\/\\\/schema.org\",\"@graph\":[{\"@type\":\"Article\",\"@id\":\"https:\\\/\\\/aktialiiga.fi\\\/naiset\\\/ajankohtaista\\\/kasipalloliiton-vuoden-valinnat-2013\\\/#article\",\"isPartOf\":{\"@id\":\"https:\\\/\\\/aktialiiga.fi\\\/naiset\\\/ajankohtaista\\\/kasipalloliiton-vuoden-valinnat-2013\\\/\"},\"author\":{\"name\":\"tbrmedia\",\"@id\":\"https:\\\/\\\/aktialiiga.fi\\\/naiset\\\/#\\\/schema\\\/person\\\/c14bf42f47041db74603c45afcb18d87\"},\"headline\":\"K\u00e4sipalloliiton vuoden valinnat 2013\",\"datePublished\":\"2013-06-17T07:25:38+00:00\",\"dateModified\":\"2024-08-28T15:31:18+00:00\",\"mainEntityOfPage\":{\"@id\":\"https:\\\/\\\/aktialiiga.fi\\\/naiset\\\/ajankohtaista\\\/kasipalloliiton-vuoden-valinnat-2013\\\/\"},\"wordCount\":223,\"publisher\":{\"@id\":\"https:\\\/\\\/aktialiiga.fi\\\/naiset\\\/#organization\"},\"keywords\":[\"BK-46\",\"Dicken\",\"GrIFK\",\"HIFK\",\"\u00c5IFK\"],\"articleSection\":[\"Ajankohtaista\"],\"inLanguage\":\"fi\"},{\"@type\":\"WebPage\",\"@id\":\"https:\\\/\\\/aktialiiga.fi\\\/naiset\\\/ajankohtaista\\\/kasipalloliiton-vuoden-valinnat-2013\\\/\",\"url\":\"https:\\\/\\\/aktialiiga.fi\\\/naiset\\\/ajankohtaista\\\/kasipalloliiton-vuoden-valinnat-2013\\\/\",\"name\":\"K\u00e4sipalloliiton vuoden valinnat 2013 | K\u00e4sipallon naisten Aktialiiga\",\"isPartOf\":{\"@id\":\"https:\\\/\\\/aktialiiga.fi\\\/naiset\\\/#website\"},\"datePublished\":\"2013-06-17T07:25:38+00:00\",\"dateModified\":\"2024-08-28T15:31:18+00:00\",\"breadcrumb\":{\"@id\":\"https:\\\/\\\/aktialiiga.fi\\\/naiset\\\/ajankohtaista\\\/kasipalloliiton-vuoden-valinnat-2013\\\/#breadcrumb\"},\"inLanguage\":\"fi\",\"potentialAction\":[{\"@type\":\"ReadAction\",\"target\":[\"https:\\\/\\\/aktialiiga.fi\\\/naiset\\\/ajankohtaista\\\/kasipalloliiton-vuoden-valinnat-2013\\\/\"]}]},{\"@type\":\"BreadcrumbList\",\"@id\":\"https:\\\/\\\/aktialiiga.fi\\\/naiset\\\/ajankohtaista\\\/kasipalloliiton-vuoden-valinnat-2013\\\/#breadcrumb\",\"itemListElement\":[{\"@type\":\"ListItem\",\"position\":1,\"name\":\"Etusivu\",\"item\":\"https:\\\/\\\/aktialiiga.fi\\\/naiset\\\/\"},{\"@type\":\"ListItem\",\"position\":2,\"name\":\"K\u00e4sipalloliiton vuoden valinnat 2013\"}]},{\"@type\":\"WebSite\",\"@id\":\"https:\\\/\\\/aktialiiga.fi\\\/naiset\\\/#website\",\"url\":\"https:\\\/\\\/aktialiiga.fi\\\/naiset\\\/\",\"name\":\"K\u00e4sipallon naisten Aktialiiga\",\"description\":\"Valtakunnan vauhdikkainta palloilua!\",\"publisher\":{\"@id\":\"https:\\\/\\\/aktialiiga.fi\\\/naiset\\\/#organization\"},\"potentialAction\":[{\"@type\":\"SearchAction\",\"target\":{\"@type\":\"EntryPoint\",\"urlTemplate\":\"https:\\\/\\\/aktialiiga.fi\\\/naiset\\\/?s={search_term_string}\"},\"query-input\":{\"@type\":\"PropertyValueSpecification\",\"valueRequired\":true,\"valueName\":\"search_term_string\"}}],\"inLanguage\":\"fi\"},{\"@type\":\"Organization\",\"@id\":\"https:\\\/\\\/aktialiiga.fi\\\/naiset\\\/#organization\",\"name\":\"K\u00e4sipallon naisten Aktialiiga\",\"url\":\"https:\\\/\\\/aktialiiga.fi\\\/naiset\\\/\",\"logo\":{\"@type\":\"ImageObject\",\"inLanguage\":\"fi\",\"@id\":\"https:\\\/\\\/aktialiiga.fi\\\/naiset\\\/#\\\/schema\\\/logo\\\/image\\\/\",\"url\":\"https:\\\/\\\/aktialiiga.fi\\\/naiset\\\/wp-content\\\/uploads\\\/sites\\\/6\\\/2024\\\/09\\\/Aktialiiga-Yoast-512.png\",\"contentUrl\":\"https:\\\/\\\/aktialiiga.fi\\\/naiset\\\/wp-content\\\/uploads\\\/sites\\\/6\\\/2024\\\/09\\\/Aktialiiga-Yoast-512.png\",\"width\":512,\"height\":512,\"caption\":\"K\u00e4sipallon naisten Aktialiiga\"},\"image\":{\"@id\":\"https:\\\/\\\/aktialiiga.fi\\\/naiset\\\/#\\\/schema\\\/logo\\\/image\\\/\"},\"sameAs\":[\"https:\\\/\\\/www.facebook.com\\\/finnhandball\",\"https:\\\/\\\/x.com\\\/finnhandball\",\"https:\\\/\\\/www.instagram.com\\\/handballfinland\\\/\"]},{\"@type\":\"Person\",\"@id\":\"https:\\\/\\\/aktialiiga.fi\\\/naiset\\\/#\\\/schema\\\/person\\\/c14bf42f47041db74603c45afcb18d87\",\"name\":\"tbrmedia\",\"image\":{\"@type\":\"ImageObject\",\"inLanguage\":\"fi\",\"@id\":\"https:\\\/\\\/secure.gravatar.com\\\/avatar\\\/ee975fa091fe581d12b60debb3439022686618368a7c142044c56724d4666b16?s=96&d=mm&r=g\",\"url\":\"https:\\\/\\\/secure.gravatar.com\\\/avatar\\\/ee975fa091fe581d12b60debb3439022686618368a7c142044c56724d4666b16?s=96&d=mm&r=g\",\"contentUrl\":\"https:\\\/\\\/secure.gravatar.com\\\/avatar\\\/ee975fa091fe581d12b60debb3439022686618368a7c142044c56724d4666b16?s=96&d=mm&r=g\",\"caption\":\"tbrmedia\"}}]}<\/script>\n<!-- \/ Yoast SEO plugin. -->","yoast_head_json":{"title":"K\u00e4sipalloliiton vuoden valinnat 2013 | K\u00e4sipallon naisten Aktialiiga","robots":{"index":"index","follow":"follow","max-snippet":"max-snippet:-1","max-image-preview":"max-image-preview:large","max-video-preview":"max-video-preview:-1"},"canonical":"https:\/\/aktialiiga.fi\/naiset\/ajankohtaista\/kasipalloliiton-vuoden-valinnat-2013\/","og_locale":"fi_FI","og_type":"article","og_title":"K\u00e4sipalloliiton vuoden valinnat 2013 | K\u00e4sipallon naisten Aktialiiga","og_url":"https:\/\/aktialiiga.fi\/naiset\/ajankohtaista\/kasipalloliiton-vuoden-valinnat-2013\/","og_site_name":"K\u00e4sipallon naisten Aktialiiga","article_publisher":"https:\/\/www.facebook.com\/finnhandball","article_published_time":"2013-06-17T07:25:38+00:00","article_modified_time":"2024-08-28T15:31:18+00:00","author":"tbrmedia","twitter_card":"summary_large_image","twitter_creator":"@finnhandball","twitter_site":"@finnhandball","schema":{"@context":"https:\/\/schema.org","@graph":[{"@type":"Article","@id":"https:\/\/aktialiiga.fi\/naiset\/ajankohtaista\/kasipalloliiton-vuoden-valinnat-2013\/#article","isPartOf":{"@id":"https:\/\/aktialiiga.fi\/naiset\/ajankohtaista\/kasipalloliiton-vuoden-valinnat-2013\/"},"author":{"name":"tbrmedia","@id":"https:\/\/aktialiiga.fi\/naiset\/#\/schema\/person\/c14bf42f47041db74603c45afcb18d87"},"headline":"K\u00e4sipalloliiton vuoden valinnat 2013","datePublished":"2013-06-17T07:25:38+00:00","dateModified":"2024-08-28T15:31:18+00:00","mainEntityOfPage":{"@id":"https:\/\/aktialiiga.fi\/naiset\/ajankohtaista\/kasipalloliiton-vuoden-valinnat-2013\/"},"wordCount":223,"publisher":{"@id":"https:\/\/aktialiiga.fi\/naiset\/#organization"},"keywords":["BK-46","Dicken","GrIFK","HIFK","\u00c5IFK"],"articleSection":["Ajankohtaista"],"inLanguage":"fi"},{"@type":"WebPage","@id":"https:\/\/aktialiiga.fi\/naiset\/ajankohtaista\/kasipalloliiton-vuoden-valinnat-2013\/","url":"https:\/\/aktialiiga.fi\/naiset\/ajankohtaista\/kasipalloliiton-vuoden-valinnat-2013\/","name":"K\u00e4sipalloliiton vuoden valinnat 2013 | K\u00e4sipallon naisten Aktialiiga","isPartOf":{"@id":"https:\/\/aktialiiga.fi\/naiset\/#website"},"datePublished":"2013-06-17T07:25:38+00:00","dateModified":"2024-08-28T15:31:18+00:00","breadcrumb":{"@id":"https:\/\/aktialiiga.fi\/naiset\/ajankohtaista\/kasipalloliiton-vuoden-valinnat-2013\/#breadcrumb"},"inLanguage":"fi","potentialAction":[{"@type":"ReadAction","target":["https:\/\/aktialiiga.fi\/naiset\/ajankohtaista\/kasipalloliiton-vuoden-valinnat-2013\/"]}]},{"@type":"BreadcrumbList","@id":"https:\/\/aktialiiga.fi\/naiset\/ajankohtaista\/kasipalloliiton-vuoden-valinnat-2013\/#breadcrumb","itemListElement":[{"@type":"ListItem","position":1,"name":"Etusivu","item":"https:\/\/aktialiiga.fi\/naiset\/"},{"@type":"ListItem","position":2,"name":"K\u00e4sipalloliiton vuoden valinnat 2013"}]},{"@type":"WebSite","@id":"https:\/\/aktialiiga.fi\/naiset\/#website","url":"https:\/\/aktialiiga.fi\/naiset\/","name":"K\u00e4sipallon naisten Aktialiiga","description":"Valtakunnan vauhdikkainta palloilua!","publisher":{"@id":"https:\/\/aktialiiga.fi\/naiset\/#organization"},"potentialAction":[{"@type":"SearchAction","target":{"@type":"EntryPoint","urlTemplate":"https:\/\/aktialiiga.fi\/naiset\/?s={search_term_string}"},"query-input":{"@type":"PropertyValueSpecification","valueRequired":true,"valueName":"search_term_string"}}],"inLanguage":"fi"},{"@type":"Organization","@id":"https:\/\/aktialiiga.fi\/naiset\/#organization","name":"K\u00e4sipallon naisten Aktialiiga","url":"https:\/\/aktialiiga.fi\/naiset\/","logo":{"@type":"ImageObject","inLanguage":"fi","@id":"https:\/\/aktialiiga.fi\/naiset\/#\/schema\/logo\/image\/","url":"https:\/\/aktialiiga.fi\/naiset\/wp-content\/uploads\/sites\/6\/2024\/09\/Aktialiiga-Yoast-512.png","contentUrl":"https:\/\/aktialiiga.fi\/naiset\/wp-content\/uploads\/sites\/6\/2024\/09\/Aktialiiga-Yoast-512.png","width":512,"height":512,"caption":"K\u00e4sipallon naisten Aktialiiga"},"image":{"@id":"https:\/\/aktialiiga.fi\/naiset\/#\/schema\/logo\/image\/"},"sameAs":["https:\/\/www.facebook.com\/finnhandball","https:\/\/x.com\/finnhandball","https:\/\/www.instagram.com\/handballfinland\/"]},{"@type":"Person","@id":"https:\/\/aktialiiga.fi\/naiset\/#\/schema\/person\/c14bf42f47041db74603c45afcb18d87","name":"tbrmedia","image":{"@type":"ImageObject","inLanguage":"fi","@id":"https:\/\/secure.gravatar.com\/avatar\/ee975fa091fe581d12b60debb3439022686618368a7c142044c56724d4666b16?s=96&d=mm&r=g","url":"https:\/\/secure.gravatar.com\/avatar\/ee975fa091fe581d12b60debb3439022686618368a7c142044c56724d4666b16?s=96&d=mm&r=g","contentUrl":"https:\/\/secure.gravatar.com\/avatar\/ee975fa091fe581d12b60debb3439022686618368a7c142044c56724d4666b16?s=96&d=mm&r=g","caption":"tbrmedia"}}]}},"jetpack_featured_media_url":"","jetpack_sharing_enabled":true,"jetpack_shortlink":"https:\/\/wp.me\/pfYhm6-Ym","_links":{"self":[{"href":"https:\/\/aktialiiga.fi\/naiset\/wp-json\/wp\/v2\/posts\/3742","targetHints":{"allow":["GET"]}}],"collection":[{"href":"https:\/\/aktialiiga.fi\/naiset\/wp-json\/wp\/v2\/posts"}],"about":[{"href":"https:\/\/aktialiiga.fi\/naiset\/wp-json\/wp\/v2\/types\/post"}],"author":[{"embeddable":true,"href":"https:\/\/aktialiiga.fi\/naiset\/wp-json\/wp\/v2\/users\/13"}],"replies":[{"embeddable":true,"href":"https:\/\/aktialiiga.fi\/naiset\/wp-json\/wp\/v2\/comments?post=3742"}],"version-history":[{"count":1,"href":"https:\/\/aktialiiga.fi\/naiset\/wp-json\/wp\/v2\/posts\/3742\/revisions"}],"predecessor-version":[{"id":39647,"href":"https:\/\/aktialiiga.fi\/naiset\/wp-json\/wp\/v2\/posts\/3742\/revisions\/39647"}],"wp:attachment":[{"href":"https:\/\/aktialiiga.fi\/naiset\/wp-json\/wp\/v2\/media?parent=3742"}],"wp:term":[{"taxonomy":"category","embeddable":true,"href":"https:\/\/aktialiiga.fi\/naiset\/wp-json\/wp\/v2\/categories?post=3742"},{"taxonomy":"post_tag","embeddable":true,"href":"https:\/\/aktialiiga.fi\/naiset\/wp-json\/wp\/v2\/tags?post=3742"}],"curies":[{"name":"wp","href":"https:\/\/api.w.org\/{rel}","templated":true}]}}