{"id":3801,"date":"2013-09-09T17:00:20","date_gmt":"2013-09-09T14:00:20","guid":{"rendered":"https:\/\/www.finnhandball.net\/nsm\/?p=3801"},"modified":"2024-08-28T18:31:18","modified_gmt":"2024-08-28T15:31:18","slug":"sparta","status":"publish","type":"post","link":"https:\/\/aktialiiga.fi\/naiset\/2013-2014\/joukkueet-2013-2014\/sparta\/","title":{"rendered":"Sparta, Helsinki"},"content":{"rendered":"<p><!--more--><div id=\"attachment_3864\" style=\"width: 630px\" class=\"wp-caption alignnone\"><img decoding=\"async\" aria-describedby=\"caption-attachment-3864\" src=\"http:\/\/sarja.finnhandball.net\/wp-content\/uploads\/sites\/6\/2013\/09\/sparta-2013-14.jpg\" alt=\"Spartan naisten edustusjoukkue 2013-2014\" width=\"620\" class=\"size-thumbnail wp-image-3864\" srcset=\"https:\/\/aktialiiga.fi\/naiset\/wp-content\/uploads\/sites\/6\/2013\/09\/sparta-2013-14.jpg 800w, https:\/\/aktialiiga.fi\/naiset\/wp-content\/uploads\/sites\/6\/2013\/09\/sparta-2013-14-300x213.jpg 300w, https:\/\/aktialiiga.fi\/naiset\/wp-content\/uploads\/sites\/6\/2013\/09\/sparta-2013-14-768x544.jpg 768w\" sizes=\"(max-width: 800px) 100vw, 800px\" \/><p id=\"caption-attachment-3864\" class=\"wp-caption-text\">Spartan naisten edustusjoukkue 2013-2014<\/p><\/div><\/p>\n<table>\n<tr>\n<th colspan=\"2\">Pelaajat<\/th>\n<\/tr>\n<tr>\n<td>\t<strong>Nro<\/strong><\/td>\n<td>\t<strong>Nimi<\/strong><\/td>\n<td>\t<strong>Syntym\u00e4vuosi<\/strong><\/td>\n<td align=\"center\">\t<strong>Pituus<\/strong><\/td>\n<td align=\"center\">\t<strong>Pelipaikka<\/strong><\/td>\n<\/tr>\n<tr>\n<td>1<\/td>\n<td>Suvi Erhovaara<\/td>\n<td align=\"center\">1998<\/td>\n<td align=\"center\">168<\/td>\n<td align=\"center\">MV<\/td>\n<\/tr>\n<tr>\n<td>2<\/td>\n<td>Sirja Lassinharju<\/td>\n<td align=\"center\">1995<\/td>\n<td align=\"center\">172<\/td>\n<td align=\"center\">V9<\/td>\n<\/tr>\n<tr>\n<td>3<\/td>\n<td>Katri Koskela<\/td>\n<td align=\"center\">1983<\/td>\n<td align=\"center\">177<\/td>\n<td align=\"center\">K6<\/td>\n<\/tr>\n<tr>\n<td>4<\/td>\n<td>Anni Kaikko<\/td>\n<td align=\"center\">1991<\/td>\n<td align=\"center\">175<\/td>\n<td align=\"center\">V9<\/td>\n<\/tr>\n<tr>\n<td>5<\/td>\n<td>Elisa Manninen<\/td>\n<td align=\"center\">1985<\/td>\n<td align=\"center\">167<\/td>\n<td align=\"center\">K9<\/td>\n<\/tr>\n<tr>\n<td>7<\/td>\n<td>Sara J\u00e4ntti<\/td>\n<td align=\"center\">1987<\/td>\n<td align=\"center\">159<\/td>\n<td align=\"center\">O6<\/td>\n<\/tr>\n<tr>\n<td>8<\/td>\n<td>Hanna Heiskanen<\/td>\n<td align=\"center\">1989<\/td>\n<td align=\"center\">164<\/td>\n<td align=\"center\">V6<\/td>\n<\/tr>\n<tr>\n<td>9<\/td>\n<td>Inka J\u00e4ntti<\/td>\n<td align=\"center\">1991<\/td>\n<td align=\"center\">166<\/td>\n<td align=\"center\">O9<\/td>\n<\/tr>\n<tr>\n<td>10<\/td>\n<td>Jessica Hallio<\/td>\n<td align=\"center\">1981<\/td>\n<td align=\"center\">164<\/td>\n<td align=\"center\">V6<\/td>\n<\/tr>\n<tr>\n<td>11<\/td>\n<td>Raita Heiskanen<\/td>\n<td align=\"center\">1984<\/td>\n<td align=\"center\">175<\/td>\n<td align=\"center\">K9<\/td>\n<\/tr>\n<tr>\n<td>12<\/td>\n<td>Leena Eskola<\/td>\n<td align=\"center\">1982<\/td>\n<td align=\"center\">178<\/td>\n<td align=\"center\">MV<\/td>\n<\/tr>\n<tr>\n<td>15<\/td>\n<td>Jenni Jokinen<\/td>\n<td align=\"center\">1982<\/td>\n<td align=\"center\">165<\/td>\n<td align=\"center\">O6<\/td>\n<\/tr>\n<tr>\n<td>16<\/td>\n<td>Essi Mattsson<\/td>\n<td align=\"center\">1990<\/td>\n<td align=\"center\">160<\/td>\n<td align=\"center\">MV<\/td>\n<\/tr>\n<tr>\n<td>17<\/td>\n<td>Sofie S\u00f6derberg<\/td>\n<td align=\"center\">1992<\/td>\n<td align=\"center\">161<\/td>\n<td align=\"center\">V6<\/td>\n<\/tr>\n<tr>\n<td>18<\/td>\n<td>Anniina Nyholm<\/td>\n<td align=\"center\">1997<\/td>\n<td align=\"center\">174<\/td>\n<td align=\"center\">K9<\/td>\n<\/tr>\n<tr>\n<td>19<\/td>\n<td>Laura Granholm<\/td>\n<td align=\"center\">1995<\/td>\n<td align=\"center\">177<\/td>\n<td align=\"center\">V9<\/td>\n<\/tr>\n<tr>\n<td>21<\/td>\n<td>Linda Melanen<\/td>\n<td align=\"center\">1995<\/td>\n<td align=\"center\">178<\/td>\n<td align=\"center\">K6<\/td>\n<\/tr>\n<tr>\n<td>25<\/td>\n<td>Reetta Karinluoma<\/td>\n<td align=\"center\">1995<\/td>\n<td align=\"center\">169<\/td>\n<td align=\"center\">V6<\/td>\n<\/tr>\n<tr>\n<td>26<\/td>\n<td>Emilia H\u00f6glund<\/td>\n<td align=\"center\">1992<\/td>\n<td align=\"center\">167<\/td>\n<td align=\"center\">K9<\/td>\n<\/tr>\n<tr>\n<td>27<\/td>\n<td>Sini Sepp\u00e4<\/td>\n<td align=\"center\">1993<\/td>\n<td align=\"center\">165<\/td>\n<td align=\"center\">O6<\/td>\n<\/tr>\n<tr>\n<td>29<\/td>\n<td>Sanni Pyk\u00e4l\u00e4m\u00e4ki<\/td>\n<td align=\"center\">1995<\/td>\n<td align=\"center\">164<\/td>\n<td align=\"center\">K9<\/td>\n<\/tr>\n<tr>\n<td>30<\/td>\n<td>Katarina Korhonen<\/td>\n<td align=\"center\">1997<\/td>\n<td align=\"center\">176<\/td>\n<td align=\"center\">K6<\/td>\n<\/tr>\n<tr>\n<td>77<\/td>\n<td>Riia Bergman<\/td>\n<td align=\"center\">1995<\/td>\n<td align=\"center\">167<\/td>\n<td align=\"center\">O9<\/td>\n<\/tr>\n<\/table>\n<table>\n<tbody>\n<tr>\n<th colspan=\"2\">Valmentaja<\/th>\n<\/tr>\n<tr>\n<td>Jarmo Weckstr\u00f6m<\/td>\n<td>Puh: 050-404 1488<br \/>\nEmail: jweckstrom@mmm.com<\/td>\n<\/tr>\n<tr>\n<td>Risto J\u00e4ntti<\/td>\n<td>Puh: 040-534 2953<br \/>\nEmail:  jantti.risto@kolumbus.fi<\/td>\n<\/tr>\n<tr>\n<th colspan=\"2\">Joukkueenjohtaja<\/th>\n<\/tr>\n<tr>\n<td>Rainer Jokinen<\/td>\n<td>Puh: 0500-515 409<br \/>\nEmail:   rjokinen@elisanet.fi<\/td>\n<\/tr>\n<\/tbody>\n<\/table>\n<table>\n<tr>\n<th>Peliasu<\/th>\n<\/tr>\n<tr>\n<td>Vihre\u00e4<\/td>\n<\/tr>\n<tr>\n<th>Vara-asu<\/th>\n<\/tr>\n<tr>\n<td>Valkoinen<\/td>\n<\/tr>\n<\/table>\n<p><a href=\"http:\/\/sparta.sporttisaitti.com\/\" target=\"blank\" rel=\"noopener\"><img decoding=\"async\" class=\"alignright\" src=\"http:\/\/sarja.finnhandball.net\/wp-content\/uploads\/sites\/6\/2011\/08\/logo-sparta.gif\" alt=\"\" title=\"Sparta\" \/><\/a><\/p>\n<table>\n<tbody>\n<tr>\n<th>Peliareena<\/th>\n<\/tr>\n<tr>\n<td><a href=\"http:\/\/maps.google.fi\/maps?q=Pirkkolan+Urheilupuisto,+Helsinki&amp;hl=fi&amp;ll=60.232887,24.909868&amp;spn=0.007223,0.022295&amp;sll=60.237894,24.890084&amp;sspn=0.014337,0.044589&amp;vpsrc=6&amp;z=16\" target=\"blank\" rel=\"noopener\"><strong>Pirkkolan Palloiluhalli<\/strong><br \/>\nPirkkolan liikuntapuisto<br \/>\nHELSINKI<br \/>\nPuh: 09-3108 7917<br \/>\nFax: 09-3108 7985<\/a><\/td>\n<\/tr>\n<tr>\n<th>WWW<\/th>\n<\/tr>\n<tr>\n<td><a href=\"http:\/\/sparta.sporttisaitti.com\" target=\"blank\" rel=\"noopener\">http:\/\/sparta.sporttisaitti.com<\/a><\/td>\n<\/tr>\n<\/tbody>\n<\/table>\n<h2>Runkosarjan otteluohjelma ja -tulokset<\/h2>\n<h2>Joukkueen maalintekij\u00e4t SM-runkosarjassa<\/h2>\n","protected":false},"excerpt":{"rendered":"","protected":false},"author":13,"featured_media":64,"comment_status":"closed","ping_status":"closed","sticky":false,"template":"","format":"standard","meta":{"_acf_changed":false,"jetpack_post_was_ever_published":false,"_jetpack_newsletter_access":"","_jetpack_dont_email_post_to_subs":false,"_jetpack_newsletter_tier_id":0,"_jetpack_memberships_contains_paywalled_content":false,"_jetpack_memberships_contains_paid_content":false,"footnotes":""},"categories":[41],"tags":[],"class_list":["post-3801","post","type-post","status-publish","format-standard","has-post-thumbnail","hentry","category-joukkueet-2013-2014"],"acf":[],"yoast_head":"<!-- This site is optimized with the Yoast SEO plugin v27.5 - https:\/\/yoast.com\/product\/yoast-seo-wordpress\/ -->\n<title>Sparta, Helsinki | K\u00e4sipallon naisten Aktialiiga<\/title>\n<meta name=\"robots\" content=\"index, follow, max-snippet:-1, max-image-preview:large, max-video-preview:-1\" \/>\n<link rel=\"canonical\" href=\"https:\/\/aktialiiga.fi\/naiset\/2013-2014\/joukkueet-2013-2014\/sparta\/\" \/>\n<meta property=\"og:locale\" content=\"fi_FI\" \/>\n<meta property=\"og:type\" content=\"article\" \/>\n<meta property=\"og:title\" content=\"Sparta, Helsinki | K\u00e4sipallon naisten Aktialiiga\" \/>\n<meta property=\"og:url\" content=\"https:\/\/aktialiiga.fi\/naiset\/2013-2014\/joukkueet-2013-2014\/sparta\/\" \/>\n<meta property=\"og:site_name\" content=\"K\u00e4sipallon naisten Aktialiiga\" \/>\n<meta property=\"article:publisher\" content=\"https:\/\/www.facebook.com\/finnhandball\" \/>\n<meta property=\"article:published_time\" content=\"2013-09-09T14:00:20+00:00\" \/>\n<meta property=\"article:modified_time\" content=\"2024-08-28T15:31:18+00:00\" \/>\n<meta property=\"og:image\" content=\"https:\/\/aktialiiga.fi\/naiset\/wp-content\/uploads\/sites\/6\/2011\/08\/logo-sparta.gif\" \/>\n\t<meta property=\"og:image:width\" content=\"100\" \/>\n\t<meta property=\"og:image:height\" content=\"115\" \/>\n\t<meta property=\"og:image:type\" content=\"image\/gif\" \/>\n<meta name=\"author\" content=\"tbrmedia\" \/>\n<meta name=\"twitter:card\" content=\"summary_large_image\" \/>\n<meta name=\"twitter:creator\" content=\"@finnhandball\" \/>\n<meta name=\"twitter:site\" content=\"@finnhandball\" \/>\n<script type=\"application\/ld+json\" class=\"yoast-schema-graph\">{\"@context\":\"https:\\\/\\\/schema.org\",\"@graph\":[{\"@type\":\"Article\",\"@id\":\"https:\\\/\\\/aktialiiga.fi\\\/naiset\\\/2013-2014\\\/joukkueet-2013-2014\\\/sparta\\\/#article\",\"isPartOf\":{\"@id\":\"https:\\\/\\\/aktialiiga.fi\\\/naiset\\\/2013-2014\\\/joukkueet-2013-2014\\\/sparta\\\/\"},\"author\":{\"name\":\"tbrmedia\",\"@id\":\"https:\\\/\\\/aktialiiga.fi\\\/naiset\\\/#\\\/schema\\\/person\\\/c14bf42f47041db74603c45afcb18d87\"},\"headline\":\"Sparta, Helsinki\",\"datePublished\":\"2013-09-09T14:00:20+00:00\",\"dateModified\":\"2024-08-28T15:31:18+00:00\",\"mainEntityOfPage\":{\"@id\":\"https:\\\/\\\/aktialiiga.fi\\\/naiset\\\/2013-2014\\\/joukkueet-2013-2014\\\/sparta\\\/\"},\"wordCount\":152,\"publisher\":{\"@id\":\"https:\\\/\\\/aktialiiga.fi\\\/naiset\\\/#organization\"},\"image\":{\"@id\":\"https:\\\/\\\/aktialiiga.fi\\\/naiset\\\/2013-2014\\\/joukkueet-2013-2014\\\/sparta\\\/#primaryimage\"},\"thumbnailUrl\":\"https:\\\/\\\/aktialiiga.fi\\\/naiset\\\/wp-content\\\/uploads\\\/sites\\\/6\\\/2011\\\/08\\\/logo-sparta.gif\",\"articleSection\":[\"Joukkueet\"],\"inLanguage\":\"fi\"},{\"@type\":\"WebPage\",\"@id\":\"https:\\\/\\\/aktialiiga.fi\\\/naiset\\\/2013-2014\\\/joukkueet-2013-2014\\\/sparta\\\/\",\"url\":\"https:\\\/\\\/aktialiiga.fi\\\/naiset\\\/2013-2014\\\/joukkueet-2013-2014\\\/sparta\\\/\",\"name\":\"Sparta, Helsinki | K\u00e4sipallon naisten Aktialiiga\",\"isPartOf\":{\"@id\":\"https:\\\/\\\/aktialiiga.fi\\\/naiset\\\/#website\"},\"primaryImageOfPage\":{\"@id\":\"https:\\\/\\\/aktialiiga.fi\\\/naiset\\\/2013-2014\\\/joukkueet-2013-2014\\\/sparta\\\/#primaryimage\"},\"image\":{\"@id\":\"https:\\\/\\\/aktialiiga.fi\\\/naiset\\\/2013-2014\\\/joukkueet-2013-2014\\\/sparta\\\/#primaryimage\"},\"thumbnailUrl\":\"https:\\\/\\\/aktialiiga.fi\\\/naiset\\\/wp-content\\\/uploads\\\/sites\\\/6\\\/2011\\\/08\\\/logo-sparta.gif\",\"datePublished\":\"2013-09-09T14:00:20+00:00\",\"dateModified\":\"2024-08-28T15:31:18+00:00\",\"breadcrumb\":{\"@id\":\"https:\\\/\\\/aktialiiga.fi\\\/naiset\\\/2013-2014\\\/joukkueet-2013-2014\\\/sparta\\\/#breadcrumb\"},\"inLanguage\":\"fi\",\"potentialAction\":[{\"@type\":\"ReadAction\",\"target\":[\"https:\\\/\\\/aktialiiga.fi\\\/naiset\\\/2013-2014\\\/joukkueet-2013-2014\\\/sparta\\\/\"]}]},{\"@type\":\"ImageObject\",\"inLanguage\":\"fi\",\"@id\":\"https:\\\/\\\/aktialiiga.fi\\\/naiset\\\/2013-2014\\\/joukkueet-2013-2014\\\/sparta\\\/#primaryimage\",\"url\":\"https:\\\/\\\/aktialiiga.fi\\\/naiset\\\/wp-content\\\/uploads\\\/sites\\\/6\\\/2011\\\/08\\\/logo-sparta.gif\",\"contentUrl\":\"https:\\\/\\\/aktialiiga.fi\\\/naiset\\\/wp-content\\\/uploads\\\/sites\\\/6\\\/2011\\\/08\\\/logo-sparta.gif\",\"width\":100,\"height\":115,\"caption\":\"Sparta, Helsinki\"},{\"@type\":\"BreadcrumbList\",\"@id\":\"https:\\\/\\\/aktialiiga.fi\\\/naiset\\\/2013-2014\\\/joukkueet-2013-2014\\\/sparta\\\/#breadcrumb\",\"itemListElement\":[{\"@type\":\"ListItem\",\"position\":1,\"name\":\"Etusivu\",\"item\":\"https:\\\/\\\/aktialiiga.fi\\\/naiset\\\/\"},{\"@type\":\"ListItem\",\"position\":2,\"name\":\"Sparta, Helsinki\"}]},{\"@type\":\"WebSite\",\"@id\":\"https:\\\/\\\/aktialiiga.fi\\\/naiset\\\/#website\",\"url\":\"https:\\\/\\\/aktialiiga.fi\\\/naiset\\\/\",\"name\":\"K\u00e4sipallon naisten Aktialiiga\",\"description\":\"Valtakunnan vauhdikkainta palloilua!\",\"publisher\":{\"@id\":\"https:\\\/\\\/aktialiiga.fi\\\/naiset\\\/#organization\"},\"potentialAction\":[{\"@type\":\"SearchAction\",\"target\":{\"@type\":\"EntryPoint\",\"urlTemplate\":\"https:\\\/\\\/aktialiiga.fi\\\/naiset\\\/?s={search_term_string}\"},\"query-input\":{\"@type\":\"PropertyValueSpecification\",\"valueRequired\":true,\"valueName\":\"search_term_string\"}}],\"inLanguage\":\"fi\"},{\"@type\":\"Organization\",\"@id\":\"https:\\\/\\\/aktialiiga.fi\\\/naiset\\\/#organization\",\"name\":\"K\u00e4sipallon naisten Aktialiiga\",\"url\":\"https:\\\/\\\/aktialiiga.fi\\\/naiset\\\/\",\"logo\":{\"@type\":\"ImageObject\",\"inLanguage\":\"fi\",\"@id\":\"https:\\\/\\\/aktialiiga.fi\\\/naiset\\\/#\\\/schema\\\/logo\\\/image\\\/\",\"url\":\"https:\\\/\\\/aktialiiga.fi\\\/naiset\\\/wp-content\\\/uploads\\\/sites\\\/6\\\/2024\\\/09\\\/Aktialiiga-Yoast-512.png\",\"contentUrl\":\"https:\\\/\\\/aktialiiga.fi\\\/naiset\\\/wp-content\\\/uploads\\\/sites\\\/6\\\/2024\\\/09\\\/Aktialiiga-Yoast-512.png\",\"width\":512,\"height\":512,\"caption\":\"K\u00e4sipallon naisten Aktialiiga\"},\"image\":{\"@id\":\"https:\\\/\\\/aktialiiga.fi\\\/naiset\\\/#\\\/schema\\\/logo\\\/image\\\/\"},\"sameAs\":[\"https:\\\/\\\/www.facebook.com\\\/finnhandball\",\"https:\\\/\\\/x.com\\\/finnhandball\",\"https:\\\/\\\/www.instagram.com\\\/handballfinland\\\/\"]},{\"@type\":\"Person\",\"@id\":\"https:\\\/\\\/aktialiiga.fi\\\/naiset\\\/#\\\/schema\\\/person\\\/c14bf42f47041db74603c45afcb18d87\",\"name\":\"tbrmedia\",\"image\":{\"@type\":\"ImageObject\",\"inLanguage\":\"fi\",\"@id\":\"https:\\\/\\\/secure.gravatar.com\\\/avatar\\\/ee975fa091fe581d12b60debb3439022686618368a7c142044c56724d4666b16?s=96&d=mm&r=g\",\"url\":\"https:\\\/\\\/secure.gravatar.com\\\/avatar\\\/ee975fa091fe581d12b60debb3439022686618368a7c142044c56724d4666b16?s=96&d=mm&r=g\",\"contentUrl\":\"https:\\\/\\\/secure.gravatar.com\\\/avatar\\\/ee975fa091fe581d12b60debb3439022686618368a7c142044c56724d4666b16?s=96&d=mm&r=g\",\"caption\":\"tbrmedia\"}}]}<\/script>\n<!-- \/ Yoast SEO plugin. -->","yoast_head_json":{"title":"Sparta, Helsinki | K\u00e4sipallon naisten Aktialiiga","robots":{"index":"index","follow":"follow","max-snippet":"max-snippet:-1","max-image-preview":"max-image-preview:large","max-video-preview":"max-video-preview:-1"},"canonical":"https:\/\/aktialiiga.fi\/naiset\/2013-2014\/joukkueet-2013-2014\/sparta\/","og_locale":"fi_FI","og_type":"article","og_title":"Sparta, Helsinki | K\u00e4sipallon naisten Aktialiiga","og_url":"https:\/\/aktialiiga.fi\/naiset\/2013-2014\/joukkueet-2013-2014\/sparta\/","og_site_name":"K\u00e4sipallon naisten Aktialiiga","article_publisher":"https:\/\/www.facebook.com\/finnhandball","article_published_time":"2013-09-09T14:00:20+00:00","article_modified_time":"2024-08-28T15:31:18+00:00","og_image":[{"width":100,"height":115,"url":"https:\/\/aktialiiga.fi\/naiset\/wp-content\/uploads\/sites\/6\/2011\/08\/logo-sparta.gif","type":"image\/gif"}],"author":"tbrmedia","twitter_card":"summary_large_image","twitter_creator":"@finnhandball","twitter_site":"@finnhandball","schema":{"@context":"https:\/\/schema.org","@graph":[{"@type":"Article","@id":"https:\/\/aktialiiga.fi\/naiset\/2013-2014\/joukkueet-2013-2014\/sparta\/#article","isPartOf":{"@id":"https:\/\/aktialiiga.fi\/naiset\/2013-2014\/joukkueet-2013-2014\/sparta\/"},"author":{"name":"tbrmedia","@id":"https:\/\/aktialiiga.fi\/naiset\/#\/schema\/person\/c14bf42f47041db74603c45afcb18d87"},"headline":"Sparta, Helsinki","datePublished":"2013-09-09T14:00:20+00:00","dateModified":"2024-08-28T15:31:18+00:00","mainEntityOfPage":{"@id":"https:\/\/aktialiiga.fi\/naiset\/2013-2014\/joukkueet-2013-2014\/sparta\/"},"wordCount":152,"publisher":{"@id":"https:\/\/aktialiiga.fi\/naiset\/#organization"},"image":{"@id":"https:\/\/aktialiiga.fi\/naiset\/2013-2014\/joukkueet-2013-2014\/sparta\/#primaryimage"},"thumbnailUrl":"https:\/\/aktialiiga.fi\/naiset\/wp-content\/uploads\/sites\/6\/2011\/08\/logo-sparta.gif","articleSection":["Joukkueet"],"inLanguage":"fi"},{"@type":"WebPage","@id":"https:\/\/aktialiiga.fi\/naiset\/2013-2014\/joukkueet-2013-2014\/sparta\/","url":"https:\/\/aktialiiga.fi\/naiset\/2013-2014\/joukkueet-2013-2014\/sparta\/","name":"Sparta, Helsinki | K\u00e4sipallon naisten Aktialiiga","isPartOf":{"@id":"https:\/\/aktialiiga.fi\/naiset\/#website"},"primaryImageOfPage":{"@id":"https:\/\/aktialiiga.fi\/naiset\/2013-2014\/joukkueet-2013-2014\/sparta\/#primaryimage"},"image":{"@id":"https:\/\/aktialiiga.fi\/naiset\/2013-2014\/joukkueet-2013-2014\/sparta\/#primaryimage"},"thumbnailUrl":"https:\/\/aktialiiga.fi\/naiset\/wp-content\/uploads\/sites\/6\/2011\/08\/logo-sparta.gif","datePublished":"2013-09-09T14:00:20+00:00","dateModified":"2024-08-28T15:31:18+00:00","breadcrumb":{"@id":"https:\/\/aktialiiga.fi\/naiset\/2013-2014\/joukkueet-2013-2014\/sparta\/#breadcrumb"},"inLanguage":"fi","potentialAction":[{"@type":"ReadAction","target":["https:\/\/aktialiiga.fi\/naiset\/2013-2014\/joukkueet-2013-2014\/sparta\/"]}]},{"@type":"ImageObject","inLanguage":"fi","@id":"https:\/\/aktialiiga.fi\/naiset\/2013-2014\/joukkueet-2013-2014\/sparta\/#primaryimage","url":"https:\/\/aktialiiga.fi\/naiset\/wp-content\/uploads\/sites\/6\/2011\/08\/logo-sparta.gif","contentUrl":"https:\/\/aktialiiga.fi\/naiset\/wp-content\/uploads\/sites\/6\/2011\/08\/logo-sparta.gif","width":100,"height":115,"caption":"Sparta, Helsinki"},{"@type":"BreadcrumbList","@id":"https:\/\/aktialiiga.fi\/naiset\/2013-2014\/joukkueet-2013-2014\/sparta\/#breadcrumb","itemListElement":[{"@type":"ListItem","position":1,"name":"Etusivu","item":"https:\/\/aktialiiga.fi\/naiset\/"},{"@type":"ListItem","position":2,"name":"Sparta, Helsinki"}]},{"@type":"WebSite","@id":"https:\/\/aktialiiga.fi\/naiset\/#website","url":"https:\/\/aktialiiga.fi\/naiset\/","name":"K\u00e4sipallon naisten Aktialiiga","description":"Valtakunnan vauhdikkainta palloilua!","publisher":{"@id":"https:\/\/aktialiiga.fi\/naiset\/#organization"},"potentialAction":[{"@type":"SearchAction","target":{"@type":"EntryPoint","urlTemplate":"https:\/\/aktialiiga.fi\/naiset\/?s={search_term_string}"},"query-input":{"@type":"PropertyValueSpecification","valueRequired":true,"valueName":"search_term_string"}}],"inLanguage":"fi"},{"@type":"Organization","@id":"https:\/\/aktialiiga.fi\/naiset\/#organization","name":"K\u00e4sipallon naisten Aktialiiga","url":"https:\/\/aktialiiga.fi\/naiset\/","logo":{"@type":"ImageObject","inLanguage":"fi","@id":"https:\/\/aktialiiga.fi\/naiset\/#\/schema\/logo\/image\/","url":"https:\/\/aktialiiga.fi\/naiset\/wp-content\/uploads\/sites\/6\/2024\/09\/Aktialiiga-Yoast-512.png","contentUrl":"https:\/\/aktialiiga.fi\/naiset\/wp-content\/uploads\/sites\/6\/2024\/09\/Aktialiiga-Yoast-512.png","width":512,"height":512,"caption":"K\u00e4sipallon naisten Aktialiiga"},"image":{"@id":"https:\/\/aktialiiga.fi\/naiset\/#\/schema\/logo\/image\/"},"sameAs":["https:\/\/www.facebook.com\/finnhandball","https:\/\/x.com\/finnhandball","https:\/\/www.instagram.com\/handballfinland\/"]},{"@type":"Person","@id":"https:\/\/aktialiiga.fi\/naiset\/#\/schema\/person\/c14bf42f47041db74603c45afcb18d87","name":"tbrmedia","image":{"@type":"ImageObject","inLanguage":"fi","@id":"https:\/\/secure.gravatar.com\/avatar\/ee975fa091fe581d12b60debb3439022686618368a7c142044c56724d4666b16?s=96&d=mm&r=g","url":"https:\/\/secure.gravatar.com\/avatar\/ee975fa091fe581d12b60debb3439022686618368a7c142044c56724d4666b16?s=96&d=mm&r=g","contentUrl":"https:\/\/secure.gravatar.com\/avatar\/ee975fa091fe581d12b60debb3439022686618368a7c142044c56724d4666b16?s=96&d=mm&r=g","caption":"tbrmedia"}}]}},"jetpack_featured_media_url":"https:\/\/aktialiiga.fi\/naiset\/wp-content\/uploads\/sites\/6\/2011\/08\/logo-sparta.gif","jetpack_sharing_enabled":true,"jetpack_shortlink":"https:\/\/wp.me\/sfYhm6-sparta","_links":{"self":[{"href":"https:\/\/aktialiiga.fi\/naiset\/wp-json\/wp\/v2\/posts\/3801","targetHints":{"allow":["GET"]}}],"collection":[{"href":"https:\/\/aktialiiga.fi\/naiset\/wp-json\/wp\/v2\/posts"}],"about":[{"href":"https:\/\/aktialiiga.fi\/naiset\/wp-json\/wp\/v2\/types\/post"}],"author":[{"embeddable":true,"href":"https:\/\/aktialiiga.fi\/naiset\/wp-json\/wp\/v2\/users\/13"}],"replies":[{"embeddable":true,"href":"https:\/\/aktialiiga.fi\/naiset\/wp-json\/wp\/v2\/comments?post=3801"}],"version-history":[{"count":1,"href":"https:\/\/aktialiiga.fi\/naiset\/wp-json\/wp\/v2\/posts\/3801\/revisions"}],"predecessor-version":[{"id":39642,"href":"https:\/\/aktialiiga.fi\/naiset\/wp-json\/wp\/v2\/posts\/3801\/revisions\/39642"}],"wp:featuredmedia":[{"embeddable":true,"href":"https:\/\/aktialiiga.fi\/naiset\/wp-json\/wp\/v2\/media\/64"}],"wp:attachment":[{"href":"https:\/\/aktialiiga.fi\/naiset\/wp-json\/wp\/v2\/media?parent=3801"}],"wp:term":[{"taxonomy":"category","embeddable":true,"href":"https:\/\/aktialiiga.fi\/naiset\/wp-json\/wp\/v2\/categories?post=3801"},{"taxonomy":"post_tag","embeddable":true,"href":"https:\/\/aktialiiga.fi\/naiset\/wp-json\/wp\/v2\/tags?post=3801"}],"curies":[{"name":"wp","href":"https:\/\/api.w.org\/{rel}","templated":true}]}}