{"id":40481,"date":"2024-09-11T11:19:41","date_gmt":"2024-09-11T08:19:41","guid":{"rendered":"https:\/\/aktialiiga.fi\/naiset\/?p=40481"},"modified":"2024-09-14T11:48:39","modified_gmt":"2024-09-14T08:48:39","slug":"atlas-ei-lahde-vain-selviytymaan-tavoite-on-paasta-neljan-parhaan-joukkoon","status":"publish","type":"post","link":"https:\/\/aktialiiga.fi\/naiset\/2024-2025\/ennakot-2024-2025\/atlas-ei-lahde-vain-selviytymaan-tavoite-on-paasta-neljan-parhaan-joukkoon\/","title":{"rendered":"Atlas ei l\u00e4hde vain selviytym\u00e4\u00e4n \u2013 \u201dTavoite on p\u00e4\u00e4st\u00e4 nelj\u00e4n parhaan joukkoon\u201d"},"content":{"rendered":"<p>Naisten Aktialiiga k\u00e4ynnistyy keskiviikkona, kun sarjatulokas Atlas haastaa hallitsevan mestari GrIFK:n. Atlaksen Adriana Jakimovan mukaan joukkue l\u00e4htee hakemaan heti menestyst\u00e4.<\/p>\n<p>Atlas dominoi viime kaudella 1. divisioonaa voittaen kaikki ottelunsa. Joukkue aloitti kauteen valmistautumisen hyviss\u00e4 ajoin ja on valmiina kauden alkuun.<\/p>\n<p>&#8211; Harjoituskausi on sujunut hyvin. Maaliskuussa oli jatkosarjan viimeinen ottelu, jonka j\u00e4lkeen oli pari viikkoa taukoa. Aloitimme t\u00e4h\u00e4n kauteen valmistautumisen huhtikuussa, joten pelej\u00e4 on kovasti odotettu, Jakimova toteaa.<\/p>\n<p>Atlas n\u00e4htiin p\u00e4\u00e4sarjassa viimeksi kaudella 2020-21. Jakimova odottaa innolla tulevia pelej\u00e4.<\/p>\n<p>&#8211; Aika j\u00e4nnittynyt, mutta odottava fiilis! Pelit kovenee huomattavasti viime kaudesta. Tiedostetaan, ett\u00e4 sarjan tulokkaana meill\u00e4 tuskin yht\u00e4k\u00e4\u00e4n helppoa peli\u00e4 on edess\u00e4, muttei silti l\u00e4hdet\u00e4 kumartelemaan rutinoituneempien joukkueiden edess\u00e4. Meill\u00e4 on koko seurassa hyv\u00e4 meininki ja tekeminen on ollut nousujohteista. Olen todella iloinen koko seuran puolesta, ett\u00e4 saadaan n\u00e4hd\u00e4 taas p\u00e4\u00e4sarjan pelej\u00e4 Myyrm\u00e4ess\u00e4.<\/p>\n<p>Jakimovan mukaan joukkueen vahvuutena on tasaisuus sek\u00e4 hyv\u00e4 joukkuehenki.<\/p>\n<p>&#8211; Mielest\u00e4ni meill\u00e4 on aika tasainen joukkue. Meill\u00e4 ei toistaiseksi ole yht\u00e4 pelaajaa tai edes yht\u00e4 kent\u00e4llist\u00e4, joka olisi selke\u00e4sti ylitse muiden. T\u00e4m\u00e4 tuo meid\u00e4n peliin monipuolisuutta. Meill\u00e4 on my\u00f6s hyv\u00e4 joukkuehenki ja joukkue viihtyy hyvin yhdess\u00e4.<\/p>\n<p>Jakimova tiedostaa, ett\u00e4 Aktialiigan ja 1. divisioonan v\u00e4lill\u00e4 on eroja ja my\u00f6nt\u00e4\u00e4 fyysisyyden olevan joukkueelle suurin haaste tulevaa kautta ajatellen.<\/p>\n<p>&#8211; Haasteena n\u00e4en kovien ja fyysisten otteluiden puutteen. Viime kaudella voitimme 1. divarin runkosarjassa kaikki 12 otteluamme ja saimme koko kaudella vain pari oikeasti kovaa ottelua. Suomen Cupissa Dickeni\u00e4 vastaan viime kaudella n\u00e4htiin, ett\u00e4 peli ylimm\u00e4ll\u00e4 sarjatasolla on paljon fyysisemp\u00e4\u00e4, mit\u00e4 divarissa. T\u00e4t\u00e4 siis tulee treenata ja siihen tulee my\u00f6s henkisesti valmistautua.<\/p>\n<p>Atlas haluaa palata vahvasti ja p\u00e4rj\u00e4t\u00e4 liigassa.<\/p>\n<p>&#8211; Tavoite t\u00e4lle kaudelle on p\u00e4\u00e4st\u00e4 nelj\u00e4n parhaan joukkoon.<\/p>\n<p>Atlas avaa kautensa em\u00e4nn\u00f6im\u00e4ll\u00e4 Myyrm\u00e4ess\u00e4 GrIFK:ta. Ottelu alkaa kello 19.00.<\/p>\n","protected":false},"excerpt":{"rendered":"<p>Naisten Aktialiiga k\u00e4ynnistyy keskiviikkona, kun sarjatulokas Atlas haastaa hallitsevan mestari GrIFK:n. Atlaksen Adriana Jakimovan mukaan joukkue l\u00e4htee hakemaan heti menestyst\u00e4. Atlas dominoi viime kaudella 1. divisioonaa voittaen kaikki ottelunsa. Joukkue aloitti kauteen valmistautumisen hyviss\u00e4 ajoin ja on valmiina kauden alkuun. &#8211; Harjoituskausi on sujunut hyvin. Maaliskuussa oli jatkosarjan viimeinen ottelu, jonka j\u00e4lkeen oli pari viikkoa [&hellip;]<\/p>\n","protected":false},"author":13,"featured_media":40380,"comment_status":"closed","ping_status":"closed","sticky":false,"template":"","format":"standard","meta":{"_acf_changed":false,"jetpack_post_was_ever_published":false,"_jetpack_newsletter_access":"","_jetpack_dont_email_post_to_subs":false,"_jetpack_newsletter_tier_id":0,"_jetpack_memberships_contains_paywalled_content":false,"_jetpack_memberships_contains_paid_content":false,"footnotes":""},"categories":[236],"tags":[48],"class_list":["post-40481","post","type-post","status-publish","format-standard","has-post-thumbnail","hentry","category-ennakot-2024-2025","tag-atlas"],"acf":[],"yoast_head":"<!-- This site is optimized with the Yoast SEO plugin v27.5 - https:\/\/yoast.com\/product\/yoast-seo-wordpress\/ -->\n<title>Atlas ei l\u00e4hde vain selviytym\u00e4\u00e4n \u2013 \u201dTavoite on p\u00e4\u00e4st\u00e4 nelj\u00e4n parhaan joukkoon\u201d | K\u00e4sipallon naisten Aktialiiga<\/title>\n<meta name=\"description\" content=\"Naisten Aktialiiga k\u00e4ynnistyy keskiviikkona, kun sarjatulokas Atlas haastaa hallitsevan mestari GrIFK:n.\" \/>\n<meta name=\"robots\" content=\"index, follow, max-snippet:-1, max-image-preview:large, max-video-preview:-1\" \/>\n<link rel=\"canonical\" href=\"https:\/\/aktialiiga.fi\/naiset\/2024-2025\/ennakot-2024-2025\/atlas-ei-lahde-vain-selviytymaan-tavoite-on-paasta-neljan-parhaan-joukkoon\/\" \/>\n<meta property=\"og:locale\" content=\"fi_FI\" \/>\n<meta property=\"og:type\" content=\"article\" \/>\n<meta property=\"og:title\" content=\"Atlas ei l\u00e4hde vain selviytym\u00e4\u00e4n \u2013 \u201dTavoite on p\u00e4\u00e4st\u00e4 nelj\u00e4n parhaan joukkoon\u201d | K\u00e4sipallon naisten Aktialiiga\" \/>\n<meta property=\"og:description\" content=\"Naisten Aktialiiga k\u00e4ynnistyy keskiviikkona, kun sarjatulokas Atlas haastaa hallitsevan mestari GrIFK:n.\" \/>\n<meta property=\"og:url\" content=\"https:\/\/aktialiiga.fi\/naiset\/2024-2025\/ennakot-2024-2025\/atlas-ei-lahde-vain-selviytymaan-tavoite-on-paasta-neljan-parhaan-joukkoon\/\" \/>\n<meta property=\"og:site_name\" content=\"K\u00e4sipallon naisten Aktialiiga\" \/>\n<meta property=\"article:publisher\" content=\"https:\/\/www.facebook.com\/finnhandball\" \/>\n<meta property=\"article:published_time\" content=\"2024-09-11T08:19:41+00:00\" \/>\n<meta property=\"article:modified_time\" content=\"2024-09-14T08:48:39+00:00\" \/>\n<meta property=\"og:image\" content=\"https:\/\/aktialiiga.fi\/naiset\/wp-content\/uploads\/sites\/6\/2024\/09\/21-Adriana-Jakimova.jpg\" \/>\n\t<meta property=\"og:image:width\" content=\"772\" \/>\n\t<meta property=\"og:image:height\" content=\"1030\" \/>\n\t<meta property=\"og:image:type\" content=\"image\/jpeg\" \/>\n<meta name=\"author\" content=\"tbrmedia\" \/>\n<meta name=\"twitter:card\" content=\"summary_large_image\" \/>\n<meta name=\"twitter:creator\" content=\"@finnhandball\" \/>\n<meta name=\"twitter:site\" content=\"@finnhandball\" \/>\n<script type=\"application\/ld+json\" class=\"yoast-schema-graph\">{\"@context\":\"https:\\\/\\\/schema.org\",\"@graph\":[{\"@type\":\"Article\",\"@id\":\"https:\\\/\\\/aktialiiga.fi\\\/naiset\\\/2024-2025\\\/ennakot-2024-2025\\\/atlas-ei-lahde-vain-selviytymaan-tavoite-on-paasta-neljan-parhaan-joukkoon\\\/#article\",\"isPartOf\":{\"@id\":\"https:\\\/\\\/aktialiiga.fi\\\/naiset\\\/2024-2025\\\/ennakot-2024-2025\\\/atlas-ei-lahde-vain-selviytymaan-tavoite-on-paasta-neljan-parhaan-joukkoon\\\/\"},\"author\":{\"name\":\"tbrmedia\",\"@id\":\"https:\\\/\\\/aktialiiga.fi\\\/naiset\\\/#\\\/schema\\\/person\\\/c14bf42f47041db74603c45afcb18d87\"},\"headline\":\"Atlas ei l\u00e4hde vain selviytym\u00e4\u00e4n \u2013 \u201dTavoite on p\u00e4\u00e4st\u00e4 nelj\u00e4n parhaan joukkoon\u201d\",\"datePublished\":\"2024-09-11T08:19:41+00:00\",\"dateModified\":\"2024-09-14T08:48:39+00:00\",\"mainEntityOfPage\":{\"@id\":\"https:\\\/\\\/aktialiiga.fi\\\/naiset\\\/2024-2025\\\/ennakot-2024-2025\\\/atlas-ei-lahde-vain-selviytymaan-tavoite-on-paasta-neljan-parhaan-joukkoon\\\/\"},\"wordCount\":324,\"publisher\":{\"@id\":\"https:\\\/\\\/aktialiiga.fi\\\/naiset\\\/#organization\"},\"image\":{\"@id\":\"https:\\\/\\\/aktialiiga.fi\\\/naiset\\\/2024-2025\\\/ennakot-2024-2025\\\/atlas-ei-lahde-vain-selviytymaan-tavoite-on-paasta-neljan-parhaan-joukkoon\\\/#primaryimage\"},\"thumbnailUrl\":\"https:\\\/\\\/aktialiiga.fi\\\/naiset\\\/wp-content\\\/uploads\\\/sites\\\/6\\\/2024\\\/09\\\/21-Adriana-Jakimova.jpg\",\"keywords\":[\"Atlas\"],\"articleSection\":[\"Ennakot\"],\"inLanguage\":\"fi\"},{\"@type\":\"WebPage\",\"@id\":\"https:\\\/\\\/aktialiiga.fi\\\/naiset\\\/2024-2025\\\/ennakot-2024-2025\\\/atlas-ei-lahde-vain-selviytymaan-tavoite-on-paasta-neljan-parhaan-joukkoon\\\/\",\"url\":\"https:\\\/\\\/aktialiiga.fi\\\/naiset\\\/2024-2025\\\/ennakot-2024-2025\\\/atlas-ei-lahde-vain-selviytymaan-tavoite-on-paasta-neljan-parhaan-joukkoon\\\/\",\"name\":\"Atlas ei l\u00e4hde vain selviytym\u00e4\u00e4n \u2013 \u201dTavoite on p\u00e4\u00e4st\u00e4 nelj\u00e4n parhaan joukkoon\u201d | K\u00e4sipallon naisten Aktialiiga\",\"isPartOf\":{\"@id\":\"https:\\\/\\\/aktialiiga.fi\\\/naiset\\\/#website\"},\"primaryImageOfPage\":{\"@id\":\"https:\\\/\\\/aktialiiga.fi\\\/naiset\\\/2024-2025\\\/ennakot-2024-2025\\\/atlas-ei-lahde-vain-selviytymaan-tavoite-on-paasta-neljan-parhaan-joukkoon\\\/#primaryimage\"},\"image\":{\"@id\":\"https:\\\/\\\/aktialiiga.fi\\\/naiset\\\/2024-2025\\\/ennakot-2024-2025\\\/atlas-ei-lahde-vain-selviytymaan-tavoite-on-paasta-neljan-parhaan-joukkoon\\\/#primaryimage\"},\"thumbnailUrl\":\"https:\\\/\\\/aktialiiga.fi\\\/naiset\\\/wp-content\\\/uploads\\\/sites\\\/6\\\/2024\\\/09\\\/21-Adriana-Jakimova.jpg\",\"datePublished\":\"2024-09-11T08:19:41+00:00\",\"dateModified\":\"2024-09-14T08:48:39+00:00\",\"description\":\"Naisten Aktialiiga k\u00e4ynnistyy keskiviikkona, kun sarjatulokas Atlas haastaa hallitsevan mestari GrIFK:n.\",\"breadcrumb\":{\"@id\":\"https:\\\/\\\/aktialiiga.fi\\\/naiset\\\/2024-2025\\\/ennakot-2024-2025\\\/atlas-ei-lahde-vain-selviytymaan-tavoite-on-paasta-neljan-parhaan-joukkoon\\\/#breadcrumb\"},\"inLanguage\":\"fi\",\"potentialAction\":[{\"@type\":\"ReadAction\",\"target\":[\"https:\\\/\\\/aktialiiga.fi\\\/naiset\\\/2024-2025\\\/ennakot-2024-2025\\\/atlas-ei-lahde-vain-selviytymaan-tavoite-on-paasta-neljan-parhaan-joukkoon\\\/\"]}]},{\"@type\":\"ImageObject\",\"inLanguage\":\"fi\",\"@id\":\"https:\\\/\\\/aktialiiga.fi\\\/naiset\\\/2024-2025\\\/ennakot-2024-2025\\\/atlas-ei-lahde-vain-selviytymaan-tavoite-on-paasta-neljan-parhaan-joukkoon\\\/#primaryimage\",\"url\":\"https:\\\/\\\/aktialiiga.fi\\\/naiset\\\/wp-content\\\/uploads\\\/sites\\\/6\\\/2024\\\/09\\\/21-Adriana-Jakimova.jpg\",\"contentUrl\":\"https:\\\/\\\/aktialiiga.fi\\\/naiset\\\/wp-content\\\/uploads\\\/sites\\\/6\\\/2024\\\/09\\\/21-Adriana-Jakimova.jpg\",\"width\":772,\"height\":1030},{\"@type\":\"BreadcrumbList\",\"@id\":\"https:\\\/\\\/aktialiiga.fi\\\/naiset\\\/2024-2025\\\/ennakot-2024-2025\\\/atlas-ei-lahde-vain-selviytymaan-tavoite-on-paasta-neljan-parhaan-joukkoon\\\/#breadcrumb\",\"itemListElement\":[{\"@type\":\"ListItem\",\"position\":1,\"name\":\"Etusivu\",\"item\":\"https:\\\/\\\/aktialiiga.fi\\\/naiset\\\/\"},{\"@type\":\"ListItem\",\"position\":2,\"name\":\"Atlas ei l\u00e4hde vain selviytym\u00e4\u00e4n \u2013 \u201dTavoite on p\u00e4\u00e4st\u00e4 nelj\u00e4n parhaan joukkoon\u201d\"}]},{\"@type\":\"WebSite\",\"@id\":\"https:\\\/\\\/aktialiiga.fi\\\/naiset\\\/#website\",\"url\":\"https:\\\/\\\/aktialiiga.fi\\\/naiset\\\/\",\"name\":\"K\u00e4sipallon naisten Aktialiiga\",\"description\":\"Valtakunnan vauhdikkainta palloilua!\",\"publisher\":{\"@id\":\"https:\\\/\\\/aktialiiga.fi\\\/naiset\\\/#organization\"},\"potentialAction\":[{\"@type\":\"SearchAction\",\"target\":{\"@type\":\"EntryPoint\",\"urlTemplate\":\"https:\\\/\\\/aktialiiga.fi\\\/naiset\\\/?s={search_term_string}\"},\"query-input\":{\"@type\":\"PropertyValueSpecification\",\"valueRequired\":true,\"valueName\":\"search_term_string\"}}],\"inLanguage\":\"fi\"},{\"@type\":\"Organization\",\"@id\":\"https:\\\/\\\/aktialiiga.fi\\\/naiset\\\/#organization\",\"name\":\"K\u00e4sipallon naisten Aktialiiga\",\"url\":\"https:\\\/\\\/aktialiiga.fi\\\/naiset\\\/\",\"logo\":{\"@type\":\"ImageObject\",\"inLanguage\":\"fi\",\"@id\":\"https:\\\/\\\/aktialiiga.fi\\\/naiset\\\/#\\\/schema\\\/logo\\\/image\\\/\",\"url\":\"https:\\\/\\\/aktialiiga.fi\\\/naiset\\\/wp-content\\\/uploads\\\/sites\\\/6\\\/2024\\\/09\\\/Aktialiiga-Yoast-512.png\",\"contentUrl\":\"https:\\\/\\\/aktialiiga.fi\\\/naiset\\\/wp-content\\\/uploads\\\/sites\\\/6\\\/2024\\\/09\\\/Aktialiiga-Yoast-512.png\",\"width\":512,\"height\":512,\"caption\":\"K\u00e4sipallon naisten Aktialiiga\"},\"image\":{\"@id\":\"https:\\\/\\\/aktialiiga.fi\\\/naiset\\\/#\\\/schema\\\/logo\\\/image\\\/\"},\"sameAs\":[\"https:\\\/\\\/www.facebook.com\\\/finnhandball\",\"https:\\\/\\\/x.com\\\/finnhandball\",\"https:\\\/\\\/www.instagram.com\\\/handballfinland\\\/\"]},{\"@type\":\"Person\",\"@id\":\"https:\\\/\\\/aktialiiga.fi\\\/naiset\\\/#\\\/schema\\\/person\\\/c14bf42f47041db74603c45afcb18d87\",\"name\":\"tbrmedia\",\"image\":{\"@type\":\"ImageObject\",\"inLanguage\":\"fi\",\"@id\":\"https:\\\/\\\/secure.gravatar.com\\\/avatar\\\/ee975fa091fe581d12b60debb3439022686618368a7c142044c56724d4666b16?s=96&d=mm&r=g\",\"url\":\"https:\\\/\\\/secure.gravatar.com\\\/avatar\\\/ee975fa091fe581d12b60debb3439022686618368a7c142044c56724d4666b16?s=96&d=mm&r=g\",\"contentUrl\":\"https:\\\/\\\/secure.gravatar.com\\\/avatar\\\/ee975fa091fe581d12b60debb3439022686618368a7c142044c56724d4666b16?s=96&d=mm&r=g\",\"caption\":\"tbrmedia\"}}]}<\/script>\n<!-- \/ Yoast SEO plugin. -->","yoast_head_json":{"title":"Atlas ei l\u00e4hde vain selviytym\u00e4\u00e4n \u2013 \u201dTavoite on p\u00e4\u00e4st\u00e4 nelj\u00e4n parhaan joukkoon\u201d | K\u00e4sipallon naisten Aktialiiga","description":"Naisten Aktialiiga k\u00e4ynnistyy keskiviikkona, kun sarjatulokas Atlas haastaa hallitsevan mestari GrIFK:n.","robots":{"index":"index","follow":"follow","max-snippet":"max-snippet:-1","max-image-preview":"max-image-preview:large","max-video-preview":"max-video-preview:-1"},"canonical":"https:\/\/aktialiiga.fi\/naiset\/2024-2025\/ennakot-2024-2025\/atlas-ei-lahde-vain-selviytymaan-tavoite-on-paasta-neljan-parhaan-joukkoon\/","og_locale":"fi_FI","og_type":"article","og_title":"Atlas ei l\u00e4hde vain selviytym\u00e4\u00e4n \u2013 \u201dTavoite on p\u00e4\u00e4st\u00e4 nelj\u00e4n parhaan joukkoon\u201d | K\u00e4sipallon naisten Aktialiiga","og_description":"Naisten Aktialiiga k\u00e4ynnistyy keskiviikkona, kun sarjatulokas Atlas haastaa hallitsevan mestari GrIFK:n.","og_url":"https:\/\/aktialiiga.fi\/naiset\/2024-2025\/ennakot-2024-2025\/atlas-ei-lahde-vain-selviytymaan-tavoite-on-paasta-neljan-parhaan-joukkoon\/","og_site_name":"K\u00e4sipallon naisten Aktialiiga","article_publisher":"https:\/\/www.facebook.com\/finnhandball","article_published_time":"2024-09-11T08:19:41+00:00","article_modified_time":"2024-09-14T08:48:39+00:00","og_image":[{"width":772,"height":1030,"url":"https:\/\/aktialiiga.fi\/naiset\/wp-content\/uploads\/sites\/6\/2024\/09\/21-Adriana-Jakimova.jpg","type":"image\/jpeg"}],"author":"tbrmedia","twitter_card":"summary_large_image","twitter_creator":"@finnhandball","twitter_site":"@finnhandball","schema":{"@context":"https:\/\/schema.org","@graph":[{"@type":"Article","@id":"https:\/\/aktialiiga.fi\/naiset\/2024-2025\/ennakot-2024-2025\/atlas-ei-lahde-vain-selviytymaan-tavoite-on-paasta-neljan-parhaan-joukkoon\/#article","isPartOf":{"@id":"https:\/\/aktialiiga.fi\/naiset\/2024-2025\/ennakot-2024-2025\/atlas-ei-lahde-vain-selviytymaan-tavoite-on-paasta-neljan-parhaan-joukkoon\/"},"author":{"name":"tbrmedia","@id":"https:\/\/aktialiiga.fi\/naiset\/#\/schema\/person\/c14bf42f47041db74603c45afcb18d87"},"headline":"Atlas ei l\u00e4hde vain selviytym\u00e4\u00e4n \u2013 \u201dTavoite on p\u00e4\u00e4st\u00e4 nelj\u00e4n parhaan joukkoon\u201d","datePublished":"2024-09-11T08:19:41+00:00","dateModified":"2024-09-14T08:48:39+00:00","mainEntityOfPage":{"@id":"https:\/\/aktialiiga.fi\/naiset\/2024-2025\/ennakot-2024-2025\/atlas-ei-lahde-vain-selviytymaan-tavoite-on-paasta-neljan-parhaan-joukkoon\/"},"wordCount":324,"publisher":{"@id":"https:\/\/aktialiiga.fi\/naiset\/#organization"},"image":{"@id":"https:\/\/aktialiiga.fi\/naiset\/2024-2025\/ennakot-2024-2025\/atlas-ei-lahde-vain-selviytymaan-tavoite-on-paasta-neljan-parhaan-joukkoon\/#primaryimage"},"thumbnailUrl":"https:\/\/aktialiiga.fi\/naiset\/wp-content\/uploads\/sites\/6\/2024\/09\/21-Adriana-Jakimova.jpg","keywords":["Atlas"],"articleSection":["Ennakot"],"inLanguage":"fi"},{"@type":"WebPage","@id":"https:\/\/aktialiiga.fi\/naiset\/2024-2025\/ennakot-2024-2025\/atlas-ei-lahde-vain-selviytymaan-tavoite-on-paasta-neljan-parhaan-joukkoon\/","url":"https:\/\/aktialiiga.fi\/naiset\/2024-2025\/ennakot-2024-2025\/atlas-ei-lahde-vain-selviytymaan-tavoite-on-paasta-neljan-parhaan-joukkoon\/","name":"Atlas ei l\u00e4hde vain selviytym\u00e4\u00e4n \u2013 \u201dTavoite on p\u00e4\u00e4st\u00e4 nelj\u00e4n parhaan joukkoon\u201d | K\u00e4sipallon naisten Aktialiiga","isPartOf":{"@id":"https:\/\/aktialiiga.fi\/naiset\/#website"},"primaryImageOfPage":{"@id":"https:\/\/aktialiiga.fi\/naiset\/2024-2025\/ennakot-2024-2025\/atlas-ei-lahde-vain-selviytymaan-tavoite-on-paasta-neljan-parhaan-joukkoon\/#primaryimage"},"image":{"@id":"https:\/\/aktialiiga.fi\/naiset\/2024-2025\/ennakot-2024-2025\/atlas-ei-lahde-vain-selviytymaan-tavoite-on-paasta-neljan-parhaan-joukkoon\/#primaryimage"},"thumbnailUrl":"https:\/\/aktialiiga.fi\/naiset\/wp-content\/uploads\/sites\/6\/2024\/09\/21-Adriana-Jakimova.jpg","datePublished":"2024-09-11T08:19:41+00:00","dateModified":"2024-09-14T08:48:39+00:00","description":"Naisten Aktialiiga k\u00e4ynnistyy keskiviikkona, kun sarjatulokas Atlas haastaa hallitsevan mestari GrIFK:n.","breadcrumb":{"@id":"https:\/\/aktialiiga.fi\/naiset\/2024-2025\/ennakot-2024-2025\/atlas-ei-lahde-vain-selviytymaan-tavoite-on-paasta-neljan-parhaan-joukkoon\/#breadcrumb"},"inLanguage":"fi","potentialAction":[{"@type":"ReadAction","target":["https:\/\/aktialiiga.fi\/naiset\/2024-2025\/ennakot-2024-2025\/atlas-ei-lahde-vain-selviytymaan-tavoite-on-paasta-neljan-parhaan-joukkoon\/"]}]},{"@type":"ImageObject","inLanguage":"fi","@id":"https:\/\/aktialiiga.fi\/naiset\/2024-2025\/ennakot-2024-2025\/atlas-ei-lahde-vain-selviytymaan-tavoite-on-paasta-neljan-parhaan-joukkoon\/#primaryimage","url":"https:\/\/aktialiiga.fi\/naiset\/wp-content\/uploads\/sites\/6\/2024\/09\/21-Adriana-Jakimova.jpg","contentUrl":"https:\/\/aktialiiga.fi\/naiset\/wp-content\/uploads\/sites\/6\/2024\/09\/21-Adriana-Jakimova.jpg","width":772,"height":1030},{"@type":"BreadcrumbList","@id":"https:\/\/aktialiiga.fi\/naiset\/2024-2025\/ennakot-2024-2025\/atlas-ei-lahde-vain-selviytymaan-tavoite-on-paasta-neljan-parhaan-joukkoon\/#breadcrumb","itemListElement":[{"@type":"ListItem","position":1,"name":"Etusivu","item":"https:\/\/aktialiiga.fi\/naiset\/"},{"@type":"ListItem","position":2,"name":"Atlas ei l\u00e4hde vain selviytym\u00e4\u00e4n \u2013 \u201dTavoite on p\u00e4\u00e4st\u00e4 nelj\u00e4n parhaan joukkoon\u201d"}]},{"@type":"WebSite","@id":"https:\/\/aktialiiga.fi\/naiset\/#website","url":"https:\/\/aktialiiga.fi\/naiset\/","name":"K\u00e4sipallon naisten Aktialiiga","description":"Valtakunnan vauhdikkainta palloilua!","publisher":{"@id":"https:\/\/aktialiiga.fi\/naiset\/#organization"},"potentialAction":[{"@type":"SearchAction","target":{"@type":"EntryPoint","urlTemplate":"https:\/\/aktialiiga.fi\/naiset\/?s={search_term_string}"},"query-input":{"@type":"PropertyValueSpecification","valueRequired":true,"valueName":"search_term_string"}}],"inLanguage":"fi"},{"@type":"Organization","@id":"https:\/\/aktialiiga.fi\/naiset\/#organization","name":"K\u00e4sipallon naisten Aktialiiga","url":"https:\/\/aktialiiga.fi\/naiset\/","logo":{"@type":"ImageObject","inLanguage":"fi","@id":"https:\/\/aktialiiga.fi\/naiset\/#\/schema\/logo\/image\/","url":"https:\/\/aktialiiga.fi\/naiset\/wp-content\/uploads\/sites\/6\/2024\/09\/Aktialiiga-Yoast-512.png","contentUrl":"https:\/\/aktialiiga.fi\/naiset\/wp-content\/uploads\/sites\/6\/2024\/09\/Aktialiiga-Yoast-512.png","width":512,"height":512,"caption":"K\u00e4sipallon naisten Aktialiiga"},"image":{"@id":"https:\/\/aktialiiga.fi\/naiset\/#\/schema\/logo\/image\/"},"sameAs":["https:\/\/www.facebook.com\/finnhandball","https:\/\/x.com\/finnhandball","https:\/\/www.instagram.com\/handballfinland\/"]},{"@type":"Person","@id":"https:\/\/aktialiiga.fi\/naiset\/#\/schema\/person\/c14bf42f47041db74603c45afcb18d87","name":"tbrmedia","image":{"@type":"ImageObject","inLanguage":"fi","@id":"https:\/\/secure.gravatar.com\/avatar\/ee975fa091fe581d12b60debb3439022686618368a7c142044c56724d4666b16?s=96&d=mm&r=g","url":"https:\/\/secure.gravatar.com\/avatar\/ee975fa091fe581d12b60debb3439022686618368a7c142044c56724d4666b16?s=96&d=mm&r=g","contentUrl":"https:\/\/secure.gravatar.com\/avatar\/ee975fa091fe581d12b60debb3439022686618368a7c142044c56724d4666b16?s=96&d=mm&r=g","caption":"tbrmedia"}}]}},"jetpack_featured_media_url":"https:\/\/aktialiiga.fi\/naiset\/wp-content\/uploads\/sites\/6\/2024\/09\/21-Adriana-Jakimova.jpg","jetpack_sharing_enabled":true,"jetpack_shortlink":"https:\/\/wp.me\/pfYhm6-awV","_links":{"self":[{"href":"https:\/\/aktialiiga.fi\/naiset\/wp-json\/wp\/v2\/posts\/40481","targetHints":{"allow":["GET"]}}],"collection":[{"href":"https:\/\/aktialiiga.fi\/naiset\/wp-json\/wp\/v2\/posts"}],"about":[{"href":"https:\/\/aktialiiga.fi\/naiset\/wp-json\/wp\/v2\/types\/post"}],"author":[{"embeddable":true,"href":"https:\/\/aktialiiga.fi\/naiset\/wp-json\/wp\/v2\/users\/13"}],"replies":[{"embeddable":true,"href":"https:\/\/aktialiiga.fi\/naiset\/wp-json\/wp\/v2\/comments?post=40481"}],"version-history":[{"count":2,"href":"https:\/\/aktialiiga.fi\/naiset\/wp-json\/wp\/v2\/posts\/40481\/revisions"}],"predecessor-version":[{"id":40665,"href":"https:\/\/aktialiiga.fi\/naiset\/wp-json\/wp\/v2\/posts\/40481\/revisions\/40665"}],"wp:featuredmedia":[{"embeddable":true,"href":"https:\/\/aktialiiga.fi\/naiset\/wp-json\/wp\/v2\/media\/40380"}],"wp:attachment":[{"href":"https:\/\/aktialiiga.fi\/naiset\/wp-json\/wp\/v2\/media?parent=40481"}],"wp:term":[{"taxonomy":"category","embeddable":true,"href":"https:\/\/aktialiiga.fi\/naiset\/wp-json\/wp\/v2\/categories?post=40481"},{"taxonomy":"post_tag","embeddable":true,"href":"https:\/\/aktialiiga.fi\/naiset\/wp-json\/wp\/v2\/tags?post=40481"}],"curies":[{"name":"wp","href":"https:\/\/api.w.org\/{rel}","templated":true}]}}