{"id":4071,"date":"2013-10-02T23:10:40","date_gmt":"2013-10-02T20:10:40","guid":{"rendered":"https:\/\/www.finnhandball.net\/nsm\/?p=4071"},"modified":"2024-08-28T18:31:18","modified_gmt":"2024-08-28T15:31:18","slug":"kasipallo-palaa-ylelle-ennatyksellinen-nakyvyys-kaudella-2013-2014","status":"publish","type":"post","link":"https:\/\/aktialiiga.fi\/naiset\/ajankohtaista\/kasipallo-palaa-ylelle-ennatyksellinen-nakyvyys-kaudella-2013-2014\/","title":{"rendered":"K\u00e4sipallo palaa YLE:lle, enn\u00e4tyksellinen n\u00e4kyvyys kaudella 2013 &#8211; 2014"},"content":{"rendered":"<p><strong>Suomi-palloilu palaa laajasti Yle TV2:een<\/strong><br \/>\nKovan huumaan noussut kotimainen palloilu palaa laajasti Ylen viikonloppuihin. Lajiliitot ja Yle Urheilu aloittavat laajamittaisen yhteisty\u00f6n.<br \/>\n<!--more--><br \/>\n<a href=\"http:\/\/yle.fi\/urheilu\/suomi-palloilu_palaa_laajasti_yle_tv2een\/6861597\" target=\"_blank\" rel=\"noopener\">Lue YLE urheilun tiedote<\/a><\/p>\n<p>&#8221;T\u00e4m\u00e4 p\u00e4iv\u00e4 on historiallinen suomalaisessa urheilussa. YLE:lle on nostettava hattua, t\u00e4llaisesta kokonaisuuksista olen haaveillut pitk\u00e4\u00e4n. Meille t\u00e4m\u00e4 tarkoittaa loistavaa mahdollisuutta kasvattaa suosiotamme sek\u00e4 n\u00e4ytt\u00e4\u00e4 miten vauhdikas ja hieno peli k\u00e4sipallo on. On my\u00f6s oltava ylpe\u00e4 siit\u00e4, kuinka hieno yhteisty\u00f6 meill\u00e4 on muiden palloilulajien kanssa. Yhteisty\u00f6mme on ollut poikkeuksellisen hyv\u00e4\u00e4 jo pidemm\u00e4n aikaa koripallon, lentopallon, salibandyn, jalkapallon ja j\u00e4\u00e4kiekon kanssa. T\u00e4m\u00e4 on osa sit\u00e4 kuuluisaa urheilukulttuuria liittotasolla, kommentoi k\u00e4sipalloliiton toiminnanjohtaja Tomi Puikkonen.&#8221;<\/p>\n<p><strong>Dettmann: \u201dT\u00e4m\u00e4 syvent\u00e4\u00e4 suomalaista urheilukulttuuria\u201d<\/strong><br \/>\nSuomen Susijengin p\u00e4\u00e4valmentaja Henrik Dettmann vieraili keskiviikkona Ylen Urheiluruudussa keskustelemassa Ylen Urheiluviikonlopuista Suomen Olympiakomitean huippu-urheiluyksik\u00f6n palloilulajien yhteisty\u00f6hankkeen vet\u00e4j\u00e4n ominaisuudessa. Dettmann on kotimaisen palloilun lis\u00e4\u00e4ntyv\u00e4st\u00e4 tv-n\u00e4kyvyydest\u00e4 hyvill\u00e4\u00e4n.<\/p>\n<p>\u2013 Ylen suorat tv-l\u00e4hetykset ovat todella hieno asia, joka syvent\u00e4\u00e4 suomalaista urheilukulttuuria, Dettmann kommentoi.<\/p>\n<p>\u2013 Jos pelk\u00e4st\u00e4\u00e4n lento- ja koripallomiesten EM-kisamenestyst\u00e4 katsotaan, palloilu on Suomessa hyv\u00e4ss\u00e4 nosteessa ja Ylen mukaantulo tulee ilman muuta lis\u00e4\u00e4m\u00e4\u00e4n nostetta koko palloiluun. Toivottavasti t\u00e4m\u00e4 johtaa pitk\u00e4ll\u00e4 t\u00e4ht\u00e4imell\u00e4 siihen, ett\u00e4 yh\u00e4 enemm\u00e4n lapsia n\u00e4kyy liikkumassa ja pelaamassa pallon ymp\u00e4rill\u00e4.<\/p>\n<p>K\u00e4sipallon osalta t\u00e4m\u00e4 tarkoittaa sit\u00e4, ett\u00e4 ainakin kaksi SM-liigan runkosarjan ottelua sek\u00e4 kaksi pudotuspeli\u00e4 n\u00e4kyy YLE:n TV2:lla.<\/p>\n<p>Ensimm\u00e4inen runkosarjan ottelu, joka televisioidaan pelataan 21.12.2013. Toinen ottelu televisioidaan YLE:ll\u00e4 1.2.2014.<br \/>\nTarkemmat tiedot syksyn aikataulujen ja kev\u00e4\u00e4n suunnitelmien osalta julkistetaan l\u00e4hiviikkoina.<\/p>\n<p><strong>Hieno kokonaisuus<\/strong><br \/>\n&#8221;T\u00e4h\u00e4n kokonaisuuteen kun lis\u00e4t\u00e4\u00e4n 20 kpl premium tason nettipeli\u00e4 SG-PLAY kanavalla sek\u00e4 Turvakolmion Oy:n tuottamat ottelu on kyseess\u00e4 enn\u00e4tyksellinen m\u00e4\u00e4r\u00e4 televisioituja otteluita. SM-liigan finaaleja n\u00e4ytt\u00e4v\u00e4 TV-kanava julkistetaan my\u00f6hemmin, lis\u00e4\u00e4 Puikkonen&#8221;<\/p>\n<p>K\u00e4sipallon alustava otteluohjelma SG-play kanavalla, www.sportsground.fi<br \/>\n17.1.2014 pe 19:00 HIFK &#8211; \u00c5IFK<br \/>\n25.1.2014 la 16:00 Cocks &#8211; HC West<br \/>\n1.2.2014 la 14:15 Dicken &#8211; Cocks<br \/>\n8.2.2014 la 17:00 SIF &#8211; BK-46<br \/>\n22.2.2014 la 15:00 Atlas &#8211; HC West<br \/>\n5.3.2014 ke 19:00 Cocks &#8211; HIFK<\/p>\n<p>N\u00e4ytett\u00e4v\u00e4t runkosarjaottelut sovitaan 10.2.<br \/>\n15.3.2014 la<br \/>\n22.3.2014 la<br \/>\n26.3.2014 ke<br \/>\n12.4.2014 la 14:00 \u00c5IFK &#8211; Dicken<\/p>\n<p>Seuravista otteluista n\u00e4ytet\u00e4\u00e4n 10 peli\u00e4, joista varataan 5 peli\u00e4 miesten finaaliin:<\/p>\n<p>Miesten puoliv\u00e4lier\u00e4t<br \/>\n15.4.2014 ti<br \/>\n17.4.2014 to<br \/>\n21.4.2014 ti<br \/>\n23.4.2014 ke (tarvittaessa)<br \/>\n25.4.2014 pe tarvittaessa)<br \/>\nNaisten finaalit<br \/>\n16.4.2014 ke<br \/>\n22.4.2014 ti<br \/>\n24.4.2014 to<br \/>\n26.4.2014 la (tarvittaessa)<br \/>\n28.4.2014 ma (tarvittaessa)<br \/>\nMiesten semifinaalit<br \/>\n27.4.2014 su<br \/>\n29.4.2014 ti<br \/>\n3.5.2014 la<br \/>\n4.5.2014 su (tarvittaessa)<br \/>\n6.5.2014 ti (tarvitttaessa)<br \/>\nMiesten finaalit<br \/>\n8.5.2014 pe<br \/>\n10.5.2014 la<br \/>\n12.5.2014 ma<br \/>\n14.5.2014 ke (tarvittaessa)<br \/>\n15.5.2014 to (tarvittaessa)<\/p>\n","protected":false},"excerpt":{"rendered":"<p>Suomi-palloilu palaa laajasti Yle TV2:een Kovan huumaan noussut kotimainen palloilu palaa laajasti Ylen viikonloppuihin. Lajiliitot ja Yle Urheilu aloittavat laajamittaisen yhteisty\u00f6n.<\/p>\n","protected":false},"author":13,"featured_media":0,"comment_status":"closed","ping_status":"closed","sticky":false,"template":"","format":"standard","meta":{"_acf_changed":false,"jetpack_post_was_ever_published":false,"_jetpack_newsletter_access":"","_jetpack_dont_email_post_to_subs":false,"_jetpack_newsletter_tier_id":0,"_jetpack_memberships_contains_paywalled_content":false,"_jetpack_memberships_contains_paid_content":false,"footnotes":""},"categories":[2],"tags":[],"class_list":["post-4071","post","type-post","status-publish","format-standard","hentry","category-ajankohtaista"],"acf":[],"yoast_head":"<!-- This site is optimized with the Yoast SEO plugin v27.5 - https:\/\/yoast.com\/product\/yoast-seo-wordpress\/ -->\n<title>K\u00e4sipallo palaa YLE:lle, enn\u00e4tyksellinen n\u00e4kyvyys kaudella 2013 - 2014 | K\u00e4sipallon naisten Aktialiiga<\/title>\n<meta name=\"robots\" content=\"index, follow, max-snippet:-1, max-image-preview:large, max-video-preview:-1\" \/>\n<link rel=\"canonical\" href=\"https:\/\/aktialiiga.fi\/naiset\/ajankohtaista\/kasipallo-palaa-ylelle-ennatyksellinen-nakyvyys-kaudella-2013-2014\/\" \/>\n<meta property=\"og:locale\" content=\"fi_FI\" \/>\n<meta property=\"og:type\" content=\"article\" \/>\n<meta property=\"og:title\" content=\"K\u00e4sipallo palaa YLE:lle, enn\u00e4tyksellinen n\u00e4kyvyys kaudella 2013 - 2014 | K\u00e4sipallon naisten Aktialiiga\" \/>\n<meta property=\"og:description\" content=\"Suomi-palloilu palaa laajasti Yle TV2:een Kovan huumaan noussut kotimainen palloilu palaa laajasti Ylen viikonloppuihin. Lajiliitot ja Yle Urheilu aloittavat laajamittaisen yhteisty\u00f6n.\" \/>\n<meta property=\"og:url\" content=\"https:\/\/aktialiiga.fi\/naiset\/ajankohtaista\/kasipallo-palaa-ylelle-ennatyksellinen-nakyvyys-kaudella-2013-2014\/\" \/>\n<meta property=\"og:site_name\" content=\"K\u00e4sipallon naisten Aktialiiga\" \/>\n<meta property=\"article:publisher\" content=\"https:\/\/www.facebook.com\/finnhandball\" \/>\n<meta property=\"article:published_time\" content=\"2013-10-02T20:10:40+00:00\" \/>\n<meta property=\"article:modified_time\" content=\"2024-08-28T15:31:18+00:00\" \/>\n<meta name=\"author\" content=\"tbrmedia\" \/>\n<meta name=\"twitter:card\" content=\"summary_large_image\" \/>\n<meta name=\"twitter:creator\" content=\"@finnhandball\" \/>\n<meta name=\"twitter:site\" content=\"@finnhandball\" \/>\n<script type=\"application\/ld+json\" class=\"yoast-schema-graph\">{\"@context\":\"https:\\\/\\\/schema.org\",\"@graph\":[{\"@type\":\"Article\",\"@id\":\"https:\\\/\\\/aktialiiga.fi\\\/naiset\\\/ajankohtaista\\\/kasipallo-palaa-ylelle-ennatyksellinen-nakyvyys-kaudella-2013-2014\\\/#article\",\"isPartOf\":{\"@id\":\"https:\\\/\\\/aktialiiga.fi\\\/naiset\\\/ajankohtaista\\\/kasipallo-palaa-ylelle-ennatyksellinen-nakyvyys-kaudella-2013-2014\\\/\"},\"author\":{\"name\":\"tbrmedia\",\"@id\":\"https:\\\/\\\/aktialiiga.fi\\\/naiset\\\/#\\\/schema\\\/person\\\/c14bf42f47041db74603c45afcb18d87\"},\"headline\":\"K\u00e4sipallo palaa YLE:lle, enn\u00e4tyksellinen n\u00e4kyvyys kaudella 2013 &#8211; 2014\",\"datePublished\":\"2013-10-02T20:10:40+00:00\",\"dateModified\":\"2024-08-28T15:31:18+00:00\",\"mainEntityOfPage\":{\"@id\":\"https:\\\/\\\/aktialiiga.fi\\\/naiset\\\/ajankohtaista\\\/kasipallo-palaa-ylelle-ennatyksellinen-nakyvyys-kaudella-2013-2014\\\/\"},\"wordCount\":412,\"publisher\":{\"@id\":\"https:\\\/\\\/aktialiiga.fi\\\/naiset\\\/#organization\"},\"articleSection\":[\"Ajankohtaista\"],\"inLanguage\":\"fi\"},{\"@type\":\"WebPage\",\"@id\":\"https:\\\/\\\/aktialiiga.fi\\\/naiset\\\/ajankohtaista\\\/kasipallo-palaa-ylelle-ennatyksellinen-nakyvyys-kaudella-2013-2014\\\/\",\"url\":\"https:\\\/\\\/aktialiiga.fi\\\/naiset\\\/ajankohtaista\\\/kasipallo-palaa-ylelle-ennatyksellinen-nakyvyys-kaudella-2013-2014\\\/\",\"name\":\"K\u00e4sipallo palaa YLE:lle, enn\u00e4tyksellinen n\u00e4kyvyys kaudella 2013 - 2014 | K\u00e4sipallon naisten Aktialiiga\",\"isPartOf\":{\"@id\":\"https:\\\/\\\/aktialiiga.fi\\\/naiset\\\/#website\"},\"datePublished\":\"2013-10-02T20:10:40+00:00\",\"dateModified\":\"2024-08-28T15:31:18+00:00\",\"breadcrumb\":{\"@id\":\"https:\\\/\\\/aktialiiga.fi\\\/naiset\\\/ajankohtaista\\\/kasipallo-palaa-ylelle-ennatyksellinen-nakyvyys-kaudella-2013-2014\\\/#breadcrumb\"},\"inLanguage\":\"fi\",\"potentialAction\":[{\"@type\":\"ReadAction\",\"target\":[\"https:\\\/\\\/aktialiiga.fi\\\/naiset\\\/ajankohtaista\\\/kasipallo-palaa-ylelle-ennatyksellinen-nakyvyys-kaudella-2013-2014\\\/\"]}]},{\"@type\":\"BreadcrumbList\",\"@id\":\"https:\\\/\\\/aktialiiga.fi\\\/naiset\\\/ajankohtaista\\\/kasipallo-palaa-ylelle-ennatyksellinen-nakyvyys-kaudella-2013-2014\\\/#breadcrumb\",\"itemListElement\":[{\"@type\":\"ListItem\",\"position\":1,\"name\":\"Etusivu\",\"item\":\"https:\\\/\\\/aktialiiga.fi\\\/naiset\\\/\"},{\"@type\":\"ListItem\",\"position\":2,\"name\":\"K\u00e4sipallo palaa YLE:lle, enn\u00e4tyksellinen n\u00e4kyvyys kaudella 2013 &#8211; 2014\"}]},{\"@type\":\"WebSite\",\"@id\":\"https:\\\/\\\/aktialiiga.fi\\\/naiset\\\/#website\",\"url\":\"https:\\\/\\\/aktialiiga.fi\\\/naiset\\\/\",\"name\":\"K\u00e4sipallon naisten Aktialiiga\",\"description\":\"Valtakunnan vauhdikkainta palloilua!\",\"publisher\":{\"@id\":\"https:\\\/\\\/aktialiiga.fi\\\/naiset\\\/#organization\"},\"potentialAction\":[{\"@type\":\"SearchAction\",\"target\":{\"@type\":\"EntryPoint\",\"urlTemplate\":\"https:\\\/\\\/aktialiiga.fi\\\/naiset\\\/?s={search_term_string}\"},\"query-input\":{\"@type\":\"PropertyValueSpecification\",\"valueRequired\":true,\"valueName\":\"search_term_string\"}}],\"inLanguage\":\"fi\"},{\"@type\":\"Organization\",\"@id\":\"https:\\\/\\\/aktialiiga.fi\\\/naiset\\\/#organization\",\"name\":\"K\u00e4sipallon naisten Aktialiiga\",\"url\":\"https:\\\/\\\/aktialiiga.fi\\\/naiset\\\/\",\"logo\":{\"@type\":\"ImageObject\",\"inLanguage\":\"fi\",\"@id\":\"https:\\\/\\\/aktialiiga.fi\\\/naiset\\\/#\\\/schema\\\/logo\\\/image\\\/\",\"url\":\"https:\\\/\\\/aktialiiga.fi\\\/naiset\\\/wp-content\\\/uploads\\\/sites\\\/6\\\/2024\\\/09\\\/Aktialiiga-Yoast-512.png\",\"contentUrl\":\"https:\\\/\\\/aktialiiga.fi\\\/naiset\\\/wp-content\\\/uploads\\\/sites\\\/6\\\/2024\\\/09\\\/Aktialiiga-Yoast-512.png\",\"width\":512,\"height\":512,\"caption\":\"K\u00e4sipallon naisten Aktialiiga\"},\"image\":{\"@id\":\"https:\\\/\\\/aktialiiga.fi\\\/naiset\\\/#\\\/schema\\\/logo\\\/image\\\/\"},\"sameAs\":[\"https:\\\/\\\/www.facebook.com\\\/finnhandball\",\"https:\\\/\\\/x.com\\\/finnhandball\",\"https:\\\/\\\/www.instagram.com\\\/handballfinland\\\/\"]},{\"@type\":\"Person\",\"@id\":\"https:\\\/\\\/aktialiiga.fi\\\/naiset\\\/#\\\/schema\\\/person\\\/c14bf42f47041db74603c45afcb18d87\",\"name\":\"tbrmedia\",\"image\":{\"@type\":\"ImageObject\",\"inLanguage\":\"fi\",\"@id\":\"https:\\\/\\\/secure.gravatar.com\\\/avatar\\\/ee975fa091fe581d12b60debb3439022686618368a7c142044c56724d4666b16?s=96&d=mm&r=g\",\"url\":\"https:\\\/\\\/secure.gravatar.com\\\/avatar\\\/ee975fa091fe581d12b60debb3439022686618368a7c142044c56724d4666b16?s=96&d=mm&r=g\",\"contentUrl\":\"https:\\\/\\\/secure.gravatar.com\\\/avatar\\\/ee975fa091fe581d12b60debb3439022686618368a7c142044c56724d4666b16?s=96&d=mm&r=g\",\"caption\":\"tbrmedia\"}}]}<\/script>\n<!-- \/ Yoast SEO plugin. -->","yoast_head_json":{"title":"K\u00e4sipallo palaa YLE:lle, enn\u00e4tyksellinen n\u00e4kyvyys kaudella 2013 - 2014 | K\u00e4sipallon naisten Aktialiiga","robots":{"index":"index","follow":"follow","max-snippet":"max-snippet:-1","max-image-preview":"max-image-preview:large","max-video-preview":"max-video-preview:-1"},"canonical":"https:\/\/aktialiiga.fi\/naiset\/ajankohtaista\/kasipallo-palaa-ylelle-ennatyksellinen-nakyvyys-kaudella-2013-2014\/","og_locale":"fi_FI","og_type":"article","og_title":"K\u00e4sipallo palaa YLE:lle, enn\u00e4tyksellinen n\u00e4kyvyys kaudella 2013 - 2014 | K\u00e4sipallon naisten Aktialiiga","og_description":"Suomi-palloilu palaa laajasti Yle TV2:een Kovan huumaan noussut kotimainen palloilu palaa laajasti Ylen viikonloppuihin. Lajiliitot ja Yle Urheilu aloittavat laajamittaisen yhteisty\u00f6n.","og_url":"https:\/\/aktialiiga.fi\/naiset\/ajankohtaista\/kasipallo-palaa-ylelle-ennatyksellinen-nakyvyys-kaudella-2013-2014\/","og_site_name":"K\u00e4sipallon naisten Aktialiiga","article_publisher":"https:\/\/www.facebook.com\/finnhandball","article_published_time":"2013-10-02T20:10:40+00:00","article_modified_time":"2024-08-28T15:31:18+00:00","author":"tbrmedia","twitter_card":"summary_large_image","twitter_creator":"@finnhandball","twitter_site":"@finnhandball","schema":{"@context":"https:\/\/schema.org","@graph":[{"@type":"Article","@id":"https:\/\/aktialiiga.fi\/naiset\/ajankohtaista\/kasipallo-palaa-ylelle-ennatyksellinen-nakyvyys-kaudella-2013-2014\/#article","isPartOf":{"@id":"https:\/\/aktialiiga.fi\/naiset\/ajankohtaista\/kasipallo-palaa-ylelle-ennatyksellinen-nakyvyys-kaudella-2013-2014\/"},"author":{"name":"tbrmedia","@id":"https:\/\/aktialiiga.fi\/naiset\/#\/schema\/person\/c14bf42f47041db74603c45afcb18d87"},"headline":"K\u00e4sipallo palaa YLE:lle, enn\u00e4tyksellinen n\u00e4kyvyys kaudella 2013 &#8211; 2014","datePublished":"2013-10-02T20:10:40+00:00","dateModified":"2024-08-28T15:31:18+00:00","mainEntityOfPage":{"@id":"https:\/\/aktialiiga.fi\/naiset\/ajankohtaista\/kasipallo-palaa-ylelle-ennatyksellinen-nakyvyys-kaudella-2013-2014\/"},"wordCount":412,"publisher":{"@id":"https:\/\/aktialiiga.fi\/naiset\/#organization"},"articleSection":["Ajankohtaista"],"inLanguage":"fi"},{"@type":"WebPage","@id":"https:\/\/aktialiiga.fi\/naiset\/ajankohtaista\/kasipallo-palaa-ylelle-ennatyksellinen-nakyvyys-kaudella-2013-2014\/","url":"https:\/\/aktialiiga.fi\/naiset\/ajankohtaista\/kasipallo-palaa-ylelle-ennatyksellinen-nakyvyys-kaudella-2013-2014\/","name":"K\u00e4sipallo palaa YLE:lle, enn\u00e4tyksellinen n\u00e4kyvyys kaudella 2013 - 2014 | K\u00e4sipallon naisten Aktialiiga","isPartOf":{"@id":"https:\/\/aktialiiga.fi\/naiset\/#website"},"datePublished":"2013-10-02T20:10:40+00:00","dateModified":"2024-08-28T15:31:18+00:00","breadcrumb":{"@id":"https:\/\/aktialiiga.fi\/naiset\/ajankohtaista\/kasipallo-palaa-ylelle-ennatyksellinen-nakyvyys-kaudella-2013-2014\/#breadcrumb"},"inLanguage":"fi","potentialAction":[{"@type":"ReadAction","target":["https:\/\/aktialiiga.fi\/naiset\/ajankohtaista\/kasipallo-palaa-ylelle-ennatyksellinen-nakyvyys-kaudella-2013-2014\/"]}]},{"@type":"BreadcrumbList","@id":"https:\/\/aktialiiga.fi\/naiset\/ajankohtaista\/kasipallo-palaa-ylelle-ennatyksellinen-nakyvyys-kaudella-2013-2014\/#breadcrumb","itemListElement":[{"@type":"ListItem","position":1,"name":"Etusivu","item":"https:\/\/aktialiiga.fi\/naiset\/"},{"@type":"ListItem","position":2,"name":"K\u00e4sipallo palaa YLE:lle, enn\u00e4tyksellinen n\u00e4kyvyys kaudella 2013 &#8211; 2014"}]},{"@type":"WebSite","@id":"https:\/\/aktialiiga.fi\/naiset\/#website","url":"https:\/\/aktialiiga.fi\/naiset\/","name":"K\u00e4sipallon naisten Aktialiiga","description":"Valtakunnan vauhdikkainta palloilua!","publisher":{"@id":"https:\/\/aktialiiga.fi\/naiset\/#organization"},"potentialAction":[{"@type":"SearchAction","target":{"@type":"EntryPoint","urlTemplate":"https:\/\/aktialiiga.fi\/naiset\/?s={search_term_string}"},"query-input":{"@type":"PropertyValueSpecification","valueRequired":true,"valueName":"search_term_string"}}],"inLanguage":"fi"},{"@type":"Organization","@id":"https:\/\/aktialiiga.fi\/naiset\/#organization","name":"K\u00e4sipallon naisten Aktialiiga","url":"https:\/\/aktialiiga.fi\/naiset\/","logo":{"@type":"ImageObject","inLanguage":"fi","@id":"https:\/\/aktialiiga.fi\/naiset\/#\/schema\/logo\/image\/","url":"https:\/\/aktialiiga.fi\/naiset\/wp-content\/uploads\/sites\/6\/2024\/09\/Aktialiiga-Yoast-512.png","contentUrl":"https:\/\/aktialiiga.fi\/naiset\/wp-content\/uploads\/sites\/6\/2024\/09\/Aktialiiga-Yoast-512.png","width":512,"height":512,"caption":"K\u00e4sipallon naisten Aktialiiga"},"image":{"@id":"https:\/\/aktialiiga.fi\/naiset\/#\/schema\/logo\/image\/"},"sameAs":["https:\/\/www.facebook.com\/finnhandball","https:\/\/x.com\/finnhandball","https:\/\/www.instagram.com\/handballfinland\/"]},{"@type":"Person","@id":"https:\/\/aktialiiga.fi\/naiset\/#\/schema\/person\/c14bf42f47041db74603c45afcb18d87","name":"tbrmedia","image":{"@type":"ImageObject","inLanguage":"fi","@id":"https:\/\/secure.gravatar.com\/avatar\/ee975fa091fe581d12b60debb3439022686618368a7c142044c56724d4666b16?s=96&d=mm&r=g","url":"https:\/\/secure.gravatar.com\/avatar\/ee975fa091fe581d12b60debb3439022686618368a7c142044c56724d4666b16?s=96&d=mm&r=g","contentUrl":"https:\/\/secure.gravatar.com\/avatar\/ee975fa091fe581d12b60debb3439022686618368a7c142044c56724d4666b16?s=96&d=mm&r=g","caption":"tbrmedia"}}]}},"jetpack_featured_media_url":"","jetpack_sharing_enabled":true,"jetpack_shortlink":"https:\/\/wp.me\/pfYhm6-13F","_links":{"self":[{"href":"https:\/\/aktialiiga.fi\/naiset\/wp-json\/wp\/v2\/posts\/4071","targetHints":{"allow":["GET"]}}],"collection":[{"href":"https:\/\/aktialiiga.fi\/naiset\/wp-json\/wp\/v2\/posts"}],"about":[{"href":"https:\/\/aktialiiga.fi\/naiset\/wp-json\/wp\/v2\/types\/post"}],"author":[{"embeddable":true,"href":"https:\/\/aktialiiga.fi\/naiset\/wp-json\/wp\/v2\/users\/13"}],"replies":[{"embeddable":true,"href":"https:\/\/aktialiiga.fi\/naiset\/wp-json\/wp\/v2\/comments?post=4071"}],"version-history":[{"count":1,"href":"https:\/\/aktialiiga.fi\/naiset\/wp-json\/wp\/v2\/posts\/4071\/revisions"}],"predecessor-version":[{"id":39616,"href":"https:\/\/aktialiiga.fi\/naiset\/wp-json\/wp\/v2\/posts\/4071\/revisions\/39616"}],"wp:attachment":[{"href":"https:\/\/aktialiiga.fi\/naiset\/wp-json\/wp\/v2\/media?parent=4071"}],"wp:term":[{"taxonomy":"category","embeddable":true,"href":"https:\/\/aktialiiga.fi\/naiset\/wp-json\/wp\/v2\/categories?post=4071"},{"taxonomy":"post_tag","embeddable":true,"href":"https:\/\/aktialiiga.fi\/naiset\/wp-json\/wp\/v2\/tags?post=4071"}],"curies":[{"name":"wp","href":"https:\/\/api.w.org\/{rel}","templated":true}]}}