{"id":4231,"date":"2013-11-16T17:56:22","date_gmt":"2013-11-16T15:56:22","guid":{"rendered":"https:\/\/www.finnhandball.net\/nsm\/?p=4231"},"modified":"2024-08-28T18:31:16","modified_gmt":"2024-08-28T15:31:16","slug":"cupin-valiera-hifk-dicken-uusitaan","status":"publish","type":"post","link":"https:\/\/aktialiiga.fi\/naiset\/ajankohtaista\/cupin-valiera-hifk-dicken-uusitaan\/","title":{"rendered":"Cupin v\u00e4lier\u00e4 HIFK-Dicken uusitaan"},"content":{"rendered":"<p>T\u00e4n\u00e4\u00e4n lauantaina 16.11.\u00a0pelattu k\u00e4sipallon naisten Suomen Cupin v\u00e4lier\u00e4ottelu HIFK-Dicken on m\u00e4\u00e4r\u00e4tty pelattavaksi uudelleen.<!--more--><\/p>\n<p>Dicken teki HIFK:n voittoon 26-25 p\u00e4\u00e4ttyneest\u00e4 ottelusta vastalauseen perustuen HIFK:n ulosajetun pelaajan peliin osallistumiseen ottelun viimeisten 20 sekunnin ajan.<\/p>\n<p>K\u00e4sipalloliiton kurinpitovaliokunta k\u00e4sitteli asian ja p\u00e4\u00e4tti hyv\u00e4ksy\u00e4 vastalauseen sek\u00e4 m\u00e4\u00e4r\u00e4si ottelun pelattavaksi uudelleen.<\/p>\n<p>Uudelleen pelattava v\u00e4lier\u00e4ottelu HIFK-Dicken pelataan\u00a0 sunnuntaina 17.11. klo 14.00 naisten finaalin paikalla Pirkkolan palloiluhallissa. Naisten Suomen Cupin finaalin aika ja paikka ilmoitetaan my\u00f6hemmin.<\/p>\n","protected":false},"excerpt":{"rendered":"<p>T\u00e4n\u00e4\u00e4n lauantaina 16.11.\u00a0pelattu k\u00e4sipallon naisten Suomen Cupin v\u00e4lier\u00e4ottelu HIFK-Dicken on m\u00e4\u00e4r\u00e4tty pelattavaksi uudelleen.<\/p>\n","protected":false},"author":13,"featured_media":4200,"comment_status":"closed","ping_status":"closed","sticky":false,"template":"","format":"standard","meta":{"_acf_changed":false,"jetpack_post_was_ever_published":false,"_jetpack_newsletter_access":"","_jetpack_dont_email_post_to_subs":false,"_jetpack_newsletter_tier_id":0,"_jetpack_memberships_contains_paywalled_content":false,"_jetpack_memberships_contains_paid_content":false,"footnotes":""},"categories":[2],"tags":[51,61,86],"class_list":["post-4231","post","type-post","status-publish","format-standard","has-post-thumbnail","hentry","category-ajankohtaista","tag-dicken","tag-hifk","tag-suomen-cup"],"acf":[],"yoast_head":"<!-- This site is optimized with the Yoast SEO plugin v27.5 - https:\/\/yoast.com\/product\/yoast-seo-wordpress\/ -->\n<title>Cupin v\u00e4lier\u00e4 HIFK-Dicken uusitaan | K\u00e4sipallon naisten Aktialiiga<\/title>\n<meta name=\"robots\" content=\"index, follow, max-snippet:-1, max-image-preview:large, max-video-preview:-1\" \/>\n<link rel=\"canonical\" href=\"https:\/\/aktialiiga.fi\/naiset\/ajankohtaista\/cupin-valiera-hifk-dicken-uusitaan\/\" \/>\n<meta property=\"og:locale\" content=\"fi_FI\" \/>\n<meta property=\"og:type\" content=\"article\" \/>\n<meta property=\"og:title\" content=\"Cupin v\u00e4lier\u00e4 HIFK-Dicken uusitaan | K\u00e4sipallon naisten Aktialiiga\" \/>\n<meta property=\"og:description\" content=\"T\u00e4n\u00e4\u00e4n lauantaina 16.11.\u00a0pelattu k\u00e4sipallon naisten Suomen Cupin v\u00e4lier\u00e4ottelu HIFK-Dicken on m\u00e4\u00e4r\u00e4tty pelattavaksi uudelleen.\" \/>\n<meta property=\"og:url\" content=\"https:\/\/aktialiiga.fi\/naiset\/ajankohtaista\/cupin-valiera-hifk-dicken-uusitaan\/\" \/>\n<meta property=\"og:site_name\" content=\"K\u00e4sipallon naisten Aktialiiga\" \/>\n<meta property=\"article:publisher\" content=\"https:\/\/www.facebook.com\/finnhandball\" \/>\n<meta property=\"article:published_time\" content=\"2013-11-16T15:56:22+00:00\" \/>\n<meta property=\"article:modified_time\" content=\"2024-08-28T15:31:16+00:00\" \/>\n<meta property=\"og:image\" content=\"https:\/\/aktialiiga.fi\/naiset\/wp-content\/uploads\/sites\/6\/2013\/11\/suomencup2013-slider.jpg\" \/>\n\t<meta property=\"og:image:width\" content=\"620\" \/>\n\t<meta property=\"og:image:height\" content=\"280\" \/>\n\t<meta property=\"og:image:type\" content=\"image\/jpeg\" \/>\n<meta name=\"author\" content=\"tbrmedia\" \/>\n<meta name=\"twitter:card\" content=\"summary_large_image\" \/>\n<meta name=\"twitter:creator\" content=\"@finnhandball\" \/>\n<meta name=\"twitter:site\" content=\"@finnhandball\" \/>\n<script type=\"application\/ld+json\" class=\"yoast-schema-graph\">{\"@context\":\"https:\\\/\\\/schema.org\",\"@graph\":[{\"@type\":\"Article\",\"@id\":\"https:\\\/\\\/aktialiiga.fi\\\/naiset\\\/ajankohtaista\\\/cupin-valiera-hifk-dicken-uusitaan\\\/#article\",\"isPartOf\":{\"@id\":\"https:\\\/\\\/aktialiiga.fi\\\/naiset\\\/ajankohtaista\\\/cupin-valiera-hifk-dicken-uusitaan\\\/\"},\"author\":{\"name\":\"tbrmedia\",\"@id\":\"https:\\\/\\\/aktialiiga.fi\\\/naiset\\\/#\\\/schema\\\/person\\\/c14bf42f47041db74603c45afcb18d87\"},\"headline\":\"Cupin v\u00e4lier\u00e4 HIFK-Dicken uusitaan\",\"datePublished\":\"2013-11-16T15:56:22+00:00\",\"dateModified\":\"2024-08-28T15:31:16+00:00\",\"mainEntityOfPage\":{\"@id\":\"https:\\\/\\\/aktialiiga.fi\\\/naiset\\\/ajankohtaista\\\/cupin-valiera-hifk-dicken-uusitaan\\\/\"},\"wordCount\":89,\"publisher\":{\"@id\":\"https:\\\/\\\/aktialiiga.fi\\\/naiset\\\/#organization\"},\"image\":{\"@id\":\"https:\\\/\\\/aktialiiga.fi\\\/naiset\\\/ajankohtaista\\\/cupin-valiera-hifk-dicken-uusitaan\\\/#primaryimage\"},\"thumbnailUrl\":\"https:\\\/\\\/aktialiiga.fi\\\/naiset\\\/wp-content\\\/uploads\\\/sites\\\/6\\\/2013\\\/11\\\/suomencup2013-slider.jpg\",\"keywords\":[\"Dicken\",\"HIFK\",\"Suomen Cup\"],\"articleSection\":[\"Ajankohtaista\"],\"inLanguage\":\"fi\"},{\"@type\":\"WebPage\",\"@id\":\"https:\\\/\\\/aktialiiga.fi\\\/naiset\\\/ajankohtaista\\\/cupin-valiera-hifk-dicken-uusitaan\\\/\",\"url\":\"https:\\\/\\\/aktialiiga.fi\\\/naiset\\\/ajankohtaista\\\/cupin-valiera-hifk-dicken-uusitaan\\\/\",\"name\":\"Cupin v\u00e4lier\u00e4 HIFK-Dicken uusitaan | K\u00e4sipallon naisten Aktialiiga\",\"isPartOf\":{\"@id\":\"https:\\\/\\\/aktialiiga.fi\\\/naiset\\\/#website\"},\"primaryImageOfPage\":{\"@id\":\"https:\\\/\\\/aktialiiga.fi\\\/naiset\\\/ajankohtaista\\\/cupin-valiera-hifk-dicken-uusitaan\\\/#primaryimage\"},\"image\":{\"@id\":\"https:\\\/\\\/aktialiiga.fi\\\/naiset\\\/ajankohtaista\\\/cupin-valiera-hifk-dicken-uusitaan\\\/#primaryimage\"},\"thumbnailUrl\":\"https:\\\/\\\/aktialiiga.fi\\\/naiset\\\/wp-content\\\/uploads\\\/sites\\\/6\\\/2013\\\/11\\\/suomencup2013-slider.jpg\",\"datePublished\":\"2013-11-16T15:56:22+00:00\",\"dateModified\":\"2024-08-28T15:31:16+00:00\",\"breadcrumb\":{\"@id\":\"https:\\\/\\\/aktialiiga.fi\\\/naiset\\\/ajankohtaista\\\/cupin-valiera-hifk-dicken-uusitaan\\\/#breadcrumb\"},\"inLanguage\":\"fi\",\"potentialAction\":[{\"@type\":\"ReadAction\",\"target\":[\"https:\\\/\\\/aktialiiga.fi\\\/naiset\\\/ajankohtaista\\\/cupin-valiera-hifk-dicken-uusitaan\\\/\"]}]},{\"@type\":\"ImageObject\",\"inLanguage\":\"fi\",\"@id\":\"https:\\\/\\\/aktialiiga.fi\\\/naiset\\\/ajankohtaista\\\/cupin-valiera-hifk-dicken-uusitaan\\\/#primaryimage\",\"url\":\"https:\\\/\\\/aktialiiga.fi\\\/naiset\\\/wp-content\\\/uploads\\\/sites\\\/6\\\/2013\\\/11\\\/suomencup2013-slider.jpg\",\"contentUrl\":\"https:\\\/\\\/aktialiiga.fi\\\/naiset\\\/wp-content\\\/uploads\\\/sites\\\/6\\\/2013\\\/11\\\/suomencup2013-slider.jpg\",\"width\":620,\"height\":280},{\"@type\":\"BreadcrumbList\",\"@id\":\"https:\\\/\\\/aktialiiga.fi\\\/naiset\\\/ajankohtaista\\\/cupin-valiera-hifk-dicken-uusitaan\\\/#breadcrumb\",\"itemListElement\":[{\"@type\":\"ListItem\",\"position\":1,\"name\":\"Etusivu\",\"item\":\"https:\\\/\\\/aktialiiga.fi\\\/naiset\\\/\"},{\"@type\":\"ListItem\",\"position\":2,\"name\":\"Cupin v\u00e4lier\u00e4 HIFK-Dicken uusitaan\"}]},{\"@type\":\"WebSite\",\"@id\":\"https:\\\/\\\/aktialiiga.fi\\\/naiset\\\/#website\",\"url\":\"https:\\\/\\\/aktialiiga.fi\\\/naiset\\\/\",\"name\":\"K\u00e4sipallon naisten Aktialiiga\",\"description\":\"Valtakunnan vauhdikkainta palloilua!\",\"publisher\":{\"@id\":\"https:\\\/\\\/aktialiiga.fi\\\/naiset\\\/#organization\"},\"potentialAction\":[{\"@type\":\"SearchAction\",\"target\":{\"@type\":\"EntryPoint\",\"urlTemplate\":\"https:\\\/\\\/aktialiiga.fi\\\/naiset\\\/?s={search_term_string}\"},\"query-input\":{\"@type\":\"PropertyValueSpecification\",\"valueRequired\":true,\"valueName\":\"search_term_string\"}}],\"inLanguage\":\"fi\"},{\"@type\":\"Organization\",\"@id\":\"https:\\\/\\\/aktialiiga.fi\\\/naiset\\\/#organization\",\"name\":\"K\u00e4sipallon naisten Aktialiiga\",\"url\":\"https:\\\/\\\/aktialiiga.fi\\\/naiset\\\/\",\"logo\":{\"@type\":\"ImageObject\",\"inLanguage\":\"fi\",\"@id\":\"https:\\\/\\\/aktialiiga.fi\\\/naiset\\\/#\\\/schema\\\/logo\\\/image\\\/\",\"url\":\"https:\\\/\\\/aktialiiga.fi\\\/naiset\\\/wp-content\\\/uploads\\\/sites\\\/6\\\/2024\\\/09\\\/Aktialiiga-Yoast-512.png\",\"contentUrl\":\"https:\\\/\\\/aktialiiga.fi\\\/naiset\\\/wp-content\\\/uploads\\\/sites\\\/6\\\/2024\\\/09\\\/Aktialiiga-Yoast-512.png\",\"width\":512,\"height\":512,\"caption\":\"K\u00e4sipallon naisten Aktialiiga\"},\"image\":{\"@id\":\"https:\\\/\\\/aktialiiga.fi\\\/naiset\\\/#\\\/schema\\\/logo\\\/image\\\/\"},\"sameAs\":[\"https:\\\/\\\/www.facebook.com\\\/finnhandball\",\"https:\\\/\\\/x.com\\\/finnhandball\",\"https:\\\/\\\/www.instagram.com\\\/handballfinland\\\/\"]},{\"@type\":\"Person\",\"@id\":\"https:\\\/\\\/aktialiiga.fi\\\/naiset\\\/#\\\/schema\\\/person\\\/c14bf42f47041db74603c45afcb18d87\",\"name\":\"tbrmedia\",\"image\":{\"@type\":\"ImageObject\",\"inLanguage\":\"fi\",\"@id\":\"https:\\\/\\\/secure.gravatar.com\\\/avatar\\\/ee975fa091fe581d12b60debb3439022686618368a7c142044c56724d4666b16?s=96&d=mm&r=g\",\"url\":\"https:\\\/\\\/secure.gravatar.com\\\/avatar\\\/ee975fa091fe581d12b60debb3439022686618368a7c142044c56724d4666b16?s=96&d=mm&r=g\",\"contentUrl\":\"https:\\\/\\\/secure.gravatar.com\\\/avatar\\\/ee975fa091fe581d12b60debb3439022686618368a7c142044c56724d4666b16?s=96&d=mm&r=g\",\"caption\":\"tbrmedia\"}}]}<\/script>\n<!-- \/ Yoast SEO plugin. -->","yoast_head_json":{"title":"Cupin v\u00e4lier\u00e4 HIFK-Dicken uusitaan | K\u00e4sipallon naisten Aktialiiga","robots":{"index":"index","follow":"follow","max-snippet":"max-snippet:-1","max-image-preview":"max-image-preview:large","max-video-preview":"max-video-preview:-1"},"canonical":"https:\/\/aktialiiga.fi\/naiset\/ajankohtaista\/cupin-valiera-hifk-dicken-uusitaan\/","og_locale":"fi_FI","og_type":"article","og_title":"Cupin v\u00e4lier\u00e4 HIFK-Dicken uusitaan | K\u00e4sipallon naisten Aktialiiga","og_description":"T\u00e4n\u00e4\u00e4n lauantaina 16.11.\u00a0pelattu k\u00e4sipallon naisten Suomen Cupin v\u00e4lier\u00e4ottelu HIFK-Dicken on m\u00e4\u00e4r\u00e4tty pelattavaksi uudelleen.","og_url":"https:\/\/aktialiiga.fi\/naiset\/ajankohtaista\/cupin-valiera-hifk-dicken-uusitaan\/","og_site_name":"K\u00e4sipallon naisten Aktialiiga","article_publisher":"https:\/\/www.facebook.com\/finnhandball","article_published_time":"2013-11-16T15:56:22+00:00","article_modified_time":"2024-08-28T15:31:16+00:00","og_image":[{"width":620,"height":280,"url":"https:\/\/aktialiiga.fi\/naiset\/wp-content\/uploads\/sites\/6\/2013\/11\/suomencup2013-slider.jpg","type":"image\/jpeg"}],"author":"tbrmedia","twitter_card":"summary_large_image","twitter_creator":"@finnhandball","twitter_site":"@finnhandball","schema":{"@context":"https:\/\/schema.org","@graph":[{"@type":"Article","@id":"https:\/\/aktialiiga.fi\/naiset\/ajankohtaista\/cupin-valiera-hifk-dicken-uusitaan\/#article","isPartOf":{"@id":"https:\/\/aktialiiga.fi\/naiset\/ajankohtaista\/cupin-valiera-hifk-dicken-uusitaan\/"},"author":{"name":"tbrmedia","@id":"https:\/\/aktialiiga.fi\/naiset\/#\/schema\/person\/c14bf42f47041db74603c45afcb18d87"},"headline":"Cupin v\u00e4lier\u00e4 HIFK-Dicken uusitaan","datePublished":"2013-11-16T15:56:22+00:00","dateModified":"2024-08-28T15:31:16+00:00","mainEntityOfPage":{"@id":"https:\/\/aktialiiga.fi\/naiset\/ajankohtaista\/cupin-valiera-hifk-dicken-uusitaan\/"},"wordCount":89,"publisher":{"@id":"https:\/\/aktialiiga.fi\/naiset\/#organization"},"image":{"@id":"https:\/\/aktialiiga.fi\/naiset\/ajankohtaista\/cupin-valiera-hifk-dicken-uusitaan\/#primaryimage"},"thumbnailUrl":"https:\/\/aktialiiga.fi\/naiset\/wp-content\/uploads\/sites\/6\/2013\/11\/suomencup2013-slider.jpg","keywords":["Dicken","HIFK","Suomen Cup"],"articleSection":["Ajankohtaista"],"inLanguage":"fi"},{"@type":"WebPage","@id":"https:\/\/aktialiiga.fi\/naiset\/ajankohtaista\/cupin-valiera-hifk-dicken-uusitaan\/","url":"https:\/\/aktialiiga.fi\/naiset\/ajankohtaista\/cupin-valiera-hifk-dicken-uusitaan\/","name":"Cupin v\u00e4lier\u00e4 HIFK-Dicken uusitaan | K\u00e4sipallon naisten Aktialiiga","isPartOf":{"@id":"https:\/\/aktialiiga.fi\/naiset\/#website"},"primaryImageOfPage":{"@id":"https:\/\/aktialiiga.fi\/naiset\/ajankohtaista\/cupin-valiera-hifk-dicken-uusitaan\/#primaryimage"},"image":{"@id":"https:\/\/aktialiiga.fi\/naiset\/ajankohtaista\/cupin-valiera-hifk-dicken-uusitaan\/#primaryimage"},"thumbnailUrl":"https:\/\/aktialiiga.fi\/naiset\/wp-content\/uploads\/sites\/6\/2013\/11\/suomencup2013-slider.jpg","datePublished":"2013-11-16T15:56:22+00:00","dateModified":"2024-08-28T15:31:16+00:00","breadcrumb":{"@id":"https:\/\/aktialiiga.fi\/naiset\/ajankohtaista\/cupin-valiera-hifk-dicken-uusitaan\/#breadcrumb"},"inLanguage":"fi","potentialAction":[{"@type":"ReadAction","target":["https:\/\/aktialiiga.fi\/naiset\/ajankohtaista\/cupin-valiera-hifk-dicken-uusitaan\/"]}]},{"@type":"ImageObject","inLanguage":"fi","@id":"https:\/\/aktialiiga.fi\/naiset\/ajankohtaista\/cupin-valiera-hifk-dicken-uusitaan\/#primaryimage","url":"https:\/\/aktialiiga.fi\/naiset\/wp-content\/uploads\/sites\/6\/2013\/11\/suomencup2013-slider.jpg","contentUrl":"https:\/\/aktialiiga.fi\/naiset\/wp-content\/uploads\/sites\/6\/2013\/11\/suomencup2013-slider.jpg","width":620,"height":280},{"@type":"BreadcrumbList","@id":"https:\/\/aktialiiga.fi\/naiset\/ajankohtaista\/cupin-valiera-hifk-dicken-uusitaan\/#breadcrumb","itemListElement":[{"@type":"ListItem","position":1,"name":"Etusivu","item":"https:\/\/aktialiiga.fi\/naiset\/"},{"@type":"ListItem","position":2,"name":"Cupin v\u00e4lier\u00e4 HIFK-Dicken uusitaan"}]},{"@type":"WebSite","@id":"https:\/\/aktialiiga.fi\/naiset\/#website","url":"https:\/\/aktialiiga.fi\/naiset\/","name":"K\u00e4sipallon naisten Aktialiiga","description":"Valtakunnan vauhdikkainta palloilua!","publisher":{"@id":"https:\/\/aktialiiga.fi\/naiset\/#organization"},"potentialAction":[{"@type":"SearchAction","target":{"@type":"EntryPoint","urlTemplate":"https:\/\/aktialiiga.fi\/naiset\/?s={search_term_string}"},"query-input":{"@type":"PropertyValueSpecification","valueRequired":true,"valueName":"search_term_string"}}],"inLanguage":"fi"},{"@type":"Organization","@id":"https:\/\/aktialiiga.fi\/naiset\/#organization","name":"K\u00e4sipallon naisten Aktialiiga","url":"https:\/\/aktialiiga.fi\/naiset\/","logo":{"@type":"ImageObject","inLanguage":"fi","@id":"https:\/\/aktialiiga.fi\/naiset\/#\/schema\/logo\/image\/","url":"https:\/\/aktialiiga.fi\/naiset\/wp-content\/uploads\/sites\/6\/2024\/09\/Aktialiiga-Yoast-512.png","contentUrl":"https:\/\/aktialiiga.fi\/naiset\/wp-content\/uploads\/sites\/6\/2024\/09\/Aktialiiga-Yoast-512.png","width":512,"height":512,"caption":"K\u00e4sipallon naisten Aktialiiga"},"image":{"@id":"https:\/\/aktialiiga.fi\/naiset\/#\/schema\/logo\/image\/"},"sameAs":["https:\/\/www.facebook.com\/finnhandball","https:\/\/x.com\/finnhandball","https:\/\/www.instagram.com\/handballfinland\/"]},{"@type":"Person","@id":"https:\/\/aktialiiga.fi\/naiset\/#\/schema\/person\/c14bf42f47041db74603c45afcb18d87","name":"tbrmedia","image":{"@type":"ImageObject","inLanguage":"fi","@id":"https:\/\/secure.gravatar.com\/avatar\/ee975fa091fe581d12b60debb3439022686618368a7c142044c56724d4666b16?s=96&d=mm&r=g","url":"https:\/\/secure.gravatar.com\/avatar\/ee975fa091fe581d12b60debb3439022686618368a7c142044c56724d4666b16?s=96&d=mm&r=g","contentUrl":"https:\/\/secure.gravatar.com\/avatar\/ee975fa091fe581d12b60debb3439022686618368a7c142044c56724d4666b16?s=96&d=mm&r=g","caption":"tbrmedia"}}]}},"jetpack_featured_media_url":"https:\/\/aktialiiga.fi\/naiset\/wp-content\/uploads\/sites\/6\/2013\/11\/suomencup2013-slider.jpg","jetpack_sharing_enabled":true,"jetpack_shortlink":"https:\/\/wp.me\/pfYhm6-16f","_links":{"self":[{"href":"https:\/\/aktialiiga.fi\/naiset\/wp-json\/wp\/v2\/posts\/4231","targetHints":{"allow":["GET"]}}],"collection":[{"href":"https:\/\/aktialiiga.fi\/naiset\/wp-json\/wp\/v2\/posts"}],"about":[{"href":"https:\/\/aktialiiga.fi\/naiset\/wp-json\/wp\/v2\/types\/post"}],"author":[{"embeddable":true,"href":"https:\/\/aktialiiga.fi\/naiset\/wp-json\/wp\/v2\/users\/13"}],"replies":[{"embeddable":true,"href":"https:\/\/aktialiiga.fi\/naiset\/wp-json\/wp\/v2\/comments?post=4231"}],"version-history":[{"count":1,"href":"https:\/\/aktialiiga.fi\/naiset\/wp-json\/wp\/v2\/posts\/4231\/revisions"}],"predecessor-version":[{"id":39572,"href":"https:\/\/aktialiiga.fi\/naiset\/wp-json\/wp\/v2\/posts\/4231\/revisions\/39572"}],"wp:featuredmedia":[{"embeddable":true,"href":"https:\/\/aktialiiga.fi\/naiset\/wp-json\/wp\/v2\/media\/4200"}],"wp:attachment":[{"href":"https:\/\/aktialiiga.fi\/naiset\/wp-json\/wp\/v2\/media?parent=4231"}],"wp:term":[{"taxonomy":"category","embeddable":true,"href":"https:\/\/aktialiiga.fi\/naiset\/wp-json\/wp\/v2\/categories?post=4231"},{"taxonomy":"post_tag","embeddable":true,"href":"https:\/\/aktialiiga.fi\/naiset\/wp-json\/wp\/v2\/tags?post=4231"}],"curies":[{"name":"wp","href":"https:\/\/api.w.org\/{rel}","templated":true}]}}