{"id":42560,"date":"2025-02-03T17:11:57","date_gmt":"2025-02-03T15:11:57","guid":{"rendered":"https:\/\/aktialiiga.fi\/naiset\/?p=42560"},"modified":"2025-02-03T17:11:57","modified_gmt":"2025-02-03T15:11:57","slug":"vilkas-viikko-edessa","status":"publish","type":"post","link":"https:\/\/aktialiiga.fi\/naiset\/2024-2025\/ennakot-2024-2025\/vilkas-viikko-edessa\/","title":{"rendered":"Vilkas viikko edess\u00e4"},"content":{"rendered":"<p>Aktialiigassa pelataan aktiivisesti, kun ohjelmassa on nelj\u00e4n ottelun viikko. Kahdesti urakoivalla HIFK:lla ei ole varaa kompastumisiin.<\/p>\n<p>HIFK menetti viikonloppuna runkosarjan kakkospaikan, kun Dicken voitti SIF:n ja nousi HIFK:n rinnalle tasapisteisiin. HIFK pelaa viikolla kahdesti, kun se em\u00e4nn\u00f6i ensin keskiviikkona Atlasta ja matkaa lauantaina BK-46:n vieraaksi. Mik\u00e4li HIFK mielii napata suoran v\u00e4lier\u00e4paikan, niin sen pit\u00e4\u00e4 my\u00f6s klaarata molemmat ottelut.<\/p>\n<p>Atlaksella on oma lusikkansa mukana sopassa, kun se kohtaa puolestaan lauantaina toisen suorasta v\u00e4lier\u00e4paikasta taistelevan joukkueen Dickenin. Viikon nelj\u00e4nten\u00e4 otteluna Cocks saa perjantaina kotikent\u00e4lleen runkosarjan voiton viikonloppuna varmistaneen GrIFK:n.<\/p>\n<p><strong>Aktialiigan viikon ottelut:<br \/>\n<\/strong>Ke 5.2. kello 20.00 HIFK-Atlas<strong><br \/>\n<\/strong>Pe 7.2. kello 18.45 Cocks-GrIFK<strong><br \/>\n<\/strong>La 8.2. kello 16.00 BK-46-HIFK<strong><br \/>\n<\/strong>La 8.2. kello 18.00 Atlas-Dicken<\/p>\n<p><em>HandisTV esitt\u00e4\u00e4 kaikki ottelut suorina l\u00e4hetyksin\u00e4. Lue lis\u00e4\u00e4\u00a0<\/em><a href=\"https:\/\/aktialiiga.fi\/handistv\/\">t\u00e4\u00e4lt\u00e4<\/a><em>.<\/em><\/p>\n","protected":false},"excerpt":{"rendered":"<p>Aktialiigassa pelataan aktiivisesti, kun ohjelmassa on nelj\u00e4n ottelun viikko. Kahdesti urakoivalla HIFK:lla ei ole varaa kompastumisiin. HIFK menetti viikonloppuna runkosarjan kakkospaikan, kun Dicken voitti SIF:n ja nousi HIFK:n rinnalle tasapisteisiin. HIFK pelaa viikolla kahdesti, kun se em\u00e4nn\u00f6i ensin keskiviikkona Atlasta ja matkaa lauantaina BK-46:n vieraaksi. Mik\u00e4li HIFK mielii napata suoran v\u00e4lier\u00e4paikan, niin sen pit\u00e4\u00e4 my\u00f6s [&hellip;]<\/p>\n","protected":false},"author":13,"featured_media":41532,"comment_status":"closed","ping_status":"closed","sticky":false,"template":"","format":"standard","meta":{"_acf_changed":false,"jetpack_post_was_ever_published":false,"_jetpack_newsletter_access":"","_jetpack_dont_email_post_to_subs":false,"_jetpack_newsletter_tier_id":0,"_jetpack_memberships_contains_paywalled_content":false,"_jetpack_memberships_contains_paid_content":false,"footnotes":""},"categories":[236],"tags":[48,49,157,51,57,61],"class_list":["post-42560","post","type-post","status-publish","format-standard","has-post-thumbnail","hentry","category-ennakot-2024-2025","tag-atlas","tag-bk-46","tag-cocks","tag-dicken","tag-grifk","tag-hifk"],"acf":[],"yoast_head":"<!-- This site is optimized with the Yoast SEO plugin v27.5 - https:\/\/yoast.com\/product\/yoast-seo-wordpress\/ -->\n<title>Vilkas viikko edess\u00e4 | K\u00e4sipallon naisten Aktialiiga<\/title>\n<meta name=\"description\" content=\"Aktialiigassa pelataan aktiivisesti, kun ohjelmassa on nelj\u00e4n ottelun viikko. Kahdesti urakoivalla HIFK:lla ei ole varaa kompastumisiin.\" \/>\n<meta name=\"robots\" content=\"index, follow, max-snippet:-1, max-image-preview:large, max-video-preview:-1\" \/>\n<link rel=\"canonical\" href=\"https:\/\/aktialiiga.fi\/naiset\/2024-2025\/ennakot-2024-2025\/vilkas-viikko-edessa\/\" \/>\n<meta property=\"og:locale\" content=\"fi_FI\" \/>\n<meta property=\"og:type\" content=\"article\" \/>\n<meta property=\"og:title\" content=\"Vilkas viikko edess\u00e4 | K\u00e4sipallon naisten Aktialiiga\" \/>\n<meta property=\"og:description\" content=\"Aktialiigassa pelataan aktiivisesti, kun ohjelmassa on nelj\u00e4n ottelun viikko. Kahdesti urakoivalla HIFK:lla ei ole varaa kompastumisiin.\" \/>\n<meta property=\"og:url\" content=\"https:\/\/aktialiiga.fi\/naiset\/2024-2025\/ennakot-2024-2025\/vilkas-viikko-edessa\/\" \/>\n<meta property=\"og:site_name\" content=\"K\u00e4sipallon naisten Aktialiiga\" \/>\n<meta property=\"article:publisher\" content=\"https:\/\/www.facebook.com\/finnhandball\" \/>\n<meta property=\"article:published_time\" content=\"2025-02-03T15:11:57+00:00\" \/>\n<meta property=\"og:image\" content=\"https:\/\/aktialiiga.fi\/naiset\/wp-content\/uploads\/sites\/6\/2024\/10\/A7307502-Forbattrat-BR-scaled.jpg\" \/>\n\t<meta property=\"og:image:width\" content=\"2560\" \/>\n\t<meta property=\"og:image:height\" content=\"1707\" \/>\n\t<meta property=\"og:image:type\" content=\"image\/jpeg\" \/>\n<meta name=\"author\" content=\"tbrmedia\" \/>\n<meta name=\"twitter:card\" content=\"summary_large_image\" \/>\n<meta name=\"twitter:creator\" content=\"@finnhandball\" \/>\n<meta name=\"twitter:site\" content=\"@finnhandball\" \/>\n<script type=\"application\/ld+json\" class=\"yoast-schema-graph\">{\"@context\":\"https:\\\/\\\/schema.org\",\"@graph\":[{\"@type\":\"Article\",\"@id\":\"https:\\\/\\\/aktialiiga.fi\\\/naiset\\\/2024-2025\\\/ennakot-2024-2025\\\/vilkas-viikko-edessa\\\/#article\",\"isPartOf\":{\"@id\":\"https:\\\/\\\/aktialiiga.fi\\\/naiset\\\/2024-2025\\\/ennakot-2024-2025\\\/vilkas-viikko-edessa\\\/\"},\"author\":{\"name\":\"tbrmedia\",\"@id\":\"https:\\\/\\\/aktialiiga.fi\\\/naiset\\\/#\\\/schema\\\/person\\\/c14bf42f47041db74603c45afcb18d87\"},\"headline\":\"Vilkas viikko edess\u00e4\",\"datePublished\":\"2025-02-03T15:11:57+00:00\",\"mainEntityOfPage\":{\"@id\":\"https:\\\/\\\/aktialiiga.fi\\\/naiset\\\/2024-2025\\\/ennakot-2024-2025\\\/vilkas-viikko-edessa\\\/\"},\"wordCount\":133,\"publisher\":{\"@id\":\"https:\\\/\\\/aktialiiga.fi\\\/naiset\\\/#organization\"},\"image\":{\"@id\":\"https:\\\/\\\/aktialiiga.fi\\\/naiset\\\/2024-2025\\\/ennakot-2024-2025\\\/vilkas-viikko-edessa\\\/#primaryimage\"},\"thumbnailUrl\":\"https:\\\/\\\/aktialiiga.fi\\\/naiset\\\/wp-content\\\/uploads\\\/sites\\\/6\\\/2024\\\/10\\\/A7307502-Forbattrat-BR-scaled.jpg\",\"keywords\":[\"Atlas\",\"BK-46\",\"Cocks\",\"Dicken\",\"GrIFK\",\"HIFK\"],\"articleSection\":[\"Ennakot\"],\"inLanguage\":\"fi\"},{\"@type\":\"WebPage\",\"@id\":\"https:\\\/\\\/aktialiiga.fi\\\/naiset\\\/2024-2025\\\/ennakot-2024-2025\\\/vilkas-viikko-edessa\\\/\",\"url\":\"https:\\\/\\\/aktialiiga.fi\\\/naiset\\\/2024-2025\\\/ennakot-2024-2025\\\/vilkas-viikko-edessa\\\/\",\"name\":\"Vilkas viikko edess\u00e4 | K\u00e4sipallon naisten Aktialiiga\",\"isPartOf\":{\"@id\":\"https:\\\/\\\/aktialiiga.fi\\\/naiset\\\/#website\"},\"primaryImageOfPage\":{\"@id\":\"https:\\\/\\\/aktialiiga.fi\\\/naiset\\\/2024-2025\\\/ennakot-2024-2025\\\/vilkas-viikko-edessa\\\/#primaryimage\"},\"image\":{\"@id\":\"https:\\\/\\\/aktialiiga.fi\\\/naiset\\\/2024-2025\\\/ennakot-2024-2025\\\/vilkas-viikko-edessa\\\/#primaryimage\"},\"thumbnailUrl\":\"https:\\\/\\\/aktialiiga.fi\\\/naiset\\\/wp-content\\\/uploads\\\/sites\\\/6\\\/2024\\\/10\\\/A7307502-Forbattrat-BR-scaled.jpg\",\"datePublished\":\"2025-02-03T15:11:57+00:00\",\"description\":\"Aktialiigassa pelataan aktiivisesti, kun ohjelmassa on nelj\u00e4n ottelun viikko. Kahdesti urakoivalla HIFK:lla ei ole varaa kompastumisiin.\",\"breadcrumb\":{\"@id\":\"https:\\\/\\\/aktialiiga.fi\\\/naiset\\\/2024-2025\\\/ennakot-2024-2025\\\/vilkas-viikko-edessa\\\/#breadcrumb\"},\"inLanguage\":\"fi\",\"potentialAction\":[{\"@type\":\"ReadAction\",\"target\":[\"https:\\\/\\\/aktialiiga.fi\\\/naiset\\\/2024-2025\\\/ennakot-2024-2025\\\/vilkas-viikko-edessa\\\/\"]}]},{\"@type\":\"ImageObject\",\"inLanguage\":\"fi\",\"@id\":\"https:\\\/\\\/aktialiiga.fi\\\/naiset\\\/2024-2025\\\/ennakot-2024-2025\\\/vilkas-viikko-edessa\\\/#primaryimage\",\"url\":\"https:\\\/\\\/aktialiiga.fi\\\/naiset\\\/wp-content\\\/uploads\\\/sites\\\/6\\\/2024\\\/10\\\/A7307502-Forbattrat-BR-scaled.jpg\",\"contentUrl\":\"https:\\\/\\\/aktialiiga.fi\\\/naiset\\\/wp-content\\\/uploads\\\/sites\\\/6\\\/2024\\\/10\\\/A7307502-Forbattrat-BR-scaled.jpg\",\"width\":2560,\"height\":1707,\"caption\":\"Bk-46 - Hifk 28.09.2024\"},{\"@type\":\"BreadcrumbList\",\"@id\":\"https:\\\/\\\/aktialiiga.fi\\\/naiset\\\/2024-2025\\\/ennakot-2024-2025\\\/vilkas-viikko-edessa\\\/#breadcrumb\",\"itemListElement\":[{\"@type\":\"ListItem\",\"position\":1,\"name\":\"Etusivu\",\"item\":\"https:\\\/\\\/aktialiiga.fi\\\/naiset\\\/\"},{\"@type\":\"ListItem\",\"position\":2,\"name\":\"Vilkas viikko edess\u00e4\"}]},{\"@type\":\"WebSite\",\"@id\":\"https:\\\/\\\/aktialiiga.fi\\\/naiset\\\/#website\",\"url\":\"https:\\\/\\\/aktialiiga.fi\\\/naiset\\\/\",\"name\":\"K\u00e4sipallon naisten Aktialiiga\",\"description\":\"Valtakunnan vauhdikkainta palloilua!\",\"publisher\":{\"@id\":\"https:\\\/\\\/aktialiiga.fi\\\/naiset\\\/#organization\"},\"potentialAction\":[{\"@type\":\"SearchAction\",\"target\":{\"@type\":\"EntryPoint\",\"urlTemplate\":\"https:\\\/\\\/aktialiiga.fi\\\/naiset\\\/?s={search_term_string}\"},\"query-input\":{\"@type\":\"PropertyValueSpecification\",\"valueRequired\":true,\"valueName\":\"search_term_string\"}}],\"inLanguage\":\"fi\"},{\"@type\":\"Organization\",\"@id\":\"https:\\\/\\\/aktialiiga.fi\\\/naiset\\\/#organization\",\"name\":\"K\u00e4sipallon naisten Aktialiiga\",\"url\":\"https:\\\/\\\/aktialiiga.fi\\\/naiset\\\/\",\"logo\":{\"@type\":\"ImageObject\",\"inLanguage\":\"fi\",\"@id\":\"https:\\\/\\\/aktialiiga.fi\\\/naiset\\\/#\\\/schema\\\/logo\\\/image\\\/\",\"url\":\"https:\\\/\\\/aktialiiga.fi\\\/naiset\\\/wp-content\\\/uploads\\\/sites\\\/6\\\/2024\\\/09\\\/Aktialiiga-Yoast-512.png\",\"contentUrl\":\"https:\\\/\\\/aktialiiga.fi\\\/naiset\\\/wp-content\\\/uploads\\\/sites\\\/6\\\/2024\\\/09\\\/Aktialiiga-Yoast-512.png\",\"width\":512,\"height\":512,\"caption\":\"K\u00e4sipallon naisten Aktialiiga\"},\"image\":{\"@id\":\"https:\\\/\\\/aktialiiga.fi\\\/naiset\\\/#\\\/schema\\\/logo\\\/image\\\/\"},\"sameAs\":[\"https:\\\/\\\/www.facebook.com\\\/finnhandball\",\"https:\\\/\\\/x.com\\\/finnhandball\",\"https:\\\/\\\/www.instagram.com\\\/handballfinland\\\/\"]},{\"@type\":\"Person\",\"@id\":\"https:\\\/\\\/aktialiiga.fi\\\/naiset\\\/#\\\/schema\\\/person\\\/c14bf42f47041db74603c45afcb18d87\",\"name\":\"tbrmedia\",\"image\":{\"@type\":\"ImageObject\",\"inLanguage\":\"fi\",\"@id\":\"https:\\\/\\\/secure.gravatar.com\\\/avatar\\\/ee975fa091fe581d12b60debb3439022686618368a7c142044c56724d4666b16?s=96&d=mm&r=g\",\"url\":\"https:\\\/\\\/secure.gravatar.com\\\/avatar\\\/ee975fa091fe581d12b60debb3439022686618368a7c142044c56724d4666b16?s=96&d=mm&r=g\",\"contentUrl\":\"https:\\\/\\\/secure.gravatar.com\\\/avatar\\\/ee975fa091fe581d12b60debb3439022686618368a7c142044c56724d4666b16?s=96&d=mm&r=g\",\"caption\":\"tbrmedia\"}}]}<\/script>\n<!-- \/ Yoast SEO plugin. -->","yoast_head_json":{"title":"Vilkas viikko edess\u00e4 | K\u00e4sipallon naisten Aktialiiga","description":"Aktialiigassa pelataan aktiivisesti, kun ohjelmassa on nelj\u00e4n ottelun viikko. Kahdesti urakoivalla HIFK:lla ei ole varaa kompastumisiin.","robots":{"index":"index","follow":"follow","max-snippet":"max-snippet:-1","max-image-preview":"max-image-preview:large","max-video-preview":"max-video-preview:-1"},"canonical":"https:\/\/aktialiiga.fi\/naiset\/2024-2025\/ennakot-2024-2025\/vilkas-viikko-edessa\/","og_locale":"fi_FI","og_type":"article","og_title":"Vilkas viikko edess\u00e4 | K\u00e4sipallon naisten Aktialiiga","og_description":"Aktialiigassa pelataan aktiivisesti, kun ohjelmassa on nelj\u00e4n ottelun viikko. Kahdesti urakoivalla HIFK:lla ei ole varaa kompastumisiin.","og_url":"https:\/\/aktialiiga.fi\/naiset\/2024-2025\/ennakot-2024-2025\/vilkas-viikko-edessa\/","og_site_name":"K\u00e4sipallon naisten Aktialiiga","article_publisher":"https:\/\/www.facebook.com\/finnhandball","article_published_time":"2025-02-03T15:11:57+00:00","og_image":[{"width":2560,"height":1707,"url":"https:\/\/aktialiiga.fi\/naiset\/wp-content\/uploads\/sites\/6\/2024\/10\/A7307502-Forbattrat-BR-scaled.jpg","type":"image\/jpeg"}],"author":"tbrmedia","twitter_card":"summary_large_image","twitter_creator":"@finnhandball","twitter_site":"@finnhandball","schema":{"@context":"https:\/\/schema.org","@graph":[{"@type":"Article","@id":"https:\/\/aktialiiga.fi\/naiset\/2024-2025\/ennakot-2024-2025\/vilkas-viikko-edessa\/#article","isPartOf":{"@id":"https:\/\/aktialiiga.fi\/naiset\/2024-2025\/ennakot-2024-2025\/vilkas-viikko-edessa\/"},"author":{"name":"tbrmedia","@id":"https:\/\/aktialiiga.fi\/naiset\/#\/schema\/person\/c14bf42f47041db74603c45afcb18d87"},"headline":"Vilkas viikko edess\u00e4","datePublished":"2025-02-03T15:11:57+00:00","mainEntityOfPage":{"@id":"https:\/\/aktialiiga.fi\/naiset\/2024-2025\/ennakot-2024-2025\/vilkas-viikko-edessa\/"},"wordCount":133,"publisher":{"@id":"https:\/\/aktialiiga.fi\/naiset\/#organization"},"image":{"@id":"https:\/\/aktialiiga.fi\/naiset\/2024-2025\/ennakot-2024-2025\/vilkas-viikko-edessa\/#primaryimage"},"thumbnailUrl":"https:\/\/aktialiiga.fi\/naiset\/wp-content\/uploads\/sites\/6\/2024\/10\/A7307502-Forbattrat-BR-scaled.jpg","keywords":["Atlas","BK-46","Cocks","Dicken","GrIFK","HIFK"],"articleSection":["Ennakot"],"inLanguage":"fi"},{"@type":"WebPage","@id":"https:\/\/aktialiiga.fi\/naiset\/2024-2025\/ennakot-2024-2025\/vilkas-viikko-edessa\/","url":"https:\/\/aktialiiga.fi\/naiset\/2024-2025\/ennakot-2024-2025\/vilkas-viikko-edessa\/","name":"Vilkas viikko edess\u00e4 | K\u00e4sipallon naisten Aktialiiga","isPartOf":{"@id":"https:\/\/aktialiiga.fi\/naiset\/#website"},"primaryImageOfPage":{"@id":"https:\/\/aktialiiga.fi\/naiset\/2024-2025\/ennakot-2024-2025\/vilkas-viikko-edessa\/#primaryimage"},"image":{"@id":"https:\/\/aktialiiga.fi\/naiset\/2024-2025\/ennakot-2024-2025\/vilkas-viikko-edessa\/#primaryimage"},"thumbnailUrl":"https:\/\/aktialiiga.fi\/naiset\/wp-content\/uploads\/sites\/6\/2024\/10\/A7307502-Forbattrat-BR-scaled.jpg","datePublished":"2025-02-03T15:11:57+00:00","description":"Aktialiigassa pelataan aktiivisesti, kun ohjelmassa on nelj\u00e4n ottelun viikko. Kahdesti urakoivalla HIFK:lla ei ole varaa kompastumisiin.","breadcrumb":{"@id":"https:\/\/aktialiiga.fi\/naiset\/2024-2025\/ennakot-2024-2025\/vilkas-viikko-edessa\/#breadcrumb"},"inLanguage":"fi","potentialAction":[{"@type":"ReadAction","target":["https:\/\/aktialiiga.fi\/naiset\/2024-2025\/ennakot-2024-2025\/vilkas-viikko-edessa\/"]}]},{"@type":"ImageObject","inLanguage":"fi","@id":"https:\/\/aktialiiga.fi\/naiset\/2024-2025\/ennakot-2024-2025\/vilkas-viikko-edessa\/#primaryimage","url":"https:\/\/aktialiiga.fi\/naiset\/wp-content\/uploads\/sites\/6\/2024\/10\/A7307502-Forbattrat-BR-scaled.jpg","contentUrl":"https:\/\/aktialiiga.fi\/naiset\/wp-content\/uploads\/sites\/6\/2024\/10\/A7307502-Forbattrat-BR-scaled.jpg","width":2560,"height":1707,"caption":"Bk-46 - Hifk 28.09.2024"},{"@type":"BreadcrumbList","@id":"https:\/\/aktialiiga.fi\/naiset\/2024-2025\/ennakot-2024-2025\/vilkas-viikko-edessa\/#breadcrumb","itemListElement":[{"@type":"ListItem","position":1,"name":"Etusivu","item":"https:\/\/aktialiiga.fi\/naiset\/"},{"@type":"ListItem","position":2,"name":"Vilkas viikko edess\u00e4"}]},{"@type":"WebSite","@id":"https:\/\/aktialiiga.fi\/naiset\/#website","url":"https:\/\/aktialiiga.fi\/naiset\/","name":"K\u00e4sipallon naisten Aktialiiga","description":"Valtakunnan vauhdikkainta palloilua!","publisher":{"@id":"https:\/\/aktialiiga.fi\/naiset\/#organization"},"potentialAction":[{"@type":"SearchAction","target":{"@type":"EntryPoint","urlTemplate":"https:\/\/aktialiiga.fi\/naiset\/?s={search_term_string}"},"query-input":{"@type":"PropertyValueSpecification","valueRequired":true,"valueName":"search_term_string"}}],"inLanguage":"fi"},{"@type":"Organization","@id":"https:\/\/aktialiiga.fi\/naiset\/#organization","name":"K\u00e4sipallon naisten Aktialiiga","url":"https:\/\/aktialiiga.fi\/naiset\/","logo":{"@type":"ImageObject","inLanguage":"fi","@id":"https:\/\/aktialiiga.fi\/naiset\/#\/schema\/logo\/image\/","url":"https:\/\/aktialiiga.fi\/naiset\/wp-content\/uploads\/sites\/6\/2024\/09\/Aktialiiga-Yoast-512.png","contentUrl":"https:\/\/aktialiiga.fi\/naiset\/wp-content\/uploads\/sites\/6\/2024\/09\/Aktialiiga-Yoast-512.png","width":512,"height":512,"caption":"K\u00e4sipallon naisten Aktialiiga"},"image":{"@id":"https:\/\/aktialiiga.fi\/naiset\/#\/schema\/logo\/image\/"},"sameAs":["https:\/\/www.facebook.com\/finnhandball","https:\/\/x.com\/finnhandball","https:\/\/www.instagram.com\/handballfinland\/"]},{"@type":"Person","@id":"https:\/\/aktialiiga.fi\/naiset\/#\/schema\/person\/c14bf42f47041db74603c45afcb18d87","name":"tbrmedia","image":{"@type":"ImageObject","inLanguage":"fi","@id":"https:\/\/secure.gravatar.com\/avatar\/ee975fa091fe581d12b60debb3439022686618368a7c142044c56724d4666b16?s=96&d=mm&r=g","url":"https:\/\/secure.gravatar.com\/avatar\/ee975fa091fe581d12b60debb3439022686618368a7c142044c56724d4666b16?s=96&d=mm&r=g","contentUrl":"https:\/\/secure.gravatar.com\/avatar\/ee975fa091fe581d12b60debb3439022686618368a7c142044c56724d4666b16?s=96&d=mm&r=g","caption":"tbrmedia"}}]}},"jetpack_featured_media_url":"https:\/\/aktialiiga.fi\/naiset\/wp-content\/uploads\/sites\/6\/2024\/10\/A7307502-Forbattrat-BR-scaled.jpg","jetpack_sharing_enabled":true,"jetpack_shortlink":"https:\/\/wp.me\/pfYhm6-b4s","_links":{"self":[{"href":"https:\/\/aktialiiga.fi\/naiset\/wp-json\/wp\/v2\/posts\/42560","targetHints":{"allow":["GET"]}}],"collection":[{"href":"https:\/\/aktialiiga.fi\/naiset\/wp-json\/wp\/v2\/posts"}],"about":[{"href":"https:\/\/aktialiiga.fi\/naiset\/wp-json\/wp\/v2\/types\/post"}],"author":[{"embeddable":true,"href":"https:\/\/aktialiiga.fi\/naiset\/wp-json\/wp\/v2\/users\/13"}],"replies":[{"embeddable":true,"href":"https:\/\/aktialiiga.fi\/naiset\/wp-json\/wp\/v2\/comments?post=42560"}],"version-history":[{"count":2,"href":"https:\/\/aktialiiga.fi\/naiset\/wp-json\/wp\/v2\/posts\/42560\/revisions"}],"predecessor-version":[{"id":42564,"href":"https:\/\/aktialiiga.fi\/naiset\/wp-json\/wp\/v2\/posts\/42560\/revisions\/42564"}],"wp:featuredmedia":[{"embeddable":true,"href":"https:\/\/aktialiiga.fi\/naiset\/wp-json\/wp\/v2\/media\/41532"}],"wp:attachment":[{"href":"https:\/\/aktialiiga.fi\/naiset\/wp-json\/wp\/v2\/media?parent=42560"}],"wp:term":[{"taxonomy":"category","embeddable":true,"href":"https:\/\/aktialiiga.fi\/naiset\/wp-json\/wp\/v2\/categories?post=42560"},{"taxonomy":"post_tag","embeddable":true,"href":"https:\/\/aktialiiga.fi\/naiset\/wp-json\/wp\/v2\/tags?post=42560"}],"curies":[{"name":"wp","href":"https:\/\/api.w.org\/{rel}","templated":true}]}}