{"id":42657,"date":"2025-02-11T18:29:14","date_gmt":"2025-02-11T16:29:14","guid":{"rendered":"https:\/\/aktialiiga.fi\/naiset\/?p=42657"},"modified":"2025-02-14T14:10:20","modified_gmt":"2025-02-14T12:10:20","slug":"grifkn-takana-kova-kamppailu-viikonloppuna-jo-ratkaisuja","status":"publish","type":"post","link":"https:\/\/aktialiiga.fi\/naiset\/2024-2025\/ennakot-2024-2025\/grifkn-takana-kova-kamppailu-viikonloppuna-jo-ratkaisuja\/","title":{"rendered":"GrIFK:n takana kova kamppailu &#8211; viikonloppuna jo ratkaisuja?"},"content":{"rendered":"<p>Aktialiiga jatkuu lauantaina t\u00e4ydell\u00e4 kierroksella. Loppukaudesta riitt\u00e4\u00e4 viel\u00e4 paljon j\u00e4nnitett\u00e4v\u00e4\u00e4.<\/p>\n<p>GrIFK on jo varmistanut runkosarjan voiton ja Dicken otti tiukan otteen toisesta suorasta v\u00e4lier\u00e4paikasta viime viikonloppuna, kun HIFK h\u00e4visi yll\u00e4tt\u00e4en BK-46:n vieraana. Dicken on nyt toisena tasapistein paikallisvastustajansa kanssa, mutta ottelun v\u00e4hemm\u00e4n pelanneena.<\/p>\n<p>Ilman v\u00e4lier\u00e4paikkaa j\u00e4\u00e4v\u00e4 joukkue p\u00e4\u00e4see kuitenkin puoliv\u00e4lieriin kotiedulla. Toisesta kotiedusta k\u00e4yd\u00e4\u00e4n viel\u00e4 kova taistelu BK-46:n ja Cocksin v\u00e4lill\u00e4. BK nousi HIFK-voitolla Cocksin rinnalle ja kiinni kotietuun, mutta Cocksilla on ottelu v\u00e4hemm\u00e4n pelattuna.<\/p>\n<p>Ratkaisuja saatetaan n\u00e4hd\u00e4 jo tulevana lauantaina, kun ohjelmassa on j\u00e4lleen kolmen ottelun t\u00e4ysi kierros. HIFK saa kotikent\u00e4lleen Cocksin ja Dicken puolestaan BK-46:n. Lauantain kolmannessa ottelussa Atlaksella on mahdollisuus varmistaa puoliv\u00e4lier\u00e4paikka, kun se saa kotikent\u00e4lleen SIF:n.<\/p>\n<p><strong>Aktialiigan lauantain ottelut:<br \/>\n<\/strong>Kello 15.00 HIFK-Cocks<strong><br \/>\n<\/strong>Kello 16.00 Dicken-BK-46<strong><br \/>\n<\/strong>Kello 17.15 SIF-Atlas<\/p>\n<p><em>HandisTV esitt\u00e4\u00e4 kaikki ottelut suorina l\u00e4hetyksin\u00e4. Lue lis\u00e4\u00e4\u00a0<\/em><a href=\"https:\/\/aktialiiga.fi\/handistv\/\">t\u00e4\u00e4lt\u00e4<\/a><em>.<\/em><\/p>\n<p><strong>\u00a0<\/strong><\/p>\n","protected":false},"excerpt":{"rendered":"<p>Aktialiiga jatkuu lauantaina t\u00e4ydell\u00e4 kierroksella. Loppukaudesta riitt\u00e4\u00e4 viel\u00e4 paljon j\u00e4nnitett\u00e4v\u00e4\u00e4. GrIFK on jo varmistanut runkosarjan voiton ja Dicken otti tiukan otteen toisesta suorasta v\u00e4lier\u00e4paikasta viime viikonloppuna, kun HIFK h\u00e4visi yll\u00e4tt\u00e4en BK-46:n vieraana. Dicken on nyt toisena tasapistein paikallisvastustajansa kanssa, mutta ottelun v\u00e4hemm\u00e4n pelanneena. Ilman v\u00e4lier\u00e4paikkaa j\u00e4\u00e4v\u00e4 joukkue p\u00e4\u00e4see kuitenkin puoliv\u00e4lieriin kotiedulla. Toisesta kotiedusta k\u00e4yd\u00e4\u00e4n viel\u00e4 [&hellip;]<\/p>\n","protected":false},"author":13,"featured_media":42574,"comment_status":"closed","ping_status":"closed","sticky":false,"template":"","format":"standard","meta":{"_acf_changed":false,"jetpack_post_was_ever_published":false,"_jetpack_newsletter_access":"","_jetpack_dont_email_post_to_subs":false,"_jetpack_newsletter_tier_id":0,"_jetpack_memberships_contains_paywalled_content":false,"_jetpack_memberships_contains_paid_content":false,"footnotes":""},"categories":[236],"tags":[48,49,157,51,61,81],"class_list":["post-42657","post","type-post","status-publish","format-standard","has-post-thumbnail","hentry","category-ennakot-2024-2025","tag-atlas","tag-bk-46","tag-cocks","tag-dicken","tag-hifk","tag-sif"],"acf":[],"yoast_head":"<!-- This site is optimized with the Yoast SEO plugin v27.5 - https:\/\/yoast.com\/product\/yoast-seo-wordpress\/ -->\n<title>GrIFK:n takana kova kamppailu - viikonloppuna jo ratkaisuja? | K\u00e4sipallon naisten Aktialiiga<\/title>\n<meta name=\"description\" content=\"Aktialiiga jatkuu lauantaina t\u00e4ydell\u00e4 kierroksella. Loppukaudesta riitt\u00e4\u00e4 viel\u00e4 paljon j\u00e4nnitett\u00e4v\u00e4\u00e4.\" \/>\n<meta name=\"robots\" content=\"index, follow, max-snippet:-1, max-image-preview:large, max-video-preview:-1\" \/>\n<link rel=\"canonical\" href=\"https:\/\/aktialiiga.fi\/naiset\/2024-2025\/ennakot-2024-2025\/grifkn-takana-kova-kamppailu-viikonloppuna-jo-ratkaisuja\/\" \/>\n<meta property=\"og:locale\" content=\"fi_FI\" \/>\n<meta property=\"og:type\" content=\"article\" \/>\n<meta property=\"og:title\" content=\"GrIFK:n takana kova kamppailu - viikonloppuna jo ratkaisuja? | K\u00e4sipallon naisten Aktialiiga\" \/>\n<meta property=\"og:description\" content=\"Aktialiiga jatkuu lauantaina t\u00e4ydell\u00e4 kierroksella. Loppukaudesta riitt\u00e4\u00e4 viel\u00e4 paljon j\u00e4nnitett\u00e4v\u00e4\u00e4.\" \/>\n<meta property=\"og:url\" content=\"https:\/\/aktialiiga.fi\/naiset\/2024-2025\/ennakot-2024-2025\/grifkn-takana-kova-kamppailu-viikonloppuna-jo-ratkaisuja\/\" \/>\n<meta property=\"og:site_name\" content=\"K\u00e4sipallon naisten Aktialiiga\" \/>\n<meta property=\"article:publisher\" content=\"https:\/\/www.facebook.com\/finnhandball\" \/>\n<meta property=\"article:published_time\" content=\"2025-02-11T16:29:14+00:00\" \/>\n<meta property=\"article:modified_time\" content=\"2025-02-14T12:10:20+00:00\" \/>\n<meta property=\"og:image\" content=\"https:\/\/aktialiiga.fi\/naiset\/wp-content\/uploads\/sites\/6\/2025\/02\/A7309834-Forbattrat-BR-scaled.jpg\" \/>\n\t<meta property=\"og:image:width\" content=\"2560\" \/>\n\t<meta property=\"og:image:height\" content=\"1707\" \/>\n\t<meta property=\"og:image:type\" content=\"image\/jpeg\" \/>\n<meta name=\"author\" content=\"tbrmedia\" \/>\n<meta name=\"twitter:card\" content=\"summary_large_image\" \/>\n<meta name=\"twitter:creator\" content=\"@finnhandball\" \/>\n<meta name=\"twitter:site\" content=\"@finnhandball\" \/>\n<script type=\"application\/ld+json\" class=\"yoast-schema-graph\">{\"@context\":\"https:\\\/\\\/schema.org\",\"@graph\":[{\"@type\":\"Article\",\"@id\":\"https:\\\/\\\/aktialiiga.fi\\\/naiset\\\/2024-2025\\\/ennakot-2024-2025\\\/grifkn-takana-kova-kamppailu-viikonloppuna-jo-ratkaisuja\\\/#article\",\"isPartOf\":{\"@id\":\"https:\\\/\\\/aktialiiga.fi\\\/naiset\\\/2024-2025\\\/ennakot-2024-2025\\\/grifkn-takana-kova-kamppailu-viikonloppuna-jo-ratkaisuja\\\/\"},\"author\":{\"name\":\"tbrmedia\",\"@id\":\"https:\\\/\\\/aktialiiga.fi\\\/naiset\\\/#\\\/schema\\\/person\\\/c14bf42f47041db74603c45afcb18d87\"},\"headline\":\"GrIFK:n takana kova kamppailu &#8211; viikonloppuna jo ratkaisuja?\",\"datePublished\":\"2025-02-11T16:29:14+00:00\",\"dateModified\":\"2025-02-14T12:10:20+00:00\",\"mainEntityOfPage\":{\"@id\":\"https:\\\/\\\/aktialiiga.fi\\\/naiset\\\/2024-2025\\\/ennakot-2024-2025\\\/grifkn-takana-kova-kamppailu-viikonloppuna-jo-ratkaisuja\\\/\"},\"wordCount\":170,\"publisher\":{\"@id\":\"https:\\\/\\\/aktialiiga.fi\\\/naiset\\\/#organization\"},\"image\":{\"@id\":\"https:\\\/\\\/aktialiiga.fi\\\/naiset\\\/2024-2025\\\/ennakot-2024-2025\\\/grifkn-takana-kova-kamppailu-viikonloppuna-jo-ratkaisuja\\\/#primaryimage\"},\"thumbnailUrl\":\"https:\\\/\\\/aktialiiga.fi\\\/naiset\\\/wp-content\\\/uploads\\\/sites\\\/6\\\/2025\\\/02\\\/A7309834-Forbattrat-BR-scaled.jpg\",\"keywords\":[\"Atlas\",\"BK-46\",\"Cocks\",\"Dicken\",\"HIFK\",\"SIF\"],\"articleSection\":[\"Ennakot\"],\"inLanguage\":\"fi\"},{\"@type\":\"WebPage\",\"@id\":\"https:\\\/\\\/aktialiiga.fi\\\/naiset\\\/2024-2025\\\/ennakot-2024-2025\\\/grifkn-takana-kova-kamppailu-viikonloppuna-jo-ratkaisuja\\\/\",\"url\":\"https:\\\/\\\/aktialiiga.fi\\\/naiset\\\/2024-2025\\\/ennakot-2024-2025\\\/grifkn-takana-kova-kamppailu-viikonloppuna-jo-ratkaisuja\\\/\",\"name\":\"GrIFK:n takana kova kamppailu - viikonloppuna jo ratkaisuja? | K\u00e4sipallon naisten Aktialiiga\",\"isPartOf\":{\"@id\":\"https:\\\/\\\/aktialiiga.fi\\\/naiset\\\/#website\"},\"primaryImageOfPage\":{\"@id\":\"https:\\\/\\\/aktialiiga.fi\\\/naiset\\\/2024-2025\\\/ennakot-2024-2025\\\/grifkn-takana-kova-kamppailu-viikonloppuna-jo-ratkaisuja\\\/#primaryimage\"},\"image\":{\"@id\":\"https:\\\/\\\/aktialiiga.fi\\\/naiset\\\/2024-2025\\\/ennakot-2024-2025\\\/grifkn-takana-kova-kamppailu-viikonloppuna-jo-ratkaisuja\\\/#primaryimage\"},\"thumbnailUrl\":\"https:\\\/\\\/aktialiiga.fi\\\/naiset\\\/wp-content\\\/uploads\\\/sites\\\/6\\\/2025\\\/02\\\/A7309834-Forbattrat-BR-scaled.jpg\",\"datePublished\":\"2025-02-11T16:29:14+00:00\",\"dateModified\":\"2025-02-14T12:10:20+00:00\",\"description\":\"Aktialiiga jatkuu lauantaina t\u00e4ydell\u00e4 kierroksella. Loppukaudesta riitt\u00e4\u00e4 viel\u00e4 paljon j\u00e4nnitett\u00e4v\u00e4\u00e4.\",\"breadcrumb\":{\"@id\":\"https:\\\/\\\/aktialiiga.fi\\\/naiset\\\/2024-2025\\\/ennakot-2024-2025\\\/grifkn-takana-kova-kamppailu-viikonloppuna-jo-ratkaisuja\\\/#breadcrumb\"},\"inLanguage\":\"fi\",\"potentialAction\":[{\"@type\":\"ReadAction\",\"target\":[\"https:\\\/\\\/aktialiiga.fi\\\/naiset\\\/2024-2025\\\/ennakot-2024-2025\\\/grifkn-takana-kova-kamppailu-viikonloppuna-jo-ratkaisuja\\\/\"]}]},{\"@type\":\"ImageObject\",\"inLanguage\":\"fi\",\"@id\":\"https:\\\/\\\/aktialiiga.fi\\\/naiset\\\/2024-2025\\\/ennakot-2024-2025\\\/grifkn-takana-kova-kamppailu-viikonloppuna-jo-ratkaisuja\\\/#primaryimage\",\"url\":\"https:\\\/\\\/aktialiiga.fi\\\/naiset\\\/wp-content\\\/uploads\\\/sites\\\/6\\\/2025\\\/02\\\/A7309834-Forbattrat-BR-scaled.jpg\",\"contentUrl\":\"https:\\\/\\\/aktialiiga.fi\\\/naiset\\\/wp-content\\\/uploads\\\/sites\\\/6\\\/2025\\\/02\\\/A7309834-Forbattrat-BR-scaled.jpg\",\"width\":2560,\"height\":1707},{\"@type\":\"BreadcrumbList\",\"@id\":\"https:\\\/\\\/aktialiiga.fi\\\/naiset\\\/2024-2025\\\/ennakot-2024-2025\\\/grifkn-takana-kova-kamppailu-viikonloppuna-jo-ratkaisuja\\\/#breadcrumb\",\"itemListElement\":[{\"@type\":\"ListItem\",\"position\":1,\"name\":\"Etusivu\",\"item\":\"https:\\\/\\\/aktialiiga.fi\\\/naiset\\\/\"},{\"@type\":\"ListItem\",\"position\":2,\"name\":\"GrIFK:n takana kova kamppailu &#8211; viikonloppuna jo ratkaisuja?\"}]},{\"@type\":\"WebSite\",\"@id\":\"https:\\\/\\\/aktialiiga.fi\\\/naiset\\\/#website\",\"url\":\"https:\\\/\\\/aktialiiga.fi\\\/naiset\\\/\",\"name\":\"K\u00e4sipallon naisten Aktialiiga\",\"description\":\"Valtakunnan vauhdikkainta palloilua!\",\"publisher\":{\"@id\":\"https:\\\/\\\/aktialiiga.fi\\\/naiset\\\/#organization\"},\"potentialAction\":[{\"@type\":\"SearchAction\",\"target\":{\"@type\":\"EntryPoint\",\"urlTemplate\":\"https:\\\/\\\/aktialiiga.fi\\\/naiset\\\/?s={search_term_string}\"},\"query-input\":{\"@type\":\"PropertyValueSpecification\",\"valueRequired\":true,\"valueName\":\"search_term_string\"}}],\"inLanguage\":\"fi\"},{\"@type\":\"Organization\",\"@id\":\"https:\\\/\\\/aktialiiga.fi\\\/naiset\\\/#organization\",\"name\":\"K\u00e4sipallon naisten Aktialiiga\",\"url\":\"https:\\\/\\\/aktialiiga.fi\\\/naiset\\\/\",\"logo\":{\"@type\":\"ImageObject\",\"inLanguage\":\"fi\",\"@id\":\"https:\\\/\\\/aktialiiga.fi\\\/naiset\\\/#\\\/schema\\\/logo\\\/image\\\/\",\"url\":\"https:\\\/\\\/aktialiiga.fi\\\/naiset\\\/wp-content\\\/uploads\\\/sites\\\/6\\\/2024\\\/09\\\/Aktialiiga-Yoast-512.png\",\"contentUrl\":\"https:\\\/\\\/aktialiiga.fi\\\/naiset\\\/wp-content\\\/uploads\\\/sites\\\/6\\\/2024\\\/09\\\/Aktialiiga-Yoast-512.png\",\"width\":512,\"height\":512,\"caption\":\"K\u00e4sipallon naisten Aktialiiga\"},\"image\":{\"@id\":\"https:\\\/\\\/aktialiiga.fi\\\/naiset\\\/#\\\/schema\\\/logo\\\/image\\\/\"},\"sameAs\":[\"https:\\\/\\\/www.facebook.com\\\/finnhandball\",\"https:\\\/\\\/x.com\\\/finnhandball\",\"https:\\\/\\\/www.instagram.com\\\/handballfinland\\\/\"]},{\"@type\":\"Person\",\"@id\":\"https:\\\/\\\/aktialiiga.fi\\\/naiset\\\/#\\\/schema\\\/person\\\/c14bf42f47041db74603c45afcb18d87\",\"name\":\"tbrmedia\",\"image\":{\"@type\":\"ImageObject\",\"inLanguage\":\"fi\",\"@id\":\"https:\\\/\\\/secure.gravatar.com\\\/avatar\\\/ee975fa091fe581d12b60debb3439022686618368a7c142044c56724d4666b16?s=96&d=mm&r=g\",\"url\":\"https:\\\/\\\/secure.gravatar.com\\\/avatar\\\/ee975fa091fe581d12b60debb3439022686618368a7c142044c56724d4666b16?s=96&d=mm&r=g\",\"contentUrl\":\"https:\\\/\\\/secure.gravatar.com\\\/avatar\\\/ee975fa091fe581d12b60debb3439022686618368a7c142044c56724d4666b16?s=96&d=mm&r=g\",\"caption\":\"tbrmedia\"}}]}<\/script>\n<!-- \/ Yoast SEO plugin. -->","yoast_head_json":{"title":"GrIFK:n takana kova kamppailu - viikonloppuna jo ratkaisuja? | K\u00e4sipallon naisten Aktialiiga","description":"Aktialiiga jatkuu lauantaina t\u00e4ydell\u00e4 kierroksella. Loppukaudesta riitt\u00e4\u00e4 viel\u00e4 paljon j\u00e4nnitett\u00e4v\u00e4\u00e4.","robots":{"index":"index","follow":"follow","max-snippet":"max-snippet:-1","max-image-preview":"max-image-preview:large","max-video-preview":"max-video-preview:-1"},"canonical":"https:\/\/aktialiiga.fi\/naiset\/2024-2025\/ennakot-2024-2025\/grifkn-takana-kova-kamppailu-viikonloppuna-jo-ratkaisuja\/","og_locale":"fi_FI","og_type":"article","og_title":"GrIFK:n takana kova kamppailu - viikonloppuna jo ratkaisuja? | K\u00e4sipallon naisten Aktialiiga","og_description":"Aktialiiga jatkuu lauantaina t\u00e4ydell\u00e4 kierroksella. Loppukaudesta riitt\u00e4\u00e4 viel\u00e4 paljon j\u00e4nnitett\u00e4v\u00e4\u00e4.","og_url":"https:\/\/aktialiiga.fi\/naiset\/2024-2025\/ennakot-2024-2025\/grifkn-takana-kova-kamppailu-viikonloppuna-jo-ratkaisuja\/","og_site_name":"K\u00e4sipallon naisten Aktialiiga","article_publisher":"https:\/\/www.facebook.com\/finnhandball","article_published_time":"2025-02-11T16:29:14+00:00","article_modified_time":"2025-02-14T12:10:20+00:00","og_image":[{"width":2560,"height":1707,"url":"https:\/\/aktialiiga.fi\/naiset\/wp-content\/uploads\/sites\/6\/2025\/02\/A7309834-Forbattrat-BR-scaled.jpg","type":"image\/jpeg"}],"author":"tbrmedia","twitter_card":"summary_large_image","twitter_creator":"@finnhandball","twitter_site":"@finnhandball","schema":{"@context":"https:\/\/schema.org","@graph":[{"@type":"Article","@id":"https:\/\/aktialiiga.fi\/naiset\/2024-2025\/ennakot-2024-2025\/grifkn-takana-kova-kamppailu-viikonloppuna-jo-ratkaisuja\/#article","isPartOf":{"@id":"https:\/\/aktialiiga.fi\/naiset\/2024-2025\/ennakot-2024-2025\/grifkn-takana-kova-kamppailu-viikonloppuna-jo-ratkaisuja\/"},"author":{"name":"tbrmedia","@id":"https:\/\/aktialiiga.fi\/naiset\/#\/schema\/person\/c14bf42f47041db74603c45afcb18d87"},"headline":"GrIFK:n takana kova kamppailu &#8211; viikonloppuna jo ratkaisuja?","datePublished":"2025-02-11T16:29:14+00:00","dateModified":"2025-02-14T12:10:20+00:00","mainEntityOfPage":{"@id":"https:\/\/aktialiiga.fi\/naiset\/2024-2025\/ennakot-2024-2025\/grifkn-takana-kova-kamppailu-viikonloppuna-jo-ratkaisuja\/"},"wordCount":170,"publisher":{"@id":"https:\/\/aktialiiga.fi\/naiset\/#organization"},"image":{"@id":"https:\/\/aktialiiga.fi\/naiset\/2024-2025\/ennakot-2024-2025\/grifkn-takana-kova-kamppailu-viikonloppuna-jo-ratkaisuja\/#primaryimage"},"thumbnailUrl":"https:\/\/aktialiiga.fi\/naiset\/wp-content\/uploads\/sites\/6\/2025\/02\/A7309834-Forbattrat-BR-scaled.jpg","keywords":["Atlas","BK-46","Cocks","Dicken","HIFK","SIF"],"articleSection":["Ennakot"],"inLanguage":"fi"},{"@type":"WebPage","@id":"https:\/\/aktialiiga.fi\/naiset\/2024-2025\/ennakot-2024-2025\/grifkn-takana-kova-kamppailu-viikonloppuna-jo-ratkaisuja\/","url":"https:\/\/aktialiiga.fi\/naiset\/2024-2025\/ennakot-2024-2025\/grifkn-takana-kova-kamppailu-viikonloppuna-jo-ratkaisuja\/","name":"GrIFK:n takana kova kamppailu - viikonloppuna jo ratkaisuja? | K\u00e4sipallon naisten Aktialiiga","isPartOf":{"@id":"https:\/\/aktialiiga.fi\/naiset\/#website"},"primaryImageOfPage":{"@id":"https:\/\/aktialiiga.fi\/naiset\/2024-2025\/ennakot-2024-2025\/grifkn-takana-kova-kamppailu-viikonloppuna-jo-ratkaisuja\/#primaryimage"},"image":{"@id":"https:\/\/aktialiiga.fi\/naiset\/2024-2025\/ennakot-2024-2025\/grifkn-takana-kova-kamppailu-viikonloppuna-jo-ratkaisuja\/#primaryimage"},"thumbnailUrl":"https:\/\/aktialiiga.fi\/naiset\/wp-content\/uploads\/sites\/6\/2025\/02\/A7309834-Forbattrat-BR-scaled.jpg","datePublished":"2025-02-11T16:29:14+00:00","dateModified":"2025-02-14T12:10:20+00:00","description":"Aktialiiga jatkuu lauantaina t\u00e4ydell\u00e4 kierroksella. Loppukaudesta riitt\u00e4\u00e4 viel\u00e4 paljon j\u00e4nnitett\u00e4v\u00e4\u00e4.","breadcrumb":{"@id":"https:\/\/aktialiiga.fi\/naiset\/2024-2025\/ennakot-2024-2025\/grifkn-takana-kova-kamppailu-viikonloppuna-jo-ratkaisuja\/#breadcrumb"},"inLanguage":"fi","potentialAction":[{"@type":"ReadAction","target":["https:\/\/aktialiiga.fi\/naiset\/2024-2025\/ennakot-2024-2025\/grifkn-takana-kova-kamppailu-viikonloppuna-jo-ratkaisuja\/"]}]},{"@type":"ImageObject","inLanguage":"fi","@id":"https:\/\/aktialiiga.fi\/naiset\/2024-2025\/ennakot-2024-2025\/grifkn-takana-kova-kamppailu-viikonloppuna-jo-ratkaisuja\/#primaryimage","url":"https:\/\/aktialiiga.fi\/naiset\/wp-content\/uploads\/sites\/6\/2025\/02\/A7309834-Forbattrat-BR-scaled.jpg","contentUrl":"https:\/\/aktialiiga.fi\/naiset\/wp-content\/uploads\/sites\/6\/2025\/02\/A7309834-Forbattrat-BR-scaled.jpg","width":2560,"height":1707},{"@type":"BreadcrumbList","@id":"https:\/\/aktialiiga.fi\/naiset\/2024-2025\/ennakot-2024-2025\/grifkn-takana-kova-kamppailu-viikonloppuna-jo-ratkaisuja\/#breadcrumb","itemListElement":[{"@type":"ListItem","position":1,"name":"Etusivu","item":"https:\/\/aktialiiga.fi\/naiset\/"},{"@type":"ListItem","position":2,"name":"GrIFK:n takana kova kamppailu &#8211; viikonloppuna jo ratkaisuja?"}]},{"@type":"WebSite","@id":"https:\/\/aktialiiga.fi\/naiset\/#website","url":"https:\/\/aktialiiga.fi\/naiset\/","name":"K\u00e4sipallon naisten Aktialiiga","description":"Valtakunnan vauhdikkainta palloilua!","publisher":{"@id":"https:\/\/aktialiiga.fi\/naiset\/#organization"},"potentialAction":[{"@type":"SearchAction","target":{"@type":"EntryPoint","urlTemplate":"https:\/\/aktialiiga.fi\/naiset\/?s={search_term_string}"},"query-input":{"@type":"PropertyValueSpecification","valueRequired":true,"valueName":"search_term_string"}}],"inLanguage":"fi"},{"@type":"Organization","@id":"https:\/\/aktialiiga.fi\/naiset\/#organization","name":"K\u00e4sipallon naisten Aktialiiga","url":"https:\/\/aktialiiga.fi\/naiset\/","logo":{"@type":"ImageObject","inLanguage":"fi","@id":"https:\/\/aktialiiga.fi\/naiset\/#\/schema\/logo\/image\/","url":"https:\/\/aktialiiga.fi\/naiset\/wp-content\/uploads\/sites\/6\/2024\/09\/Aktialiiga-Yoast-512.png","contentUrl":"https:\/\/aktialiiga.fi\/naiset\/wp-content\/uploads\/sites\/6\/2024\/09\/Aktialiiga-Yoast-512.png","width":512,"height":512,"caption":"K\u00e4sipallon naisten Aktialiiga"},"image":{"@id":"https:\/\/aktialiiga.fi\/naiset\/#\/schema\/logo\/image\/"},"sameAs":["https:\/\/www.facebook.com\/finnhandball","https:\/\/x.com\/finnhandball","https:\/\/www.instagram.com\/handballfinland\/"]},{"@type":"Person","@id":"https:\/\/aktialiiga.fi\/naiset\/#\/schema\/person\/c14bf42f47041db74603c45afcb18d87","name":"tbrmedia","image":{"@type":"ImageObject","inLanguage":"fi","@id":"https:\/\/secure.gravatar.com\/avatar\/ee975fa091fe581d12b60debb3439022686618368a7c142044c56724d4666b16?s=96&d=mm&r=g","url":"https:\/\/secure.gravatar.com\/avatar\/ee975fa091fe581d12b60debb3439022686618368a7c142044c56724d4666b16?s=96&d=mm&r=g","contentUrl":"https:\/\/secure.gravatar.com\/avatar\/ee975fa091fe581d12b60debb3439022686618368a7c142044c56724d4666b16?s=96&d=mm&r=g","caption":"tbrmedia"}}]}},"jetpack_featured_media_url":"https:\/\/aktialiiga.fi\/naiset\/wp-content\/uploads\/sites\/6\/2025\/02\/A7309834-Forbattrat-BR-scaled.jpg","jetpack_sharing_enabled":true,"jetpack_shortlink":"https:\/\/wp.me\/pfYhm6-b61","_links":{"self":[{"href":"https:\/\/aktialiiga.fi\/naiset\/wp-json\/wp\/v2\/posts\/42657","targetHints":{"allow":["GET"]}}],"collection":[{"href":"https:\/\/aktialiiga.fi\/naiset\/wp-json\/wp\/v2\/posts"}],"about":[{"href":"https:\/\/aktialiiga.fi\/naiset\/wp-json\/wp\/v2\/types\/post"}],"author":[{"embeddable":true,"href":"https:\/\/aktialiiga.fi\/naiset\/wp-json\/wp\/v2\/users\/13"}],"replies":[{"embeddable":true,"href":"https:\/\/aktialiiga.fi\/naiset\/wp-json\/wp\/v2\/comments?post=42657"}],"version-history":[{"count":3,"href":"https:\/\/aktialiiga.fi\/naiset\/wp-json\/wp\/v2\/posts\/42657\/revisions"}],"predecessor-version":[{"id":42676,"href":"https:\/\/aktialiiga.fi\/naiset\/wp-json\/wp\/v2\/posts\/42657\/revisions\/42676"}],"wp:featuredmedia":[{"embeddable":true,"href":"https:\/\/aktialiiga.fi\/naiset\/wp-json\/wp\/v2\/media\/42574"}],"wp:attachment":[{"href":"https:\/\/aktialiiga.fi\/naiset\/wp-json\/wp\/v2\/media?parent=42657"}],"wp:term":[{"taxonomy":"category","embeddable":true,"href":"https:\/\/aktialiiga.fi\/naiset\/wp-json\/wp\/v2\/categories?post=42657"},{"taxonomy":"post_tag","embeddable":true,"href":"https:\/\/aktialiiga.fi\/naiset\/wp-json\/wp\/v2\/tags?post=42657"}],"curies":[{"name":"wp","href":"https:\/\/api.w.org\/{rel}","templated":true}]}}