{"id":42742,"date":"2025-02-25T16:33:54","date_gmt":"2025-02-25T14:33:54","guid":{"rendered":"https:\/\/aktialiiga.fi\/naiset\/?p=42742"},"modified":"2025-02-26T12:02:44","modified_gmt":"2025-02-26T10:02:44","slug":"karkiottelu-aloittaa-runkosarjan-paatosviikon","status":"publish","type":"post","link":"https:\/\/aktialiiga.fi\/naiset\/2024-2025\/ennakot-2024-2025\/karkiottelu-aloittaa-runkosarjan-paatosviikon\/","title":{"rendered":"K\u00e4rkiottelu aloittaa runkosarjan p\u00e4\u00e4t\u00f6sviikon"},"content":{"rendered":"<p>Aktialiigan runkosarjan viimeinen viikko k\u00e4ynnistyy keskiviikkona kolmella ottelulla. Ohjelmassa on my\u00f6s GrIFK:n ja Dickenin k\u00e4rkiottelu.<\/p>\n<p>GrIFK on jo varmistanut runkosarjan voiton ja nyt Dickenill\u00e4 on mahdollisuus varmistaa kakkospaikka ja sit\u00e4 my\u00f6ten suora v\u00e4lier\u00e4paikka. Dicken on pisteen edell\u00e4 HIFK:ta ja kohtaa paikallisvastustajansa runkosarjan p\u00e4\u00e4t\u00f6skierroksella. Mik\u00e4li Dicken ei voita, siirtyy ratkaisu kakkospaikasta viikonlopulle.<\/p>\n<p>GrIFK on voittanut joukkueiden molemmat aiemmat kohtaamiset Aktialiigassa, mutta Dicken oli cupin finaalissa vahvempi. Sen j\u00e4lkeen Dicken ei ole h\u00e4vinnyt otteluakaan. GrIFK on ollut vahvassa vireess\u00e4 l\u00e4pi kauden, mutta Dicken on t\u00e4m\u00e4n vuoden puolella ollut pys\u00e4ytt\u00e4m\u00e4t\u00f6n.<\/p>\n<p>On j\u00e4nnitt\u00e4v\u00e4 n\u00e4hd\u00e4 joukkueiden v\u00e4liset voimasuhteet juuri pudotuspelien alla.<\/p>\n<p>Keskiviikkona on ohjelmassa my\u00f6s kaksi muuta t\u00e4rke\u00e4\u00e4 ottelua, jossa panoksena on puoliv\u00e4lierien kotietu.<\/p>\n<p>BK-46 p\u00e4\u00e4tt\u00e4\u00e4 runkosarjansa kohdatessaan Atlaksen vieraissa. \u00a0Voitolla BK-46 varmistaisi puoliv\u00e4lierien kotiedun, sill\u00e4 vaikka Cocks voittaisi omat j\u00e4ljell\u00e4 olevat ottelunsa, niin BK-46 on voittanut joukkueiden keskin\u00e4isist\u00e4 kohtaamisista kaksi t\u00e4ll\u00e4 kaudella. N\u00e4in ollen se on edell\u00e4 keskin\u00e4isess\u00e4 vertailussa, mik\u00e4li joukkueet p\u00e4\u00e4tyv\u00e4t runkosarjassa tasapisteisiin.<\/p>\n<p>Cocks matkaa sarjajumbo SIF:n vieraaksi, joka taistelee viel\u00e4 avauspisteist\u00e4\u00e4n. Cocksille kelpaa ainoastaan voitto pit\u00e4\u00e4kseen kotietuhaaveet elossa.<\/p>\n<p><strong>Aktialiigan keskiviikon ottelut:<br \/>\n<\/strong>Kello 18.00 Dicken-GrIFK<br \/>\nKello 19.00 Atlas-BK-46<br \/>\nKello 19.30 SIF-Cocks<\/p>\n<p><em>HandisTV esitt\u00e4\u00e4 kaikki ottelut suorina l\u00e4hetyksin\u00e4. Lue lis\u00e4\u00e4\u00a0<\/em><a href=\"https:\/\/aktialiiga.fi\/handistv\/\">t\u00e4\u00e4lt\u00e4<\/a><em>.<\/em><\/p>\n<p>&nbsp;<\/p>\n","protected":false},"excerpt":{"rendered":"<p>Aktialiigan runkosarjan viimeinen viikko k\u00e4ynnistyy keskiviikkona kolmella ottelulla. Ohjelmassa on my\u00f6s GrIFK:n ja Dickenin k\u00e4rkiottelu. GrIFK on jo varmistanut runkosarjan voiton ja nyt Dickenill\u00e4 on mahdollisuus varmistaa kakkospaikka ja sit\u00e4 my\u00f6ten suora v\u00e4lier\u00e4paikka. Dicken on pisteen edell\u00e4 HIFK:ta ja kohtaa paikallisvastustajansa runkosarjan p\u00e4\u00e4t\u00f6skierroksella. Mik\u00e4li Dicken ei voita, siirtyy ratkaisu kakkospaikasta viikonlopulle. GrIFK on voittanut joukkueiden [&hellip;]<\/p>\n","protected":false},"author":13,"featured_media":42651,"comment_status":"closed","ping_status":"closed","sticky":false,"template":"","format":"standard","meta":{"_acf_changed":false,"jetpack_post_was_ever_published":false,"_jetpack_newsletter_access":"","_jetpack_dont_email_post_to_subs":false,"_jetpack_newsletter_tier_id":0,"_jetpack_memberships_contains_paywalled_content":false,"_jetpack_memberships_contains_paid_content":false,"footnotes":""},"categories":[236],"tags":[51,57],"class_list":["post-42742","post","type-post","status-publish","format-standard","has-post-thumbnail","hentry","category-ennakot-2024-2025","tag-dicken","tag-grifk"],"acf":[],"yoast_head":"<!-- This site is optimized with the Yoast SEO plugin v27.5 - https:\/\/yoast.com\/product\/yoast-seo-wordpress\/ -->\n<title>K\u00e4rkiottelu aloittaa runkosarjan p\u00e4\u00e4t\u00f6sviikon | K\u00e4sipallon naisten Aktialiiga<\/title>\n<meta name=\"description\" content=\"Aktialiigan runkosarjan viimeinen viikko k\u00e4ynnistyy keskiviikkona Dickenin ja GrIFK:n v\u00e4lisell\u00e4 k\u00e4rkikamppailulla.\" \/>\n<meta name=\"robots\" content=\"index, follow, max-snippet:-1, max-image-preview:large, max-video-preview:-1\" \/>\n<link rel=\"canonical\" href=\"https:\/\/aktialiiga.fi\/naiset\/2024-2025\/ennakot-2024-2025\/karkiottelu-aloittaa-runkosarjan-paatosviikon\/\" \/>\n<meta property=\"og:locale\" content=\"fi_FI\" \/>\n<meta property=\"og:type\" content=\"article\" \/>\n<meta property=\"og:title\" content=\"K\u00e4rkiottelu aloittaa runkosarjan p\u00e4\u00e4t\u00f6sviikon | K\u00e4sipallon naisten Aktialiiga\" \/>\n<meta property=\"og:description\" content=\"Aktialiigan runkosarjan viimeinen viikko k\u00e4ynnistyy keskiviikkona Dickenin ja GrIFK:n v\u00e4lisell\u00e4 k\u00e4rkikamppailulla.\" \/>\n<meta property=\"og:url\" content=\"https:\/\/aktialiiga.fi\/naiset\/2024-2025\/ennakot-2024-2025\/karkiottelu-aloittaa-runkosarjan-paatosviikon\/\" \/>\n<meta property=\"og:site_name\" content=\"K\u00e4sipallon naisten Aktialiiga\" \/>\n<meta property=\"article:publisher\" content=\"https:\/\/www.facebook.com\/finnhandball\" \/>\n<meta property=\"article:published_time\" content=\"2025-02-25T14:33:54+00:00\" \/>\n<meta property=\"article:modified_time\" content=\"2025-02-26T10:02:44+00:00\" \/>\n<meta property=\"og:image\" content=\"https:\/\/aktialiiga.fi\/naiset\/wp-content\/uploads\/sites\/6\/2025\/02\/A7308876-Forbattrat-BR-scaled-e1739267664761.jpg\" \/>\n\t<meta property=\"og:image:width\" content=\"2560\" \/>\n\t<meta property=\"og:image:height\" content=\"1500\" \/>\n\t<meta property=\"og:image:type\" content=\"image\/jpeg\" \/>\n<meta name=\"author\" content=\"tbrmedia\" \/>\n<meta name=\"twitter:card\" content=\"summary_large_image\" \/>\n<meta name=\"twitter:creator\" content=\"@finnhandball\" \/>\n<meta name=\"twitter:site\" content=\"@finnhandball\" \/>\n<script type=\"application\/ld+json\" class=\"yoast-schema-graph\">{\"@context\":\"https:\\\/\\\/schema.org\",\"@graph\":[{\"@type\":\"Article\",\"@id\":\"https:\\\/\\\/aktialiiga.fi\\\/naiset\\\/2024-2025\\\/ennakot-2024-2025\\\/karkiottelu-aloittaa-runkosarjan-paatosviikon\\\/#article\",\"isPartOf\":{\"@id\":\"https:\\\/\\\/aktialiiga.fi\\\/naiset\\\/2024-2025\\\/ennakot-2024-2025\\\/karkiottelu-aloittaa-runkosarjan-paatosviikon\\\/\"},\"author\":{\"name\":\"tbrmedia\",\"@id\":\"https:\\\/\\\/aktialiiga.fi\\\/naiset\\\/#\\\/schema\\\/person\\\/c14bf42f47041db74603c45afcb18d87\"},\"headline\":\"K\u00e4rkiottelu aloittaa runkosarjan p\u00e4\u00e4t\u00f6sviikon\",\"datePublished\":\"2025-02-25T14:33:54+00:00\",\"dateModified\":\"2025-02-26T10:02:44+00:00\",\"mainEntityOfPage\":{\"@id\":\"https:\\\/\\\/aktialiiga.fi\\\/naiset\\\/2024-2025\\\/ennakot-2024-2025\\\/karkiottelu-aloittaa-runkosarjan-paatosviikon\\\/\"},\"wordCount\":234,\"publisher\":{\"@id\":\"https:\\\/\\\/aktialiiga.fi\\\/naiset\\\/#organization\"},\"image\":{\"@id\":\"https:\\\/\\\/aktialiiga.fi\\\/naiset\\\/2024-2025\\\/ennakot-2024-2025\\\/karkiottelu-aloittaa-runkosarjan-paatosviikon\\\/#primaryimage\"},\"thumbnailUrl\":\"https:\\\/\\\/aktialiiga.fi\\\/naiset\\\/wp-content\\\/uploads\\\/sites\\\/6\\\/2025\\\/02\\\/A7308876-Forbattrat-BR-scaled-e1739267664761.jpg\",\"keywords\":[\"Dicken\",\"GrIFK\"],\"articleSection\":[\"Ennakot\"],\"inLanguage\":\"fi\"},{\"@type\":\"WebPage\",\"@id\":\"https:\\\/\\\/aktialiiga.fi\\\/naiset\\\/2024-2025\\\/ennakot-2024-2025\\\/karkiottelu-aloittaa-runkosarjan-paatosviikon\\\/\",\"url\":\"https:\\\/\\\/aktialiiga.fi\\\/naiset\\\/2024-2025\\\/ennakot-2024-2025\\\/karkiottelu-aloittaa-runkosarjan-paatosviikon\\\/\",\"name\":\"K\u00e4rkiottelu aloittaa runkosarjan p\u00e4\u00e4t\u00f6sviikon | K\u00e4sipallon naisten Aktialiiga\",\"isPartOf\":{\"@id\":\"https:\\\/\\\/aktialiiga.fi\\\/naiset\\\/#website\"},\"primaryImageOfPage\":{\"@id\":\"https:\\\/\\\/aktialiiga.fi\\\/naiset\\\/2024-2025\\\/ennakot-2024-2025\\\/karkiottelu-aloittaa-runkosarjan-paatosviikon\\\/#primaryimage\"},\"image\":{\"@id\":\"https:\\\/\\\/aktialiiga.fi\\\/naiset\\\/2024-2025\\\/ennakot-2024-2025\\\/karkiottelu-aloittaa-runkosarjan-paatosviikon\\\/#primaryimage\"},\"thumbnailUrl\":\"https:\\\/\\\/aktialiiga.fi\\\/naiset\\\/wp-content\\\/uploads\\\/sites\\\/6\\\/2025\\\/02\\\/A7308876-Forbattrat-BR-scaled-e1739267664761.jpg\",\"datePublished\":\"2025-02-25T14:33:54+00:00\",\"dateModified\":\"2025-02-26T10:02:44+00:00\",\"description\":\"Aktialiigan runkosarjan viimeinen viikko k\u00e4ynnistyy keskiviikkona Dickenin ja GrIFK:n v\u00e4lisell\u00e4 k\u00e4rkikamppailulla.\",\"breadcrumb\":{\"@id\":\"https:\\\/\\\/aktialiiga.fi\\\/naiset\\\/2024-2025\\\/ennakot-2024-2025\\\/karkiottelu-aloittaa-runkosarjan-paatosviikon\\\/#breadcrumb\"},\"inLanguage\":\"fi\",\"potentialAction\":[{\"@type\":\"ReadAction\",\"target\":[\"https:\\\/\\\/aktialiiga.fi\\\/naiset\\\/2024-2025\\\/ennakot-2024-2025\\\/karkiottelu-aloittaa-runkosarjan-paatosviikon\\\/\"]}]},{\"@type\":\"ImageObject\",\"inLanguage\":\"fi\",\"@id\":\"https:\\\/\\\/aktialiiga.fi\\\/naiset\\\/2024-2025\\\/ennakot-2024-2025\\\/karkiottelu-aloittaa-runkosarjan-paatosviikon\\\/#primaryimage\",\"url\":\"https:\\\/\\\/aktialiiga.fi\\\/naiset\\\/wp-content\\\/uploads\\\/sites\\\/6\\\/2025\\\/02\\\/A7308876-Forbattrat-BR-scaled-e1739267664761.jpg\",\"contentUrl\":\"https:\\\/\\\/aktialiiga.fi\\\/naiset\\\/wp-content\\\/uploads\\\/sites\\\/6\\\/2025\\\/02\\\/A7308876-Forbattrat-BR-scaled-e1739267664761.jpg\",\"width\":2560,\"height\":1500},{\"@type\":\"BreadcrumbList\",\"@id\":\"https:\\\/\\\/aktialiiga.fi\\\/naiset\\\/2024-2025\\\/ennakot-2024-2025\\\/karkiottelu-aloittaa-runkosarjan-paatosviikon\\\/#breadcrumb\",\"itemListElement\":[{\"@type\":\"ListItem\",\"position\":1,\"name\":\"Etusivu\",\"item\":\"https:\\\/\\\/aktialiiga.fi\\\/naiset\\\/\"},{\"@type\":\"ListItem\",\"position\":2,\"name\":\"K\u00e4rkiottelu aloittaa runkosarjan p\u00e4\u00e4t\u00f6sviikon\"}]},{\"@type\":\"WebSite\",\"@id\":\"https:\\\/\\\/aktialiiga.fi\\\/naiset\\\/#website\",\"url\":\"https:\\\/\\\/aktialiiga.fi\\\/naiset\\\/\",\"name\":\"K\u00e4sipallon naisten Aktialiiga\",\"description\":\"Valtakunnan vauhdikkainta palloilua!\",\"publisher\":{\"@id\":\"https:\\\/\\\/aktialiiga.fi\\\/naiset\\\/#organization\"},\"potentialAction\":[{\"@type\":\"SearchAction\",\"target\":{\"@type\":\"EntryPoint\",\"urlTemplate\":\"https:\\\/\\\/aktialiiga.fi\\\/naiset\\\/?s={search_term_string}\"},\"query-input\":{\"@type\":\"PropertyValueSpecification\",\"valueRequired\":true,\"valueName\":\"search_term_string\"}}],\"inLanguage\":\"fi\"},{\"@type\":\"Organization\",\"@id\":\"https:\\\/\\\/aktialiiga.fi\\\/naiset\\\/#organization\",\"name\":\"K\u00e4sipallon naisten Aktialiiga\",\"url\":\"https:\\\/\\\/aktialiiga.fi\\\/naiset\\\/\",\"logo\":{\"@type\":\"ImageObject\",\"inLanguage\":\"fi\",\"@id\":\"https:\\\/\\\/aktialiiga.fi\\\/naiset\\\/#\\\/schema\\\/logo\\\/image\\\/\",\"url\":\"https:\\\/\\\/aktialiiga.fi\\\/naiset\\\/wp-content\\\/uploads\\\/sites\\\/6\\\/2024\\\/09\\\/Aktialiiga-Yoast-512.png\",\"contentUrl\":\"https:\\\/\\\/aktialiiga.fi\\\/naiset\\\/wp-content\\\/uploads\\\/sites\\\/6\\\/2024\\\/09\\\/Aktialiiga-Yoast-512.png\",\"width\":512,\"height\":512,\"caption\":\"K\u00e4sipallon naisten Aktialiiga\"},\"image\":{\"@id\":\"https:\\\/\\\/aktialiiga.fi\\\/naiset\\\/#\\\/schema\\\/logo\\\/image\\\/\"},\"sameAs\":[\"https:\\\/\\\/www.facebook.com\\\/finnhandball\",\"https:\\\/\\\/x.com\\\/finnhandball\",\"https:\\\/\\\/www.instagram.com\\\/handballfinland\\\/\"]},{\"@type\":\"Person\",\"@id\":\"https:\\\/\\\/aktialiiga.fi\\\/naiset\\\/#\\\/schema\\\/person\\\/c14bf42f47041db74603c45afcb18d87\",\"name\":\"tbrmedia\",\"image\":{\"@type\":\"ImageObject\",\"inLanguage\":\"fi\",\"@id\":\"https:\\\/\\\/secure.gravatar.com\\\/avatar\\\/ee975fa091fe581d12b60debb3439022686618368a7c142044c56724d4666b16?s=96&d=mm&r=g\",\"url\":\"https:\\\/\\\/secure.gravatar.com\\\/avatar\\\/ee975fa091fe581d12b60debb3439022686618368a7c142044c56724d4666b16?s=96&d=mm&r=g\",\"contentUrl\":\"https:\\\/\\\/secure.gravatar.com\\\/avatar\\\/ee975fa091fe581d12b60debb3439022686618368a7c142044c56724d4666b16?s=96&d=mm&r=g\",\"caption\":\"tbrmedia\"}}]}<\/script>\n<!-- \/ Yoast SEO plugin. -->","yoast_head_json":{"title":"K\u00e4rkiottelu aloittaa runkosarjan p\u00e4\u00e4t\u00f6sviikon | K\u00e4sipallon naisten Aktialiiga","description":"Aktialiigan runkosarjan viimeinen viikko k\u00e4ynnistyy keskiviikkona Dickenin ja GrIFK:n v\u00e4lisell\u00e4 k\u00e4rkikamppailulla.","robots":{"index":"index","follow":"follow","max-snippet":"max-snippet:-1","max-image-preview":"max-image-preview:large","max-video-preview":"max-video-preview:-1"},"canonical":"https:\/\/aktialiiga.fi\/naiset\/2024-2025\/ennakot-2024-2025\/karkiottelu-aloittaa-runkosarjan-paatosviikon\/","og_locale":"fi_FI","og_type":"article","og_title":"K\u00e4rkiottelu aloittaa runkosarjan p\u00e4\u00e4t\u00f6sviikon | K\u00e4sipallon naisten Aktialiiga","og_description":"Aktialiigan runkosarjan viimeinen viikko k\u00e4ynnistyy keskiviikkona Dickenin ja GrIFK:n v\u00e4lisell\u00e4 k\u00e4rkikamppailulla.","og_url":"https:\/\/aktialiiga.fi\/naiset\/2024-2025\/ennakot-2024-2025\/karkiottelu-aloittaa-runkosarjan-paatosviikon\/","og_site_name":"K\u00e4sipallon naisten Aktialiiga","article_publisher":"https:\/\/www.facebook.com\/finnhandball","article_published_time":"2025-02-25T14:33:54+00:00","article_modified_time":"2025-02-26T10:02:44+00:00","og_image":[{"width":2560,"height":1500,"url":"https:\/\/aktialiiga.fi\/naiset\/wp-content\/uploads\/sites\/6\/2025\/02\/A7308876-Forbattrat-BR-scaled-e1739267664761.jpg","type":"image\/jpeg"}],"author":"tbrmedia","twitter_card":"summary_large_image","twitter_creator":"@finnhandball","twitter_site":"@finnhandball","schema":{"@context":"https:\/\/schema.org","@graph":[{"@type":"Article","@id":"https:\/\/aktialiiga.fi\/naiset\/2024-2025\/ennakot-2024-2025\/karkiottelu-aloittaa-runkosarjan-paatosviikon\/#article","isPartOf":{"@id":"https:\/\/aktialiiga.fi\/naiset\/2024-2025\/ennakot-2024-2025\/karkiottelu-aloittaa-runkosarjan-paatosviikon\/"},"author":{"name":"tbrmedia","@id":"https:\/\/aktialiiga.fi\/naiset\/#\/schema\/person\/c14bf42f47041db74603c45afcb18d87"},"headline":"K\u00e4rkiottelu aloittaa runkosarjan p\u00e4\u00e4t\u00f6sviikon","datePublished":"2025-02-25T14:33:54+00:00","dateModified":"2025-02-26T10:02:44+00:00","mainEntityOfPage":{"@id":"https:\/\/aktialiiga.fi\/naiset\/2024-2025\/ennakot-2024-2025\/karkiottelu-aloittaa-runkosarjan-paatosviikon\/"},"wordCount":234,"publisher":{"@id":"https:\/\/aktialiiga.fi\/naiset\/#organization"},"image":{"@id":"https:\/\/aktialiiga.fi\/naiset\/2024-2025\/ennakot-2024-2025\/karkiottelu-aloittaa-runkosarjan-paatosviikon\/#primaryimage"},"thumbnailUrl":"https:\/\/aktialiiga.fi\/naiset\/wp-content\/uploads\/sites\/6\/2025\/02\/A7308876-Forbattrat-BR-scaled-e1739267664761.jpg","keywords":["Dicken","GrIFK"],"articleSection":["Ennakot"],"inLanguage":"fi"},{"@type":"WebPage","@id":"https:\/\/aktialiiga.fi\/naiset\/2024-2025\/ennakot-2024-2025\/karkiottelu-aloittaa-runkosarjan-paatosviikon\/","url":"https:\/\/aktialiiga.fi\/naiset\/2024-2025\/ennakot-2024-2025\/karkiottelu-aloittaa-runkosarjan-paatosviikon\/","name":"K\u00e4rkiottelu aloittaa runkosarjan p\u00e4\u00e4t\u00f6sviikon | K\u00e4sipallon naisten Aktialiiga","isPartOf":{"@id":"https:\/\/aktialiiga.fi\/naiset\/#website"},"primaryImageOfPage":{"@id":"https:\/\/aktialiiga.fi\/naiset\/2024-2025\/ennakot-2024-2025\/karkiottelu-aloittaa-runkosarjan-paatosviikon\/#primaryimage"},"image":{"@id":"https:\/\/aktialiiga.fi\/naiset\/2024-2025\/ennakot-2024-2025\/karkiottelu-aloittaa-runkosarjan-paatosviikon\/#primaryimage"},"thumbnailUrl":"https:\/\/aktialiiga.fi\/naiset\/wp-content\/uploads\/sites\/6\/2025\/02\/A7308876-Forbattrat-BR-scaled-e1739267664761.jpg","datePublished":"2025-02-25T14:33:54+00:00","dateModified":"2025-02-26T10:02:44+00:00","description":"Aktialiigan runkosarjan viimeinen viikko k\u00e4ynnistyy keskiviikkona Dickenin ja GrIFK:n v\u00e4lisell\u00e4 k\u00e4rkikamppailulla.","breadcrumb":{"@id":"https:\/\/aktialiiga.fi\/naiset\/2024-2025\/ennakot-2024-2025\/karkiottelu-aloittaa-runkosarjan-paatosviikon\/#breadcrumb"},"inLanguage":"fi","potentialAction":[{"@type":"ReadAction","target":["https:\/\/aktialiiga.fi\/naiset\/2024-2025\/ennakot-2024-2025\/karkiottelu-aloittaa-runkosarjan-paatosviikon\/"]}]},{"@type":"ImageObject","inLanguage":"fi","@id":"https:\/\/aktialiiga.fi\/naiset\/2024-2025\/ennakot-2024-2025\/karkiottelu-aloittaa-runkosarjan-paatosviikon\/#primaryimage","url":"https:\/\/aktialiiga.fi\/naiset\/wp-content\/uploads\/sites\/6\/2025\/02\/A7308876-Forbattrat-BR-scaled-e1739267664761.jpg","contentUrl":"https:\/\/aktialiiga.fi\/naiset\/wp-content\/uploads\/sites\/6\/2025\/02\/A7308876-Forbattrat-BR-scaled-e1739267664761.jpg","width":2560,"height":1500},{"@type":"BreadcrumbList","@id":"https:\/\/aktialiiga.fi\/naiset\/2024-2025\/ennakot-2024-2025\/karkiottelu-aloittaa-runkosarjan-paatosviikon\/#breadcrumb","itemListElement":[{"@type":"ListItem","position":1,"name":"Etusivu","item":"https:\/\/aktialiiga.fi\/naiset\/"},{"@type":"ListItem","position":2,"name":"K\u00e4rkiottelu aloittaa runkosarjan p\u00e4\u00e4t\u00f6sviikon"}]},{"@type":"WebSite","@id":"https:\/\/aktialiiga.fi\/naiset\/#website","url":"https:\/\/aktialiiga.fi\/naiset\/","name":"K\u00e4sipallon naisten Aktialiiga","description":"Valtakunnan vauhdikkainta palloilua!","publisher":{"@id":"https:\/\/aktialiiga.fi\/naiset\/#organization"},"potentialAction":[{"@type":"SearchAction","target":{"@type":"EntryPoint","urlTemplate":"https:\/\/aktialiiga.fi\/naiset\/?s={search_term_string}"},"query-input":{"@type":"PropertyValueSpecification","valueRequired":true,"valueName":"search_term_string"}}],"inLanguage":"fi"},{"@type":"Organization","@id":"https:\/\/aktialiiga.fi\/naiset\/#organization","name":"K\u00e4sipallon naisten Aktialiiga","url":"https:\/\/aktialiiga.fi\/naiset\/","logo":{"@type":"ImageObject","inLanguage":"fi","@id":"https:\/\/aktialiiga.fi\/naiset\/#\/schema\/logo\/image\/","url":"https:\/\/aktialiiga.fi\/naiset\/wp-content\/uploads\/sites\/6\/2024\/09\/Aktialiiga-Yoast-512.png","contentUrl":"https:\/\/aktialiiga.fi\/naiset\/wp-content\/uploads\/sites\/6\/2024\/09\/Aktialiiga-Yoast-512.png","width":512,"height":512,"caption":"K\u00e4sipallon naisten Aktialiiga"},"image":{"@id":"https:\/\/aktialiiga.fi\/naiset\/#\/schema\/logo\/image\/"},"sameAs":["https:\/\/www.facebook.com\/finnhandball","https:\/\/x.com\/finnhandball","https:\/\/www.instagram.com\/handballfinland\/"]},{"@type":"Person","@id":"https:\/\/aktialiiga.fi\/naiset\/#\/schema\/person\/c14bf42f47041db74603c45afcb18d87","name":"tbrmedia","image":{"@type":"ImageObject","inLanguage":"fi","@id":"https:\/\/secure.gravatar.com\/avatar\/ee975fa091fe581d12b60debb3439022686618368a7c142044c56724d4666b16?s=96&d=mm&r=g","url":"https:\/\/secure.gravatar.com\/avatar\/ee975fa091fe581d12b60debb3439022686618368a7c142044c56724d4666b16?s=96&d=mm&r=g","contentUrl":"https:\/\/secure.gravatar.com\/avatar\/ee975fa091fe581d12b60debb3439022686618368a7c142044c56724d4666b16?s=96&d=mm&r=g","caption":"tbrmedia"}}]}},"jetpack_featured_media_url":"https:\/\/aktialiiga.fi\/naiset\/wp-content\/uploads\/sites\/6\/2025\/02\/A7308876-Forbattrat-BR-scaled-e1739267664761.jpg","jetpack_sharing_enabled":true,"jetpack_shortlink":"https:\/\/wp.me\/pfYhm6-b7o","_links":{"self":[{"href":"https:\/\/aktialiiga.fi\/naiset\/wp-json\/wp\/v2\/posts\/42742","targetHints":{"allow":["GET"]}}],"collection":[{"href":"https:\/\/aktialiiga.fi\/naiset\/wp-json\/wp\/v2\/posts"}],"about":[{"href":"https:\/\/aktialiiga.fi\/naiset\/wp-json\/wp\/v2\/types\/post"}],"author":[{"embeddable":true,"href":"https:\/\/aktialiiga.fi\/naiset\/wp-json\/wp\/v2\/users\/13"}],"replies":[{"embeddable":true,"href":"https:\/\/aktialiiga.fi\/naiset\/wp-json\/wp\/v2\/comments?post=42742"}],"version-history":[{"count":4,"href":"https:\/\/aktialiiga.fi\/naiset\/wp-json\/wp\/v2\/posts\/42742\/revisions"}],"predecessor-version":[{"id":42752,"href":"https:\/\/aktialiiga.fi\/naiset\/wp-json\/wp\/v2\/posts\/42742\/revisions\/42752"}],"wp:featuredmedia":[{"embeddable":true,"href":"https:\/\/aktialiiga.fi\/naiset\/wp-json\/wp\/v2\/media\/42651"}],"wp:attachment":[{"href":"https:\/\/aktialiiga.fi\/naiset\/wp-json\/wp\/v2\/media?parent=42742"}],"wp:term":[{"taxonomy":"category","embeddable":true,"href":"https:\/\/aktialiiga.fi\/naiset\/wp-json\/wp\/v2\/categories?post=42742"},{"taxonomy":"post_tag","embeddable":true,"href":"https:\/\/aktialiiga.fi\/naiset\/wp-json\/wp\/v2\/tags?post=42742"}],"curies":[{"name":"wp","href":"https:\/\/api.w.org\/{rel}","templated":true}]}}