{"id":42788,"date":"2025-02-26T19:51:05","date_gmt":"2025-02-26T17:51:05","guid":{"rendered":"https:\/\/aktialiiga.fi\/naiset\/?p=42788"},"modified":"2025-02-26T19:51:40","modified_gmt":"2025-02-26T17:51:40","slug":"dicken-varmisti-suoran-valierapaikan-grifk-kaatui-karkiottelussa","status":"publish","type":"post","link":"https:\/\/aktialiiga.fi\/naiset\/2024-2025\/ottelut-2024-25\/dicken-varmisti-suoran-valierapaikan-grifk-kaatui-karkiottelussa\/","title":{"rendered":"Dicken varmisti suoran v\u00e4lier\u00e4paikan \u2013 GrIFK kaatui k\u00e4rkiottelussa"},"content":{"rendered":"<p>Dicken onnistui kaatamaan GrIFK:n t\u00e4ll\u00e4 kaudella ensimm\u00e4ist\u00e4 kertaa Aktialiigassa. Dicken varmisti samalla suoran v\u00e4lier\u00e4paikan 31-29 (15-14).<\/p>\n<p>GrIFK tuli otteluun vahvemmin kasvattaen muutaman maalin johdon, mutta Dicken kuroi eron umpeen ja nousi johtoon. Dicken p\u00e4\u00e4sikin l\u00e4htem\u00e4\u00e4n toiselle puoliajalle maalin johdossa.<\/p>\n<p>Toinen puoliaika sujui tasaisissa merkeiss\u00e4, mutta Dicken pysyi koko ajan edell\u00e4. GrIFK ei p\u00e4\u00e4st\u00e4nyt Dickenin johtoa miss\u00e4\u00e4n vaiheessa kolmea maalia suuremmaksi ja oli koko ajan maalin-parin p\u00e4\u00e4ss\u00e4, mutta Dicken pystyi pit\u00e4m\u00e4\u00e4n johtonsa loppuun saakka.<\/p>\n<p>Samalla Dicken varmisti suoran v\u00e4lier\u00e4paikan GrIFK:n seuraksi. GrIFK oli jo varmistanut aiemmin runkosarjan voiton.<\/p>\n<p>Dickenin p\u00e4\u00e4valmentaja Petri V\u00e4yrynen oli huojentunut ottelun j\u00e4lkeen.<\/p>\n<p>&#8211; Tahtojen taistelu. Puolustus ihan hyv\u00e4 vaikka ne teki 29 maalia. Taisteltiin siit\u00e4 mist\u00e4 l\u00e4hdettiin, vaikka kapealla pelattiin t\u00e4n\u00e4\u00e4n.<\/p>\n<p>GrIFK:n p\u00e4\u00e4valmentaja Patrik Johanson kaipasi omiltaan parempaa puolustuspeli\u00e4, mutta nautti pelin tasosta.<\/p>\n<p>&#8211; Onnittelut Dickenille. Hyv\u00e4 peli, paljon maaleja t\u00e4n\u00e4\u00e4n. Meill\u00e4 oli vaikeuksia puolustuksessa ja varsinkin p\u00e4\u00e4stettyjen maalien m\u00e4\u00e4r\u00e4 oli iso. Teimme 29 maalia, mutta moni tuli pelin lopussa. Kiva peli, yksi runkosarjapeli j\u00e4ljell\u00e4 ja sitten odotetaan pudotuspelej\u00e4.<\/p>\n<p>Ottelun parhaana palkittu Matilda Peitsaro kiitteli joukkueen kokonaispanosta.<\/p>\n<p>&#8211; Hyv\u00e4 alku, sen j\u00e4lkeen v\u00e4h\u00e4n huonompi jakso, mutta 7-6 pelill\u00e4 saatiin maaleja ja puolustus hoiti oman osuuden. Ilona pelasi hyvin maalissa ja toisella puoliajalla p\u00e4\u00e4t pysyi kylm\u00e4n\u00e4 ja asenne ratkaisi.<\/p>\n","protected":false},"excerpt":{"rendered":"<p>Dicken onnistui kaatamaan GrIFK:n t\u00e4ll\u00e4 kaudella ensimm\u00e4ist\u00e4 kertaa Aktialiigassa. Dicken varmisti samalla suoran v\u00e4lier\u00e4paikan 31-29 (15-14). GrIFK tuli otteluun vahvemmin kasvattaen muutaman maalin johdon, mutta Dicken kuroi eron umpeen ja nousi johtoon. Dicken p\u00e4\u00e4sikin l\u00e4htem\u00e4\u00e4n toiselle puoliajalle maalin johdossa. Toinen puoliaika sujui tasaisissa merkeiss\u00e4, mutta Dicken pysyi koko ajan edell\u00e4. GrIFK ei p\u00e4\u00e4st\u00e4nyt Dickenin johtoa [&hellip;]<\/p>\n","protected":false},"author":13,"featured_media":42766,"comment_status":"closed","ping_status":"closed","sticky":false,"template":"","format":"standard","meta":{"_acf_changed":false,"jetpack_post_was_ever_published":false,"_jetpack_newsletter_access":"","_jetpack_dont_email_post_to_subs":false,"_jetpack_newsletter_tier_id":0,"_jetpack_memberships_contains_paywalled_content":false,"_jetpack_memberships_contains_paid_content":false,"footnotes":""},"categories":[235],"tags":[51,57],"class_list":["post-42788","post","type-post","status-publish","format-standard","has-post-thumbnail","hentry","category-ottelut-2024-25","tag-dicken","tag-grifk"],"acf":[],"yoast_head":"<!-- This site is optimized with the Yoast SEO plugin v27.5 - https:\/\/yoast.com\/product\/yoast-seo-wordpress\/ -->\n<title>Dicken varmisti suoran v\u00e4lier\u00e4paikan \u2013 GrIFK kaatui k\u00e4rkiottelussa | K\u00e4sipallon naisten Aktialiiga<\/title>\n<meta name=\"description\" content=\"Dicken onnistui kaatamaan GrIFK:n t\u00e4ll\u00e4 kaudella ensimm\u00e4ist\u00e4 kertaa Aktialiigassa. Dicken varmisti samalla suoran v\u00e4lier\u00e4paikan 31-28 (15-14).\" \/>\n<meta name=\"robots\" content=\"index, follow, max-snippet:-1, max-image-preview:large, max-video-preview:-1\" \/>\n<link rel=\"canonical\" href=\"https:\/\/aktialiiga.fi\/naiset\/2024-2025\/ottelut-2024-25\/dicken-varmisti-suoran-valierapaikan-grifk-kaatui-karkiottelussa\/\" \/>\n<meta property=\"og:locale\" content=\"fi_FI\" \/>\n<meta property=\"og:type\" content=\"article\" \/>\n<meta property=\"og:title\" content=\"Dicken varmisti suoran v\u00e4lier\u00e4paikan \u2013 GrIFK kaatui k\u00e4rkiottelussa | K\u00e4sipallon naisten Aktialiiga\" \/>\n<meta property=\"og:description\" content=\"Dicken onnistui kaatamaan GrIFK:n t\u00e4ll\u00e4 kaudella ensimm\u00e4ist\u00e4 kertaa Aktialiigassa. Dicken varmisti samalla suoran v\u00e4lier\u00e4paikan 31-28 (15-14).\" \/>\n<meta property=\"og:url\" content=\"https:\/\/aktialiiga.fi\/naiset\/2024-2025\/ottelut-2024-25\/dicken-varmisti-suoran-valierapaikan-grifk-kaatui-karkiottelussa\/\" \/>\n<meta property=\"og:site_name\" content=\"K\u00e4sipallon naisten Aktialiiga\" \/>\n<meta property=\"article:publisher\" content=\"https:\/\/www.facebook.com\/finnhandball\" \/>\n<meta property=\"article:published_time\" content=\"2025-02-26T17:51:05+00:00\" \/>\n<meta property=\"article:modified_time\" content=\"2025-02-26T17:51:40+00:00\" \/>\n<meta property=\"og:image\" content=\"https:\/\/aktialiiga.fi\/naiset\/wp-content\/uploads\/sites\/6\/2025\/02\/Aktialiiga-1080x1080-Dicken-Grani.jpg\" \/>\n\t<meta property=\"og:image:width\" content=\"1080\" \/>\n\t<meta property=\"og:image:height\" content=\"1080\" \/>\n\t<meta property=\"og:image:type\" content=\"image\/jpeg\" \/>\n<meta name=\"author\" content=\"tbrmedia\" \/>\n<meta name=\"twitter:card\" content=\"summary_large_image\" \/>\n<meta name=\"twitter:creator\" content=\"@finnhandball\" \/>\n<meta name=\"twitter:site\" content=\"@finnhandball\" \/>\n<script type=\"application\/ld+json\" class=\"yoast-schema-graph\">{\"@context\":\"https:\\\/\\\/schema.org\",\"@graph\":[{\"@type\":\"Article\",\"@id\":\"https:\\\/\\\/aktialiiga.fi\\\/naiset\\\/2024-2025\\\/ottelut-2024-25\\\/dicken-varmisti-suoran-valierapaikan-grifk-kaatui-karkiottelussa\\\/#article\",\"isPartOf\":{\"@id\":\"https:\\\/\\\/aktialiiga.fi\\\/naiset\\\/2024-2025\\\/ottelut-2024-25\\\/dicken-varmisti-suoran-valierapaikan-grifk-kaatui-karkiottelussa\\\/\"},\"author\":{\"name\":\"tbrmedia\",\"@id\":\"https:\\\/\\\/aktialiiga.fi\\\/naiset\\\/#\\\/schema\\\/person\\\/c14bf42f47041db74603c45afcb18d87\"},\"headline\":\"Dicken varmisti suoran v\u00e4lier\u00e4paikan \u2013 GrIFK kaatui k\u00e4rkiottelussa\",\"datePublished\":\"2025-02-26T17:51:05+00:00\",\"dateModified\":\"2025-02-26T17:51:40+00:00\",\"mainEntityOfPage\":{\"@id\":\"https:\\\/\\\/aktialiiga.fi\\\/naiset\\\/2024-2025\\\/ottelut-2024-25\\\/dicken-varmisti-suoran-valierapaikan-grifk-kaatui-karkiottelussa\\\/\"},\"wordCount\":244,\"publisher\":{\"@id\":\"https:\\\/\\\/aktialiiga.fi\\\/naiset\\\/#organization\"},\"image\":{\"@id\":\"https:\\\/\\\/aktialiiga.fi\\\/naiset\\\/2024-2025\\\/ottelut-2024-25\\\/dicken-varmisti-suoran-valierapaikan-grifk-kaatui-karkiottelussa\\\/#primaryimage\"},\"thumbnailUrl\":\"https:\\\/\\\/aktialiiga.fi\\\/naiset\\\/wp-content\\\/uploads\\\/sites\\\/6\\\/2025\\\/02\\\/Aktialiiga-1080x1080-Dicken-Grani.jpg\",\"keywords\":[\"Dicken\",\"GrIFK\"],\"articleSection\":[\"Ottelut 2024-25\"],\"inLanguage\":\"fi\"},{\"@type\":\"WebPage\",\"@id\":\"https:\\\/\\\/aktialiiga.fi\\\/naiset\\\/2024-2025\\\/ottelut-2024-25\\\/dicken-varmisti-suoran-valierapaikan-grifk-kaatui-karkiottelussa\\\/\",\"url\":\"https:\\\/\\\/aktialiiga.fi\\\/naiset\\\/2024-2025\\\/ottelut-2024-25\\\/dicken-varmisti-suoran-valierapaikan-grifk-kaatui-karkiottelussa\\\/\",\"name\":\"Dicken varmisti suoran v\u00e4lier\u00e4paikan \u2013 GrIFK kaatui k\u00e4rkiottelussa | K\u00e4sipallon naisten Aktialiiga\",\"isPartOf\":{\"@id\":\"https:\\\/\\\/aktialiiga.fi\\\/naiset\\\/#website\"},\"primaryImageOfPage\":{\"@id\":\"https:\\\/\\\/aktialiiga.fi\\\/naiset\\\/2024-2025\\\/ottelut-2024-25\\\/dicken-varmisti-suoran-valierapaikan-grifk-kaatui-karkiottelussa\\\/#primaryimage\"},\"image\":{\"@id\":\"https:\\\/\\\/aktialiiga.fi\\\/naiset\\\/2024-2025\\\/ottelut-2024-25\\\/dicken-varmisti-suoran-valierapaikan-grifk-kaatui-karkiottelussa\\\/#primaryimage\"},\"thumbnailUrl\":\"https:\\\/\\\/aktialiiga.fi\\\/naiset\\\/wp-content\\\/uploads\\\/sites\\\/6\\\/2025\\\/02\\\/Aktialiiga-1080x1080-Dicken-Grani.jpg\",\"datePublished\":\"2025-02-26T17:51:05+00:00\",\"dateModified\":\"2025-02-26T17:51:40+00:00\",\"description\":\"Dicken onnistui kaatamaan GrIFK:n t\u00e4ll\u00e4 kaudella ensimm\u00e4ist\u00e4 kertaa Aktialiigassa. Dicken varmisti samalla suoran v\u00e4lier\u00e4paikan 31-28 (15-14).\",\"breadcrumb\":{\"@id\":\"https:\\\/\\\/aktialiiga.fi\\\/naiset\\\/2024-2025\\\/ottelut-2024-25\\\/dicken-varmisti-suoran-valierapaikan-grifk-kaatui-karkiottelussa\\\/#breadcrumb\"},\"inLanguage\":\"fi\",\"potentialAction\":[{\"@type\":\"ReadAction\",\"target\":[\"https:\\\/\\\/aktialiiga.fi\\\/naiset\\\/2024-2025\\\/ottelut-2024-25\\\/dicken-varmisti-suoran-valierapaikan-grifk-kaatui-karkiottelussa\\\/\"]}]},{\"@type\":\"ImageObject\",\"inLanguage\":\"fi\",\"@id\":\"https:\\\/\\\/aktialiiga.fi\\\/naiset\\\/2024-2025\\\/ottelut-2024-25\\\/dicken-varmisti-suoran-valierapaikan-grifk-kaatui-karkiottelussa\\\/#primaryimage\",\"url\":\"https:\\\/\\\/aktialiiga.fi\\\/naiset\\\/wp-content\\\/uploads\\\/sites\\\/6\\\/2025\\\/02\\\/Aktialiiga-1080x1080-Dicken-Grani.jpg\",\"contentUrl\":\"https:\\\/\\\/aktialiiga.fi\\\/naiset\\\/wp-content\\\/uploads\\\/sites\\\/6\\\/2025\\\/02\\\/Aktialiiga-1080x1080-Dicken-Grani.jpg\",\"width\":1080,\"height\":1080},{\"@type\":\"BreadcrumbList\",\"@id\":\"https:\\\/\\\/aktialiiga.fi\\\/naiset\\\/2024-2025\\\/ottelut-2024-25\\\/dicken-varmisti-suoran-valierapaikan-grifk-kaatui-karkiottelussa\\\/#breadcrumb\",\"itemListElement\":[{\"@type\":\"ListItem\",\"position\":1,\"name\":\"Etusivu\",\"item\":\"https:\\\/\\\/aktialiiga.fi\\\/naiset\\\/\"},{\"@type\":\"ListItem\",\"position\":2,\"name\":\"Dicken varmisti suoran v\u00e4lier\u00e4paikan \u2013 GrIFK kaatui k\u00e4rkiottelussa\"}]},{\"@type\":\"WebSite\",\"@id\":\"https:\\\/\\\/aktialiiga.fi\\\/naiset\\\/#website\",\"url\":\"https:\\\/\\\/aktialiiga.fi\\\/naiset\\\/\",\"name\":\"K\u00e4sipallon naisten Aktialiiga\",\"description\":\"Valtakunnan vauhdikkainta palloilua!\",\"publisher\":{\"@id\":\"https:\\\/\\\/aktialiiga.fi\\\/naiset\\\/#organization\"},\"potentialAction\":[{\"@type\":\"SearchAction\",\"target\":{\"@type\":\"EntryPoint\",\"urlTemplate\":\"https:\\\/\\\/aktialiiga.fi\\\/naiset\\\/?s={search_term_string}\"},\"query-input\":{\"@type\":\"PropertyValueSpecification\",\"valueRequired\":true,\"valueName\":\"search_term_string\"}}],\"inLanguage\":\"fi\"},{\"@type\":\"Organization\",\"@id\":\"https:\\\/\\\/aktialiiga.fi\\\/naiset\\\/#organization\",\"name\":\"K\u00e4sipallon naisten Aktialiiga\",\"url\":\"https:\\\/\\\/aktialiiga.fi\\\/naiset\\\/\",\"logo\":{\"@type\":\"ImageObject\",\"inLanguage\":\"fi\",\"@id\":\"https:\\\/\\\/aktialiiga.fi\\\/naiset\\\/#\\\/schema\\\/logo\\\/image\\\/\",\"url\":\"https:\\\/\\\/aktialiiga.fi\\\/naiset\\\/wp-content\\\/uploads\\\/sites\\\/6\\\/2024\\\/09\\\/Aktialiiga-Yoast-512.png\",\"contentUrl\":\"https:\\\/\\\/aktialiiga.fi\\\/naiset\\\/wp-content\\\/uploads\\\/sites\\\/6\\\/2024\\\/09\\\/Aktialiiga-Yoast-512.png\",\"width\":512,\"height\":512,\"caption\":\"K\u00e4sipallon naisten Aktialiiga\"},\"image\":{\"@id\":\"https:\\\/\\\/aktialiiga.fi\\\/naiset\\\/#\\\/schema\\\/logo\\\/image\\\/\"},\"sameAs\":[\"https:\\\/\\\/www.facebook.com\\\/finnhandball\",\"https:\\\/\\\/x.com\\\/finnhandball\",\"https:\\\/\\\/www.instagram.com\\\/handballfinland\\\/\"]},{\"@type\":\"Person\",\"@id\":\"https:\\\/\\\/aktialiiga.fi\\\/naiset\\\/#\\\/schema\\\/person\\\/c14bf42f47041db74603c45afcb18d87\",\"name\":\"tbrmedia\",\"image\":{\"@type\":\"ImageObject\",\"inLanguage\":\"fi\",\"@id\":\"https:\\\/\\\/secure.gravatar.com\\\/avatar\\\/ee975fa091fe581d12b60debb3439022686618368a7c142044c56724d4666b16?s=96&d=mm&r=g\",\"url\":\"https:\\\/\\\/secure.gravatar.com\\\/avatar\\\/ee975fa091fe581d12b60debb3439022686618368a7c142044c56724d4666b16?s=96&d=mm&r=g\",\"contentUrl\":\"https:\\\/\\\/secure.gravatar.com\\\/avatar\\\/ee975fa091fe581d12b60debb3439022686618368a7c142044c56724d4666b16?s=96&d=mm&r=g\",\"caption\":\"tbrmedia\"}}]}<\/script>\n<!-- \/ Yoast SEO plugin. -->","yoast_head_json":{"title":"Dicken varmisti suoran v\u00e4lier\u00e4paikan \u2013 GrIFK kaatui k\u00e4rkiottelussa | K\u00e4sipallon naisten Aktialiiga","description":"Dicken onnistui kaatamaan GrIFK:n t\u00e4ll\u00e4 kaudella ensimm\u00e4ist\u00e4 kertaa Aktialiigassa. Dicken varmisti samalla suoran v\u00e4lier\u00e4paikan 31-28 (15-14).","robots":{"index":"index","follow":"follow","max-snippet":"max-snippet:-1","max-image-preview":"max-image-preview:large","max-video-preview":"max-video-preview:-1"},"canonical":"https:\/\/aktialiiga.fi\/naiset\/2024-2025\/ottelut-2024-25\/dicken-varmisti-suoran-valierapaikan-grifk-kaatui-karkiottelussa\/","og_locale":"fi_FI","og_type":"article","og_title":"Dicken varmisti suoran v\u00e4lier\u00e4paikan \u2013 GrIFK kaatui k\u00e4rkiottelussa | K\u00e4sipallon naisten Aktialiiga","og_description":"Dicken onnistui kaatamaan GrIFK:n t\u00e4ll\u00e4 kaudella ensimm\u00e4ist\u00e4 kertaa Aktialiigassa. Dicken varmisti samalla suoran v\u00e4lier\u00e4paikan 31-28 (15-14).","og_url":"https:\/\/aktialiiga.fi\/naiset\/2024-2025\/ottelut-2024-25\/dicken-varmisti-suoran-valierapaikan-grifk-kaatui-karkiottelussa\/","og_site_name":"K\u00e4sipallon naisten Aktialiiga","article_publisher":"https:\/\/www.facebook.com\/finnhandball","article_published_time":"2025-02-26T17:51:05+00:00","article_modified_time":"2025-02-26T17:51:40+00:00","og_image":[{"width":1080,"height":1080,"url":"https:\/\/aktialiiga.fi\/naiset\/wp-content\/uploads\/sites\/6\/2025\/02\/Aktialiiga-1080x1080-Dicken-Grani.jpg","type":"image\/jpeg"}],"author":"tbrmedia","twitter_card":"summary_large_image","twitter_creator":"@finnhandball","twitter_site":"@finnhandball","schema":{"@context":"https:\/\/schema.org","@graph":[{"@type":"Article","@id":"https:\/\/aktialiiga.fi\/naiset\/2024-2025\/ottelut-2024-25\/dicken-varmisti-suoran-valierapaikan-grifk-kaatui-karkiottelussa\/#article","isPartOf":{"@id":"https:\/\/aktialiiga.fi\/naiset\/2024-2025\/ottelut-2024-25\/dicken-varmisti-suoran-valierapaikan-grifk-kaatui-karkiottelussa\/"},"author":{"name":"tbrmedia","@id":"https:\/\/aktialiiga.fi\/naiset\/#\/schema\/person\/c14bf42f47041db74603c45afcb18d87"},"headline":"Dicken varmisti suoran v\u00e4lier\u00e4paikan \u2013 GrIFK kaatui k\u00e4rkiottelussa","datePublished":"2025-02-26T17:51:05+00:00","dateModified":"2025-02-26T17:51:40+00:00","mainEntityOfPage":{"@id":"https:\/\/aktialiiga.fi\/naiset\/2024-2025\/ottelut-2024-25\/dicken-varmisti-suoran-valierapaikan-grifk-kaatui-karkiottelussa\/"},"wordCount":244,"publisher":{"@id":"https:\/\/aktialiiga.fi\/naiset\/#organization"},"image":{"@id":"https:\/\/aktialiiga.fi\/naiset\/2024-2025\/ottelut-2024-25\/dicken-varmisti-suoran-valierapaikan-grifk-kaatui-karkiottelussa\/#primaryimage"},"thumbnailUrl":"https:\/\/aktialiiga.fi\/naiset\/wp-content\/uploads\/sites\/6\/2025\/02\/Aktialiiga-1080x1080-Dicken-Grani.jpg","keywords":["Dicken","GrIFK"],"articleSection":["Ottelut 2024-25"],"inLanguage":"fi"},{"@type":"WebPage","@id":"https:\/\/aktialiiga.fi\/naiset\/2024-2025\/ottelut-2024-25\/dicken-varmisti-suoran-valierapaikan-grifk-kaatui-karkiottelussa\/","url":"https:\/\/aktialiiga.fi\/naiset\/2024-2025\/ottelut-2024-25\/dicken-varmisti-suoran-valierapaikan-grifk-kaatui-karkiottelussa\/","name":"Dicken varmisti suoran v\u00e4lier\u00e4paikan \u2013 GrIFK kaatui k\u00e4rkiottelussa | K\u00e4sipallon naisten Aktialiiga","isPartOf":{"@id":"https:\/\/aktialiiga.fi\/naiset\/#website"},"primaryImageOfPage":{"@id":"https:\/\/aktialiiga.fi\/naiset\/2024-2025\/ottelut-2024-25\/dicken-varmisti-suoran-valierapaikan-grifk-kaatui-karkiottelussa\/#primaryimage"},"image":{"@id":"https:\/\/aktialiiga.fi\/naiset\/2024-2025\/ottelut-2024-25\/dicken-varmisti-suoran-valierapaikan-grifk-kaatui-karkiottelussa\/#primaryimage"},"thumbnailUrl":"https:\/\/aktialiiga.fi\/naiset\/wp-content\/uploads\/sites\/6\/2025\/02\/Aktialiiga-1080x1080-Dicken-Grani.jpg","datePublished":"2025-02-26T17:51:05+00:00","dateModified":"2025-02-26T17:51:40+00:00","description":"Dicken onnistui kaatamaan GrIFK:n t\u00e4ll\u00e4 kaudella ensimm\u00e4ist\u00e4 kertaa Aktialiigassa. Dicken varmisti samalla suoran v\u00e4lier\u00e4paikan 31-28 (15-14).","breadcrumb":{"@id":"https:\/\/aktialiiga.fi\/naiset\/2024-2025\/ottelut-2024-25\/dicken-varmisti-suoran-valierapaikan-grifk-kaatui-karkiottelussa\/#breadcrumb"},"inLanguage":"fi","potentialAction":[{"@type":"ReadAction","target":["https:\/\/aktialiiga.fi\/naiset\/2024-2025\/ottelut-2024-25\/dicken-varmisti-suoran-valierapaikan-grifk-kaatui-karkiottelussa\/"]}]},{"@type":"ImageObject","inLanguage":"fi","@id":"https:\/\/aktialiiga.fi\/naiset\/2024-2025\/ottelut-2024-25\/dicken-varmisti-suoran-valierapaikan-grifk-kaatui-karkiottelussa\/#primaryimage","url":"https:\/\/aktialiiga.fi\/naiset\/wp-content\/uploads\/sites\/6\/2025\/02\/Aktialiiga-1080x1080-Dicken-Grani.jpg","contentUrl":"https:\/\/aktialiiga.fi\/naiset\/wp-content\/uploads\/sites\/6\/2025\/02\/Aktialiiga-1080x1080-Dicken-Grani.jpg","width":1080,"height":1080},{"@type":"BreadcrumbList","@id":"https:\/\/aktialiiga.fi\/naiset\/2024-2025\/ottelut-2024-25\/dicken-varmisti-suoran-valierapaikan-grifk-kaatui-karkiottelussa\/#breadcrumb","itemListElement":[{"@type":"ListItem","position":1,"name":"Etusivu","item":"https:\/\/aktialiiga.fi\/naiset\/"},{"@type":"ListItem","position":2,"name":"Dicken varmisti suoran v\u00e4lier\u00e4paikan \u2013 GrIFK kaatui k\u00e4rkiottelussa"}]},{"@type":"WebSite","@id":"https:\/\/aktialiiga.fi\/naiset\/#website","url":"https:\/\/aktialiiga.fi\/naiset\/","name":"K\u00e4sipallon naisten Aktialiiga","description":"Valtakunnan vauhdikkainta palloilua!","publisher":{"@id":"https:\/\/aktialiiga.fi\/naiset\/#organization"},"potentialAction":[{"@type":"SearchAction","target":{"@type":"EntryPoint","urlTemplate":"https:\/\/aktialiiga.fi\/naiset\/?s={search_term_string}"},"query-input":{"@type":"PropertyValueSpecification","valueRequired":true,"valueName":"search_term_string"}}],"inLanguage":"fi"},{"@type":"Organization","@id":"https:\/\/aktialiiga.fi\/naiset\/#organization","name":"K\u00e4sipallon naisten Aktialiiga","url":"https:\/\/aktialiiga.fi\/naiset\/","logo":{"@type":"ImageObject","inLanguage":"fi","@id":"https:\/\/aktialiiga.fi\/naiset\/#\/schema\/logo\/image\/","url":"https:\/\/aktialiiga.fi\/naiset\/wp-content\/uploads\/sites\/6\/2024\/09\/Aktialiiga-Yoast-512.png","contentUrl":"https:\/\/aktialiiga.fi\/naiset\/wp-content\/uploads\/sites\/6\/2024\/09\/Aktialiiga-Yoast-512.png","width":512,"height":512,"caption":"K\u00e4sipallon naisten Aktialiiga"},"image":{"@id":"https:\/\/aktialiiga.fi\/naiset\/#\/schema\/logo\/image\/"},"sameAs":["https:\/\/www.facebook.com\/finnhandball","https:\/\/x.com\/finnhandball","https:\/\/www.instagram.com\/handballfinland\/"]},{"@type":"Person","@id":"https:\/\/aktialiiga.fi\/naiset\/#\/schema\/person\/c14bf42f47041db74603c45afcb18d87","name":"tbrmedia","image":{"@type":"ImageObject","inLanguage":"fi","@id":"https:\/\/secure.gravatar.com\/avatar\/ee975fa091fe581d12b60debb3439022686618368a7c142044c56724d4666b16?s=96&d=mm&r=g","url":"https:\/\/secure.gravatar.com\/avatar\/ee975fa091fe581d12b60debb3439022686618368a7c142044c56724d4666b16?s=96&d=mm&r=g","contentUrl":"https:\/\/secure.gravatar.com\/avatar\/ee975fa091fe581d12b60debb3439022686618368a7c142044c56724d4666b16?s=96&d=mm&r=g","caption":"tbrmedia"}}]}},"jetpack_featured_media_url":"https:\/\/aktialiiga.fi\/naiset\/wp-content\/uploads\/sites\/6\/2025\/02\/Aktialiiga-1080x1080-Dicken-Grani.jpg","jetpack_sharing_enabled":true,"jetpack_shortlink":"https:\/\/wp.me\/pfYhm6-b88","_links":{"self":[{"href":"https:\/\/aktialiiga.fi\/naiset\/wp-json\/wp\/v2\/posts\/42788","targetHints":{"allow":["GET"]}}],"collection":[{"href":"https:\/\/aktialiiga.fi\/naiset\/wp-json\/wp\/v2\/posts"}],"about":[{"href":"https:\/\/aktialiiga.fi\/naiset\/wp-json\/wp\/v2\/types\/post"}],"author":[{"embeddable":true,"href":"https:\/\/aktialiiga.fi\/naiset\/wp-json\/wp\/v2\/users\/13"}],"replies":[{"embeddable":true,"href":"https:\/\/aktialiiga.fi\/naiset\/wp-json\/wp\/v2\/comments?post=42788"}],"version-history":[{"count":2,"href":"https:\/\/aktialiiga.fi\/naiset\/wp-json\/wp\/v2\/posts\/42788\/revisions"}],"predecessor-version":[{"id":42791,"href":"https:\/\/aktialiiga.fi\/naiset\/wp-json\/wp\/v2\/posts\/42788\/revisions\/42791"}],"wp:featuredmedia":[{"embeddable":true,"href":"https:\/\/aktialiiga.fi\/naiset\/wp-json\/wp\/v2\/media\/42766"}],"wp:attachment":[{"href":"https:\/\/aktialiiga.fi\/naiset\/wp-json\/wp\/v2\/media?parent=42788"}],"wp:term":[{"taxonomy":"category","embeddable":true,"href":"https:\/\/aktialiiga.fi\/naiset\/wp-json\/wp\/v2\/categories?post=42788"},{"taxonomy":"post_tag","embeddable":true,"href":"https:\/\/aktialiiga.fi\/naiset\/wp-json\/wp\/v2\/tags?post=42788"}],"curies":[{"name":"wp","href":"https:\/\/api.w.org\/{rel}","templated":true}]}}