{"id":42877,"date":"2025-03-04T12:35:56","date_gmt":"2025-03-04T10:35:56","guid":{"rendered":"https:\/\/aktialiiga.fi\/naiset\/?p=42877"},"modified":"2025-03-04T12:35:56","modified_gmt":"2025-03-04T10:35:56","slug":"jannica-kullberg-helmikuun-tahtipelaaja","status":"publish","type":"post","link":"https:\/\/aktialiiga.fi\/naiset\/ajankohtaista\/jannica-kullberg-helmikuun-tahtipelaaja\/","title":{"rendered":"Jannica Kullberg helmikuun t\u00e4htipelaaja"},"content":{"rendered":"<div>\n<p>Karjaan BK-46:n kapteeni Jannica Kullberg on valittu Aktialiigan helmikuun t\u00e4htipelaajaksi. Kullberg valittiin kolmessa ottelussa kent\u00e4n parhaaksi pelaajaksi. Valinta on Kullbergille uran toinen.<\/p>\n<p>Raitapaidat voittivat helmikuun aikana pelaamistaan viidest\u00e4 ottelusta nelj\u00e4, ja pistepotti riitti nostamaan BK:n runkosarjassa nelj\u00e4nneksi, mik\u00e4 toi kotikentt\u00e4edun puoliv\u00e4lieriin Cocksia vastaan.\u00a0Joukkueella selkeesti kulki?<\/p>\n<\/div>\n<p>&#8211; Kyll\u00e4! Viime aikoina ollaan korostettu miten t\u00e4rkeit\u00e4 n\u00e4m\u00e4 pisteet ovat, ja vaikka meill\u00e4 on ollut vaikeuksia ja notkahduksia, olen tyytyv\u00e4inen siihen, miten olemme joukkueena onnistuneet ottamaan peleist\u00e4 t\u00e4rkeit\u00e4 pisteit\u00e4.<\/p>\n<p>BK:lla on Kullbergin mukaan ollut paljon loukkaantumisia, mutta joukkue on vuodenvaihteen j\u00e4lkeen saanut takaisin muutamia t\u00e4rkeit\u00e4 pelaajia, ja se on antanut heille mahdollisuuden pelata monipuolisemmin.<\/p>\n<p>&#8211; Oma pelikin on kulkenut hyvin ja on ollut hauskaa pelata. Meill\u00e4 on ollut selke\u00e4 suunnitelma ja strategia, mik\u00e4 on helpottanut pelisuunnitelman toteuttamista puolustuksessa sek\u00e4 hy\u00f6kk\u00e4yksess\u00e4, Kullberg kommentoi.<\/p>\n<p>Karjaalaisten miesten joukkue on jyll\u00e4nnyt viime vuosina mielin m\u00e4\u00e4rin omissa otteluissaan, mutta BK:n naisten edellisest\u00e4 v\u00e4lier\u00e4paikasta on kulunut kuusi, ja mitalista jo seitsem\u00e4n vuotta.Kullberg uskoo joukkueellaan olevan kaikki mahdollisuudet edet\u00e4 mitalipeleihin.<\/p>\n<p>&#8211; Runkosarjaottelut Cocksia vastaan olivat tasaisia. Meid\u00e4n ongelmana on ollut eniten heid\u00e4n maalivahtipeli, joten meid\u00e4n t\u00e4ytyy keskitty\u00e4 ratkaisuihin. T\u00e4rke\u00e4\u00e4 on my\u00f6s v\u00e4ltt\u00e4\u00e4 teknisi\u00e4 virheit\u00e4 ja notkahduksia ja keskitty\u00e4 alusta loppuun kaikissa otteluissa, ettei vastustaja p\u00e4\u00e4se karkuun.<\/p>\n<div class='flex_column_table av-l8skwxbd-ae55806ba4507a471a1f61a7245b077d sc-av_one_half av-equal-height-column-flextable'><div  class='flex_column av-l8skwxbd-ae55806ba4507a471a1f61a7245b077d av_one_half  avia-builder-el-0  el_before_av_one_half  avia-builder-el-first  first flex_column_table_cell av-equal-height-column av-align-middle  '     ><section  class='av_textblock_section av-l8sk34v3-999538964b5557916f9b66fbdd7486ac '   itemscope=\"itemscope\" itemtype=\"https:\/\/schema.org\/BlogPosting\" itemprop=\"blogPost\" ><div class='avia_textblock'  itemprop=\"text\" ><section class=\"av_textblock_section av-lb4ylaf7-09b8bc2df43611001c5d66872836ef10 \">\n<div class=\"avia_textblock\">\n<h4 style=\"text-align: right;\">Jannica Kullberg<\/h4>\n<p style=\"text-align: right;\">Synt. 1998<br \/>\nCM 167<br \/>\nPelipaikka: K9<\/p>\n<\/div>\n<\/section>\n<\/div><\/section><br \/>\n<div  class='avia-button-wrap av-l8skze2l-37f15e648076786520f3340f6430f8bc-wrap avia-button-right  avia-builder-el-2  el_after_av_textblock  el_before_av_button '><a href='https:\/\/tulospalvelu.finnhandball.net\/taso\/pelaaja.php?pelaaja=50952'  class='avia-button av-l8skze2l-37f15e648076786520f3340f6430f8bc av-link-btn avia-icon_select-yes-left-icon avia-size-medium avia-position-right avia-color-theme-color'  target=\"_blank\"  rel=\"noopener noreferrer\"  aria-label=\"Jannica Kullberg Tulospalvelussa\"><span class='avia_button_icon avia_button_icon_left avia-iconfont avia-font-flaticon-sports' data-av_icon='\uf15b' data-av_iconfont='flaticon-sports' ><\/span><span class='avia_iconbox_title' >Jannica Kullberg Tulospalvelussa<\/span><\/a><\/div><br \/>\n<div  class='avia-button-wrap av-l8suxnq7-bb847e6b4283e2d023f69a356f69a76c-wrap avia-button-right  avia-builder-el-3  el_after_av_button  avia-builder-el-last '><a href='https:\/\/aktialiiga.fi\/naiset\/historia\/kuukauden-tahtipelaajat-kautta-aikojen\/'  class='avia-button av-l8suxnq7-bb847e6b4283e2d023f69a356f69a76c av-link-btn avia-icon_select-no avia-size-medium avia-position-right avia-color-theme-color'   aria-label=\"Kuukauden t\u00e4htipelaajat kautta aikojen\"><span class='avia_iconbox_title' >Kuukauden t\u00e4htipelaajat kautta aikojen<\/span><\/a><\/div><\/p><\/div><div class='av-flex-placeholder'><\/div><div  class='flex_column av-toyg12-df7035cc7356591dbdab0e0f530904b1 av_one_half  avia-builder-el-4  el_after_av_one_half  el_before_av_hr  flex_column_table_cell av-equal-height-column av-align-middle  '     ><style type=\"text\/css\" data-created_by=\"avia_inline_auto\" id=\"style-css-av-l8sko9xf-22fa95b4979266ed57fa82257713f537\">\n.avia-image-container.av-l8sko9xf-22fa95b4979266ed57fa82257713f537 img.avia_image{\nbox-shadow:none;\n}\n.avia-image-container.av-l8sko9xf-22fa95b4979266ed57fa82257713f537 .av-image-caption-overlay-center{\ncolor:#ffffff;\n}\n<\/style>\n<div  class='avia-image-container av-l8sko9xf-22fa95b4979266ed57fa82257713f537 av-styling- av-img-linked avia-align-center  avia-builder-el-5  avia-builder-el-no-sibling '   itemprop=\"image\" itemscope=\"itemscope\" itemtype=\"https:\/\/schema.org\/ImageObject\" ><div class=\"avia-image-container-inner\"><div class=\"avia-image-overlay-wrap\"><a href=\"https:\/\/aktialiiga.fi\/naiset\/wp-content\/uploads\/sites\/6\/2024\/09\/bk46_17-685x1030.jpg\" data-srcset=\"https:\/\/aktialiiga.fi\/naiset\/wp-content\/uploads\/sites\/6\/2024\/09\/bk46_17-685x1030.jpg 685w, https:\/\/aktialiiga.fi\/naiset\/wp-content\/uploads\/sites\/6\/2024\/09\/bk46_17-200x300.jpg 200w, https:\/\/aktialiiga.fi\/naiset\/wp-content\/uploads\/sites\/6\/2024\/09\/bk46_17-768x1154.jpg 768w, https:\/\/aktialiiga.fi\/naiset\/wp-content\/uploads\/sites\/6\/2024\/09\/bk46_17-1022x1536.jpg 1022w, https:\/\/aktialiiga.fi\/naiset\/wp-content\/uploads\/sites\/6\/2024\/09\/bk46_17-1363x2048.jpg 1363w, https:\/\/aktialiiga.fi\/naiset\/wp-content\/uploads\/sites\/6\/2024\/09\/bk46_17-998x1500.jpg 998w, https:\/\/aktialiiga.fi\/naiset\/wp-content\/uploads\/sites\/6\/2024\/09\/bk46_17-469x705.jpg 469w, https:\/\/aktialiiga.fi\/naiset\/wp-content\/uploads\/sites\/6\/2024\/09\/bk46_17-scaled.jpg 1703w\" data-sizes=\"(max-width: 685px) 100vw, 685px\" class='avia_image '  aria-label='17 Jannica Kullberg'><img decoding=\"async\" fetchpriority=\"high\" class='wp-image-40805 avia-img-lazy-loading-not-40805 avia_image ' src=\"https:\/\/aktialiiga.fi\/naiset\/wp-content\/uploads\/sites\/6\/2024\/09\/bk46_17-685x1030.jpg\" alt='' title='17 Jannica Kullberg'  height=\"1030\" width=\"685\"  itemprop=\"thumbnailUrl\" srcset=\"https:\/\/aktialiiga.fi\/naiset\/wp-content\/uploads\/sites\/6\/2024\/09\/bk46_17-685x1030.jpg 685w, https:\/\/aktialiiga.fi\/naiset\/wp-content\/uploads\/sites\/6\/2024\/09\/bk46_17-200x300.jpg 200w, https:\/\/aktialiiga.fi\/naiset\/wp-content\/uploads\/sites\/6\/2024\/09\/bk46_17-768x1154.jpg 768w, https:\/\/aktialiiga.fi\/naiset\/wp-content\/uploads\/sites\/6\/2024\/09\/bk46_17-1022x1536.jpg 1022w, https:\/\/aktialiiga.fi\/naiset\/wp-content\/uploads\/sites\/6\/2024\/09\/bk46_17-1363x2048.jpg 1363w, https:\/\/aktialiiga.fi\/naiset\/wp-content\/uploads\/sites\/6\/2024\/09\/bk46_17-998x1500.jpg 998w, https:\/\/aktialiiga.fi\/naiset\/wp-content\/uploads\/sites\/6\/2024\/09\/bk46_17-469x705.jpg 469w, https:\/\/aktialiiga.fi\/naiset\/wp-content\/uploads\/sites\/6\/2024\/09\/bk46_17-scaled.jpg 1703w\" sizes=\"(max-width: 685px) 100vw, 685px\" \/><\/a><\/div><\/div><\/div><\/div><\/div><!--close column table wrapper. Autoclose: 1 -->\n<style type=\"text\/css\" data-created_by=\"avia_inline_auto\" id=\"style-css-av-lfs26b99-525669192c25843263b8c7ee506d7f12\">\n#top .hr.hr-invisible.av-lfs26b99-525669192c25843263b8c7ee506d7f12{\nheight:50px;\n}\n<\/style>\n<div  class='hr av-lfs26b99-525669192c25843263b8c7ee506d7f12 hr-invisible  avia-builder-el-6  el_after_av_one_half  avia-builder-el-last  av-small-hide av-mini-hide'><span class='hr-inner '><span class=\"hr-inner-style\"><\/span><\/span><\/div><\/p>\n","protected":false},"excerpt":{"rendered":"<p>Karjaan BK-46:n kapteeni Jannica Kullberg on valittu Aktialiigan helmikuun t\u00e4htipelaajaksi. Kullberg valittiin kolmessa ottelussa kent\u00e4n parhaaksi pelaajaksi. Valinta on Kullbergille uran toinen. Raitapaidat voittivat helmikuun aikana pelaamistaan viidest\u00e4 ottelusta nelj\u00e4, ja pistepotti riitti nostamaan BK:n runkosarjassa nelj\u00e4nneksi, mik\u00e4 toi kotikentt\u00e4edun puoliv\u00e4lieriin Cocksia vastaan.\u00a0Joukkueella selkeesti kulki? &#8211; Kyll\u00e4! Viime aikoina ollaan korostettu miten t\u00e4rkeit\u00e4 n\u00e4m\u00e4 pisteet [&hellip;]<\/p>\n","protected":false},"author":3,"featured_media":42880,"comment_status":"closed","ping_status":"closed","sticky":false,"template":"","format":"standard","meta":{"_acf_changed":false,"jetpack_post_was_ever_published":false,"_jetpack_newsletter_access":"","_jetpack_dont_email_post_to_subs":false,"_jetpack_newsletter_tier_id":0,"_jetpack_memberships_contains_paywalled_content":false,"_jetpack_memberships_contains_paid_content":false,"footnotes":""},"categories":[2],"tags":[49,90],"class_list":["post-42877","post","type-post","status-publish","format-standard","has-post-thumbnail","hentry","category-ajankohtaista","tag-bk-46","tag-tahtipelaaja"],"acf":[],"yoast_head":"<!-- This site is optimized with the Yoast SEO plugin v27.5 - https:\/\/yoast.com\/product\/yoast-seo-wordpress\/ -->\n<title>Jannica Kullberg helmikuun t\u00e4htipelaaja | K\u00e4sipallon naisten Aktialiiga<\/title>\n<meta name=\"robots\" content=\"index, follow, max-snippet:-1, max-image-preview:large, max-video-preview:-1\" \/>\n<link rel=\"canonical\" href=\"https:\/\/aktialiiga.fi\/naiset\/ajankohtaista\/jannica-kullberg-helmikuun-tahtipelaaja\/\" \/>\n<meta property=\"og:locale\" content=\"fi_FI\" \/>\n<meta property=\"og:type\" content=\"article\" \/>\n<meta property=\"og:title\" content=\"Jannica Kullberg helmikuun t\u00e4htipelaaja | K\u00e4sipallon naisten Aktialiiga\" \/>\n<meta property=\"og:description\" content=\"Karjaan BK-46:n kapteeni Jannica Kullberg on valittu Aktialiigan helmikuun t\u00e4htipelaajaksi. Kullberg valittiin kolmessa ottelussa kent\u00e4n parhaaksi pelaajaksi. Valinta on Kullbergille uran toinen. Raitapaidat voittivat helmikuun aikana pelaamistaan viidest\u00e4 ottelusta nelj\u00e4, ja pistepotti riitti nostamaan BK:n runkosarjassa nelj\u00e4nneksi, mik\u00e4 toi kotikentt\u00e4edun puoliv\u00e4lieriin Cocksia vastaan.\u00a0Joukkueella selkeesti kulki? &#8211; Kyll\u00e4! Viime aikoina ollaan korostettu miten t\u00e4rkeit\u00e4 n\u00e4m\u00e4 pisteet [&hellip;]\" \/>\n<meta property=\"og:url\" content=\"https:\/\/aktialiiga.fi\/naiset\/ajankohtaista\/jannica-kullberg-helmikuun-tahtipelaaja\/\" \/>\n<meta property=\"og:site_name\" content=\"K\u00e4sipallon naisten Aktialiiga\" \/>\n<meta property=\"article:publisher\" content=\"https:\/\/www.facebook.com\/finnhandball\" \/>\n<meta property=\"article:published_time\" content=\"2025-03-04T10:35:56+00:00\" \/>\n<meta property=\"og:image\" content=\"https:\/\/aktialiiga.fi\/naiset\/wp-content\/uploads\/sites\/6\/2025\/03\/A7307656-Forbattrat-BR-e1741003756245-1030x723.jpg\" \/>\n\t<meta property=\"og:image:width\" content=\"1030\" \/>\n\t<meta property=\"og:image:height\" content=\"723\" \/>\n\t<meta property=\"og:image:type\" content=\"image\/jpeg\" \/>\n<meta name=\"author\" content=\"jussi\" \/>\n<meta name=\"twitter:card\" content=\"summary_large_image\" \/>\n<meta name=\"twitter:creator\" content=\"@finnhandball\" \/>\n<meta name=\"twitter:site\" content=\"@finnhandball\" \/>\n<script type=\"application\/ld+json\" class=\"yoast-schema-graph\">{\"@context\":\"https:\\\/\\\/schema.org\",\"@graph\":[{\"@type\":\"Article\",\"@id\":\"https:\\\/\\\/aktialiiga.fi\\\/naiset\\\/ajankohtaista\\\/jannica-kullberg-helmikuun-tahtipelaaja\\\/#article\",\"isPartOf\":{\"@id\":\"https:\\\/\\\/aktialiiga.fi\\\/naiset\\\/ajankohtaista\\\/jannica-kullberg-helmikuun-tahtipelaaja\\\/\"},\"author\":{\"name\":\"jussi\",\"@id\":\"https:\\\/\\\/aktialiiga.fi\\\/naiset\\\/#\\\/schema\\\/person\\\/6ed7641d619c7f28481c53817a16b871\"},\"headline\":\"Jannica Kullberg helmikuun t\u00e4htipelaaja\",\"datePublished\":\"2025-03-04T10:35:56+00:00\",\"mainEntityOfPage\":{\"@id\":\"https:\\\/\\\/aktialiiga.fi\\\/naiset\\\/ajankohtaista\\\/jannica-kullberg-helmikuun-tahtipelaaja\\\/\"},\"wordCount\":1708,\"publisher\":{\"@id\":\"https:\\\/\\\/aktialiiga.fi\\\/naiset\\\/#organization\"},\"image\":{\"@id\":\"https:\\\/\\\/aktialiiga.fi\\\/naiset\\\/ajankohtaista\\\/jannica-kullberg-helmikuun-tahtipelaaja\\\/#primaryimage\"},\"thumbnailUrl\":\"https:\\\/\\\/aktialiiga.fi\\\/naiset\\\/wp-content\\\/uploads\\\/sites\\\/6\\\/2025\\\/03\\\/A7307656-Forbattrat-BR-e1741003756245.jpg\",\"keywords\":[\"BK-46\",\"T\u00e4htipelaaja\"],\"articleSection\":[\"Ajankohtaista\"],\"inLanguage\":\"fi\"},{\"@type\":\"WebPage\",\"@id\":\"https:\\\/\\\/aktialiiga.fi\\\/naiset\\\/ajankohtaista\\\/jannica-kullberg-helmikuun-tahtipelaaja\\\/\",\"url\":\"https:\\\/\\\/aktialiiga.fi\\\/naiset\\\/ajankohtaista\\\/jannica-kullberg-helmikuun-tahtipelaaja\\\/\",\"name\":\"Jannica Kullberg helmikuun t\u00e4htipelaaja | K\u00e4sipallon naisten Aktialiiga\",\"isPartOf\":{\"@id\":\"https:\\\/\\\/aktialiiga.fi\\\/naiset\\\/#website\"},\"primaryImageOfPage\":{\"@id\":\"https:\\\/\\\/aktialiiga.fi\\\/naiset\\\/ajankohtaista\\\/jannica-kullberg-helmikuun-tahtipelaaja\\\/#primaryimage\"},\"image\":{\"@id\":\"https:\\\/\\\/aktialiiga.fi\\\/naiset\\\/ajankohtaista\\\/jannica-kullberg-helmikuun-tahtipelaaja\\\/#primaryimage\"},\"thumbnailUrl\":\"https:\\\/\\\/aktialiiga.fi\\\/naiset\\\/wp-content\\\/uploads\\\/sites\\\/6\\\/2025\\\/03\\\/A7307656-Forbattrat-BR-e1741003756245.jpg\",\"datePublished\":\"2025-03-04T10:35:56+00:00\",\"breadcrumb\":{\"@id\":\"https:\\\/\\\/aktialiiga.fi\\\/naiset\\\/ajankohtaista\\\/jannica-kullberg-helmikuun-tahtipelaaja\\\/#breadcrumb\"},\"inLanguage\":\"fi\",\"potentialAction\":[{\"@type\":\"ReadAction\",\"target\":[\"https:\\\/\\\/aktialiiga.fi\\\/naiset\\\/ajankohtaista\\\/jannica-kullberg-helmikuun-tahtipelaaja\\\/\"]}]},{\"@type\":\"ImageObject\",\"inLanguage\":\"fi\",\"@id\":\"https:\\\/\\\/aktialiiga.fi\\\/naiset\\\/ajankohtaista\\\/jannica-kullberg-helmikuun-tahtipelaaja\\\/#primaryimage\",\"url\":\"https:\\\/\\\/aktialiiga.fi\\\/naiset\\\/wp-content\\\/uploads\\\/sites\\\/6\\\/2025\\\/03\\\/A7307656-Forbattrat-BR-e1741003756245.jpg\",\"contentUrl\":\"https:\\\/\\\/aktialiiga.fi\\\/naiset\\\/wp-content\\\/uploads\\\/sites\\\/6\\\/2025\\\/03\\\/A7307656-Forbattrat-BR-e1741003756245.jpg\",\"width\":3660,\"height\":2568,\"caption\":\"Bk-46 - Hifk 28.09.2024\"},{\"@type\":\"BreadcrumbList\",\"@id\":\"https:\\\/\\\/aktialiiga.fi\\\/naiset\\\/ajankohtaista\\\/jannica-kullberg-helmikuun-tahtipelaaja\\\/#breadcrumb\",\"itemListElement\":[{\"@type\":\"ListItem\",\"position\":1,\"name\":\"Etusivu\",\"item\":\"https:\\\/\\\/aktialiiga.fi\\\/naiset\\\/\"},{\"@type\":\"ListItem\",\"position\":2,\"name\":\"Jannica Kullberg helmikuun t\u00e4htipelaaja\"}]},{\"@type\":\"WebSite\",\"@id\":\"https:\\\/\\\/aktialiiga.fi\\\/naiset\\\/#website\",\"url\":\"https:\\\/\\\/aktialiiga.fi\\\/naiset\\\/\",\"name\":\"K\u00e4sipallon naisten Aktialiiga\",\"description\":\"Valtakunnan vauhdikkainta palloilua!\",\"publisher\":{\"@id\":\"https:\\\/\\\/aktialiiga.fi\\\/naiset\\\/#organization\"},\"potentialAction\":[{\"@type\":\"SearchAction\",\"target\":{\"@type\":\"EntryPoint\",\"urlTemplate\":\"https:\\\/\\\/aktialiiga.fi\\\/naiset\\\/?s={search_term_string}\"},\"query-input\":{\"@type\":\"PropertyValueSpecification\",\"valueRequired\":true,\"valueName\":\"search_term_string\"}}],\"inLanguage\":\"fi\"},{\"@type\":\"Organization\",\"@id\":\"https:\\\/\\\/aktialiiga.fi\\\/naiset\\\/#organization\",\"name\":\"K\u00e4sipallon naisten Aktialiiga\",\"url\":\"https:\\\/\\\/aktialiiga.fi\\\/naiset\\\/\",\"logo\":{\"@type\":\"ImageObject\",\"inLanguage\":\"fi\",\"@id\":\"https:\\\/\\\/aktialiiga.fi\\\/naiset\\\/#\\\/schema\\\/logo\\\/image\\\/\",\"url\":\"https:\\\/\\\/aktialiiga.fi\\\/naiset\\\/wp-content\\\/uploads\\\/sites\\\/6\\\/2024\\\/09\\\/Aktialiiga-Yoast-512.png\",\"contentUrl\":\"https:\\\/\\\/aktialiiga.fi\\\/naiset\\\/wp-content\\\/uploads\\\/sites\\\/6\\\/2024\\\/09\\\/Aktialiiga-Yoast-512.png\",\"width\":512,\"height\":512,\"caption\":\"K\u00e4sipallon naisten Aktialiiga\"},\"image\":{\"@id\":\"https:\\\/\\\/aktialiiga.fi\\\/naiset\\\/#\\\/schema\\\/logo\\\/image\\\/\"},\"sameAs\":[\"https:\\\/\\\/www.facebook.com\\\/finnhandball\",\"https:\\\/\\\/x.com\\\/finnhandball\",\"https:\\\/\\\/www.instagram.com\\\/handballfinland\\\/\"]},{\"@type\":\"Person\",\"@id\":\"https:\\\/\\\/aktialiiga.fi\\\/naiset\\\/#\\\/schema\\\/person\\\/6ed7641d619c7f28481c53817a16b871\",\"name\":\"jussi\",\"image\":{\"@type\":\"ImageObject\",\"inLanguage\":\"fi\",\"@id\":\"https:\\\/\\\/secure.gravatar.com\\\/avatar\\\/034b8e6380fc659c320f13e17fe45bd9ab48a21e2debadd5f3179bde291949df?s=96&d=mm&r=g\",\"url\":\"https:\\\/\\\/secure.gravatar.com\\\/avatar\\\/034b8e6380fc659c320f13e17fe45bd9ab48a21e2debadd5f3179bde291949df?s=96&d=mm&r=g\",\"contentUrl\":\"https:\\\/\\\/secure.gravatar.com\\\/avatar\\\/034b8e6380fc659c320f13e17fe45bd9ab48a21e2debadd5f3179bde291949df?s=96&d=mm&r=g\",\"caption\":\"jussi\"}}]}<\/script>\n<!-- \/ Yoast SEO plugin. -->","yoast_head_json":{"title":"Jannica Kullberg helmikuun t\u00e4htipelaaja | K\u00e4sipallon naisten Aktialiiga","robots":{"index":"index","follow":"follow","max-snippet":"max-snippet:-1","max-image-preview":"max-image-preview:large","max-video-preview":"max-video-preview:-1"},"canonical":"https:\/\/aktialiiga.fi\/naiset\/ajankohtaista\/jannica-kullberg-helmikuun-tahtipelaaja\/","og_locale":"fi_FI","og_type":"article","og_title":"Jannica Kullberg helmikuun t\u00e4htipelaaja | K\u00e4sipallon naisten Aktialiiga","og_description":"Karjaan BK-46:n kapteeni Jannica Kullberg on valittu Aktialiigan helmikuun t\u00e4htipelaajaksi. Kullberg valittiin kolmessa ottelussa kent\u00e4n parhaaksi pelaajaksi. Valinta on Kullbergille uran toinen. Raitapaidat voittivat helmikuun aikana pelaamistaan viidest\u00e4 ottelusta nelj\u00e4, ja pistepotti riitti nostamaan BK:n runkosarjassa nelj\u00e4nneksi, mik\u00e4 toi kotikentt\u00e4edun puoliv\u00e4lieriin Cocksia vastaan.\u00a0Joukkueella selkeesti kulki? &#8211; Kyll\u00e4! Viime aikoina ollaan korostettu miten t\u00e4rkeit\u00e4 n\u00e4m\u00e4 pisteet [&hellip;]","og_url":"https:\/\/aktialiiga.fi\/naiset\/ajankohtaista\/jannica-kullberg-helmikuun-tahtipelaaja\/","og_site_name":"K\u00e4sipallon naisten Aktialiiga","article_publisher":"https:\/\/www.facebook.com\/finnhandball","article_published_time":"2025-03-04T10:35:56+00:00","og_image":[{"width":1030,"height":723,"url":"https:\/\/aktialiiga.fi\/naiset\/wp-content\/uploads\/sites\/6\/2025\/03\/A7307656-Forbattrat-BR-e1741003756245-1030x723.jpg","type":"image\/jpeg"}],"author":"jussi","twitter_card":"summary_large_image","twitter_creator":"@finnhandball","twitter_site":"@finnhandball","schema":{"@context":"https:\/\/schema.org","@graph":[{"@type":"Article","@id":"https:\/\/aktialiiga.fi\/naiset\/ajankohtaista\/jannica-kullberg-helmikuun-tahtipelaaja\/#article","isPartOf":{"@id":"https:\/\/aktialiiga.fi\/naiset\/ajankohtaista\/jannica-kullberg-helmikuun-tahtipelaaja\/"},"author":{"name":"jussi","@id":"https:\/\/aktialiiga.fi\/naiset\/#\/schema\/person\/6ed7641d619c7f28481c53817a16b871"},"headline":"Jannica Kullberg helmikuun t\u00e4htipelaaja","datePublished":"2025-03-04T10:35:56+00:00","mainEntityOfPage":{"@id":"https:\/\/aktialiiga.fi\/naiset\/ajankohtaista\/jannica-kullberg-helmikuun-tahtipelaaja\/"},"wordCount":1708,"publisher":{"@id":"https:\/\/aktialiiga.fi\/naiset\/#organization"},"image":{"@id":"https:\/\/aktialiiga.fi\/naiset\/ajankohtaista\/jannica-kullberg-helmikuun-tahtipelaaja\/#primaryimage"},"thumbnailUrl":"https:\/\/aktialiiga.fi\/naiset\/wp-content\/uploads\/sites\/6\/2025\/03\/A7307656-Forbattrat-BR-e1741003756245.jpg","keywords":["BK-46","T\u00e4htipelaaja"],"articleSection":["Ajankohtaista"],"inLanguage":"fi"},{"@type":"WebPage","@id":"https:\/\/aktialiiga.fi\/naiset\/ajankohtaista\/jannica-kullberg-helmikuun-tahtipelaaja\/","url":"https:\/\/aktialiiga.fi\/naiset\/ajankohtaista\/jannica-kullberg-helmikuun-tahtipelaaja\/","name":"Jannica Kullberg helmikuun t\u00e4htipelaaja | K\u00e4sipallon naisten Aktialiiga","isPartOf":{"@id":"https:\/\/aktialiiga.fi\/naiset\/#website"},"primaryImageOfPage":{"@id":"https:\/\/aktialiiga.fi\/naiset\/ajankohtaista\/jannica-kullberg-helmikuun-tahtipelaaja\/#primaryimage"},"image":{"@id":"https:\/\/aktialiiga.fi\/naiset\/ajankohtaista\/jannica-kullberg-helmikuun-tahtipelaaja\/#primaryimage"},"thumbnailUrl":"https:\/\/aktialiiga.fi\/naiset\/wp-content\/uploads\/sites\/6\/2025\/03\/A7307656-Forbattrat-BR-e1741003756245.jpg","datePublished":"2025-03-04T10:35:56+00:00","breadcrumb":{"@id":"https:\/\/aktialiiga.fi\/naiset\/ajankohtaista\/jannica-kullberg-helmikuun-tahtipelaaja\/#breadcrumb"},"inLanguage":"fi","potentialAction":[{"@type":"ReadAction","target":["https:\/\/aktialiiga.fi\/naiset\/ajankohtaista\/jannica-kullberg-helmikuun-tahtipelaaja\/"]}]},{"@type":"ImageObject","inLanguage":"fi","@id":"https:\/\/aktialiiga.fi\/naiset\/ajankohtaista\/jannica-kullberg-helmikuun-tahtipelaaja\/#primaryimage","url":"https:\/\/aktialiiga.fi\/naiset\/wp-content\/uploads\/sites\/6\/2025\/03\/A7307656-Forbattrat-BR-e1741003756245.jpg","contentUrl":"https:\/\/aktialiiga.fi\/naiset\/wp-content\/uploads\/sites\/6\/2025\/03\/A7307656-Forbattrat-BR-e1741003756245.jpg","width":3660,"height":2568,"caption":"Bk-46 - Hifk 28.09.2024"},{"@type":"BreadcrumbList","@id":"https:\/\/aktialiiga.fi\/naiset\/ajankohtaista\/jannica-kullberg-helmikuun-tahtipelaaja\/#breadcrumb","itemListElement":[{"@type":"ListItem","position":1,"name":"Etusivu","item":"https:\/\/aktialiiga.fi\/naiset\/"},{"@type":"ListItem","position":2,"name":"Jannica Kullberg helmikuun t\u00e4htipelaaja"}]},{"@type":"WebSite","@id":"https:\/\/aktialiiga.fi\/naiset\/#website","url":"https:\/\/aktialiiga.fi\/naiset\/","name":"K\u00e4sipallon naisten Aktialiiga","description":"Valtakunnan vauhdikkainta palloilua!","publisher":{"@id":"https:\/\/aktialiiga.fi\/naiset\/#organization"},"potentialAction":[{"@type":"SearchAction","target":{"@type":"EntryPoint","urlTemplate":"https:\/\/aktialiiga.fi\/naiset\/?s={search_term_string}"},"query-input":{"@type":"PropertyValueSpecification","valueRequired":true,"valueName":"search_term_string"}}],"inLanguage":"fi"},{"@type":"Organization","@id":"https:\/\/aktialiiga.fi\/naiset\/#organization","name":"K\u00e4sipallon naisten Aktialiiga","url":"https:\/\/aktialiiga.fi\/naiset\/","logo":{"@type":"ImageObject","inLanguage":"fi","@id":"https:\/\/aktialiiga.fi\/naiset\/#\/schema\/logo\/image\/","url":"https:\/\/aktialiiga.fi\/naiset\/wp-content\/uploads\/sites\/6\/2024\/09\/Aktialiiga-Yoast-512.png","contentUrl":"https:\/\/aktialiiga.fi\/naiset\/wp-content\/uploads\/sites\/6\/2024\/09\/Aktialiiga-Yoast-512.png","width":512,"height":512,"caption":"K\u00e4sipallon naisten Aktialiiga"},"image":{"@id":"https:\/\/aktialiiga.fi\/naiset\/#\/schema\/logo\/image\/"},"sameAs":["https:\/\/www.facebook.com\/finnhandball","https:\/\/x.com\/finnhandball","https:\/\/www.instagram.com\/handballfinland\/"]},{"@type":"Person","@id":"https:\/\/aktialiiga.fi\/naiset\/#\/schema\/person\/6ed7641d619c7f28481c53817a16b871","name":"jussi","image":{"@type":"ImageObject","inLanguage":"fi","@id":"https:\/\/secure.gravatar.com\/avatar\/034b8e6380fc659c320f13e17fe45bd9ab48a21e2debadd5f3179bde291949df?s=96&d=mm&r=g","url":"https:\/\/secure.gravatar.com\/avatar\/034b8e6380fc659c320f13e17fe45bd9ab48a21e2debadd5f3179bde291949df?s=96&d=mm&r=g","contentUrl":"https:\/\/secure.gravatar.com\/avatar\/034b8e6380fc659c320f13e17fe45bd9ab48a21e2debadd5f3179bde291949df?s=96&d=mm&r=g","caption":"jussi"}}]}},"jetpack_featured_media_url":"https:\/\/aktialiiga.fi\/naiset\/wp-content\/uploads\/sites\/6\/2025\/03\/A7307656-Forbattrat-BR-e1741003756245.jpg","jetpack_sharing_enabled":true,"jetpack_shortlink":"https:\/\/wp.me\/pfYhm6-b9z","_links":{"self":[{"href":"https:\/\/aktialiiga.fi\/naiset\/wp-json\/wp\/v2\/posts\/42877","targetHints":{"allow":["GET"]}}],"collection":[{"href":"https:\/\/aktialiiga.fi\/naiset\/wp-json\/wp\/v2\/posts"}],"about":[{"href":"https:\/\/aktialiiga.fi\/naiset\/wp-json\/wp\/v2\/types\/post"}],"author":[{"embeddable":true,"href":"https:\/\/aktialiiga.fi\/naiset\/wp-json\/wp\/v2\/users\/3"}],"replies":[{"embeddable":true,"href":"https:\/\/aktialiiga.fi\/naiset\/wp-json\/wp\/v2\/comments?post=42877"}],"version-history":[{"count":6,"href":"https:\/\/aktialiiga.fi\/naiset\/wp-json\/wp\/v2\/posts\/42877\/revisions"}],"predecessor-version":[{"id":44932,"href":"https:\/\/aktialiiga.fi\/naiset\/wp-json\/wp\/v2\/posts\/42877\/revisions\/44932"}],"wp:featuredmedia":[{"embeddable":true,"href":"https:\/\/aktialiiga.fi\/naiset\/wp-json\/wp\/v2\/media\/42880"}],"wp:attachment":[{"href":"https:\/\/aktialiiga.fi\/naiset\/wp-json\/wp\/v2\/media?parent=42877"}],"wp:term":[{"taxonomy":"category","embeddable":true,"href":"https:\/\/aktialiiga.fi\/naiset\/wp-json\/wp\/v2\/categories?post=42877"},{"taxonomy":"post_tag","embeddable":true,"href":"https:\/\/aktialiiga.fi\/naiset\/wp-json\/wp\/v2\/tags?post=42877"}],"curies":[{"name":"wp","href":"https:\/\/api.w.org\/{rel}","templated":true}]}}