{"id":4326,"date":"2013-12-10T21:18:31","date_gmt":"2013-12-10T19:18:31","guid":{"rendered":"https:\/\/www.finnhandball.net\/nsm\/?p=4326"},"modified":"2024-08-28T18:30:39","modified_gmt":"2024-08-28T15:30:39","slug":"sif-haastaa-karki-hifkn","status":"publish","type":"post","link":"https:\/\/aktialiiga.fi\/naiset\/2013-2014\/ennakot-2013-2014\/sif-haastaa-karki-hifkn\/","title":{"rendered":"SIF haastaa k\u00e4rki-HIFK:n"},"content":{"rendered":"<p>SM-sarjan keskiviikon ainoassa ottelussa ratkotaan sijoituksia sarjataulukon k\u00e4rjess\u00e4, kun kolmantena oleva SIF saa vieraakseen edelleen pistemenetyksitt\u00e4 olevan k\u00e4rkiryhm\u00e4 HIFK:n. Lis\u00e4mausteen otteluun tuo se, ett\u00e4 joukkueet kohtaavat puolentoista viikon kuluttua uudestaan Suomen Cupin finaalissa.<!--more--><\/p>\n<p>Joukkueita erottaa sarjataulukossa vain kaksi pistett\u00e4, tosin HIFK:lla on yksi ottelu v\u00e4hemm\u00e4n pelattuna, mutta sen verran vakuuttavaa t\u00e4htipaitojen meno on syksyll\u00e4 ollut, ett\u00e4 vierasjoukkue l\u00e4htee otteluun ehdottomana suosikkina.<\/p>\n<p>Lokakuun alussa joukkueitten kohdatessa Helsingin urheilutalolla voittajasta ei juuri j\u00e4\u00e4nyt ep\u00e4selvyytt\u00e4, kun HIFK takoi taululle lukemat 40-24. Kummallakin on alla ottelu viikonlopulta. SIF haki paikalliskamppailussa 26-22-voiton BK-46:sta ja HIFK kaatoi kotonaan KyIF:n maalein 37-24.<\/p>\n<p>Oman osaj\u00e4nnityksens\u00e4 otteluun tuo my\u00f6s maalintekij\u00e4tilaston k\u00e4rkipaikoilla keikkuvien HIFK:n Linda Cainbergin ja SIF:n Linda Olinin kohtaaminen. Cainberg on paukuttanut kahdeksassa ottelussa jo huimat 80 maalia ja johtaa tilastoa. Yhdeks\u00e4ss\u00e4 ottelussa 69 kertaan osunut Olin on puolestaan tilastokolmosena. Maalintekovoimaa toki kummallakin riitt\u00e4\u00e4 my\u00f6s ykk\u00f6stykkien takana.<\/p>\n<p>Ottelu Siuntiossa vihellet\u00e4\u00e4n k\u00e4yntiin keskiviikkona kello 18.45.<\/p>\n","protected":false},"excerpt":{"rendered":"<p>SM-sarjan keskiviikon ainoassa ottelussa ratkotaan sijoituksia sarjataulukon k\u00e4rjess\u00e4, kun kolmantena oleva SIF saa vieraakseen edelleen pistemenetyksitt\u00e4 olevan k\u00e4rkiryhm\u00e4 HIFK:n. Lis\u00e4mausteen otteluun tuo se, ett\u00e4 joukkueet kohtaavat puolentoista viikon kuluttua uudestaan Suomen Cupin finaalissa.<\/p>\n","protected":false},"author":13,"featured_media":4162,"comment_status":"closed","ping_status":"closed","sticky":false,"template":"","format":"standard","meta":{"_acf_changed":false,"jetpack_post_was_ever_published":false,"_jetpack_newsletter_access":"","_jetpack_dont_email_post_to_subs":false,"_jetpack_newsletter_tier_id":0,"_jetpack_memberships_contains_paywalled_content":false,"_jetpack_memberships_contains_paid_content":false,"footnotes":""},"categories":[35],"tags":[61,81],"class_list":["post-4326","post","type-post","status-publish","format-standard","has-post-thumbnail","hentry","category-ennakot-2013-2014","tag-hifk","tag-sif"],"acf":[],"yoast_head":"<!-- This site is optimized with the Yoast SEO plugin v27.5 - https:\/\/yoast.com\/product\/yoast-seo-wordpress\/ -->\n<title>SIF haastaa k\u00e4rki-HIFK:n | K\u00e4sipallon naisten Aktialiiga<\/title>\n<meta name=\"robots\" content=\"index, follow, max-snippet:-1, max-image-preview:large, max-video-preview:-1\" \/>\n<link rel=\"canonical\" href=\"https:\/\/aktialiiga.fi\/naiset\/2013-2014\/ennakot-2013-2014\/sif-haastaa-karki-hifkn\/\" \/>\n<meta property=\"og:locale\" content=\"fi_FI\" \/>\n<meta property=\"og:type\" content=\"article\" \/>\n<meta property=\"og:title\" content=\"SIF haastaa k\u00e4rki-HIFK:n | K\u00e4sipallon naisten Aktialiiga\" \/>\n<meta property=\"og:description\" content=\"SM-sarjan keskiviikon ainoassa ottelussa ratkotaan sijoituksia sarjataulukon k\u00e4rjess\u00e4, kun kolmantena oleva SIF saa vieraakseen edelleen pistemenetyksitt\u00e4 olevan k\u00e4rkiryhm\u00e4 HIFK:n. Lis\u00e4mausteen otteluun tuo se, ett\u00e4 joukkueet kohtaavat puolentoista viikon kuluttua uudestaan Suomen Cupin finaalissa.\" \/>\n<meta property=\"og:url\" content=\"https:\/\/aktialiiga.fi\/naiset\/2013-2014\/ennakot-2013-2014\/sif-haastaa-karki-hifkn\/\" \/>\n<meta property=\"og:site_name\" content=\"K\u00e4sipallon naisten Aktialiiga\" \/>\n<meta property=\"article:publisher\" content=\"https:\/\/www.facebook.com\/finnhandball\" \/>\n<meta property=\"article:published_time\" content=\"2013-12-10T19:18:31+00:00\" \/>\n<meta property=\"article:modified_time\" content=\"2024-08-28T15:30:39+00:00\" \/>\n<meta property=\"og:image\" content=\"https:\/\/aktialiiga.fi\/naiset\/wp-content\/uploads\/sites\/6\/2013\/09\/sif_2013-14.jpg\" \/>\n\t<meta property=\"og:image:width\" content=\"1024\" \/>\n\t<meta property=\"og:image:height\" content=\"628\" \/>\n\t<meta property=\"og:image:type\" content=\"image\/jpeg\" \/>\n<meta name=\"author\" content=\"tbrmedia\" \/>\n<meta name=\"twitter:card\" content=\"summary_large_image\" \/>\n<meta name=\"twitter:creator\" content=\"@finnhandball\" \/>\n<meta name=\"twitter:site\" content=\"@finnhandball\" \/>\n<script type=\"application\/ld+json\" class=\"yoast-schema-graph\">{\"@context\":\"https:\\\/\\\/schema.org\",\"@graph\":[{\"@type\":\"Article\",\"@id\":\"https:\\\/\\\/aktialiiga.fi\\\/naiset\\\/2013-2014\\\/ennakot-2013-2014\\\/sif-haastaa-karki-hifkn\\\/#article\",\"isPartOf\":{\"@id\":\"https:\\\/\\\/aktialiiga.fi\\\/naiset\\\/2013-2014\\\/ennakot-2013-2014\\\/sif-haastaa-karki-hifkn\\\/\"},\"author\":{\"name\":\"tbrmedia\",\"@id\":\"https:\\\/\\\/aktialiiga.fi\\\/naiset\\\/#\\\/schema\\\/person\\\/c14bf42f47041db74603c45afcb18d87\"},\"headline\":\"SIF haastaa k\u00e4rki-HIFK:n\",\"datePublished\":\"2013-12-10T19:18:31+00:00\",\"dateModified\":\"2024-08-28T15:30:39+00:00\",\"mainEntityOfPage\":{\"@id\":\"https:\\\/\\\/aktialiiga.fi\\\/naiset\\\/2013-2014\\\/ennakot-2013-2014\\\/sif-haastaa-karki-hifkn\\\/\"},\"wordCount\":173,\"publisher\":{\"@id\":\"https:\\\/\\\/aktialiiga.fi\\\/naiset\\\/#organization\"},\"image\":{\"@id\":\"https:\\\/\\\/aktialiiga.fi\\\/naiset\\\/2013-2014\\\/ennakot-2013-2014\\\/sif-haastaa-karki-hifkn\\\/#primaryimage\"},\"thumbnailUrl\":\"https:\\\/\\\/aktialiiga.fi\\\/naiset\\\/wp-content\\\/uploads\\\/sites\\\/6\\\/2013\\\/09\\\/sif_2013-14.jpg\",\"keywords\":[\"HIFK\",\"SIF\"],\"articleSection\":[\"Ennakot\"],\"inLanguage\":\"fi\"},{\"@type\":\"WebPage\",\"@id\":\"https:\\\/\\\/aktialiiga.fi\\\/naiset\\\/2013-2014\\\/ennakot-2013-2014\\\/sif-haastaa-karki-hifkn\\\/\",\"url\":\"https:\\\/\\\/aktialiiga.fi\\\/naiset\\\/2013-2014\\\/ennakot-2013-2014\\\/sif-haastaa-karki-hifkn\\\/\",\"name\":\"SIF haastaa k\u00e4rki-HIFK:n | K\u00e4sipallon naisten Aktialiiga\",\"isPartOf\":{\"@id\":\"https:\\\/\\\/aktialiiga.fi\\\/naiset\\\/#website\"},\"primaryImageOfPage\":{\"@id\":\"https:\\\/\\\/aktialiiga.fi\\\/naiset\\\/2013-2014\\\/ennakot-2013-2014\\\/sif-haastaa-karki-hifkn\\\/#primaryimage\"},\"image\":{\"@id\":\"https:\\\/\\\/aktialiiga.fi\\\/naiset\\\/2013-2014\\\/ennakot-2013-2014\\\/sif-haastaa-karki-hifkn\\\/#primaryimage\"},\"thumbnailUrl\":\"https:\\\/\\\/aktialiiga.fi\\\/naiset\\\/wp-content\\\/uploads\\\/sites\\\/6\\\/2013\\\/09\\\/sif_2013-14.jpg\",\"datePublished\":\"2013-12-10T19:18:31+00:00\",\"dateModified\":\"2024-08-28T15:30:39+00:00\",\"breadcrumb\":{\"@id\":\"https:\\\/\\\/aktialiiga.fi\\\/naiset\\\/2013-2014\\\/ennakot-2013-2014\\\/sif-haastaa-karki-hifkn\\\/#breadcrumb\"},\"inLanguage\":\"fi\",\"potentialAction\":[{\"@type\":\"ReadAction\",\"target\":[\"https:\\\/\\\/aktialiiga.fi\\\/naiset\\\/2013-2014\\\/ennakot-2013-2014\\\/sif-haastaa-karki-hifkn\\\/\"]}]},{\"@type\":\"ImageObject\",\"inLanguage\":\"fi\",\"@id\":\"https:\\\/\\\/aktialiiga.fi\\\/naiset\\\/2013-2014\\\/ennakot-2013-2014\\\/sif-haastaa-karki-hifkn\\\/#primaryimage\",\"url\":\"https:\\\/\\\/aktialiiga.fi\\\/naiset\\\/wp-content\\\/uploads\\\/sites\\\/6\\\/2013\\\/09\\\/sif_2013-14.jpg\",\"contentUrl\":\"https:\\\/\\\/aktialiiga.fi\\\/naiset\\\/wp-content\\\/uploads\\\/sites\\\/6\\\/2013\\\/09\\\/sif_2013-14.jpg\",\"width\":1024,\"height\":628,\"caption\":\"SIF:n naisten edustusjoukkue 2013-2014\"},{\"@type\":\"BreadcrumbList\",\"@id\":\"https:\\\/\\\/aktialiiga.fi\\\/naiset\\\/2013-2014\\\/ennakot-2013-2014\\\/sif-haastaa-karki-hifkn\\\/#breadcrumb\",\"itemListElement\":[{\"@type\":\"ListItem\",\"position\":1,\"name\":\"Etusivu\",\"item\":\"https:\\\/\\\/aktialiiga.fi\\\/naiset\\\/\"},{\"@type\":\"ListItem\",\"position\":2,\"name\":\"SIF haastaa k\u00e4rki-HIFK:n\"}]},{\"@type\":\"WebSite\",\"@id\":\"https:\\\/\\\/aktialiiga.fi\\\/naiset\\\/#website\",\"url\":\"https:\\\/\\\/aktialiiga.fi\\\/naiset\\\/\",\"name\":\"K\u00e4sipallon naisten Aktialiiga\",\"description\":\"Valtakunnan vauhdikkainta palloilua!\",\"publisher\":{\"@id\":\"https:\\\/\\\/aktialiiga.fi\\\/naiset\\\/#organization\"},\"potentialAction\":[{\"@type\":\"SearchAction\",\"target\":{\"@type\":\"EntryPoint\",\"urlTemplate\":\"https:\\\/\\\/aktialiiga.fi\\\/naiset\\\/?s={search_term_string}\"},\"query-input\":{\"@type\":\"PropertyValueSpecification\",\"valueRequired\":true,\"valueName\":\"search_term_string\"}}],\"inLanguage\":\"fi\"},{\"@type\":\"Organization\",\"@id\":\"https:\\\/\\\/aktialiiga.fi\\\/naiset\\\/#organization\",\"name\":\"K\u00e4sipallon naisten Aktialiiga\",\"url\":\"https:\\\/\\\/aktialiiga.fi\\\/naiset\\\/\",\"logo\":{\"@type\":\"ImageObject\",\"inLanguage\":\"fi\",\"@id\":\"https:\\\/\\\/aktialiiga.fi\\\/naiset\\\/#\\\/schema\\\/logo\\\/image\\\/\",\"url\":\"https:\\\/\\\/aktialiiga.fi\\\/naiset\\\/wp-content\\\/uploads\\\/sites\\\/6\\\/2024\\\/09\\\/Aktialiiga-Yoast-512.png\",\"contentUrl\":\"https:\\\/\\\/aktialiiga.fi\\\/naiset\\\/wp-content\\\/uploads\\\/sites\\\/6\\\/2024\\\/09\\\/Aktialiiga-Yoast-512.png\",\"width\":512,\"height\":512,\"caption\":\"K\u00e4sipallon naisten Aktialiiga\"},\"image\":{\"@id\":\"https:\\\/\\\/aktialiiga.fi\\\/naiset\\\/#\\\/schema\\\/logo\\\/image\\\/\"},\"sameAs\":[\"https:\\\/\\\/www.facebook.com\\\/finnhandball\",\"https:\\\/\\\/x.com\\\/finnhandball\",\"https:\\\/\\\/www.instagram.com\\\/handballfinland\\\/\"]},{\"@type\":\"Person\",\"@id\":\"https:\\\/\\\/aktialiiga.fi\\\/naiset\\\/#\\\/schema\\\/person\\\/c14bf42f47041db74603c45afcb18d87\",\"name\":\"tbrmedia\",\"image\":{\"@type\":\"ImageObject\",\"inLanguage\":\"fi\",\"@id\":\"https:\\\/\\\/secure.gravatar.com\\\/avatar\\\/ee975fa091fe581d12b60debb3439022686618368a7c142044c56724d4666b16?s=96&d=mm&r=g\",\"url\":\"https:\\\/\\\/secure.gravatar.com\\\/avatar\\\/ee975fa091fe581d12b60debb3439022686618368a7c142044c56724d4666b16?s=96&d=mm&r=g\",\"contentUrl\":\"https:\\\/\\\/secure.gravatar.com\\\/avatar\\\/ee975fa091fe581d12b60debb3439022686618368a7c142044c56724d4666b16?s=96&d=mm&r=g\",\"caption\":\"tbrmedia\"}}]}<\/script>\n<!-- \/ Yoast SEO plugin. -->","yoast_head_json":{"title":"SIF haastaa k\u00e4rki-HIFK:n | K\u00e4sipallon naisten Aktialiiga","robots":{"index":"index","follow":"follow","max-snippet":"max-snippet:-1","max-image-preview":"max-image-preview:large","max-video-preview":"max-video-preview:-1"},"canonical":"https:\/\/aktialiiga.fi\/naiset\/2013-2014\/ennakot-2013-2014\/sif-haastaa-karki-hifkn\/","og_locale":"fi_FI","og_type":"article","og_title":"SIF haastaa k\u00e4rki-HIFK:n | K\u00e4sipallon naisten Aktialiiga","og_description":"SM-sarjan keskiviikon ainoassa ottelussa ratkotaan sijoituksia sarjataulukon k\u00e4rjess\u00e4, kun kolmantena oleva SIF saa vieraakseen edelleen pistemenetyksitt\u00e4 olevan k\u00e4rkiryhm\u00e4 HIFK:n. Lis\u00e4mausteen otteluun tuo se, ett\u00e4 joukkueet kohtaavat puolentoista viikon kuluttua uudestaan Suomen Cupin finaalissa.","og_url":"https:\/\/aktialiiga.fi\/naiset\/2013-2014\/ennakot-2013-2014\/sif-haastaa-karki-hifkn\/","og_site_name":"K\u00e4sipallon naisten Aktialiiga","article_publisher":"https:\/\/www.facebook.com\/finnhandball","article_published_time":"2013-12-10T19:18:31+00:00","article_modified_time":"2024-08-28T15:30:39+00:00","og_image":[{"width":1024,"height":628,"url":"https:\/\/aktialiiga.fi\/naiset\/wp-content\/uploads\/sites\/6\/2013\/09\/sif_2013-14.jpg","type":"image\/jpeg"}],"author":"tbrmedia","twitter_card":"summary_large_image","twitter_creator":"@finnhandball","twitter_site":"@finnhandball","schema":{"@context":"https:\/\/schema.org","@graph":[{"@type":"Article","@id":"https:\/\/aktialiiga.fi\/naiset\/2013-2014\/ennakot-2013-2014\/sif-haastaa-karki-hifkn\/#article","isPartOf":{"@id":"https:\/\/aktialiiga.fi\/naiset\/2013-2014\/ennakot-2013-2014\/sif-haastaa-karki-hifkn\/"},"author":{"name":"tbrmedia","@id":"https:\/\/aktialiiga.fi\/naiset\/#\/schema\/person\/c14bf42f47041db74603c45afcb18d87"},"headline":"SIF haastaa k\u00e4rki-HIFK:n","datePublished":"2013-12-10T19:18:31+00:00","dateModified":"2024-08-28T15:30:39+00:00","mainEntityOfPage":{"@id":"https:\/\/aktialiiga.fi\/naiset\/2013-2014\/ennakot-2013-2014\/sif-haastaa-karki-hifkn\/"},"wordCount":173,"publisher":{"@id":"https:\/\/aktialiiga.fi\/naiset\/#organization"},"image":{"@id":"https:\/\/aktialiiga.fi\/naiset\/2013-2014\/ennakot-2013-2014\/sif-haastaa-karki-hifkn\/#primaryimage"},"thumbnailUrl":"https:\/\/aktialiiga.fi\/naiset\/wp-content\/uploads\/sites\/6\/2013\/09\/sif_2013-14.jpg","keywords":["HIFK","SIF"],"articleSection":["Ennakot"],"inLanguage":"fi"},{"@type":"WebPage","@id":"https:\/\/aktialiiga.fi\/naiset\/2013-2014\/ennakot-2013-2014\/sif-haastaa-karki-hifkn\/","url":"https:\/\/aktialiiga.fi\/naiset\/2013-2014\/ennakot-2013-2014\/sif-haastaa-karki-hifkn\/","name":"SIF haastaa k\u00e4rki-HIFK:n | K\u00e4sipallon naisten Aktialiiga","isPartOf":{"@id":"https:\/\/aktialiiga.fi\/naiset\/#website"},"primaryImageOfPage":{"@id":"https:\/\/aktialiiga.fi\/naiset\/2013-2014\/ennakot-2013-2014\/sif-haastaa-karki-hifkn\/#primaryimage"},"image":{"@id":"https:\/\/aktialiiga.fi\/naiset\/2013-2014\/ennakot-2013-2014\/sif-haastaa-karki-hifkn\/#primaryimage"},"thumbnailUrl":"https:\/\/aktialiiga.fi\/naiset\/wp-content\/uploads\/sites\/6\/2013\/09\/sif_2013-14.jpg","datePublished":"2013-12-10T19:18:31+00:00","dateModified":"2024-08-28T15:30:39+00:00","breadcrumb":{"@id":"https:\/\/aktialiiga.fi\/naiset\/2013-2014\/ennakot-2013-2014\/sif-haastaa-karki-hifkn\/#breadcrumb"},"inLanguage":"fi","potentialAction":[{"@type":"ReadAction","target":["https:\/\/aktialiiga.fi\/naiset\/2013-2014\/ennakot-2013-2014\/sif-haastaa-karki-hifkn\/"]}]},{"@type":"ImageObject","inLanguage":"fi","@id":"https:\/\/aktialiiga.fi\/naiset\/2013-2014\/ennakot-2013-2014\/sif-haastaa-karki-hifkn\/#primaryimage","url":"https:\/\/aktialiiga.fi\/naiset\/wp-content\/uploads\/sites\/6\/2013\/09\/sif_2013-14.jpg","contentUrl":"https:\/\/aktialiiga.fi\/naiset\/wp-content\/uploads\/sites\/6\/2013\/09\/sif_2013-14.jpg","width":1024,"height":628,"caption":"SIF:n naisten edustusjoukkue 2013-2014"},{"@type":"BreadcrumbList","@id":"https:\/\/aktialiiga.fi\/naiset\/2013-2014\/ennakot-2013-2014\/sif-haastaa-karki-hifkn\/#breadcrumb","itemListElement":[{"@type":"ListItem","position":1,"name":"Etusivu","item":"https:\/\/aktialiiga.fi\/naiset\/"},{"@type":"ListItem","position":2,"name":"SIF haastaa k\u00e4rki-HIFK:n"}]},{"@type":"WebSite","@id":"https:\/\/aktialiiga.fi\/naiset\/#website","url":"https:\/\/aktialiiga.fi\/naiset\/","name":"K\u00e4sipallon naisten Aktialiiga","description":"Valtakunnan vauhdikkainta palloilua!","publisher":{"@id":"https:\/\/aktialiiga.fi\/naiset\/#organization"},"potentialAction":[{"@type":"SearchAction","target":{"@type":"EntryPoint","urlTemplate":"https:\/\/aktialiiga.fi\/naiset\/?s={search_term_string}"},"query-input":{"@type":"PropertyValueSpecification","valueRequired":true,"valueName":"search_term_string"}}],"inLanguage":"fi"},{"@type":"Organization","@id":"https:\/\/aktialiiga.fi\/naiset\/#organization","name":"K\u00e4sipallon naisten Aktialiiga","url":"https:\/\/aktialiiga.fi\/naiset\/","logo":{"@type":"ImageObject","inLanguage":"fi","@id":"https:\/\/aktialiiga.fi\/naiset\/#\/schema\/logo\/image\/","url":"https:\/\/aktialiiga.fi\/naiset\/wp-content\/uploads\/sites\/6\/2024\/09\/Aktialiiga-Yoast-512.png","contentUrl":"https:\/\/aktialiiga.fi\/naiset\/wp-content\/uploads\/sites\/6\/2024\/09\/Aktialiiga-Yoast-512.png","width":512,"height":512,"caption":"K\u00e4sipallon naisten Aktialiiga"},"image":{"@id":"https:\/\/aktialiiga.fi\/naiset\/#\/schema\/logo\/image\/"},"sameAs":["https:\/\/www.facebook.com\/finnhandball","https:\/\/x.com\/finnhandball","https:\/\/www.instagram.com\/handballfinland\/"]},{"@type":"Person","@id":"https:\/\/aktialiiga.fi\/naiset\/#\/schema\/person\/c14bf42f47041db74603c45afcb18d87","name":"tbrmedia","image":{"@type":"ImageObject","inLanguage":"fi","@id":"https:\/\/secure.gravatar.com\/avatar\/ee975fa091fe581d12b60debb3439022686618368a7c142044c56724d4666b16?s=96&d=mm&r=g","url":"https:\/\/secure.gravatar.com\/avatar\/ee975fa091fe581d12b60debb3439022686618368a7c142044c56724d4666b16?s=96&d=mm&r=g","contentUrl":"https:\/\/secure.gravatar.com\/avatar\/ee975fa091fe581d12b60debb3439022686618368a7c142044c56724d4666b16?s=96&d=mm&r=g","caption":"tbrmedia"}}]}},"jetpack_featured_media_url":"https:\/\/aktialiiga.fi\/naiset\/wp-content\/uploads\/sites\/6\/2013\/09\/sif_2013-14.jpg","jetpack_sharing_enabled":true,"jetpack_shortlink":"https:\/\/wp.me\/pfYhm6-17M","_links":{"self":[{"href":"https:\/\/aktialiiga.fi\/naiset\/wp-json\/wp\/v2\/posts\/4326","targetHints":{"allow":["GET"]}}],"collection":[{"href":"https:\/\/aktialiiga.fi\/naiset\/wp-json\/wp\/v2\/posts"}],"about":[{"href":"https:\/\/aktialiiga.fi\/naiset\/wp-json\/wp\/v2\/types\/post"}],"author":[{"embeddable":true,"href":"https:\/\/aktialiiga.fi\/naiset\/wp-json\/wp\/v2\/users\/13"}],"replies":[{"embeddable":true,"href":"https:\/\/aktialiiga.fi\/naiset\/wp-json\/wp\/v2\/comments?post=4326"}],"version-history":[{"count":1,"href":"https:\/\/aktialiiga.fi\/naiset\/wp-json\/wp\/v2\/posts\/4326\/revisions"}],"predecessor-version":[{"id":39545,"href":"https:\/\/aktialiiga.fi\/naiset\/wp-json\/wp\/v2\/posts\/4326\/revisions\/39545"}],"wp:featuredmedia":[{"embeddable":true,"href":"https:\/\/aktialiiga.fi\/naiset\/wp-json\/wp\/v2\/media\/4162"}],"wp:attachment":[{"href":"https:\/\/aktialiiga.fi\/naiset\/wp-json\/wp\/v2\/media?parent=4326"}],"wp:term":[{"taxonomy":"category","embeddable":true,"href":"https:\/\/aktialiiga.fi\/naiset\/wp-json\/wp\/v2\/categories?post=4326"},{"taxonomy":"post_tag","embeddable":true,"href":"https:\/\/aktialiiga.fi\/naiset\/wp-json\/wp\/v2\/tags?post=4326"}],"curies":[{"name":"wp","href":"https:\/\/api.w.org\/{rel}","templated":true}]}}