{"id":44074,"date":"2025-09-02T21:31:31","date_gmt":"2025-09-02T18:31:31","guid":{"rendered":"https:\/\/aktialiiga.fi\/naiset\/?p=44074"},"modified":"2025-09-03T13:20:59","modified_gmt":"2025-09-03T10:20:59","slug":"kohti-kautta-dicken-11","status":"publish","type":"post","link":"https:\/\/aktialiiga.fi\/naiset\/2025-2026\/kohti-kautta-2025-2026\/kohti-kautta-dicken-11\/","title":{"rendered":"Kohti kautta: Dicken"},"content":{"rendered":"<p>Dicken l\u00e4htee kauteen isojen muutosten j\u00e4lkeen. Se ei kuitenkaan vaikuta joukkueen tavoitteisiin.<\/p>\n<p>Dicken sijoittui viime kaudella runkosarjassa toiseksi, mutta taipui v\u00e4lier\u00e4sarjassa paikallisvastustajalleen HIFK:lle. Lopulta se kaatoi pronssipeliss\u00e4 niukasti BK-46:n kahden maalin erolla.<\/p>\n<p>&#8211; Pisteit\u00e4 katsoen ihan hyv\u00e4 kausi. Peli\u00e4 ja sen kehityst\u00e4 katsoen hieman heikompi, pudotuspelien alla joukkueen p\u00e4\u00e4valmentajaksi palannut Ken Sirenius niputtaa viime kauden.<\/p>\n<p>Dicken on parin edelliskauden aikana k\u00e4ynyt l\u00e4pi pienoista nuorennusleikkausta ja Sireniuksen mukaan pelaajien kehitys on edelleen joukkueen p\u00e4\u00e4t\u00e4ht\u00e4imen\u00e4, jonka seurauksena tulevat my\u00f6s tulokset.<\/p>\n<p>&#8211; Pelaajien kehityksen asettaminen keski\u00f6\u00f6n ja sen kautta tulosten saavuttaminen. Siin\u00e4 meid\u00e4n tulee tulevaisuudessa onnistua paremmin, Sirenius linjaa viime kauden oppeja ja kehityskohteita.<\/p>\n<p>Sirenius ei aseta joukkueelleen tuloksellisia tavoitteita tulevasta kaudesta.<\/p>\n<p>&#8211; Tavoitteena on joukkueen muutoksen aloittaminen ja taas pidemm\u00e4ll\u00e4 t\u00e4ht\u00e4imell\u00e4 menestyminen ja pelaajien kehitt\u00e4minen.<\/p>\n<p>Dicken koki isoja menetyksi\u00e4 viime kauden j\u00e4lkeen, kun Matilda Peitsaro, Janica Sj\u00f6str\u00f6m ja Emilia Siggberg l\u00e4htiv\u00e4t Ruotsiin. Lis\u00e4ksi monivuotinen avainpelaaja Jessika Gammals lopetti. Tilalle on tullut nuoria pelaajia, jotka hakevat l\u00e4pimurtoa liigatasolla.<\/p>\n<p>Joukkueessa jatkavat edelleen kokeneemmat Malena Heikkinen ja Linn Wentzel.<\/p>\n<p>&#8211; Meilt\u00e4 l\u00e4hti iso osa osaamista viime kauden j\u00e4lkeen ja koemme sen luonnollisena osana seuran tavoitteita.<\/p>\n<p>&#8211; Suurin vahvuutemme on hyv\u00e4 sekoitus nuoruuden intoa ja kokemuksen tuomaan rauhallisuutta, arvioi Sirenius.<\/p>\n<p>Dicken aloittaa kauden haastamalla hallitsevan mestari GrIFK:n vieraskent\u00e4ll\u00e4 lauantaina.<\/p>\n<p>&nbsp;<\/p>\n","protected":false},"excerpt":{"rendered":"<p>Dicken l\u00e4htee kauteen isojen muutosten j\u00e4lkeen. Se ei kuitenkaan vaikuta joukkueen tavoitteisiin. Dicken sijoittui viime kaudella runkosarjassa toiseksi, mutta taipui v\u00e4lier\u00e4sarjassa paikallisvastustajalleen HIFK:lle. Lopulta se kaatoi pronssipeliss\u00e4 niukasti BK-46:n kahden maalin erolla. &#8211; Pisteit\u00e4 katsoen ihan hyv\u00e4 kausi. Peli\u00e4 ja sen kehityst\u00e4 katsoen hieman heikompi, pudotuspelien alla joukkueen p\u00e4\u00e4valmentajaksi palannut Ken Sirenius niputtaa viime kauden. [&hellip;]<\/p>\n","protected":false},"author":13,"featured_media":41666,"comment_status":"closed","ping_status":"closed","sticky":false,"template":"","format":"standard","meta":{"_acf_changed":false,"jetpack_post_was_ever_published":false,"_jetpack_newsletter_access":"","_jetpack_dont_email_post_to_subs":false,"_jetpack_newsletter_tier_id":0,"_jetpack_memberships_contains_paywalled_content":false,"_jetpack_memberships_contains_paid_content":false,"footnotes":""},"categories":[273],"tags":[51],"class_list":["post-44074","post","type-post","status-publish","format-standard","has-post-thumbnail","hentry","category-kohti-kautta-2025-2026","tag-dicken"],"acf":[],"yoast_head":"<!-- This site is optimized with the Yoast SEO plugin v27.5 - https:\/\/yoast.com\/product\/yoast-seo-wordpress\/ -->\n<title>Kohti kautta: Dicken | K\u00e4sipallon naisten Aktialiiga<\/title>\n<meta name=\"description\" content=\"Dicken l\u00e4htee kauteen isojen muutosten j\u00e4lkeen. Se ei kuitenkaan vaikuta joukkueen tavoitteisiin.\" \/>\n<meta name=\"robots\" content=\"index, follow, max-snippet:-1, max-image-preview:large, max-video-preview:-1\" \/>\n<link rel=\"canonical\" href=\"https:\/\/aktialiiga.fi\/naiset\/2025-2026\/kohti-kautta-2025-2026\/kohti-kautta-dicken-11\/\" \/>\n<meta property=\"og:locale\" content=\"fi_FI\" \/>\n<meta property=\"og:type\" content=\"article\" \/>\n<meta property=\"og:title\" content=\"Kohti kautta: Dicken | K\u00e4sipallon naisten Aktialiiga\" \/>\n<meta property=\"og:description\" content=\"Dicken l\u00e4htee kauteen isojen muutosten j\u00e4lkeen. Se ei kuitenkaan vaikuta joukkueen tavoitteisiin.\" \/>\n<meta property=\"og:url\" content=\"https:\/\/aktialiiga.fi\/naiset\/2025-2026\/kohti-kautta-2025-2026\/kohti-kautta-dicken-11\/\" \/>\n<meta property=\"og:site_name\" content=\"K\u00e4sipallon naisten Aktialiiga\" \/>\n<meta property=\"article:publisher\" content=\"https:\/\/www.facebook.com\/finnhandball\" \/>\n<meta property=\"article:published_time\" content=\"2025-09-02T18:31:31+00:00\" \/>\n<meta property=\"article:modified_time\" content=\"2025-09-03T10:20:59+00:00\" \/>\n<meta property=\"og:image\" content=\"https:\/\/aktialiiga.fi\/naiset\/wp-content\/uploads\/sites\/6\/2024\/10\/dicken_24-25-scaled.jpg\" \/>\n\t<meta property=\"og:image:width\" content=\"2560\" \/>\n\t<meta property=\"og:image:height\" content=\"1707\" \/>\n\t<meta property=\"og:image:type\" content=\"image\/jpeg\" \/>\n<meta name=\"author\" content=\"tbrmedia\" \/>\n<meta name=\"twitter:card\" content=\"summary_large_image\" \/>\n<meta name=\"twitter:creator\" content=\"@finnhandball\" \/>\n<meta name=\"twitter:site\" content=\"@finnhandball\" \/>\n<script type=\"application\/ld+json\" class=\"yoast-schema-graph\">{\"@context\":\"https:\\\/\\\/schema.org\",\"@graph\":[{\"@type\":\"Article\",\"@id\":\"https:\\\/\\\/aktialiiga.fi\\\/naiset\\\/2025-2026\\\/kohti-kautta-2025-2026\\\/kohti-kautta-dicken-11\\\/#article\",\"isPartOf\":{\"@id\":\"https:\\\/\\\/aktialiiga.fi\\\/naiset\\\/2025-2026\\\/kohti-kautta-2025-2026\\\/kohti-kautta-dicken-11\\\/\"},\"author\":{\"name\":\"tbrmedia\",\"@id\":\"https:\\\/\\\/aktialiiga.fi\\\/naiset\\\/#\\\/schema\\\/person\\\/c14bf42f47041db74603c45afcb18d87\"},\"headline\":\"Kohti kautta: Dicken\",\"datePublished\":\"2025-09-02T18:31:31+00:00\",\"dateModified\":\"2025-09-03T10:20:59+00:00\",\"mainEntityOfPage\":{\"@id\":\"https:\\\/\\\/aktialiiga.fi\\\/naiset\\\/2025-2026\\\/kohti-kautta-2025-2026\\\/kohti-kautta-dicken-11\\\/\"},\"wordCount\":237,\"publisher\":{\"@id\":\"https:\\\/\\\/aktialiiga.fi\\\/naiset\\\/#organization\"},\"image\":{\"@id\":\"https:\\\/\\\/aktialiiga.fi\\\/naiset\\\/2025-2026\\\/kohti-kautta-2025-2026\\\/kohti-kautta-dicken-11\\\/#primaryimage\"},\"thumbnailUrl\":\"https:\\\/\\\/aktialiiga.fi\\\/naiset\\\/wp-content\\\/uploads\\\/sites\\\/6\\\/2024\\\/10\\\/dicken_24-25-scaled.jpg\",\"keywords\":[\"Dicken\"],\"articleSection\":[\"Kohti kautta 2025-26\"],\"inLanguage\":\"fi\"},{\"@type\":\"WebPage\",\"@id\":\"https:\\\/\\\/aktialiiga.fi\\\/naiset\\\/2025-2026\\\/kohti-kautta-2025-2026\\\/kohti-kautta-dicken-11\\\/\",\"url\":\"https:\\\/\\\/aktialiiga.fi\\\/naiset\\\/2025-2026\\\/kohti-kautta-2025-2026\\\/kohti-kautta-dicken-11\\\/\",\"name\":\"Kohti kautta: Dicken | K\u00e4sipallon naisten Aktialiiga\",\"isPartOf\":{\"@id\":\"https:\\\/\\\/aktialiiga.fi\\\/naiset\\\/#website\"},\"primaryImageOfPage\":{\"@id\":\"https:\\\/\\\/aktialiiga.fi\\\/naiset\\\/2025-2026\\\/kohti-kautta-2025-2026\\\/kohti-kautta-dicken-11\\\/#primaryimage\"},\"image\":{\"@id\":\"https:\\\/\\\/aktialiiga.fi\\\/naiset\\\/2025-2026\\\/kohti-kautta-2025-2026\\\/kohti-kautta-dicken-11\\\/#primaryimage\"},\"thumbnailUrl\":\"https:\\\/\\\/aktialiiga.fi\\\/naiset\\\/wp-content\\\/uploads\\\/sites\\\/6\\\/2024\\\/10\\\/dicken_24-25-scaled.jpg\",\"datePublished\":\"2025-09-02T18:31:31+00:00\",\"dateModified\":\"2025-09-03T10:20:59+00:00\",\"description\":\"Dicken l\u00e4htee kauteen isojen muutosten j\u00e4lkeen. Se ei kuitenkaan vaikuta joukkueen tavoitteisiin.\",\"breadcrumb\":{\"@id\":\"https:\\\/\\\/aktialiiga.fi\\\/naiset\\\/2025-2026\\\/kohti-kautta-2025-2026\\\/kohti-kautta-dicken-11\\\/#breadcrumb\"},\"inLanguage\":\"fi\",\"potentialAction\":[{\"@type\":\"ReadAction\",\"target\":[\"https:\\\/\\\/aktialiiga.fi\\\/naiset\\\/2025-2026\\\/kohti-kautta-2025-2026\\\/kohti-kautta-dicken-11\\\/\"]}]},{\"@type\":\"ImageObject\",\"inLanguage\":\"fi\",\"@id\":\"https:\\\/\\\/aktialiiga.fi\\\/naiset\\\/2025-2026\\\/kohti-kautta-2025-2026\\\/kohti-kautta-dicken-11\\\/#primaryimage\",\"url\":\"https:\\\/\\\/aktialiiga.fi\\\/naiset\\\/wp-content\\\/uploads\\\/sites\\\/6\\\/2024\\\/10\\\/dicken_24-25-scaled.jpg\",\"contentUrl\":\"https:\\\/\\\/aktialiiga.fi\\\/naiset\\\/wp-content\\\/uploads\\\/sites\\\/6\\\/2024\\\/10\\\/dicken_24-25-scaled.jpg\",\"width\":2560,\"height\":1707},{\"@type\":\"BreadcrumbList\",\"@id\":\"https:\\\/\\\/aktialiiga.fi\\\/naiset\\\/2025-2026\\\/kohti-kautta-2025-2026\\\/kohti-kautta-dicken-11\\\/#breadcrumb\",\"itemListElement\":[{\"@type\":\"ListItem\",\"position\":1,\"name\":\"Etusivu\",\"item\":\"https:\\\/\\\/aktialiiga.fi\\\/naiset\\\/\"},{\"@type\":\"ListItem\",\"position\":2,\"name\":\"Kohti kautta: Dicken\"}]},{\"@type\":\"WebSite\",\"@id\":\"https:\\\/\\\/aktialiiga.fi\\\/naiset\\\/#website\",\"url\":\"https:\\\/\\\/aktialiiga.fi\\\/naiset\\\/\",\"name\":\"K\u00e4sipallon naisten Aktialiiga\",\"description\":\"Valtakunnan vauhdikkainta palloilua!\",\"publisher\":{\"@id\":\"https:\\\/\\\/aktialiiga.fi\\\/naiset\\\/#organization\"},\"potentialAction\":[{\"@type\":\"SearchAction\",\"target\":{\"@type\":\"EntryPoint\",\"urlTemplate\":\"https:\\\/\\\/aktialiiga.fi\\\/naiset\\\/?s={search_term_string}\"},\"query-input\":{\"@type\":\"PropertyValueSpecification\",\"valueRequired\":true,\"valueName\":\"search_term_string\"}}],\"inLanguage\":\"fi\"},{\"@type\":\"Organization\",\"@id\":\"https:\\\/\\\/aktialiiga.fi\\\/naiset\\\/#organization\",\"name\":\"K\u00e4sipallon naisten Aktialiiga\",\"url\":\"https:\\\/\\\/aktialiiga.fi\\\/naiset\\\/\",\"logo\":{\"@type\":\"ImageObject\",\"inLanguage\":\"fi\",\"@id\":\"https:\\\/\\\/aktialiiga.fi\\\/naiset\\\/#\\\/schema\\\/logo\\\/image\\\/\",\"url\":\"https:\\\/\\\/aktialiiga.fi\\\/naiset\\\/wp-content\\\/uploads\\\/sites\\\/6\\\/2024\\\/09\\\/Aktialiiga-Yoast-512.png\",\"contentUrl\":\"https:\\\/\\\/aktialiiga.fi\\\/naiset\\\/wp-content\\\/uploads\\\/sites\\\/6\\\/2024\\\/09\\\/Aktialiiga-Yoast-512.png\",\"width\":512,\"height\":512,\"caption\":\"K\u00e4sipallon naisten Aktialiiga\"},\"image\":{\"@id\":\"https:\\\/\\\/aktialiiga.fi\\\/naiset\\\/#\\\/schema\\\/logo\\\/image\\\/\"},\"sameAs\":[\"https:\\\/\\\/www.facebook.com\\\/finnhandball\",\"https:\\\/\\\/x.com\\\/finnhandball\",\"https:\\\/\\\/www.instagram.com\\\/handballfinland\\\/\"]},{\"@type\":\"Person\",\"@id\":\"https:\\\/\\\/aktialiiga.fi\\\/naiset\\\/#\\\/schema\\\/person\\\/c14bf42f47041db74603c45afcb18d87\",\"name\":\"tbrmedia\",\"image\":{\"@type\":\"ImageObject\",\"inLanguage\":\"fi\",\"@id\":\"https:\\\/\\\/secure.gravatar.com\\\/avatar\\\/ee975fa091fe581d12b60debb3439022686618368a7c142044c56724d4666b16?s=96&d=mm&r=g\",\"url\":\"https:\\\/\\\/secure.gravatar.com\\\/avatar\\\/ee975fa091fe581d12b60debb3439022686618368a7c142044c56724d4666b16?s=96&d=mm&r=g\",\"contentUrl\":\"https:\\\/\\\/secure.gravatar.com\\\/avatar\\\/ee975fa091fe581d12b60debb3439022686618368a7c142044c56724d4666b16?s=96&d=mm&r=g\",\"caption\":\"tbrmedia\"}}]}<\/script>\n<!-- \/ Yoast SEO plugin. -->","yoast_head_json":{"title":"Kohti kautta: Dicken | K\u00e4sipallon naisten Aktialiiga","description":"Dicken l\u00e4htee kauteen isojen muutosten j\u00e4lkeen. Se ei kuitenkaan vaikuta joukkueen tavoitteisiin.","robots":{"index":"index","follow":"follow","max-snippet":"max-snippet:-1","max-image-preview":"max-image-preview:large","max-video-preview":"max-video-preview:-1"},"canonical":"https:\/\/aktialiiga.fi\/naiset\/2025-2026\/kohti-kautta-2025-2026\/kohti-kautta-dicken-11\/","og_locale":"fi_FI","og_type":"article","og_title":"Kohti kautta: Dicken | K\u00e4sipallon naisten Aktialiiga","og_description":"Dicken l\u00e4htee kauteen isojen muutosten j\u00e4lkeen. Se ei kuitenkaan vaikuta joukkueen tavoitteisiin.","og_url":"https:\/\/aktialiiga.fi\/naiset\/2025-2026\/kohti-kautta-2025-2026\/kohti-kautta-dicken-11\/","og_site_name":"K\u00e4sipallon naisten Aktialiiga","article_publisher":"https:\/\/www.facebook.com\/finnhandball","article_published_time":"2025-09-02T18:31:31+00:00","article_modified_time":"2025-09-03T10:20:59+00:00","og_image":[{"width":2560,"height":1707,"url":"https:\/\/aktialiiga.fi\/naiset\/wp-content\/uploads\/sites\/6\/2024\/10\/dicken_24-25-scaled.jpg","type":"image\/jpeg"}],"author":"tbrmedia","twitter_card":"summary_large_image","twitter_creator":"@finnhandball","twitter_site":"@finnhandball","schema":{"@context":"https:\/\/schema.org","@graph":[{"@type":"Article","@id":"https:\/\/aktialiiga.fi\/naiset\/2025-2026\/kohti-kautta-2025-2026\/kohti-kautta-dicken-11\/#article","isPartOf":{"@id":"https:\/\/aktialiiga.fi\/naiset\/2025-2026\/kohti-kautta-2025-2026\/kohti-kautta-dicken-11\/"},"author":{"name":"tbrmedia","@id":"https:\/\/aktialiiga.fi\/naiset\/#\/schema\/person\/c14bf42f47041db74603c45afcb18d87"},"headline":"Kohti kautta: Dicken","datePublished":"2025-09-02T18:31:31+00:00","dateModified":"2025-09-03T10:20:59+00:00","mainEntityOfPage":{"@id":"https:\/\/aktialiiga.fi\/naiset\/2025-2026\/kohti-kautta-2025-2026\/kohti-kautta-dicken-11\/"},"wordCount":237,"publisher":{"@id":"https:\/\/aktialiiga.fi\/naiset\/#organization"},"image":{"@id":"https:\/\/aktialiiga.fi\/naiset\/2025-2026\/kohti-kautta-2025-2026\/kohti-kautta-dicken-11\/#primaryimage"},"thumbnailUrl":"https:\/\/aktialiiga.fi\/naiset\/wp-content\/uploads\/sites\/6\/2024\/10\/dicken_24-25-scaled.jpg","keywords":["Dicken"],"articleSection":["Kohti kautta 2025-26"],"inLanguage":"fi"},{"@type":"WebPage","@id":"https:\/\/aktialiiga.fi\/naiset\/2025-2026\/kohti-kautta-2025-2026\/kohti-kautta-dicken-11\/","url":"https:\/\/aktialiiga.fi\/naiset\/2025-2026\/kohti-kautta-2025-2026\/kohti-kautta-dicken-11\/","name":"Kohti kautta: Dicken | K\u00e4sipallon naisten Aktialiiga","isPartOf":{"@id":"https:\/\/aktialiiga.fi\/naiset\/#website"},"primaryImageOfPage":{"@id":"https:\/\/aktialiiga.fi\/naiset\/2025-2026\/kohti-kautta-2025-2026\/kohti-kautta-dicken-11\/#primaryimage"},"image":{"@id":"https:\/\/aktialiiga.fi\/naiset\/2025-2026\/kohti-kautta-2025-2026\/kohti-kautta-dicken-11\/#primaryimage"},"thumbnailUrl":"https:\/\/aktialiiga.fi\/naiset\/wp-content\/uploads\/sites\/6\/2024\/10\/dicken_24-25-scaled.jpg","datePublished":"2025-09-02T18:31:31+00:00","dateModified":"2025-09-03T10:20:59+00:00","description":"Dicken l\u00e4htee kauteen isojen muutosten j\u00e4lkeen. Se ei kuitenkaan vaikuta joukkueen tavoitteisiin.","breadcrumb":{"@id":"https:\/\/aktialiiga.fi\/naiset\/2025-2026\/kohti-kautta-2025-2026\/kohti-kautta-dicken-11\/#breadcrumb"},"inLanguage":"fi","potentialAction":[{"@type":"ReadAction","target":["https:\/\/aktialiiga.fi\/naiset\/2025-2026\/kohti-kautta-2025-2026\/kohti-kautta-dicken-11\/"]}]},{"@type":"ImageObject","inLanguage":"fi","@id":"https:\/\/aktialiiga.fi\/naiset\/2025-2026\/kohti-kautta-2025-2026\/kohti-kautta-dicken-11\/#primaryimage","url":"https:\/\/aktialiiga.fi\/naiset\/wp-content\/uploads\/sites\/6\/2024\/10\/dicken_24-25-scaled.jpg","contentUrl":"https:\/\/aktialiiga.fi\/naiset\/wp-content\/uploads\/sites\/6\/2024\/10\/dicken_24-25-scaled.jpg","width":2560,"height":1707},{"@type":"BreadcrumbList","@id":"https:\/\/aktialiiga.fi\/naiset\/2025-2026\/kohti-kautta-2025-2026\/kohti-kautta-dicken-11\/#breadcrumb","itemListElement":[{"@type":"ListItem","position":1,"name":"Etusivu","item":"https:\/\/aktialiiga.fi\/naiset\/"},{"@type":"ListItem","position":2,"name":"Kohti kautta: Dicken"}]},{"@type":"WebSite","@id":"https:\/\/aktialiiga.fi\/naiset\/#website","url":"https:\/\/aktialiiga.fi\/naiset\/","name":"K\u00e4sipallon naisten Aktialiiga","description":"Valtakunnan vauhdikkainta palloilua!","publisher":{"@id":"https:\/\/aktialiiga.fi\/naiset\/#organization"},"potentialAction":[{"@type":"SearchAction","target":{"@type":"EntryPoint","urlTemplate":"https:\/\/aktialiiga.fi\/naiset\/?s={search_term_string}"},"query-input":{"@type":"PropertyValueSpecification","valueRequired":true,"valueName":"search_term_string"}}],"inLanguage":"fi"},{"@type":"Organization","@id":"https:\/\/aktialiiga.fi\/naiset\/#organization","name":"K\u00e4sipallon naisten Aktialiiga","url":"https:\/\/aktialiiga.fi\/naiset\/","logo":{"@type":"ImageObject","inLanguage":"fi","@id":"https:\/\/aktialiiga.fi\/naiset\/#\/schema\/logo\/image\/","url":"https:\/\/aktialiiga.fi\/naiset\/wp-content\/uploads\/sites\/6\/2024\/09\/Aktialiiga-Yoast-512.png","contentUrl":"https:\/\/aktialiiga.fi\/naiset\/wp-content\/uploads\/sites\/6\/2024\/09\/Aktialiiga-Yoast-512.png","width":512,"height":512,"caption":"K\u00e4sipallon naisten Aktialiiga"},"image":{"@id":"https:\/\/aktialiiga.fi\/naiset\/#\/schema\/logo\/image\/"},"sameAs":["https:\/\/www.facebook.com\/finnhandball","https:\/\/x.com\/finnhandball","https:\/\/www.instagram.com\/handballfinland\/"]},{"@type":"Person","@id":"https:\/\/aktialiiga.fi\/naiset\/#\/schema\/person\/c14bf42f47041db74603c45afcb18d87","name":"tbrmedia","image":{"@type":"ImageObject","inLanguage":"fi","@id":"https:\/\/secure.gravatar.com\/avatar\/ee975fa091fe581d12b60debb3439022686618368a7c142044c56724d4666b16?s=96&d=mm&r=g","url":"https:\/\/secure.gravatar.com\/avatar\/ee975fa091fe581d12b60debb3439022686618368a7c142044c56724d4666b16?s=96&d=mm&r=g","contentUrl":"https:\/\/secure.gravatar.com\/avatar\/ee975fa091fe581d12b60debb3439022686618368a7c142044c56724d4666b16?s=96&d=mm&r=g","caption":"tbrmedia"}}]}},"jetpack_featured_media_url":"https:\/\/aktialiiga.fi\/naiset\/wp-content\/uploads\/sites\/6\/2024\/10\/dicken_24-25-scaled.jpg","jetpack_sharing_enabled":true,"jetpack_shortlink":"https:\/\/wp.me\/pfYhm6-bsS","_links":{"self":[{"href":"https:\/\/aktialiiga.fi\/naiset\/wp-json\/wp\/v2\/posts\/44074","targetHints":{"allow":["GET"]}}],"collection":[{"href":"https:\/\/aktialiiga.fi\/naiset\/wp-json\/wp\/v2\/posts"}],"about":[{"href":"https:\/\/aktialiiga.fi\/naiset\/wp-json\/wp\/v2\/types\/post"}],"author":[{"embeddable":true,"href":"https:\/\/aktialiiga.fi\/naiset\/wp-json\/wp\/v2\/users\/13"}],"replies":[{"embeddable":true,"href":"https:\/\/aktialiiga.fi\/naiset\/wp-json\/wp\/v2\/comments?post=44074"}],"version-history":[{"count":3,"href":"https:\/\/aktialiiga.fi\/naiset\/wp-json\/wp\/v2\/posts\/44074\/revisions"}],"predecessor-version":[{"id":44099,"href":"https:\/\/aktialiiga.fi\/naiset\/wp-json\/wp\/v2\/posts\/44074\/revisions\/44099"}],"wp:featuredmedia":[{"embeddable":true,"href":"https:\/\/aktialiiga.fi\/naiset\/wp-json\/wp\/v2\/media\/41666"}],"wp:attachment":[{"href":"https:\/\/aktialiiga.fi\/naiset\/wp-json\/wp\/v2\/media?parent=44074"}],"wp:term":[{"taxonomy":"category","embeddable":true,"href":"https:\/\/aktialiiga.fi\/naiset\/wp-json\/wp\/v2\/categories?post=44074"},{"taxonomy":"post_tag","embeddable":true,"href":"https:\/\/aktialiiga.fi\/naiset\/wp-json\/wp\/v2\/tags?post=44074"}],"curies":[{"name":"wp","href":"https:\/\/api.w.org\/{rel}","templated":true}]}}