{"id":44091,"date":"2025-09-03T14:06:23","date_gmt":"2025-09-03T11:06:23","guid":{"rendered":"https:\/\/aktialiiga.fi\/naiset\/?p=44091"},"modified":"2025-09-03T13:07:52","modified_gmt":"2025-09-03T10:07:52","slug":"kohti-kautta-bk-46-8","status":"publish","type":"post","link":"https:\/\/aktialiiga.fi\/naiset\/2025-2026\/kohti-kautta-2025-2026\/kohti-kautta-bk-46-8\/","title":{"rendered":"Kohti kautta: BK-46"},"content":{"rendered":"<p>BK-46 taisteli viime kaudella loppuun saakka mitalista j\u00e4\u00e4den lopulta nelj\u00e4nneksi. T\u00e4h\u00e4n kauteen joukkue l\u00e4htee hieman uudistuneena.<\/p>\n<p>BK-46 sijoittui viime kaudella runkosarjassa nelj\u00e4nneksi ja eteni v\u00e4lieriin kaadettuaan Cocksin suoraan 2-0. V\u00e4lieriss\u00e4 se pystyi nappaamaan yhden voiton GrIFK:sta, mutta taipui lopulta v\u00e4lier\u00e4sarjassa 1-3.<\/p>\n<p>Pronssiottelussa se pisti Dickenin tiukoille, mutta h\u00e4visi lopulta yhteismaalein 59-61. T\u00e4h\u00e4n kauteen BK-46 l\u00e4htee osin muuttuneena niin pelaajien kuin taustojen osalta.<\/p>\n<p>Andreas R\u00f6nnberg on ottanut miesten joukkueen ohella my\u00f6s naisten joukkueen n\u00e4ppeihins\u00e4. Pelaajistosta Joanna Perho l\u00e4hti Ruotsiin, Johanna Degerth sek\u00e4 Rebecca Anckar lopettivat ja Iida Maijala keskittyy jatkossa opintoihinsa.<\/p>\n<p>Menetyksi\u00e4 on t\u00e4ytetty viime kaudella B:n SM-sarjan mestaruutta juhlineilla pelaajilla ja lis\u00e4ksi joukkueessa n\u00e4hd\u00e4\u00e4n kova paluumuuttaja, kun Madeleine Lindholm palaa seuraan yli 10 vuoden tauon j\u00e4lkeen.<\/p>\n<p>&#8211; Monta pelaaja lopetti ja yrit\u00e4mme nostaa nuoria tytt\u00f6j\u00e4 nyt mukaan joukkueeseen.<\/p>\n<p>BK-46:n joukkue onkin sekoitus nuoruutta ja kokemusta, kun Lindholmin lis\u00e4ksi Jannica Laukkanen, Jannica Kullberg sek\u00e4 Sirja Lassinharju-Heinonen jatkavat edelleen joukkueessa. Viime kauden maalip\u00f6rssiss\u00e4 toiseksi sijoittunut Patricia Anckar on j\u00e4lleen vuoden kokeneempi, joten BK-46:lla on taas koossa iskukykyinen nippu, joka taistelee mitalisijoista.<\/p>\n<p>R\u00f6nnberg on tuonut mukanaan lis\u00e4\u00e4 vaatimustasoa ja kes\u00e4ll\u00e4 BK-46:n harjoituksissa on juostu aiempaa enemm\u00e4n.<\/p>\n<p>&#8211; Panostamme ja kehit\u00e4mme my\u00f6s treenikulttuuria tytt\u00f6- ja naispuolella. Tavoitteena on pelata tasaisemmin ja olla paremmassa fyysisess\u00e4 kunnossa, R\u00f6nnberg toteaa.<\/p>\n<p>Paremmalla fyysisell\u00e4 kunnolla R\u00f6nnberg hakee etenkin parannusta joukkueen kontrauspelaamiseen, jonka h\u00e4n nostaa yhdeksi joukkueensa ensi kauden vahvuudeksi.<\/p>\n<p>&#8211; Heittovoima ja kontrapeli, R\u00f6nnberg listaa.<\/p>\n<p>BK-46:n kausi alkaa lauantaina Cocksin vieraana.<\/p>\n","protected":false},"excerpt":{"rendered":"<p>BK-46 taisteli viime kaudella loppuun saakka mitalista j\u00e4\u00e4den lopulta nelj\u00e4nneksi. T\u00e4h\u00e4n kauteen joukkue l\u00e4htee hieman uudistuneena. BK-46 sijoittui viime kaudella runkosarjassa nelj\u00e4nneksi ja eteni v\u00e4lieriin kaadettuaan Cocksin suoraan 2-0. V\u00e4lieriss\u00e4 se pystyi nappaamaan yhden voiton GrIFK:sta, mutta taipui lopulta v\u00e4lier\u00e4sarjassa 1-3. Pronssiottelussa se pisti Dickenin tiukoille, mutta h\u00e4visi lopulta yhteismaalein 59-61. T\u00e4h\u00e4n kauteen BK-46 l\u00e4htee [&hellip;]<\/p>\n","protected":false},"author":13,"featured_media":42140,"comment_status":"closed","ping_status":"closed","sticky":false,"template":"","format":"standard","meta":{"_acf_changed":false,"jetpack_post_was_ever_published":false,"_jetpack_newsletter_access":"","_jetpack_dont_email_post_to_subs":false,"_jetpack_newsletter_tier_id":0,"_jetpack_memberships_contains_paywalled_content":false,"_jetpack_memberships_contains_paid_content":false,"footnotes":""},"categories":[273],"tags":[49],"class_list":["post-44091","post","type-post","status-publish","format-standard","has-post-thumbnail","hentry","category-kohti-kautta-2025-2026","tag-bk-46"],"acf":[],"yoast_head":"<!-- This site is optimized with the Yoast SEO plugin v27.5 - https:\/\/yoast.com\/product\/yoast-seo-wordpress\/ -->\n<title>Kohti kautta: BK-46 | K\u00e4sipallon naisten Aktialiiga<\/title>\n<meta name=\"description\" content=\"BK-46 taisteli viime kaudella loppuun saakka mitalista j\u00e4\u00e4den lopulta nelj\u00e4nneksi. T\u00e4h\u00e4n kauteen joukkue l\u00e4htee hieman uudistuneena.\" \/>\n<meta name=\"robots\" content=\"index, follow, max-snippet:-1, max-image-preview:large, max-video-preview:-1\" \/>\n<link rel=\"canonical\" href=\"https:\/\/aktialiiga.fi\/naiset\/2025-2026\/kohti-kautta-2025-2026\/kohti-kautta-bk-46-8\/\" \/>\n<meta property=\"og:locale\" content=\"fi_FI\" \/>\n<meta property=\"og:type\" content=\"article\" \/>\n<meta property=\"og:title\" content=\"Kohti kautta: BK-46 | K\u00e4sipallon naisten Aktialiiga\" \/>\n<meta property=\"og:description\" content=\"BK-46 taisteli viime kaudella loppuun saakka mitalista j\u00e4\u00e4den lopulta nelj\u00e4nneksi. T\u00e4h\u00e4n kauteen joukkue l\u00e4htee hieman uudistuneena.\" \/>\n<meta property=\"og:url\" content=\"https:\/\/aktialiiga.fi\/naiset\/2025-2026\/kohti-kautta-2025-2026\/kohti-kautta-bk-46-8\/\" \/>\n<meta property=\"og:site_name\" content=\"K\u00e4sipallon naisten Aktialiiga\" \/>\n<meta property=\"article:publisher\" content=\"https:\/\/www.facebook.com\/finnhandball\" \/>\n<meta property=\"article:published_time\" content=\"2025-09-03T11:06:23+00:00\" \/>\n<meta property=\"og:image\" content=\"https:\/\/aktialiiga.fi\/naiset\/wp-content\/uploads\/sites\/6\/2024\/12\/anckar_patricia_bk46_2024-25.jpg\" \/>\n\t<meta property=\"og:image:width\" content=\"2251\" \/>\n\t<meta property=\"og:image:height\" content=\"1678\" \/>\n\t<meta property=\"og:image:type\" content=\"image\/jpeg\" \/>\n<meta name=\"author\" content=\"tbrmedia\" \/>\n<meta name=\"twitter:card\" content=\"summary_large_image\" \/>\n<meta name=\"twitter:creator\" content=\"@finnhandball\" \/>\n<meta name=\"twitter:site\" content=\"@finnhandball\" \/>\n<script type=\"application\/ld+json\" class=\"yoast-schema-graph\">{\"@context\":\"https:\\\/\\\/schema.org\",\"@graph\":[{\"@type\":\"Article\",\"@id\":\"https:\\\/\\\/aktialiiga.fi\\\/naiset\\\/2025-2026\\\/kohti-kautta-2025-2026\\\/kohti-kautta-bk-46-8\\\/#article\",\"isPartOf\":{\"@id\":\"https:\\\/\\\/aktialiiga.fi\\\/naiset\\\/2025-2026\\\/kohti-kautta-2025-2026\\\/kohti-kautta-bk-46-8\\\/\"},\"author\":{\"name\":\"tbrmedia\",\"@id\":\"https:\\\/\\\/aktialiiga.fi\\\/naiset\\\/#\\\/schema\\\/person\\\/c14bf42f47041db74603c45afcb18d87\"},\"headline\":\"Kohti kautta: BK-46\",\"datePublished\":\"2025-09-03T11:06:23+00:00\",\"mainEntityOfPage\":{\"@id\":\"https:\\\/\\\/aktialiiga.fi\\\/naiset\\\/2025-2026\\\/kohti-kautta-2025-2026\\\/kohti-kautta-bk-46-8\\\/\"},\"wordCount\":278,\"publisher\":{\"@id\":\"https:\\\/\\\/aktialiiga.fi\\\/naiset\\\/#organization\"},\"image\":{\"@id\":\"https:\\\/\\\/aktialiiga.fi\\\/naiset\\\/2025-2026\\\/kohti-kautta-2025-2026\\\/kohti-kautta-bk-46-8\\\/#primaryimage\"},\"thumbnailUrl\":\"https:\\\/\\\/aktialiiga.fi\\\/naiset\\\/wp-content\\\/uploads\\\/sites\\\/6\\\/2024\\\/12\\\/anckar_patricia_bk46_2024-25.jpg\",\"keywords\":[\"BK-46\"],\"articleSection\":[\"Kohti kautta 2025-26\"],\"inLanguage\":\"fi\"},{\"@type\":\"WebPage\",\"@id\":\"https:\\\/\\\/aktialiiga.fi\\\/naiset\\\/2025-2026\\\/kohti-kautta-2025-2026\\\/kohti-kautta-bk-46-8\\\/\",\"url\":\"https:\\\/\\\/aktialiiga.fi\\\/naiset\\\/2025-2026\\\/kohti-kautta-2025-2026\\\/kohti-kautta-bk-46-8\\\/\",\"name\":\"Kohti kautta: BK-46 | K\u00e4sipallon naisten Aktialiiga\",\"isPartOf\":{\"@id\":\"https:\\\/\\\/aktialiiga.fi\\\/naiset\\\/#website\"},\"primaryImageOfPage\":{\"@id\":\"https:\\\/\\\/aktialiiga.fi\\\/naiset\\\/2025-2026\\\/kohti-kautta-2025-2026\\\/kohti-kautta-bk-46-8\\\/#primaryimage\"},\"image\":{\"@id\":\"https:\\\/\\\/aktialiiga.fi\\\/naiset\\\/2025-2026\\\/kohti-kautta-2025-2026\\\/kohti-kautta-bk-46-8\\\/#primaryimage\"},\"thumbnailUrl\":\"https:\\\/\\\/aktialiiga.fi\\\/naiset\\\/wp-content\\\/uploads\\\/sites\\\/6\\\/2024\\\/12\\\/anckar_patricia_bk46_2024-25.jpg\",\"datePublished\":\"2025-09-03T11:06:23+00:00\",\"description\":\"BK-46 taisteli viime kaudella loppuun saakka mitalista j\u00e4\u00e4den lopulta nelj\u00e4nneksi. T\u00e4h\u00e4n kauteen joukkue l\u00e4htee hieman uudistuneena.\",\"breadcrumb\":{\"@id\":\"https:\\\/\\\/aktialiiga.fi\\\/naiset\\\/2025-2026\\\/kohti-kautta-2025-2026\\\/kohti-kautta-bk-46-8\\\/#breadcrumb\"},\"inLanguage\":\"fi\",\"potentialAction\":[{\"@type\":\"ReadAction\",\"target\":[\"https:\\\/\\\/aktialiiga.fi\\\/naiset\\\/2025-2026\\\/kohti-kautta-2025-2026\\\/kohti-kautta-bk-46-8\\\/\"]}]},{\"@type\":\"ImageObject\",\"inLanguage\":\"fi\",\"@id\":\"https:\\\/\\\/aktialiiga.fi\\\/naiset\\\/2025-2026\\\/kohti-kautta-2025-2026\\\/kohti-kautta-bk-46-8\\\/#primaryimage\",\"url\":\"https:\\\/\\\/aktialiiga.fi\\\/naiset\\\/wp-content\\\/uploads\\\/sites\\\/6\\\/2024\\\/12\\\/anckar_patricia_bk46_2024-25.jpg\",\"contentUrl\":\"https:\\\/\\\/aktialiiga.fi\\\/naiset\\\/wp-content\\\/uploads\\\/sites\\\/6\\\/2024\\\/12\\\/anckar_patricia_bk46_2024-25.jpg\",\"width\":2251,\"height\":1678},{\"@type\":\"BreadcrumbList\",\"@id\":\"https:\\\/\\\/aktialiiga.fi\\\/naiset\\\/2025-2026\\\/kohti-kautta-2025-2026\\\/kohti-kautta-bk-46-8\\\/#breadcrumb\",\"itemListElement\":[{\"@type\":\"ListItem\",\"position\":1,\"name\":\"Etusivu\",\"item\":\"https:\\\/\\\/aktialiiga.fi\\\/naiset\\\/\"},{\"@type\":\"ListItem\",\"position\":2,\"name\":\"Kohti kautta: BK-46\"}]},{\"@type\":\"WebSite\",\"@id\":\"https:\\\/\\\/aktialiiga.fi\\\/naiset\\\/#website\",\"url\":\"https:\\\/\\\/aktialiiga.fi\\\/naiset\\\/\",\"name\":\"K\u00e4sipallon naisten Aktialiiga\",\"description\":\"Valtakunnan vauhdikkainta palloilua!\",\"publisher\":{\"@id\":\"https:\\\/\\\/aktialiiga.fi\\\/naiset\\\/#organization\"},\"potentialAction\":[{\"@type\":\"SearchAction\",\"target\":{\"@type\":\"EntryPoint\",\"urlTemplate\":\"https:\\\/\\\/aktialiiga.fi\\\/naiset\\\/?s={search_term_string}\"},\"query-input\":{\"@type\":\"PropertyValueSpecification\",\"valueRequired\":true,\"valueName\":\"search_term_string\"}}],\"inLanguage\":\"fi\"},{\"@type\":\"Organization\",\"@id\":\"https:\\\/\\\/aktialiiga.fi\\\/naiset\\\/#organization\",\"name\":\"K\u00e4sipallon naisten Aktialiiga\",\"url\":\"https:\\\/\\\/aktialiiga.fi\\\/naiset\\\/\",\"logo\":{\"@type\":\"ImageObject\",\"inLanguage\":\"fi\",\"@id\":\"https:\\\/\\\/aktialiiga.fi\\\/naiset\\\/#\\\/schema\\\/logo\\\/image\\\/\",\"url\":\"https:\\\/\\\/aktialiiga.fi\\\/naiset\\\/wp-content\\\/uploads\\\/sites\\\/6\\\/2024\\\/09\\\/Aktialiiga-Yoast-512.png\",\"contentUrl\":\"https:\\\/\\\/aktialiiga.fi\\\/naiset\\\/wp-content\\\/uploads\\\/sites\\\/6\\\/2024\\\/09\\\/Aktialiiga-Yoast-512.png\",\"width\":512,\"height\":512,\"caption\":\"K\u00e4sipallon naisten Aktialiiga\"},\"image\":{\"@id\":\"https:\\\/\\\/aktialiiga.fi\\\/naiset\\\/#\\\/schema\\\/logo\\\/image\\\/\"},\"sameAs\":[\"https:\\\/\\\/www.facebook.com\\\/finnhandball\",\"https:\\\/\\\/x.com\\\/finnhandball\",\"https:\\\/\\\/www.instagram.com\\\/handballfinland\\\/\"]},{\"@type\":\"Person\",\"@id\":\"https:\\\/\\\/aktialiiga.fi\\\/naiset\\\/#\\\/schema\\\/person\\\/c14bf42f47041db74603c45afcb18d87\",\"name\":\"tbrmedia\",\"image\":{\"@type\":\"ImageObject\",\"inLanguage\":\"fi\",\"@id\":\"https:\\\/\\\/secure.gravatar.com\\\/avatar\\\/ee975fa091fe581d12b60debb3439022686618368a7c142044c56724d4666b16?s=96&d=mm&r=g\",\"url\":\"https:\\\/\\\/secure.gravatar.com\\\/avatar\\\/ee975fa091fe581d12b60debb3439022686618368a7c142044c56724d4666b16?s=96&d=mm&r=g\",\"contentUrl\":\"https:\\\/\\\/secure.gravatar.com\\\/avatar\\\/ee975fa091fe581d12b60debb3439022686618368a7c142044c56724d4666b16?s=96&d=mm&r=g\",\"caption\":\"tbrmedia\"}}]}<\/script>\n<!-- \/ Yoast SEO plugin. -->","yoast_head_json":{"title":"Kohti kautta: BK-46 | K\u00e4sipallon naisten Aktialiiga","description":"BK-46 taisteli viime kaudella loppuun saakka mitalista j\u00e4\u00e4den lopulta nelj\u00e4nneksi. T\u00e4h\u00e4n kauteen joukkue l\u00e4htee hieman uudistuneena.","robots":{"index":"index","follow":"follow","max-snippet":"max-snippet:-1","max-image-preview":"max-image-preview:large","max-video-preview":"max-video-preview:-1"},"canonical":"https:\/\/aktialiiga.fi\/naiset\/2025-2026\/kohti-kautta-2025-2026\/kohti-kautta-bk-46-8\/","og_locale":"fi_FI","og_type":"article","og_title":"Kohti kautta: BK-46 | K\u00e4sipallon naisten Aktialiiga","og_description":"BK-46 taisteli viime kaudella loppuun saakka mitalista j\u00e4\u00e4den lopulta nelj\u00e4nneksi. T\u00e4h\u00e4n kauteen joukkue l\u00e4htee hieman uudistuneena.","og_url":"https:\/\/aktialiiga.fi\/naiset\/2025-2026\/kohti-kautta-2025-2026\/kohti-kautta-bk-46-8\/","og_site_name":"K\u00e4sipallon naisten Aktialiiga","article_publisher":"https:\/\/www.facebook.com\/finnhandball","article_published_time":"2025-09-03T11:06:23+00:00","og_image":[{"width":2251,"height":1678,"url":"https:\/\/aktialiiga.fi\/naiset\/wp-content\/uploads\/sites\/6\/2024\/12\/anckar_patricia_bk46_2024-25.jpg","type":"image\/jpeg"}],"author":"tbrmedia","twitter_card":"summary_large_image","twitter_creator":"@finnhandball","twitter_site":"@finnhandball","schema":{"@context":"https:\/\/schema.org","@graph":[{"@type":"Article","@id":"https:\/\/aktialiiga.fi\/naiset\/2025-2026\/kohti-kautta-2025-2026\/kohti-kautta-bk-46-8\/#article","isPartOf":{"@id":"https:\/\/aktialiiga.fi\/naiset\/2025-2026\/kohti-kautta-2025-2026\/kohti-kautta-bk-46-8\/"},"author":{"name":"tbrmedia","@id":"https:\/\/aktialiiga.fi\/naiset\/#\/schema\/person\/c14bf42f47041db74603c45afcb18d87"},"headline":"Kohti kautta: BK-46","datePublished":"2025-09-03T11:06:23+00:00","mainEntityOfPage":{"@id":"https:\/\/aktialiiga.fi\/naiset\/2025-2026\/kohti-kautta-2025-2026\/kohti-kautta-bk-46-8\/"},"wordCount":278,"publisher":{"@id":"https:\/\/aktialiiga.fi\/naiset\/#organization"},"image":{"@id":"https:\/\/aktialiiga.fi\/naiset\/2025-2026\/kohti-kautta-2025-2026\/kohti-kautta-bk-46-8\/#primaryimage"},"thumbnailUrl":"https:\/\/aktialiiga.fi\/naiset\/wp-content\/uploads\/sites\/6\/2024\/12\/anckar_patricia_bk46_2024-25.jpg","keywords":["BK-46"],"articleSection":["Kohti kautta 2025-26"],"inLanguage":"fi"},{"@type":"WebPage","@id":"https:\/\/aktialiiga.fi\/naiset\/2025-2026\/kohti-kautta-2025-2026\/kohti-kautta-bk-46-8\/","url":"https:\/\/aktialiiga.fi\/naiset\/2025-2026\/kohti-kautta-2025-2026\/kohti-kautta-bk-46-8\/","name":"Kohti kautta: BK-46 | K\u00e4sipallon naisten Aktialiiga","isPartOf":{"@id":"https:\/\/aktialiiga.fi\/naiset\/#website"},"primaryImageOfPage":{"@id":"https:\/\/aktialiiga.fi\/naiset\/2025-2026\/kohti-kautta-2025-2026\/kohti-kautta-bk-46-8\/#primaryimage"},"image":{"@id":"https:\/\/aktialiiga.fi\/naiset\/2025-2026\/kohti-kautta-2025-2026\/kohti-kautta-bk-46-8\/#primaryimage"},"thumbnailUrl":"https:\/\/aktialiiga.fi\/naiset\/wp-content\/uploads\/sites\/6\/2024\/12\/anckar_patricia_bk46_2024-25.jpg","datePublished":"2025-09-03T11:06:23+00:00","description":"BK-46 taisteli viime kaudella loppuun saakka mitalista j\u00e4\u00e4den lopulta nelj\u00e4nneksi. T\u00e4h\u00e4n kauteen joukkue l\u00e4htee hieman uudistuneena.","breadcrumb":{"@id":"https:\/\/aktialiiga.fi\/naiset\/2025-2026\/kohti-kautta-2025-2026\/kohti-kautta-bk-46-8\/#breadcrumb"},"inLanguage":"fi","potentialAction":[{"@type":"ReadAction","target":["https:\/\/aktialiiga.fi\/naiset\/2025-2026\/kohti-kautta-2025-2026\/kohti-kautta-bk-46-8\/"]}]},{"@type":"ImageObject","inLanguage":"fi","@id":"https:\/\/aktialiiga.fi\/naiset\/2025-2026\/kohti-kautta-2025-2026\/kohti-kautta-bk-46-8\/#primaryimage","url":"https:\/\/aktialiiga.fi\/naiset\/wp-content\/uploads\/sites\/6\/2024\/12\/anckar_patricia_bk46_2024-25.jpg","contentUrl":"https:\/\/aktialiiga.fi\/naiset\/wp-content\/uploads\/sites\/6\/2024\/12\/anckar_patricia_bk46_2024-25.jpg","width":2251,"height":1678},{"@type":"BreadcrumbList","@id":"https:\/\/aktialiiga.fi\/naiset\/2025-2026\/kohti-kautta-2025-2026\/kohti-kautta-bk-46-8\/#breadcrumb","itemListElement":[{"@type":"ListItem","position":1,"name":"Etusivu","item":"https:\/\/aktialiiga.fi\/naiset\/"},{"@type":"ListItem","position":2,"name":"Kohti kautta: BK-46"}]},{"@type":"WebSite","@id":"https:\/\/aktialiiga.fi\/naiset\/#website","url":"https:\/\/aktialiiga.fi\/naiset\/","name":"K\u00e4sipallon naisten Aktialiiga","description":"Valtakunnan vauhdikkainta palloilua!","publisher":{"@id":"https:\/\/aktialiiga.fi\/naiset\/#organization"},"potentialAction":[{"@type":"SearchAction","target":{"@type":"EntryPoint","urlTemplate":"https:\/\/aktialiiga.fi\/naiset\/?s={search_term_string}"},"query-input":{"@type":"PropertyValueSpecification","valueRequired":true,"valueName":"search_term_string"}}],"inLanguage":"fi"},{"@type":"Organization","@id":"https:\/\/aktialiiga.fi\/naiset\/#organization","name":"K\u00e4sipallon naisten Aktialiiga","url":"https:\/\/aktialiiga.fi\/naiset\/","logo":{"@type":"ImageObject","inLanguage":"fi","@id":"https:\/\/aktialiiga.fi\/naiset\/#\/schema\/logo\/image\/","url":"https:\/\/aktialiiga.fi\/naiset\/wp-content\/uploads\/sites\/6\/2024\/09\/Aktialiiga-Yoast-512.png","contentUrl":"https:\/\/aktialiiga.fi\/naiset\/wp-content\/uploads\/sites\/6\/2024\/09\/Aktialiiga-Yoast-512.png","width":512,"height":512,"caption":"K\u00e4sipallon naisten Aktialiiga"},"image":{"@id":"https:\/\/aktialiiga.fi\/naiset\/#\/schema\/logo\/image\/"},"sameAs":["https:\/\/www.facebook.com\/finnhandball","https:\/\/x.com\/finnhandball","https:\/\/www.instagram.com\/handballfinland\/"]},{"@type":"Person","@id":"https:\/\/aktialiiga.fi\/naiset\/#\/schema\/person\/c14bf42f47041db74603c45afcb18d87","name":"tbrmedia","image":{"@type":"ImageObject","inLanguage":"fi","@id":"https:\/\/secure.gravatar.com\/avatar\/ee975fa091fe581d12b60debb3439022686618368a7c142044c56724d4666b16?s=96&d=mm&r=g","url":"https:\/\/secure.gravatar.com\/avatar\/ee975fa091fe581d12b60debb3439022686618368a7c142044c56724d4666b16?s=96&d=mm&r=g","contentUrl":"https:\/\/secure.gravatar.com\/avatar\/ee975fa091fe581d12b60debb3439022686618368a7c142044c56724d4666b16?s=96&d=mm&r=g","caption":"tbrmedia"}}]}},"jetpack_featured_media_url":"https:\/\/aktialiiga.fi\/naiset\/wp-content\/uploads\/sites\/6\/2024\/12\/anckar_patricia_bk46_2024-25.jpg","jetpack_sharing_enabled":true,"jetpack_shortlink":"https:\/\/wp.me\/pfYhm6-bt9","_links":{"self":[{"href":"https:\/\/aktialiiga.fi\/naiset\/wp-json\/wp\/v2\/posts\/44091","targetHints":{"allow":["GET"]}}],"collection":[{"href":"https:\/\/aktialiiga.fi\/naiset\/wp-json\/wp\/v2\/posts"}],"about":[{"href":"https:\/\/aktialiiga.fi\/naiset\/wp-json\/wp\/v2\/types\/post"}],"author":[{"embeddable":true,"href":"https:\/\/aktialiiga.fi\/naiset\/wp-json\/wp\/v2\/users\/13"}],"replies":[{"embeddable":true,"href":"https:\/\/aktialiiga.fi\/naiset\/wp-json\/wp\/v2\/comments?post=44091"}],"version-history":[{"count":2,"href":"https:\/\/aktialiiga.fi\/naiset\/wp-json\/wp\/v2\/posts\/44091\/revisions"}],"predecessor-version":[{"id":44093,"href":"https:\/\/aktialiiga.fi\/naiset\/wp-json\/wp\/v2\/posts\/44091\/revisions\/44093"}],"wp:featuredmedia":[{"embeddable":true,"href":"https:\/\/aktialiiga.fi\/naiset\/wp-json\/wp\/v2\/media\/42140"}],"wp:attachment":[{"href":"https:\/\/aktialiiga.fi\/naiset\/wp-json\/wp\/v2\/media?parent=44091"}],"wp:term":[{"taxonomy":"category","embeddable":true,"href":"https:\/\/aktialiiga.fi\/naiset\/wp-json\/wp\/v2\/categories?post=44091"},{"taxonomy":"post_tag","embeddable":true,"href":"https:\/\/aktialiiga.fi\/naiset\/wp-json\/wp\/v2\/tags?post=44091"}],"curies":[{"name":"wp","href":"https:\/\/api.w.org\/{rel}","templated":true}]}}