{"id":44152,"date":"2025-09-04T22:47:07","date_gmt":"2025-09-04T19:47:07","guid":{"rendered":"https:\/\/aktialiiga.fi\/naiset\/?p=44152"},"modified":"2025-09-05T10:00:14","modified_gmt":"2025-09-05T07:00:14","slug":"kohti-kautta-sif-11","status":"publish","type":"post","link":"https:\/\/aktialiiga.fi\/naiset\/2025-2026\/kohti-kautta-2025-2026\/kohti-kautta-sif-11\/","title":{"rendered":"Kohti kautta: SIF"},"content":{"rendered":"<p>Vaikean viime kauden j\u00e4lkeen SIF l\u00e4htee hakemaan uutta nousua uudessa opissa. Tuore p\u00e4\u00e4valmentaja Viljami Kuntsi uskoo SIF:n pystyv\u00e4n parantamaan viime kaudesta.<\/p>\n<p>SIF h\u00e4visi viime kaudella kaikki ottelunsa. \u00a0Seura p\u00e4\u00e4tti hakea muutosta, kun se palkkasi Atlasta viime kaudella valmentaneen Viljami Kuntsin. H\u00e4n n\u00e4ki SIF:n tuskan viime kaudella vastustajan leirin puolelta ja uskoo pystyv\u00e4ns\u00e4 auttamaan joukkuetta.<\/p>\n<p>&#8211; Viime kausi oli Siuntiolle vaikea. Peli ei oikein l\u00e4htenyt toimimaan kauden aikana. Koska en valmentanut heit\u00e4 silloin, en tartu siihen enemp\u00e4\u00e4.<\/p>\n<p>&#8211; Viime kaudella Siuntio pelasi mielest\u00e4ni heille ep\u00e4sopivaa peli\u00e4. T\u00e4lle kaudelle tulemme lis\u00e4\u00e4m\u00e4\u00e4n etenkin vauhtia peliin sek\u00e4 rohkeutta suorituksiin, Kuntsi avaa tulevan kauden suunnitelmia.<\/p>\n<p>Vaikeasta viime kaudesta huolimatta SIF l\u00e4htee kauteen menestym\u00e4\u00e4n.<\/p>\n<p>&#8211; Olemme yhdess\u00e4 joukkueen kanssa sopineet tavoitteeksi mitalin. Kaikki olivat yht\u00e4 mielt\u00e4, ett\u00e4 SM-sarjassa ei voi muuta v\u00e4himm\u00e4istavoitetta olla. Ymm\u00e4rr\u00e4mme tietysti my\u00f6s realiteetit ja tiedostamme ty\u00f6n m\u00e4\u00e4r\u00e4n, joka on viel\u00e4 teht\u00e4v\u00e4 ennen tavoitteemme saavuttamista.<\/p>\n<p>Muutokset SIF:n joukkueessa ovat j\u00e4\u00e4neet v\u00e4h\u00e4isiksi, mutta menetykset ovat olleet kovaa luokkaa. Madeleine Lindholm palasi BK-46:n riveihin ja viime kauden paras maalintekij\u00e4 Laura K\u00e4rner j\u00e4tti my\u00f6s joukkueen.<\/p>\n<p>&#8211; Suurin vahvuutemme on verrattain nuori ja ison potentiaalin omaava joukkue, joka on valmis tekem\u00e4\u00e4n t\u00f6it\u00e4 ja kehittym\u00e4\u00e4n. Lis\u00e4ksi pari kokeneempaa pelaajaa tuo tasapainottavaa suoritusvarmuutta, Kuntsi kuvailee joukkuettaan.<\/p>\n<p>Kuntsi uskoo, ett\u00e4 viime kaudella l\u00e4pimurtokautenaan 64 maalia heitt\u00e4nyt Iina Kajasviita on valmis t\u00e4ytt\u00e4m\u00e4\u00e4n K\u00e4rnerin j\u00e4tt\u00e4m\u00e4t saappaat.<\/p>\n<p>&#8211; Viime kaudella Iina Kajasviita teki l\u00e4pimurtonsa ja h\u00e4nelt\u00e4 sopii odottaa lis\u00e4\u00e4 onnistumisia. H\u00e4nen lis\u00e4kseen nuorista pelaajistamme nousee varmasti useampikin pelaaja yleis\u00f6n tietoisuuteen t\u00e4ll\u00e4 kaudella.<\/p>\n<p>SIF em\u00e4nn\u00f6i kauden avauksessaan HIFK:ta.<\/p>\n","protected":false},"excerpt":{"rendered":"<p>Vaikean viime kauden j\u00e4lkeen SIF l\u00e4htee hakemaan uutta nousua uudessa opissa. Tuore p\u00e4\u00e4valmentaja Viljami Kuntsi uskoo SIF:n pystyv\u00e4n parantamaan viime kaudesta. SIF h\u00e4visi viime kaudella kaikki ottelunsa. \u00a0Seura p\u00e4\u00e4tti hakea muutosta, kun se palkkasi Atlasta viime kaudella valmentaneen Viljami Kuntsin. H\u00e4n n\u00e4ki SIF:n tuskan viime kaudella vastustajan leirin puolelta ja uskoo pystyv\u00e4ns\u00e4 auttamaan joukkuetta. &#8211; [&hellip;]<\/p>\n","protected":false},"author":13,"featured_media":42160,"comment_status":"closed","ping_status":"closed","sticky":false,"template":"","format":"standard","meta":{"_acf_changed":false,"jetpack_post_was_ever_published":false,"_jetpack_newsletter_access":"","_jetpack_dont_email_post_to_subs":false,"_jetpack_newsletter_tier_id":0,"_jetpack_memberships_contains_paywalled_content":false,"_jetpack_memberships_contains_paid_content":false,"footnotes":""},"categories":[273],"tags":[81],"class_list":["post-44152","post","type-post","status-publish","format-standard","has-post-thumbnail","hentry","category-kohti-kautta-2025-2026","tag-sif"],"acf":[],"yoast_head":"<!-- This site is optimized with the Yoast SEO plugin v27.5 - https:\/\/yoast.com\/product\/yoast-seo-wordpress\/ -->\n<title>Kohti kautta: SIF | K\u00e4sipallon naisten Aktialiiga<\/title>\n<meta name=\"description\" content=\"Vaikean viime kauden j\u00e4lkeen SIF l\u00e4htee hakemaan uutta nousua uudessa opissa. Viljami Kuntsi uskoo SIF:n pystyv\u00e4n parantamaan viime kaudesta.\" \/>\n<meta name=\"robots\" content=\"index, follow, max-snippet:-1, max-image-preview:large, max-video-preview:-1\" \/>\n<link rel=\"canonical\" href=\"https:\/\/aktialiiga.fi\/naiset\/2025-2026\/kohti-kautta-2025-2026\/kohti-kautta-sif-11\/\" \/>\n<meta property=\"og:locale\" content=\"fi_FI\" \/>\n<meta property=\"og:type\" content=\"article\" \/>\n<meta property=\"og:title\" content=\"Kohti kautta: SIF | K\u00e4sipallon naisten Aktialiiga\" \/>\n<meta property=\"og:description\" content=\"Vaikean viime kauden j\u00e4lkeen SIF l\u00e4htee hakemaan uutta nousua uudessa opissa. Viljami Kuntsi uskoo SIF:n pystyv\u00e4n parantamaan viime kaudesta.\" \/>\n<meta property=\"og:url\" content=\"https:\/\/aktialiiga.fi\/naiset\/2025-2026\/kohti-kautta-2025-2026\/kohti-kautta-sif-11\/\" \/>\n<meta property=\"og:site_name\" content=\"K\u00e4sipallon naisten Aktialiiga\" \/>\n<meta property=\"article:publisher\" content=\"https:\/\/www.facebook.com\/finnhandball\" \/>\n<meta property=\"article:published_time\" content=\"2025-09-04T19:47:07+00:00\" \/>\n<meta property=\"article:modified_time\" content=\"2025-09-05T07:00:14+00:00\" \/>\n<meta property=\"og:image\" content=\"https:\/\/aktialiiga.fi\/naiset\/wp-content\/uploads\/sites\/6\/2024\/12\/sif_24-25-scaled.jpg\" \/>\n\t<meta property=\"og:image:width\" content=\"2560\" \/>\n\t<meta property=\"og:image:height\" content=\"1707\" \/>\n\t<meta property=\"og:image:type\" content=\"image\/jpeg\" \/>\n<meta name=\"author\" content=\"tbrmedia\" \/>\n<meta name=\"twitter:card\" content=\"summary_large_image\" \/>\n<meta name=\"twitter:creator\" content=\"@finnhandball\" \/>\n<meta name=\"twitter:site\" content=\"@finnhandball\" \/>\n<script type=\"application\/ld+json\" class=\"yoast-schema-graph\">{\"@context\":\"https:\\\/\\\/schema.org\",\"@graph\":[{\"@type\":\"Article\",\"@id\":\"https:\\\/\\\/aktialiiga.fi\\\/naiset\\\/2025-2026\\\/kohti-kautta-2025-2026\\\/kohti-kautta-sif-11\\\/#article\",\"isPartOf\":{\"@id\":\"https:\\\/\\\/aktialiiga.fi\\\/naiset\\\/2025-2026\\\/kohti-kautta-2025-2026\\\/kohti-kautta-sif-11\\\/\"},\"author\":{\"name\":\"tbrmedia\",\"@id\":\"https:\\\/\\\/aktialiiga.fi\\\/naiset\\\/#\\\/schema\\\/person\\\/c14bf42f47041db74603c45afcb18d87\"},\"headline\":\"Kohti kautta: SIF\",\"datePublished\":\"2025-09-04T19:47:07+00:00\",\"dateModified\":\"2025-09-05T07:00:14+00:00\",\"mainEntityOfPage\":{\"@id\":\"https:\\\/\\\/aktialiiga.fi\\\/naiset\\\/2025-2026\\\/kohti-kautta-2025-2026\\\/kohti-kautta-sif-11\\\/\"},\"wordCount\":304,\"publisher\":{\"@id\":\"https:\\\/\\\/aktialiiga.fi\\\/naiset\\\/#organization\"},\"image\":{\"@id\":\"https:\\\/\\\/aktialiiga.fi\\\/naiset\\\/2025-2026\\\/kohti-kautta-2025-2026\\\/kohti-kautta-sif-11\\\/#primaryimage\"},\"thumbnailUrl\":\"https:\\\/\\\/aktialiiga.fi\\\/naiset\\\/wp-content\\\/uploads\\\/sites\\\/6\\\/2024\\\/12\\\/sif_24-25-scaled.jpg\",\"keywords\":[\"SIF\"],\"articleSection\":[\"Kohti kautta 2025-26\"],\"inLanguage\":\"fi\"},{\"@type\":\"WebPage\",\"@id\":\"https:\\\/\\\/aktialiiga.fi\\\/naiset\\\/2025-2026\\\/kohti-kautta-2025-2026\\\/kohti-kautta-sif-11\\\/\",\"url\":\"https:\\\/\\\/aktialiiga.fi\\\/naiset\\\/2025-2026\\\/kohti-kautta-2025-2026\\\/kohti-kautta-sif-11\\\/\",\"name\":\"Kohti kautta: SIF | K\u00e4sipallon naisten Aktialiiga\",\"isPartOf\":{\"@id\":\"https:\\\/\\\/aktialiiga.fi\\\/naiset\\\/#website\"},\"primaryImageOfPage\":{\"@id\":\"https:\\\/\\\/aktialiiga.fi\\\/naiset\\\/2025-2026\\\/kohti-kautta-2025-2026\\\/kohti-kautta-sif-11\\\/#primaryimage\"},\"image\":{\"@id\":\"https:\\\/\\\/aktialiiga.fi\\\/naiset\\\/2025-2026\\\/kohti-kautta-2025-2026\\\/kohti-kautta-sif-11\\\/#primaryimage\"},\"thumbnailUrl\":\"https:\\\/\\\/aktialiiga.fi\\\/naiset\\\/wp-content\\\/uploads\\\/sites\\\/6\\\/2024\\\/12\\\/sif_24-25-scaled.jpg\",\"datePublished\":\"2025-09-04T19:47:07+00:00\",\"dateModified\":\"2025-09-05T07:00:14+00:00\",\"description\":\"Vaikean viime kauden j\u00e4lkeen SIF l\u00e4htee hakemaan uutta nousua uudessa opissa. Viljami Kuntsi uskoo SIF:n pystyv\u00e4n parantamaan viime kaudesta.\",\"breadcrumb\":{\"@id\":\"https:\\\/\\\/aktialiiga.fi\\\/naiset\\\/2025-2026\\\/kohti-kautta-2025-2026\\\/kohti-kautta-sif-11\\\/#breadcrumb\"},\"inLanguage\":\"fi\",\"potentialAction\":[{\"@type\":\"ReadAction\",\"target\":[\"https:\\\/\\\/aktialiiga.fi\\\/naiset\\\/2025-2026\\\/kohti-kautta-2025-2026\\\/kohti-kautta-sif-11\\\/\"]}]},{\"@type\":\"ImageObject\",\"inLanguage\":\"fi\",\"@id\":\"https:\\\/\\\/aktialiiga.fi\\\/naiset\\\/2025-2026\\\/kohti-kautta-2025-2026\\\/kohti-kautta-sif-11\\\/#primaryimage\",\"url\":\"https:\\\/\\\/aktialiiga.fi\\\/naiset\\\/wp-content\\\/uploads\\\/sites\\\/6\\\/2024\\\/12\\\/sif_24-25-scaled.jpg\",\"contentUrl\":\"https:\\\/\\\/aktialiiga.fi\\\/naiset\\\/wp-content\\\/uploads\\\/sites\\\/6\\\/2024\\\/12\\\/sif_24-25-scaled.jpg\",\"width\":2560,\"height\":1707},{\"@type\":\"BreadcrumbList\",\"@id\":\"https:\\\/\\\/aktialiiga.fi\\\/naiset\\\/2025-2026\\\/kohti-kautta-2025-2026\\\/kohti-kautta-sif-11\\\/#breadcrumb\",\"itemListElement\":[{\"@type\":\"ListItem\",\"position\":1,\"name\":\"Etusivu\",\"item\":\"https:\\\/\\\/aktialiiga.fi\\\/naiset\\\/\"},{\"@type\":\"ListItem\",\"position\":2,\"name\":\"Kohti kautta: SIF\"}]},{\"@type\":\"WebSite\",\"@id\":\"https:\\\/\\\/aktialiiga.fi\\\/naiset\\\/#website\",\"url\":\"https:\\\/\\\/aktialiiga.fi\\\/naiset\\\/\",\"name\":\"K\u00e4sipallon naisten Aktialiiga\",\"description\":\"Valtakunnan vauhdikkainta palloilua!\",\"publisher\":{\"@id\":\"https:\\\/\\\/aktialiiga.fi\\\/naiset\\\/#organization\"},\"potentialAction\":[{\"@type\":\"SearchAction\",\"target\":{\"@type\":\"EntryPoint\",\"urlTemplate\":\"https:\\\/\\\/aktialiiga.fi\\\/naiset\\\/?s={search_term_string}\"},\"query-input\":{\"@type\":\"PropertyValueSpecification\",\"valueRequired\":true,\"valueName\":\"search_term_string\"}}],\"inLanguage\":\"fi\"},{\"@type\":\"Organization\",\"@id\":\"https:\\\/\\\/aktialiiga.fi\\\/naiset\\\/#organization\",\"name\":\"K\u00e4sipallon naisten Aktialiiga\",\"url\":\"https:\\\/\\\/aktialiiga.fi\\\/naiset\\\/\",\"logo\":{\"@type\":\"ImageObject\",\"inLanguage\":\"fi\",\"@id\":\"https:\\\/\\\/aktialiiga.fi\\\/naiset\\\/#\\\/schema\\\/logo\\\/image\\\/\",\"url\":\"https:\\\/\\\/aktialiiga.fi\\\/naiset\\\/wp-content\\\/uploads\\\/sites\\\/6\\\/2024\\\/09\\\/Aktialiiga-Yoast-512.png\",\"contentUrl\":\"https:\\\/\\\/aktialiiga.fi\\\/naiset\\\/wp-content\\\/uploads\\\/sites\\\/6\\\/2024\\\/09\\\/Aktialiiga-Yoast-512.png\",\"width\":512,\"height\":512,\"caption\":\"K\u00e4sipallon naisten Aktialiiga\"},\"image\":{\"@id\":\"https:\\\/\\\/aktialiiga.fi\\\/naiset\\\/#\\\/schema\\\/logo\\\/image\\\/\"},\"sameAs\":[\"https:\\\/\\\/www.facebook.com\\\/finnhandball\",\"https:\\\/\\\/x.com\\\/finnhandball\",\"https:\\\/\\\/www.instagram.com\\\/handballfinland\\\/\"]},{\"@type\":\"Person\",\"@id\":\"https:\\\/\\\/aktialiiga.fi\\\/naiset\\\/#\\\/schema\\\/person\\\/c14bf42f47041db74603c45afcb18d87\",\"name\":\"tbrmedia\",\"image\":{\"@type\":\"ImageObject\",\"inLanguage\":\"fi\",\"@id\":\"https:\\\/\\\/secure.gravatar.com\\\/avatar\\\/ee975fa091fe581d12b60debb3439022686618368a7c142044c56724d4666b16?s=96&d=mm&r=g\",\"url\":\"https:\\\/\\\/secure.gravatar.com\\\/avatar\\\/ee975fa091fe581d12b60debb3439022686618368a7c142044c56724d4666b16?s=96&d=mm&r=g\",\"contentUrl\":\"https:\\\/\\\/secure.gravatar.com\\\/avatar\\\/ee975fa091fe581d12b60debb3439022686618368a7c142044c56724d4666b16?s=96&d=mm&r=g\",\"caption\":\"tbrmedia\"}}]}<\/script>\n<!-- \/ Yoast SEO plugin. -->","yoast_head_json":{"title":"Kohti kautta: SIF | K\u00e4sipallon naisten Aktialiiga","description":"Vaikean viime kauden j\u00e4lkeen SIF l\u00e4htee hakemaan uutta nousua uudessa opissa. Viljami Kuntsi uskoo SIF:n pystyv\u00e4n parantamaan viime kaudesta.","robots":{"index":"index","follow":"follow","max-snippet":"max-snippet:-1","max-image-preview":"max-image-preview:large","max-video-preview":"max-video-preview:-1"},"canonical":"https:\/\/aktialiiga.fi\/naiset\/2025-2026\/kohti-kautta-2025-2026\/kohti-kautta-sif-11\/","og_locale":"fi_FI","og_type":"article","og_title":"Kohti kautta: SIF | K\u00e4sipallon naisten Aktialiiga","og_description":"Vaikean viime kauden j\u00e4lkeen SIF l\u00e4htee hakemaan uutta nousua uudessa opissa. Viljami Kuntsi uskoo SIF:n pystyv\u00e4n parantamaan viime kaudesta.","og_url":"https:\/\/aktialiiga.fi\/naiset\/2025-2026\/kohti-kautta-2025-2026\/kohti-kautta-sif-11\/","og_site_name":"K\u00e4sipallon naisten Aktialiiga","article_publisher":"https:\/\/www.facebook.com\/finnhandball","article_published_time":"2025-09-04T19:47:07+00:00","article_modified_time":"2025-09-05T07:00:14+00:00","og_image":[{"width":2560,"height":1707,"url":"https:\/\/aktialiiga.fi\/naiset\/wp-content\/uploads\/sites\/6\/2024\/12\/sif_24-25-scaled.jpg","type":"image\/jpeg"}],"author":"tbrmedia","twitter_card":"summary_large_image","twitter_creator":"@finnhandball","twitter_site":"@finnhandball","schema":{"@context":"https:\/\/schema.org","@graph":[{"@type":"Article","@id":"https:\/\/aktialiiga.fi\/naiset\/2025-2026\/kohti-kautta-2025-2026\/kohti-kautta-sif-11\/#article","isPartOf":{"@id":"https:\/\/aktialiiga.fi\/naiset\/2025-2026\/kohti-kautta-2025-2026\/kohti-kautta-sif-11\/"},"author":{"name":"tbrmedia","@id":"https:\/\/aktialiiga.fi\/naiset\/#\/schema\/person\/c14bf42f47041db74603c45afcb18d87"},"headline":"Kohti kautta: SIF","datePublished":"2025-09-04T19:47:07+00:00","dateModified":"2025-09-05T07:00:14+00:00","mainEntityOfPage":{"@id":"https:\/\/aktialiiga.fi\/naiset\/2025-2026\/kohti-kautta-2025-2026\/kohti-kautta-sif-11\/"},"wordCount":304,"publisher":{"@id":"https:\/\/aktialiiga.fi\/naiset\/#organization"},"image":{"@id":"https:\/\/aktialiiga.fi\/naiset\/2025-2026\/kohti-kautta-2025-2026\/kohti-kautta-sif-11\/#primaryimage"},"thumbnailUrl":"https:\/\/aktialiiga.fi\/naiset\/wp-content\/uploads\/sites\/6\/2024\/12\/sif_24-25-scaled.jpg","keywords":["SIF"],"articleSection":["Kohti kautta 2025-26"],"inLanguage":"fi"},{"@type":"WebPage","@id":"https:\/\/aktialiiga.fi\/naiset\/2025-2026\/kohti-kautta-2025-2026\/kohti-kautta-sif-11\/","url":"https:\/\/aktialiiga.fi\/naiset\/2025-2026\/kohti-kautta-2025-2026\/kohti-kautta-sif-11\/","name":"Kohti kautta: SIF | K\u00e4sipallon naisten Aktialiiga","isPartOf":{"@id":"https:\/\/aktialiiga.fi\/naiset\/#website"},"primaryImageOfPage":{"@id":"https:\/\/aktialiiga.fi\/naiset\/2025-2026\/kohti-kautta-2025-2026\/kohti-kautta-sif-11\/#primaryimage"},"image":{"@id":"https:\/\/aktialiiga.fi\/naiset\/2025-2026\/kohti-kautta-2025-2026\/kohti-kautta-sif-11\/#primaryimage"},"thumbnailUrl":"https:\/\/aktialiiga.fi\/naiset\/wp-content\/uploads\/sites\/6\/2024\/12\/sif_24-25-scaled.jpg","datePublished":"2025-09-04T19:47:07+00:00","dateModified":"2025-09-05T07:00:14+00:00","description":"Vaikean viime kauden j\u00e4lkeen SIF l\u00e4htee hakemaan uutta nousua uudessa opissa. Viljami Kuntsi uskoo SIF:n pystyv\u00e4n parantamaan viime kaudesta.","breadcrumb":{"@id":"https:\/\/aktialiiga.fi\/naiset\/2025-2026\/kohti-kautta-2025-2026\/kohti-kautta-sif-11\/#breadcrumb"},"inLanguage":"fi","potentialAction":[{"@type":"ReadAction","target":["https:\/\/aktialiiga.fi\/naiset\/2025-2026\/kohti-kautta-2025-2026\/kohti-kautta-sif-11\/"]}]},{"@type":"ImageObject","inLanguage":"fi","@id":"https:\/\/aktialiiga.fi\/naiset\/2025-2026\/kohti-kautta-2025-2026\/kohti-kautta-sif-11\/#primaryimage","url":"https:\/\/aktialiiga.fi\/naiset\/wp-content\/uploads\/sites\/6\/2024\/12\/sif_24-25-scaled.jpg","contentUrl":"https:\/\/aktialiiga.fi\/naiset\/wp-content\/uploads\/sites\/6\/2024\/12\/sif_24-25-scaled.jpg","width":2560,"height":1707},{"@type":"BreadcrumbList","@id":"https:\/\/aktialiiga.fi\/naiset\/2025-2026\/kohti-kautta-2025-2026\/kohti-kautta-sif-11\/#breadcrumb","itemListElement":[{"@type":"ListItem","position":1,"name":"Etusivu","item":"https:\/\/aktialiiga.fi\/naiset\/"},{"@type":"ListItem","position":2,"name":"Kohti kautta: SIF"}]},{"@type":"WebSite","@id":"https:\/\/aktialiiga.fi\/naiset\/#website","url":"https:\/\/aktialiiga.fi\/naiset\/","name":"K\u00e4sipallon naisten Aktialiiga","description":"Valtakunnan vauhdikkainta palloilua!","publisher":{"@id":"https:\/\/aktialiiga.fi\/naiset\/#organization"},"potentialAction":[{"@type":"SearchAction","target":{"@type":"EntryPoint","urlTemplate":"https:\/\/aktialiiga.fi\/naiset\/?s={search_term_string}"},"query-input":{"@type":"PropertyValueSpecification","valueRequired":true,"valueName":"search_term_string"}}],"inLanguage":"fi"},{"@type":"Organization","@id":"https:\/\/aktialiiga.fi\/naiset\/#organization","name":"K\u00e4sipallon naisten Aktialiiga","url":"https:\/\/aktialiiga.fi\/naiset\/","logo":{"@type":"ImageObject","inLanguage":"fi","@id":"https:\/\/aktialiiga.fi\/naiset\/#\/schema\/logo\/image\/","url":"https:\/\/aktialiiga.fi\/naiset\/wp-content\/uploads\/sites\/6\/2024\/09\/Aktialiiga-Yoast-512.png","contentUrl":"https:\/\/aktialiiga.fi\/naiset\/wp-content\/uploads\/sites\/6\/2024\/09\/Aktialiiga-Yoast-512.png","width":512,"height":512,"caption":"K\u00e4sipallon naisten Aktialiiga"},"image":{"@id":"https:\/\/aktialiiga.fi\/naiset\/#\/schema\/logo\/image\/"},"sameAs":["https:\/\/www.facebook.com\/finnhandball","https:\/\/x.com\/finnhandball","https:\/\/www.instagram.com\/handballfinland\/"]},{"@type":"Person","@id":"https:\/\/aktialiiga.fi\/naiset\/#\/schema\/person\/c14bf42f47041db74603c45afcb18d87","name":"tbrmedia","image":{"@type":"ImageObject","inLanguage":"fi","@id":"https:\/\/secure.gravatar.com\/avatar\/ee975fa091fe581d12b60debb3439022686618368a7c142044c56724d4666b16?s=96&d=mm&r=g","url":"https:\/\/secure.gravatar.com\/avatar\/ee975fa091fe581d12b60debb3439022686618368a7c142044c56724d4666b16?s=96&d=mm&r=g","contentUrl":"https:\/\/secure.gravatar.com\/avatar\/ee975fa091fe581d12b60debb3439022686618368a7c142044c56724d4666b16?s=96&d=mm&r=g","caption":"tbrmedia"}}]}},"jetpack_featured_media_url":"https:\/\/aktialiiga.fi\/naiset\/wp-content\/uploads\/sites\/6\/2024\/12\/sif_24-25-scaled.jpg","jetpack_sharing_enabled":true,"jetpack_shortlink":"https:\/\/wp.me\/pfYhm6-bu8","_links":{"self":[{"href":"https:\/\/aktialiiga.fi\/naiset\/wp-json\/wp\/v2\/posts\/44152","targetHints":{"allow":["GET"]}}],"collection":[{"href":"https:\/\/aktialiiga.fi\/naiset\/wp-json\/wp\/v2\/posts"}],"about":[{"href":"https:\/\/aktialiiga.fi\/naiset\/wp-json\/wp\/v2\/types\/post"}],"author":[{"embeddable":true,"href":"https:\/\/aktialiiga.fi\/naiset\/wp-json\/wp\/v2\/users\/13"}],"replies":[{"embeddable":true,"href":"https:\/\/aktialiiga.fi\/naiset\/wp-json\/wp\/v2\/comments?post=44152"}],"version-history":[{"count":3,"href":"https:\/\/aktialiiga.fi\/naiset\/wp-json\/wp\/v2\/posts\/44152\/revisions"}],"predecessor-version":[{"id":44160,"href":"https:\/\/aktialiiga.fi\/naiset\/wp-json\/wp\/v2\/posts\/44152\/revisions\/44160"}],"wp:featuredmedia":[{"embeddable":true,"href":"https:\/\/aktialiiga.fi\/naiset\/wp-json\/wp\/v2\/media\/42160"}],"wp:attachment":[{"href":"https:\/\/aktialiiga.fi\/naiset\/wp-json\/wp\/v2\/media?parent=44152"}],"wp:term":[{"taxonomy":"category","embeddable":true,"href":"https:\/\/aktialiiga.fi\/naiset\/wp-json\/wp\/v2\/categories?post=44152"},{"taxonomy":"post_tag","embeddable":true,"href":"https:\/\/aktialiiga.fi\/naiset\/wp-json\/wp\/v2\/tags?post=44152"}],"curies":[{"name":"wp","href":"https:\/\/api.w.org\/{rel}","templated":true}]}}