{"id":44214,"date":"2025-09-06T11:46:58","date_gmt":"2025-09-06T08:46:58","guid":{"rendered":"https:\/\/aktialiiga.fi\/naiset\/?p=44214"},"modified":"2025-10-11T22:48:42","modified_gmt":"2025-10-11T19:48:42","slug":"asiantuntijaraadilla-selkea-nakemys-tulevasta-finaalikaksikosta","status":"publish","type":"post","link":"https:\/\/aktialiiga.fi\/naiset\/2025-2026\/ennakot-2025-2026\/asiantuntijaraadilla-selkea-nakemys-tulevasta-finaalikaksikosta\/","title":{"rendered":"Asiantuntijaraadilla selke\u00e4 n\u00e4kemys tulevasta finaalikaksikosta"},"content":{"rendered":"<p>K\u00e4sipallon naisten Aktialiiga alkaa viikonloppuna kun GrIFK aloittaa kolmen per\u00e4tt\u00e4isen Suomen mestaruutensa puolustamisen. Kysyimme asiantuntijoilta pystyyk\u00f6 Grani pystyy pit\u00e4m\u00e4\u00e4n pintansa, ketk\u00e4 ovat sen kovimmat haastajat ja kenell\u00e4 seitsem\u00e4st\u00e4 joukkueesta tulee olemaan haasteena p\u00e4\u00e4sy pudotuspeleihin. Raatia pyydettiin vastaamaan kolmeen kysymykseen:<\/p>\n<ol>\n<li><strong>Kuka voittaa naisten Aktialiigan ja miksi?\u00a0<\/strong><\/li>\n<li><strong>Mestarisuosikin kovimmat haastajat?<\/strong><\/li>\n<li><strong>Kenelle povaat isoimmat vaikeudet ja miksi?<\/strong><\/li>\n<\/ol>\n<p>Vastaajina ovat entiset naisten maajoukkuepelaajat ja moninkertaiset Suomen mestarit Annamari J\u00e4\u00e4skel\u00e4inen ja Sofia Lindholm, moninkertainen naisten Suomen mestari ja naisten maajoukkuetta vuodesta 2010 vuoteen 2016 valmentanut Birgitta Lindholm. Marcus Sj\u00f6stedt on entinen miesten maajoukkuepelaaja ja liigavalmentaja sek\u00e4 naisten, ett\u00e4 miesten p\u00e4\u00e4sarjassa, ja Robert \u00c5berg on suositun Streamade handis-matcher Facebook-kanavan perustaja ja yll\u00e4pit\u00e4j\u00e4.<\/p>\n\n<style type=\"text\/css\" data-created_by=\"avia_inline_auto\" id=\"style-css-av-mf6xzu5f-664a7258b580c63d8891dfc8273258aa\">\n#top .hr.hr-invisible.av-mf6xzu5f-664a7258b580c63d8891dfc8273258aa{\nheight:20px;\n}\n<\/style>\n<div  class='hr av-mf6xzu5f-664a7258b580c63d8891dfc8273258aa hr-invisible  avia-builder-el-0  el_before_av_one_full  avia-builder-el-first '><span class='hr-inner '><span class=\"hr-inner-style\"><\/span><\/span><\/div>\n<div class='flex_column_table av-mf6w5z9a-544fa68d43d342e20d2a26965710ee2c sc-av_one_full av-equal-height-column-flextable'><div  class='flex_column av-mf6w5z9a-544fa68d43d342e20d2a26965710ee2c av_one_full  avia-builder-el-1  el_after_av_hr  el_before_av_hr  first flex_column_table_cell av-equal-height-column av-align-top  '     ><p>\n<style type=\"text\/css\" data-created_by=\"avia_inline_auto\" id=\"style-css-av-mf6w86rz-8fa853eb96d61137f1106cd0033c737e\">\n#top .av-special-heading.av-mf6w86rz-8fa853eb96d61137f1106cd0033c737e{\npadding-bottom:10px;\n}\nbody .av-special-heading.av-mf6w86rz-8fa853eb96d61137f1106cd0033c737e .av-special-heading-tag .heading-char{\nfont-size:25px;\n}\n.av-special-heading.av-mf6w86rz-8fa853eb96d61137f1106cd0033c737e .av-subheading{\nfont-size:15px;\n}\n<\/style>\n<div  class='av-special-heading av-mf6w86rz-8fa853eb96d61137f1106cd0033c737e av-special-heading-h2  avia-builder-el-2  el_before_av_textblock  avia-builder-el-first '><h2 class='av-special-heading-tag '  itemprop=\"headline\"  >1. Kuka voittaa naisten Aktialiigan ja miksi?<\/h2><div class=\"special-heading-border\"><div class=\"special-heading-inner-border\"><\/div><\/div><\/div><br \/>\n<section  class='av_textblock_section av-mf6w6wad-84920643eb0be47d58de6dbc43dd65fb '   itemscope=\"itemscope\" itemtype=\"https:\/\/schema.org\/BlogPosting\" itemprop=\"blogPost\" ><div class='avia_textblock'  itemprop=\"text\" ><h3>Bigo Lindholm<\/h3>\n<p>\u201dVoitosta tulee tiukka kamppailu ja sarjasta tasaisempi ja mielenkiintoisempi kun viime vuonna\u201d<\/p>\n<p><strong>HIFK<\/strong><\/p>\n<ul>\n<li>HIFK vie t\u00e4n\u00e4 vuonna pidemm\u00e4n korren jos kaikki palaset saadaan paikoilleen.<\/li>\n<li>Pelaajien fysiikka l\u00e4pi koko rosterin pit\u00e4\u00e4 olla parempi kun viime kaudella.<\/li>\n<li>Loukkaantumisiin ei ole varaa ja saadaanko avainpelaajat kuntoon on suurin kysymys.<\/li>\n<li>Penkill\u00e4 Rostin vahvuus on taktiikka jos pelaajat ovat kunnossa.<\/li>\n<\/ul>\n<p><strong>GrIFK<\/strong><\/p>\n<ul>\n<li>Grani vie kullan taas, jos HIFK ei ole kunnossa.\u00a0Uskon ett\u00e4 Johanna Svanb\u00e4ck ja valmentaja Pava Johanson saavat pelin py\u00f6rim\u00e4\u00e4n ilman pelaajakin, jotka ovat siirtyneet muualle.<\/li>\n<\/ul>\n<\/div><\/section><br \/>\n<section  class='av_textblock_section av-3hndqm3-55a41bc8a77019bc474c7fa0e1d435ec '   itemscope=\"itemscope\" itemtype=\"https:\/\/schema.org\/BlogPosting\" itemprop=\"blogPost\" ><div class='avia_textblock'  itemprop=\"text\" ><h3>Robert \u00c5berg<\/h3>\n<p><strong>HIFK<\/strong><\/p>\n<ul>\n<li>Annetaan t\u00e4ll\u00e4 kertaa HIFK:lle ennakkosuosikin paineet, vaikkakin Kira H\u00e4rk\u00f6nen on poissa osan kaudesta.<\/li>\n<li>Suomen maajoukkueen kannalta on hyv\u00e4 ett\u00e4 meilt\u00e4 l\u00e4htee pelaajia ulkomaille, mutta tietenkin se vaikuttaa lyhyell\u00e4 ajanv\u00e4lill\u00e4 sarjan tasoon, kun Dickenilt\u00e4 ja Granilta niin hyvi\u00e4 pelaajia l\u00e4hti.<\/li>\n<\/ul>\n<\/div><\/section><br \/>\n<section  class='av_textblock_section av-mf71wmev-88d9e58c59ed69d1481fe8e023f80c67 '   itemscope=\"itemscope\" itemtype=\"https:\/\/schema.org\/BlogPosting\" itemprop=\"blogPost\" ><div class='avia_textblock'  itemprop=\"text\" ><h3>Ansku J\u00e4\u00e4skel\u00e4inen<\/h3>\n<p><strong>HIFK<\/strong><\/p>\n<ul>\n<li>HIFK:lla on runko pysynyt l\u00e4hes samana viime vuodesta ja nyt joukkue alkaa olla kyps\u00e4 voittamaan GrIFK:n kolmesti finaaleissa. Lis\u00e4ksi HIFK:n kaataja Ella Paukku l\u00e4hti Hollantiin, t\u00e4m\u00e4kin puhuu HIFK:n puolesta.<\/li>\n<\/ul>\n<\/div><\/section><br \/>\n<section  class='av_textblock_section av-mf72juf3-61f07983aef44e6dfbb627e4c3a034fd '   itemscope=\"itemscope\" itemtype=\"https:\/\/schema.org\/BlogPosting\" itemprop=\"blogPost\" ><div class='avia_textblock'  itemprop=\"text\" ><h3>Marcus Sj\u00f6stedt<\/h3>\n<p><strong>GrIFK<\/strong><\/p>\n<ul>\n<li>Suomen mestari on tehnyt hyvi\u00e4 t\u00e4sm\u00e4hankintoja menetettyjen pelaajien tilalle.\u00a0Hyv\u00e4t veskarit ja laadukas valmennus.<\/li>\n<\/ul>\n<\/div><\/section><br \/>\n<section  class='av_textblock_section av-mf6w77ul-c3e327964428ae2cd56ec46bbda59045 '   itemscope=\"itemscope\" itemtype=\"https:\/\/schema.org\/BlogPosting\" itemprop=\"blogPost\" ><div class='avia_textblock'  itemprop=\"text\" ><h3>Ia Lindholm<\/h3>\n<p><strong>GrIFK<\/strong><\/p>\n<ul>\n<li>Heill\u00e4 on leve\u00e4 materiaali, taitavia pelaajia ja kokemusta voittamisesta.<\/li>\n<\/ul>\n<\/div><\/section><\/p><\/div><\/div><!--close column table wrapper. Autoclose: 1 -->\n<style type=\"text\/css\" data-created_by=\"avia_inline_auto\" id=\"style-css-av-4sd5bng-717ccccba3b67dad3fa8aae8e5f863e0\">\n#top .hr.hr-invisible.av-4sd5bng-717ccccba3b67dad3fa8aae8e5f863e0{\nheight:20px;\n}\n<\/style>\n<div  class='hr av-4sd5bng-717ccccba3b67dad3fa8aae8e5f863e0 hr-invisible  avia-builder-el-8  el_after_av_one_full  el_before_av_one_full '><span class='hr-inner '><span class=\"hr-inner-style\"><\/span><\/span><\/div><\/p>\n<div class='flex_column_table av-mf6wam2c-b31070746cc45db7b4235b43838809a7 sc-av_one_full av-equal-height-column-flextable'><div  class='flex_column av-mf6wam2c-b31070746cc45db7b4235b43838809a7 av_one_full  avia-builder-el-9  el_after_av_hr  el_before_av_hr  first flex_column_table_cell av-equal-height-column av-align-top  '     ><p>\n<style type=\"text\/css\" data-created_by=\"avia_inline_auto\" id=\"style-css-av-mf6w9za5-b449db7f97252fe76c2fa4681760d796\">\n#top .av-special-heading.av-mf6w9za5-b449db7f97252fe76c2fa4681760d796{\npadding-bottom:10px;\n}\nbody .av-special-heading.av-mf6w9za5-b449db7f97252fe76c2fa4681760d796 .av-special-heading-tag .heading-char{\nfont-size:25px;\n}\n.av-special-heading.av-mf6w9za5-b449db7f97252fe76c2fa4681760d796 .av-subheading{\nfont-size:15px;\n}\n<\/style>\n<div  class='av-special-heading av-mf6w9za5-b449db7f97252fe76c2fa4681760d796 av-special-heading-h2  avia-builder-el-10  el_before_av_textblock  avia-builder-el-first '><h2 class='av-special-heading-tag '  itemprop=\"headline\"  >2. Mestarisuosikin kovimmat haastajat?<\/h2><div class=\"special-heading-border\"><div class=\"special-heading-inner-border\"><\/div><\/div><\/div><br \/>\n<section  class='av_textblock_section av-mf6wbo3y-2e9891cdd3719d08b81772f23aaf6a81 '   itemscope=\"itemscope\" itemtype=\"https:\/\/schema.org\/BlogPosting\" itemprop=\"blogPost\" ><div class='avia_textblock'  itemprop=\"text\" ><h3>Robert \u00c5berg<\/h3>\n<p><strong>GrIFK<\/strong><\/p>\n<ul>\n<li>Johanna Svanb\u00e4ck on sarjan paras pelaaja, ja niin kauan kun h\u00e4n on kunnossa niin Grani voi voittaa kultaa.<\/li>\n<\/ul>\n<p><strong>BK-46<\/strong><\/p>\n<ul>\n<li>Luulen, ett\u00e4 my\u00f6s BK-46 ottaa suuren askeleen l\u00e4hemm\u00e4ksi finaaleja. Uusi valmentaja Gea R\u00f6nnberg sek\u00e4 Madeleine Lindholmin tulo antanee boostia koko joukkueelle.<\/li>\n<\/ul>\n<\/div><\/section><br \/>\n<section  class='av_textblock_section av-mf72a5a9-82b7b75bcfe755658118ec5daf5aa65f '   itemscope=\"itemscope\" itemtype=\"https:\/\/schema.org\/BlogPosting\" itemprop=\"blogPost\" ><div class='avia_textblock'  itemprop=\"text\" ><h3>Ansku J\u00e4\u00e4skel\u00e4inen<\/h3>\n<p><strong>GrIFK<\/strong><\/p>\n<ul>\n<li>Uskon ett\u00e4 samat joukkueet tulevat olemaan finaaleissa my\u00f6s ensi kev\u00e4\u00e4n\u00e4. My\u00f6s Atlaksella ja BK:lla on hyv\u00e4t joukkueet.<\/li>\n<\/ul>\n<\/div><\/section><br \/>\n<section  class='av_textblock_section av-mf6waf81-22bd7cec1584ec454307185f10427af0 '   itemscope=\"itemscope\" itemtype=\"https:\/\/schema.org\/BlogPosting\" itemprop=\"blogPost\" ><div class='avia_textblock'  itemprop=\"text\" ><h3>Marcus Sj\u00f6stedt<\/h3>\n<p><strong>HIFK<\/strong><\/p>\n<ul>\n<li>HIFK, kokenut joukkue melko leve\u00e4ll\u00e4 materiaalilla. Vaarallinen kev\u00e4\u00e4ll\u00e4 jos ja kun H\u00e4rk\u00f6nen palaa kentille.<\/li>\n<\/ul>\n<p><strong>BK-46<\/strong><\/p>\n<ul>\n<li aria-level=\"1\">Andreas R\u00f6nnbergin pesti p\u00e4\u00e4valmentajana pist\u00e4\u00e4 varmasti vipin\u00e4\u00e4 naisten sarjaan. Hyv\u00e4 joukkue joka on my\u00f6s vahvistunut viime hetkell\u00e4 Madeleine Lindholmilla, jonka vahvuuksia Gea tulee varmasti osaa k\u00e4ytt\u00e4\u00e4.<\/li>\n<\/ul>\n<\/div><\/section><br \/>\n<section  class='av_textblock_section av-mf6wbd2q-101fbd3ccf67c9c6b36aa566b7d2e3cf '   itemscope=\"itemscope\" itemtype=\"https:\/\/schema.org\/BlogPosting\" itemprop=\"blogPost\" ><div class='avia_textblock'  itemprop=\"text\" ><h3>Ia Lindholm<\/h3>\n<p><strong>HIFK<\/strong><\/p>\n<ul>\n<li>Suurin haastaja taitaa olla HIFK, paitsi heid\u00e4n leve\u00e4n materiaalinsa takia, he ovat my\u00f6s yleens\u00e4 pelannut pudotuspelit hyvin.<\/li>\n<\/ul>\n<p><strong>Dicken<\/strong><\/p>\n<ul>\n<li>Dickeni\u00e4k\u00e4\u00e4n ei voi laskea pois laskuista, mik\u00e4li he saavat kaikki loukkaantuneet pelaajat takaisin. Yksil\u00f6osaamista riitt\u00e4\u00e4 hyvin siell\u00e4kin.<\/li>\n<\/ul>\n<p><strong>BK-46<\/strong><\/p>\n<ul>\n<li>N\u00e4en ett\u00e4 BK voi yll\u00e4tt\u00e4\u00e4, sill\u00e4 heille on tullut vahvistuksia sek\u00e4 kent\u00e4lle ett\u00e4 penkille Madde Lindholmin ja Gea R\u00f6nnbergin muodossa. Viime kaudella pelasivat oikein hyvin loppukaudesta.<\/li>\n<\/ul>\n<\/div><\/section><br \/>\n<section  class='av_textblock_section av-mf6wb17q-e1c350a9a41a05eaac1d390e86a3c44d '   itemscope=\"itemscope\" itemtype=\"https:\/\/schema.org\/BlogPosting\" itemprop=\"blogPost\" ><div class='avia_textblock'  itemprop=\"text\" ><h3>Bigo Lindholm<\/h3>\n<p><strong>Dicken<\/strong><\/p>\n<ul>\n<li>Dicken tekee varmasti kovasti t\u00f6it\u00e4 jotta mahtuu kolmen parhaan joukkoon. Uskon ett\u00e4 Ken Sirenius saa joukkueen parhaat puolet esiin kauden aikana, vaikkakin rosterissa on tapahtunut paljon muutoksia. Nuoret pelaajat p\u00e4\u00e4sev\u00e4t n\u00e4ytt\u00e4m\u00e4\u00e4n kykyns\u00e4.<\/li>\n<\/ul>\n<p><strong>BK-46<\/strong><\/p>\n<ul>\n<li>Mielenkiintoista n\u00e4hd\u00e4n mit\u00e4 Gea (Andreas R\u00f6nnberg) saa aikaiseksi BK:ssa.\u00a0Pelaajarinki on saanut muutaman uuden pelaajan, joilla voi olla merkityst\u00e4 kev\u00e4\u00e4ll\u00e4. Jos fysiikkapuolta on nostettu kunnolla kes\u00e4n aikana, ja se kantaa kev\u00e4\u00e4lle, niin mitalikaan ei ole kaukana.<\/li>\n<\/ul>\n<p><strong>Atlas<\/strong><\/p>\n<ul>\n<li>Atlas ottaa varmasti yhden askeleen eteenp\u00e4in tulevalla kaudella, mutta kuinka pitk\u00e4lle se riitt\u00e4\u00e4, j\u00e4\u00e4 n\u00e4ht\u00e4v\u00e4ksi.<\/li>\n<\/ul>\n<\/div><\/section><\/p><\/div><\/div><!--close column table wrapper. Autoclose: 1 -->\n<style type=\"text\/css\" data-created_by=\"avia_inline_auto\" id=\"style-css-av-31qpce4-8b20d2ccbb2fd199e05060a7d0d8e22c\">\n#top .hr.hr-invisible.av-31qpce4-8b20d2ccbb2fd199e05060a7d0d8e22c{\nheight:20px;\n}\n<\/style>\n<div  class='hr av-31qpce4-8b20d2ccbb2fd199e05060a7d0d8e22c hr-invisible  avia-builder-el-16  el_after_av_one_full  el_before_av_one_full '><span class='hr-inner '><span class=\"hr-inner-style\"><\/span><\/span><\/div><\/p>\n<div class='flex_column_table av-urbdj0-48227dbbd4553cba059c75087e0a4c4b sc-av_one_full av-equal-height-column-flextable'><div  class='flex_column av-urbdj0-48227dbbd4553cba059c75087e0a4c4b av_one_full  avia-builder-el-17  el_after_av_hr  el_before_av_hr  first flex_column_table_cell av-equal-height-column av-align-top  '     ><p>\n<style type=\"text\/css\" data-created_by=\"avia_inline_auto\" id=\"style-css-av-mf6wiaiw-792cefcc31931d6c08e746eb035eed60\">\n#top .av-special-heading.av-mf6wiaiw-792cefcc31931d6c08e746eb035eed60{\npadding-bottom:10px;\n}\nbody .av-special-heading.av-mf6wiaiw-792cefcc31931d6c08e746eb035eed60 .av-special-heading-tag .heading-char{\nfont-size:25px;\n}\n.av-special-heading.av-mf6wiaiw-792cefcc31931d6c08e746eb035eed60 .av-subheading{\nfont-size:15px;\n}\n<\/style>\n<div  class='av-special-heading av-mf6wiaiw-792cefcc31931d6c08e746eb035eed60 av-special-heading-h2  avia-builder-el-18  el_before_av_textblock  avia-builder-el-first '><h2 class='av-special-heading-tag '  itemprop=\"headline\"  >3. Kenelle povaat isoimmat vaikeudet, ja miksi?<\/h2><div class=\"special-heading-border\"><div class=\"special-heading-inner-border\"><\/div><\/div><\/div><br \/>\n<section  class='av_textblock_section av-mf72mjx3-e11adc8e78915b6f0c5b12d1532db1a7 '   itemscope=\"itemscope\" itemtype=\"https:\/\/schema.org\/BlogPosting\" itemprop=\"blogPost\" ><div class='avia_textblock'  itemprop=\"text\" ><h3>Ia Lindholm<\/h3>\n<p><strong>SIF<\/strong><\/p>\n<ul>\n<li>Uskon, ett\u00e4\u00a0SIF:ll\u00e4 voi viime vuoden tapaan olla vaikea kausi. Heill\u00e4 on viel\u00e4kin aika nuori joukkue, toki vuoden kokeneempana, mutta en usko, ett\u00e4 materiaali riitt\u00e4\u00e4 t\u00e4ll\u00e4k\u00e4\u00e4n kaudella.<\/li>\n<\/ul>\n<\/div><\/section><br \/>\n<section  class='av_textblock_section av-1164o6z-9bd258d5daa5519c46f1d74e8d5cd2fb '   itemscope=\"itemscope\" itemtype=\"https:\/\/schema.org\/BlogPosting\" itemprop=\"blogPost\" ><div class='avia_textblock'  itemprop=\"text\" ><h3>Marcus Sj\u00f6stedt<\/h3>\n<p><strong>SIF<\/strong><\/p>\n<ul>\n<li>Madeleine Lindholmin l\u00e4ht\u00f6 naapuriseuraan teki kokemattomasta ryhm\u00e4st\u00e4 entist\u00e4 kokemattoman. Kapea rosteri.<\/li>\n<\/ul>\n<\/div><\/section><br \/>\n<section  class='av_textblock_section av-1g5f3y3-4cc5b6d6929f7e8b9623a160c8d3e734 '   itemscope=\"itemscope\" itemtype=\"https:\/\/schema.org\/BlogPosting\" itemprop=\"blogPost\" ><div class='avia_textblock'  itemprop=\"text\" ><h3>Robert \u00c5berg<\/h3>\n<p><strong>SIF<\/strong><\/p>\n<ul>\n<li>Siuntio tulee varmaan olemaan sarjan heittopussi, viime kausi ei ollut mitenk\u00e4\u00e4n lupaava, ja nyt l\u00e4hti sek\u00e4 Lindholm ett\u00e4 Laura K\u00e4rner plus Granin vuokrapelaajat joten l\u00f6ytyyk\u00f6 uudet vastuunkantajat?<\/li>\n<\/ul>\n<p><strong>Cocks<\/strong><\/p>\n<ul>\n<li>Cocks on ainakin viel\u00e4 kysymysmerkki. Heid\u00e4nkin ulkomaalaiset vahvistukset l\u00e4htiv\u00e4t ja uusia nuoria on tullut tilalle, joten katsotaan miten menee. Suuri plussa ett\u00e4 maalivahti Marijana Gezovic j\u00e4i, h\u00e4n voi voittaa pelej\u00e4 yksin\u00e4\u00e4nkin.<\/li>\n<\/ul>\n<\/div><\/section><br \/>\n<section  class='av_textblock_section av-mf72namd-3c47bb344d66f51eca7aab4f0366e997 '   itemscope=\"itemscope\" itemtype=\"https:\/\/schema.org\/BlogPosting\" itemprop=\"blogPost\" ><div class='avia_textblock'  itemprop=\"text\" ><h3>Ansku J\u00e4\u00e4skel\u00e4inen<\/h3>\n<p><strong>SIF ja Cocks<\/strong><\/p>\n<ul>\n<li>SIF:ll\u00e4 tulee edelleen olemaan vaikeaa. Joukkueen materiaali on kapeilla kantimilla.<\/li>\n<li>Samoin Cocksillakaan ei materiaali riit\u00e4 haastamaan p\u00e4\u00e4kaupunkiseudun joukkueita.<\/li>\n<\/ul>\n<\/div><\/section><br \/>\n<section  class='av_textblock_section av-2n1n3ob-29d90af7f45e1cc19f45728ded529ca3 '   itemscope=\"itemscope\" itemtype=\"https:\/\/schema.org\/BlogPosting\" itemprop=\"blogPost\" ><div class='avia_textblock'  itemprop=\"text\" ><h3>Bigo Lindholm<\/h3>\n<p><strong>Cocks ja SIF<\/strong><\/p>\n<ul>\n<li>Suurimmat haasteet ovat vastassa Cocksilla ja SIF:ll\u00e4.<\/li>\n<li>Cocksilla nuori rinki &#8211; riitt\u00e4\u00e4k\u00f6 paukut hastamaan kunnolla kokeneempia joukkueita.<\/li>\n<li>SIF:ll\u00e4 todella kapea materiaali, nelinkertainen sarja voi k\u00e4yd\u00e4 raskaaksi.<\/li>\n<\/ul>\n<p>Ne joukkueet joilla fysikka on kunnossa ja siihen on oikeasti panostettu useamman kauden, niin kes\u00e4t kuin talvet, tulevat p\u00e4rj\u00e4m\u00e4\u00e4n. Loukkaantumiset voivat painaa kovastikin joukkueita ja sarjasijoitusta.<\/p>\n<\/div><\/section><\/p><\/div><\/div><!--close column table wrapper. Autoclose: 1 -->\n<style type=\"text\/css\" data-created_by=\"avia_inline_auto\" id=\"style-css-av-qloonq-5297e17c05d7286b611843aec31fc1df\">\n#top .hr.hr-invisible.av-qloonq-5297e17c05d7286b611843aec31fc1df{\nheight:20px;\n}\n<\/style>\n<div  class='hr av-qloonq-5297e17c05d7286b611843aec31fc1df hr-invisible  avia-builder-el-24  el_after_av_one_full  el_before_av_one_full '><span class='hr-inner '><span class=\"hr-inner-style\"><\/span><\/span><\/div><\/p>\n<div  class='flex_column av-s815x7-a28517a8a39e939ad5c9480f66551d5b av_one_full  avia-builder-el-25  el_after_av_hr  el_before_av_hr  first flex_column_div  '     ><p>\n<style type=\"text\/css\" data-created_by=\"avia_inline_auto\" id=\"style-css-av-mf73f5uu-9f28d3b00127b35f4e67b06f951dea06\">\n#top .av-special-heading.av-mf73f5uu-9f28d3b00127b35f4e67b06f951dea06{\npadding-bottom:10px;\n}\nbody .av-special-heading.av-mf73f5uu-9f28d3b00127b35f4e67b06f951dea06 .av-special-heading-tag .heading-char{\nfont-size:25px;\n}\n.av-special-heading.av-mf73f5uu-9f28d3b00127b35f4e67b06f951dea06 .av-subheading{\nfont-size:15px;\n}\n<\/style>\n<div  class='av-special-heading av-mf73f5uu-9f28d3b00127b35f4e67b06f951dea06 av-special-heading-h2  avia-builder-el-26  el_before_av_textblock  avia-builder-el-first '><h2 class='av-special-heading-tag '  itemprop=\"headline\"  >Yhteenveto<\/h2><div class=\"special-heading-border\"><div class=\"special-heading-inner-border\"><\/div><\/div><\/div><br \/>\n<section  class='av_textblock_section av-mf73eruf-a4b4a419349b638215ebfea52bf173c6 '   itemscope=\"itemscope\" itemtype=\"https:\/\/schema.org\/BlogPosting\" itemprop=\"blogPost\" ><div class='avia_textblock'  itemprop=\"text\" ><ol>\n<li><strong>HIFK (asiantuntijoiden \u00e4\u00e4nill\u00e4 vahva voittajaehdokas ja selke\u00e4 ykk\u00f6shaastaja) ja GrIFK (toinen suosikki voittajaksi, vahva materiaali ja yksil\u00f6osaaminen) \u00a0finaalikaksikoksi<\/strong><\/li>\n<li><strong>Finalistit haastaa todenn\u00e4k\u00f6isimmin Dicken (selke\u00e4 haastaja, riippuu loukkaantumisista ja avainpelaajien kunnosta),\u00a0BK-46 (potentiaalinen yll\u00e4tysjoukkue, uusi valmentaja ja vahvistukset voivat antaa boostia) ja\u00a0Atlas (kehitysvaiheessa oleva joukkue, voi ottaa askeleita eteenp\u00e4in).<\/strong><\/li>\n<li><strong>Haastavin kausi on tiedossa SIF:ll\u00e4 (kapea ja kokematon materiaali; vaikeuksia koko kauden ajan) ja Cocksilla (nuori rinki, ulkomaalaiset l\u00e4htiv\u00e4t, kysymysmerkkej\u00e4 kauden onnistumisen kannalta).<\/strong><\/li>\n<\/ol>\n<\/div><\/section><\/p><\/div>\n<style type=\"text\/css\" data-created_by=\"avia_inline_auto\" id=\"style-css-av-s9nhto-b47518de77491cfcbe6cf29796275137\">\n#top .hr.hr-invisible.av-s9nhto-b47518de77491cfcbe6cf29796275137{\nheight:20px;\n}\n<\/style>\n<div  class='hr av-s9nhto-b47518de77491cfcbe6cf29796275137 hr-invisible  avia-builder-el-28  el_after_av_one_full  avia-builder-el-last '><span class='hr-inner '><span class=\"hr-inner-style\"><\/span><\/span><\/div><\/p>\n","protected":false},"excerpt":{"rendered":"<p>K\u00e4sipallon naisten Aktialiiga alkaa viikonloppuna kun GrIFK aloittaa kolmen per\u00e4tt\u00e4isen Suomen mestaruutensa puolustamisen. Kysyimme asiantuntijoilta pystyyk\u00f6 Grani pystyy pit\u00e4m\u00e4\u00e4n pintansa, ketk\u00e4 ovat sen kovimmat haastajat ja kenell\u00e4 seitsem\u00e4st\u00e4 joukkueesta tulee olemaan haasteena p\u00e4\u00e4sy pudotuspeleihin. Raatia pyydettiin vastaamaan kolmeen kysymykseen: Kuka voittaa naisten Aktialiigan ja miksi?\u00a0 Mestarisuosikin kovimmat haastajat? Kenelle povaat isoimmat vaikeudet ja miksi? Vastaajina [&hellip;]<\/p>\n","protected":false},"author":3,"featured_media":22332,"comment_status":"closed","ping_status":"closed","sticky":false,"template":"","format":"standard","meta":{"_acf_changed":false,"jetpack_post_was_ever_published":false,"_jetpack_newsletter_access":"","_jetpack_dont_email_post_to_subs":false,"_jetpack_newsletter_tier_id":0,"_jetpack_memberships_contains_paywalled_content":false,"_jetpack_memberships_contains_paid_content":false,"footnotes":""},"categories":[2,272,273],"tags":[237,48,49,157,51,57,61,81],"class_list":["post-44214","post","type-post","status-publish","format-standard","has-post-thumbnail","hentry","category-ajankohtaista","category-ennakot-2025-2026","category-kohti-kautta-2025-2026","tag-aktialiiga","tag-atlas","tag-bk-46","tag-cocks","tag-dicken","tag-grifk","tag-hifk","tag-sif"],"acf":[],"yoast_head":"<!-- This site is optimized with the Yoast SEO plugin v27.5 - https:\/\/yoast.com\/product\/yoast-seo-wordpress\/ -->\n<title>Asiantuntijaraadilla selke\u00e4 n\u00e4kemys tulevasta finaalikaksikosta | K\u00e4sipallon naisten Aktialiiga<\/title>\n<meta name=\"robots\" content=\"index, follow, max-snippet:-1, max-image-preview:large, max-video-preview:-1\" \/>\n<link rel=\"canonical\" href=\"https:\/\/aktialiiga.fi\/naiset\/2025-2026\/ennakot-2025-2026\/asiantuntijaraadilla-selkea-nakemys-tulevasta-finaalikaksikosta\/\" \/>\n<meta property=\"og:locale\" content=\"fi_FI\" \/>\n<meta property=\"og:type\" content=\"article\" \/>\n<meta property=\"og:title\" content=\"Asiantuntijaraadilla selke\u00e4 n\u00e4kemys tulevasta finaalikaksikosta | K\u00e4sipallon naisten Aktialiiga\" \/>\n<meta property=\"og:description\" content=\"K\u00e4sipallon naisten Aktialiiga alkaa viikonloppuna kun GrIFK aloittaa kolmen per\u00e4tt\u00e4isen Suomen mestaruutensa puolustamisen. Kysyimme asiantuntijoilta pystyyk\u00f6 Grani pystyy pit\u00e4m\u00e4\u00e4n pintansa, ketk\u00e4 ovat sen kovimmat haastajat ja kenell\u00e4 seitsem\u00e4st\u00e4 joukkueesta tulee olemaan haasteena p\u00e4\u00e4sy pudotuspeleihin. Raatia pyydettiin vastaamaan kolmeen kysymykseen: Kuka voittaa naisten Aktialiigan ja miksi?\u00a0 Mestarisuosikin kovimmat haastajat? Kenelle povaat isoimmat vaikeudet ja miksi? Vastaajina [&hellip;]\" \/>\n<meta property=\"og:url\" content=\"https:\/\/aktialiiga.fi\/naiset\/2025-2026\/ennakot-2025-2026\/asiantuntijaraadilla-selkea-nakemys-tulevasta-finaalikaksikosta\/\" \/>\n<meta property=\"og:site_name\" content=\"K\u00e4sipallon naisten Aktialiiga\" \/>\n<meta property=\"article:publisher\" content=\"https:\/\/www.facebook.com\/finnhandball\" \/>\n<meta property=\"article:published_time\" content=\"2025-09-06T08:46:58+00:00\" \/>\n<meta property=\"article:modified_time\" content=\"2025-10-11T19:48:42+00:00\" \/>\n<meta property=\"og:image\" content=\"https:\/\/aktialiiga.fi\/naiset\/wp-content\/uploads\/sites\/6\/2021\/09\/2TH98481.jpg\" \/>\n\t<meta property=\"og:image:width\" content=\"2400\" \/>\n\t<meta property=\"og:image:height\" content=\"1600\" \/>\n\t<meta property=\"og:image:type\" content=\"image\/jpeg\" \/>\n<meta name=\"author\" content=\"jussi\" \/>\n<meta name=\"twitter:card\" content=\"summary_large_image\" \/>\n<meta name=\"twitter:creator\" content=\"@finnhandball\" \/>\n<meta name=\"twitter:site\" content=\"@finnhandball\" \/>\n<script type=\"application\/ld+json\" class=\"yoast-schema-graph\">{\"@context\":\"https:\\\/\\\/schema.org\",\"@graph\":[{\"@type\":\"Article\",\"@id\":\"https:\\\/\\\/aktialiiga.fi\\\/naiset\\\/2025-2026\\\/ennakot-2025-2026\\\/asiantuntijaraadilla-selkea-nakemys-tulevasta-finaalikaksikosta\\\/#article\",\"isPartOf\":{\"@id\":\"https:\\\/\\\/aktialiiga.fi\\\/naiset\\\/2025-2026\\\/ennakot-2025-2026\\\/asiantuntijaraadilla-selkea-nakemys-tulevasta-finaalikaksikosta\\\/\"},\"author\":{\"name\":\"jussi\",\"@id\":\"https:\\\/\\\/aktialiiga.fi\\\/naiset\\\/#\\\/schema\\\/person\\\/6ed7641d619c7f28481c53817a16b871\"},\"headline\":\"Asiantuntijaraadilla selke\u00e4 n\u00e4kemys tulevasta finaalikaksikosta\",\"datePublished\":\"2025-09-06T08:46:58+00:00\",\"dateModified\":\"2025-10-11T19:48:42+00:00\",\"mainEntityOfPage\":{\"@id\":\"https:\\\/\\\/aktialiiga.fi\\\/naiset\\\/2025-2026\\\/ennakot-2025-2026\\\/asiantuntijaraadilla-selkea-nakemys-tulevasta-finaalikaksikosta\\\/\"},\"wordCount\":5000,\"publisher\":{\"@id\":\"https:\\\/\\\/aktialiiga.fi\\\/naiset\\\/#organization\"},\"image\":{\"@id\":\"https:\\\/\\\/aktialiiga.fi\\\/naiset\\\/2025-2026\\\/ennakot-2025-2026\\\/asiantuntijaraadilla-selkea-nakemys-tulevasta-finaalikaksikosta\\\/#primaryimage\"},\"thumbnailUrl\":\"https:\\\/\\\/aktialiiga.fi\\\/naiset\\\/wp-content\\\/uploads\\\/sites\\\/6\\\/2021\\\/09\\\/2TH98481.jpg\",\"keywords\":[\"Aktialiiga\",\"Atlas\",\"BK-46\",\"Cocks\",\"Dicken\",\"GrIFK\",\"HIFK\",\"SIF\"],\"articleSection\":[\"Ajankohtaista\",\"Ennakot\",\"Kohti kautta 2025-26\"],\"inLanguage\":\"fi\"},{\"@type\":\"WebPage\",\"@id\":\"https:\\\/\\\/aktialiiga.fi\\\/naiset\\\/2025-2026\\\/ennakot-2025-2026\\\/asiantuntijaraadilla-selkea-nakemys-tulevasta-finaalikaksikosta\\\/\",\"url\":\"https:\\\/\\\/aktialiiga.fi\\\/naiset\\\/2025-2026\\\/ennakot-2025-2026\\\/asiantuntijaraadilla-selkea-nakemys-tulevasta-finaalikaksikosta\\\/\",\"name\":\"Asiantuntijaraadilla selke\u00e4 n\u00e4kemys tulevasta finaalikaksikosta | K\u00e4sipallon naisten Aktialiiga\",\"isPartOf\":{\"@id\":\"https:\\\/\\\/aktialiiga.fi\\\/naiset\\\/#website\"},\"primaryImageOfPage\":{\"@id\":\"https:\\\/\\\/aktialiiga.fi\\\/naiset\\\/2025-2026\\\/ennakot-2025-2026\\\/asiantuntijaraadilla-selkea-nakemys-tulevasta-finaalikaksikosta\\\/#primaryimage\"},\"image\":{\"@id\":\"https:\\\/\\\/aktialiiga.fi\\\/naiset\\\/2025-2026\\\/ennakot-2025-2026\\\/asiantuntijaraadilla-selkea-nakemys-tulevasta-finaalikaksikosta\\\/#primaryimage\"},\"thumbnailUrl\":\"https:\\\/\\\/aktialiiga.fi\\\/naiset\\\/wp-content\\\/uploads\\\/sites\\\/6\\\/2021\\\/09\\\/2TH98481.jpg\",\"datePublished\":\"2025-09-06T08:46:58+00:00\",\"dateModified\":\"2025-10-11T19:48:42+00:00\",\"breadcrumb\":{\"@id\":\"https:\\\/\\\/aktialiiga.fi\\\/naiset\\\/2025-2026\\\/ennakot-2025-2026\\\/asiantuntijaraadilla-selkea-nakemys-tulevasta-finaalikaksikosta\\\/#breadcrumb\"},\"inLanguage\":\"fi\",\"potentialAction\":[{\"@type\":\"ReadAction\",\"target\":[\"https:\\\/\\\/aktialiiga.fi\\\/naiset\\\/2025-2026\\\/ennakot-2025-2026\\\/asiantuntijaraadilla-selkea-nakemys-tulevasta-finaalikaksikosta\\\/\"]}]},{\"@type\":\"ImageObject\",\"inLanguage\":\"fi\",\"@id\":\"https:\\\/\\\/aktialiiga.fi\\\/naiset\\\/2025-2026\\\/ennakot-2025-2026\\\/asiantuntijaraadilla-selkea-nakemys-tulevasta-finaalikaksikosta\\\/#primaryimage\",\"url\":\"https:\\\/\\\/aktialiiga.fi\\\/naiset\\\/wp-content\\\/uploads\\\/sites\\\/6\\\/2021\\\/09\\\/2TH98481.jpg\",\"contentUrl\":\"https:\\\/\\\/aktialiiga.fi\\\/naiset\\\/wp-content\\\/uploads\\\/sites\\\/6\\\/2021\\\/09\\\/2TH98481.jpg\",\"width\":2400,\"height\":1600,\"caption\":\"Pallo k\u00e4sipallon naisten SM-sarjan 3. finaaliottelussa ottelussa Hifk - Dicken Helsingin Urheilutalolla 23. huhtikuuta 2021. (Tomi H\u00e4nninen\\\/Newspix24)\"},{\"@type\":\"BreadcrumbList\",\"@id\":\"https:\\\/\\\/aktialiiga.fi\\\/naiset\\\/2025-2026\\\/ennakot-2025-2026\\\/asiantuntijaraadilla-selkea-nakemys-tulevasta-finaalikaksikosta\\\/#breadcrumb\",\"itemListElement\":[{\"@type\":\"ListItem\",\"position\":1,\"name\":\"Etusivu\",\"item\":\"https:\\\/\\\/aktialiiga.fi\\\/naiset\\\/\"},{\"@type\":\"ListItem\",\"position\":2,\"name\":\"Asiantuntijaraadilla selke\u00e4 n\u00e4kemys tulevasta finaalikaksikosta\"}]},{\"@type\":\"WebSite\",\"@id\":\"https:\\\/\\\/aktialiiga.fi\\\/naiset\\\/#website\",\"url\":\"https:\\\/\\\/aktialiiga.fi\\\/naiset\\\/\",\"name\":\"K\u00e4sipallon naisten Aktialiiga\",\"description\":\"Valtakunnan vauhdikkainta palloilua!\",\"publisher\":{\"@id\":\"https:\\\/\\\/aktialiiga.fi\\\/naiset\\\/#organization\"},\"potentialAction\":[{\"@type\":\"SearchAction\",\"target\":{\"@type\":\"EntryPoint\",\"urlTemplate\":\"https:\\\/\\\/aktialiiga.fi\\\/naiset\\\/?s={search_term_string}\"},\"query-input\":{\"@type\":\"PropertyValueSpecification\",\"valueRequired\":true,\"valueName\":\"search_term_string\"}}],\"inLanguage\":\"fi\"},{\"@type\":\"Organization\",\"@id\":\"https:\\\/\\\/aktialiiga.fi\\\/naiset\\\/#organization\",\"name\":\"K\u00e4sipallon naisten Aktialiiga\",\"url\":\"https:\\\/\\\/aktialiiga.fi\\\/naiset\\\/\",\"logo\":{\"@type\":\"ImageObject\",\"inLanguage\":\"fi\",\"@id\":\"https:\\\/\\\/aktialiiga.fi\\\/naiset\\\/#\\\/schema\\\/logo\\\/image\\\/\",\"url\":\"https:\\\/\\\/aktialiiga.fi\\\/naiset\\\/wp-content\\\/uploads\\\/sites\\\/6\\\/2024\\\/09\\\/Aktialiiga-Yoast-512.png\",\"contentUrl\":\"https:\\\/\\\/aktialiiga.fi\\\/naiset\\\/wp-content\\\/uploads\\\/sites\\\/6\\\/2024\\\/09\\\/Aktialiiga-Yoast-512.png\",\"width\":512,\"height\":512,\"caption\":\"K\u00e4sipallon naisten Aktialiiga\"},\"image\":{\"@id\":\"https:\\\/\\\/aktialiiga.fi\\\/naiset\\\/#\\\/schema\\\/logo\\\/image\\\/\"},\"sameAs\":[\"https:\\\/\\\/www.facebook.com\\\/finnhandball\",\"https:\\\/\\\/x.com\\\/finnhandball\",\"https:\\\/\\\/www.instagram.com\\\/handballfinland\\\/\"]},{\"@type\":\"Person\",\"@id\":\"https:\\\/\\\/aktialiiga.fi\\\/naiset\\\/#\\\/schema\\\/person\\\/6ed7641d619c7f28481c53817a16b871\",\"name\":\"jussi\",\"image\":{\"@type\":\"ImageObject\",\"inLanguage\":\"fi\",\"@id\":\"https:\\\/\\\/secure.gravatar.com\\\/avatar\\\/034b8e6380fc659c320f13e17fe45bd9ab48a21e2debadd5f3179bde291949df?s=96&d=mm&r=g\",\"url\":\"https:\\\/\\\/secure.gravatar.com\\\/avatar\\\/034b8e6380fc659c320f13e17fe45bd9ab48a21e2debadd5f3179bde291949df?s=96&d=mm&r=g\",\"contentUrl\":\"https:\\\/\\\/secure.gravatar.com\\\/avatar\\\/034b8e6380fc659c320f13e17fe45bd9ab48a21e2debadd5f3179bde291949df?s=96&d=mm&r=g\",\"caption\":\"jussi\"}}]}<\/script>\n<!-- \/ Yoast SEO plugin. -->","yoast_head_json":{"title":"Asiantuntijaraadilla selke\u00e4 n\u00e4kemys tulevasta finaalikaksikosta | K\u00e4sipallon naisten Aktialiiga","robots":{"index":"index","follow":"follow","max-snippet":"max-snippet:-1","max-image-preview":"max-image-preview:large","max-video-preview":"max-video-preview:-1"},"canonical":"https:\/\/aktialiiga.fi\/naiset\/2025-2026\/ennakot-2025-2026\/asiantuntijaraadilla-selkea-nakemys-tulevasta-finaalikaksikosta\/","og_locale":"fi_FI","og_type":"article","og_title":"Asiantuntijaraadilla selke\u00e4 n\u00e4kemys tulevasta finaalikaksikosta | K\u00e4sipallon naisten Aktialiiga","og_description":"K\u00e4sipallon naisten Aktialiiga alkaa viikonloppuna kun GrIFK aloittaa kolmen per\u00e4tt\u00e4isen Suomen mestaruutensa puolustamisen. Kysyimme asiantuntijoilta pystyyk\u00f6 Grani pystyy pit\u00e4m\u00e4\u00e4n pintansa, ketk\u00e4 ovat sen kovimmat haastajat ja kenell\u00e4 seitsem\u00e4st\u00e4 joukkueesta tulee olemaan haasteena p\u00e4\u00e4sy pudotuspeleihin. Raatia pyydettiin vastaamaan kolmeen kysymykseen: Kuka voittaa naisten Aktialiigan ja miksi?\u00a0 Mestarisuosikin kovimmat haastajat? Kenelle povaat isoimmat vaikeudet ja miksi? Vastaajina [&hellip;]","og_url":"https:\/\/aktialiiga.fi\/naiset\/2025-2026\/ennakot-2025-2026\/asiantuntijaraadilla-selkea-nakemys-tulevasta-finaalikaksikosta\/","og_site_name":"K\u00e4sipallon naisten Aktialiiga","article_publisher":"https:\/\/www.facebook.com\/finnhandball","article_published_time":"2025-09-06T08:46:58+00:00","article_modified_time":"2025-10-11T19:48:42+00:00","og_image":[{"width":2400,"height":1600,"url":"https:\/\/aktialiiga.fi\/naiset\/wp-content\/uploads\/sites\/6\/2021\/09\/2TH98481.jpg","type":"image\/jpeg"}],"author":"jussi","twitter_card":"summary_large_image","twitter_creator":"@finnhandball","twitter_site":"@finnhandball","schema":{"@context":"https:\/\/schema.org","@graph":[{"@type":"Article","@id":"https:\/\/aktialiiga.fi\/naiset\/2025-2026\/ennakot-2025-2026\/asiantuntijaraadilla-selkea-nakemys-tulevasta-finaalikaksikosta\/#article","isPartOf":{"@id":"https:\/\/aktialiiga.fi\/naiset\/2025-2026\/ennakot-2025-2026\/asiantuntijaraadilla-selkea-nakemys-tulevasta-finaalikaksikosta\/"},"author":{"name":"jussi","@id":"https:\/\/aktialiiga.fi\/naiset\/#\/schema\/person\/6ed7641d619c7f28481c53817a16b871"},"headline":"Asiantuntijaraadilla selke\u00e4 n\u00e4kemys tulevasta finaalikaksikosta","datePublished":"2025-09-06T08:46:58+00:00","dateModified":"2025-10-11T19:48:42+00:00","mainEntityOfPage":{"@id":"https:\/\/aktialiiga.fi\/naiset\/2025-2026\/ennakot-2025-2026\/asiantuntijaraadilla-selkea-nakemys-tulevasta-finaalikaksikosta\/"},"wordCount":5000,"publisher":{"@id":"https:\/\/aktialiiga.fi\/naiset\/#organization"},"image":{"@id":"https:\/\/aktialiiga.fi\/naiset\/2025-2026\/ennakot-2025-2026\/asiantuntijaraadilla-selkea-nakemys-tulevasta-finaalikaksikosta\/#primaryimage"},"thumbnailUrl":"https:\/\/aktialiiga.fi\/naiset\/wp-content\/uploads\/sites\/6\/2021\/09\/2TH98481.jpg","keywords":["Aktialiiga","Atlas","BK-46","Cocks","Dicken","GrIFK","HIFK","SIF"],"articleSection":["Ajankohtaista","Ennakot","Kohti kautta 2025-26"],"inLanguage":"fi"},{"@type":"WebPage","@id":"https:\/\/aktialiiga.fi\/naiset\/2025-2026\/ennakot-2025-2026\/asiantuntijaraadilla-selkea-nakemys-tulevasta-finaalikaksikosta\/","url":"https:\/\/aktialiiga.fi\/naiset\/2025-2026\/ennakot-2025-2026\/asiantuntijaraadilla-selkea-nakemys-tulevasta-finaalikaksikosta\/","name":"Asiantuntijaraadilla selke\u00e4 n\u00e4kemys tulevasta finaalikaksikosta | K\u00e4sipallon naisten Aktialiiga","isPartOf":{"@id":"https:\/\/aktialiiga.fi\/naiset\/#website"},"primaryImageOfPage":{"@id":"https:\/\/aktialiiga.fi\/naiset\/2025-2026\/ennakot-2025-2026\/asiantuntijaraadilla-selkea-nakemys-tulevasta-finaalikaksikosta\/#primaryimage"},"image":{"@id":"https:\/\/aktialiiga.fi\/naiset\/2025-2026\/ennakot-2025-2026\/asiantuntijaraadilla-selkea-nakemys-tulevasta-finaalikaksikosta\/#primaryimage"},"thumbnailUrl":"https:\/\/aktialiiga.fi\/naiset\/wp-content\/uploads\/sites\/6\/2021\/09\/2TH98481.jpg","datePublished":"2025-09-06T08:46:58+00:00","dateModified":"2025-10-11T19:48:42+00:00","breadcrumb":{"@id":"https:\/\/aktialiiga.fi\/naiset\/2025-2026\/ennakot-2025-2026\/asiantuntijaraadilla-selkea-nakemys-tulevasta-finaalikaksikosta\/#breadcrumb"},"inLanguage":"fi","potentialAction":[{"@type":"ReadAction","target":["https:\/\/aktialiiga.fi\/naiset\/2025-2026\/ennakot-2025-2026\/asiantuntijaraadilla-selkea-nakemys-tulevasta-finaalikaksikosta\/"]}]},{"@type":"ImageObject","inLanguage":"fi","@id":"https:\/\/aktialiiga.fi\/naiset\/2025-2026\/ennakot-2025-2026\/asiantuntijaraadilla-selkea-nakemys-tulevasta-finaalikaksikosta\/#primaryimage","url":"https:\/\/aktialiiga.fi\/naiset\/wp-content\/uploads\/sites\/6\/2021\/09\/2TH98481.jpg","contentUrl":"https:\/\/aktialiiga.fi\/naiset\/wp-content\/uploads\/sites\/6\/2021\/09\/2TH98481.jpg","width":2400,"height":1600,"caption":"Pallo k\u00e4sipallon naisten SM-sarjan 3. finaaliottelussa ottelussa Hifk - Dicken Helsingin Urheilutalolla 23. huhtikuuta 2021. (Tomi H\u00e4nninen\/Newspix24)"},{"@type":"BreadcrumbList","@id":"https:\/\/aktialiiga.fi\/naiset\/2025-2026\/ennakot-2025-2026\/asiantuntijaraadilla-selkea-nakemys-tulevasta-finaalikaksikosta\/#breadcrumb","itemListElement":[{"@type":"ListItem","position":1,"name":"Etusivu","item":"https:\/\/aktialiiga.fi\/naiset\/"},{"@type":"ListItem","position":2,"name":"Asiantuntijaraadilla selke\u00e4 n\u00e4kemys tulevasta finaalikaksikosta"}]},{"@type":"WebSite","@id":"https:\/\/aktialiiga.fi\/naiset\/#website","url":"https:\/\/aktialiiga.fi\/naiset\/","name":"K\u00e4sipallon naisten Aktialiiga","description":"Valtakunnan vauhdikkainta palloilua!","publisher":{"@id":"https:\/\/aktialiiga.fi\/naiset\/#organization"},"potentialAction":[{"@type":"SearchAction","target":{"@type":"EntryPoint","urlTemplate":"https:\/\/aktialiiga.fi\/naiset\/?s={search_term_string}"},"query-input":{"@type":"PropertyValueSpecification","valueRequired":true,"valueName":"search_term_string"}}],"inLanguage":"fi"},{"@type":"Organization","@id":"https:\/\/aktialiiga.fi\/naiset\/#organization","name":"K\u00e4sipallon naisten Aktialiiga","url":"https:\/\/aktialiiga.fi\/naiset\/","logo":{"@type":"ImageObject","inLanguage":"fi","@id":"https:\/\/aktialiiga.fi\/naiset\/#\/schema\/logo\/image\/","url":"https:\/\/aktialiiga.fi\/naiset\/wp-content\/uploads\/sites\/6\/2024\/09\/Aktialiiga-Yoast-512.png","contentUrl":"https:\/\/aktialiiga.fi\/naiset\/wp-content\/uploads\/sites\/6\/2024\/09\/Aktialiiga-Yoast-512.png","width":512,"height":512,"caption":"K\u00e4sipallon naisten Aktialiiga"},"image":{"@id":"https:\/\/aktialiiga.fi\/naiset\/#\/schema\/logo\/image\/"},"sameAs":["https:\/\/www.facebook.com\/finnhandball","https:\/\/x.com\/finnhandball","https:\/\/www.instagram.com\/handballfinland\/"]},{"@type":"Person","@id":"https:\/\/aktialiiga.fi\/naiset\/#\/schema\/person\/6ed7641d619c7f28481c53817a16b871","name":"jussi","image":{"@type":"ImageObject","inLanguage":"fi","@id":"https:\/\/secure.gravatar.com\/avatar\/034b8e6380fc659c320f13e17fe45bd9ab48a21e2debadd5f3179bde291949df?s=96&d=mm&r=g","url":"https:\/\/secure.gravatar.com\/avatar\/034b8e6380fc659c320f13e17fe45bd9ab48a21e2debadd5f3179bde291949df?s=96&d=mm&r=g","contentUrl":"https:\/\/secure.gravatar.com\/avatar\/034b8e6380fc659c320f13e17fe45bd9ab48a21e2debadd5f3179bde291949df?s=96&d=mm&r=g","caption":"jussi"}}]}},"jetpack_featured_media_url":"https:\/\/aktialiiga.fi\/naiset\/wp-content\/uploads\/sites\/6\/2021\/09\/2TH98481.jpg","jetpack_sharing_enabled":true,"jetpack_shortlink":"https:\/\/wp.me\/pfYhm6-bv8","_links":{"self":[{"href":"https:\/\/aktialiiga.fi\/naiset\/wp-json\/wp\/v2\/posts\/44214","targetHints":{"allow":["GET"]}}],"collection":[{"href":"https:\/\/aktialiiga.fi\/naiset\/wp-json\/wp\/v2\/posts"}],"about":[{"href":"https:\/\/aktialiiga.fi\/naiset\/wp-json\/wp\/v2\/types\/post"}],"author":[{"embeddable":true,"href":"https:\/\/aktialiiga.fi\/naiset\/wp-json\/wp\/v2\/users\/3"}],"replies":[{"embeddable":true,"href":"https:\/\/aktialiiga.fi\/naiset\/wp-json\/wp\/v2\/comments?post=44214"}],"version-history":[{"count":12,"href":"https:\/\/aktialiiga.fi\/naiset\/wp-json\/wp\/v2\/posts\/44214\/revisions"}],"predecessor-version":[{"id":45389,"href":"https:\/\/aktialiiga.fi\/naiset\/wp-json\/wp\/v2\/posts\/44214\/revisions\/45389"}],"wp:featuredmedia":[{"embeddable":true,"href":"https:\/\/aktialiiga.fi\/naiset\/wp-json\/wp\/v2\/media\/22332"}],"wp:attachment":[{"href":"https:\/\/aktialiiga.fi\/naiset\/wp-json\/wp\/v2\/media?parent=44214"}],"wp:term":[{"taxonomy":"category","embeddable":true,"href":"https:\/\/aktialiiga.fi\/naiset\/wp-json\/wp\/v2\/categories?post=44214"},{"taxonomy":"post_tag","embeddable":true,"href":"https:\/\/aktialiiga.fi\/naiset\/wp-json\/wp\/v2\/tags?post=44214"}],"curies":[{"name":"wp","href":"https:\/\/api.w.org\/{rel}","templated":true}]}}