{"id":44235,"date":"2025-09-05T22:11:59","date_gmt":"2025-09-05T19:11:59","guid":{"rendered":"https:\/\/aktialiiga.fi\/naiset\/?p=44235"},"modified":"2025-09-05T22:11:59","modified_gmt":"2025-09-05T19:11:59","slug":"aktialiiga-kaynnistyy-lauantaina-mielenkiintoinen-kausi-edessa","status":"publish","type":"post","link":"https:\/\/aktialiiga.fi\/naiset\/2025-2026\/ennakot-2025-2026\/aktialiiga-kaynnistyy-lauantaina-mielenkiintoinen-kausi-edessa\/","title":{"rendered":"Aktialiiga k\u00e4ynnistyy lauantaina \u2013 mielenkiintoinen kausi edess\u00e4"},"content":{"rendered":"<p>Naisten Aktialiigan kausi 2025-26 k\u00e4ynnistyy viikonloppuna ja ensimm\u00e4iset pelit pelataan lauantaina 6.9. GrIFK ja HIFK l\u00e4htev\u00e4t kauteen suurimpina ennakkosuosikkeina, mutta heill\u00e4 on iso joukko haastajia.<\/p>\n<p>Kausi saa heti upean startin, kun hallitseva mestari saa vastaansa viime kaudella pronssin napannut ja toiseksi runkosarjassa sijoittuneen Dickenin. Vastakkain ovat samalla kaksi kovaa mestarisuosikkia.<\/p>\n<p>Kilpailullinen kausi alkoi jo Suomen Cupilla ja aiemmin viikolla saatiin my\u00f6s lohkovaihe k\u00e4yntiin, jolloin mukaan tulevat my\u00f6s Aktialiigan joukkueet. Dicken ja GrIFK saivat hieman esimakua tulevasta, kun Dicken kohtasi GrIFK Young Ladiesin ja GrIFK sai puolestaan vastaansa Dicken Island Girlsin. GrIFK otti molemmissa otteluissa voiton.<\/p>\n<p>Lauantaina joukkueiden edustusjoukkueet kuitenkin iskev\u00e4t vastakkain Aktialiigan kauden avauksessa.<\/p>\n<p>Lauantain toisesta ottelustakaan ei mielenkiintoa puutu, kun viime kaudella runkosarjassa tasapisteisiin p\u00e4\u00e4tyneet Cocks ja BK-46 ottavat mittaa toisistaan. Joukkueet kohtasivat viime kaudella my\u00f6s puoliv\u00e4lieriss\u00e4, jossa BK-46 oli lopulta vahvempia. Molemmat joukkueet on nostettu muiden p\u00e4\u00e4valmentajien toimesta my\u00f6s mahdollisiksi yll\u00e4tt\u00e4jiksi t\u00e4ll\u00e4 kaudella.<\/p>\n<p>&#8211; BK-46, Atlas ja Cocks kaikki haastavat viime kauden mitalisteja, Cocksin p\u00e4\u00e4valmentaja Kimmo L\u00e4hteenm\u00e4ki ennakoi.<\/p>\n<p>&#8211; Cocks on kehittynyt kausi kaudelta, mutta on itselleni edelleen arvoitus. Me (SIF) pid\u00e4mme kiinni yll\u00e4tt\u00e4j\u00e4n asemasta ja aiommekin olla sarjan musta hevonen, SIF:n Viljami Kuntsi puolestaan arvioi.<\/p>\n<p>SIF p\u00e4\u00e4see my\u00f6s tositoimiin kauden avausviikonloppuna kohdatessaan HIFK:n. SIF h\u00e4visi kaikki viime kauden ottelunsa ja saa heti kauden alkuun todellisen mittarin. HIFK on t\u00e4ll\u00e4kin kaudella GrIFK:n ohella toinen iso mestarisuosikki.<\/p>\n<p>Suomen Cupissa HIFK oli yll\u00e4tt\u00e4v\u00e4nkin kovilla HIFK Planetsia vastaan, kun konkarit pistiv\u00e4t nuoret pelaajat ahtaalle seuran sis\u00e4isess\u00e4 kohtaamisessa. SIF ei ole viel\u00e4 kilpakauttaan aloittanut.<\/p>\n<p>Kokonaisuudessaan valmentajat povaavat mielenkiintoista ja tasaista sarjaa.<\/p>\n<p>&#8211; Keskim\u00e4\u00e4r\u00e4isesti joukkueiden v\u00e4linen tasoero on tasoittunut ja mielenkiintoinen sarja sek\u00e4 yll\u00e4tt\u00e4vi\u00e4 tuloksia on odotettavissa, veikkaa GrIFK:n p\u00e4\u00e4valmentaja Patrik Johanson.<\/p>\n<p>Samoilla linjoilla on my\u00f6s HIFK:n p\u00e4\u00e4valmentaja Rostislav Grinishin.<\/p>\n<p>&#8211; Uskon t\u00e4st\u00e4 kaudesta tulevan tasaisin pitk\u00e4\u00e4n aikaan.<\/p>\n<p>Aktialiigan kaikki ottelut ovat n\u00e4ht\u00e4viss\u00e4 HandisTV:n kautta. Lue lis\u00e4\u00e4 <a href=\"https:\/\/aktialiiga.fi\/handistv\/\">t\u00e4\u00e4lt\u00e4<\/a>.<\/p>\n<p><strong>Kohti kautta:<br \/>\n<\/strong><a href=\"https:\/\/aktialiiga.fi\/naiset\/2025-2026\/kohti-kautta-2025-2026\/kohti-kautta-grifk-11\/\">GrIFK<\/a><strong><br \/>\n<\/strong><a href=\"https:\/\/aktialiiga.fi\/naiset\/2025-2026\/kohti-kautta-2025-2026\/kohti-kautta-dicken-11\/\">Dicken<\/a><strong><br \/>\n<\/strong><a href=\"https:\/\/aktialiiga.fi\/naiset\/2025-2026\/kohti-kautta-2025-2026\/kohti-kautta-cocks-3\/\">Cocks<\/a><strong><br \/>\n<\/strong><a href=\"https:\/\/aktialiiga.fi\/naiset\/2025-2026\/kohti-kautta-2025-2026\/kohti-kautta-bk-46-8\/\">BK-46<\/a><strong><br \/>\n<\/strong><a href=\"https:\/\/aktialiiga.fi\/naiset\/2025-2026\/kohti-kautta-2025-2026\/kohti-kautta-sif-11\/\">SIF<\/a><strong><br \/>\n<\/strong><a href=\"https:\/\/aktialiiga.fi\/naiset\/2025-2026\/kohti-kautta-2025-2026\/kohti-kautta-hifk-11\/\">HIFK<\/a><\/p>\n<p><strong>Aktialiigan avauskierros:<br \/>\n<\/strong>La 6.9. kello 13.30 GrIFK-Dicken<strong><br \/>\n<\/strong>La 6.9. kello 16.00 Cocks-BK-46<strong><br \/>\n<\/strong>Su 7.9. kello 15.00 SIF-HIFK<\/p>\n","protected":false},"excerpt":{"rendered":"<p>Naisten Aktialiigan kausi 2025-26 k\u00e4ynnistyy viikonloppuna ja ensimm\u00e4iset pelit pelataan lauantaina 6.9. GrIFK ja HIFK l\u00e4htev\u00e4t kauteen suurimpina ennakkosuosikkeina, mutta heill\u00e4 on iso joukko haastajia. Kausi saa heti upean startin, kun hallitseva mestari saa vastaansa viime kaudella pronssin napannut ja toiseksi runkosarjassa sijoittuneen Dickenin. Vastakkain ovat samalla kaksi kovaa mestarisuosikkia. Kilpailullinen kausi alkoi jo Suomen [&hellip;]<\/p>\n","protected":false},"author":13,"featured_media":33916,"comment_status":"closed","ping_status":"closed","sticky":false,"template":"","format":"standard","meta":{"_acf_changed":false,"jetpack_post_was_ever_published":false,"_jetpack_newsletter_access":"","_jetpack_dont_email_post_to_subs":false,"_jetpack_newsletter_tier_id":0,"_jetpack_memberships_contains_paywalled_content":false,"_jetpack_memberships_contains_paid_content":false,"footnotes":""},"categories":[272],"tags":[49,157,51,57,61,81],"class_list":["post-44235","post","type-post","status-publish","format-standard","has-post-thumbnail","hentry","category-ennakot-2025-2026","tag-bk-46","tag-cocks","tag-dicken","tag-grifk","tag-hifk","tag-sif"],"acf":[],"yoast_head":"<!-- This site is optimized with the Yoast SEO plugin v27.5 - https:\/\/yoast.com\/product\/yoast-seo-wordpress\/ -->\n<title>Aktialiiga k\u00e4ynnistyy lauantaina \u2013 mielenkiintoinen kausi edess\u00e4 | K\u00e4sipallon naisten Aktialiiga<\/title>\n<meta name=\"description\" content=\"Naisten Aktialiigan kausi 2025-26 k\u00e4ynnistyy viikonloppuna ja ensimm\u00e4iset pelit pelataan lauantaina 6.9.\" \/>\n<meta name=\"robots\" content=\"index, follow, max-snippet:-1, max-image-preview:large, max-video-preview:-1\" \/>\n<link rel=\"canonical\" href=\"https:\/\/aktialiiga.fi\/naiset\/2025-2026\/ennakot-2025-2026\/aktialiiga-kaynnistyy-lauantaina-mielenkiintoinen-kausi-edessa\/\" \/>\n<meta property=\"og:locale\" content=\"fi_FI\" \/>\n<meta property=\"og:type\" content=\"article\" \/>\n<meta property=\"og:title\" content=\"Aktialiiga k\u00e4ynnistyy lauantaina \u2013 mielenkiintoinen kausi edess\u00e4 | K\u00e4sipallon naisten Aktialiiga\" \/>\n<meta property=\"og:description\" content=\"Naisten Aktialiigan kausi 2025-26 k\u00e4ynnistyy viikonloppuna ja ensimm\u00e4iset pelit pelataan lauantaina 6.9.\" \/>\n<meta property=\"og:url\" content=\"https:\/\/aktialiiga.fi\/naiset\/2025-2026\/ennakot-2025-2026\/aktialiiga-kaynnistyy-lauantaina-mielenkiintoinen-kausi-edessa\/\" \/>\n<meta property=\"og:site_name\" content=\"K\u00e4sipallon naisten Aktialiiga\" \/>\n<meta property=\"article:publisher\" content=\"https:\/\/www.facebook.com\/finnhandball\" \/>\n<meta property=\"article:published_time\" content=\"2025-09-05T19:11:59+00:00\" \/>\n<meta property=\"og:image\" content=\"https:\/\/aktialiiga.fi\/naiset\/wp-content\/uploads\/sites\/6\/2023\/09\/mestaruuspokaali.jpg\" \/>\n\t<meta property=\"og:image:width\" content=\"1200\" \/>\n\t<meta property=\"og:image:height\" content=\"799\" \/>\n\t<meta property=\"og:image:type\" content=\"image\/jpeg\" \/>\n<meta name=\"author\" content=\"tbrmedia\" \/>\n<meta name=\"twitter:card\" content=\"summary_large_image\" \/>\n<meta name=\"twitter:creator\" content=\"@finnhandball\" \/>\n<meta name=\"twitter:site\" content=\"@finnhandball\" \/>\n<script type=\"application\/ld+json\" class=\"yoast-schema-graph\">{\"@context\":\"https:\\\/\\\/schema.org\",\"@graph\":[{\"@type\":\"Article\",\"@id\":\"https:\\\/\\\/aktialiiga.fi\\\/naiset\\\/2025-2026\\\/ennakot-2025-2026\\\/aktialiiga-kaynnistyy-lauantaina-mielenkiintoinen-kausi-edessa\\\/#article\",\"isPartOf\":{\"@id\":\"https:\\\/\\\/aktialiiga.fi\\\/naiset\\\/2025-2026\\\/ennakot-2025-2026\\\/aktialiiga-kaynnistyy-lauantaina-mielenkiintoinen-kausi-edessa\\\/\"},\"author\":{\"name\":\"tbrmedia\",\"@id\":\"https:\\\/\\\/aktialiiga.fi\\\/naiset\\\/#\\\/schema\\\/person\\\/c14bf42f47041db74603c45afcb18d87\"},\"headline\":\"Aktialiiga k\u00e4ynnistyy lauantaina \u2013 mielenkiintoinen kausi edess\u00e4\",\"datePublished\":\"2025-09-05T19:11:59+00:00\",\"mainEntityOfPage\":{\"@id\":\"https:\\\/\\\/aktialiiga.fi\\\/naiset\\\/2025-2026\\\/ennakot-2025-2026\\\/aktialiiga-kaynnistyy-lauantaina-mielenkiintoinen-kausi-edessa\\\/\"},\"wordCount\":372,\"publisher\":{\"@id\":\"https:\\\/\\\/aktialiiga.fi\\\/naiset\\\/#organization\"},\"image\":{\"@id\":\"https:\\\/\\\/aktialiiga.fi\\\/naiset\\\/2025-2026\\\/ennakot-2025-2026\\\/aktialiiga-kaynnistyy-lauantaina-mielenkiintoinen-kausi-edessa\\\/#primaryimage\"},\"thumbnailUrl\":\"https:\\\/\\\/aktialiiga.fi\\\/naiset\\\/wp-content\\\/uploads\\\/sites\\\/6\\\/2023\\\/09\\\/mestaruuspokaali.jpg\",\"keywords\":[\"BK-46\",\"Cocks\",\"Dicken\",\"GrIFK\",\"HIFK\",\"SIF\"],\"articleSection\":[\"Ennakot\"],\"inLanguage\":\"fi\"},{\"@type\":\"WebPage\",\"@id\":\"https:\\\/\\\/aktialiiga.fi\\\/naiset\\\/2025-2026\\\/ennakot-2025-2026\\\/aktialiiga-kaynnistyy-lauantaina-mielenkiintoinen-kausi-edessa\\\/\",\"url\":\"https:\\\/\\\/aktialiiga.fi\\\/naiset\\\/2025-2026\\\/ennakot-2025-2026\\\/aktialiiga-kaynnistyy-lauantaina-mielenkiintoinen-kausi-edessa\\\/\",\"name\":\"Aktialiiga k\u00e4ynnistyy lauantaina \u2013 mielenkiintoinen kausi edess\u00e4 | K\u00e4sipallon naisten Aktialiiga\",\"isPartOf\":{\"@id\":\"https:\\\/\\\/aktialiiga.fi\\\/naiset\\\/#website\"},\"primaryImageOfPage\":{\"@id\":\"https:\\\/\\\/aktialiiga.fi\\\/naiset\\\/2025-2026\\\/ennakot-2025-2026\\\/aktialiiga-kaynnistyy-lauantaina-mielenkiintoinen-kausi-edessa\\\/#primaryimage\"},\"image\":{\"@id\":\"https:\\\/\\\/aktialiiga.fi\\\/naiset\\\/2025-2026\\\/ennakot-2025-2026\\\/aktialiiga-kaynnistyy-lauantaina-mielenkiintoinen-kausi-edessa\\\/#primaryimage\"},\"thumbnailUrl\":\"https:\\\/\\\/aktialiiga.fi\\\/naiset\\\/wp-content\\\/uploads\\\/sites\\\/6\\\/2023\\\/09\\\/mestaruuspokaali.jpg\",\"datePublished\":\"2025-09-05T19:11:59+00:00\",\"description\":\"Naisten Aktialiigan kausi 2025-26 k\u00e4ynnistyy viikonloppuna ja ensimm\u00e4iset pelit pelataan lauantaina 6.9.\",\"breadcrumb\":{\"@id\":\"https:\\\/\\\/aktialiiga.fi\\\/naiset\\\/2025-2026\\\/ennakot-2025-2026\\\/aktialiiga-kaynnistyy-lauantaina-mielenkiintoinen-kausi-edessa\\\/#breadcrumb\"},\"inLanguage\":\"fi\",\"potentialAction\":[{\"@type\":\"ReadAction\",\"target\":[\"https:\\\/\\\/aktialiiga.fi\\\/naiset\\\/2025-2026\\\/ennakot-2025-2026\\\/aktialiiga-kaynnistyy-lauantaina-mielenkiintoinen-kausi-edessa\\\/\"]}]},{\"@type\":\"ImageObject\",\"inLanguage\":\"fi\",\"@id\":\"https:\\\/\\\/aktialiiga.fi\\\/naiset\\\/2025-2026\\\/ennakot-2025-2026\\\/aktialiiga-kaynnistyy-lauantaina-mielenkiintoinen-kausi-edessa\\\/#primaryimage\",\"url\":\"https:\\\/\\\/aktialiiga.fi\\\/naiset\\\/wp-content\\\/uploads\\\/sites\\\/6\\\/2023\\\/09\\\/mestaruuspokaali.jpg\",\"contentUrl\":\"https:\\\/\\\/aktialiiga.fi\\\/naiset\\\/wp-content\\\/uploads\\\/sites\\\/6\\\/2023\\\/09\\\/mestaruuspokaali.jpg\",\"width\":1200,\"height\":799,\"caption\":\"Naisten k\u00e4sipalloa 4. finaali GrIFK-Dicken\"},{\"@type\":\"BreadcrumbList\",\"@id\":\"https:\\\/\\\/aktialiiga.fi\\\/naiset\\\/2025-2026\\\/ennakot-2025-2026\\\/aktialiiga-kaynnistyy-lauantaina-mielenkiintoinen-kausi-edessa\\\/#breadcrumb\",\"itemListElement\":[{\"@type\":\"ListItem\",\"position\":1,\"name\":\"Etusivu\",\"item\":\"https:\\\/\\\/aktialiiga.fi\\\/naiset\\\/\"},{\"@type\":\"ListItem\",\"position\":2,\"name\":\"Aktialiiga k\u00e4ynnistyy lauantaina \u2013 mielenkiintoinen kausi edess\u00e4\"}]},{\"@type\":\"WebSite\",\"@id\":\"https:\\\/\\\/aktialiiga.fi\\\/naiset\\\/#website\",\"url\":\"https:\\\/\\\/aktialiiga.fi\\\/naiset\\\/\",\"name\":\"K\u00e4sipallon naisten Aktialiiga\",\"description\":\"Valtakunnan vauhdikkainta palloilua!\",\"publisher\":{\"@id\":\"https:\\\/\\\/aktialiiga.fi\\\/naiset\\\/#organization\"},\"potentialAction\":[{\"@type\":\"SearchAction\",\"target\":{\"@type\":\"EntryPoint\",\"urlTemplate\":\"https:\\\/\\\/aktialiiga.fi\\\/naiset\\\/?s={search_term_string}\"},\"query-input\":{\"@type\":\"PropertyValueSpecification\",\"valueRequired\":true,\"valueName\":\"search_term_string\"}}],\"inLanguage\":\"fi\"},{\"@type\":\"Organization\",\"@id\":\"https:\\\/\\\/aktialiiga.fi\\\/naiset\\\/#organization\",\"name\":\"K\u00e4sipallon naisten Aktialiiga\",\"url\":\"https:\\\/\\\/aktialiiga.fi\\\/naiset\\\/\",\"logo\":{\"@type\":\"ImageObject\",\"inLanguage\":\"fi\",\"@id\":\"https:\\\/\\\/aktialiiga.fi\\\/naiset\\\/#\\\/schema\\\/logo\\\/image\\\/\",\"url\":\"https:\\\/\\\/aktialiiga.fi\\\/naiset\\\/wp-content\\\/uploads\\\/sites\\\/6\\\/2024\\\/09\\\/Aktialiiga-Yoast-512.png\",\"contentUrl\":\"https:\\\/\\\/aktialiiga.fi\\\/naiset\\\/wp-content\\\/uploads\\\/sites\\\/6\\\/2024\\\/09\\\/Aktialiiga-Yoast-512.png\",\"width\":512,\"height\":512,\"caption\":\"K\u00e4sipallon naisten Aktialiiga\"},\"image\":{\"@id\":\"https:\\\/\\\/aktialiiga.fi\\\/naiset\\\/#\\\/schema\\\/logo\\\/image\\\/\"},\"sameAs\":[\"https:\\\/\\\/www.facebook.com\\\/finnhandball\",\"https:\\\/\\\/x.com\\\/finnhandball\",\"https:\\\/\\\/www.instagram.com\\\/handballfinland\\\/\"]},{\"@type\":\"Person\",\"@id\":\"https:\\\/\\\/aktialiiga.fi\\\/naiset\\\/#\\\/schema\\\/person\\\/c14bf42f47041db74603c45afcb18d87\",\"name\":\"tbrmedia\",\"image\":{\"@type\":\"ImageObject\",\"inLanguage\":\"fi\",\"@id\":\"https:\\\/\\\/secure.gravatar.com\\\/avatar\\\/ee975fa091fe581d12b60debb3439022686618368a7c142044c56724d4666b16?s=96&d=mm&r=g\",\"url\":\"https:\\\/\\\/secure.gravatar.com\\\/avatar\\\/ee975fa091fe581d12b60debb3439022686618368a7c142044c56724d4666b16?s=96&d=mm&r=g\",\"contentUrl\":\"https:\\\/\\\/secure.gravatar.com\\\/avatar\\\/ee975fa091fe581d12b60debb3439022686618368a7c142044c56724d4666b16?s=96&d=mm&r=g\",\"caption\":\"tbrmedia\"}}]}<\/script>\n<!-- \/ Yoast SEO plugin. -->","yoast_head_json":{"title":"Aktialiiga k\u00e4ynnistyy lauantaina \u2013 mielenkiintoinen kausi edess\u00e4 | K\u00e4sipallon naisten Aktialiiga","description":"Naisten Aktialiigan kausi 2025-26 k\u00e4ynnistyy viikonloppuna ja ensimm\u00e4iset pelit pelataan lauantaina 6.9.","robots":{"index":"index","follow":"follow","max-snippet":"max-snippet:-1","max-image-preview":"max-image-preview:large","max-video-preview":"max-video-preview:-1"},"canonical":"https:\/\/aktialiiga.fi\/naiset\/2025-2026\/ennakot-2025-2026\/aktialiiga-kaynnistyy-lauantaina-mielenkiintoinen-kausi-edessa\/","og_locale":"fi_FI","og_type":"article","og_title":"Aktialiiga k\u00e4ynnistyy lauantaina \u2013 mielenkiintoinen kausi edess\u00e4 | K\u00e4sipallon naisten Aktialiiga","og_description":"Naisten Aktialiigan kausi 2025-26 k\u00e4ynnistyy viikonloppuna ja ensimm\u00e4iset pelit pelataan lauantaina 6.9.","og_url":"https:\/\/aktialiiga.fi\/naiset\/2025-2026\/ennakot-2025-2026\/aktialiiga-kaynnistyy-lauantaina-mielenkiintoinen-kausi-edessa\/","og_site_name":"K\u00e4sipallon naisten Aktialiiga","article_publisher":"https:\/\/www.facebook.com\/finnhandball","article_published_time":"2025-09-05T19:11:59+00:00","og_image":[{"width":1200,"height":799,"url":"https:\/\/aktialiiga.fi\/naiset\/wp-content\/uploads\/sites\/6\/2023\/09\/mestaruuspokaali.jpg","type":"image\/jpeg"}],"author":"tbrmedia","twitter_card":"summary_large_image","twitter_creator":"@finnhandball","twitter_site":"@finnhandball","schema":{"@context":"https:\/\/schema.org","@graph":[{"@type":"Article","@id":"https:\/\/aktialiiga.fi\/naiset\/2025-2026\/ennakot-2025-2026\/aktialiiga-kaynnistyy-lauantaina-mielenkiintoinen-kausi-edessa\/#article","isPartOf":{"@id":"https:\/\/aktialiiga.fi\/naiset\/2025-2026\/ennakot-2025-2026\/aktialiiga-kaynnistyy-lauantaina-mielenkiintoinen-kausi-edessa\/"},"author":{"name":"tbrmedia","@id":"https:\/\/aktialiiga.fi\/naiset\/#\/schema\/person\/c14bf42f47041db74603c45afcb18d87"},"headline":"Aktialiiga k\u00e4ynnistyy lauantaina \u2013 mielenkiintoinen kausi edess\u00e4","datePublished":"2025-09-05T19:11:59+00:00","mainEntityOfPage":{"@id":"https:\/\/aktialiiga.fi\/naiset\/2025-2026\/ennakot-2025-2026\/aktialiiga-kaynnistyy-lauantaina-mielenkiintoinen-kausi-edessa\/"},"wordCount":372,"publisher":{"@id":"https:\/\/aktialiiga.fi\/naiset\/#organization"},"image":{"@id":"https:\/\/aktialiiga.fi\/naiset\/2025-2026\/ennakot-2025-2026\/aktialiiga-kaynnistyy-lauantaina-mielenkiintoinen-kausi-edessa\/#primaryimage"},"thumbnailUrl":"https:\/\/aktialiiga.fi\/naiset\/wp-content\/uploads\/sites\/6\/2023\/09\/mestaruuspokaali.jpg","keywords":["BK-46","Cocks","Dicken","GrIFK","HIFK","SIF"],"articleSection":["Ennakot"],"inLanguage":"fi"},{"@type":"WebPage","@id":"https:\/\/aktialiiga.fi\/naiset\/2025-2026\/ennakot-2025-2026\/aktialiiga-kaynnistyy-lauantaina-mielenkiintoinen-kausi-edessa\/","url":"https:\/\/aktialiiga.fi\/naiset\/2025-2026\/ennakot-2025-2026\/aktialiiga-kaynnistyy-lauantaina-mielenkiintoinen-kausi-edessa\/","name":"Aktialiiga k\u00e4ynnistyy lauantaina \u2013 mielenkiintoinen kausi edess\u00e4 | K\u00e4sipallon naisten Aktialiiga","isPartOf":{"@id":"https:\/\/aktialiiga.fi\/naiset\/#website"},"primaryImageOfPage":{"@id":"https:\/\/aktialiiga.fi\/naiset\/2025-2026\/ennakot-2025-2026\/aktialiiga-kaynnistyy-lauantaina-mielenkiintoinen-kausi-edessa\/#primaryimage"},"image":{"@id":"https:\/\/aktialiiga.fi\/naiset\/2025-2026\/ennakot-2025-2026\/aktialiiga-kaynnistyy-lauantaina-mielenkiintoinen-kausi-edessa\/#primaryimage"},"thumbnailUrl":"https:\/\/aktialiiga.fi\/naiset\/wp-content\/uploads\/sites\/6\/2023\/09\/mestaruuspokaali.jpg","datePublished":"2025-09-05T19:11:59+00:00","description":"Naisten Aktialiigan kausi 2025-26 k\u00e4ynnistyy viikonloppuna ja ensimm\u00e4iset pelit pelataan lauantaina 6.9.","breadcrumb":{"@id":"https:\/\/aktialiiga.fi\/naiset\/2025-2026\/ennakot-2025-2026\/aktialiiga-kaynnistyy-lauantaina-mielenkiintoinen-kausi-edessa\/#breadcrumb"},"inLanguage":"fi","potentialAction":[{"@type":"ReadAction","target":["https:\/\/aktialiiga.fi\/naiset\/2025-2026\/ennakot-2025-2026\/aktialiiga-kaynnistyy-lauantaina-mielenkiintoinen-kausi-edessa\/"]}]},{"@type":"ImageObject","inLanguage":"fi","@id":"https:\/\/aktialiiga.fi\/naiset\/2025-2026\/ennakot-2025-2026\/aktialiiga-kaynnistyy-lauantaina-mielenkiintoinen-kausi-edessa\/#primaryimage","url":"https:\/\/aktialiiga.fi\/naiset\/wp-content\/uploads\/sites\/6\/2023\/09\/mestaruuspokaali.jpg","contentUrl":"https:\/\/aktialiiga.fi\/naiset\/wp-content\/uploads\/sites\/6\/2023\/09\/mestaruuspokaali.jpg","width":1200,"height":799,"caption":"Naisten k\u00e4sipalloa 4. finaali GrIFK-Dicken"},{"@type":"BreadcrumbList","@id":"https:\/\/aktialiiga.fi\/naiset\/2025-2026\/ennakot-2025-2026\/aktialiiga-kaynnistyy-lauantaina-mielenkiintoinen-kausi-edessa\/#breadcrumb","itemListElement":[{"@type":"ListItem","position":1,"name":"Etusivu","item":"https:\/\/aktialiiga.fi\/naiset\/"},{"@type":"ListItem","position":2,"name":"Aktialiiga k\u00e4ynnistyy lauantaina \u2013 mielenkiintoinen kausi edess\u00e4"}]},{"@type":"WebSite","@id":"https:\/\/aktialiiga.fi\/naiset\/#website","url":"https:\/\/aktialiiga.fi\/naiset\/","name":"K\u00e4sipallon naisten Aktialiiga","description":"Valtakunnan vauhdikkainta palloilua!","publisher":{"@id":"https:\/\/aktialiiga.fi\/naiset\/#organization"},"potentialAction":[{"@type":"SearchAction","target":{"@type":"EntryPoint","urlTemplate":"https:\/\/aktialiiga.fi\/naiset\/?s={search_term_string}"},"query-input":{"@type":"PropertyValueSpecification","valueRequired":true,"valueName":"search_term_string"}}],"inLanguage":"fi"},{"@type":"Organization","@id":"https:\/\/aktialiiga.fi\/naiset\/#organization","name":"K\u00e4sipallon naisten Aktialiiga","url":"https:\/\/aktialiiga.fi\/naiset\/","logo":{"@type":"ImageObject","inLanguage":"fi","@id":"https:\/\/aktialiiga.fi\/naiset\/#\/schema\/logo\/image\/","url":"https:\/\/aktialiiga.fi\/naiset\/wp-content\/uploads\/sites\/6\/2024\/09\/Aktialiiga-Yoast-512.png","contentUrl":"https:\/\/aktialiiga.fi\/naiset\/wp-content\/uploads\/sites\/6\/2024\/09\/Aktialiiga-Yoast-512.png","width":512,"height":512,"caption":"K\u00e4sipallon naisten Aktialiiga"},"image":{"@id":"https:\/\/aktialiiga.fi\/naiset\/#\/schema\/logo\/image\/"},"sameAs":["https:\/\/www.facebook.com\/finnhandball","https:\/\/x.com\/finnhandball","https:\/\/www.instagram.com\/handballfinland\/"]},{"@type":"Person","@id":"https:\/\/aktialiiga.fi\/naiset\/#\/schema\/person\/c14bf42f47041db74603c45afcb18d87","name":"tbrmedia","image":{"@type":"ImageObject","inLanguage":"fi","@id":"https:\/\/secure.gravatar.com\/avatar\/ee975fa091fe581d12b60debb3439022686618368a7c142044c56724d4666b16?s=96&d=mm&r=g","url":"https:\/\/secure.gravatar.com\/avatar\/ee975fa091fe581d12b60debb3439022686618368a7c142044c56724d4666b16?s=96&d=mm&r=g","contentUrl":"https:\/\/secure.gravatar.com\/avatar\/ee975fa091fe581d12b60debb3439022686618368a7c142044c56724d4666b16?s=96&d=mm&r=g","caption":"tbrmedia"}}]}},"jetpack_featured_media_url":"https:\/\/aktialiiga.fi\/naiset\/wp-content\/uploads\/sites\/6\/2023\/09\/mestaruuspokaali.jpg","jetpack_sharing_enabled":true,"jetpack_shortlink":"https:\/\/wp.me\/pfYhm6-bvt","_links":{"self":[{"href":"https:\/\/aktialiiga.fi\/naiset\/wp-json\/wp\/v2\/posts\/44235","targetHints":{"allow":["GET"]}}],"collection":[{"href":"https:\/\/aktialiiga.fi\/naiset\/wp-json\/wp\/v2\/posts"}],"about":[{"href":"https:\/\/aktialiiga.fi\/naiset\/wp-json\/wp\/v2\/types\/post"}],"author":[{"embeddable":true,"href":"https:\/\/aktialiiga.fi\/naiset\/wp-json\/wp\/v2\/users\/13"}],"replies":[{"embeddable":true,"href":"https:\/\/aktialiiga.fi\/naiset\/wp-json\/wp\/v2\/comments?post=44235"}],"version-history":[{"count":2,"href":"https:\/\/aktialiiga.fi\/naiset\/wp-json\/wp\/v2\/posts\/44235\/revisions"}],"predecessor-version":[{"id":44237,"href":"https:\/\/aktialiiga.fi\/naiset\/wp-json\/wp\/v2\/posts\/44235\/revisions\/44237"}],"wp:featuredmedia":[{"embeddable":true,"href":"https:\/\/aktialiiga.fi\/naiset\/wp-json\/wp\/v2\/media\/33916"}],"wp:attachment":[{"href":"https:\/\/aktialiiga.fi\/naiset\/wp-json\/wp\/v2\/media?parent=44235"}],"wp:term":[{"taxonomy":"category","embeddable":true,"href":"https:\/\/aktialiiga.fi\/naiset\/wp-json\/wp\/v2\/categories?post=44235"},{"taxonomy":"post_tag","embeddable":true,"href":"https:\/\/aktialiiga.fi\/naiset\/wp-json\/wp\/v2\/tags?post=44235"}],"curies":[{"name":"wp","href":"https:\/\/api.w.org\/{rel}","templated":true}]}}