{"id":44261,"date":"2025-09-06T16:18:30","date_gmt":"2025-09-06T13:18:30","guid":{"rendered":"https:\/\/aktialiiga.fi\/naiset\/?p=44261"},"modified":"2025-09-06T16:18:30","modified_gmt":"2025-09-06T13:18:30","slug":"grifk-murskasi-dickenin-sarjakauden-avauksessa","status":"publish","type":"post","link":"https:\/\/aktialiiga.fi\/naiset\/2025-2026\/ottelut-2025-26\/grifk-murskasi-dickenin-sarjakauden-avauksessa\/","title":{"rendered":"GrIFK murskasi Dickenin sarjakauden avauksessa"},"content":{"rendered":"<p>GrIFK aloitti kautensa vakuuttavasti kaatamalla Dickenin kotonaan selv\u00e4sti 31-12 (13-3)<\/p>\n<p>Dicken onnistui pysym\u00e4\u00e4n GrIFK:n kannassa ensimm\u00e4isen vartin, mutta sen j\u00e4lkeen GrIFK karkasi. Grani vei viimeisen vartin 8-1 ja p\u00e4\u00e4si tauolle 13-3-johdossa.<\/p>\n<p>Toisella puoliajalla Dicken sai paremmin pelin juonesta kiinni, mutta GrIFK ei p\u00e4\u00e4st\u00e4nyt otteestaan irti. Lopulta GrIFK p\u00e4\u00e4si juhlimaan selv\u00e4\u00e4 kauden avausvoittoa.<\/p>\n<p>&#8211; Loistavat kaksi pistett\u00e4 avauksesta. Meill\u00e4 oli vaikeuksia maalinteon kanssa ensimm\u00e4iset 15 minuuttia, mutta sen alettua kulkemaan, se meni hyvin. Hienoa n\u00e4hd\u00e4 uusien hankintojen pelaavan hyvin ja kaikki avasivat maalitilins\u00e4. Nyt katsomme kohti ensi viikon vieraspeli\u00e4 HIFK:ta vastaan, GrIFK:n p\u00e4\u00e4valmentaja Patrik Johanson hehkutti.<\/p>\n<p>Dicken joutui l\u00e4htem\u00e4\u00e4n otteluun osin siipirikkoisena ja p\u00e4\u00e4valmentaja Ken Sirenius antoi omilleen tunnustusta tappiosta huolimatta.<\/p>\n<p>&#8211; Tulimme peliin vaikeista l\u00e4ht\u00f6kohdista, sill\u00e4 meilt\u00e4 puuttui useita pelaajia, joten heid\u00e4n tilalle nousseet pelaajat osoittivat nuoresta i\u00e4st\u00e4\u00e4n huolimatta rohkeutta ja sitoutumista, joista voimme olla t\u00e4n\u00e4\u00e4n ylpeit\u00e4. Grani voitti reilusti. Me katsomme eteenp\u00e4in.<\/p>\n<p>GrIFK:n Alexandra Olsson palkittiin ottelun parhaana pelaajana. H\u00e4n toimi joukkueensa viimeisen\u00e4 lukkona torjuen ottelussa 13 kertaa.<\/p>\n<p>&#8211; Hauska kauden avaus kotiluolassa. Puolustus oli super hyv\u00e4\u00e4, teimme mit\u00e4 meid\u00e4n oli tarkoitus ja juoksimme koko 60-minuuttisen. Pelasimme hyvin joukkueena ja kaikki ottivat vastuuta. T\u00e4ydellinen aloitus kaudelle, Olsson hehkutti.<\/p>\n","protected":false},"excerpt":{"rendered":"<p>GrIFK aloitti kautensa vakuuttavasti kaatamalla Dickenin kotonaan selv\u00e4sti 31-12 (13-3) Dicken onnistui pysym\u00e4\u00e4n GrIFK:n kannassa ensimm\u00e4isen vartin, mutta sen j\u00e4lkeen GrIFK karkasi. Grani vei viimeisen vartin 8-1 ja p\u00e4\u00e4si tauolle 13-3-johdossa. Toisella puoliajalla Dicken sai paremmin pelin juonesta kiinni, mutta GrIFK ei p\u00e4\u00e4st\u00e4nyt otteestaan irti. Lopulta GrIFK p\u00e4\u00e4si juhlimaan selv\u00e4\u00e4 kauden avausvoittoa. &#8211; Loistavat kaksi [&hellip;]<\/p>\n","protected":false},"author":13,"featured_media":40058,"comment_status":"closed","ping_status":"closed","sticky":false,"template":"","format":"standard","meta":{"_acf_changed":false,"jetpack_post_was_ever_published":false,"_jetpack_newsletter_access":"","_jetpack_dont_email_post_to_subs":false,"_jetpack_newsletter_tier_id":0,"_jetpack_memberships_contains_paywalled_content":false,"_jetpack_memberships_contains_paid_content":false,"footnotes":""},"categories":[275],"tags":[51,57],"class_list":["post-44261","post","type-post","status-publish","format-standard","has-post-thumbnail","hentry","category-ottelut-2025-26","tag-dicken","tag-grifk"],"acf":[],"yoast_head":"<!-- This site is optimized with the Yoast SEO plugin v27.5 - https:\/\/yoast.com\/product\/yoast-seo-wordpress\/ -->\n<title>GrIFK murskasi Dickenin sarjakauden avauksessa | K\u00e4sipallon naisten Aktialiiga<\/title>\n<meta name=\"description\" content=\"GrIFK aloitti kautensa vakuuttavasti kaatamalla Dickenin kotonaan selv\u00e4sti 31-12 (13-3)\" \/>\n<meta name=\"robots\" content=\"index, follow, max-snippet:-1, max-image-preview:large, max-video-preview:-1\" \/>\n<link rel=\"canonical\" href=\"https:\/\/aktialiiga.fi\/naiset\/2025-2026\/ottelut-2025-26\/grifk-murskasi-dickenin-sarjakauden-avauksessa\/\" \/>\n<meta property=\"og:locale\" content=\"fi_FI\" \/>\n<meta property=\"og:type\" content=\"article\" \/>\n<meta property=\"og:title\" content=\"GrIFK murskasi Dickenin sarjakauden avauksessa | K\u00e4sipallon naisten Aktialiiga\" \/>\n<meta property=\"og:description\" content=\"GrIFK aloitti kautensa vakuuttavasti kaatamalla Dickenin kotonaan selv\u00e4sti 31-12 (13-3)\" \/>\n<meta property=\"og:url\" content=\"https:\/\/aktialiiga.fi\/naiset\/2025-2026\/ottelut-2025-26\/grifk-murskasi-dickenin-sarjakauden-avauksessa\/\" \/>\n<meta property=\"og:site_name\" content=\"K\u00e4sipallon naisten Aktialiiga\" \/>\n<meta property=\"article:publisher\" content=\"https:\/\/www.facebook.com\/finnhandball\" \/>\n<meta property=\"article:published_time\" content=\"2025-09-06T13:18:30+00:00\" \/>\n<meta property=\"og:image\" content=\"https:\/\/aktialiiga.fi\/naiset\/wp-content\/uploads\/sites\/6\/2024\/05\/A7302866-Forbattrat-BR-scaled-e1724963713174.jpg\" \/>\n\t<meta property=\"og:image:width\" content=\"1122\" \/>\n\t<meta property=\"og:image:height\" content=\"776\" \/>\n\t<meta property=\"og:image:type\" content=\"image\/jpeg\" \/>\n<meta name=\"author\" content=\"tbrmedia\" \/>\n<meta name=\"twitter:card\" content=\"summary_large_image\" \/>\n<meta name=\"twitter:creator\" content=\"@finnhandball\" \/>\n<meta name=\"twitter:site\" content=\"@finnhandball\" \/>\n<script type=\"application\/ld+json\" class=\"yoast-schema-graph\">{\"@context\":\"https:\\\/\\\/schema.org\",\"@graph\":[{\"@type\":\"Article\",\"@id\":\"https:\\\/\\\/aktialiiga.fi\\\/naiset\\\/2025-2026\\\/ottelut-2025-26\\\/grifk-murskasi-dickenin-sarjakauden-avauksessa\\\/#article\",\"isPartOf\":{\"@id\":\"https:\\\/\\\/aktialiiga.fi\\\/naiset\\\/2025-2026\\\/ottelut-2025-26\\\/grifk-murskasi-dickenin-sarjakauden-avauksessa\\\/\"},\"author\":{\"name\":\"tbrmedia\",\"@id\":\"https:\\\/\\\/aktialiiga.fi\\\/naiset\\\/#\\\/schema\\\/person\\\/c14bf42f47041db74603c45afcb18d87\"},\"headline\":\"GrIFK murskasi Dickenin sarjakauden avauksessa\",\"datePublished\":\"2025-09-06T13:18:30+00:00\",\"mainEntityOfPage\":{\"@id\":\"https:\\\/\\\/aktialiiga.fi\\\/naiset\\\/2025-2026\\\/ottelut-2025-26\\\/grifk-murskasi-dickenin-sarjakauden-avauksessa\\\/\"},\"wordCount\":222,\"publisher\":{\"@id\":\"https:\\\/\\\/aktialiiga.fi\\\/naiset\\\/#organization\"},\"image\":{\"@id\":\"https:\\\/\\\/aktialiiga.fi\\\/naiset\\\/2025-2026\\\/ottelut-2025-26\\\/grifk-murskasi-dickenin-sarjakauden-avauksessa\\\/#primaryimage\"},\"thumbnailUrl\":\"https:\\\/\\\/aktialiiga.fi\\\/naiset\\\/wp-content\\\/uploads\\\/sites\\\/6\\\/2024\\\/05\\\/A7302866-Forbattrat-BR-scaled-e1724963713174.jpg\",\"keywords\":[\"Dicken\",\"GrIFK\"],\"articleSection\":[\"Ottelut 2025-26\"],\"inLanguage\":\"fi\"},{\"@type\":\"WebPage\",\"@id\":\"https:\\\/\\\/aktialiiga.fi\\\/naiset\\\/2025-2026\\\/ottelut-2025-26\\\/grifk-murskasi-dickenin-sarjakauden-avauksessa\\\/\",\"url\":\"https:\\\/\\\/aktialiiga.fi\\\/naiset\\\/2025-2026\\\/ottelut-2025-26\\\/grifk-murskasi-dickenin-sarjakauden-avauksessa\\\/\",\"name\":\"GrIFK murskasi Dickenin sarjakauden avauksessa | K\u00e4sipallon naisten Aktialiiga\",\"isPartOf\":{\"@id\":\"https:\\\/\\\/aktialiiga.fi\\\/naiset\\\/#website\"},\"primaryImageOfPage\":{\"@id\":\"https:\\\/\\\/aktialiiga.fi\\\/naiset\\\/2025-2026\\\/ottelut-2025-26\\\/grifk-murskasi-dickenin-sarjakauden-avauksessa\\\/#primaryimage\"},\"image\":{\"@id\":\"https:\\\/\\\/aktialiiga.fi\\\/naiset\\\/2025-2026\\\/ottelut-2025-26\\\/grifk-murskasi-dickenin-sarjakauden-avauksessa\\\/#primaryimage\"},\"thumbnailUrl\":\"https:\\\/\\\/aktialiiga.fi\\\/naiset\\\/wp-content\\\/uploads\\\/sites\\\/6\\\/2024\\\/05\\\/A7302866-Forbattrat-BR-scaled-e1724963713174.jpg\",\"datePublished\":\"2025-09-06T13:18:30+00:00\",\"description\":\"GrIFK aloitti kautensa vakuuttavasti kaatamalla Dickenin kotonaan selv\u00e4sti 31-12 (13-3)\",\"breadcrumb\":{\"@id\":\"https:\\\/\\\/aktialiiga.fi\\\/naiset\\\/2025-2026\\\/ottelut-2025-26\\\/grifk-murskasi-dickenin-sarjakauden-avauksessa\\\/#breadcrumb\"},\"inLanguage\":\"fi\",\"potentialAction\":[{\"@type\":\"ReadAction\",\"target\":[\"https:\\\/\\\/aktialiiga.fi\\\/naiset\\\/2025-2026\\\/ottelut-2025-26\\\/grifk-murskasi-dickenin-sarjakauden-avauksessa\\\/\"]}]},{\"@type\":\"ImageObject\",\"inLanguage\":\"fi\",\"@id\":\"https:\\\/\\\/aktialiiga.fi\\\/naiset\\\/2025-2026\\\/ottelut-2025-26\\\/grifk-murskasi-dickenin-sarjakauden-avauksessa\\\/#primaryimage\",\"url\":\"https:\\\/\\\/aktialiiga.fi\\\/naiset\\\/wp-content\\\/uploads\\\/sites\\\/6\\\/2024\\\/05\\\/A7302866-Forbattrat-BR-scaled-e1724963713174.jpg\",\"contentUrl\":\"https:\\\/\\\/aktialiiga.fi\\\/naiset\\\/wp-content\\\/uploads\\\/sites\\\/6\\\/2024\\\/05\\\/A7302866-Forbattrat-BR-scaled-e1724963713174.jpg\",\"width\":1122,\"height\":776},{\"@type\":\"BreadcrumbList\",\"@id\":\"https:\\\/\\\/aktialiiga.fi\\\/naiset\\\/2025-2026\\\/ottelut-2025-26\\\/grifk-murskasi-dickenin-sarjakauden-avauksessa\\\/#breadcrumb\",\"itemListElement\":[{\"@type\":\"ListItem\",\"position\":1,\"name\":\"Etusivu\",\"item\":\"https:\\\/\\\/aktialiiga.fi\\\/naiset\\\/\"},{\"@type\":\"ListItem\",\"position\":2,\"name\":\"GrIFK murskasi Dickenin sarjakauden avauksessa\"}]},{\"@type\":\"WebSite\",\"@id\":\"https:\\\/\\\/aktialiiga.fi\\\/naiset\\\/#website\",\"url\":\"https:\\\/\\\/aktialiiga.fi\\\/naiset\\\/\",\"name\":\"K\u00e4sipallon naisten Aktialiiga\",\"description\":\"Valtakunnan vauhdikkainta palloilua!\",\"publisher\":{\"@id\":\"https:\\\/\\\/aktialiiga.fi\\\/naiset\\\/#organization\"},\"potentialAction\":[{\"@type\":\"SearchAction\",\"target\":{\"@type\":\"EntryPoint\",\"urlTemplate\":\"https:\\\/\\\/aktialiiga.fi\\\/naiset\\\/?s={search_term_string}\"},\"query-input\":{\"@type\":\"PropertyValueSpecification\",\"valueRequired\":true,\"valueName\":\"search_term_string\"}}],\"inLanguage\":\"fi\"},{\"@type\":\"Organization\",\"@id\":\"https:\\\/\\\/aktialiiga.fi\\\/naiset\\\/#organization\",\"name\":\"K\u00e4sipallon naisten Aktialiiga\",\"url\":\"https:\\\/\\\/aktialiiga.fi\\\/naiset\\\/\",\"logo\":{\"@type\":\"ImageObject\",\"inLanguage\":\"fi\",\"@id\":\"https:\\\/\\\/aktialiiga.fi\\\/naiset\\\/#\\\/schema\\\/logo\\\/image\\\/\",\"url\":\"https:\\\/\\\/aktialiiga.fi\\\/naiset\\\/wp-content\\\/uploads\\\/sites\\\/6\\\/2024\\\/09\\\/Aktialiiga-Yoast-512.png\",\"contentUrl\":\"https:\\\/\\\/aktialiiga.fi\\\/naiset\\\/wp-content\\\/uploads\\\/sites\\\/6\\\/2024\\\/09\\\/Aktialiiga-Yoast-512.png\",\"width\":512,\"height\":512,\"caption\":\"K\u00e4sipallon naisten Aktialiiga\"},\"image\":{\"@id\":\"https:\\\/\\\/aktialiiga.fi\\\/naiset\\\/#\\\/schema\\\/logo\\\/image\\\/\"},\"sameAs\":[\"https:\\\/\\\/www.facebook.com\\\/finnhandball\",\"https:\\\/\\\/x.com\\\/finnhandball\",\"https:\\\/\\\/www.instagram.com\\\/handballfinland\\\/\"]},{\"@type\":\"Person\",\"@id\":\"https:\\\/\\\/aktialiiga.fi\\\/naiset\\\/#\\\/schema\\\/person\\\/c14bf42f47041db74603c45afcb18d87\",\"name\":\"tbrmedia\",\"image\":{\"@type\":\"ImageObject\",\"inLanguage\":\"fi\",\"@id\":\"https:\\\/\\\/secure.gravatar.com\\\/avatar\\\/ee975fa091fe581d12b60debb3439022686618368a7c142044c56724d4666b16?s=96&d=mm&r=g\",\"url\":\"https:\\\/\\\/secure.gravatar.com\\\/avatar\\\/ee975fa091fe581d12b60debb3439022686618368a7c142044c56724d4666b16?s=96&d=mm&r=g\",\"contentUrl\":\"https:\\\/\\\/secure.gravatar.com\\\/avatar\\\/ee975fa091fe581d12b60debb3439022686618368a7c142044c56724d4666b16?s=96&d=mm&r=g\",\"caption\":\"tbrmedia\"}}]}<\/script>\n<!-- \/ Yoast SEO plugin. -->","yoast_head_json":{"title":"GrIFK murskasi Dickenin sarjakauden avauksessa | K\u00e4sipallon naisten Aktialiiga","description":"GrIFK aloitti kautensa vakuuttavasti kaatamalla Dickenin kotonaan selv\u00e4sti 31-12 (13-3)","robots":{"index":"index","follow":"follow","max-snippet":"max-snippet:-1","max-image-preview":"max-image-preview:large","max-video-preview":"max-video-preview:-1"},"canonical":"https:\/\/aktialiiga.fi\/naiset\/2025-2026\/ottelut-2025-26\/grifk-murskasi-dickenin-sarjakauden-avauksessa\/","og_locale":"fi_FI","og_type":"article","og_title":"GrIFK murskasi Dickenin sarjakauden avauksessa | K\u00e4sipallon naisten Aktialiiga","og_description":"GrIFK aloitti kautensa vakuuttavasti kaatamalla Dickenin kotonaan selv\u00e4sti 31-12 (13-3)","og_url":"https:\/\/aktialiiga.fi\/naiset\/2025-2026\/ottelut-2025-26\/grifk-murskasi-dickenin-sarjakauden-avauksessa\/","og_site_name":"K\u00e4sipallon naisten Aktialiiga","article_publisher":"https:\/\/www.facebook.com\/finnhandball","article_published_time":"2025-09-06T13:18:30+00:00","og_image":[{"width":1122,"height":776,"url":"https:\/\/aktialiiga.fi\/naiset\/wp-content\/uploads\/sites\/6\/2024\/05\/A7302866-Forbattrat-BR-scaled-e1724963713174.jpg","type":"image\/jpeg"}],"author":"tbrmedia","twitter_card":"summary_large_image","twitter_creator":"@finnhandball","twitter_site":"@finnhandball","schema":{"@context":"https:\/\/schema.org","@graph":[{"@type":"Article","@id":"https:\/\/aktialiiga.fi\/naiset\/2025-2026\/ottelut-2025-26\/grifk-murskasi-dickenin-sarjakauden-avauksessa\/#article","isPartOf":{"@id":"https:\/\/aktialiiga.fi\/naiset\/2025-2026\/ottelut-2025-26\/grifk-murskasi-dickenin-sarjakauden-avauksessa\/"},"author":{"name":"tbrmedia","@id":"https:\/\/aktialiiga.fi\/naiset\/#\/schema\/person\/c14bf42f47041db74603c45afcb18d87"},"headline":"GrIFK murskasi Dickenin sarjakauden avauksessa","datePublished":"2025-09-06T13:18:30+00:00","mainEntityOfPage":{"@id":"https:\/\/aktialiiga.fi\/naiset\/2025-2026\/ottelut-2025-26\/grifk-murskasi-dickenin-sarjakauden-avauksessa\/"},"wordCount":222,"publisher":{"@id":"https:\/\/aktialiiga.fi\/naiset\/#organization"},"image":{"@id":"https:\/\/aktialiiga.fi\/naiset\/2025-2026\/ottelut-2025-26\/grifk-murskasi-dickenin-sarjakauden-avauksessa\/#primaryimage"},"thumbnailUrl":"https:\/\/aktialiiga.fi\/naiset\/wp-content\/uploads\/sites\/6\/2024\/05\/A7302866-Forbattrat-BR-scaled-e1724963713174.jpg","keywords":["Dicken","GrIFK"],"articleSection":["Ottelut 2025-26"],"inLanguage":"fi"},{"@type":"WebPage","@id":"https:\/\/aktialiiga.fi\/naiset\/2025-2026\/ottelut-2025-26\/grifk-murskasi-dickenin-sarjakauden-avauksessa\/","url":"https:\/\/aktialiiga.fi\/naiset\/2025-2026\/ottelut-2025-26\/grifk-murskasi-dickenin-sarjakauden-avauksessa\/","name":"GrIFK murskasi Dickenin sarjakauden avauksessa | K\u00e4sipallon naisten Aktialiiga","isPartOf":{"@id":"https:\/\/aktialiiga.fi\/naiset\/#website"},"primaryImageOfPage":{"@id":"https:\/\/aktialiiga.fi\/naiset\/2025-2026\/ottelut-2025-26\/grifk-murskasi-dickenin-sarjakauden-avauksessa\/#primaryimage"},"image":{"@id":"https:\/\/aktialiiga.fi\/naiset\/2025-2026\/ottelut-2025-26\/grifk-murskasi-dickenin-sarjakauden-avauksessa\/#primaryimage"},"thumbnailUrl":"https:\/\/aktialiiga.fi\/naiset\/wp-content\/uploads\/sites\/6\/2024\/05\/A7302866-Forbattrat-BR-scaled-e1724963713174.jpg","datePublished":"2025-09-06T13:18:30+00:00","description":"GrIFK aloitti kautensa vakuuttavasti kaatamalla Dickenin kotonaan selv\u00e4sti 31-12 (13-3)","breadcrumb":{"@id":"https:\/\/aktialiiga.fi\/naiset\/2025-2026\/ottelut-2025-26\/grifk-murskasi-dickenin-sarjakauden-avauksessa\/#breadcrumb"},"inLanguage":"fi","potentialAction":[{"@type":"ReadAction","target":["https:\/\/aktialiiga.fi\/naiset\/2025-2026\/ottelut-2025-26\/grifk-murskasi-dickenin-sarjakauden-avauksessa\/"]}]},{"@type":"ImageObject","inLanguage":"fi","@id":"https:\/\/aktialiiga.fi\/naiset\/2025-2026\/ottelut-2025-26\/grifk-murskasi-dickenin-sarjakauden-avauksessa\/#primaryimage","url":"https:\/\/aktialiiga.fi\/naiset\/wp-content\/uploads\/sites\/6\/2024\/05\/A7302866-Forbattrat-BR-scaled-e1724963713174.jpg","contentUrl":"https:\/\/aktialiiga.fi\/naiset\/wp-content\/uploads\/sites\/6\/2024\/05\/A7302866-Forbattrat-BR-scaled-e1724963713174.jpg","width":1122,"height":776},{"@type":"BreadcrumbList","@id":"https:\/\/aktialiiga.fi\/naiset\/2025-2026\/ottelut-2025-26\/grifk-murskasi-dickenin-sarjakauden-avauksessa\/#breadcrumb","itemListElement":[{"@type":"ListItem","position":1,"name":"Etusivu","item":"https:\/\/aktialiiga.fi\/naiset\/"},{"@type":"ListItem","position":2,"name":"GrIFK murskasi Dickenin sarjakauden avauksessa"}]},{"@type":"WebSite","@id":"https:\/\/aktialiiga.fi\/naiset\/#website","url":"https:\/\/aktialiiga.fi\/naiset\/","name":"K\u00e4sipallon naisten Aktialiiga","description":"Valtakunnan vauhdikkainta palloilua!","publisher":{"@id":"https:\/\/aktialiiga.fi\/naiset\/#organization"},"potentialAction":[{"@type":"SearchAction","target":{"@type":"EntryPoint","urlTemplate":"https:\/\/aktialiiga.fi\/naiset\/?s={search_term_string}"},"query-input":{"@type":"PropertyValueSpecification","valueRequired":true,"valueName":"search_term_string"}}],"inLanguage":"fi"},{"@type":"Organization","@id":"https:\/\/aktialiiga.fi\/naiset\/#organization","name":"K\u00e4sipallon naisten Aktialiiga","url":"https:\/\/aktialiiga.fi\/naiset\/","logo":{"@type":"ImageObject","inLanguage":"fi","@id":"https:\/\/aktialiiga.fi\/naiset\/#\/schema\/logo\/image\/","url":"https:\/\/aktialiiga.fi\/naiset\/wp-content\/uploads\/sites\/6\/2024\/09\/Aktialiiga-Yoast-512.png","contentUrl":"https:\/\/aktialiiga.fi\/naiset\/wp-content\/uploads\/sites\/6\/2024\/09\/Aktialiiga-Yoast-512.png","width":512,"height":512,"caption":"K\u00e4sipallon naisten Aktialiiga"},"image":{"@id":"https:\/\/aktialiiga.fi\/naiset\/#\/schema\/logo\/image\/"},"sameAs":["https:\/\/www.facebook.com\/finnhandball","https:\/\/x.com\/finnhandball","https:\/\/www.instagram.com\/handballfinland\/"]},{"@type":"Person","@id":"https:\/\/aktialiiga.fi\/naiset\/#\/schema\/person\/c14bf42f47041db74603c45afcb18d87","name":"tbrmedia","image":{"@type":"ImageObject","inLanguage":"fi","@id":"https:\/\/secure.gravatar.com\/avatar\/ee975fa091fe581d12b60debb3439022686618368a7c142044c56724d4666b16?s=96&d=mm&r=g","url":"https:\/\/secure.gravatar.com\/avatar\/ee975fa091fe581d12b60debb3439022686618368a7c142044c56724d4666b16?s=96&d=mm&r=g","contentUrl":"https:\/\/secure.gravatar.com\/avatar\/ee975fa091fe581d12b60debb3439022686618368a7c142044c56724d4666b16?s=96&d=mm&r=g","caption":"tbrmedia"}}]}},"jetpack_featured_media_url":"https:\/\/aktialiiga.fi\/naiset\/wp-content\/uploads\/sites\/6\/2024\/05\/A7302866-Forbattrat-BR-scaled-e1724963713174.jpg","jetpack_sharing_enabled":true,"jetpack_shortlink":"https:\/\/wp.me\/pfYhm6-bvT","_links":{"self":[{"href":"https:\/\/aktialiiga.fi\/naiset\/wp-json\/wp\/v2\/posts\/44261","targetHints":{"allow":["GET"]}}],"collection":[{"href":"https:\/\/aktialiiga.fi\/naiset\/wp-json\/wp\/v2\/posts"}],"about":[{"href":"https:\/\/aktialiiga.fi\/naiset\/wp-json\/wp\/v2\/types\/post"}],"author":[{"embeddable":true,"href":"https:\/\/aktialiiga.fi\/naiset\/wp-json\/wp\/v2\/users\/13"}],"replies":[{"embeddable":true,"href":"https:\/\/aktialiiga.fi\/naiset\/wp-json\/wp\/v2\/comments?post=44261"}],"version-history":[{"count":2,"href":"https:\/\/aktialiiga.fi\/naiset\/wp-json\/wp\/v2\/posts\/44261\/revisions"}],"predecessor-version":[{"id":44263,"href":"https:\/\/aktialiiga.fi\/naiset\/wp-json\/wp\/v2\/posts\/44261\/revisions\/44263"}],"wp:featuredmedia":[{"embeddable":true,"href":"https:\/\/aktialiiga.fi\/naiset\/wp-json\/wp\/v2\/media\/40058"}],"wp:attachment":[{"href":"https:\/\/aktialiiga.fi\/naiset\/wp-json\/wp\/v2\/media?parent=44261"}],"wp:term":[{"taxonomy":"category","embeddable":true,"href":"https:\/\/aktialiiga.fi\/naiset\/wp-json\/wp\/v2\/categories?post=44261"},{"taxonomy":"post_tag","embeddable":true,"href":"https:\/\/aktialiiga.fi\/naiset\/wp-json\/wp\/v2\/tags?post=44261"}],"curies":[{"name":"wp","href":"https:\/\/api.w.org\/{rel}","templated":true}]}}