{"id":4430,"date":"2014-01-17T19:21:50","date_gmt":"2014-01-17T17:21:50","guid":{"rendered":"https:\/\/www.finnhandball.net\/nsm\/?p=4430"},"modified":"2024-08-28T18:30:38","modified_gmt":"2024-08-28T15:30:38","slug":"sparta-emannoi-sifaa","status":"publish","type":"post","link":"https:\/\/aktialiiga.fi\/naiset\/2013-2014\/ennakot-2013-2014\/sparta-emannoi-sifaa\/","title":{"rendered":"Sparta em\u00e4nn\u00f6i SIF:aa"},"content":{"rendered":"<p>K\u00e4sipallon SM-sarjailtap\u00e4iv\u00e4 Pirkkolassa jatkuu heti alkuiltap\u00e4iv\u00e4n Dicken \u2013 KyIF:n j\u00e4lkeen kello 16.00, kun Sparta ja SIF iskev\u00e4t yhteen taistelussa pisteist\u00e4. Sparta on viime kierroksilla pudonnut sarjataulukossa kuudenneksi, kun SIF puolestaan jatkaa kolmantena k\u00e4rkikaksikon tiukassa tuntumassa.<!--more--><\/p>\n<p>Kotijoukkue Spartan vuodenvaihde on sujunut hiukan mollivoittoisissa merkeiss\u00e4. Joulukuun alussa Atlaksesta otetun komean voiton j\u00e4lkeen tilille on rapsunut nelj\u00e4 tappiota \u2013 toki vastassa on ollut my\u00f6s k\u00e4rkikaksikko HIFK ja Dicken \u2013 joista viimeisin viikko sitten KyIF:n vieraana. Samalla nelj\u00e4s sija sarjataulukossa on vaihtunut kuudenteen ja nyt Sparta etsii uudestaan voittovirett\u00e4.<\/p>\n<p>SIF on kuluvan vuoden puolella ehtinyt pelata jo kaksi ottelua ja per\u00e4p\u00e4\u00e4n kaksikosta Atlas \u2013 \u00c5IFK on irronnut varmat voitot. Siuntiolaiset ovat pit\u00e4neet molemmissa otteluissa vastustajan 21 maalissa, joten puolustuspeli vaikuttaisi olevan hyvin kunnossa.<\/p>\n<p>Spartalla on kuitenkin maalintekovoimaa toiseen malliin. Sirja Lassinharju sek\u00e4 Sara ja Inka J\u00e4ntti takaavat sen, ett\u00e4 SIF-puolustuksella ei ole varaa mihink\u00e4\u00e4n lepsuiluun lauantaina. Linda Olinin johdolla SIF:ltakin l\u00f6ytyy toki vahvaa maalintekovoimaa riveist\u00e4\u00e4n.<\/p>\n","protected":false},"excerpt":{"rendered":"<p>K\u00e4sipallon SM-sarjailtap\u00e4iv\u00e4 Pirkkolassa jatkuu heti alkuiltap\u00e4iv\u00e4n Dicken \u2013 KyIF:n j\u00e4lkeen kello 16.00, kun Sparta ja SIF iskev\u00e4t yhteen taistelussa pisteist\u00e4. Sparta on viime kierroksilla pudonnut sarjataulukossa kuudenneksi, kun SIF puolestaan jatkaa kolmantena k\u00e4rkikaksikon tiukassa tuntumassa.<\/p>\n","protected":false},"author":13,"featured_media":3864,"comment_status":"closed","ping_status":"closed","sticky":false,"template":"","format":"standard","meta":{"_acf_changed":false,"jetpack_post_was_ever_published":false,"_jetpack_newsletter_access":"","_jetpack_dont_email_post_to_subs":false,"_jetpack_newsletter_tier_id":0,"_jetpack_memberships_contains_paywalled_content":false,"_jetpack_memberships_contains_paid_content":false,"footnotes":""},"categories":[35],"tags":[81,84],"class_list":["post-4430","post","type-post","status-publish","format-standard","has-post-thumbnail","hentry","category-ennakot-2013-2014","tag-sif","tag-sparta"],"acf":[],"yoast_head":"<!-- This site is optimized with the Yoast SEO plugin v27.5 - https:\/\/yoast.com\/product\/yoast-seo-wordpress\/ -->\n<title>Sparta em\u00e4nn\u00f6i SIF:aa | K\u00e4sipallon naisten Aktialiiga<\/title>\n<meta name=\"robots\" content=\"index, follow, max-snippet:-1, max-image-preview:large, max-video-preview:-1\" \/>\n<link rel=\"canonical\" href=\"https:\/\/aktialiiga.fi\/naiset\/2013-2014\/ennakot-2013-2014\/sparta-emannoi-sifaa\/\" \/>\n<meta property=\"og:locale\" content=\"fi_FI\" \/>\n<meta property=\"og:type\" content=\"article\" \/>\n<meta property=\"og:title\" content=\"Sparta em\u00e4nn\u00f6i SIF:aa | K\u00e4sipallon naisten Aktialiiga\" \/>\n<meta property=\"og:description\" content=\"K\u00e4sipallon SM-sarjailtap\u00e4iv\u00e4 Pirkkolassa jatkuu heti alkuiltap\u00e4iv\u00e4n Dicken \u2013 KyIF:n j\u00e4lkeen kello 16.00, kun Sparta ja SIF iskev\u00e4t yhteen taistelussa pisteist\u00e4. Sparta on viime kierroksilla pudonnut sarjataulukossa kuudenneksi, kun SIF puolestaan jatkaa kolmantena k\u00e4rkikaksikon tiukassa tuntumassa.\" \/>\n<meta property=\"og:url\" content=\"https:\/\/aktialiiga.fi\/naiset\/2013-2014\/ennakot-2013-2014\/sparta-emannoi-sifaa\/\" \/>\n<meta property=\"og:site_name\" content=\"K\u00e4sipallon naisten Aktialiiga\" \/>\n<meta property=\"article:publisher\" content=\"https:\/\/www.facebook.com\/finnhandball\" \/>\n<meta property=\"article:published_time\" content=\"2014-01-17T17:21:50+00:00\" \/>\n<meta property=\"article:modified_time\" content=\"2024-08-28T15:30:38+00:00\" \/>\n<meta property=\"og:image\" content=\"https:\/\/aktialiiga.fi\/naiset\/wp-content\/uploads\/sites\/6\/2013\/09\/sparta-2013-14.jpg\" \/>\n\t<meta property=\"og:image:width\" content=\"800\" \/>\n\t<meta property=\"og:image:height\" content=\"567\" \/>\n\t<meta property=\"og:image:type\" content=\"image\/jpeg\" \/>\n<meta name=\"author\" content=\"tbrmedia\" \/>\n<meta name=\"twitter:card\" content=\"summary_large_image\" \/>\n<meta name=\"twitter:creator\" content=\"@finnhandball\" \/>\n<meta name=\"twitter:site\" content=\"@finnhandball\" \/>\n<script type=\"application\/ld+json\" class=\"yoast-schema-graph\">{\"@context\":\"https:\\\/\\\/schema.org\",\"@graph\":[{\"@type\":\"Article\",\"@id\":\"https:\\\/\\\/aktialiiga.fi\\\/naiset\\\/2013-2014\\\/ennakot-2013-2014\\\/sparta-emannoi-sifaa\\\/#article\",\"isPartOf\":{\"@id\":\"https:\\\/\\\/aktialiiga.fi\\\/naiset\\\/2013-2014\\\/ennakot-2013-2014\\\/sparta-emannoi-sifaa\\\/\"},\"author\":{\"name\":\"tbrmedia\",\"@id\":\"https:\\\/\\\/aktialiiga.fi\\\/naiset\\\/#\\\/schema\\\/person\\\/c14bf42f47041db74603c45afcb18d87\"},\"headline\":\"Sparta em\u00e4nn\u00f6i SIF:aa\",\"datePublished\":\"2014-01-17T17:21:50+00:00\",\"dateModified\":\"2024-08-28T15:30:38+00:00\",\"mainEntityOfPage\":{\"@id\":\"https:\\\/\\\/aktialiiga.fi\\\/naiset\\\/2013-2014\\\/ennakot-2013-2014\\\/sparta-emannoi-sifaa\\\/\"},\"wordCount\":172,\"publisher\":{\"@id\":\"https:\\\/\\\/aktialiiga.fi\\\/naiset\\\/#organization\"},\"image\":{\"@id\":\"https:\\\/\\\/aktialiiga.fi\\\/naiset\\\/2013-2014\\\/ennakot-2013-2014\\\/sparta-emannoi-sifaa\\\/#primaryimage\"},\"thumbnailUrl\":\"https:\\\/\\\/aktialiiga.fi\\\/naiset\\\/wp-content\\\/uploads\\\/sites\\\/6\\\/2013\\\/09\\\/sparta-2013-14.jpg\",\"keywords\":[\"SIF\",\"Sparta\"],\"articleSection\":[\"Ennakot\"],\"inLanguage\":\"fi\"},{\"@type\":\"WebPage\",\"@id\":\"https:\\\/\\\/aktialiiga.fi\\\/naiset\\\/2013-2014\\\/ennakot-2013-2014\\\/sparta-emannoi-sifaa\\\/\",\"url\":\"https:\\\/\\\/aktialiiga.fi\\\/naiset\\\/2013-2014\\\/ennakot-2013-2014\\\/sparta-emannoi-sifaa\\\/\",\"name\":\"Sparta em\u00e4nn\u00f6i SIF:aa | K\u00e4sipallon naisten Aktialiiga\",\"isPartOf\":{\"@id\":\"https:\\\/\\\/aktialiiga.fi\\\/naiset\\\/#website\"},\"primaryImageOfPage\":{\"@id\":\"https:\\\/\\\/aktialiiga.fi\\\/naiset\\\/2013-2014\\\/ennakot-2013-2014\\\/sparta-emannoi-sifaa\\\/#primaryimage\"},\"image\":{\"@id\":\"https:\\\/\\\/aktialiiga.fi\\\/naiset\\\/2013-2014\\\/ennakot-2013-2014\\\/sparta-emannoi-sifaa\\\/#primaryimage\"},\"thumbnailUrl\":\"https:\\\/\\\/aktialiiga.fi\\\/naiset\\\/wp-content\\\/uploads\\\/sites\\\/6\\\/2013\\\/09\\\/sparta-2013-14.jpg\",\"datePublished\":\"2014-01-17T17:21:50+00:00\",\"dateModified\":\"2024-08-28T15:30:38+00:00\",\"breadcrumb\":{\"@id\":\"https:\\\/\\\/aktialiiga.fi\\\/naiset\\\/2013-2014\\\/ennakot-2013-2014\\\/sparta-emannoi-sifaa\\\/#breadcrumb\"},\"inLanguage\":\"fi\",\"potentialAction\":[{\"@type\":\"ReadAction\",\"target\":[\"https:\\\/\\\/aktialiiga.fi\\\/naiset\\\/2013-2014\\\/ennakot-2013-2014\\\/sparta-emannoi-sifaa\\\/\"]}]},{\"@type\":\"ImageObject\",\"inLanguage\":\"fi\",\"@id\":\"https:\\\/\\\/aktialiiga.fi\\\/naiset\\\/2013-2014\\\/ennakot-2013-2014\\\/sparta-emannoi-sifaa\\\/#primaryimage\",\"url\":\"https:\\\/\\\/aktialiiga.fi\\\/naiset\\\/wp-content\\\/uploads\\\/sites\\\/6\\\/2013\\\/09\\\/sparta-2013-14.jpg\",\"contentUrl\":\"https:\\\/\\\/aktialiiga.fi\\\/naiset\\\/wp-content\\\/uploads\\\/sites\\\/6\\\/2013\\\/09\\\/sparta-2013-14.jpg\",\"width\":800,\"height\":567,\"caption\":\"Spartan naisten edustusjoukkue 2013-2014\"},{\"@type\":\"BreadcrumbList\",\"@id\":\"https:\\\/\\\/aktialiiga.fi\\\/naiset\\\/2013-2014\\\/ennakot-2013-2014\\\/sparta-emannoi-sifaa\\\/#breadcrumb\",\"itemListElement\":[{\"@type\":\"ListItem\",\"position\":1,\"name\":\"Etusivu\",\"item\":\"https:\\\/\\\/aktialiiga.fi\\\/naiset\\\/\"},{\"@type\":\"ListItem\",\"position\":2,\"name\":\"Sparta em\u00e4nn\u00f6i SIF:aa\"}]},{\"@type\":\"WebSite\",\"@id\":\"https:\\\/\\\/aktialiiga.fi\\\/naiset\\\/#website\",\"url\":\"https:\\\/\\\/aktialiiga.fi\\\/naiset\\\/\",\"name\":\"K\u00e4sipallon naisten Aktialiiga\",\"description\":\"Valtakunnan vauhdikkainta palloilua!\",\"publisher\":{\"@id\":\"https:\\\/\\\/aktialiiga.fi\\\/naiset\\\/#organization\"},\"potentialAction\":[{\"@type\":\"SearchAction\",\"target\":{\"@type\":\"EntryPoint\",\"urlTemplate\":\"https:\\\/\\\/aktialiiga.fi\\\/naiset\\\/?s={search_term_string}\"},\"query-input\":{\"@type\":\"PropertyValueSpecification\",\"valueRequired\":true,\"valueName\":\"search_term_string\"}}],\"inLanguage\":\"fi\"},{\"@type\":\"Organization\",\"@id\":\"https:\\\/\\\/aktialiiga.fi\\\/naiset\\\/#organization\",\"name\":\"K\u00e4sipallon naisten Aktialiiga\",\"url\":\"https:\\\/\\\/aktialiiga.fi\\\/naiset\\\/\",\"logo\":{\"@type\":\"ImageObject\",\"inLanguage\":\"fi\",\"@id\":\"https:\\\/\\\/aktialiiga.fi\\\/naiset\\\/#\\\/schema\\\/logo\\\/image\\\/\",\"url\":\"https:\\\/\\\/aktialiiga.fi\\\/naiset\\\/wp-content\\\/uploads\\\/sites\\\/6\\\/2024\\\/09\\\/Aktialiiga-Yoast-512.png\",\"contentUrl\":\"https:\\\/\\\/aktialiiga.fi\\\/naiset\\\/wp-content\\\/uploads\\\/sites\\\/6\\\/2024\\\/09\\\/Aktialiiga-Yoast-512.png\",\"width\":512,\"height\":512,\"caption\":\"K\u00e4sipallon naisten Aktialiiga\"},\"image\":{\"@id\":\"https:\\\/\\\/aktialiiga.fi\\\/naiset\\\/#\\\/schema\\\/logo\\\/image\\\/\"},\"sameAs\":[\"https:\\\/\\\/www.facebook.com\\\/finnhandball\",\"https:\\\/\\\/x.com\\\/finnhandball\",\"https:\\\/\\\/www.instagram.com\\\/handballfinland\\\/\"]},{\"@type\":\"Person\",\"@id\":\"https:\\\/\\\/aktialiiga.fi\\\/naiset\\\/#\\\/schema\\\/person\\\/c14bf42f47041db74603c45afcb18d87\",\"name\":\"tbrmedia\",\"image\":{\"@type\":\"ImageObject\",\"inLanguage\":\"fi\",\"@id\":\"https:\\\/\\\/secure.gravatar.com\\\/avatar\\\/ee975fa091fe581d12b60debb3439022686618368a7c142044c56724d4666b16?s=96&d=mm&r=g\",\"url\":\"https:\\\/\\\/secure.gravatar.com\\\/avatar\\\/ee975fa091fe581d12b60debb3439022686618368a7c142044c56724d4666b16?s=96&d=mm&r=g\",\"contentUrl\":\"https:\\\/\\\/secure.gravatar.com\\\/avatar\\\/ee975fa091fe581d12b60debb3439022686618368a7c142044c56724d4666b16?s=96&d=mm&r=g\",\"caption\":\"tbrmedia\"}}]}<\/script>\n<!-- \/ Yoast SEO plugin. -->","yoast_head_json":{"title":"Sparta em\u00e4nn\u00f6i SIF:aa | K\u00e4sipallon naisten Aktialiiga","robots":{"index":"index","follow":"follow","max-snippet":"max-snippet:-1","max-image-preview":"max-image-preview:large","max-video-preview":"max-video-preview:-1"},"canonical":"https:\/\/aktialiiga.fi\/naiset\/2013-2014\/ennakot-2013-2014\/sparta-emannoi-sifaa\/","og_locale":"fi_FI","og_type":"article","og_title":"Sparta em\u00e4nn\u00f6i SIF:aa | K\u00e4sipallon naisten Aktialiiga","og_description":"K\u00e4sipallon SM-sarjailtap\u00e4iv\u00e4 Pirkkolassa jatkuu heti alkuiltap\u00e4iv\u00e4n Dicken \u2013 KyIF:n j\u00e4lkeen kello 16.00, kun Sparta ja SIF iskev\u00e4t yhteen taistelussa pisteist\u00e4. Sparta on viime kierroksilla pudonnut sarjataulukossa kuudenneksi, kun SIF puolestaan jatkaa kolmantena k\u00e4rkikaksikon tiukassa tuntumassa.","og_url":"https:\/\/aktialiiga.fi\/naiset\/2013-2014\/ennakot-2013-2014\/sparta-emannoi-sifaa\/","og_site_name":"K\u00e4sipallon naisten Aktialiiga","article_publisher":"https:\/\/www.facebook.com\/finnhandball","article_published_time":"2014-01-17T17:21:50+00:00","article_modified_time":"2024-08-28T15:30:38+00:00","og_image":[{"width":800,"height":567,"url":"https:\/\/aktialiiga.fi\/naiset\/wp-content\/uploads\/sites\/6\/2013\/09\/sparta-2013-14.jpg","type":"image\/jpeg"}],"author":"tbrmedia","twitter_card":"summary_large_image","twitter_creator":"@finnhandball","twitter_site":"@finnhandball","schema":{"@context":"https:\/\/schema.org","@graph":[{"@type":"Article","@id":"https:\/\/aktialiiga.fi\/naiset\/2013-2014\/ennakot-2013-2014\/sparta-emannoi-sifaa\/#article","isPartOf":{"@id":"https:\/\/aktialiiga.fi\/naiset\/2013-2014\/ennakot-2013-2014\/sparta-emannoi-sifaa\/"},"author":{"name":"tbrmedia","@id":"https:\/\/aktialiiga.fi\/naiset\/#\/schema\/person\/c14bf42f47041db74603c45afcb18d87"},"headline":"Sparta em\u00e4nn\u00f6i SIF:aa","datePublished":"2014-01-17T17:21:50+00:00","dateModified":"2024-08-28T15:30:38+00:00","mainEntityOfPage":{"@id":"https:\/\/aktialiiga.fi\/naiset\/2013-2014\/ennakot-2013-2014\/sparta-emannoi-sifaa\/"},"wordCount":172,"publisher":{"@id":"https:\/\/aktialiiga.fi\/naiset\/#organization"},"image":{"@id":"https:\/\/aktialiiga.fi\/naiset\/2013-2014\/ennakot-2013-2014\/sparta-emannoi-sifaa\/#primaryimage"},"thumbnailUrl":"https:\/\/aktialiiga.fi\/naiset\/wp-content\/uploads\/sites\/6\/2013\/09\/sparta-2013-14.jpg","keywords":["SIF","Sparta"],"articleSection":["Ennakot"],"inLanguage":"fi"},{"@type":"WebPage","@id":"https:\/\/aktialiiga.fi\/naiset\/2013-2014\/ennakot-2013-2014\/sparta-emannoi-sifaa\/","url":"https:\/\/aktialiiga.fi\/naiset\/2013-2014\/ennakot-2013-2014\/sparta-emannoi-sifaa\/","name":"Sparta em\u00e4nn\u00f6i SIF:aa | K\u00e4sipallon naisten Aktialiiga","isPartOf":{"@id":"https:\/\/aktialiiga.fi\/naiset\/#website"},"primaryImageOfPage":{"@id":"https:\/\/aktialiiga.fi\/naiset\/2013-2014\/ennakot-2013-2014\/sparta-emannoi-sifaa\/#primaryimage"},"image":{"@id":"https:\/\/aktialiiga.fi\/naiset\/2013-2014\/ennakot-2013-2014\/sparta-emannoi-sifaa\/#primaryimage"},"thumbnailUrl":"https:\/\/aktialiiga.fi\/naiset\/wp-content\/uploads\/sites\/6\/2013\/09\/sparta-2013-14.jpg","datePublished":"2014-01-17T17:21:50+00:00","dateModified":"2024-08-28T15:30:38+00:00","breadcrumb":{"@id":"https:\/\/aktialiiga.fi\/naiset\/2013-2014\/ennakot-2013-2014\/sparta-emannoi-sifaa\/#breadcrumb"},"inLanguage":"fi","potentialAction":[{"@type":"ReadAction","target":["https:\/\/aktialiiga.fi\/naiset\/2013-2014\/ennakot-2013-2014\/sparta-emannoi-sifaa\/"]}]},{"@type":"ImageObject","inLanguage":"fi","@id":"https:\/\/aktialiiga.fi\/naiset\/2013-2014\/ennakot-2013-2014\/sparta-emannoi-sifaa\/#primaryimage","url":"https:\/\/aktialiiga.fi\/naiset\/wp-content\/uploads\/sites\/6\/2013\/09\/sparta-2013-14.jpg","contentUrl":"https:\/\/aktialiiga.fi\/naiset\/wp-content\/uploads\/sites\/6\/2013\/09\/sparta-2013-14.jpg","width":800,"height":567,"caption":"Spartan naisten edustusjoukkue 2013-2014"},{"@type":"BreadcrumbList","@id":"https:\/\/aktialiiga.fi\/naiset\/2013-2014\/ennakot-2013-2014\/sparta-emannoi-sifaa\/#breadcrumb","itemListElement":[{"@type":"ListItem","position":1,"name":"Etusivu","item":"https:\/\/aktialiiga.fi\/naiset\/"},{"@type":"ListItem","position":2,"name":"Sparta em\u00e4nn\u00f6i SIF:aa"}]},{"@type":"WebSite","@id":"https:\/\/aktialiiga.fi\/naiset\/#website","url":"https:\/\/aktialiiga.fi\/naiset\/","name":"K\u00e4sipallon naisten Aktialiiga","description":"Valtakunnan vauhdikkainta palloilua!","publisher":{"@id":"https:\/\/aktialiiga.fi\/naiset\/#organization"},"potentialAction":[{"@type":"SearchAction","target":{"@type":"EntryPoint","urlTemplate":"https:\/\/aktialiiga.fi\/naiset\/?s={search_term_string}"},"query-input":{"@type":"PropertyValueSpecification","valueRequired":true,"valueName":"search_term_string"}}],"inLanguage":"fi"},{"@type":"Organization","@id":"https:\/\/aktialiiga.fi\/naiset\/#organization","name":"K\u00e4sipallon naisten Aktialiiga","url":"https:\/\/aktialiiga.fi\/naiset\/","logo":{"@type":"ImageObject","inLanguage":"fi","@id":"https:\/\/aktialiiga.fi\/naiset\/#\/schema\/logo\/image\/","url":"https:\/\/aktialiiga.fi\/naiset\/wp-content\/uploads\/sites\/6\/2024\/09\/Aktialiiga-Yoast-512.png","contentUrl":"https:\/\/aktialiiga.fi\/naiset\/wp-content\/uploads\/sites\/6\/2024\/09\/Aktialiiga-Yoast-512.png","width":512,"height":512,"caption":"K\u00e4sipallon naisten Aktialiiga"},"image":{"@id":"https:\/\/aktialiiga.fi\/naiset\/#\/schema\/logo\/image\/"},"sameAs":["https:\/\/www.facebook.com\/finnhandball","https:\/\/x.com\/finnhandball","https:\/\/www.instagram.com\/handballfinland\/"]},{"@type":"Person","@id":"https:\/\/aktialiiga.fi\/naiset\/#\/schema\/person\/c14bf42f47041db74603c45afcb18d87","name":"tbrmedia","image":{"@type":"ImageObject","inLanguage":"fi","@id":"https:\/\/secure.gravatar.com\/avatar\/ee975fa091fe581d12b60debb3439022686618368a7c142044c56724d4666b16?s=96&d=mm&r=g","url":"https:\/\/secure.gravatar.com\/avatar\/ee975fa091fe581d12b60debb3439022686618368a7c142044c56724d4666b16?s=96&d=mm&r=g","contentUrl":"https:\/\/secure.gravatar.com\/avatar\/ee975fa091fe581d12b60debb3439022686618368a7c142044c56724d4666b16?s=96&d=mm&r=g","caption":"tbrmedia"}}]}},"jetpack_featured_media_url":"https:\/\/aktialiiga.fi\/naiset\/wp-content\/uploads\/sites\/6\/2013\/09\/sparta-2013-14.jpg","jetpack_sharing_enabled":true,"jetpack_shortlink":"https:\/\/wp.me\/pfYhm6-19s","_links":{"self":[{"href":"https:\/\/aktialiiga.fi\/naiset\/wp-json\/wp\/v2\/posts\/4430","targetHints":{"allow":["GET"]}}],"collection":[{"href":"https:\/\/aktialiiga.fi\/naiset\/wp-json\/wp\/v2\/posts"}],"about":[{"href":"https:\/\/aktialiiga.fi\/naiset\/wp-json\/wp\/v2\/types\/post"}],"author":[{"embeddable":true,"href":"https:\/\/aktialiiga.fi\/naiset\/wp-json\/wp\/v2\/users\/13"}],"replies":[{"embeddable":true,"href":"https:\/\/aktialiiga.fi\/naiset\/wp-json\/wp\/v2\/comments?post=4430"}],"version-history":[{"count":1,"href":"https:\/\/aktialiiga.fi\/naiset\/wp-json\/wp\/v2\/posts\/4430\/revisions"}],"predecessor-version":[{"id":39507,"href":"https:\/\/aktialiiga.fi\/naiset\/wp-json\/wp\/v2\/posts\/4430\/revisions\/39507"}],"wp:featuredmedia":[{"embeddable":true,"href":"https:\/\/aktialiiga.fi\/naiset\/wp-json\/wp\/v2\/media\/3864"}],"wp:attachment":[{"href":"https:\/\/aktialiiga.fi\/naiset\/wp-json\/wp\/v2\/media?parent=4430"}],"wp:term":[{"taxonomy":"category","embeddable":true,"href":"https:\/\/aktialiiga.fi\/naiset\/wp-json\/wp\/v2\/categories?post=4430"},{"taxonomy":"post_tag","embeddable":true,"href":"https:\/\/aktialiiga.fi\/naiset\/wp-json\/wp\/v2\/tags?post=4430"}],"curies":[{"name":"wp","href":"https:\/\/api.w.org\/{rel}","templated":true}]}}