{"id":44314,"date":"2025-09-12T13:00:28","date_gmt":"2025-09-12T10:00:28","guid":{"rendered":"https:\/\/aktialiiga.fi\/naiset\/?p=44314"},"modified":"2025-09-12T22:18:39","modified_gmt":"2025-09-12T19:18:39","slug":"viikon-helmi-mahtikaksikko-mittaa-toistensa-alkukauden-tason","status":"publish","type":"post","link":"https:\/\/aktialiiga.fi\/naiset\/2025-2026\/ennakot-2025-2026\/viikon-helmi-mahtikaksikko-mittaa-toistensa-alkukauden-tason\/","title":{"rendered":"VIIKON HELMI: Mahtikaksikko mittaa toistensa alkukauden tason"},"content":{"rendered":"<div  id=\"striimi\"  class='flex_column av-mfgkyeel-cafbbb98f040fac31cc88b8c7080bf71 av_one_full  avia-builder-el-0  el_before_av_heading  avia-builder-el-first  first flex_column_div  '     ><\/div>\n\n<style type=\"text\/css\" data-created_by=\"avia_inline_auto\" id=\"style-css-av-mf3vn3xr-d6869b09efbcd6c7d2ff71f1f7e65b55\">\n#top .av-special-heading.av-mf3vn3xr-d6869b09efbcd6c7d2ff71f1f7e65b55{\npadding-bottom:10px;\n}\nbody .av-special-heading.av-mf3vn3xr-d6869b09efbcd6c7d2ff71f1f7e65b55 .av-special-heading-tag .heading-char{\nfont-size:25px;\n}\n.av-special-heading.av-mf3vn3xr-d6869b09efbcd6c7d2ff71f1f7e65b55 .av-subheading{\nfont-size:15px;\n}\n<\/style>\n<div  class='av-special-heading av-mf3vn3xr-d6869b09efbcd6c7d2ff71f1f7e65b55 av-special-heading-h1 blockquote modern-quote  avia-builder-el-2  el_after_av_one_full  el_before_av_three_fifth '><h1 class='av-special-heading-tag '  itemprop=\"headline\"  >VIIKON HELMI: Mahtikaksikko mittaa toistensa alkukauden tason<\/h1><div class=\"special-heading-border\"><div class=\"special-heading-inner-border\"><\/div><\/div><\/div>\n<div class='flex_column_table av-11ngu9d-27bf49a7f29346725af072585d8a9b9a sc-av_three_fifth av-equal-height-column-flextable'><div  class='flex_column av-11ngu9d-27bf49a7f29346725af072585d8a9b9a av_three_fifth  avia-builder-el-3  el_after_av_heading  el_before_av_two_fifth  first flex_column_table_cell av-equal-height-column av-align-middle  '     ><p><section  class='av_textblock_section av-mf3r5gxg-b983a8a50e38ffcbb68ec7e5a6cf3b4e '   itemscope=\"itemscope\" itemtype=\"https:\/\/schema.org\/BlogPosting\" itemprop=\"blogPost\" ><div class='avia_textblock'  itemprop=\"text\" ><p><strong>K\u00e4sipalloviikon helmen\u00e4 esitell\u00e4\u00e4n n<\/strong><strong>aisten Aktialiigassa lauantaina pelattava kahden edelliskev\u00e4\u00e4n finaaliparin v\u00e4linen huippuottelu HIFK:n ja GrIFK:n v\u00e4lill\u00e4. Kumpikin aloitti liigan vakuuttavalla voitolla, nyt v\u00e4hint\u00e4\u00e4n jomman kumman puhdas peli saa pienen tahran sarjataulukkoon.<\/strong><\/p>\n<\/div><\/section><br \/>\n<section  class='av_textblock_section av-mf55cgu8-4e7f7295be48c9f3925ecf25d29465b7 '   itemscope=\"itemscope\" itemtype=\"https:\/\/schema.org\/BlogPosting\" itemprop=\"blogPost\" ><div class='av-small-hide av-mini-hide avia_textblock'  itemprop=\"text\" ><p>HIFK aloitti Aktialiigan Siuntiossa, jossa se runnoi vakuuttavaan 32-16 voittoon. GrIFK sai kotihalliinsa Kauniaisiin siipirikkoisen viime kev\u00e4\u00e4n pronssijoukkue Dickenin, joka j\u00e4i hallitsevan mestarin jalkoihin tylysti 31-12.<\/p>\n<\/div><\/section><\/p><\/div>\n<div class='av-flex-placeholder'><\/div>\n<style type=\"text\/css\" data-created_by=\"avia_inline_auto\" id=\"style-css-av-mf552js6-d040505d540a1c0916b658b2e867af29\">\n.flex_column.av-mf552js6-d040505d540a1c0916b658b2e867af29{\nborder-width:1px;\nborder-color:#000000;\nborder-style:solid;\npadding:10px 0px 0px 10px;\nbackground-color:#f1f1f1;\n}\n<\/style>\n<div  class='flex_column av-mf552js6-d040505d540a1c0916b658b2e867af29 av_two_fifth  avia-builder-el-6  el_after_av_three_fifth  el_before_av_one_full  flex_column_table_cell av-equal-height-column av-align-middle  '     ><\/div><\/div><!--close column table wrapper. Autoclose: 1 -->\n<div  class='flex_column av-2tqhe8h-3f6047c84c0289b045b42a74b7089447 av_one_full  avia-builder-el-8  el_after_av_two_fifth  el_before_av_one_full  first flex_column_div  '     ><section  class='av_textblock_section av-mf55dn8q-52a199dc629641c3295d82a44c52a58a '   itemscope=\"itemscope\" itemtype=\"https:\/\/schema.org\/BlogPosting\" itemprop=\"blogPost\" ><div class='avia_textblock'  itemprop=\"text\" ><p>Kumpikin joukkueista on ilmoittanut tavoitteekseen Suomen mestaruuden, ja historian perusteella ainakin toinen tultaneen n\u00e4kem\u00e4\u00e4n kev\u00e4\u00e4n finaaleissa. Kaudesta 2008\/09 l\u00e4htien v\u00e4hint\u00e4\u00e4n jompi kumpi on ollut mestaruusotteluiden toisena osapuolena. Finaaliparin HIFK ja GrIFK on muodostanut viidesti.<\/p>\n<h3>Itsevarmasti eteenp\u00e4in<\/h3>\n<p>Ennen liigastarttia julkistetuissa Kohti kautta-haastatteluissa valmentajat Rostislav Grinishin (HIFK) ja Patrik Johanson (GrIFK) nostivat omat joukkueensa piikkipaikalle suurimmaksi mestarisuosikiksi. Molemmat ennustivat my\u00f6s toisensa suurimmaksi haastajakseen.<\/p>\n<p>Grinishin uskoo HIFK:n viev\u00e4n kahden hopeakauden j\u00e4lkeen mestaruuden, koska joukkueen kokenut runko on s\u00e4ilynyt l\u00e4hes ennallaan. Muutaman avauskokoonpanon luotettavan soturin menett\u00e4nyt Johanson veikkaa alkaneen kauden olevan tasaisin moneen vuoteen, ja uskoo Granin jatkavan voittokulkuaan, koska &#8221;kasassa on hyv\u00e4 joukkue ja mukava sekoitus kokeneita ja nuoria pelaajia.&#8221;<\/p>\n<p>Sek\u00e4 Grinishin ett\u00e4 Johanson odottavat useammankin nuoren pelaajansa l\u00e4pimurtokautta. Erityismaininnan saivat\u00a0Linda Juvala ja Alva Eskelin, kaksi vuonna 2007 syntynytt\u00e4 lahjakasta tulevaisuuden lupausta, jotka molemmat olivat kes\u00e4ll\u00e4 edustamassa Suomea W19-ik\u00e4luokan (T06) EM-lopputurnauksessa Montenegrossa.<\/p>\n<\/div><\/section><\/div>\n<div  class='flex_column av-4txnzu-b7789696e1e0220f56a1a08d393377df av_one_full  avia-builder-el-10  el_after_av_one_full  el_before_av_one_full  first flex_column_div  column-top-margin'     ><style type=\"text\/css\" data-created_by=\"avia_inline_auto\" id=\"style-css-av-mfgmgj60-a9be8922c5188d476c06fac61b1eca28\">\n#top .avia-gallery.av-mfgmgj60-a9be8922c5188d476c06fac61b1eca28 .avia-gallery-thumb a{\nwidth:50%;\n}\n<\/style>\n<div  class='avia-gallery av-mfgmgj60-a9be8922c5188d476c06fac61b1eca28 avia_animate_when_visible  avia-builder-el-11  avia-builder-el-no-sibling  animations_off avia-gallery-1'  itemprop=\"image\" itemscope=\"itemscope\" itemtype=\"https:\/\/schema.org\/ImageObject\" ><meta itemprop=\"contentURL\" content=\"https:\/\/aktialiiga.fi\/naiset\/2025-2026\/ennakot-2025-2026\/viikon-helmi-mahtikaksikko-mittaa-toistensa-alkukauden-tason\/\"><div class='avia-gallery-thumb'><a href=\"https:\/\/aktialiiga.fi\/naiset\/wp-content\/uploads\/sites\/6\/2025\/09\/GB7A1245-687x1030.jpg\" data-srcset=\"https:\/\/aktialiiga.fi\/naiset\/wp-content\/uploads\/sites\/6\/2025\/09\/GB7A1245-687x1030.jpg 687w, https:\/\/aktialiiga.fi\/naiset\/wp-content\/uploads\/sites\/6\/2025\/09\/GB7A1245-200x300.jpg 200w, https:\/\/aktialiiga.fi\/naiset\/wp-content\/uploads\/sites\/6\/2025\/09\/GB7A1245-768x1152.jpg 768w, https:\/\/aktialiiga.fi\/naiset\/wp-content\/uploads\/sites\/6\/2025\/09\/GB7A1245-1024x1536.jpg 1024w, https:\/\/aktialiiga.fi\/naiset\/wp-content\/uploads\/sites\/6\/2025\/09\/GB7A1245-1365x2048.jpg 1365w, https:\/\/aktialiiga.fi\/naiset\/wp-content\/uploads\/sites\/6\/2025\/09\/GB7A1245-1000x1500.jpg 1000w, https:\/\/aktialiiga.fi\/naiset\/wp-content\/uploads\/sites\/6\/2025\/09\/GB7A1245-470x705.jpg 470w, https:\/\/aktialiiga.fi\/naiset\/wp-content\/uploads\/sites\/6\/2025\/09\/GB7A1245.jpg 1440w\" data-sizes=\"(max-width: 687px) 100vw, 687px\" data-rel='gallery-1' data-prev-img='https:\/\/aktialiiga.fi\/naiset\/wp-content\/uploads\/sites\/6\/2025\/09\/GB7A1245-495x400.jpg' class='first_thumb lightbox ' data-onclick='1' title='Alva Eskelin, GrIFK (Kuva: Aki Ylivarvi)'  itemprop=\"thumbnailUrl\"  ><img decoding=\"async\" fetchpriority=\"high\" class=\"wp-image-44345 avia-img-lazy-loading-not-44345\"   src=\"https:\/\/aktialiiga.fi\/naiset\/wp-content\/uploads\/sites\/6\/2025\/09\/GB7A1245-687x1030.jpg\" width=\"687\" height=\"1030\"  title='Alva Eskelin, GrIFK (Kuva: Aki Ylivarvi)' alt='' srcset=\"https:\/\/aktialiiga.fi\/naiset\/wp-content\/uploads\/sites\/6\/2025\/09\/GB7A1245-687x1030.jpg 687w, https:\/\/aktialiiga.fi\/naiset\/wp-content\/uploads\/sites\/6\/2025\/09\/GB7A1245-200x300.jpg 200w, https:\/\/aktialiiga.fi\/naiset\/wp-content\/uploads\/sites\/6\/2025\/09\/GB7A1245-768x1152.jpg 768w, https:\/\/aktialiiga.fi\/naiset\/wp-content\/uploads\/sites\/6\/2025\/09\/GB7A1245-1024x1536.jpg 1024w, https:\/\/aktialiiga.fi\/naiset\/wp-content\/uploads\/sites\/6\/2025\/09\/GB7A1245-1365x2048.jpg 1365w, https:\/\/aktialiiga.fi\/naiset\/wp-content\/uploads\/sites\/6\/2025\/09\/GB7A1245-1000x1500.jpg 1000w, https:\/\/aktialiiga.fi\/naiset\/wp-content\/uploads\/sites\/6\/2025\/09\/GB7A1245-470x705.jpg 470w, https:\/\/aktialiiga.fi\/naiset\/wp-content\/uploads\/sites\/6\/2025\/09\/GB7A1245.jpg 1440w\" sizes=\"(max-width: 687px) 100vw, 687px\" \/><div class='big-prev-fake'><img decoding=\"async\" fetchpriority=\"high\" class=\"wp-image-44345 avia-img-lazy-loading-not-44345\"  width=\"495\" height=\"400\" src=\"https:\/\/aktialiiga.fi\/naiset\/wp-content\/uploads\/sites\/6\/2025\/09\/GB7A1245-495x400.jpg\" title='Alva Eskelin, GrIFK (Kuva: Aki Ylivarvi)' alt='' srcset=\"https:\/\/aktialiiga.fi\/naiset\/wp-content\/uploads\/sites\/6\/2025\/09\/GB7A1245-495x400.jpg 495w, https:\/\/aktialiiga.fi\/naiset\/wp-content\/uploads\/sites\/6\/2025\/09\/GB7A1245-845x684.jpg 845w\" sizes=\"(max-width: 495px) 100vw, 495px\" \/><\/div><\/a><a href=\"https:\/\/aktialiiga.fi\/naiset\/wp-content\/uploads\/sites\/6\/2025\/09\/B7A2333-687x1030.jpg\" data-srcset=\"https:\/\/aktialiiga.fi\/naiset\/wp-content\/uploads\/sites\/6\/2025\/09\/B7A2333-687x1030.jpg 687w, https:\/\/aktialiiga.fi\/naiset\/wp-content\/uploads\/sites\/6\/2025\/09\/B7A2333-200x300.jpg 200w, https:\/\/aktialiiga.fi\/naiset\/wp-content\/uploads\/sites\/6\/2025\/09\/B7A2333-768x1152.jpg 768w, https:\/\/aktialiiga.fi\/naiset\/wp-content\/uploads\/sites\/6\/2025\/09\/B7A2333-1000x1500.jpg 1000w, https:\/\/aktialiiga.fi\/naiset\/wp-content\/uploads\/sites\/6\/2025\/09\/B7A2333-470x705.jpg 470w, https:\/\/aktialiiga.fi\/naiset\/wp-content\/uploads\/sites\/6\/2025\/09\/B7A2333.jpg 1024w\" data-sizes=\"(max-width: 687px) 100vw, 687px\" data-rel='gallery-1' data-prev-img='https:\/\/aktialiiga.fi\/naiset\/wp-content\/uploads\/sites\/6\/2025\/09\/B7A2333-495x400.jpg' class='lightbox ' data-onclick='2' title='Linda Juvala, HIFK (Kuva: Aki Ylivarvi)'  itemprop=\"thumbnailUrl\"  ><img decoding=\"async\" fetchpriority=\"high\" class=\"wp-image-44344 avia-img-lazy-loading-not-44344\"   src=\"https:\/\/aktialiiga.fi\/naiset\/wp-content\/uploads\/sites\/6\/2025\/09\/B7A2333-687x1030.jpg\" width=\"687\" height=\"1030\"  title='Linda Juvala, HIFK (Kuva: Aki Ylivarvi)' alt='' srcset=\"https:\/\/aktialiiga.fi\/naiset\/wp-content\/uploads\/sites\/6\/2025\/09\/B7A2333-687x1030.jpg 687w, https:\/\/aktialiiga.fi\/naiset\/wp-content\/uploads\/sites\/6\/2025\/09\/B7A2333-200x300.jpg 200w, https:\/\/aktialiiga.fi\/naiset\/wp-content\/uploads\/sites\/6\/2025\/09\/B7A2333-768x1152.jpg 768w, https:\/\/aktialiiga.fi\/naiset\/wp-content\/uploads\/sites\/6\/2025\/09\/B7A2333-1000x1500.jpg 1000w, https:\/\/aktialiiga.fi\/naiset\/wp-content\/uploads\/sites\/6\/2025\/09\/B7A2333-470x705.jpg 470w, https:\/\/aktialiiga.fi\/naiset\/wp-content\/uploads\/sites\/6\/2025\/09\/B7A2333.jpg 1024w\" sizes=\"(max-width: 687px) 100vw, 687px\" \/><div class='big-prev-fake'><img decoding=\"async\" fetchpriority=\"high\" class=\"wp-image-44344 avia-img-lazy-loading-not-44344\"  width=\"495\" height=\"400\" src=\"https:\/\/aktialiiga.fi\/naiset\/wp-content\/uploads\/sites\/6\/2025\/09\/B7A2333-495x400.jpg\" title='Linda Juvala, HIFK (Kuva: Aki Ylivarvi)' alt='' srcset=\"https:\/\/aktialiiga.fi\/naiset\/wp-content\/uploads\/sites\/6\/2025\/09\/B7A2333-495x400.jpg 495w, https:\/\/aktialiiga.fi\/naiset\/wp-content\/uploads\/sites\/6\/2025\/09\/B7A2333-845x684.jpg 845w\" sizes=\"(max-width: 495px) 100vw, 495px\" \/><\/div><\/a><\/div><\/div><\/div>\n<div  class='flex_column av-1gahaoq-62b71997db015b3eeb4b96e606bd1d3f av_one_full  avia-builder-el-12  el_after_av_one_full  el_before_av_two_third  first flex_column_div  column-top-margin'     ><section  class='av_textblock_section av-mfgor95n-942e3743204105499362de03e261cb5d '   itemscope=\"itemscope\" itemtype=\"https:\/\/schema.org\/BlogPosting\" itemprop=\"blogPost\" ><div class='avia_textblock'  itemprop=\"text\" ><h3>Urhean kaksikko tuntee toisensa hyvin<\/h3>\n<p>Toista liigakauttaan aloitteleva HIFK:n Linda Juvala ly\u00f6tiin viime kev\u00e4\u00e4n\u00e4 kovaan paikkaan, kun finaalisarjassa aukesi roimasti lis\u00e4\u00e4 peliaikaa ja vastuuta Kira H\u00e4rk\u00f6sen loukkaannuttua. Juvalan kaikista liigamaaleista puolet on tullut juuri finaaleissa Grania vastaan.<\/p>\n<p>&#8211; Olen monipuolinen sek\u00e4 nopea pelaaja, ja toivon ett\u00e4 pystyn tuomaan lis\u00e4\u00e4 vauhtia joukkueen peliin, Juvala kertoo.<\/p>\n<\/div><\/section><\/div>\n<div  class='flex_column av-178e6nu-850d328a91890b7d617b2c02f62c1d72 av_two_third  avia-builder-el-14  el_after_av_one_full  el_before_av_one_third  first flex_column_div  column-top-margin'     ><section  class='av_textblock_section av-mfgorhvt-9d8343f731175131f5186b1350fe003a '   itemscope=\"itemscope\" itemtype=\"https:\/\/schema.org\/BlogPosting\" itemprop=\"blogPost\" ><div class='avia_textblock'  itemprop=\"text\" ><p>GrIFK:n kovaheittoinen Alva Eskelin kertoo kokevansa itsens\u00e4 kurinalaisena, j\u00e4rjestelm\u00e4llisen\u00e4 ja fyysisen\u00e4 pelaajana.<\/p>\n<p>&#8211; Tykk\u00e4\u00e4n puolustaa kovaa ja toivon tuovani erityisesti puolustuspeliimme voimaa ja fyysisyytt\u00e4, mutta samalla kyky\u00e4 liikkua ja reagoida nopeasti. Nuorena pelaajana koen, ett\u00e4 yksi vahvuuksistani on kyky mukautua erilaisiin rooleihin sen mukaan, mit\u00e4 joukkue kulloinkin tarvitsee.<\/p>\n<p>Maajoukkueen lis\u00e4ksi Juvala ja Eskelin my\u00f6s harjoittelevat yhdess\u00e4 P\u00e4\u00e4kaupunkiseudun Urheiluakatemia Urheassa. Kaksikko tuntee toisensa vahvuudet hyvin:<\/p>\n<p>&#8211; Olemme yst\u00e4vi\u00e4 ja Lindan kanssa on aina hauska pelata. Pelaajana Linda on todella atleettinen ja monipuolinen. H\u00e4n on hyv\u00e4 maalintekij\u00e4, mutta samalla taitava pelinrakentaja, joka tekee joukkuekavereistaankin vaarallisempia. Puolustuksessa h\u00e4nell\u00e4 on kyky h\u00e4irit\u00e4 vastustajan ajoituksia ja rikkoa pelitempoa.<\/p>\n<p>&#8211; Treenaan p\u00e4ivitt\u00e4in Alvan kanssa, joten olen tottunut pelaamaan h\u00e4nen kanssaan sek\u00e4 h\u00e4nt\u00e4 vastaan. Alva on fyysisesti vahva pelaaja, jolla on tarkat heitot sek\u00e4 hyv\u00e4 pelisilm\u00e4.<\/p>\n<\/div><\/section><\/div>\n<div  class='flex_column av-1ol92b5-b2556bbbc3d72a738ab9a7641c6d374a av_one_third  avia-builder-el-16  el_after_av_two_third  el_before_av_one_full  flex_column_div  column-top-margin'     ><p>\n<style type=\"text\/css\" data-created_by=\"avia_inline_auto\" id=\"style-css-av-mf3x7mas-f93cb8ee03769f2d067b155f1a6dbbe7\">\n.avia-image-container.av-mf3x7mas-f93cb8ee03769f2d067b155f1a6dbbe7 img.avia_image{\nbox-shadow:none;\n}\n.avia-image-container.av-mf3x7mas-f93cb8ee03769f2d067b155f1a6dbbe7 .av-image-caption-overlay-center{\ncolor:#ffffff;\n}\n<\/style>\n<div  class='avia-image-container av-mf3x7mas-f93cb8ee03769f2d067b155f1a6dbbe7 av-styling- avia-align-center  avia-builder-el-17  el_before_av_textblock  avia-builder-el-first '   itemprop=\"image\" itemscope=\"itemscope\" itemtype=\"https:\/\/schema.org\/ImageObject\" ><div class=\"avia-image-container-inner\"><div class=\"avia-image-overlay-wrap\"><img decoding=\"async\" fetchpriority=\"high\" class='wp-image-44408 avia-img-lazy-loading-not-44408 avia_image ' src=\"https:\/\/aktialiiga.fi\/naiset\/wp-content\/uploads\/sites\/6\/2025\/09\/26-Alva-Eskelin-687x1030.jpg\" alt='' title='26 Alva Eskelin'  height=\"1030\" width=\"687\"  itemprop=\"thumbnailUrl\" srcset=\"https:\/\/aktialiiga.fi\/naiset\/wp-content\/uploads\/sites\/6\/2025\/09\/26-Alva-Eskelin-687x1030.jpg 687w, https:\/\/aktialiiga.fi\/naiset\/wp-content\/uploads\/sites\/6\/2025\/09\/26-Alva-Eskelin-200x300.jpg 200w, https:\/\/aktialiiga.fi\/naiset\/wp-content\/uploads\/sites\/6\/2025\/09\/26-Alva-Eskelin-768x1152.jpg 768w, https:\/\/aktialiiga.fi\/naiset\/wp-content\/uploads\/sites\/6\/2025\/09\/26-Alva-Eskelin-1024x1536.jpg 1024w, https:\/\/aktialiiga.fi\/naiset\/wp-content\/uploads\/sites\/6\/2025\/09\/26-Alva-Eskelin-1000x1500.jpg 1000w, https:\/\/aktialiiga.fi\/naiset\/wp-content\/uploads\/sites\/6\/2025\/09\/26-Alva-Eskelin-470x705.jpg 470w, https:\/\/aktialiiga.fi\/naiset\/wp-content\/uploads\/sites\/6\/2025\/09\/26-Alva-Eskelin.jpg 1080w\" sizes=\"(max-width: 687px) 100vw, 687px\" \/><\/div><\/div><\/div><br \/>\n<section  class='av_textblock_section av-mff993wl-4097fb70daf67d2d608cd949c6e18213 '   itemscope=\"itemscope\" itemtype=\"https:\/\/schema.org\/BlogPosting\" itemprop=\"blogPost\" ><div class='avia_textblock'  itemprop=\"text\" ><blockquote>\n<p>Tavoitteemme on pelata kev\u00e4\u00e4ll\u00e4 finaaleissa, mutta pelej\u00e4 on edess\u00e4 paljon. Uskon, ett\u00e4 t\u00e4st\u00e4 tulee eritt\u00e4in tasainen ja mielenkiintoinen kausi.<\/p>\n<\/blockquote>\n<p style=\"text-align: right;\"><strong><em>&#8211; Alva Eskelin, GrIFK #26<\/em><\/strong><\/p>\n<\/div><\/section><\/p><\/div>\n<div class='flex_column_table av-1x3mq7l-3184fec22a3935a739d267448398699d sc-av_one_full av-equal-height-column-flextable'><div  class='flex_column av-1x3mq7l-3184fec22a3935a739d267448398699d av_one_full  avia-builder-el-19  el_after_av_one_third  el_before_av_one_half  first flex_column_table_cell av-equal-height-column av-align-middle  column-top-margin'     ><section  class='av_textblock_section av-mffrmein-c1140a1e7b328784dc4c7cda977b6597 '   itemscope=\"itemscope\" itemtype=\"https:\/\/schema.org\/BlogPosting\" itemprop=\"blogPost\" ><div class='avia_textblock'  itemprop=\"text\" ><h3>Asetelmia kohti kev\u00e4tt\u00e4 rakennetaan jo nyt<\/h3>\n<p>HIFK ja GrIFK on ennakkospekulaatioissa j\u00e4lleen suurimmat suosikit kamppailemaan Suomen mestaruudesta. Juvalan mukaan l\u00e4ht\u00f6kohta on tuttu molemmille joukkueille, mutta samalla h\u00e4n muistuttaa, ett\u00e4 edess\u00e4 on pitk\u00e4 kausi. Runkosarjassa pelataan t\u00e4ll\u00e4 kaudella nelj\u00e4 kierrosta, eli 24 ottelua, jonka j\u00e4lkeen kuusi parasta etenee pudotuspeleihin.<\/p>\n<p>&#8211; Valmistautuminen kauteen sujui hyvin ja uskomme omaan peliimme.<\/p>\n<p>Juvalan mielest\u00e4 GrIFK:lla on sarjan laajin pelaajavalikoima, ja my\u00f6s uusia lupaavia pelaajia.<\/p>\n<p>&#8211; Jokaiselle pelipaikalle l\u00f6ytyy useita vaarallisia pelaajia, jotka varmasti haluaavat n\u00e4ytt\u00e4\u00e4 osaamisensa.<\/p>\n<\/div><\/section><br \/>\n<section  class='av_textblock_section av-wu3ewh-b8e937c6ec92c0b12bf99cfdd40e6e17 '   itemscope=\"itemscope\" itemtype=\"https:\/\/schema.org\/BlogPosting\" itemprop=\"blogPost\" ><div class='avia_textblock'  itemprop=\"text\" ><blockquote>\n<p>L\u00e4ht\u00f6kohta on molemmille joukkueille tuttu. Valmistautuminen kauteen sujui hyvin ja uskomme omaan peliimme.<\/p>\n<\/blockquote>\n<p style=\"text-align: right;\"><strong><em>&#8211; Linda Juvala, HIFK #11<\/em><\/strong><\/p>\n<\/div><\/section><br \/>\n<section  class='av_textblock_section av-mfgosnwa-fe57374e19cdc0491a21ed08ea464a2e '   itemscope=\"itemscope\" itemtype=\"https:\/\/schema.org\/BlogPosting\" itemprop=\"blogPost\" ><div class='avia_textblock'  itemprop=\"text\" ><p>Alva Eskelinist\u00e4 on hienoa ett\u00e4 GrIFK nostetaan keskusteluun, mutta joukkue ei kuitenkaan j\u00e4\u00e4 miettim\u00e4\u00e4n sit\u00e4 liikaa.<\/p>\n<p>&#8211; Nyt on uusi kausi ja kaikki joukkueet l\u00e4htev\u00e4t samalta viivalta. Tavoitteemme on pelata kev\u00e4\u00e4ll\u00e4 finaaleissa, mutta pelej\u00e4 on edess\u00e4 paljon. Uskon, ett\u00e4 t\u00e4st\u00e4 tulee eritt\u00e4in tasainen ja mielenkiintoinen kausi.<\/p>\n<p>Eskelin sanoo granilaisten n\u00e4kev\u00e4n HIFK:n ehdottomasti kovimpana haastajana:<\/p>\n<p>&#8211; Monet n\u00e4kev\u00e4t HIFK:n ennakkosuosikkina eik\u00e4 syytt\u00e4. Heill\u00e4 jatkaa l\u00e4hes sama vahva joukkue kuin viime kaudella ja kokoonpanossa on hyv\u00e4 tasapaino kokemusta ja nuoruutta. HIFK:lta l\u00f6ytyy\u00a0hy\u00f6kk\u00e4ykseen tulivoimaa ja puolustukseen fyysisyytt\u00e4.<\/p>\n<\/div><\/section><\/p><\/div><\/div><!--close column table wrapper. Autoclose: 1 --><div class='flex_column_table av-mf3uru94-c43baf5b79ae98edd8dfb2ca5e51abe1 sc-av_one_half av-equal-height-column-flextable'>\n<style type=\"text\/css\" data-created_by=\"avia_inline_auto\" id=\"style-css-av-mf3uru94-c43baf5b79ae98edd8dfb2ca5e51abe1\">\n.flex_column.av-mf3uru94-c43baf5b79ae98edd8dfb2ca5e51abe1{\nborder-width:1px;\nborder-color:#e50815;\nborder-style:solid;\nborder-radius:1em 1em 1em 1em;\npadding:2em 1em 0em 1em;\nbackground-color:#f1f1f1;\n}\n<\/style>\n<div  class='flex_column av-mf3uru94-c43baf5b79ae98edd8dfb2ca5e51abe1 av_one_half  avia-builder-el-23  el_after_av_one_full  el_before_av_one_half  first flex_column_table_cell av-equal-height-column av-align-top  column-top-margin'     ><p>\n<style type=\"text\/css\" data-created_by=\"avia_inline_auto\" id=\"style-css-av-mf3uoarn-59b10cd9c0f8aad4e322b54eeaf22335\">\n.avia-image-container.av-mf3uoarn-59b10cd9c0f8aad4e322b54eeaf22335 img.avia_image{\nbox-shadow:none;\n}\n.avia-image-container.av-mf3uoarn-59b10cd9c0f8aad4e322b54eeaf22335 .av-image-caption-overlay-center{\ncolor:#ffffff;\n}\n<\/style>\n<div  class='avia-image-container av-mf3uoarn-59b10cd9c0f8aad4e322b54eeaf22335 av-styling- avia-align-center  avia-builder-el-24  el_before_av_textblock  avia-builder-el-first '   itemprop=\"image\" itemscope=\"itemscope\" itemtype=\"https:\/\/schema.org\/ImageObject\" ><div class=\"avia-image-container-inner\"><div class=\"avia-image-overlay-wrap\"><img decoding=\"async\" fetchpriority=\"high\" class='wp-image-36243 avia-img-lazy-loading-not-36243 avia_image ' src=\"https:\/\/aktialiiga.fi\/naiset\/wp-content\/uploads\/sites\/6\/2024\/03\/etu-90340p-NSM-HIFK-koti.png\" alt='' title='HIFK'  height=\"276\" width=\"175\"  itemprop=\"thumbnailUrl\"  \/><\/div><\/div><\/div><br \/>\n<section  class='av_textblock_section av-mf3uuxhi-31166df1de9c6b381015a2684a45fd88 '   itemscope=\"itemscope\" itemtype=\"https:\/\/schema.org\/BlogPosting\" itemprop=\"blogPost\" ><div class='avia_textblock'  itemprop=\"text\" ><h3>HIFK, Helsinki<\/h3>\n<ul>\n<li aria-level=\"1\">Naisten liigan maratontaulukon ykk\u00f6nen ja ylivoimaisella marginaalilla eniten mestaruuksia ja hopeamitaleita kahminut seura.<\/li>\n<li aria-level=\"1\">J\u00e4\u00e4nyt viimeksi mitalisijojen ulkopuolelle laskutavasta riippuen 2009 tai 2000.<\/li>\n<li aria-level=\"1\">Viimeisin Suomen mestaruus kaudelta 2018\/19.<\/li>\n<\/ul>\n<h4>Seuraa heit\u00e4:<\/h4>\n<ul>\n<li>Anniina Nyholm, Linda Juvala, Ella Holopainen, Emma Von Nandelstadh<\/li>\n<\/ul>\n<\/div><\/section><\/p><\/div><\/p>\n<div class='av-flex-placeholder'><\/div>\n<style type=\"text\/css\" data-created_by=\"avia_inline_auto\" id=\"style-css-av-16q8wz5-64b945bff86123db7f3d876f4ff64c1b\">\n.flex_column.av-16q8wz5-64b945bff86123db7f3d876f4ff64c1b{\nborder-width:1px;\nborder-color:#007932;\nborder-style:solid;\nborder-radius:1em 1em 1em 1em;\npadding:2em 1em 0em 1em;\nbackground-color:#f1f1f1;\n}\n<\/style>\n<div  class='flex_column av-16q8wz5-64b945bff86123db7f3d876f4ff64c1b av_one_half  avia-builder-el-26  el_after_av_one_half  el_before_av_one_half  flex_column_table_cell av-equal-height-column av-align-top  column-top-margin'     ><p>\n<style type=\"text\/css\" data-created_by=\"avia_inline_auto\" id=\"style-css-av-mf3umkkw-71038bfd148efa6fabad5caa4d79eac9\">\n.avia-image-container.av-mf3umkkw-71038bfd148efa6fabad5caa4d79eac9 img.avia_image{\nbox-shadow:none;\n}\n.avia-image-container.av-mf3umkkw-71038bfd148efa6fabad5caa4d79eac9 .av-image-caption-overlay-center{\ncolor:#ffffff;\n}\n<\/style>\n<div  class='avia-image-container av-mf3umkkw-71038bfd148efa6fabad5caa4d79eac9 av-styling- avia-align-center  avia-builder-el-27  el_before_av_textblock  avia-builder-el-first '   itemprop=\"image\" itemscope=\"itemscope\" itemtype=\"https:\/\/schema.org\/ImageObject\" ><div class=\"avia-image-container-inner\"><div class=\"avia-image-overlay-wrap\"><img decoding=\"async\" fetchpriority=\"high\" class='wp-image-38320 avia-img-lazy-loading-not-38320 avia_image ' src=\"https:\/\/aktialiiga.fi\/naiset\/wp-content\/uploads\/sites\/6\/2024\/08\/etu2-90339p-GrIFK-vieras.png\" alt='' title='GrIFK'  height=\"276\" width=\"175\"  itemprop=\"thumbnailUrl\"  \/><\/div><\/div><\/div><br \/>\n<section  class='av_textblock_section av-mf3u7sb3-4d9b3c299aa33b3d308d9d77a841b484 '   itemscope=\"itemscope\" itemtype=\"https:\/\/schema.org\/BlogPosting\" itemprop=\"blogPost\" ><div class='avia_textblock'  itemprop=\"text\" ><h3>GrIFK, Kauniainen<\/h3>\n<ul>\n<li aria-level=\"1\">Voittanut kolme viimeisint\u00e4 Suomen mestaruutta, joista kaksi viimeist\u00e4 ratkesi vasta finaalisarjan viidenness\u00e4 peliss\u00e4.<\/li>\n<li aria-level=\"1\">Maratontaulukossa viidenten\u00e4.<\/li>\n<li aria-level=\"1\">Nyt alkanut kausi on seuran 40. naisten SM-sarjassa.<\/li>\n<\/ul>\n<h4>Seuraa heit\u00e4:<\/h4>\n<ul>\n<li>Johanna Svanb\u00e4ck, Alexandra Olsson, Alva Eskelin, Trine Bj\u00f6rkvist, Freja Siivonen<\/li>\n<\/ul>\n<\/div><\/section><\/p><\/div><\/div><!--close column table wrapper. Autoclose: 1 -->\n<div  class='flex_column av-2yvl27l-fa8f1c35aad35ca0df06487d7384f9fa av_one_half  avia-builder-el-29  el_after_av_one_half  el_before_av_one_half  first flex_column_div  column-top-margin'     ><div  class='avia-buttonrow-wrap av-2tavu6p-54a643169fce1c3ee5d19a4ab92d8f09 avia-buttonrow-center  avia-builder-el-30  avia-builder-el-no-sibling '>\n\n<style type=\"text\/css\" data-created_by=\"avia_inline_auto\" id=\"style-css-av-2ccze35-e10cb27ea075d7121833950bd0881e12\">\n#top #wrap_all .avia-button.av-2ccze35-e10cb27ea075d7121833950bd0881e12{\nbackground-color:#e50815;\nborder-color:#e50815;\ntransition:all 0.4s ease-in-out;\nmargin-bottom:5px;\nmargin-right:3px;\nmargin-left:3px;\n}\n#top #wrap_all .avia-button.av-2ccze35-e10cb27ea075d7121833950bd0881e12:hover{\ncolor:white;\ntransition:all 0.4s ease-in-out;\n}\n#top #wrap_all .avia-button.av-2ccze35-e10cb27ea075d7121833950bd0881e12:hover .avia-svg-icon svg:first-child{\nfill:white;\nstroke:white;\n}\n<\/style>\n<a href='https:\/\/aktialiiga.fi\/naiset\/joukkueet-2025-26\/hifk-helsinki\/'  class='avia-button av-2ccze35-e10cb27ea075d7121833950bd0881e12 avia-icon_select-no avia-size-large avia-font-color-theme-color'   aria-label=\"Joukkuesivu\"><span class='avia_iconbox_title' >Joukkuesivu<\/span><span class='avia_button_background avia-button avia-color-theme-color-highlight' ><\/span><\/a>\n\n<style type=\"text\/css\" data-created_by=\"avia_inline_auto\" id=\"style-css-av-1zjg5xt-91f08d0e8a0e2be69c65556bd086c0c6\">\n#top #wrap_all .avia-button.av-1zjg5xt-91f08d0e8a0e2be69c65556bd086c0c6{\nbackground-color:#e50815;\nborder-color:#e50815;\ntransition:all 0.4s ease-in-out;\nmargin-bottom:5px;\nmargin-right:3px;\nmargin-left:3px;\n}\n#top #wrap_all .avia-button.av-1zjg5xt-91f08d0e8a0e2be69c65556bd086c0c6:hover{\ncolor:white;\ntransition:all 0.4s ease-in-out;\n}\n#top #wrap_all .avia-button.av-1zjg5xt-91f08d0e8a0e2be69c65556bd086c0c6:hover .avia-svg-icon svg:first-child{\nfill:white;\nstroke:white;\n}\n<\/style>\n<a href='https:\/\/aktialiiga.fi\/naiset\/2025-2026\/kohti-kautta-2025-2026\/kohti-kautta-hifk-11\/'  class='avia-button av-1zjg5xt-91f08d0e8a0e2be69c65556bd086c0c6 avia-icon_select-no avia-size-large avia-font-color-theme-color'   aria-label=\"Kohti kautta\"><span class='avia_iconbox_title' >Kohti kautta<\/span><span class='avia_button_background avia-button avia-color-theme-color-highlight' ><\/span><\/a>\n<\/div><\/div>\n<div  class='flex_column av-1qs754h-acb6a132a5ae1038d58ce8061d226dd7 av_one_half  avia-builder-el-31  el_after_av_one_half  el_before_av_hr  flex_column_div  column-top-margin'     ><div  class='avia-buttonrow-wrap av-mf4ca57j-daa602fe3331c3b28afac252d06a9447 avia-buttonrow-center  avia-builder-el-32  avia-builder-el-no-sibling '>\n\n<style type=\"text\/css\" data-created_by=\"avia_inline_auto\" id=\"style-css-av-pzo3m9-060bcfc96e6654aa97fda14cfa8bfe79\">\n#top #wrap_all .avia-button.av-pzo3m9-060bcfc96e6654aa97fda14cfa8bfe79{\nbackground-color:#007932;\nborder-color:#007932;\ntransition:all 0.4s ease-in-out;\nmargin-bottom:5px;\nmargin-right:3px;\nmargin-left:3px;\n}\n#top #wrap_all .avia-button.av-pzo3m9-060bcfc96e6654aa97fda14cfa8bfe79:hover{\ncolor:white;\ntransition:all 0.4s ease-in-out;\n}\n#top #wrap_all .avia-button.av-pzo3m9-060bcfc96e6654aa97fda14cfa8bfe79:hover .avia-svg-icon svg:first-child{\nfill:white;\nstroke:white;\n}\n<\/style>\n<a href='https:\/\/aktialiiga.fi\/naiset\/joukkueet-2025-26\/grifk-kauniainen\/'  class='avia-button av-pzo3m9-060bcfc96e6654aa97fda14cfa8bfe79 avia-icon_select-no avia-size-large avia-font-color-theme-color'   aria-label=\"Joukkuesivu\"><span class='avia_iconbox_title' >Joukkuesivu<\/span><span class='avia_button_background avia-button avia-color-theme-color-highlight' ><\/span><\/a>\n\n<style type=\"text\/css\" data-created_by=\"avia_inline_auto\" id=\"style-css-av-19mdmoh-b0e756f5e3137cb58b9f1c35c2697fda\">\n#top #wrap_all .avia-button.av-19mdmoh-b0e756f5e3137cb58b9f1c35c2697fda{\nbackground-color:#007932;\nborder-color:#007932;\ntransition:all 0.4s ease-in-out;\nmargin-bottom:5px;\nmargin-right:3px;\nmargin-left:3px;\n}\n#top #wrap_all .avia-button.av-19mdmoh-b0e756f5e3137cb58b9f1c35c2697fda:hover{\ncolor:white;\ntransition:all 0.4s ease-in-out;\n}\n#top #wrap_all .avia-button.av-19mdmoh-b0e756f5e3137cb58b9f1c35c2697fda:hover .avia-svg-icon svg:first-child{\nfill:white;\nstroke:white;\n}\n<\/style>\n<a href='https:\/\/aktialiiga.fi\/naiset\/2025-2026\/kohti-kautta-2025-2026\/kohti-kautta-grifk-11\/'  class='avia-button av-19mdmoh-b0e756f5e3137cb58b9f1c35c2697fda avia-icon_select-no avia-size-large avia-font-color-theme-color'   aria-label=\"Kohti kautta\"><span class='avia_iconbox_title' >Kohti kautta<\/span><span class='avia_button_background avia-button avia-color-theme-color-highlight' ><\/span><\/a>\n<\/div><\/div>\n\n<style type=\"text\/css\" data-created_by=\"avia_inline_auto\" id=\"style-css-av-mf56449v-a77d1fb80576a2cf21833da5866b4ae8\">\n#top .hr.hr-invisible.av-mf56449v-a77d1fb80576a2cf21833da5866b4ae8{\nheight:30px;\n}\n<\/style>\n<div  class='hr av-mf56449v-a77d1fb80576a2cf21833da5866b4ae8 hr-invisible  avia-builder-el-33  el_after_av_one_half  el_before_av_one_third '><span class='hr-inner '><span class=\"hr-inner-style\"><\/span><\/span><\/div>\n<div  class='flex_column av-mf562zpv-f3bf97321080331ac2c77c63c376f3ef av_one_third  avia-builder-el-34  el_after_av_hr  el_before_av_two_fifth  first flex_column_div av-hide-on-mobile  '     ><\/div>\n<div  class='flex_column av-1picrjl-acc8abc0e8e884f0d05e9244cede6d83 av_two_fifth  avia-builder-el-35  el_after_av_one_third  el_before_av_one_fourth  flex_column_div  '     ><div  class='avia-button-wrap avia-button-center  avia-builder-el-36  avia-builder-el-no-sibling '>\n<style type=\"text\/css\" data-created_by=\"avia_inline_auto\" id=\"style-css-av-1b7j8r5-cb36c25b328069f15c93c731fa508ac4\">\n#top #wrap_all .avia-button.av-1b7j8r5-cb36c25b328069f15c93c731fa508ac4:hover{\ncolor:white;\ntransition:all 0.4s ease-in-out;\n}\n#top #wrap_all .avia-button.av-1b7j8r5-cb36c25b328069f15c93c731fa508ac4:hover .avia-svg-icon svg:first-child{\nfill:white;\nstroke:white;\n}\n<\/style>\n<a href='https:\/\/handis.tv\/hifknaiset\/games\/g\/j3ody8pw' class='avia-color-theme-color avia-font-color-theme-color avia-button avia-button-fullwidth av-1b7j8r5-cb36c25b328069f15c93c731fa508ac4 avia-icon_select-no avia-color-theme-color'  target=\"_blank\"  rel=\"noopener noreferrer\"  aria-label=\"Katso ottelu HandisTV:ss\u00e4\"><span class='avia_iconbox_title' >Katso ottelu HandisTV:ss\u00e4<\/span><span class='avia_button_background avia-button avia-button-fullwidth avia-color-theme-color-highlight'><\/span><\/a><\/div><\/div>\n<div  class='flex_column av-mf560t2t-b8be60ad72c8f4a86d7893f820eaf55f av_one_fourth  avia-builder-el-37  el_after_av_two_fifth  el_before_av_hr  flex_column_div  '     ><style type=\"text\/css\" data-created_by=\"avia_inline_auto\" id=\"style-css-av-mf560kz6-c4e5755f96c172c8d6c2109293bd1445\">\n.avia-image-container.av-mf560kz6-c4e5755f96c172c8d6c2109293bd1445 img.avia_image{\nbox-shadow:none;\n}\n.avia-image-container.av-mf560kz6-c4e5755f96c172c8d6c2109293bd1445 .av-image-caption-overlay-center{\ncolor:#ffffff;\n}\n<\/style>\n<div  class='avia-image-container av-mf560kz6-c4e5755f96c172c8d6c2109293bd1445 av-styling- av-img-linked avia-align-center  avia-builder-el-38  avia-builder-el-no-sibling '   itemprop=\"image\" itemscope=\"itemscope\" itemtype=\"https:\/\/schema.org\/ImageObject\" ><div class=\"avia-image-container-inner\"><div class=\"avia-image-overlay-wrap\"><a href=\"https:\/\/aktialiiga.fi\/handistv\/\" class='avia_image '  ><img decoding=\"async\" fetchpriority=\"high\" class='wp-image- avia-img-lazy-loading-not- avia_image ' src=\"http:\/\/aktialiiga.fi\/miehet\/wp-content\/uploads\/sites\/5\/2023\/09\/HandisTV-logo-sininen-003-300x125.png\" alt='' title=''   itemprop=\"thumbnailUrl\"  \/><\/a><\/div><\/div><\/div><\/div>\n\n<style type=\"text\/css\" data-created_by=\"avia_inline_auto\" id=\"style-css-av-ozpioh-487104a93142e982f16ab06dad09a485\">\n#top .hr.hr-invisible.av-ozpioh-487104a93142e982f16ab06dad09a485{\nheight:20px;\n}\n<\/style>\n<div  class='hr av-ozpioh-487104a93142e982f16ab06dad09a485 hr-invisible  avia-builder-el-39  el_after_av_one_fourth  avia-builder-el-last '><span class='hr-inner '><span class=\"hr-inner-style\"><\/span><\/span><\/div>\n","protected":false},"excerpt":{"rendered":"","protected":false},"author":3,"featured_media":44343,"comment_status":"closed","ping_status":"closed","sticky":false,"template":"","format":"standard","meta":{"_acf_changed":false,"jetpack_post_was_ever_published":false,"_jetpack_newsletter_access":"","_jetpack_dont_email_post_to_subs":false,"_jetpack_newsletter_tier_id":0,"_jetpack_memberships_contains_paywalled_content":false,"_jetpack_memberships_contains_paid_content":false,"footnotes":""},"categories":[272],"tags":[237,279,57,61,280,133,281,278],"class_list":["post-44314","post","type-post","status-publish","format-standard","has-post-thumbnail","hentry","category-ennakot-2025-2026","tag-aktialiiga","tag-alva-eskelin","tag-grifk","tag-hifk","tag-linda-juvala","tag-runkosarja","tag-urhea","tag-viikon-helmi"],"acf":[],"yoast_head":"<!-- This site is optimized with the Yoast SEO plugin v27.5 - https:\/\/yoast.com\/product\/yoast-seo-wordpress\/ -->\n<title>VIIKON HELMI: Mahtikaksikko mittaa toistensa alkukauden tason | K\u00e4sipallon naisten Aktialiiga<\/title>\n<meta name=\"description\" content=\"K\u00e4sipalloviikon helmen\u00e4 tarjoillaan naisten Aktialiigassa lauantaina pelattava kahden edelliskev\u00e4\u00e4n finaaliparin v\u00e4linen huippuottelu HIFK-GrIFK.\" \/>\n<meta name=\"robots\" content=\"index, follow, max-snippet:-1, max-image-preview:large, max-video-preview:-1\" \/>\n<link rel=\"canonical\" href=\"https:\/\/aktialiiga.fi\/naiset\/2025-2026\/ennakot-2025-2026\/viikon-helmi-mahtikaksikko-mittaa-toistensa-alkukauden-tason\/\" \/>\n<meta property=\"og:locale\" content=\"fi_FI\" \/>\n<meta property=\"og:type\" content=\"article\" \/>\n<meta property=\"og:title\" content=\"VIIKON HELMI: Mahtikaksikko mittaa toistensa alkukauden tason | K\u00e4sipallon naisten Aktialiiga\" \/>\n<meta property=\"og:description\" content=\"K\u00e4sipalloviikon helmen\u00e4 tarjoillaan naisten Aktialiigassa lauantaina pelattava kahden edelliskev\u00e4\u00e4n finaaliparin v\u00e4linen huippuottelu HIFK-GrIFK.\" \/>\n<meta property=\"og:url\" content=\"https:\/\/aktialiiga.fi\/naiset\/2025-2026\/ennakot-2025-2026\/viikon-helmi-mahtikaksikko-mittaa-toistensa-alkukauden-tason\/\" \/>\n<meta property=\"og:site_name\" content=\"K\u00e4sipallon naisten Aktialiiga\" \/>\n<meta property=\"article:publisher\" content=\"https:\/\/www.facebook.com\/finnhandball\" \/>\n<meta property=\"article:published_time\" content=\"2025-09-12T10:00:28+00:00\" \/>\n<meta property=\"article:modified_time\" content=\"2025-09-12T19:18:39+00:00\" \/>\n<meta property=\"og:image\" content=\"https:\/\/aktialiiga.fi\/naiset\/wp-content\/uploads\/sites\/6\/2025\/09\/B7A2348-e1757586559694.jpg\" \/>\n\t<meta property=\"og:image:width\" content=\"1604\" \/>\n\t<meta property=\"og:image:height\" content=\"913\" \/>\n\t<meta property=\"og:image:type\" content=\"image\/jpeg\" \/>\n<meta name=\"author\" content=\"jussi\" \/>\n<meta name=\"twitter:card\" content=\"summary_large_image\" \/>\n<meta name=\"twitter:creator\" content=\"@finnhandball\" \/>\n<meta name=\"twitter:site\" content=\"@finnhandball\" \/>\n<script type=\"application\/ld+json\" class=\"yoast-schema-graph\">{\"@context\":\"https:\\\/\\\/schema.org\",\"@graph\":[{\"@type\":\"Article\",\"@id\":\"https:\\\/\\\/aktialiiga.fi\\\/naiset\\\/2025-2026\\\/ennakot-2025-2026\\\/viikon-helmi-mahtikaksikko-mittaa-toistensa-alkukauden-tason\\\/#article\",\"isPartOf\":{\"@id\":\"https:\\\/\\\/aktialiiga.fi\\\/naiset\\\/2025-2026\\\/ennakot-2025-2026\\\/viikon-helmi-mahtikaksikko-mittaa-toistensa-alkukauden-tason\\\/\"},\"author\":{\"name\":\"jussi\",\"@id\":\"https:\\\/\\\/aktialiiga.fi\\\/naiset\\\/#\\\/schema\\\/person\\\/6ed7641d619c7f28481c53817a16b871\"},\"headline\":\"VIIKON HELMI: Mahtikaksikko mittaa toistensa alkukauden tason\",\"datePublished\":\"2025-09-12T10:00:28+00:00\",\"dateModified\":\"2025-09-12T19:18:39+00:00\",\"mainEntityOfPage\":{\"@id\":\"https:\\\/\\\/aktialiiga.fi\\\/naiset\\\/2025-2026\\\/ennakot-2025-2026\\\/viikon-helmi-mahtikaksikko-mittaa-toistensa-alkukauden-tason\\\/\"},\"wordCount\":9725,\"publisher\":{\"@id\":\"https:\\\/\\\/aktialiiga.fi\\\/naiset\\\/#organization\"},\"image\":{\"@id\":\"https:\\\/\\\/aktialiiga.fi\\\/naiset\\\/2025-2026\\\/ennakot-2025-2026\\\/viikon-helmi-mahtikaksikko-mittaa-toistensa-alkukauden-tason\\\/#primaryimage\"},\"thumbnailUrl\":\"https:\\\/\\\/aktialiiga.fi\\\/naiset\\\/wp-content\\\/uploads\\\/sites\\\/6\\\/2025\\\/09\\\/B7A2348-e1757586559694.jpg\",\"keywords\":[\"Aktialiiga\",\"Alva Eskelin\",\"GrIFK\",\"HIFK\",\"Linda Juvala\",\"runkosarja\",\"Urhea\",\"Viikon helmi\"],\"articleSection\":[\"Ennakot\"],\"inLanguage\":\"fi\"},{\"@type\":\"WebPage\",\"@id\":\"https:\\\/\\\/aktialiiga.fi\\\/naiset\\\/2025-2026\\\/ennakot-2025-2026\\\/viikon-helmi-mahtikaksikko-mittaa-toistensa-alkukauden-tason\\\/\",\"url\":\"https:\\\/\\\/aktialiiga.fi\\\/naiset\\\/2025-2026\\\/ennakot-2025-2026\\\/viikon-helmi-mahtikaksikko-mittaa-toistensa-alkukauden-tason\\\/\",\"name\":\"VIIKON HELMI: Mahtikaksikko mittaa toistensa alkukauden tason | K\u00e4sipallon naisten Aktialiiga\",\"isPartOf\":{\"@id\":\"https:\\\/\\\/aktialiiga.fi\\\/naiset\\\/#website\"},\"primaryImageOfPage\":{\"@id\":\"https:\\\/\\\/aktialiiga.fi\\\/naiset\\\/2025-2026\\\/ennakot-2025-2026\\\/viikon-helmi-mahtikaksikko-mittaa-toistensa-alkukauden-tason\\\/#primaryimage\"},\"image\":{\"@id\":\"https:\\\/\\\/aktialiiga.fi\\\/naiset\\\/2025-2026\\\/ennakot-2025-2026\\\/viikon-helmi-mahtikaksikko-mittaa-toistensa-alkukauden-tason\\\/#primaryimage\"},\"thumbnailUrl\":\"https:\\\/\\\/aktialiiga.fi\\\/naiset\\\/wp-content\\\/uploads\\\/sites\\\/6\\\/2025\\\/09\\\/B7A2348-e1757586559694.jpg\",\"datePublished\":\"2025-09-12T10:00:28+00:00\",\"dateModified\":\"2025-09-12T19:18:39+00:00\",\"description\":\"K\u00e4sipalloviikon helmen\u00e4 tarjoillaan naisten Aktialiigassa lauantaina pelattava kahden edelliskev\u00e4\u00e4n finaaliparin v\u00e4linen huippuottelu HIFK-GrIFK.\",\"breadcrumb\":{\"@id\":\"https:\\\/\\\/aktialiiga.fi\\\/naiset\\\/2025-2026\\\/ennakot-2025-2026\\\/viikon-helmi-mahtikaksikko-mittaa-toistensa-alkukauden-tason\\\/#breadcrumb\"},\"inLanguage\":\"fi\",\"potentialAction\":[{\"@type\":\"ReadAction\",\"target\":[\"https:\\\/\\\/aktialiiga.fi\\\/naiset\\\/2025-2026\\\/ennakot-2025-2026\\\/viikon-helmi-mahtikaksikko-mittaa-toistensa-alkukauden-tason\\\/\"]}]},{\"@type\":\"ImageObject\",\"inLanguage\":\"fi\",\"@id\":\"https:\\\/\\\/aktialiiga.fi\\\/naiset\\\/2025-2026\\\/ennakot-2025-2026\\\/viikon-helmi-mahtikaksikko-mittaa-toistensa-alkukauden-tason\\\/#primaryimage\",\"url\":\"https:\\\/\\\/aktialiiga.fi\\\/naiset\\\/wp-content\\\/uploads\\\/sites\\\/6\\\/2025\\\/09\\\/B7A2348-e1757586559694.jpg\",\"contentUrl\":\"https:\\\/\\\/aktialiiga.fi\\\/naiset\\\/wp-content\\\/uploads\\\/sites\\\/6\\\/2025\\\/09\\\/B7A2348-e1757586559694.jpg\",\"width\":1604,\"height\":913},{\"@type\":\"BreadcrumbList\",\"@id\":\"https:\\\/\\\/aktialiiga.fi\\\/naiset\\\/2025-2026\\\/ennakot-2025-2026\\\/viikon-helmi-mahtikaksikko-mittaa-toistensa-alkukauden-tason\\\/#breadcrumb\",\"itemListElement\":[{\"@type\":\"ListItem\",\"position\":1,\"name\":\"Etusivu\",\"item\":\"https:\\\/\\\/aktialiiga.fi\\\/naiset\\\/\"},{\"@type\":\"ListItem\",\"position\":2,\"name\":\"VIIKON HELMI: Mahtikaksikko mittaa toistensa alkukauden tason\"}]},{\"@type\":\"WebSite\",\"@id\":\"https:\\\/\\\/aktialiiga.fi\\\/naiset\\\/#website\",\"url\":\"https:\\\/\\\/aktialiiga.fi\\\/naiset\\\/\",\"name\":\"K\u00e4sipallon naisten Aktialiiga\",\"description\":\"Valtakunnan vauhdikkainta palloilua!\",\"publisher\":{\"@id\":\"https:\\\/\\\/aktialiiga.fi\\\/naiset\\\/#organization\"},\"potentialAction\":[{\"@type\":\"SearchAction\",\"target\":{\"@type\":\"EntryPoint\",\"urlTemplate\":\"https:\\\/\\\/aktialiiga.fi\\\/naiset\\\/?s={search_term_string}\"},\"query-input\":{\"@type\":\"PropertyValueSpecification\",\"valueRequired\":true,\"valueName\":\"search_term_string\"}}],\"inLanguage\":\"fi\"},{\"@type\":\"Organization\",\"@id\":\"https:\\\/\\\/aktialiiga.fi\\\/naiset\\\/#organization\",\"name\":\"K\u00e4sipallon naisten Aktialiiga\",\"url\":\"https:\\\/\\\/aktialiiga.fi\\\/naiset\\\/\",\"logo\":{\"@type\":\"ImageObject\",\"inLanguage\":\"fi\",\"@id\":\"https:\\\/\\\/aktialiiga.fi\\\/naiset\\\/#\\\/schema\\\/logo\\\/image\\\/\",\"url\":\"https:\\\/\\\/aktialiiga.fi\\\/naiset\\\/wp-content\\\/uploads\\\/sites\\\/6\\\/2024\\\/09\\\/Aktialiiga-Yoast-512.png\",\"contentUrl\":\"https:\\\/\\\/aktialiiga.fi\\\/naiset\\\/wp-content\\\/uploads\\\/sites\\\/6\\\/2024\\\/09\\\/Aktialiiga-Yoast-512.png\",\"width\":512,\"height\":512,\"caption\":\"K\u00e4sipallon naisten Aktialiiga\"},\"image\":{\"@id\":\"https:\\\/\\\/aktialiiga.fi\\\/naiset\\\/#\\\/schema\\\/logo\\\/image\\\/\"},\"sameAs\":[\"https:\\\/\\\/www.facebook.com\\\/finnhandball\",\"https:\\\/\\\/x.com\\\/finnhandball\",\"https:\\\/\\\/www.instagram.com\\\/handballfinland\\\/\"]},{\"@type\":\"Person\",\"@id\":\"https:\\\/\\\/aktialiiga.fi\\\/naiset\\\/#\\\/schema\\\/person\\\/6ed7641d619c7f28481c53817a16b871\",\"name\":\"jussi\",\"image\":{\"@type\":\"ImageObject\",\"inLanguage\":\"fi\",\"@id\":\"https:\\\/\\\/secure.gravatar.com\\\/avatar\\\/034b8e6380fc659c320f13e17fe45bd9ab48a21e2debadd5f3179bde291949df?s=96&d=mm&r=g\",\"url\":\"https:\\\/\\\/secure.gravatar.com\\\/avatar\\\/034b8e6380fc659c320f13e17fe45bd9ab48a21e2debadd5f3179bde291949df?s=96&d=mm&r=g\",\"contentUrl\":\"https:\\\/\\\/secure.gravatar.com\\\/avatar\\\/034b8e6380fc659c320f13e17fe45bd9ab48a21e2debadd5f3179bde291949df?s=96&d=mm&r=g\",\"caption\":\"jussi\"}}]}<\/script>\n<!-- \/ Yoast SEO plugin. -->","yoast_head_json":{"title":"VIIKON HELMI: Mahtikaksikko mittaa toistensa alkukauden tason | K\u00e4sipallon naisten Aktialiiga","description":"K\u00e4sipalloviikon helmen\u00e4 tarjoillaan naisten Aktialiigassa lauantaina pelattava kahden edelliskev\u00e4\u00e4n finaaliparin v\u00e4linen huippuottelu HIFK-GrIFK.","robots":{"index":"index","follow":"follow","max-snippet":"max-snippet:-1","max-image-preview":"max-image-preview:large","max-video-preview":"max-video-preview:-1"},"canonical":"https:\/\/aktialiiga.fi\/naiset\/2025-2026\/ennakot-2025-2026\/viikon-helmi-mahtikaksikko-mittaa-toistensa-alkukauden-tason\/","og_locale":"fi_FI","og_type":"article","og_title":"VIIKON HELMI: Mahtikaksikko mittaa toistensa alkukauden tason | K\u00e4sipallon naisten Aktialiiga","og_description":"K\u00e4sipalloviikon helmen\u00e4 tarjoillaan naisten Aktialiigassa lauantaina pelattava kahden edelliskev\u00e4\u00e4n finaaliparin v\u00e4linen huippuottelu HIFK-GrIFK.","og_url":"https:\/\/aktialiiga.fi\/naiset\/2025-2026\/ennakot-2025-2026\/viikon-helmi-mahtikaksikko-mittaa-toistensa-alkukauden-tason\/","og_site_name":"K\u00e4sipallon naisten Aktialiiga","article_publisher":"https:\/\/www.facebook.com\/finnhandball","article_published_time":"2025-09-12T10:00:28+00:00","article_modified_time":"2025-09-12T19:18:39+00:00","og_image":[{"width":1604,"height":913,"url":"https:\/\/aktialiiga.fi\/naiset\/wp-content\/uploads\/sites\/6\/2025\/09\/B7A2348-e1757586559694.jpg","type":"image\/jpeg"}],"author":"jussi","twitter_card":"summary_large_image","twitter_creator":"@finnhandball","twitter_site":"@finnhandball","schema":{"@context":"https:\/\/schema.org","@graph":[{"@type":"Article","@id":"https:\/\/aktialiiga.fi\/naiset\/2025-2026\/ennakot-2025-2026\/viikon-helmi-mahtikaksikko-mittaa-toistensa-alkukauden-tason\/#article","isPartOf":{"@id":"https:\/\/aktialiiga.fi\/naiset\/2025-2026\/ennakot-2025-2026\/viikon-helmi-mahtikaksikko-mittaa-toistensa-alkukauden-tason\/"},"author":{"name":"jussi","@id":"https:\/\/aktialiiga.fi\/naiset\/#\/schema\/person\/6ed7641d619c7f28481c53817a16b871"},"headline":"VIIKON HELMI: Mahtikaksikko mittaa toistensa alkukauden tason","datePublished":"2025-09-12T10:00:28+00:00","dateModified":"2025-09-12T19:18:39+00:00","mainEntityOfPage":{"@id":"https:\/\/aktialiiga.fi\/naiset\/2025-2026\/ennakot-2025-2026\/viikon-helmi-mahtikaksikko-mittaa-toistensa-alkukauden-tason\/"},"wordCount":9725,"publisher":{"@id":"https:\/\/aktialiiga.fi\/naiset\/#organization"},"image":{"@id":"https:\/\/aktialiiga.fi\/naiset\/2025-2026\/ennakot-2025-2026\/viikon-helmi-mahtikaksikko-mittaa-toistensa-alkukauden-tason\/#primaryimage"},"thumbnailUrl":"https:\/\/aktialiiga.fi\/naiset\/wp-content\/uploads\/sites\/6\/2025\/09\/B7A2348-e1757586559694.jpg","keywords":["Aktialiiga","Alva Eskelin","GrIFK","HIFK","Linda Juvala","runkosarja","Urhea","Viikon helmi"],"articleSection":["Ennakot"],"inLanguage":"fi"},{"@type":"WebPage","@id":"https:\/\/aktialiiga.fi\/naiset\/2025-2026\/ennakot-2025-2026\/viikon-helmi-mahtikaksikko-mittaa-toistensa-alkukauden-tason\/","url":"https:\/\/aktialiiga.fi\/naiset\/2025-2026\/ennakot-2025-2026\/viikon-helmi-mahtikaksikko-mittaa-toistensa-alkukauden-tason\/","name":"VIIKON HELMI: Mahtikaksikko mittaa toistensa alkukauden tason | K\u00e4sipallon naisten Aktialiiga","isPartOf":{"@id":"https:\/\/aktialiiga.fi\/naiset\/#website"},"primaryImageOfPage":{"@id":"https:\/\/aktialiiga.fi\/naiset\/2025-2026\/ennakot-2025-2026\/viikon-helmi-mahtikaksikko-mittaa-toistensa-alkukauden-tason\/#primaryimage"},"image":{"@id":"https:\/\/aktialiiga.fi\/naiset\/2025-2026\/ennakot-2025-2026\/viikon-helmi-mahtikaksikko-mittaa-toistensa-alkukauden-tason\/#primaryimage"},"thumbnailUrl":"https:\/\/aktialiiga.fi\/naiset\/wp-content\/uploads\/sites\/6\/2025\/09\/B7A2348-e1757586559694.jpg","datePublished":"2025-09-12T10:00:28+00:00","dateModified":"2025-09-12T19:18:39+00:00","description":"K\u00e4sipalloviikon helmen\u00e4 tarjoillaan naisten Aktialiigassa lauantaina pelattava kahden edelliskev\u00e4\u00e4n finaaliparin v\u00e4linen huippuottelu HIFK-GrIFK.","breadcrumb":{"@id":"https:\/\/aktialiiga.fi\/naiset\/2025-2026\/ennakot-2025-2026\/viikon-helmi-mahtikaksikko-mittaa-toistensa-alkukauden-tason\/#breadcrumb"},"inLanguage":"fi","potentialAction":[{"@type":"ReadAction","target":["https:\/\/aktialiiga.fi\/naiset\/2025-2026\/ennakot-2025-2026\/viikon-helmi-mahtikaksikko-mittaa-toistensa-alkukauden-tason\/"]}]},{"@type":"ImageObject","inLanguage":"fi","@id":"https:\/\/aktialiiga.fi\/naiset\/2025-2026\/ennakot-2025-2026\/viikon-helmi-mahtikaksikko-mittaa-toistensa-alkukauden-tason\/#primaryimage","url":"https:\/\/aktialiiga.fi\/naiset\/wp-content\/uploads\/sites\/6\/2025\/09\/B7A2348-e1757586559694.jpg","contentUrl":"https:\/\/aktialiiga.fi\/naiset\/wp-content\/uploads\/sites\/6\/2025\/09\/B7A2348-e1757586559694.jpg","width":1604,"height":913},{"@type":"BreadcrumbList","@id":"https:\/\/aktialiiga.fi\/naiset\/2025-2026\/ennakot-2025-2026\/viikon-helmi-mahtikaksikko-mittaa-toistensa-alkukauden-tason\/#breadcrumb","itemListElement":[{"@type":"ListItem","position":1,"name":"Etusivu","item":"https:\/\/aktialiiga.fi\/naiset\/"},{"@type":"ListItem","position":2,"name":"VIIKON HELMI: Mahtikaksikko mittaa toistensa alkukauden tason"}]},{"@type":"WebSite","@id":"https:\/\/aktialiiga.fi\/naiset\/#website","url":"https:\/\/aktialiiga.fi\/naiset\/","name":"K\u00e4sipallon naisten Aktialiiga","description":"Valtakunnan vauhdikkainta palloilua!","publisher":{"@id":"https:\/\/aktialiiga.fi\/naiset\/#organization"},"potentialAction":[{"@type":"SearchAction","target":{"@type":"EntryPoint","urlTemplate":"https:\/\/aktialiiga.fi\/naiset\/?s={search_term_string}"},"query-input":{"@type":"PropertyValueSpecification","valueRequired":true,"valueName":"search_term_string"}}],"inLanguage":"fi"},{"@type":"Organization","@id":"https:\/\/aktialiiga.fi\/naiset\/#organization","name":"K\u00e4sipallon naisten Aktialiiga","url":"https:\/\/aktialiiga.fi\/naiset\/","logo":{"@type":"ImageObject","inLanguage":"fi","@id":"https:\/\/aktialiiga.fi\/naiset\/#\/schema\/logo\/image\/","url":"https:\/\/aktialiiga.fi\/naiset\/wp-content\/uploads\/sites\/6\/2024\/09\/Aktialiiga-Yoast-512.png","contentUrl":"https:\/\/aktialiiga.fi\/naiset\/wp-content\/uploads\/sites\/6\/2024\/09\/Aktialiiga-Yoast-512.png","width":512,"height":512,"caption":"K\u00e4sipallon naisten Aktialiiga"},"image":{"@id":"https:\/\/aktialiiga.fi\/naiset\/#\/schema\/logo\/image\/"},"sameAs":["https:\/\/www.facebook.com\/finnhandball","https:\/\/x.com\/finnhandball","https:\/\/www.instagram.com\/handballfinland\/"]},{"@type":"Person","@id":"https:\/\/aktialiiga.fi\/naiset\/#\/schema\/person\/6ed7641d619c7f28481c53817a16b871","name":"jussi","image":{"@type":"ImageObject","inLanguage":"fi","@id":"https:\/\/secure.gravatar.com\/avatar\/034b8e6380fc659c320f13e17fe45bd9ab48a21e2debadd5f3179bde291949df?s=96&d=mm&r=g","url":"https:\/\/secure.gravatar.com\/avatar\/034b8e6380fc659c320f13e17fe45bd9ab48a21e2debadd5f3179bde291949df?s=96&d=mm&r=g","contentUrl":"https:\/\/secure.gravatar.com\/avatar\/034b8e6380fc659c320f13e17fe45bd9ab48a21e2debadd5f3179bde291949df?s=96&d=mm&r=g","caption":"jussi"}}]}},"jetpack_featured_media_url":"https:\/\/aktialiiga.fi\/naiset\/wp-content\/uploads\/sites\/6\/2025\/09\/B7A2348-e1757586559694.jpg","jetpack_sharing_enabled":true,"jetpack_shortlink":"https:\/\/wp.me\/pfYhm6-bwK","_links":{"self":[{"href":"https:\/\/aktialiiga.fi\/naiset\/wp-json\/wp\/v2\/posts\/44314","targetHints":{"allow":["GET"]}}],"collection":[{"href":"https:\/\/aktialiiga.fi\/naiset\/wp-json\/wp\/v2\/posts"}],"about":[{"href":"https:\/\/aktialiiga.fi\/naiset\/wp-json\/wp\/v2\/types\/post"}],"author":[{"embeddable":true,"href":"https:\/\/aktialiiga.fi\/naiset\/wp-json\/wp\/v2\/users\/3"}],"replies":[{"embeddable":true,"href":"https:\/\/aktialiiga.fi\/naiset\/wp-json\/wp\/v2\/comments?post=44314"}],"version-history":[{"count":59,"href":"https:\/\/aktialiiga.fi\/naiset\/wp-json\/wp\/v2\/posts\/44314\/revisions"}],"predecessor-version":[{"id":45088,"href":"https:\/\/aktialiiga.fi\/naiset\/wp-json\/wp\/v2\/posts\/44314\/revisions\/45088"}],"wp:featuredmedia":[{"embeddable":true,"href":"https:\/\/aktialiiga.fi\/naiset\/wp-json\/wp\/v2\/media\/44343"}],"wp:attachment":[{"href":"https:\/\/aktialiiga.fi\/naiset\/wp-json\/wp\/v2\/media?parent=44314"}],"wp:term":[{"taxonomy":"category","embeddable":true,"href":"https:\/\/aktialiiga.fi\/naiset\/wp-json\/wp\/v2\/categories?post=44314"},{"taxonomy":"post_tag","embeddable":true,"href":"https:\/\/aktialiiga.fi\/naiset\/wp-json\/wp\/v2\/tags?post=44314"}],"curies":[{"name":"wp","href":"https:\/\/api.w.org\/{rel}","templated":true}]}}