{"id":44322,"date":"2025-09-10T20:51:54","date_gmt":"2025-09-10T17:51:54","guid":{"rendered":"https:\/\/aktialiiga.fi\/naiset\/?p=44322"},"modified":"2025-09-10T20:53:19","modified_gmt":"2025-09-10T17:53:19","slug":"grifk-young-ladies-varmisti-ensimmaisena-valierapaikan-cupissa","status":"publish","type":"post","link":"https:\/\/aktialiiga.fi\/naiset\/2025-2026\/ottelut-2025-26\/grifk-young-ladies-varmisti-ensimmaisena-valierapaikan-cupissa\/","title":{"rendered":"GrIFK Young Ladies varmisti ensimm\u00e4isen\u00e4 v\u00e4lier\u00e4paikan cupissa"},"content":{"rendered":"<p>GrIFK Young Ladiesista tuli ensimm\u00e4inen v\u00e4lier\u00e4joukkue Suomen Cupissa, kun se kaatoi Akilleksen selv\u00e4sti 33-16 (18-10).<\/p>\n<p>GrIFK Young Ladies kaatoi Suomen Cupin lohkovaiheen avausottelussa Dickenin ja varmasti lohkovoiton ja sit\u00e4 kautta v\u00e4lier\u00e4paikan voitettuaan Akilleksen selv\u00e4sti 33-16. Akilles vastasi kahdesta ensimm\u00e4isest\u00e4 maalista, mutta seuraavat 14 meniv\u00e4t Granille ja peli oli k\u00e4yt\u00e4nn\u00f6ss\u00e4 taputeltu ensimm\u00e4isen vartin j\u00e4lkeen.<\/p>\n<p>Akilleksen valmentaja Petri Lindfors my\u00f6nsi, ett\u00e4 joukkueella oli hieman perhosia ja karstaa kauden ensimm\u00e4isess\u00e4 peliss\u00e4.<\/p>\n<p>&#8211; Alussa olimme hieman hermostuneita, ja pelaamattomuus n\u00e4kyi. Ensimm\u00e4inen ottelu t\u00e4n\u00e4 vuonn,a ja ottaa oman aikansa, ett\u00e4 saadaan joukkue pelaamaan yhteen. Ja liian monta teknist\u00e4 virhett\u00e4. Onnea Grani YL!<\/p>\n<p>GrIFK Young Ladiesin valmentaja Alexander Gumpler hehkutti voittoa.<\/p>\n<p>&#8211; Onnistuimme monella rintamalla t\u00e4n\u00e4\u00e4n, keskustelimme ett\u00e4 t\u00e4n\u00e4\u00e4n juostaan ja kontrataan, ja siin\u00e4 onnistuttiin. Saimme kaksi pistett\u00e4 ja etenemme cupissa. Saakelin hienoa! hehkutti Gumpler.<\/p>\n<p>Voiton my\u00f6t\u00e4 GrIFK Young Ladies p\u00e4\u00e4tti lohkovaiheensa. Akilles puolestaan pelaa viel\u00e4 Dickeni\u00e4 vastaan ja panoksena on lohkon kakkospaikka.<\/p>\n<p>&nbsp;<\/p>\n","protected":false},"excerpt":{"rendered":"<p>GrIFK Young Ladiesista tuli ensimm\u00e4inen v\u00e4lier\u00e4joukkue Suomen Cupissa, kun se kaatoi Akilleksen selv\u00e4sti 33-16 (18-10). GrIFK Young Ladies kaatoi Suomen Cupin lohkovaiheen avausottelussa Dickenin ja varmasti lohkovoiton ja sit\u00e4 kautta v\u00e4lier\u00e4paikan voitettuaan Akilleksen selv\u00e4sti 33-16. Akilles vastasi kahdesta ensimm\u00e4isest\u00e4 maalista, mutta seuraavat 14 meniv\u00e4t Granille ja peli oli k\u00e4yt\u00e4nn\u00f6ss\u00e4 taputeltu ensimm\u00e4isen vartin j\u00e4lkeen. Akilleksen valmentaja [&hellip;]<\/p>\n","protected":false},"author":13,"featured_media":34948,"comment_status":"closed","ping_status":"closed","sticky":false,"template":"","format":"standard","meta":{"_acf_changed":false,"jetpack_post_was_ever_published":false,"_jetpack_newsletter_access":"","_jetpack_dont_email_post_to_subs":false,"_jetpack_newsletter_tier_id":0,"_jetpack_memberships_contains_paywalled_content":false,"_jetpack_memberships_contains_paid_content":false,"footnotes":""},"categories":[275],"tags":[46,121,86],"class_list":["post-44322","post","type-post","status-publish","format-standard","has-post-thumbnail","hentry","category-ottelut-2025-26","tag-akilles","tag-grifk-young-ladies","tag-suomen-cup"],"acf":[],"yoast_head":"<!-- This site is optimized with the Yoast SEO plugin v27.5 - https:\/\/yoast.com\/product\/yoast-seo-wordpress\/ -->\n<title>GrIFK Young Ladies varmisti ensimm\u00e4isen\u00e4 v\u00e4lier\u00e4paikan cupissa | K\u00e4sipallon naisten Aktialiiga<\/title>\n<meta name=\"robots\" content=\"index, follow, max-snippet:-1, max-image-preview:large, max-video-preview:-1\" \/>\n<link rel=\"canonical\" href=\"https:\/\/aktialiiga.fi\/naiset\/2025-2026\/ottelut-2025-26\/grifk-young-ladies-varmisti-ensimmaisena-valierapaikan-cupissa\/\" \/>\n<meta property=\"og:locale\" content=\"fi_FI\" \/>\n<meta property=\"og:type\" content=\"article\" \/>\n<meta property=\"og:title\" content=\"GrIFK Young Ladies varmisti ensimm\u00e4isen\u00e4 v\u00e4lier\u00e4paikan cupissa | K\u00e4sipallon naisten Aktialiiga\" \/>\n<meta property=\"og:description\" content=\"GrIFK Young Ladiesista tuli ensimm\u00e4inen v\u00e4lier\u00e4joukkue Suomen Cupissa, kun se kaatoi Akilleksen selv\u00e4sti 33-16 (18-10). GrIFK Young Ladies kaatoi Suomen Cupin lohkovaiheen avausottelussa Dickenin ja varmasti lohkovoiton ja sit\u00e4 kautta v\u00e4lier\u00e4paikan voitettuaan Akilleksen selv\u00e4sti 33-16. Akilles vastasi kahdesta ensimm\u00e4isest\u00e4 maalista, mutta seuraavat 14 meniv\u00e4t Granille ja peli oli k\u00e4yt\u00e4nn\u00f6ss\u00e4 taputeltu ensimm\u00e4isen vartin j\u00e4lkeen. Akilleksen valmentaja [&hellip;]\" \/>\n<meta property=\"og:url\" content=\"https:\/\/aktialiiga.fi\/naiset\/2025-2026\/ottelut-2025-26\/grifk-young-ladies-varmisti-ensimmaisena-valierapaikan-cupissa\/\" \/>\n<meta property=\"og:site_name\" content=\"K\u00e4sipallon naisten Aktialiiga\" \/>\n<meta property=\"article:publisher\" content=\"https:\/\/www.facebook.com\/finnhandball\" \/>\n<meta property=\"article:published_time\" content=\"2025-09-10T17:51:54+00:00\" \/>\n<meta property=\"article:modified_time\" content=\"2025-09-10T17:53:19+00:00\" \/>\n<meta property=\"og:image\" content=\"https:\/\/aktialiiga.fi\/naiset\/wp-content\/uploads\/sites\/6\/2023\/10\/cup_pokaali23.jpg\" \/>\n\t<meta property=\"og:image:width\" content=\"1200\" \/>\n\t<meta property=\"og:image:height\" content=\"800\" \/>\n\t<meta property=\"og:image:type\" content=\"image\/jpeg\" \/>\n<meta name=\"author\" content=\"tbrmedia\" \/>\n<meta name=\"twitter:card\" content=\"summary_large_image\" \/>\n<meta name=\"twitter:creator\" content=\"@finnhandball\" \/>\n<meta name=\"twitter:site\" content=\"@finnhandball\" \/>\n<script type=\"application\/ld+json\" class=\"yoast-schema-graph\">{\"@context\":\"https:\\\/\\\/schema.org\",\"@graph\":[{\"@type\":\"Article\",\"@id\":\"https:\\\/\\\/aktialiiga.fi\\\/naiset\\\/2025-2026\\\/ottelut-2025-26\\\/grifk-young-ladies-varmisti-ensimmaisena-valierapaikan-cupissa\\\/#article\",\"isPartOf\":{\"@id\":\"https:\\\/\\\/aktialiiga.fi\\\/naiset\\\/2025-2026\\\/ottelut-2025-26\\\/grifk-young-ladies-varmisti-ensimmaisena-valierapaikan-cupissa\\\/\"},\"author\":{\"name\":\"tbrmedia\",\"@id\":\"https:\\\/\\\/aktialiiga.fi\\\/naiset\\\/#\\\/schema\\\/person\\\/c14bf42f47041db74603c45afcb18d87\"},\"headline\":\"GrIFK Young Ladies varmisti ensimm\u00e4isen\u00e4 v\u00e4lier\u00e4paikan cupissa\",\"datePublished\":\"2025-09-10T17:51:54+00:00\",\"dateModified\":\"2025-09-10T17:53:19+00:00\",\"mainEntityOfPage\":{\"@id\":\"https:\\\/\\\/aktialiiga.fi\\\/naiset\\\/2025-2026\\\/ottelut-2025-26\\\/grifk-young-ladies-varmisti-ensimmaisena-valierapaikan-cupissa\\\/\"},\"wordCount\":183,\"publisher\":{\"@id\":\"https:\\\/\\\/aktialiiga.fi\\\/naiset\\\/#organization\"},\"image\":{\"@id\":\"https:\\\/\\\/aktialiiga.fi\\\/naiset\\\/2025-2026\\\/ottelut-2025-26\\\/grifk-young-ladies-varmisti-ensimmaisena-valierapaikan-cupissa\\\/#primaryimage\"},\"thumbnailUrl\":\"https:\\\/\\\/aktialiiga.fi\\\/naiset\\\/wp-content\\\/uploads\\\/sites\\\/6\\\/2023\\\/10\\\/cup_pokaali23.jpg\",\"keywords\":[\"Akilles\",\"GrIFK Young Ladies\",\"Suomen Cup\"],\"articleSection\":[\"Ottelut 2025-26\"],\"inLanguage\":\"fi\"},{\"@type\":\"WebPage\",\"@id\":\"https:\\\/\\\/aktialiiga.fi\\\/naiset\\\/2025-2026\\\/ottelut-2025-26\\\/grifk-young-ladies-varmisti-ensimmaisena-valierapaikan-cupissa\\\/\",\"url\":\"https:\\\/\\\/aktialiiga.fi\\\/naiset\\\/2025-2026\\\/ottelut-2025-26\\\/grifk-young-ladies-varmisti-ensimmaisena-valierapaikan-cupissa\\\/\",\"name\":\"GrIFK Young Ladies varmisti ensimm\u00e4isen\u00e4 v\u00e4lier\u00e4paikan cupissa | K\u00e4sipallon naisten Aktialiiga\",\"isPartOf\":{\"@id\":\"https:\\\/\\\/aktialiiga.fi\\\/naiset\\\/#website\"},\"primaryImageOfPage\":{\"@id\":\"https:\\\/\\\/aktialiiga.fi\\\/naiset\\\/2025-2026\\\/ottelut-2025-26\\\/grifk-young-ladies-varmisti-ensimmaisena-valierapaikan-cupissa\\\/#primaryimage\"},\"image\":{\"@id\":\"https:\\\/\\\/aktialiiga.fi\\\/naiset\\\/2025-2026\\\/ottelut-2025-26\\\/grifk-young-ladies-varmisti-ensimmaisena-valierapaikan-cupissa\\\/#primaryimage\"},\"thumbnailUrl\":\"https:\\\/\\\/aktialiiga.fi\\\/naiset\\\/wp-content\\\/uploads\\\/sites\\\/6\\\/2023\\\/10\\\/cup_pokaali23.jpg\",\"datePublished\":\"2025-09-10T17:51:54+00:00\",\"dateModified\":\"2025-09-10T17:53:19+00:00\",\"breadcrumb\":{\"@id\":\"https:\\\/\\\/aktialiiga.fi\\\/naiset\\\/2025-2026\\\/ottelut-2025-26\\\/grifk-young-ladies-varmisti-ensimmaisena-valierapaikan-cupissa\\\/#breadcrumb\"},\"inLanguage\":\"fi\",\"potentialAction\":[{\"@type\":\"ReadAction\",\"target\":[\"https:\\\/\\\/aktialiiga.fi\\\/naiset\\\/2025-2026\\\/ottelut-2025-26\\\/grifk-young-ladies-varmisti-ensimmaisena-valierapaikan-cupissa\\\/\"]}]},{\"@type\":\"ImageObject\",\"inLanguage\":\"fi\",\"@id\":\"https:\\\/\\\/aktialiiga.fi\\\/naiset\\\/2025-2026\\\/ottelut-2025-26\\\/grifk-young-ladies-varmisti-ensimmaisena-valierapaikan-cupissa\\\/#primaryimage\",\"url\":\"https:\\\/\\\/aktialiiga.fi\\\/naiset\\\/wp-content\\\/uploads\\\/sites\\\/6\\\/2023\\\/10\\\/cup_pokaali23.jpg\",\"contentUrl\":\"https:\\\/\\\/aktialiiga.fi\\\/naiset\\\/wp-content\\\/uploads\\\/sites\\\/6\\\/2023\\\/10\\\/cup_pokaali23.jpg\",\"width\":1200,\"height\":800,\"caption\":\"Naisten k\u00e4sipallon Suomen Cup finaali Dicken - Hifk Pirkkolan palloiluhallissa 28. tammikuuta 2023. (Kalle Parkkinen\\\/Newspix24)\"},{\"@type\":\"BreadcrumbList\",\"@id\":\"https:\\\/\\\/aktialiiga.fi\\\/naiset\\\/2025-2026\\\/ottelut-2025-26\\\/grifk-young-ladies-varmisti-ensimmaisena-valierapaikan-cupissa\\\/#breadcrumb\",\"itemListElement\":[{\"@type\":\"ListItem\",\"position\":1,\"name\":\"Etusivu\",\"item\":\"https:\\\/\\\/aktialiiga.fi\\\/naiset\\\/\"},{\"@type\":\"ListItem\",\"position\":2,\"name\":\"GrIFK Young Ladies varmisti ensimm\u00e4isen\u00e4 v\u00e4lier\u00e4paikan cupissa\"}]},{\"@type\":\"WebSite\",\"@id\":\"https:\\\/\\\/aktialiiga.fi\\\/naiset\\\/#website\",\"url\":\"https:\\\/\\\/aktialiiga.fi\\\/naiset\\\/\",\"name\":\"K\u00e4sipallon naisten Aktialiiga\",\"description\":\"Valtakunnan vauhdikkainta palloilua!\",\"publisher\":{\"@id\":\"https:\\\/\\\/aktialiiga.fi\\\/naiset\\\/#organization\"},\"potentialAction\":[{\"@type\":\"SearchAction\",\"target\":{\"@type\":\"EntryPoint\",\"urlTemplate\":\"https:\\\/\\\/aktialiiga.fi\\\/naiset\\\/?s={search_term_string}\"},\"query-input\":{\"@type\":\"PropertyValueSpecification\",\"valueRequired\":true,\"valueName\":\"search_term_string\"}}],\"inLanguage\":\"fi\"},{\"@type\":\"Organization\",\"@id\":\"https:\\\/\\\/aktialiiga.fi\\\/naiset\\\/#organization\",\"name\":\"K\u00e4sipallon naisten Aktialiiga\",\"url\":\"https:\\\/\\\/aktialiiga.fi\\\/naiset\\\/\",\"logo\":{\"@type\":\"ImageObject\",\"inLanguage\":\"fi\",\"@id\":\"https:\\\/\\\/aktialiiga.fi\\\/naiset\\\/#\\\/schema\\\/logo\\\/image\\\/\",\"url\":\"https:\\\/\\\/aktialiiga.fi\\\/naiset\\\/wp-content\\\/uploads\\\/sites\\\/6\\\/2024\\\/09\\\/Aktialiiga-Yoast-512.png\",\"contentUrl\":\"https:\\\/\\\/aktialiiga.fi\\\/naiset\\\/wp-content\\\/uploads\\\/sites\\\/6\\\/2024\\\/09\\\/Aktialiiga-Yoast-512.png\",\"width\":512,\"height\":512,\"caption\":\"K\u00e4sipallon naisten Aktialiiga\"},\"image\":{\"@id\":\"https:\\\/\\\/aktialiiga.fi\\\/naiset\\\/#\\\/schema\\\/logo\\\/image\\\/\"},\"sameAs\":[\"https:\\\/\\\/www.facebook.com\\\/finnhandball\",\"https:\\\/\\\/x.com\\\/finnhandball\",\"https:\\\/\\\/www.instagram.com\\\/handballfinland\\\/\"]},{\"@type\":\"Person\",\"@id\":\"https:\\\/\\\/aktialiiga.fi\\\/naiset\\\/#\\\/schema\\\/person\\\/c14bf42f47041db74603c45afcb18d87\",\"name\":\"tbrmedia\",\"image\":{\"@type\":\"ImageObject\",\"inLanguage\":\"fi\",\"@id\":\"https:\\\/\\\/secure.gravatar.com\\\/avatar\\\/ee975fa091fe581d12b60debb3439022686618368a7c142044c56724d4666b16?s=96&d=mm&r=g\",\"url\":\"https:\\\/\\\/secure.gravatar.com\\\/avatar\\\/ee975fa091fe581d12b60debb3439022686618368a7c142044c56724d4666b16?s=96&d=mm&r=g\",\"contentUrl\":\"https:\\\/\\\/secure.gravatar.com\\\/avatar\\\/ee975fa091fe581d12b60debb3439022686618368a7c142044c56724d4666b16?s=96&d=mm&r=g\",\"caption\":\"tbrmedia\"}}]}<\/script>\n<!-- \/ Yoast SEO plugin. -->","yoast_head_json":{"title":"GrIFK Young Ladies varmisti ensimm\u00e4isen\u00e4 v\u00e4lier\u00e4paikan cupissa | K\u00e4sipallon naisten Aktialiiga","robots":{"index":"index","follow":"follow","max-snippet":"max-snippet:-1","max-image-preview":"max-image-preview:large","max-video-preview":"max-video-preview:-1"},"canonical":"https:\/\/aktialiiga.fi\/naiset\/2025-2026\/ottelut-2025-26\/grifk-young-ladies-varmisti-ensimmaisena-valierapaikan-cupissa\/","og_locale":"fi_FI","og_type":"article","og_title":"GrIFK Young Ladies varmisti ensimm\u00e4isen\u00e4 v\u00e4lier\u00e4paikan cupissa | K\u00e4sipallon naisten Aktialiiga","og_description":"GrIFK Young Ladiesista tuli ensimm\u00e4inen v\u00e4lier\u00e4joukkue Suomen Cupissa, kun se kaatoi Akilleksen selv\u00e4sti 33-16 (18-10). GrIFK Young Ladies kaatoi Suomen Cupin lohkovaiheen avausottelussa Dickenin ja varmasti lohkovoiton ja sit\u00e4 kautta v\u00e4lier\u00e4paikan voitettuaan Akilleksen selv\u00e4sti 33-16. Akilles vastasi kahdesta ensimm\u00e4isest\u00e4 maalista, mutta seuraavat 14 meniv\u00e4t Granille ja peli oli k\u00e4yt\u00e4nn\u00f6ss\u00e4 taputeltu ensimm\u00e4isen vartin j\u00e4lkeen. Akilleksen valmentaja [&hellip;]","og_url":"https:\/\/aktialiiga.fi\/naiset\/2025-2026\/ottelut-2025-26\/grifk-young-ladies-varmisti-ensimmaisena-valierapaikan-cupissa\/","og_site_name":"K\u00e4sipallon naisten Aktialiiga","article_publisher":"https:\/\/www.facebook.com\/finnhandball","article_published_time":"2025-09-10T17:51:54+00:00","article_modified_time":"2025-09-10T17:53:19+00:00","og_image":[{"width":1200,"height":800,"url":"https:\/\/aktialiiga.fi\/naiset\/wp-content\/uploads\/sites\/6\/2023\/10\/cup_pokaali23.jpg","type":"image\/jpeg"}],"author":"tbrmedia","twitter_card":"summary_large_image","twitter_creator":"@finnhandball","twitter_site":"@finnhandball","schema":{"@context":"https:\/\/schema.org","@graph":[{"@type":"Article","@id":"https:\/\/aktialiiga.fi\/naiset\/2025-2026\/ottelut-2025-26\/grifk-young-ladies-varmisti-ensimmaisena-valierapaikan-cupissa\/#article","isPartOf":{"@id":"https:\/\/aktialiiga.fi\/naiset\/2025-2026\/ottelut-2025-26\/grifk-young-ladies-varmisti-ensimmaisena-valierapaikan-cupissa\/"},"author":{"name":"tbrmedia","@id":"https:\/\/aktialiiga.fi\/naiset\/#\/schema\/person\/c14bf42f47041db74603c45afcb18d87"},"headline":"GrIFK Young Ladies varmisti ensimm\u00e4isen\u00e4 v\u00e4lier\u00e4paikan cupissa","datePublished":"2025-09-10T17:51:54+00:00","dateModified":"2025-09-10T17:53:19+00:00","mainEntityOfPage":{"@id":"https:\/\/aktialiiga.fi\/naiset\/2025-2026\/ottelut-2025-26\/grifk-young-ladies-varmisti-ensimmaisena-valierapaikan-cupissa\/"},"wordCount":183,"publisher":{"@id":"https:\/\/aktialiiga.fi\/naiset\/#organization"},"image":{"@id":"https:\/\/aktialiiga.fi\/naiset\/2025-2026\/ottelut-2025-26\/grifk-young-ladies-varmisti-ensimmaisena-valierapaikan-cupissa\/#primaryimage"},"thumbnailUrl":"https:\/\/aktialiiga.fi\/naiset\/wp-content\/uploads\/sites\/6\/2023\/10\/cup_pokaali23.jpg","keywords":["Akilles","GrIFK Young Ladies","Suomen Cup"],"articleSection":["Ottelut 2025-26"],"inLanguage":"fi"},{"@type":"WebPage","@id":"https:\/\/aktialiiga.fi\/naiset\/2025-2026\/ottelut-2025-26\/grifk-young-ladies-varmisti-ensimmaisena-valierapaikan-cupissa\/","url":"https:\/\/aktialiiga.fi\/naiset\/2025-2026\/ottelut-2025-26\/grifk-young-ladies-varmisti-ensimmaisena-valierapaikan-cupissa\/","name":"GrIFK Young Ladies varmisti ensimm\u00e4isen\u00e4 v\u00e4lier\u00e4paikan cupissa | K\u00e4sipallon naisten Aktialiiga","isPartOf":{"@id":"https:\/\/aktialiiga.fi\/naiset\/#website"},"primaryImageOfPage":{"@id":"https:\/\/aktialiiga.fi\/naiset\/2025-2026\/ottelut-2025-26\/grifk-young-ladies-varmisti-ensimmaisena-valierapaikan-cupissa\/#primaryimage"},"image":{"@id":"https:\/\/aktialiiga.fi\/naiset\/2025-2026\/ottelut-2025-26\/grifk-young-ladies-varmisti-ensimmaisena-valierapaikan-cupissa\/#primaryimage"},"thumbnailUrl":"https:\/\/aktialiiga.fi\/naiset\/wp-content\/uploads\/sites\/6\/2023\/10\/cup_pokaali23.jpg","datePublished":"2025-09-10T17:51:54+00:00","dateModified":"2025-09-10T17:53:19+00:00","breadcrumb":{"@id":"https:\/\/aktialiiga.fi\/naiset\/2025-2026\/ottelut-2025-26\/grifk-young-ladies-varmisti-ensimmaisena-valierapaikan-cupissa\/#breadcrumb"},"inLanguage":"fi","potentialAction":[{"@type":"ReadAction","target":["https:\/\/aktialiiga.fi\/naiset\/2025-2026\/ottelut-2025-26\/grifk-young-ladies-varmisti-ensimmaisena-valierapaikan-cupissa\/"]}]},{"@type":"ImageObject","inLanguage":"fi","@id":"https:\/\/aktialiiga.fi\/naiset\/2025-2026\/ottelut-2025-26\/grifk-young-ladies-varmisti-ensimmaisena-valierapaikan-cupissa\/#primaryimage","url":"https:\/\/aktialiiga.fi\/naiset\/wp-content\/uploads\/sites\/6\/2023\/10\/cup_pokaali23.jpg","contentUrl":"https:\/\/aktialiiga.fi\/naiset\/wp-content\/uploads\/sites\/6\/2023\/10\/cup_pokaali23.jpg","width":1200,"height":800,"caption":"Naisten k\u00e4sipallon Suomen Cup finaali Dicken - Hifk Pirkkolan palloiluhallissa 28. tammikuuta 2023. (Kalle Parkkinen\/Newspix24)"},{"@type":"BreadcrumbList","@id":"https:\/\/aktialiiga.fi\/naiset\/2025-2026\/ottelut-2025-26\/grifk-young-ladies-varmisti-ensimmaisena-valierapaikan-cupissa\/#breadcrumb","itemListElement":[{"@type":"ListItem","position":1,"name":"Etusivu","item":"https:\/\/aktialiiga.fi\/naiset\/"},{"@type":"ListItem","position":2,"name":"GrIFK Young Ladies varmisti ensimm\u00e4isen\u00e4 v\u00e4lier\u00e4paikan cupissa"}]},{"@type":"WebSite","@id":"https:\/\/aktialiiga.fi\/naiset\/#website","url":"https:\/\/aktialiiga.fi\/naiset\/","name":"K\u00e4sipallon naisten Aktialiiga","description":"Valtakunnan vauhdikkainta palloilua!","publisher":{"@id":"https:\/\/aktialiiga.fi\/naiset\/#organization"},"potentialAction":[{"@type":"SearchAction","target":{"@type":"EntryPoint","urlTemplate":"https:\/\/aktialiiga.fi\/naiset\/?s={search_term_string}"},"query-input":{"@type":"PropertyValueSpecification","valueRequired":true,"valueName":"search_term_string"}}],"inLanguage":"fi"},{"@type":"Organization","@id":"https:\/\/aktialiiga.fi\/naiset\/#organization","name":"K\u00e4sipallon naisten Aktialiiga","url":"https:\/\/aktialiiga.fi\/naiset\/","logo":{"@type":"ImageObject","inLanguage":"fi","@id":"https:\/\/aktialiiga.fi\/naiset\/#\/schema\/logo\/image\/","url":"https:\/\/aktialiiga.fi\/naiset\/wp-content\/uploads\/sites\/6\/2024\/09\/Aktialiiga-Yoast-512.png","contentUrl":"https:\/\/aktialiiga.fi\/naiset\/wp-content\/uploads\/sites\/6\/2024\/09\/Aktialiiga-Yoast-512.png","width":512,"height":512,"caption":"K\u00e4sipallon naisten Aktialiiga"},"image":{"@id":"https:\/\/aktialiiga.fi\/naiset\/#\/schema\/logo\/image\/"},"sameAs":["https:\/\/www.facebook.com\/finnhandball","https:\/\/x.com\/finnhandball","https:\/\/www.instagram.com\/handballfinland\/"]},{"@type":"Person","@id":"https:\/\/aktialiiga.fi\/naiset\/#\/schema\/person\/c14bf42f47041db74603c45afcb18d87","name":"tbrmedia","image":{"@type":"ImageObject","inLanguage":"fi","@id":"https:\/\/secure.gravatar.com\/avatar\/ee975fa091fe581d12b60debb3439022686618368a7c142044c56724d4666b16?s=96&d=mm&r=g","url":"https:\/\/secure.gravatar.com\/avatar\/ee975fa091fe581d12b60debb3439022686618368a7c142044c56724d4666b16?s=96&d=mm&r=g","contentUrl":"https:\/\/secure.gravatar.com\/avatar\/ee975fa091fe581d12b60debb3439022686618368a7c142044c56724d4666b16?s=96&d=mm&r=g","caption":"tbrmedia"}}]}},"jetpack_featured_media_url":"https:\/\/aktialiiga.fi\/naiset\/wp-content\/uploads\/sites\/6\/2023\/10\/cup_pokaali23.jpg","jetpack_sharing_enabled":true,"jetpack_shortlink":"https:\/\/wp.me\/pfYhm6-bwS","_links":{"self":[{"href":"https:\/\/aktialiiga.fi\/naiset\/wp-json\/wp\/v2\/posts\/44322","targetHints":{"allow":["GET"]}}],"collection":[{"href":"https:\/\/aktialiiga.fi\/naiset\/wp-json\/wp\/v2\/posts"}],"about":[{"href":"https:\/\/aktialiiga.fi\/naiset\/wp-json\/wp\/v2\/types\/post"}],"author":[{"embeddable":true,"href":"https:\/\/aktialiiga.fi\/naiset\/wp-json\/wp\/v2\/users\/13"}],"replies":[{"embeddable":true,"href":"https:\/\/aktialiiga.fi\/naiset\/wp-json\/wp\/v2\/comments?post=44322"}],"version-history":[{"count":1,"href":"https:\/\/aktialiiga.fi\/naiset\/wp-json\/wp\/v2\/posts\/44322\/revisions"}],"predecessor-version":[{"id":44323,"href":"https:\/\/aktialiiga.fi\/naiset\/wp-json\/wp\/v2\/posts\/44322\/revisions\/44323"}],"wp:featuredmedia":[{"embeddable":true,"href":"https:\/\/aktialiiga.fi\/naiset\/wp-json\/wp\/v2\/media\/34948"}],"wp:attachment":[{"href":"https:\/\/aktialiiga.fi\/naiset\/wp-json\/wp\/v2\/media?parent=44322"}],"wp:term":[{"taxonomy":"category","embeddable":true,"href":"https:\/\/aktialiiga.fi\/naiset\/wp-json\/wp\/v2\/categories?post=44322"},{"taxonomy":"post_tag","embeddable":true,"href":"https:\/\/aktialiiga.fi\/naiset\/wp-json\/wp\/v2\/tags?post=44322"}],"curies":[{"name":"wp","href":"https:\/\/api.w.org\/{rel}","templated":true}]}}