{"id":4492,"date":"2014-02-02T09:19:42","date_gmt":"2014-02-02T07:19:42","guid":{"rendered":"https:\/\/www.finnhandball.net\/nsm\/?p=4492"},"modified":"2024-08-28T18:30:37","modified_gmt":"2024-08-28T15:30:37","slug":"kyif-saa-sarjakarki-hifkn-vieraakseen","status":"publish","type":"post","link":"https:\/\/aktialiiga.fi\/naiset\/2013-2014\/ennakot-2013-2014\/kyif-saa-sarjakarki-hifkn-vieraakseen\/","title":{"rendered":"KyIF saa sarjak\u00e4rki HIFK:n vieraakseen"},"content":{"rendered":"<p>SM-sarjan viikonloppu saadaan p\u00e4\u00e4t\u00f6kseen sunnuntain Kirkkonummella, kun KyIF em\u00e4nn\u00f6i sarjan k\u00e4rjess\u00e4 puhtaalla pelill\u00e4 jyr\u00e4\u00e4v\u00e4\u00e4 HIFK:ta. Keskikastin sijoituksista tiukasti taisteleva kotijoukkue on kovan teht\u00e4v\u00e4n\u00e4 edess\u00e4, mik\u00e4li lis\u00e4pisteit\u00e4 mielit\u00e4\u00e4n saada.<!--more--><\/p>\n<p>Atlaksen lauantain voiton my\u00f6t\u00e4 KyIF putosi sarjataulukossa viimeist\u00e4 edelliselle sijalle, mutta matkaa nelj\u00e4nteen sijaankin on vain kolme pistett\u00e4 ja kirkkonummelaisilla on kilpailijoitaan v\u00e4hemm\u00e4n otteluita pelattuna. Nyt pistepussin kartuttaminen on kuitenkin kovan ty\u00f6n takana, kun vastassa on omilla teill\u00e4\u00e4n sarjak\u00e4rjess\u00e4 seilaava HIFK.<\/p>\n<p>KyIF avasi uuden vuoden pirte\u00e4sti ja kaatoi ensin \u00c5IFK:n ja per\u00e4\u00e4n Spartan. Dickenin vieraana tuli kuitenkin todellinen selk\u00e4sauna ja viimeksi BK-46 oli vahvempi niukkamaalisessa ottelussa.<\/p>\n<p>HIFK on kuluvan vuoden puolella ehtinyt ottaa kolme voittoa ja numerollisesti kaari n\u00e4ytt\u00e4\u00e4 vain yl\u00f6sp\u00e4in: Sparta kaatui yhdeks\u00e4ll\u00e4 maalilla, BK-46 14 osumalla ja viimeksi Atlas per\u00e4ti 24 maalin erolla.<\/p>\n<p>KyIF ja HIFK kohtasivat vastaavassa ottelussa ja kauden alkukierroksilla ja tuolloin numerot kirjattiin helsinkil\u00e4isille 25-34. Joulukuun alussa Helsingin Urheilutalolla kotijoukkue oli puolestaan vahvempi maalein 37-24.<\/p>\n<p>Oman mausteensa ottelulle tuo HIFK:n Linda Cainbergin taistelu maalitilaston k\u00e4rkipaikasta. Cainberg on ennen sunnuntaita osunut tolppien v\u00e4liin 116 kertaa ja matkaa k\u00e4rkipaikkaa hallussaan pit\u00e4v\u00e4\u00e4n BK-46:n Pamela Degermaniin on 13 osumaa. HIFK ja Cainberg ovat toki pelanneet my\u00f6s kolme ottelua karjaalaisia v\u00e4hemm\u00e4n.<\/p>\n<p>Ottelu Kirkkonummella alkaa sunnuntaina kello 16.30.<\/p>\n","protected":false},"excerpt":{"rendered":"<p>SM-sarjan viikonloppu saadaan p\u00e4\u00e4t\u00f6kseen sunnuntain Kirkkonummella, kun KyIF em\u00e4nn\u00f6i sarjan k\u00e4rjess\u00e4 puhtaalla pelill\u00e4 jyr\u00e4\u00e4v\u00e4\u00e4 HIFK:ta. Keskikastin sijoituksista tiukasti taisteleva kotijoukkue on kovan teht\u00e4v\u00e4n\u00e4 edess\u00e4, mik\u00e4li lis\u00e4pisteit\u00e4 mielit\u00e4\u00e4n saada.<\/p>\n","protected":false},"author":13,"featured_media":4495,"comment_status":"closed","ping_status":"closed","sticky":false,"template":"","format":"standard","meta":{"_acf_changed":false,"jetpack_post_was_ever_published":false,"_jetpack_newsletter_access":"","_jetpack_dont_email_post_to_subs":false,"_jetpack_newsletter_tier_id":0,"_jetpack_memberships_contains_paywalled_content":false,"_jetpack_memberships_contains_paid_content":false,"footnotes":""},"categories":[35],"tags":[61,67],"class_list":["post-4492","post","type-post","status-publish","format-standard","has-post-thumbnail","hentry","category-ennakot-2013-2014","tag-hifk","tag-kyif"],"acf":[],"yoast_head":"<!-- This site is optimized with the Yoast SEO plugin v27.5 - https:\/\/yoast.com\/product\/yoast-seo-wordpress\/ -->\n<title>KyIF saa sarjak\u00e4rki HIFK:n vieraakseen | K\u00e4sipallon naisten Aktialiiga<\/title>\n<meta name=\"robots\" content=\"index, follow, max-snippet:-1, max-image-preview:large, max-video-preview:-1\" \/>\n<link rel=\"canonical\" href=\"https:\/\/aktialiiga.fi\/naiset\/2013-2014\/ennakot-2013-2014\/kyif-saa-sarjakarki-hifkn-vieraakseen\/\" \/>\n<meta property=\"og:locale\" content=\"fi_FI\" \/>\n<meta property=\"og:type\" content=\"article\" \/>\n<meta property=\"og:title\" content=\"KyIF saa sarjak\u00e4rki HIFK:n vieraakseen | K\u00e4sipallon naisten Aktialiiga\" \/>\n<meta property=\"og:description\" content=\"SM-sarjan viikonloppu saadaan p\u00e4\u00e4t\u00f6kseen sunnuntain Kirkkonummella, kun KyIF em\u00e4nn\u00f6i sarjan k\u00e4rjess\u00e4 puhtaalla pelill\u00e4 jyr\u00e4\u00e4v\u00e4\u00e4 HIFK:ta. Keskikastin sijoituksista tiukasti taisteleva kotijoukkue on kovan teht\u00e4v\u00e4n\u00e4 edess\u00e4, mik\u00e4li lis\u00e4pisteit\u00e4 mielit\u00e4\u00e4n saada.\" \/>\n<meta property=\"og:url\" content=\"https:\/\/aktialiiga.fi\/naiset\/2013-2014\/ennakot-2013-2014\/kyif-saa-sarjakarki-hifkn-vieraakseen\/\" \/>\n<meta property=\"og:site_name\" content=\"K\u00e4sipallon naisten Aktialiiga\" \/>\n<meta property=\"article:publisher\" content=\"https:\/\/www.facebook.com\/finnhandball\" \/>\n<meta property=\"article:published_time\" content=\"2014-02-02T07:19:42+00:00\" \/>\n<meta property=\"article:modified_time\" content=\"2024-08-28T15:30:37+00:00\" \/>\n<meta property=\"og:image\" content=\"https:\/\/aktialiiga.fi\/naiset\/wp-content\/uploads\/sites\/6\/2014\/02\/Kuvitus_pallo2.jpg\" \/>\n\t<meta property=\"og:image:width\" content=\"300\" \/>\n\t<meta property=\"og:image:height\" content=\"300\" \/>\n\t<meta property=\"og:image:type\" content=\"image\/jpeg\" \/>\n<meta name=\"author\" content=\"tbrmedia\" \/>\n<meta name=\"twitter:card\" content=\"summary_large_image\" \/>\n<meta name=\"twitter:creator\" content=\"@finnhandball\" \/>\n<meta name=\"twitter:site\" content=\"@finnhandball\" \/>\n<script type=\"application\/ld+json\" class=\"yoast-schema-graph\">{\"@context\":\"https:\\\/\\\/schema.org\",\"@graph\":[{\"@type\":\"Article\",\"@id\":\"https:\\\/\\\/aktialiiga.fi\\\/naiset\\\/2013-2014\\\/ennakot-2013-2014\\\/kyif-saa-sarjakarki-hifkn-vieraakseen\\\/#article\",\"isPartOf\":{\"@id\":\"https:\\\/\\\/aktialiiga.fi\\\/naiset\\\/2013-2014\\\/ennakot-2013-2014\\\/kyif-saa-sarjakarki-hifkn-vieraakseen\\\/\"},\"author\":{\"name\":\"tbrmedia\",\"@id\":\"https:\\\/\\\/aktialiiga.fi\\\/naiset\\\/#\\\/schema\\\/person\\\/c14bf42f47041db74603c45afcb18d87\"},\"headline\":\"KyIF saa sarjak\u00e4rki HIFK:n vieraakseen\",\"datePublished\":\"2014-02-02T07:19:42+00:00\",\"dateModified\":\"2024-08-28T15:30:37+00:00\",\"mainEntityOfPage\":{\"@id\":\"https:\\\/\\\/aktialiiga.fi\\\/naiset\\\/2013-2014\\\/ennakot-2013-2014\\\/kyif-saa-sarjakarki-hifkn-vieraakseen\\\/\"},\"wordCount\":236,\"publisher\":{\"@id\":\"https:\\\/\\\/aktialiiga.fi\\\/naiset\\\/#organization\"},\"image\":{\"@id\":\"https:\\\/\\\/aktialiiga.fi\\\/naiset\\\/2013-2014\\\/ennakot-2013-2014\\\/kyif-saa-sarjakarki-hifkn-vieraakseen\\\/#primaryimage\"},\"thumbnailUrl\":\"https:\\\/\\\/aktialiiga.fi\\\/naiset\\\/wp-content\\\/uploads\\\/sites\\\/6\\\/2014\\\/02\\\/Kuvitus_pallo2.jpg\",\"keywords\":[\"HIFK\",\"KyIF\"],\"articleSection\":[\"Ennakot\"],\"inLanguage\":\"fi\"},{\"@type\":\"WebPage\",\"@id\":\"https:\\\/\\\/aktialiiga.fi\\\/naiset\\\/2013-2014\\\/ennakot-2013-2014\\\/kyif-saa-sarjakarki-hifkn-vieraakseen\\\/\",\"url\":\"https:\\\/\\\/aktialiiga.fi\\\/naiset\\\/2013-2014\\\/ennakot-2013-2014\\\/kyif-saa-sarjakarki-hifkn-vieraakseen\\\/\",\"name\":\"KyIF saa sarjak\u00e4rki HIFK:n vieraakseen | K\u00e4sipallon naisten Aktialiiga\",\"isPartOf\":{\"@id\":\"https:\\\/\\\/aktialiiga.fi\\\/naiset\\\/#website\"},\"primaryImageOfPage\":{\"@id\":\"https:\\\/\\\/aktialiiga.fi\\\/naiset\\\/2013-2014\\\/ennakot-2013-2014\\\/kyif-saa-sarjakarki-hifkn-vieraakseen\\\/#primaryimage\"},\"image\":{\"@id\":\"https:\\\/\\\/aktialiiga.fi\\\/naiset\\\/2013-2014\\\/ennakot-2013-2014\\\/kyif-saa-sarjakarki-hifkn-vieraakseen\\\/#primaryimage\"},\"thumbnailUrl\":\"https:\\\/\\\/aktialiiga.fi\\\/naiset\\\/wp-content\\\/uploads\\\/sites\\\/6\\\/2014\\\/02\\\/Kuvitus_pallo2.jpg\",\"datePublished\":\"2014-02-02T07:19:42+00:00\",\"dateModified\":\"2024-08-28T15:30:37+00:00\",\"breadcrumb\":{\"@id\":\"https:\\\/\\\/aktialiiga.fi\\\/naiset\\\/2013-2014\\\/ennakot-2013-2014\\\/kyif-saa-sarjakarki-hifkn-vieraakseen\\\/#breadcrumb\"},\"inLanguage\":\"fi\",\"potentialAction\":[{\"@type\":\"ReadAction\",\"target\":[\"https:\\\/\\\/aktialiiga.fi\\\/naiset\\\/2013-2014\\\/ennakot-2013-2014\\\/kyif-saa-sarjakarki-hifkn-vieraakseen\\\/\"]}]},{\"@type\":\"ImageObject\",\"inLanguage\":\"fi\",\"@id\":\"https:\\\/\\\/aktialiiga.fi\\\/naiset\\\/2013-2014\\\/ennakot-2013-2014\\\/kyif-saa-sarjakarki-hifkn-vieraakseen\\\/#primaryimage\",\"url\":\"https:\\\/\\\/aktialiiga.fi\\\/naiset\\\/wp-content\\\/uploads\\\/sites\\\/6\\\/2014\\\/02\\\/Kuvitus_pallo2.jpg\",\"contentUrl\":\"https:\\\/\\\/aktialiiga.fi\\\/naiset\\\/wp-content\\\/uploads\\\/sites\\\/6\\\/2014\\\/02\\\/Kuvitus_pallo2.jpg\",\"width\":300,\"height\":300,\"caption\":\"kuva: Juha Tamminen\"},{\"@type\":\"BreadcrumbList\",\"@id\":\"https:\\\/\\\/aktialiiga.fi\\\/naiset\\\/2013-2014\\\/ennakot-2013-2014\\\/kyif-saa-sarjakarki-hifkn-vieraakseen\\\/#breadcrumb\",\"itemListElement\":[{\"@type\":\"ListItem\",\"position\":1,\"name\":\"Etusivu\",\"item\":\"https:\\\/\\\/aktialiiga.fi\\\/naiset\\\/\"},{\"@type\":\"ListItem\",\"position\":2,\"name\":\"KyIF saa sarjak\u00e4rki HIFK:n vieraakseen\"}]},{\"@type\":\"WebSite\",\"@id\":\"https:\\\/\\\/aktialiiga.fi\\\/naiset\\\/#website\",\"url\":\"https:\\\/\\\/aktialiiga.fi\\\/naiset\\\/\",\"name\":\"K\u00e4sipallon naisten Aktialiiga\",\"description\":\"Valtakunnan vauhdikkainta palloilua!\",\"publisher\":{\"@id\":\"https:\\\/\\\/aktialiiga.fi\\\/naiset\\\/#organization\"},\"potentialAction\":[{\"@type\":\"SearchAction\",\"target\":{\"@type\":\"EntryPoint\",\"urlTemplate\":\"https:\\\/\\\/aktialiiga.fi\\\/naiset\\\/?s={search_term_string}\"},\"query-input\":{\"@type\":\"PropertyValueSpecification\",\"valueRequired\":true,\"valueName\":\"search_term_string\"}}],\"inLanguage\":\"fi\"},{\"@type\":\"Organization\",\"@id\":\"https:\\\/\\\/aktialiiga.fi\\\/naiset\\\/#organization\",\"name\":\"K\u00e4sipallon naisten Aktialiiga\",\"url\":\"https:\\\/\\\/aktialiiga.fi\\\/naiset\\\/\",\"logo\":{\"@type\":\"ImageObject\",\"inLanguage\":\"fi\",\"@id\":\"https:\\\/\\\/aktialiiga.fi\\\/naiset\\\/#\\\/schema\\\/logo\\\/image\\\/\",\"url\":\"https:\\\/\\\/aktialiiga.fi\\\/naiset\\\/wp-content\\\/uploads\\\/sites\\\/6\\\/2024\\\/09\\\/Aktialiiga-Yoast-512.png\",\"contentUrl\":\"https:\\\/\\\/aktialiiga.fi\\\/naiset\\\/wp-content\\\/uploads\\\/sites\\\/6\\\/2024\\\/09\\\/Aktialiiga-Yoast-512.png\",\"width\":512,\"height\":512,\"caption\":\"K\u00e4sipallon naisten Aktialiiga\"},\"image\":{\"@id\":\"https:\\\/\\\/aktialiiga.fi\\\/naiset\\\/#\\\/schema\\\/logo\\\/image\\\/\"},\"sameAs\":[\"https:\\\/\\\/www.facebook.com\\\/finnhandball\",\"https:\\\/\\\/x.com\\\/finnhandball\",\"https:\\\/\\\/www.instagram.com\\\/handballfinland\\\/\"]},{\"@type\":\"Person\",\"@id\":\"https:\\\/\\\/aktialiiga.fi\\\/naiset\\\/#\\\/schema\\\/person\\\/c14bf42f47041db74603c45afcb18d87\",\"name\":\"tbrmedia\",\"image\":{\"@type\":\"ImageObject\",\"inLanguage\":\"fi\",\"@id\":\"https:\\\/\\\/secure.gravatar.com\\\/avatar\\\/ee975fa091fe581d12b60debb3439022686618368a7c142044c56724d4666b16?s=96&d=mm&r=g\",\"url\":\"https:\\\/\\\/secure.gravatar.com\\\/avatar\\\/ee975fa091fe581d12b60debb3439022686618368a7c142044c56724d4666b16?s=96&d=mm&r=g\",\"contentUrl\":\"https:\\\/\\\/secure.gravatar.com\\\/avatar\\\/ee975fa091fe581d12b60debb3439022686618368a7c142044c56724d4666b16?s=96&d=mm&r=g\",\"caption\":\"tbrmedia\"}}]}<\/script>\n<!-- \/ Yoast SEO plugin. -->","yoast_head_json":{"title":"KyIF saa sarjak\u00e4rki HIFK:n vieraakseen | K\u00e4sipallon naisten Aktialiiga","robots":{"index":"index","follow":"follow","max-snippet":"max-snippet:-1","max-image-preview":"max-image-preview:large","max-video-preview":"max-video-preview:-1"},"canonical":"https:\/\/aktialiiga.fi\/naiset\/2013-2014\/ennakot-2013-2014\/kyif-saa-sarjakarki-hifkn-vieraakseen\/","og_locale":"fi_FI","og_type":"article","og_title":"KyIF saa sarjak\u00e4rki HIFK:n vieraakseen | K\u00e4sipallon naisten Aktialiiga","og_description":"SM-sarjan viikonloppu saadaan p\u00e4\u00e4t\u00f6kseen sunnuntain Kirkkonummella, kun KyIF em\u00e4nn\u00f6i sarjan k\u00e4rjess\u00e4 puhtaalla pelill\u00e4 jyr\u00e4\u00e4v\u00e4\u00e4 HIFK:ta. Keskikastin sijoituksista tiukasti taisteleva kotijoukkue on kovan teht\u00e4v\u00e4n\u00e4 edess\u00e4, mik\u00e4li lis\u00e4pisteit\u00e4 mielit\u00e4\u00e4n saada.","og_url":"https:\/\/aktialiiga.fi\/naiset\/2013-2014\/ennakot-2013-2014\/kyif-saa-sarjakarki-hifkn-vieraakseen\/","og_site_name":"K\u00e4sipallon naisten Aktialiiga","article_publisher":"https:\/\/www.facebook.com\/finnhandball","article_published_time":"2014-02-02T07:19:42+00:00","article_modified_time":"2024-08-28T15:30:37+00:00","og_image":[{"width":300,"height":300,"url":"https:\/\/aktialiiga.fi\/naiset\/wp-content\/uploads\/sites\/6\/2014\/02\/Kuvitus_pallo2.jpg","type":"image\/jpeg"}],"author":"tbrmedia","twitter_card":"summary_large_image","twitter_creator":"@finnhandball","twitter_site":"@finnhandball","schema":{"@context":"https:\/\/schema.org","@graph":[{"@type":"Article","@id":"https:\/\/aktialiiga.fi\/naiset\/2013-2014\/ennakot-2013-2014\/kyif-saa-sarjakarki-hifkn-vieraakseen\/#article","isPartOf":{"@id":"https:\/\/aktialiiga.fi\/naiset\/2013-2014\/ennakot-2013-2014\/kyif-saa-sarjakarki-hifkn-vieraakseen\/"},"author":{"name":"tbrmedia","@id":"https:\/\/aktialiiga.fi\/naiset\/#\/schema\/person\/c14bf42f47041db74603c45afcb18d87"},"headline":"KyIF saa sarjak\u00e4rki HIFK:n vieraakseen","datePublished":"2014-02-02T07:19:42+00:00","dateModified":"2024-08-28T15:30:37+00:00","mainEntityOfPage":{"@id":"https:\/\/aktialiiga.fi\/naiset\/2013-2014\/ennakot-2013-2014\/kyif-saa-sarjakarki-hifkn-vieraakseen\/"},"wordCount":236,"publisher":{"@id":"https:\/\/aktialiiga.fi\/naiset\/#organization"},"image":{"@id":"https:\/\/aktialiiga.fi\/naiset\/2013-2014\/ennakot-2013-2014\/kyif-saa-sarjakarki-hifkn-vieraakseen\/#primaryimage"},"thumbnailUrl":"https:\/\/aktialiiga.fi\/naiset\/wp-content\/uploads\/sites\/6\/2014\/02\/Kuvitus_pallo2.jpg","keywords":["HIFK","KyIF"],"articleSection":["Ennakot"],"inLanguage":"fi"},{"@type":"WebPage","@id":"https:\/\/aktialiiga.fi\/naiset\/2013-2014\/ennakot-2013-2014\/kyif-saa-sarjakarki-hifkn-vieraakseen\/","url":"https:\/\/aktialiiga.fi\/naiset\/2013-2014\/ennakot-2013-2014\/kyif-saa-sarjakarki-hifkn-vieraakseen\/","name":"KyIF saa sarjak\u00e4rki HIFK:n vieraakseen | K\u00e4sipallon naisten Aktialiiga","isPartOf":{"@id":"https:\/\/aktialiiga.fi\/naiset\/#website"},"primaryImageOfPage":{"@id":"https:\/\/aktialiiga.fi\/naiset\/2013-2014\/ennakot-2013-2014\/kyif-saa-sarjakarki-hifkn-vieraakseen\/#primaryimage"},"image":{"@id":"https:\/\/aktialiiga.fi\/naiset\/2013-2014\/ennakot-2013-2014\/kyif-saa-sarjakarki-hifkn-vieraakseen\/#primaryimage"},"thumbnailUrl":"https:\/\/aktialiiga.fi\/naiset\/wp-content\/uploads\/sites\/6\/2014\/02\/Kuvitus_pallo2.jpg","datePublished":"2014-02-02T07:19:42+00:00","dateModified":"2024-08-28T15:30:37+00:00","breadcrumb":{"@id":"https:\/\/aktialiiga.fi\/naiset\/2013-2014\/ennakot-2013-2014\/kyif-saa-sarjakarki-hifkn-vieraakseen\/#breadcrumb"},"inLanguage":"fi","potentialAction":[{"@type":"ReadAction","target":["https:\/\/aktialiiga.fi\/naiset\/2013-2014\/ennakot-2013-2014\/kyif-saa-sarjakarki-hifkn-vieraakseen\/"]}]},{"@type":"ImageObject","inLanguage":"fi","@id":"https:\/\/aktialiiga.fi\/naiset\/2013-2014\/ennakot-2013-2014\/kyif-saa-sarjakarki-hifkn-vieraakseen\/#primaryimage","url":"https:\/\/aktialiiga.fi\/naiset\/wp-content\/uploads\/sites\/6\/2014\/02\/Kuvitus_pallo2.jpg","contentUrl":"https:\/\/aktialiiga.fi\/naiset\/wp-content\/uploads\/sites\/6\/2014\/02\/Kuvitus_pallo2.jpg","width":300,"height":300,"caption":"kuva: Juha Tamminen"},{"@type":"BreadcrumbList","@id":"https:\/\/aktialiiga.fi\/naiset\/2013-2014\/ennakot-2013-2014\/kyif-saa-sarjakarki-hifkn-vieraakseen\/#breadcrumb","itemListElement":[{"@type":"ListItem","position":1,"name":"Etusivu","item":"https:\/\/aktialiiga.fi\/naiset\/"},{"@type":"ListItem","position":2,"name":"KyIF saa sarjak\u00e4rki HIFK:n vieraakseen"}]},{"@type":"WebSite","@id":"https:\/\/aktialiiga.fi\/naiset\/#website","url":"https:\/\/aktialiiga.fi\/naiset\/","name":"K\u00e4sipallon naisten Aktialiiga","description":"Valtakunnan vauhdikkainta palloilua!","publisher":{"@id":"https:\/\/aktialiiga.fi\/naiset\/#organization"},"potentialAction":[{"@type":"SearchAction","target":{"@type":"EntryPoint","urlTemplate":"https:\/\/aktialiiga.fi\/naiset\/?s={search_term_string}"},"query-input":{"@type":"PropertyValueSpecification","valueRequired":true,"valueName":"search_term_string"}}],"inLanguage":"fi"},{"@type":"Organization","@id":"https:\/\/aktialiiga.fi\/naiset\/#organization","name":"K\u00e4sipallon naisten Aktialiiga","url":"https:\/\/aktialiiga.fi\/naiset\/","logo":{"@type":"ImageObject","inLanguage":"fi","@id":"https:\/\/aktialiiga.fi\/naiset\/#\/schema\/logo\/image\/","url":"https:\/\/aktialiiga.fi\/naiset\/wp-content\/uploads\/sites\/6\/2024\/09\/Aktialiiga-Yoast-512.png","contentUrl":"https:\/\/aktialiiga.fi\/naiset\/wp-content\/uploads\/sites\/6\/2024\/09\/Aktialiiga-Yoast-512.png","width":512,"height":512,"caption":"K\u00e4sipallon naisten Aktialiiga"},"image":{"@id":"https:\/\/aktialiiga.fi\/naiset\/#\/schema\/logo\/image\/"},"sameAs":["https:\/\/www.facebook.com\/finnhandball","https:\/\/x.com\/finnhandball","https:\/\/www.instagram.com\/handballfinland\/"]},{"@type":"Person","@id":"https:\/\/aktialiiga.fi\/naiset\/#\/schema\/person\/c14bf42f47041db74603c45afcb18d87","name":"tbrmedia","image":{"@type":"ImageObject","inLanguage":"fi","@id":"https:\/\/secure.gravatar.com\/avatar\/ee975fa091fe581d12b60debb3439022686618368a7c142044c56724d4666b16?s=96&d=mm&r=g","url":"https:\/\/secure.gravatar.com\/avatar\/ee975fa091fe581d12b60debb3439022686618368a7c142044c56724d4666b16?s=96&d=mm&r=g","contentUrl":"https:\/\/secure.gravatar.com\/avatar\/ee975fa091fe581d12b60debb3439022686618368a7c142044c56724d4666b16?s=96&d=mm&r=g","caption":"tbrmedia"}}]}},"jetpack_featured_media_url":"https:\/\/aktialiiga.fi\/naiset\/wp-content\/uploads\/sites\/6\/2014\/02\/Kuvitus_pallo2.jpg","jetpack_sharing_enabled":true,"jetpack_shortlink":"https:\/\/wp.me\/pfYhm6-1as","_links":{"self":[{"href":"https:\/\/aktialiiga.fi\/naiset\/wp-json\/wp\/v2\/posts\/4492","targetHints":{"allow":["GET"]}}],"collection":[{"href":"https:\/\/aktialiiga.fi\/naiset\/wp-json\/wp\/v2\/posts"}],"about":[{"href":"https:\/\/aktialiiga.fi\/naiset\/wp-json\/wp\/v2\/types\/post"}],"author":[{"embeddable":true,"href":"https:\/\/aktialiiga.fi\/naiset\/wp-json\/wp\/v2\/users\/13"}],"replies":[{"embeddable":true,"href":"https:\/\/aktialiiga.fi\/naiset\/wp-json\/wp\/v2\/comments?post=4492"}],"version-history":[{"count":1,"href":"https:\/\/aktialiiga.fi\/naiset\/wp-json\/wp\/v2\/posts\/4492\/revisions"}],"predecessor-version":[{"id":39487,"href":"https:\/\/aktialiiga.fi\/naiset\/wp-json\/wp\/v2\/posts\/4492\/revisions\/39487"}],"wp:featuredmedia":[{"embeddable":true,"href":"https:\/\/aktialiiga.fi\/naiset\/wp-json\/wp\/v2\/media\/4495"}],"wp:attachment":[{"href":"https:\/\/aktialiiga.fi\/naiset\/wp-json\/wp\/v2\/media?parent=4492"}],"wp:term":[{"taxonomy":"category","embeddable":true,"href":"https:\/\/aktialiiga.fi\/naiset\/wp-json\/wp\/v2\/categories?post=4492"},{"taxonomy":"post_tag","embeddable":true,"href":"https:\/\/aktialiiga.fi\/naiset\/wp-json\/wp\/v2\/tags?post=4492"}],"curies":[{"name":"wp","href":"https:\/\/api.w.org\/{rel}","templated":true}]}}