{"id":4505,"date":"2014-02-07T22:38:08","date_gmt":"2014-02-07T20:38:08","guid":{"rendered":"https:\/\/www.finnhandball.net\/nsm\/?p=4505"},"modified":"2024-08-28T18:30:37","modified_gmt":"2024-08-28T15:30:37","slug":"aifk-emannoi-dickenia-lauantaina","status":"publish","type":"post","link":"https:\/\/aktialiiga.fi\/naiset\/2013-2014\/ennakot-2013-2014\/aifk-emannoi-dickenia-lauantaina\/","title":{"rendered":"\u00c5IFK em\u00e4nn\u00f6i Dickeni\u00e4 lauantaina"},"content":{"rendered":"<p>SM-sarjan lauantain ainoa ottelu pelataan Turussa, jossa \u00c5IFK saa vastaansa sarjakakkonen Dickenin. Turkulaisten tilanne sarjataulukon pohjalla kahdella pisteell\u00e4 alkaa olla jo miltei sinet\u00f6ity, mutta Dicken haluaa varmistaa runkosarjassa v\u00e4hint\u00e4\u00e4n toisen sijansa.<!--more--><\/p>\n<p>Joukkueet kohtasivat vastaavassa ottelussa jo syyskuussa ja voittajasta ei tuolloin j\u00e4\u00e4nyt ep\u00e4selvyytt\u00e4, kun loppunumerot Samppalinnan palloiluhallin taululla olivat 18-35. Joulukuussa Pirkkolassa Dickenin voittonumerot kuitenkin miltei puolittuivat kamppailun p\u00e4\u00e4tytty\u00e4 lukemiin 31-21.<\/p>\n<p>Alkuvuosi joukkueilla on kulkenut t\u00e4sm\u00e4lleen p\u00e4invastaisiin suuntiin \u00c5IFK:n kuitattua toistaiseksi pelkki\u00e4 tappioita ja Dickenin puolestaan pelkki\u00e4 voittoja. Edellisiss\u00e4 kamppailuissaan \u00c5IFK k\u00e4rsi tappion Spartan vieraana ja Dicken suorastaan murskasi SIF:n k\u00e4rkip\u00e4\u00e4n kamppailussa.<\/p>\n<p>Yksi ottelun j\u00e4nnitysmomenteista on Dickenin Anna Lindholmin hy\u00f6kk\u00e4\u00e4minen kohti sadan tehdyn maalin rajaa t\u00e4ll\u00e4 kaudella. Lindholm on SM-sarjan maalintekij\u00e4tilaston kolmosena 95 osumalla ennen lauantaita.<\/p>\n<p>Ottelu Samppalinnan palloiluhallissa alkaa lauantaina kello 16.30.<\/p>\n","protected":false},"excerpt":{"rendered":"<p>SM-sarjan lauantain ainoa ottelu pelataan Turussa, jossa \u00c5IFK saa vastaansa sarjakakkonen Dickenin. Turkulaisten tilanne sarjataulukon pohjalla kahdella pisteell\u00e4 alkaa olla jo miltei sinet\u00f6ity, mutta Dicken haluaa varmistaa runkosarjassa v\u00e4hint\u00e4\u00e4n toisen sijansa.<\/p>\n","protected":false},"author":13,"featured_media":4254,"comment_status":"closed","ping_status":"closed","sticky":false,"template":"","format":"standard","meta":{"_acf_changed":false,"jetpack_post_was_ever_published":false,"_jetpack_newsletter_access":"","_jetpack_dont_email_post_to_subs":false,"_jetpack_newsletter_tier_id":0,"_jetpack_memberships_contains_paywalled_content":false,"_jetpack_memberships_contains_paid_content":false,"footnotes":""},"categories":[35],"tags":[51,45],"class_list":["post-4505","post","type-post","status-publish","format-standard","has-post-thumbnail","hentry","category-ennakot-2013-2014","tag-dicken","tag-aifk"],"acf":[],"yoast_head":"<!-- This site is optimized with the Yoast SEO plugin v27.5 - https:\/\/yoast.com\/product\/yoast-seo-wordpress\/ -->\n<title>\u00c5IFK em\u00e4nn\u00f6i Dickeni\u00e4 lauantaina | K\u00e4sipallon naisten Aktialiiga<\/title>\n<meta name=\"robots\" content=\"index, follow, max-snippet:-1, max-image-preview:large, max-video-preview:-1\" \/>\n<link rel=\"canonical\" href=\"https:\/\/aktialiiga.fi\/naiset\/2013-2014\/ennakot-2013-2014\/aifk-emannoi-dickenia-lauantaina\/\" \/>\n<meta property=\"og:locale\" content=\"fi_FI\" \/>\n<meta property=\"og:type\" content=\"article\" \/>\n<meta property=\"og:title\" content=\"\u00c5IFK em\u00e4nn\u00f6i Dickeni\u00e4 lauantaina | K\u00e4sipallon naisten Aktialiiga\" \/>\n<meta property=\"og:description\" content=\"SM-sarjan lauantain ainoa ottelu pelataan Turussa, jossa \u00c5IFK saa vastaansa sarjakakkonen Dickenin. Turkulaisten tilanne sarjataulukon pohjalla kahdella pisteell\u00e4 alkaa olla jo miltei sinet\u00f6ity, mutta Dicken haluaa varmistaa runkosarjassa v\u00e4hint\u00e4\u00e4n toisen sijansa.\" \/>\n<meta property=\"og:url\" content=\"https:\/\/aktialiiga.fi\/naiset\/2013-2014\/ennakot-2013-2014\/aifk-emannoi-dickenia-lauantaina\/\" \/>\n<meta property=\"og:site_name\" content=\"K\u00e4sipallon naisten Aktialiiga\" \/>\n<meta property=\"article:publisher\" content=\"https:\/\/www.facebook.com\/finnhandball\" \/>\n<meta property=\"article:published_time\" content=\"2014-02-07T20:38:08+00:00\" \/>\n<meta property=\"article:modified_time\" content=\"2024-08-28T15:30:37+00:00\" \/>\n<meta property=\"og:image\" content=\"https:\/\/aktialiiga.fi\/naiset\/wp-content\/uploads\/sites\/6\/2013\/09\/AIFK_Damer-2013-H.jpg\" \/>\n\t<meta property=\"og:image:width\" content=\"2314\" \/>\n\t<meta property=\"og:image:height\" content=\"1785\" \/>\n\t<meta property=\"og:image:type\" content=\"image\/jpeg\" \/>\n<meta name=\"author\" content=\"tbrmedia\" \/>\n<meta name=\"twitter:card\" content=\"summary_large_image\" \/>\n<meta name=\"twitter:creator\" content=\"@finnhandball\" \/>\n<meta name=\"twitter:site\" content=\"@finnhandball\" \/>\n<script type=\"application\/ld+json\" class=\"yoast-schema-graph\">{\"@context\":\"https:\\\/\\\/schema.org\",\"@graph\":[{\"@type\":\"Article\",\"@id\":\"https:\\\/\\\/aktialiiga.fi\\\/naiset\\\/2013-2014\\\/ennakot-2013-2014\\\/aifk-emannoi-dickenia-lauantaina\\\/#article\",\"isPartOf\":{\"@id\":\"https:\\\/\\\/aktialiiga.fi\\\/naiset\\\/2013-2014\\\/ennakot-2013-2014\\\/aifk-emannoi-dickenia-lauantaina\\\/\"},\"author\":{\"name\":\"tbrmedia\",\"@id\":\"https:\\\/\\\/aktialiiga.fi\\\/naiset\\\/#\\\/schema\\\/person\\\/c14bf42f47041db74603c45afcb18d87\"},\"headline\":\"\u00c5IFK em\u00e4nn\u00f6i Dickeni\u00e4 lauantaina\",\"datePublished\":\"2014-02-07T20:38:08+00:00\",\"dateModified\":\"2024-08-28T15:30:37+00:00\",\"mainEntityOfPage\":{\"@id\":\"https:\\\/\\\/aktialiiga.fi\\\/naiset\\\/2013-2014\\\/ennakot-2013-2014\\\/aifk-emannoi-dickenia-lauantaina\\\/\"},\"wordCount\":146,\"publisher\":{\"@id\":\"https:\\\/\\\/aktialiiga.fi\\\/naiset\\\/#organization\"},\"image\":{\"@id\":\"https:\\\/\\\/aktialiiga.fi\\\/naiset\\\/2013-2014\\\/ennakot-2013-2014\\\/aifk-emannoi-dickenia-lauantaina\\\/#primaryimage\"},\"thumbnailUrl\":\"https:\\\/\\\/aktialiiga.fi\\\/naiset\\\/wp-content\\\/uploads\\\/sites\\\/6\\\/2013\\\/09\\\/AIFK_Damer-2013-H.jpg\",\"keywords\":[\"Dicken\",\"\u00c5IFK\"],\"articleSection\":[\"Ennakot\"],\"inLanguage\":\"fi\"},{\"@type\":\"WebPage\",\"@id\":\"https:\\\/\\\/aktialiiga.fi\\\/naiset\\\/2013-2014\\\/ennakot-2013-2014\\\/aifk-emannoi-dickenia-lauantaina\\\/\",\"url\":\"https:\\\/\\\/aktialiiga.fi\\\/naiset\\\/2013-2014\\\/ennakot-2013-2014\\\/aifk-emannoi-dickenia-lauantaina\\\/\",\"name\":\"\u00c5IFK em\u00e4nn\u00f6i Dickeni\u00e4 lauantaina | K\u00e4sipallon naisten Aktialiiga\",\"isPartOf\":{\"@id\":\"https:\\\/\\\/aktialiiga.fi\\\/naiset\\\/#website\"},\"primaryImageOfPage\":{\"@id\":\"https:\\\/\\\/aktialiiga.fi\\\/naiset\\\/2013-2014\\\/ennakot-2013-2014\\\/aifk-emannoi-dickenia-lauantaina\\\/#primaryimage\"},\"image\":{\"@id\":\"https:\\\/\\\/aktialiiga.fi\\\/naiset\\\/2013-2014\\\/ennakot-2013-2014\\\/aifk-emannoi-dickenia-lauantaina\\\/#primaryimage\"},\"thumbnailUrl\":\"https:\\\/\\\/aktialiiga.fi\\\/naiset\\\/wp-content\\\/uploads\\\/sites\\\/6\\\/2013\\\/09\\\/AIFK_Damer-2013-H.jpg\",\"datePublished\":\"2014-02-07T20:38:08+00:00\",\"dateModified\":\"2024-08-28T15:30:37+00:00\",\"breadcrumb\":{\"@id\":\"https:\\\/\\\/aktialiiga.fi\\\/naiset\\\/2013-2014\\\/ennakot-2013-2014\\\/aifk-emannoi-dickenia-lauantaina\\\/#breadcrumb\"},\"inLanguage\":\"fi\",\"potentialAction\":[{\"@type\":\"ReadAction\",\"target\":[\"https:\\\/\\\/aktialiiga.fi\\\/naiset\\\/2013-2014\\\/ennakot-2013-2014\\\/aifk-emannoi-dickenia-lauantaina\\\/\"]}]},{\"@type\":\"ImageObject\",\"inLanguage\":\"fi\",\"@id\":\"https:\\\/\\\/aktialiiga.fi\\\/naiset\\\/2013-2014\\\/ennakot-2013-2014\\\/aifk-emannoi-dickenia-lauantaina\\\/#primaryimage\",\"url\":\"https:\\\/\\\/aktialiiga.fi\\\/naiset\\\/wp-content\\\/uploads\\\/sites\\\/6\\\/2013\\\/09\\\/AIFK_Damer-2013-H.jpg\",\"contentUrl\":\"https:\\\/\\\/aktialiiga.fi\\\/naiset\\\/wp-content\\\/uploads\\\/sites\\\/6\\\/2013\\\/09\\\/AIFK_Damer-2013-H.jpg\",\"width\":2314,\"height\":1785,\"caption\":\"\u00c5IFK:n naisten edustusjoukkue 2013-2014\"},{\"@type\":\"BreadcrumbList\",\"@id\":\"https:\\\/\\\/aktialiiga.fi\\\/naiset\\\/2013-2014\\\/ennakot-2013-2014\\\/aifk-emannoi-dickenia-lauantaina\\\/#breadcrumb\",\"itemListElement\":[{\"@type\":\"ListItem\",\"position\":1,\"name\":\"Etusivu\",\"item\":\"https:\\\/\\\/aktialiiga.fi\\\/naiset\\\/\"},{\"@type\":\"ListItem\",\"position\":2,\"name\":\"\u00c5IFK em\u00e4nn\u00f6i Dickeni\u00e4 lauantaina\"}]},{\"@type\":\"WebSite\",\"@id\":\"https:\\\/\\\/aktialiiga.fi\\\/naiset\\\/#website\",\"url\":\"https:\\\/\\\/aktialiiga.fi\\\/naiset\\\/\",\"name\":\"K\u00e4sipallon naisten Aktialiiga\",\"description\":\"Valtakunnan vauhdikkainta palloilua!\",\"publisher\":{\"@id\":\"https:\\\/\\\/aktialiiga.fi\\\/naiset\\\/#organization\"},\"potentialAction\":[{\"@type\":\"SearchAction\",\"target\":{\"@type\":\"EntryPoint\",\"urlTemplate\":\"https:\\\/\\\/aktialiiga.fi\\\/naiset\\\/?s={search_term_string}\"},\"query-input\":{\"@type\":\"PropertyValueSpecification\",\"valueRequired\":true,\"valueName\":\"search_term_string\"}}],\"inLanguage\":\"fi\"},{\"@type\":\"Organization\",\"@id\":\"https:\\\/\\\/aktialiiga.fi\\\/naiset\\\/#organization\",\"name\":\"K\u00e4sipallon naisten Aktialiiga\",\"url\":\"https:\\\/\\\/aktialiiga.fi\\\/naiset\\\/\",\"logo\":{\"@type\":\"ImageObject\",\"inLanguage\":\"fi\",\"@id\":\"https:\\\/\\\/aktialiiga.fi\\\/naiset\\\/#\\\/schema\\\/logo\\\/image\\\/\",\"url\":\"https:\\\/\\\/aktialiiga.fi\\\/naiset\\\/wp-content\\\/uploads\\\/sites\\\/6\\\/2024\\\/09\\\/Aktialiiga-Yoast-512.png\",\"contentUrl\":\"https:\\\/\\\/aktialiiga.fi\\\/naiset\\\/wp-content\\\/uploads\\\/sites\\\/6\\\/2024\\\/09\\\/Aktialiiga-Yoast-512.png\",\"width\":512,\"height\":512,\"caption\":\"K\u00e4sipallon naisten Aktialiiga\"},\"image\":{\"@id\":\"https:\\\/\\\/aktialiiga.fi\\\/naiset\\\/#\\\/schema\\\/logo\\\/image\\\/\"},\"sameAs\":[\"https:\\\/\\\/www.facebook.com\\\/finnhandball\",\"https:\\\/\\\/x.com\\\/finnhandball\",\"https:\\\/\\\/www.instagram.com\\\/handballfinland\\\/\"]},{\"@type\":\"Person\",\"@id\":\"https:\\\/\\\/aktialiiga.fi\\\/naiset\\\/#\\\/schema\\\/person\\\/c14bf42f47041db74603c45afcb18d87\",\"name\":\"tbrmedia\",\"image\":{\"@type\":\"ImageObject\",\"inLanguage\":\"fi\",\"@id\":\"https:\\\/\\\/secure.gravatar.com\\\/avatar\\\/ee975fa091fe581d12b60debb3439022686618368a7c142044c56724d4666b16?s=96&d=mm&r=g\",\"url\":\"https:\\\/\\\/secure.gravatar.com\\\/avatar\\\/ee975fa091fe581d12b60debb3439022686618368a7c142044c56724d4666b16?s=96&d=mm&r=g\",\"contentUrl\":\"https:\\\/\\\/secure.gravatar.com\\\/avatar\\\/ee975fa091fe581d12b60debb3439022686618368a7c142044c56724d4666b16?s=96&d=mm&r=g\",\"caption\":\"tbrmedia\"}}]}<\/script>\n<!-- \/ Yoast SEO plugin. -->","yoast_head_json":{"title":"\u00c5IFK em\u00e4nn\u00f6i Dickeni\u00e4 lauantaina | K\u00e4sipallon naisten Aktialiiga","robots":{"index":"index","follow":"follow","max-snippet":"max-snippet:-1","max-image-preview":"max-image-preview:large","max-video-preview":"max-video-preview:-1"},"canonical":"https:\/\/aktialiiga.fi\/naiset\/2013-2014\/ennakot-2013-2014\/aifk-emannoi-dickenia-lauantaina\/","og_locale":"fi_FI","og_type":"article","og_title":"\u00c5IFK em\u00e4nn\u00f6i Dickeni\u00e4 lauantaina | K\u00e4sipallon naisten Aktialiiga","og_description":"SM-sarjan lauantain ainoa ottelu pelataan Turussa, jossa \u00c5IFK saa vastaansa sarjakakkonen Dickenin. Turkulaisten tilanne sarjataulukon pohjalla kahdella pisteell\u00e4 alkaa olla jo miltei sinet\u00f6ity, mutta Dicken haluaa varmistaa runkosarjassa v\u00e4hint\u00e4\u00e4n toisen sijansa.","og_url":"https:\/\/aktialiiga.fi\/naiset\/2013-2014\/ennakot-2013-2014\/aifk-emannoi-dickenia-lauantaina\/","og_site_name":"K\u00e4sipallon naisten Aktialiiga","article_publisher":"https:\/\/www.facebook.com\/finnhandball","article_published_time":"2014-02-07T20:38:08+00:00","article_modified_time":"2024-08-28T15:30:37+00:00","og_image":[{"width":2314,"height":1785,"url":"https:\/\/aktialiiga.fi\/naiset\/wp-content\/uploads\/sites\/6\/2013\/09\/AIFK_Damer-2013-H.jpg","type":"image\/jpeg"}],"author":"tbrmedia","twitter_card":"summary_large_image","twitter_creator":"@finnhandball","twitter_site":"@finnhandball","schema":{"@context":"https:\/\/schema.org","@graph":[{"@type":"Article","@id":"https:\/\/aktialiiga.fi\/naiset\/2013-2014\/ennakot-2013-2014\/aifk-emannoi-dickenia-lauantaina\/#article","isPartOf":{"@id":"https:\/\/aktialiiga.fi\/naiset\/2013-2014\/ennakot-2013-2014\/aifk-emannoi-dickenia-lauantaina\/"},"author":{"name":"tbrmedia","@id":"https:\/\/aktialiiga.fi\/naiset\/#\/schema\/person\/c14bf42f47041db74603c45afcb18d87"},"headline":"\u00c5IFK em\u00e4nn\u00f6i Dickeni\u00e4 lauantaina","datePublished":"2014-02-07T20:38:08+00:00","dateModified":"2024-08-28T15:30:37+00:00","mainEntityOfPage":{"@id":"https:\/\/aktialiiga.fi\/naiset\/2013-2014\/ennakot-2013-2014\/aifk-emannoi-dickenia-lauantaina\/"},"wordCount":146,"publisher":{"@id":"https:\/\/aktialiiga.fi\/naiset\/#organization"},"image":{"@id":"https:\/\/aktialiiga.fi\/naiset\/2013-2014\/ennakot-2013-2014\/aifk-emannoi-dickenia-lauantaina\/#primaryimage"},"thumbnailUrl":"https:\/\/aktialiiga.fi\/naiset\/wp-content\/uploads\/sites\/6\/2013\/09\/AIFK_Damer-2013-H.jpg","keywords":["Dicken","\u00c5IFK"],"articleSection":["Ennakot"],"inLanguage":"fi"},{"@type":"WebPage","@id":"https:\/\/aktialiiga.fi\/naiset\/2013-2014\/ennakot-2013-2014\/aifk-emannoi-dickenia-lauantaina\/","url":"https:\/\/aktialiiga.fi\/naiset\/2013-2014\/ennakot-2013-2014\/aifk-emannoi-dickenia-lauantaina\/","name":"\u00c5IFK em\u00e4nn\u00f6i Dickeni\u00e4 lauantaina | K\u00e4sipallon naisten Aktialiiga","isPartOf":{"@id":"https:\/\/aktialiiga.fi\/naiset\/#website"},"primaryImageOfPage":{"@id":"https:\/\/aktialiiga.fi\/naiset\/2013-2014\/ennakot-2013-2014\/aifk-emannoi-dickenia-lauantaina\/#primaryimage"},"image":{"@id":"https:\/\/aktialiiga.fi\/naiset\/2013-2014\/ennakot-2013-2014\/aifk-emannoi-dickenia-lauantaina\/#primaryimage"},"thumbnailUrl":"https:\/\/aktialiiga.fi\/naiset\/wp-content\/uploads\/sites\/6\/2013\/09\/AIFK_Damer-2013-H.jpg","datePublished":"2014-02-07T20:38:08+00:00","dateModified":"2024-08-28T15:30:37+00:00","breadcrumb":{"@id":"https:\/\/aktialiiga.fi\/naiset\/2013-2014\/ennakot-2013-2014\/aifk-emannoi-dickenia-lauantaina\/#breadcrumb"},"inLanguage":"fi","potentialAction":[{"@type":"ReadAction","target":["https:\/\/aktialiiga.fi\/naiset\/2013-2014\/ennakot-2013-2014\/aifk-emannoi-dickenia-lauantaina\/"]}]},{"@type":"ImageObject","inLanguage":"fi","@id":"https:\/\/aktialiiga.fi\/naiset\/2013-2014\/ennakot-2013-2014\/aifk-emannoi-dickenia-lauantaina\/#primaryimage","url":"https:\/\/aktialiiga.fi\/naiset\/wp-content\/uploads\/sites\/6\/2013\/09\/AIFK_Damer-2013-H.jpg","contentUrl":"https:\/\/aktialiiga.fi\/naiset\/wp-content\/uploads\/sites\/6\/2013\/09\/AIFK_Damer-2013-H.jpg","width":2314,"height":1785,"caption":"\u00c5IFK:n naisten edustusjoukkue 2013-2014"},{"@type":"BreadcrumbList","@id":"https:\/\/aktialiiga.fi\/naiset\/2013-2014\/ennakot-2013-2014\/aifk-emannoi-dickenia-lauantaina\/#breadcrumb","itemListElement":[{"@type":"ListItem","position":1,"name":"Etusivu","item":"https:\/\/aktialiiga.fi\/naiset\/"},{"@type":"ListItem","position":2,"name":"\u00c5IFK em\u00e4nn\u00f6i Dickeni\u00e4 lauantaina"}]},{"@type":"WebSite","@id":"https:\/\/aktialiiga.fi\/naiset\/#website","url":"https:\/\/aktialiiga.fi\/naiset\/","name":"K\u00e4sipallon naisten Aktialiiga","description":"Valtakunnan vauhdikkainta palloilua!","publisher":{"@id":"https:\/\/aktialiiga.fi\/naiset\/#organization"},"potentialAction":[{"@type":"SearchAction","target":{"@type":"EntryPoint","urlTemplate":"https:\/\/aktialiiga.fi\/naiset\/?s={search_term_string}"},"query-input":{"@type":"PropertyValueSpecification","valueRequired":true,"valueName":"search_term_string"}}],"inLanguage":"fi"},{"@type":"Organization","@id":"https:\/\/aktialiiga.fi\/naiset\/#organization","name":"K\u00e4sipallon naisten Aktialiiga","url":"https:\/\/aktialiiga.fi\/naiset\/","logo":{"@type":"ImageObject","inLanguage":"fi","@id":"https:\/\/aktialiiga.fi\/naiset\/#\/schema\/logo\/image\/","url":"https:\/\/aktialiiga.fi\/naiset\/wp-content\/uploads\/sites\/6\/2024\/09\/Aktialiiga-Yoast-512.png","contentUrl":"https:\/\/aktialiiga.fi\/naiset\/wp-content\/uploads\/sites\/6\/2024\/09\/Aktialiiga-Yoast-512.png","width":512,"height":512,"caption":"K\u00e4sipallon naisten Aktialiiga"},"image":{"@id":"https:\/\/aktialiiga.fi\/naiset\/#\/schema\/logo\/image\/"},"sameAs":["https:\/\/www.facebook.com\/finnhandball","https:\/\/x.com\/finnhandball","https:\/\/www.instagram.com\/handballfinland\/"]},{"@type":"Person","@id":"https:\/\/aktialiiga.fi\/naiset\/#\/schema\/person\/c14bf42f47041db74603c45afcb18d87","name":"tbrmedia","image":{"@type":"ImageObject","inLanguage":"fi","@id":"https:\/\/secure.gravatar.com\/avatar\/ee975fa091fe581d12b60debb3439022686618368a7c142044c56724d4666b16?s=96&d=mm&r=g","url":"https:\/\/secure.gravatar.com\/avatar\/ee975fa091fe581d12b60debb3439022686618368a7c142044c56724d4666b16?s=96&d=mm&r=g","contentUrl":"https:\/\/secure.gravatar.com\/avatar\/ee975fa091fe581d12b60debb3439022686618368a7c142044c56724d4666b16?s=96&d=mm&r=g","caption":"tbrmedia"}}]}},"jetpack_featured_media_url":"https:\/\/aktialiiga.fi\/naiset\/wp-content\/uploads\/sites\/6\/2013\/09\/AIFK_Damer-2013-H.jpg","jetpack_sharing_enabled":true,"jetpack_shortlink":"https:\/\/wp.me\/pfYhm6-1aF","_links":{"self":[{"href":"https:\/\/aktialiiga.fi\/naiset\/wp-json\/wp\/v2\/posts\/4505","targetHints":{"allow":["GET"]}}],"collection":[{"href":"https:\/\/aktialiiga.fi\/naiset\/wp-json\/wp\/v2\/posts"}],"about":[{"href":"https:\/\/aktialiiga.fi\/naiset\/wp-json\/wp\/v2\/types\/post"}],"author":[{"embeddable":true,"href":"https:\/\/aktialiiga.fi\/naiset\/wp-json\/wp\/v2\/users\/13"}],"replies":[{"embeddable":true,"href":"https:\/\/aktialiiga.fi\/naiset\/wp-json\/wp\/v2\/comments?post=4505"}],"version-history":[{"count":1,"href":"https:\/\/aktialiiga.fi\/naiset\/wp-json\/wp\/v2\/posts\/4505\/revisions"}],"predecessor-version":[{"id":39483,"href":"https:\/\/aktialiiga.fi\/naiset\/wp-json\/wp\/v2\/posts\/4505\/revisions\/39483"}],"wp:featuredmedia":[{"embeddable":true,"href":"https:\/\/aktialiiga.fi\/naiset\/wp-json\/wp\/v2\/media\/4254"}],"wp:attachment":[{"href":"https:\/\/aktialiiga.fi\/naiset\/wp-json\/wp\/v2\/media?parent=4505"}],"wp:term":[{"taxonomy":"category","embeddable":true,"href":"https:\/\/aktialiiga.fi\/naiset\/wp-json\/wp\/v2\/categories?post=4505"},{"taxonomy":"post_tag","embeddable":true,"href":"https:\/\/aktialiiga.fi\/naiset\/wp-json\/wp\/v2\/tags?post=4505"}],"curies":[{"name":"wp","href":"https:\/\/api.w.org\/{rel}","templated":true}]}}