{"id":4533,"date":"2014-02-15T20:58:13","date_gmt":"2014-02-15T18:58:13","guid":{"rendered":"https:\/\/www.finnhandball.net\/nsm\/?p=4533"},"modified":"2024-08-28T18:30:36","modified_gmt":"2024-08-28T15:30:36","slug":"bk-46-nousi-voittoon-aifksta-2","status":"publish","type":"post","link":"https:\/\/aktialiiga.fi\/naiset\/2013-2014\/ottelut-2013-2014\/bk-46-nousi-voittoon-aifksta-2\/","title":{"rendered":"BK-46 nousi voittoon \u00c5IFK:sta"},"content":{"rendered":"<p>\u00c5IFK piti BK-46:tta pitk\u00e4\u00e4n pinteess\u00e4 lauantaina Karjaan Sisu Arenalla pelatussa SM-sarjan ottelussa, mutta kotijoukkue puristi toisella 30-minuuttisella v\u00e4kisin ohi ja voittoon. Loppunumerot kirjattiin BK-46:n hyv\u00e4ksi lukemin 24-19.<!--more--><\/p>\n<p>Tasaisen alun j\u00e4lkeen \u00c5IFK sai hienoisen yliotteen pelist\u00e4 ja johti parhaimmillaan jo viidell\u00e4 maalilla. Taukonumerotkin kirjattiin viel\u00e4 turkulaisille lukemin 13-15.<\/p>\n<p>Toinen er\u00e4 oli sitten eritt\u00e4in tarkkaa peli\u00e4 ja maaleja n\u00e4htiin harvakseltaan, kaikkineenkin vain 15 kappaletta. Kun vieraiden maalinteko tyrehtyi k\u00e4yt\u00e4nn\u00f6ss\u00e4 t\u00e4ysin, p\u00e4\u00e4si BK v\u00e4h\u00e4 v\u00e4h\u00e4lt\u00e4 ensi tasoihin ja lopulta karkumatkalle, joka piti loppuun saakka.<\/p>\n<p>BK-46:n valmentajan Gustaf Ahlroosin oli lopulta helppo hymyill\u00e4 pelin l\u00f6ydetty\u00e4 uomansa.<\/p>\n<p>&#8211; Toinen puoliaika oli meilt\u00e4 eritt\u00e4in hyv\u00e4, puolustus toimi hyvin. Ottelun alku oli meille vaikea, ehk\u00e4 noustiin liikaa puolustuksessa. Toisella jaksolla pysyttiin alhaalla kuudessa metriss\u00e4, Ahlroos kiitteli.<\/p>\n<p>Ottelun vakuuttavimman pelaajan tittelin vei BK-maalivahti Sara Pollesello.<\/p>\n<p>&#8211; Ensimm\u00e4isen jakson haluaisin unohtaa saman tien. Olen iloinen siit\u00e4 ett\u00e4 pelattiin itsemme voittoon toisella jaksolla hyv\u00e4n puolustusty\u00f6n ansiosta.<\/p>\n<p>\u00c5IFK:n valmentaja Ulf Andersson joutui j\u00e4lleen kerran todistamaan johtoaseman katoamista k\u00e4sist\u00e4.<\/p>\n<p>&#8211; Meilt\u00e4 hyv\u00e4 ensimm\u00e4inen jakso. Toisella jasolla me emme pystyneet samaa laadullista peli\u00e4 yll\u00e4. Kuusi vastaan kuusi peliss\u00e4 olemme yksinkertaisesti liian hentoja t\u00e4ss\u00e4 sarjassa, Andersson manasi.<\/p>\n<p><strong>BK-46 \u2013 \u00c5IFK 24\u201319 (13\u201315)<\/strong><\/p>\n<p><em>Yleis\u00f6m\u00e4\u00e4r\u00e4<\/em>: 120<\/p>\n<p><strong>Maalintekij\u00e4t<\/strong>:<br \/>\nBK-46: Sofia Silen 1, Yvonne Westerholm 8, Heidi Sj\u00f6berg 1, Josefin Aaltonen 7, Elin Sj\u00f6lund 7<br \/>\n\u00c5IFK: Anna Harri 4, Matilda B\u00e4cklund 3, Sofia Forss 2, Moa Martin 3, Fredrika Lagerbohm 4, Heidi Kullberg 2, Julia Symes 1.<\/p>\n<p><strong>Ottelun L\u00e4hiTapiola-t\u00e4hdet<\/strong>:<br \/>\n3 Sara Pollesello (BK-46)<br \/>\n2 Elin Sj\u00f6lund (BK-46)<br \/>\n1 Anna Harri (\u00c5IFK).<\/p>\n","protected":false},"excerpt":{"rendered":"<p>\u00c5IFK piti BK-46:tta pitk\u00e4\u00e4n pinteess\u00e4 lauantaina Karjaan Sisu Arenalla pelatussa SM-sarjan ottelussa, mutta kotijoukkue puristi toisella 30-minuuttisella v\u00e4kisin ohi ja voittoon. Loppunumerot kirjattiin BK-46:n hyv\u00e4ksi lukemin 24-19.<\/p>\n","protected":false},"author":13,"featured_media":4496,"comment_status":"closed","ping_status":"closed","sticky":false,"template":"","format":"standard","meta":{"_acf_changed":false,"jetpack_post_was_ever_published":false,"_jetpack_newsletter_access":"","_jetpack_dont_email_post_to_subs":false,"_jetpack_newsletter_tier_id":0,"_jetpack_memberships_contains_paywalled_content":false,"_jetpack_memberships_contains_paid_content":false,"footnotes":""},"categories":[18],"tags":[49,45],"class_list":["post-4533","post","type-post","status-publish","format-standard","has-post-thumbnail","hentry","category-ottelut-2013-2014","tag-bk-46","tag-aifk"],"acf":[],"yoast_head":"<!-- This site is optimized with the Yoast SEO plugin v27.5 - https:\/\/yoast.com\/product\/yoast-seo-wordpress\/ -->\n<title>BK-46 nousi voittoon \u00c5IFK:sta | K\u00e4sipallon naisten Aktialiiga<\/title>\n<meta name=\"robots\" content=\"index, follow, max-snippet:-1, max-image-preview:large, max-video-preview:-1\" \/>\n<link rel=\"canonical\" href=\"https:\/\/aktialiiga.fi\/naiset\/2013-2014\/ottelut-2013-2014\/bk-46-nousi-voittoon-aifksta-2\/\" \/>\n<meta property=\"og:locale\" content=\"fi_FI\" \/>\n<meta property=\"og:type\" content=\"article\" \/>\n<meta property=\"og:title\" content=\"BK-46 nousi voittoon \u00c5IFK:sta | K\u00e4sipallon naisten Aktialiiga\" \/>\n<meta property=\"og:description\" content=\"\u00c5IFK piti BK-46:tta pitk\u00e4\u00e4n pinteess\u00e4 lauantaina Karjaan Sisu Arenalla pelatussa SM-sarjan ottelussa, mutta kotijoukkue puristi toisella 30-minuuttisella v\u00e4kisin ohi ja voittoon. Loppunumerot kirjattiin BK-46:n hyv\u00e4ksi lukemin 24-19.\" \/>\n<meta property=\"og:url\" content=\"https:\/\/aktialiiga.fi\/naiset\/2013-2014\/ottelut-2013-2014\/bk-46-nousi-voittoon-aifksta-2\/\" \/>\n<meta property=\"og:site_name\" content=\"K\u00e4sipallon naisten Aktialiiga\" \/>\n<meta property=\"article:publisher\" content=\"https:\/\/www.facebook.com\/finnhandball\" \/>\n<meta property=\"article:published_time\" content=\"2014-02-15T18:58:13+00:00\" \/>\n<meta property=\"article:modified_time\" content=\"2024-08-28T15:30:36+00:00\" \/>\n<meta property=\"og:image\" content=\"https:\/\/aktialiiga.fi\/naiset\/wp-content\/uploads\/sites\/6\/2014\/02\/Kuvitus_pallo3.jpg\" \/>\n\t<meta property=\"og:image:width\" content=\"300\" \/>\n\t<meta property=\"og:image:height\" content=\"300\" \/>\n\t<meta property=\"og:image:type\" content=\"image\/jpeg\" \/>\n<meta name=\"author\" content=\"tbrmedia\" \/>\n<meta name=\"twitter:card\" content=\"summary_large_image\" \/>\n<meta name=\"twitter:creator\" content=\"@finnhandball\" \/>\n<meta name=\"twitter:site\" content=\"@finnhandball\" \/>\n<script type=\"application\/ld+json\" class=\"yoast-schema-graph\">{\"@context\":\"https:\\\/\\\/schema.org\",\"@graph\":[{\"@type\":\"Article\",\"@id\":\"https:\\\/\\\/aktialiiga.fi\\\/naiset\\\/2013-2014\\\/ottelut-2013-2014\\\/bk-46-nousi-voittoon-aifksta-2\\\/#article\",\"isPartOf\":{\"@id\":\"https:\\\/\\\/aktialiiga.fi\\\/naiset\\\/2013-2014\\\/ottelut-2013-2014\\\/bk-46-nousi-voittoon-aifksta-2\\\/\"},\"author\":{\"name\":\"tbrmedia\",\"@id\":\"https:\\\/\\\/aktialiiga.fi\\\/naiset\\\/#\\\/schema\\\/person\\\/c14bf42f47041db74603c45afcb18d87\"},\"headline\":\"BK-46 nousi voittoon \u00c5IFK:sta\",\"datePublished\":\"2014-02-15T18:58:13+00:00\",\"dateModified\":\"2024-08-28T15:30:36+00:00\",\"mainEntityOfPage\":{\"@id\":\"https:\\\/\\\/aktialiiga.fi\\\/naiset\\\/2013-2014\\\/ottelut-2013-2014\\\/bk-46-nousi-voittoon-aifksta-2\\\/\"},\"wordCount\":264,\"publisher\":{\"@id\":\"https:\\\/\\\/aktialiiga.fi\\\/naiset\\\/#organization\"},\"image\":{\"@id\":\"https:\\\/\\\/aktialiiga.fi\\\/naiset\\\/2013-2014\\\/ottelut-2013-2014\\\/bk-46-nousi-voittoon-aifksta-2\\\/#primaryimage\"},\"thumbnailUrl\":\"https:\\\/\\\/aktialiiga.fi\\\/naiset\\\/wp-content\\\/uploads\\\/sites\\\/6\\\/2014\\\/02\\\/Kuvitus_pallo3.jpg\",\"keywords\":[\"BK-46\",\"\u00c5IFK\"],\"articleSection\":[\"Ottelut\"],\"inLanguage\":\"fi\"},{\"@type\":\"WebPage\",\"@id\":\"https:\\\/\\\/aktialiiga.fi\\\/naiset\\\/2013-2014\\\/ottelut-2013-2014\\\/bk-46-nousi-voittoon-aifksta-2\\\/\",\"url\":\"https:\\\/\\\/aktialiiga.fi\\\/naiset\\\/2013-2014\\\/ottelut-2013-2014\\\/bk-46-nousi-voittoon-aifksta-2\\\/\",\"name\":\"BK-46 nousi voittoon \u00c5IFK:sta | K\u00e4sipallon naisten Aktialiiga\",\"isPartOf\":{\"@id\":\"https:\\\/\\\/aktialiiga.fi\\\/naiset\\\/#website\"},\"primaryImageOfPage\":{\"@id\":\"https:\\\/\\\/aktialiiga.fi\\\/naiset\\\/2013-2014\\\/ottelut-2013-2014\\\/bk-46-nousi-voittoon-aifksta-2\\\/#primaryimage\"},\"image\":{\"@id\":\"https:\\\/\\\/aktialiiga.fi\\\/naiset\\\/2013-2014\\\/ottelut-2013-2014\\\/bk-46-nousi-voittoon-aifksta-2\\\/#primaryimage\"},\"thumbnailUrl\":\"https:\\\/\\\/aktialiiga.fi\\\/naiset\\\/wp-content\\\/uploads\\\/sites\\\/6\\\/2014\\\/02\\\/Kuvitus_pallo3.jpg\",\"datePublished\":\"2014-02-15T18:58:13+00:00\",\"dateModified\":\"2024-08-28T15:30:36+00:00\",\"breadcrumb\":{\"@id\":\"https:\\\/\\\/aktialiiga.fi\\\/naiset\\\/2013-2014\\\/ottelut-2013-2014\\\/bk-46-nousi-voittoon-aifksta-2\\\/#breadcrumb\"},\"inLanguage\":\"fi\",\"potentialAction\":[{\"@type\":\"ReadAction\",\"target\":[\"https:\\\/\\\/aktialiiga.fi\\\/naiset\\\/2013-2014\\\/ottelut-2013-2014\\\/bk-46-nousi-voittoon-aifksta-2\\\/\"]}]},{\"@type\":\"ImageObject\",\"inLanguage\":\"fi\",\"@id\":\"https:\\\/\\\/aktialiiga.fi\\\/naiset\\\/2013-2014\\\/ottelut-2013-2014\\\/bk-46-nousi-voittoon-aifksta-2\\\/#primaryimage\",\"url\":\"https:\\\/\\\/aktialiiga.fi\\\/naiset\\\/wp-content\\\/uploads\\\/sites\\\/6\\\/2014\\\/02\\\/Kuvitus_pallo3.jpg\",\"contentUrl\":\"https:\\\/\\\/aktialiiga.fi\\\/naiset\\\/wp-content\\\/uploads\\\/sites\\\/6\\\/2014\\\/02\\\/Kuvitus_pallo3.jpg\",\"width\":300,\"height\":300,\"caption\":\"kuva: Juha Tamminen\"},{\"@type\":\"BreadcrumbList\",\"@id\":\"https:\\\/\\\/aktialiiga.fi\\\/naiset\\\/2013-2014\\\/ottelut-2013-2014\\\/bk-46-nousi-voittoon-aifksta-2\\\/#breadcrumb\",\"itemListElement\":[{\"@type\":\"ListItem\",\"position\":1,\"name\":\"Etusivu\",\"item\":\"https:\\\/\\\/aktialiiga.fi\\\/naiset\\\/\"},{\"@type\":\"ListItem\",\"position\":2,\"name\":\"BK-46 nousi voittoon \u00c5IFK:sta\"}]},{\"@type\":\"WebSite\",\"@id\":\"https:\\\/\\\/aktialiiga.fi\\\/naiset\\\/#website\",\"url\":\"https:\\\/\\\/aktialiiga.fi\\\/naiset\\\/\",\"name\":\"K\u00e4sipallon naisten Aktialiiga\",\"description\":\"Valtakunnan vauhdikkainta palloilua!\",\"publisher\":{\"@id\":\"https:\\\/\\\/aktialiiga.fi\\\/naiset\\\/#organization\"},\"potentialAction\":[{\"@type\":\"SearchAction\",\"target\":{\"@type\":\"EntryPoint\",\"urlTemplate\":\"https:\\\/\\\/aktialiiga.fi\\\/naiset\\\/?s={search_term_string}\"},\"query-input\":{\"@type\":\"PropertyValueSpecification\",\"valueRequired\":true,\"valueName\":\"search_term_string\"}}],\"inLanguage\":\"fi\"},{\"@type\":\"Organization\",\"@id\":\"https:\\\/\\\/aktialiiga.fi\\\/naiset\\\/#organization\",\"name\":\"K\u00e4sipallon naisten Aktialiiga\",\"url\":\"https:\\\/\\\/aktialiiga.fi\\\/naiset\\\/\",\"logo\":{\"@type\":\"ImageObject\",\"inLanguage\":\"fi\",\"@id\":\"https:\\\/\\\/aktialiiga.fi\\\/naiset\\\/#\\\/schema\\\/logo\\\/image\\\/\",\"url\":\"https:\\\/\\\/aktialiiga.fi\\\/naiset\\\/wp-content\\\/uploads\\\/sites\\\/6\\\/2024\\\/09\\\/Aktialiiga-Yoast-512.png\",\"contentUrl\":\"https:\\\/\\\/aktialiiga.fi\\\/naiset\\\/wp-content\\\/uploads\\\/sites\\\/6\\\/2024\\\/09\\\/Aktialiiga-Yoast-512.png\",\"width\":512,\"height\":512,\"caption\":\"K\u00e4sipallon naisten Aktialiiga\"},\"image\":{\"@id\":\"https:\\\/\\\/aktialiiga.fi\\\/naiset\\\/#\\\/schema\\\/logo\\\/image\\\/\"},\"sameAs\":[\"https:\\\/\\\/www.facebook.com\\\/finnhandball\",\"https:\\\/\\\/x.com\\\/finnhandball\",\"https:\\\/\\\/www.instagram.com\\\/handballfinland\\\/\"]},{\"@type\":\"Person\",\"@id\":\"https:\\\/\\\/aktialiiga.fi\\\/naiset\\\/#\\\/schema\\\/person\\\/c14bf42f47041db74603c45afcb18d87\",\"name\":\"tbrmedia\",\"image\":{\"@type\":\"ImageObject\",\"inLanguage\":\"fi\",\"@id\":\"https:\\\/\\\/secure.gravatar.com\\\/avatar\\\/ee975fa091fe581d12b60debb3439022686618368a7c142044c56724d4666b16?s=96&d=mm&r=g\",\"url\":\"https:\\\/\\\/secure.gravatar.com\\\/avatar\\\/ee975fa091fe581d12b60debb3439022686618368a7c142044c56724d4666b16?s=96&d=mm&r=g\",\"contentUrl\":\"https:\\\/\\\/secure.gravatar.com\\\/avatar\\\/ee975fa091fe581d12b60debb3439022686618368a7c142044c56724d4666b16?s=96&d=mm&r=g\",\"caption\":\"tbrmedia\"}}]}<\/script>\n<!-- \/ Yoast SEO plugin. -->","yoast_head_json":{"title":"BK-46 nousi voittoon \u00c5IFK:sta | K\u00e4sipallon naisten Aktialiiga","robots":{"index":"index","follow":"follow","max-snippet":"max-snippet:-1","max-image-preview":"max-image-preview:large","max-video-preview":"max-video-preview:-1"},"canonical":"https:\/\/aktialiiga.fi\/naiset\/2013-2014\/ottelut-2013-2014\/bk-46-nousi-voittoon-aifksta-2\/","og_locale":"fi_FI","og_type":"article","og_title":"BK-46 nousi voittoon \u00c5IFK:sta | K\u00e4sipallon naisten Aktialiiga","og_description":"\u00c5IFK piti BK-46:tta pitk\u00e4\u00e4n pinteess\u00e4 lauantaina Karjaan Sisu Arenalla pelatussa SM-sarjan ottelussa, mutta kotijoukkue puristi toisella 30-minuuttisella v\u00e4kisin ohi ja voittoon. Loppunumerot kirjattiin BK-46:n hyv\u00e4ksi lukemin 24-19.","og_url":"https:\/\/aktialiiga.fi\/naiset\/2013-2014\/ottelut-2013-2014\/bk-46-nousi-voittoon-aifksta-2\/","og_site_name":"K\u00e4sipallon naisten Aktialiiga","article_publisher":"https:\/\/www.facebook.com\/finnhandball","article_published_time":"2014-02-15T18:58:13+00:00","article_modified_time":"2024-08-28T15:30:36+00:00","og_image":[{"width":300,"height":300,"url":"https:\/\/aktialiiga.fi\/naiset\/wp-content\/uploads\/sites\/6\/2014\/02\/Kuvitus_pallo3.jpg","type":"image\/jpeg"}],"author":"tbrmedia","twitter_card":"summary_large_image","twitter_creator":"@finnhandball","twitter_site":"@finnhandball","schema":{"@context":"https:\/\/schema.org","@graph":[{"@type":"Article","@id":"https:\/\/aktialiiga.fi\/naiset\/2013-2014\/ottelut-2013-2014\/bk-46-nousi-voittoon-aifksta-2\/#article","isPartOf":{"@id":"https:\/\/aktialiiga.fi\/naiset\/2013-2014\/ottelut-2013-2014\/bk-46-nousi-voittoon-aifksta-2\/"},"author":{"name":"tbrmedia","@id":"https:\/\/aktialiiga.fi\/naiset\/#\/schema\/person\/c14bf42f47041db74603c45afcb18d87"},"headline":"BK-46 nousi voittoon \u00c5IFK:sta","datePublished":"2014-02-15T18:58:13+00:00","dateModified":"2024-08-28T15:30:36+00:00","mainEntityOfPage":{"@id":"https:\/\/aktialiiga.fi\/naiset\/2013-2014\/ottelut-2013-2014\/bk-46-nousi-voittoon-aifksta-2\/"},"wordCount":264,"publisher":{"@id":"https:\/\/aktialiiga.fi\/naiset\/#organization"},"image":{"@id":"https:\/\/aktialiiga.fi\/naiset\/2013-2014\/ottelut-2013-2014\/bk-46-nousi-voittoon-aifksta-2\/#primaryimage"},"thumbnailUrl":"https:\/\/aktialiiga.fi\/naiset\/wp-content\/uploads\/sites\/6\/2014\/02\/Kuvitus_pallo3.jpg","keywords":["BK-46","\u00c5IFK"],"articleSection":["Ottelut"],"inLanguage":"fi"},{"@type":"WebPage","@id":"https:\/\/aktialiiga.fi\/naiset\/2013-2014\/ottelut-2013-2014\/bk-46-nousi-voittoon-aifksta-2\/","url":"https:\/\/aktialiiga.fi\/naiset\/2013-2014\/ottelut-2013-2014\/bk-46-nousi-voittoon-aifksta-2\/","name":"BK-46 nousi voittoon \u00c5IFK:sta | K\u00e4sipallon naisten Aktialiiga","isPartOf":{"@id":"https:\/\/aktialiiga.fi\/naiset\/#website"},"primaryImageOfPage":{"@id":"https:\/\/aktialiiga.fi\/naiset\/2013-2014\/ottelut-2013-2014\/bk-46-nousi-voittoon-aifksta-2\/#primaryimage"},"image":{"@id":"https:\/\/aktialiiga.fi\/naiset\/2013-2014\/ottelut-2013-2014\/bk-46-nousi-voittoon-aifksta-2\/#primaryimage"},"thumbnailUrl":"https:\/\/aktialiiga.fi\/naiset\/wp-content\/uploads\/sites\/6\/2014\/02\/Kuvitus_pallo3.jpg","datePublished":"2014-02-15T18:58:13+00:00","dateModified":"2024-08-28T15:30:36+00:00","breadcrumb":{"@id":"https:\/\/aktialiiga.fi\/naiset\/2013-2014\/ottelut-2013-2014\/bk-46-nousi-voittoon-aifksta-2\/#breadcrumb"},"inLanguage":"fi","potentialAction":[{"@type":"ReadAction","target":["https:\/\/aktialiiga.fi\/naiset\/2013-2014\/ottelut-2013-2014\/bk-46-nousi-voittoon-aifksta-2\/"]}]},{"@type":"ImageObject","inLanguage":"fi","@id":"https:\/\/aktialiiga.fi\/naiset\/2013-2014\/ottelut-2013-2014\/bk-46-nousi-voittoon-aifksta-2\/#primaryimage","url":"https:\/\/aktialiiga.fi\/naiset\/wp-content\/uploads\/sites\/6\/2014\/02\/Kuvitus_pallo3.jpg","contentUrl":"https:\/\/aktialiiga.fi\/naiset\/wp-content\/uploads\/sites\/6\/2014\/02\/Kuvitus_pallo3.jpg","width":300,"height":300,"caption":"kuva: Juha Tamminen"},{"@type":"BreadcrumbList","@id":"https:\/\/aktialiiga.fi\/naiset\/2013-2014\/ottelut-2013-2014\/bk-46-nousi-voittoon-aifksta-2\/#breadcrumb","itemListElement":[{"@type":"ListItem","position":1,"name":"Etusivu","item":"https:\/\/aktialiiga.fi\/naiset\/"},{"@type":"ListItem","position":2,"name":"BK-46 nousi voittoon \u00c5IFK:sta"}]},{"@type":"WebSite","@id":"https:\/\/aktialiiga.fi\/naiset\/#website","url":"https:\/\/aktialiiga.fi\/naiset\/","name":"K\u00e4sipallon naisten Aktialiiga","description":"Valtakunnan vauhdikkainta palloilua!","publisher":{"@id":"https:\/\/aktialiiga.fi\/naiset\/#organization"},"potentialAction":[{"@type":"SearchAction","target":{"@type":"EntryPoint","urlTemplate":"https:\/\/aktialiiga.fi\/naiset\/?s={search_term_string}"},"query-input":{"@type":"PropertyValueSpecification","valueRequired":true,"valueName":"search_term_string"}}],"inLanguage":"fi"},{"@type":"Organization","@id":"https:\/\/aktialiiga.fi\/naiset\/#organization","name":"K\u00e4sipallon naisten Aktialiiga","url":"https:\/\/aktialiiga.fi\/naiset\/","logo":{"@type":"ImageObject","inLanguage":"fi","@id":"https:\/\/aktialiiga.fi\/naiset\/#\/schema\/logo\/image\/","url":"https:\/\/aktialiiga.fi\/naiset\/wp-content\/uploads\/sites\/6\/2024\/09\/Aktialiiga-Yoast-512.png","contentUrl":"https:\/\/aktialiiga.fi\/naiset\/wp-content\/uploads\/sites\/6\/2024\/09\/Aktialiiga-Yoast-512.png","width":512,"height":512,"caption":"K\u00e4sipallon naisten Aktialiiga"},"image":{"@id":"https:\/\/aktialiiga.fi\/naiset\/#\/schema\/logo\/image\/"},"sameAs":["https:\/\/www.facebook.com\/finnhandball","https:\/\/x.com\/finnhandball","https:\/\/www.instagram.com\/handballfinland\/"]},{"@type":"Person","@id":"https:\/\/aktialiiga.fi\/naiset\/#\/schema\/person\/c14bf42f47041db74603c45afcb18d87","name":"tbrmedia","image":{"@type":"ImageObject","inLanguage":"fi","@id":"https:\/\/secure.gravatar.com\/avatar\/ee975fa091fe581d12b60debb3439022686618368a7c142044c56724d4666b16?s=96&d=mm&r=g","url":"https:\/\/secure.gravatar.com\/avatar\/ee975fa091fe581d12b60debb3439022686618368a7c142044c56724d4666b16?s=96&d=mm&r=g","contentUrl":"https:\/\/secure.gravatar.com\/avatar\/ee975fa091fe581d12b60debb3439022686618368a7c142044c56724d4666b16?s=96&d=mm&r=g","caption":"tbrmedia"}}]}},"jetpack_featured_media_url":"https:\/\/aktialiiga.fi\/naiset\/wp-content\/uploads\/sites\/6\/2014\/02\/Kuvitus_pallo3.jpg","jetpack_sharing_enabled":true,"jetpack_shortlink":"https:\/\/wp.me\/pfYhm6-1b7","_links":{"self":[{"href":"https:\/\/aktialiiga.fi\/naiset\/wp-json\/wp\/v2\/posts\/4533","targetHints":{"allow":["GET"]}}],"collection":[{"href":"https:\/\/aktialiiga.fi\/naiset\/wp-json\/wp\/v2\/posts"}],"about":[{"href":"https:\/\/aktialiiga.fi\/naiset\/wp-json\/wp\/v2\/types\/post"}],"author":[{"embeddable":true,"href":"https:\/\/aktialiiga.fi\/naiset\/wp-json\/wp\/v2\/users\/13"}],"replies":[{"embeddable":true,"href":"https:\/\/aktialiiga.fi\/naiset\/wp-json\/wp\/v2\/comments?post=4533"}],"version-history":[{"count":1,"href":"https:\/\/aktialiiga.fi\/naiset\/wp-json\/wp\/v2\/posts\/4533\/revisions"}],"predecessor-version":[{"id":39474,"href":"https:\/\/aktialiiga.fi\/naiset\/wp-json\/wp\/v2\/posts\/4533\/revisions\/39474"}],"wp:featuredmedia":[{"embeddable":true,"href":"https:\/\/aktialiiga.fi\/naiset\/wp-json\/wp\/v2\/media\/4496"}],"wp:attachment":[{"href":"https:\/\/aktialiiga.fi\/naiset\/wp-json\/wp\/v2\/media?parent=4533"}],"wp:term":[{"taxonomy":"category","embeddable":true,"href":"https:\/\/aktialiiga.fi\/naiset\/wp-json\/wp\/v2\/categories?post=4533"},{"taxonomy":"post_tag","embeddable":true,"href":"https:\/\/aktialiiga.fi\/naiset\/wp-json\/wp\/v2\/tags?post=4533"}],"curies":[{"name":"wp","href":"https:\/\/api.w.org\/{rel}","templated":true}]}}