{"id":4547,"date":"2014-02-21T10:08:07","date_gmt":"2014-02-21T08:08:07","guid":{"rendered":"https:\/\/www.finnhandball.net\/nsm\/?p=4547"},"modified":"2024-08-28T18:30:36","modified_gmt":"2024-08-28T15:30:36","slug":"kuuma-karkikamppailu-hifk-dicken-lauantaina","status":"publish","type":"post","link":"https:\/\/aktialiiga.fi\/naiset\/2013-2014\/ennakot-2013-2014\/kuuma-karkikamppailu-hifk-dicken-lauantaina\/","title":{"rendered":"Kuuma k\u00e4rkikamppailu HIFK-Dicken lauantaina"},"content":{"rendered":"<p>SM-sarjan k\u00e4rkip\u00e4\u00e4n j\u00e4rjestyst\u00e4 laitetaan toden teolla kuosiinsa runkosarjan osalta, kun k\u00e4rkikaksikko HIFK ja Dicken iskev\u00e4t yhteen lauantaina viikonlopun ainoassa ottelussa. Sarjataulukossa joukkueita erottaa vain kaksi pistett\u00e4 HIFK:n hyv\u00e4ksi, tosin Dicken on pelannut ottelun em\u00e4nti\u00e4\u00e4n enemm\u00e4n.<!--more--><\/p>\n<p>Joukkueet kohtasivat lyhyen ajan sis\u00e4ll\u00e4 marras-joulukuussa per\u00e4ti kolmesti. Cupin tulikivenkatkuinen v\u00e4lier\u00e4 jouduttiin ensin uusimaan ja pian per\u00e4\u00e4n edess\u00e4 oli kohtaaminen SM-sarjassa. Pirkkolassa pelatussa kamppailussa HIFK oli niukasti vahvempi loppunumeroiden ollessa 28-31. Viel\u00e4 tauolla tilanne oli tuolloin tasan 15-15.<\/p>\n<p>HIFK on edennyt voitosta voittoon l\u00e4pi koko kauden ja Dicken on my\u00f6s kirjannut pelkki\u00e4 voittoja tuon HIFK-tappion j\u00e4lkeen. Kuluvan vuoden puolella Dicken on parin murskavoiton ohella ollut pariin otteeseen suhteellisen tiukallakin, kun HIFK ei vuoden alkajaisiksi Spartasta haetun 38-29-voiton j\u00e4lkeen ole j\u00e4\u00e4nyt kertaakaan alle kymmenen maalin voittomarginaalin. Viimeksi kaatui SIF murskaluvuin 41-16.<\/p>\n<p>Kent\u00e4ll\u00e4 n\u00e4hd\u00e4\u00e4n my\u00f6s runsaasti tulivoimaa molemmissa joukkueissa. HIFK:n Linda Cainberg ja Dickenin Anna Lindholm ovat jo puhkaisseet sadan maalin rajan t\u00e4ll\u00e4 kaudella. Hyv\u00e4\u00e4 tukea Cainberg saa ennen kaikkea Kathlen Axilta (77 maalia) ja Lindholm edellisess\u00e4 kohtaamisessa kent\u00e4n korkeimman maalim\u00e4\u00e4r\u00e4n &#8211; kahdeksan &#8211; heitt\u00e4neelt\u00e4 Anna Lindahlilta (90 maalia).<\/p>\n<p>Dicken esittelee todenn\u00e4k\u00f6isesti ottelussa my\u00f6s uuden pelaajan, sill\u00e4 Portugalin maajoukkueen viivapelaaja Adriana Lage liittyi joukkueen riveihin alkuviikolla. Nelj\u00e4n kuukauden ajan Suomessa opiskeleva 21-vuotias Lage on seuran verkkosivujen mukaan jo muutaman treenin sis\u00e4ll\u00e4 sopeutunut hyvin ryhm\u00e4\u00e4n ja ymm\u00e4rt\u00e4\u00e4 hyvin treenien sis\u00e4ll\u00f6n sek\u00e4 pysyy pelivauhdissa mukana.<\/p>\n<p>Tiedossa on kotimaista naisten k\u00e4sipalloilua parhaimmillaan ja huippuottelun lis\u00e4ksi lauantaina p\u00e4\u00e4see tukemaan hyv\u00e4\u00e4 tarkoitusta, sill\u00e4 HIFK <a title=\"HIFK lahjoittaa SM-sarjan k\u00e4rkikamppailun lipputulot Uudelle Lastensairaalalle\" href=\"https:\/\/www.finnhandball.net\/nsm\/ajankohtaista\/hifk-lahjoittaa-sm-sarjan-karkikamppailun-lipputulot-uudelle-lastensairaalalle\/\">lahjoittaa<\/a> ottelun p\u00e4\u00e4sylipputulot kokonaisuudessaan Uuden Lastensairaalan hyv\u00e4ksi.<\/p>\n<p>Ottelu Helsingin Urheilutalolla alkaa lauantaina kello 15.30.<\/p>\n","protected":false},"excerpt":{"rendered":"<p>SM-sarjan k\u00e4rkip\u00e4\u00e4n j\u00e4rjestyst\u00e4 laitetaan toden teolla kuosiinsa runkosarjan osalta, kun k\u00e4rkikaksikko HIFK ja Dicken iskev\u00e4t yhteen lauantaina viikonlopun ainoassa ottelussa. Sarjataulukossa joukkueita erottaa vain kaksi pistett\u00e4 HIFK:n hyv\u00e4ksi, tosin Dicken on pelannut ottelun em\u00e4nti\u00e4\u00e4n enemm\u00e4n.<\/p>\n","protected":false},"author":13,"featured_media":4548,"comment_status":"closed","ping_status":"closed","sticky":false,"template":"","format":"standard","meta":{"_acf_changed":false,"jetpack_post_was_ever_published":false,"_jetpack_newsletter_access":"","_jetpack_dont_email_post_to_subs":false,"_jetpack_newsletter_tier_id":0,"_jetpack_memberships_contains_paywalled_content":false,"_jetpack_memberships_contains_paid_content":false,"footnotes":""},"categories":[35],"tags":[51,61],"class_list":["post-4547","post","type-post","status-publish","format-standard","has-post-thumbnail","hentry","category-ennakot-2013-2014","tag-dicken","tag-hifk"],"acf":[],"yoast_head":"<!-- This site is optimized with the Yoast SEO plugin v27.5 - https:\/\/yoast.com\/product\/yoast-seo-wordpress\/ -->\n<title>Kuuma k\u00e4rkikamppailu HIFK-Dicken lauantaina | K\u00e4sipallon naisten Aktialiiga<\/title>\n<meta name=\"robots\" content=\"index, follow, max-snippet:-1, max-image-preview:large, max-video-preview:-1\" \/>\n<link rel=\"canonical\" href=\"https:\/\/aktialiiga.fi\/naiset\/2013-2014\/ennakot-2013-2014\/kuuma-karkikamppailu-hifk-dicken-lauantaina\/\" \/>\n<meta property=\"og:locale\" content=\"fi_FI\" \/>\n<meta property=\"og:type\" content=\"article\" \/>\n<meta property=\"og:title\" content=\"Kuuma k\u00e4rkikamppailu HIFK-Dicken lauantaina | K\u00e4sipallon naisten Aktialiiga\" \/>\n<meta property=\"og:description\" content=\"SM-sarjan k\u00e4rkip\u00e4\u00e4n j\u00e4rjestyst\u00e4 laitetaan toden teolla kuosiinsa runkosarjan osalta, kun k\u00e4rkikaksikko HIFK ja Dicken iskev\u00e4t yhteen lauantaina viikonlopun ainoassa ottelussa. Sarjataulukossa joukkueita erottaa vain kaksi pistett\u00e4 HIFK:n hyv\u00e4ksi, tosin Dicken on pelannut ottelun em\u00e4nti\u00e4\u00e4n enemm\u00e4n.\" \/>\n<meta property=\"og:url\" content=\"https:\/\/aktialiiga.fi\/naiset\/2013-2014\/ennakot-2013-2014\/kuuma-karkikamppailu-hifk-dicken-lauantaina\/\" \/>\n<meta property=\"og:site_name\" content=\"K\u00e4sipallon naisten Aktialiiga\" \/>\n<meta property=\"article:publisher\" content=\"https:\/\/www.facebook.com\/finnhandball\" \/>\n<meta property=\"article:published_time\" content=\"2014-02-21T08:08:07+00:00\" \/>\n<meta property=\"article:modified_time\" content=\"2024-08-28T15:30:36+00:00\" \/>\n<meta property=\"og:image\" content=\"https:\/\/aktialiiga.fi\/naiset\/wp-content\/uploads\/sites\/6\/2014\/02\/Pallo_4.jpg\" \/>\n\t<meta property=\"og:image:width\" content=\"300\" \/>\n\t<meta property=\"og:image:height\" content=\"300\" \/>\n\t<meta property=\"og:image:type\" content=\"image\/jpeg\" \/>\n<meta name=\"author\" content=\"tbrmedia\" \/>\n<meta name=\"twitter:card\" content=\"summary_large_image\" \/>\n<meta name=\"twitter:creator\" content=\"@finnhandball\" \/>\n<meta name=\"twitter:site\" content=\"@finnhandball\" \/>\n<script type=\"application\/ld+json\" class=\"yoast-schema-graph\">{\"@context\":\"https:\\\/\\\/schema.org\",\"@graph\":[{\"@type\":\"Article\",\"@id\":\"https:\\\/\\\/aktialiiga.fi\\\/naiset\\\/2013-2014\\\/ennakot-2013-2014\\\/kuuma-karkikamppailu-hifk-dicken-lauantaina\\\/#article\",\"isPartOf\":{\"@id\":\"https:\\\/\\\/aktialiiga.fi\\\/naiset\\\/2013-2014\\\/ennakot-2013-2014\\\/kuuma-karkikamppailu-hifk-dicken-lauantaina\\\/\"},\"author\":{\"name\":\"tbrmedia\",\"@id\":\"https:\\\/\\\/aktialiiga.fi\\\/naiset\\\/#\\\/schema\\\/person\\\/c14bf42f47041db74603c45afcb18d87\"},\"headline\":\"Kuuma k\u00e4rkikamppailu HIFK-Dicken lauantaina\",\"datePublished\":\"2014-02-21T08:08:07+00:00\",\"dateModified\":\"2024-08-28T15:30:36+00:00\",\"mainEntityOfPage\":{\"@id\":\"https:\\\/\\\/aktialiiga.fi\\\/naiset\\\/2013-2014\\\/ennakot-2013-2014\\\/kuuma-karkikamppailu-hifk-dicken-lauantaina\\\/\"},\"wordCount\":292,\"publisher\":{\"@id\":\"https:\\\/\\\/aktialiiga.fi\\\/naiset\\\/#organization\"},\"image\":{\"@id\":\"https:\\\/\\\/aktialiiga.fi\\\/naiset\\\/2013-2014\\\/ennakot-2013-2014\\\/kuuma-karkikamppailu-hifk-dicken-lauantaina\\\/#primaryimage\"},\"thumbnailUrl\":\"https:\\\/\\\/aktialiiga.fi\\\/naiset\\\/wp-content\\\/uploads\\\/sites\\\/6\\\/2014\\\/02\\\/Pallo_4.jpg\",\"keywords\":[\"Dicken\",\"HIFK\"],\"articleSection\":[\"Ennakot\"],\"inLanguage\":\"fi\"},{\"@type\":\"WebPage\",\"@id\":\"https:\\\/\\\/aktialiiga.fi\\\/naiset\\\/2013-2014\\\/ennakot-2013-2014\\\/kuuma-karkikamppailu-hifk-dicken-lauantaina\\\/\",\"url\":\"https:\\\/\\\/aktialiiga.fi\\\/naiset\\\/2013-2014\\\/ennakot-2013-2014\\\/kuuma-karkikamppailu-hifk-dicken-lauantaina\\\/\",\"name\":\"Kuuma k\u00e4rkikamppailu HIFK-Dicken lauantaina | K\u00e4sipallon naisten Aktialiiga\",\"isPartOf\":{\"@id\":\"https:\\\/\\\/aktialiiga.fi\\\/naiset\\\/#website\"},\"primaryImageOfPage\":{\"@id\":\"https:\\\/\\\/aktialiiga.fi\\\/naiset\\\/2013-2014\\\/ennakot-2013-2014\\\/kuuma-karkikamppailu-hifk-dicken-lauantaina\\\/#primaryimage\"},\"image\":{\"@id\":\"https:\\\/\\\/aktialiiga.fi\\\/naiset\\\/2013-2014\\\/ennakot-2013-2014\\\/kuuma-karkikamppailu-hifk-dicken-lauantaina\\\/#primaryimage\"},\"thumbnailUrl\":\"https:\\\/\\\/aktialiiga.fi\\\/naiset\\\/wp-content\\\/uploads\\\/sites\\\/6\\\/2014\\\/02\\\/Pallo_4.jpg\",\"datePublished\":\"2014-02-21T08:08:07+00:00\",\"dateModified\":\"2024-08-28T15:30:36+00:00\",\"breadcrumb\":{\"@id\":\"https:\\\/\\\/aktialiiga.fi\\\/naiset\\\/2013-2014\\\/ennakot-2013-2014\\\/kuuma-karkikamppailu-hifk-dicken-lauantaina\\\/#breadcrumb\"},\"inLanguage\":\"fi\",\"potentialAction\":[{\"@type\":\"ReadAction\",\"target\":[\"https:\\\/\\\/aktialiiga.fi\\\/naiset\\\/2013-2014\\\/ennakot-2013-2014\\\/kuuma-karkikamppailu-hifk-dicken-lauantaina\\\/\"]}]},{\"@type\":\"ImageObject\",\"inLanguage\":\"fi\",\"@id\":\"https:\\\/\\\/aktialiiga.fi\\\/naiset\\\/2013-2014\\\/ennakot-2013-2014\\\/kuuma-karkikamppailu-hifk-dicken-lauantaina\\\/#primaryimage\",\"url\":\"https:\\\/\\\/aktialiiga.fi\\\/naiset\\\/wp-content\\\/uploads\\\/sites\\\/6\\\/2014\\\/02\\\/Pallo_4.jpg\",\"contentUrl\":\"https:\\\/\\\/aktialiiga.fi\\\/naiset\\\/wp-content\\\/uploads\\\/sites\\\/6\\\/2014\\\/02\\\/Pallo_4.jpg\",\"width\":300,\"height\":300,\"caption\":\"Kuva: Juha Tamminen\"},{\"@type\":\"BreadcrumbList\",\"@id\":\"https:\\\/\\\/aktialiiga.fi\\\/naiset\\\/2013-2014\\\/ennakot-2013-2014\\\/kuuma-karkikamppailu-hifk-dicken-lauantaina\\\/#breadcrumb\",\"itemListElement\":[{\"@type\":\"ListItem\",\"position\":1,\"name\":\"Etusivu\",\"item\":\"https:\\\/\\\/aktialiiga.fi\\\/naiset\\\/\"},{\"@type\":\"ListItem\",\"position\":2,\"name\":\"Kuuma k\u00e4rkikamppailu HIFK-Dicken lauantaina\"}]},{\"@type\":\"WebSite\",\"@id\":\"https:\\\/\\\/aktialiiga.fi\\\/naiset\\\/#website\",\"url\":\"https:\\\/\\\/aktialiiga.fi\\\/naiset\\\/\",\"name\":\"K\u00e4sipallon naisten Aktialiiga\",\"description\":\"Valtakunnan vauhdikkainta palloilua!\",\"publisher\":{\"@id\":\"https:\\\/\\\/aktialiiga.fi\\\/naiset\\\/#organization\"},\"potentialAction\":[{\"@type\":\"SearchAction\",\"target\":{\"@type\":\"EntryPoint\",\"urlTemplate\":\"https:\\\/\\\/aktialiiga.fi\\\/naiset\\\/?s={search_term_string}\"},\"query-input\":{\"@type\":\"PropertyValueSpecification\",\"valueRequired\":true,\"valueName\":\"search_term_string\"}}],\"inLanguage\":\"fi\"},{\"@type\":\"Organization\",\"@id\":\"https:\\\/\\\/aktialiiga.fi\\\/naiset\\\/#organization\",\"name\":\"K\u00e4sipallon naisten Aktialiiga\",\"url\":\"https:\\\/\\\/aktialiiga.fi\\\/naiset\\\/\",\"logo\":{\"@type\":\"ImageObject\",\"inLanguage\":\"fi\",\"@id\":\"https:\\\/\\\/aktialiiga.fi\\\/naiset\\\/#\\\/schema\\\/logo\\\/image\\\/\",\"url\":\"https:\\\/\\\/aktialiiga.fi\\\/naiset\\\/wp-content\\\/uploads\\\/sites\\\/6\\\/2024\\\/09\\\/Aktialiiga-Yoast-512.png\",\"contentUrl\":\"https:\\\/\\\/aktialiiga.fi\\\/naiset\\\/wp-content\\\/uploads\\\/sites\\\/6\\\/2024\\\/09\\\/Aktialiiga-Yoast-512.png\",\"width\":512,\"height\":512,\"caption\":\"K\u00e4sipallon naisten Aktialiiga\"},\"image\":{\"@id\":\"https:\\\/\\\/aktialiiga.fi\\\/naiset\\\/#\\\/schema\\\/logo\\\/image\\\/\"},\"sameAs\":[\"https:\\\/\\\/www.facebook.com\\\/finnhandball\",\"https:\\\/\\\/x.com\\\/finnhandball\",\"https:\\\/\\\/www.instagram.com\\\/handballfinland\\\/\"]},{\"@type\":\"Person\",\"@id\":\"https:\\\/\\\/aktialiiga.fi\\\/naiset\\\/#\\\/schema\\\/person\\\/c14bf42f47041db74603c45afcb18d87\",\"name\":\"tbrmedia\",\"image\":{\"@type\":\"ImageObject\",\"inLanguage\":\"fi\",\"@id\":\"https:\\\/\\\/secure.gravatar.com\\\/avatar\\\/ee975fa091fe581d12b60debb3439022686618368a7c142044c56724d4666b16?s=96&d=mm&r=g\",\"url\":\"https:\\\/\\\/secure.gravatar.com\\\/avatar\\\/ee975fa091fe581d12b60debb3439022686618368a7c142044c56724d4666b16?s=96&d=mm&r=g\",\"contentUrl\":\"https:\\\/\\\/secure.gravatar.com\\\/avatar\\\/ee975fa091fe581d12b60debb3439022686618368a7c142044c56724d4666b16?s=96&d=mm&r=g\",\"caption\":\"tbrmedia\"}}]}<\/script>\n<!-- \/ Yoast SEO plugin. -->","yoast_head_json":{"title":"Kuuma k\u00e4rkikamppailu HIFK-Dicken lauantaina | K\u00e4sipallon naisten Aktialiiga","robots":{"index":"index","follow":"follow","max-snippet":"max-snippet:-1","max-image-preview":"max-image-preview:large","max-video-preview":"max-video-preview:-1"},"canonical":"https:\/\/aktialiiga.fi\/naiset\/2013-2014\/ennakot-2013-2014\/kuuma-karkikamppailu-hifk-dicken-lauantaina\/","og_locale":"fi_FI","og_type":"article","og_title":"Kuuma k\u00e4rkikamppailu HIFK-Dicken lauantaina | K\u00e4sipallon naisten Aktialiiga","og_description":"SM-sarjan k\u00e4rkip\u00e4\u00e4n j\u00e4rjestyst\u00e4 laitetaan toden teolla kuosiinsa runkosarjan osalta, kun k\u00e4rkikaksikko HIFK ja Dicken iskev\u00e4t yhteen lauantaina viikonlopun ainoassa ottelussa. Sarjataulukossa joukkueita erottaa vain kaksi pistett\u00e4 HIFK:n hyv\u00e4ksi, tosin Dicken on pelannut ottelun em\u00e4nti\u00e4\u00e4n enemm\u00e4n.","og_url":"https:\/\/aktialiiga.fi\/naiset\/2013-2014\/ennakot-2013-2014\/kuuma-karkikamppailu-hifk-dicken-lauantaina\/","og_site_name":"K\u00e4sipallon naisten Aktialiiga","article_publisher":"https:\/\/www.facebook.com\/finnhandball","article_published_time":"2014-02-21T08:08:07+00:00","article_modified_time":"2024-08-28T15:30:36+00:00","og_image":[{"width":300,"height":300,"url":"https:\/\/aktialiiga.fi\/naiset\/wp-content\/uploads\/sites\/6\/2014\/02\/Pallo_4.jpg","type":"image\/jpeg"}],"author":"tbrmedia","twitter_card":"summary_large_image","twitter_creator":"@finnhandball","twitter_site":"@finnhandball","schema":{"@context":"https:\/\/schema.org","@graph":[{"@type":"Article","@id":"https:\/\/aktialiiga.fi\/naiset\/2013-2014\/ennakot-2013-2014\/kuuma-karkikamppailu-hifk-dicken-lauantaina\/#article","isPartOf":{"@id":"https:\/\/aktialiiga.fi\/naiset\/2013-2014\/ennakot-2013-2014\/kuuma-karkikamppailu-hifk-dicken-lauantaina\/"},"author":{"name":"tbrmedia","@id":"https:\/\/aktialiiga.fi\/naiset\/#\/schema\/person\/c14bf42f47041db74603c45afcb18d87"},"headline":"Kuuma k\u00e4rkikamppailu HIFK-Dicken lauantaina","datePublished":"2014-02-21T08:08:07+00:00","dateModified":"2024-08-28T15:30:36+00:00","mainEntityOfPage":{"@id":"https:\/\/aktialiiga.fi\/naiset\/2013-2014\/ennakot-2013-2014\/kuuma-karkikamppailu-hifk-dicken-lauantaina\/"},"wordCount":292,"publisher":{"@id":"https:\/\/aktialiiga.fi\/naiset\/#organization"},"image":{"@id":"https:\/\/aktialiiga.fi\/naiset\/2013-2014\/ennakot-2013-2014\/kuuma-karkikamppailu-hifk-dicken-lauantaina\/#primaryimage"},"thumbnailUrl":"https:\/\/aktialiiga.fi\/naiset\/wp-content\/uploads\/sites\/6\/2014\/02\/Pallo_4.jpg","keywords":["Dicken","HIFK"],"articleSection":["Ennakot"],"inLanguage":"fi"},{"@type":"WebPage","@id":"https:\/\/aktialiiga.fi\/naiset\/2013-2014\/ennakot-2013-2014\/kuuma-karkikamppailu-hifk-dicken-lauantaina\/","url":"https:\/\/aktialiiga.fi\/naiset\/2013-2014\/ennakot-2013-2014\/kuuma-karkikamppailu-hifk-dicken-lauantaina\/","name":"Kuuma k\u00e4rkikamppailu HIFK-Dicken lauantaina | K\u00e4sipallon naisten Aktialiiga","isPartOf":{"@id":"https:\/\/aktialiiga.fi\/naiset\/#website"},"primaryImageOfPage":{"@id":"https:\/\/aktialiiga.fi\/naiset\/2013-2014\/ennakot-2013-2014\/kuuma-karkikamppailu-hifk-dicken-lauantaina\/#primaryimage"},"image":{"@id":"https:\/\/aktialiiga.fi\/naiset\/2013-2014\/ennakot-2013-2014\/kuuma-karkikamppailu-hifk-dicken-lauantaina\/#primaryimage"},"thumbnailUrl":"https:\/\/aktialiiga.fi\/naiset\/wp-content\/uploads\/sites\/6\/2014\/02\/Pallo_4.jpg","datePublished":"2014-02-21T08:08:07+00:00","dateModified":"2024-08-28T15:30:36+00:00","breadcrumb":{"@id":"https:\/\/aktialiiga.fi\/naiset\/2013-2014\/ennakot-2013-2014\/kuuma-karkikamppailu-hifk-dicken-lauantaina\/#breadcrumb"},"inLanguage":"fi","potentialAction":[{"@type":"ReadAction","target":["https:\/\/aktialiiga.fi\/naiset\/2013-2014\/ennakot-2013-2014\/kuuma-karkikamppailu-hifk-dicken-lauantaina\/"]}]},{"@type":"ImageObject","inLanguage":"fi","@id":"https:\/\/aktialiiga.fi\/naiset\/2013-2014\/ennakot-2013-2014\/kuuma-karkikamppailu-hifk-dicken-lauantaina\/#primaryimage","url":"https:\/\/aktialiiga.fi\/naiset\/wp-content\/uploads\/sites\/6\/2014\/02\/Pallo_4.jpg","contentUrl":"https:\/\/aktialiiga.fi\/naiset\/wp-content\/uploads\/sites\/6\/2014\/02\/Pallo_4.jpg","width":300,"height":300,"caption":"Kuva: Juha Tamminen"},{"@type":"BreadcrumbList","@id":"https:\/\/aktialiiga.fi\/naiset\/2013-2014\/ennakot-2013-2014\/kuuma-karkikamppailu-hifk-dicken-lauantaina\/#breadcrumb","itemListElement":[{"@type":"ListItem","position":1,"name":"Etusivu","item":"https:\/\/aktialiiga.fi\/naiset\/"},{"@type":"ListItem","position":2,"name":"Kuuma k\u00e4rkikamppailu HIFK-Dicken lauantaina"}]},{"@type":"WebSite","@id":"https:\/\/aktialiiga.fi\/naiset\/#website","url":"https:\/\/aktialiiga.fi\/naiset\/","name":"K\u00e4sipallon naisten Aktialiiga","description":"Valtakunnan vauhdikkainta palloilua!","publisher":{"@id":"https:\/\/aktialiiga.fi\/naiset\/#organization"},"potentialAction":[{"@type":"SearchAction","target":{"@type":"EntryPoint","urlTemplate":"https:\/\/aktialiiga.fi\/naiset\/?s={search_term_string}"},"query-input":{"@type":"PropertyValueSpecification","valueRequired":true,"valueName":"search_term_string"}}],"inLanguage":"fi"},{"@type":"Organization","@id":"https:\/\/aktialiiga.fi\/naiset\/#organization","name":"K\u00e4sipallon naisten Aktialiiga","url":"https:\/\/aktialiiga.fi\/naiset\/","logo":{"@type":"ImageObject","inLanguage":"fi","@id":"https:\/\/aktialiiga.fi\/naiset\/#\/schema\/logo\/image\/","url":"https:\/\/aktialiiga.fi\/naiset\/wp-content\/uploads\/sites\/6\/2024\/09\/Aktialiiga-Yoast-512.png","contentUrl":"https:\/\/aktialiiga.fi\/naiset\/wp-content\/uploads\/sites\/6\/2024\/09\/Aktialiiga-Yoast-512.png","width":512,"height":512,"caption":"K\u00e4sipallon naisten Aktialiiga"},"image":{"@id":"https:\/\/aktialiiga.fi\/naiset\/#\/schema\/logo\/image\/"},"sameAs":["https:\/\/www.facebook.com\/finnhandball","https:\/\/x.com\/finnhandball","https:\/\/www.instagram.com\/handballfinland\/"]},{"@type":"Person","@id":"https:\/\/aktialiiga.fi\/naiset\/#\/schema\/person\/c14bf42f47041db74603c45afcb18d87","name":"tbrmedia","image":{"@type":"ImageObject","inLanguage":"fi","@id":"https:\/\/secure.gravatar.com\/avatar\/ee975fa091fe581d12b60debb3439022686618368a7c142044c56724d4666b16?s=96&d=mm&r=g","url":"https:\/\/secure.gravatar.com\/avatar\/ee975fa091fe581d12b60debb3439022686618368a7c142044c56724d4666b16?s=96&d=mm&r=g","contentUrl":"https:\/\/secure.gravatar.com\/avatar\/ee975fa091fe581d12b60debb3439022686618368a7c142044c56724d4666b16?s=96&d=mm&r=g","caption":"tbrmedia"}}]}},"jetpack_featured_media_url":"https:\/\/aktialiiga.fi\/naiset\/wp-content\/uploads\/sites\/6\/2014\/02\/Pallo_4.jpg","jetpack_sharing_enabled":true,"jetpack_shortlink":"https:\/\/wp.me\/pfYhm6-1bl","_links":{"self":[{"href":"https:\/\/aktialiiga.fi\/naiset\/wp-json\/wp\/v2\/posts\/4547","targetHints":{"allow":["GET"]}}],"collection":[{"href":"https:\/\/aktialiiga.fi\/naiset\/wp-json\/wp\/v2\/posts"}],"about":[{"href":"https:\/\/aktialiiga.fi\/naiset\/wp-json\/wp\/v2\/types\/post"}],"author":[{"embeddable":true,"href":"https:\/\/aktialiiga.fi\/naiset\/wp-json\/wp\/v2\/users\/13"}],"replies":[{"embeddable":true,"href":"https:\/\/aktialiiga.fi\/naiset\/wp-json\/wp\/v2\/comments?post=4547"}],"version-history":[{"count":1,"href":"https:\/\/aktialiiga.fi\/naiset\/wp-json\/wp\/v2\/posts\/4547\/revisions"}],"predecessor-version":[{"id":39470,"href":"https:\/\/aktialiiga.fi\/naiset\/wp-json\/wp\/v2\/posts\/4547\/revisions\/39470"}],"wp:featuredmedia":[{"embeddable":true,"href":"https:\/\/aktialiiga.fi\/naiset\/wp-json\/wp\/v2\/media\/4548"}],"wp:attachment":[{"href":"https:\/\/aktialiiga.fi\/naiset\/wp-json\/wp\/v2\/media?parent=4547"}],"wp:term":[{"taxonomy":"category","embeddable":true,"href":"https:\/\/aktialiiga.fi\/naiset\/wp-json\/wp\/v2\/categories?post=4547"},{"taxonomy":"post_tag","embeddable":true,"href":"https:\/\/aktialiiga.fi\/naiset\/wp-json\/wp\/v2\/tags?post=4547"}],"curies":[{"name":"wp","href":"https:\/\/api.w.org\/{rel}","templated":true}]}}