{"id":45500,"date":"2025-10-25T20:02:47","date_gmt":"2025-10-25T17:02:47","guid":{"rendered":"https:\/\/aktialiiga.fi\/naiset\/?p=45500"},"modified":"2025-10-25T20:49:25","modified_gmt":"2025-10-25T17:49:25","slug":"grifk-nappasi-pisteet-dickenia-vastaan","status":"publish","type":"post","link":"https:\/\/aktialiiga.fi\/naiset\/2025-2026\/ottelut-2025-26\/grifk-nappasi-pisteet-dickenia-vastaan\/","title":{"rendered":"GrIFK nappasi pisteet Dickeni\u00e4 vastaan"},"content":{"rendered":"<p>Dicken ja GrIFK k\u00e4viv\u00e4t tiukan taiston pisteist\u00e4, joka lopulta k\u00e4\u00e4ntyi GrIFK:lle 27-20 (15-10).<\/p>\n<p>Kauden avauksessa GrIFK p\u00f6llytti Dickeni\u00e4 selvin lukemin, mutta Pirkkolassa n\u00e4htiin paljon tiukempi taistelu pisteist\u00e4. GrIFK aloitti ottelun vahvemmin p\u00e4\u00e4sten kolmen maalin etumatkalle, mutta aikalis\u00e4n j\u00e4lkeen Dicken tuli vahvasti peliin mukaan ja teki viisi seuraavaa maalia siirtyen parin maalin johtoon. GrIFK k\u00e4\u00e4nsi pelin itselleen ensimm\u00e4isen puoliajan viimeisell\u00e4 seitsem\u00e4nnell\u00e4 minuutilla iskien jakson loppuun kuusi maalia p\u00e4\u00e4sten n\u00e4in viiden maalin johdossa toiselle puoliajalle.<\/p>\n<p>GrIFK tuli toiselle puoliajalle vahvasti ja ratkaisi ottelun lopullisesti. Ero k\u00e4vi parhaimmillaan kymmeness\u00e4 maalissa, mutta lopussa Dicken p\u00e4\u00e4si hieman kaventamaan eroa.<\/p>\n<p>GrIFK:n Amanda Olsson juhli ottelussa sadatta p\u00e4\u00e4sarjaotteluaan.<\/p>\n<p>Voitolla GrIFK nousi BK-46:n rinnalle sarjak\u00e4rkeen. Dicken jatkaa viidenten\u00e4.<\/p>\n<p>Dickenin luotsi Ken Sirenius n\u00e4ki joukkueensa ottaneen j\u00e4lleen yhden askeleen eteenp\u00e4in.<\/p>\n<p>&#8211; Meill\u00e4 oli ottelussa pari hyv\u00e4\u00e4 jaksoa, mutta emme ole tarpeeksi tasaisia ja annamme ottelun karata hieman vastahy\u00f6kk\u00e4yksiss\u00e4, kun Grani p\u00e4\u00e4see juoksemaan meit\u00e4 vastaan melko helposti. Joukkueiden v\u00e4lill\u00e4 on t\u00e4ll\u00e4 hetkell\u00e4 eroja, he ovat meit\u00e4 valmiimpia ja meid\u00e4n pit\u00e4\u00e4 ottaa askel kerrallaan. Oikotiet\u00e4 ei ole.<\/p>\n<p>&#8211; Olen eritt\u00e4in tyytyv\u00e4inen, ett\u00e4 yrit\u00e4mme tehd\u00e4 asioita joista olemme puhuneet ja ty\u00f6st\u00e4mme niit\u00e4 ryhm\u00e4n\u00e4. Meid\u00e4n on oltava k\u00e4rsiv\u00e4llisi\u00e4 ja otettava askel kerrallaan. Onnittelut Granille reilusta voitosta.<\/p>\n<p>Patrik Johansonin mukaan Grani pystyi ratkaisemaan asian, kun joukkue sai jalat alle.<\/p>\n<p>&#8211; Kova peli, tehtiin asiat vaikeiksi alussa ja pelattiin aika sekavaa puolustuspeli\u00e4, eik\u00e4 oltu tarpeeksi aggressiivisia. Aloitimme juokseminen ja saimme koneet k\u00e4yntiin ja siit\u00e4 helppoja maaleja. 20 p\u00e4\u00e4stetty\u00e4 on hyv\u00e4. Odotamme innolla keskiviikon cupin peli\u00e4 Siuntiota vastaan.<\/p>\n<p>GrIFK:n Sandra Laitinen nautti pelin annista.<\/p>\n<p>&#8211; N\u00e4ytti silt\u00e4, ett\u00e4 meill\u00e4 oli kivaa t\u00e4n\u00e4\u00e4n kent\u00e4ll\u00e4 ja tuntui my\u00f6s silt\u00e4. Tietyt ajanjaksot oli v\u00e4h\u00e4n huonompia, mutta nostettiin tasoa niist\u00e4 ja tehtiin my\u00f6s paljon hyv\u00e4\u00e4 peliss\u00e4. Jatketaan t\u00f6it\u00e4 eteenp\u00e4in.<\/p>\n","protected":false},"excerpt":{"rendered":"<p>Dicken ja GrIFK k\u00e4viv\u00e4t tiukan taiston pisteist\u00e4, joka lopulta k\u00e4\u00e4ntyi GrIFK:lle 27-20 (15-10). Kauden avauksessa GrIFK p\u00f6llytti Dickeni\u00e4 selvin lukemin, mutta Pirkkolassa n\u00e4htiin paljon tiukempi taistelu pisteist\u00e4. GrIFK aloitti ottelun vahvemmin p\u00e4\u00e4sten kolmen maalin etumatkalle, mutta aikalis\u00e4n j\u00e4lkeen Dicken tuli vahvasti peliin mukaan ja teki viisi seuraavaa maalia siirtyen parin maalin johtoon. GrIFK k\u00e4\u00e4nsi pelin [&hellip;]<\/p>\n","protected":false},"author":13,"featured_media":45178,"comment_status":"closed","ping_status":"closed","sticky":false,"template":"","format":"standard","meta":{"_acf_changed":false,"jetpack_post_was_ever_published":false,"_jetpack_newsletter_access":"","_jetpack_dont_email_post_to_subs":false,"_jetpack_newsletter_tier_id":0,"_jetpack_memberships_contains_paywalled_content":false,"_jetpack_memberships_contains_paid_content":false,"footnotes":""},"categories":[275],"tags":[51,57],"class_list":["post-45500","post","type-post","status-publish","format-standard","has-post-thumbnail","hentry","category-ottelut-2025-26","tag-dicken","tag-grifk"],"acf":[],"yoast_head":"<!-- This site is optimized with the Yoast SEO plugin v27.5 - https:\/\/yoast.com\/product\/yoast-seo-wordpress\/ -->\n<title>GrIFK nappasi pisteet Dickeni\u00e4 vastaan | K\u00e4sipallon naisten Aktialiiga<\/title>\n<meta name=\"robots\" content=\"index, follow, max-snippet:-1, max-image-preview:large, max-video-preview:-1\" \/>\n<link rel=\"canonical\" href=\"https:\/\/aktialiiga.fi\/naiset\/2025-2026\/ottelut-2025-26\/grifk-nappasi-pisteet-dickenia-vastaan\/\" \/>\n<meta property=\"og:locale\" content=\"fi_FI\" \/>\n<meta property=\"og:type\" content=\"article\" \/>\n<meta property=\"og:title\" content=\"GrIFK nappasi pisteet Dickeni\u00e4 vastaan | K\u00e4sipallon naisten Aktialiiga\" \/>\n<meta property=\"og:description\" content=\"Dicken ja GrIFK k\u00e4viv\u00e4t tiukan taiston pisteist\u00e4, joka lopulta k\u00e4\u00e4ntyi GrIFK:lle 27-20 (15-10). Kauden avauksessa GrIFK p\u00f6llytti Dickeni\u00e4 selvin lukemin, mutta Pirkkolassa n\u00e4htiin paljon tiukempi taistelu pisteist\u00e4. GrIFK aloitti ottelun vahvemmin p\u00e4\u00e4sten kolmen maalin etumatkalle, mutta aikalis\u00e4n j\u00e4lkeen Dicken tuli vahvasti peliin mukaan ja teki viisi seuraavaa maalia siirtyen parin maalin johtoon. GrIFK k\u00e4\u00e4nsi pelin [&hellip;]\" \/>\n<meta property=\"og:url\" content=\"https:\/\/aktialiiga.fi\/naiset\/2025-2026\/ottelut-2025-26\/grifk-nappasi-pisteet-dickenia-vastaan\/\" \/>\n<meta property=\"og:site_name\" content=\"K\u00e4sipallon naisten Aktialiiga\" \/>\n<meta property=\"article:publisher\" content=\"https:\/\/www.facebook.com\/finnhandball\" \/>\n<meta property=\"article:published_time\" content=\"2025-10-25T17:02:47+00:00\" \/>\n<meta property=\"article:modified_time\" content=\"2025-10-25T17:49:25+00:00\" \/>\n<meta property=\"og:image\" content=\"https:\/\/aktialiiga.fi\/naiset\/wp-content\/uploads\/sites\/6\/2025\/10\/A7301295-1030x687.jpg\" \/>\n\t<meta property=\"og:image:width\" content=\"1030\" \/>\n\t<meta property=\"og:image:height\" content=\"687\" \/>\n\t<meta property=\"og:image:type\" content=\"image\/jpeg\" \/>\n<meta name=\"author\" content=\"tbrmedia\" \/>\n<meta name=\"twitter:card\" content=\"summary_large_image\" \/>\n<meta name=\"twitter:creator\" content=\"@finnhandball\" \/>\n<meta name=\"twitter:site\" content=\"@finnhandball\" \/>\n<script type=\"application\/ld+json\" class=\"yoast-schema-graph\">{\"@context\":\"https:\\\/\\\/schema.org\",\"@graph\":[{\"@type\":\"Article\",\"@id\":\"https:\\\/\\\/aktialiiga.fi\\\/naiset\\\/2025-2026\\\/ottelut-2025-26\\\/grifk-nappasi-pisteet-dickenia-vastaan\\\/#article\",\"isPartOf\":{\"@id\":\"https:\\\/\\\/aktialiiga.fi\\\/naiset\\\/2025-2026\\\/ottelut-2025-26\\\/grifk-nappasi-pisteet-dickenia-vastaan\\\/\"},\"author\":{\"name\":\"tbrmedia\",\"@id\":\"https:\\\/\\\/aktialiiga.fi\\\/naiset\\\/#\\\/schema\\\/person\\\/c14bf42f47041db74603c45afcb18d87\"},\"headline\":\"GrIFK nappasi pisteet Dickeni\u00e4 vastaan\",\"datePublished\":\"2025-10-25T17:02:47+00:00\",\"dateModified\":\"2025-10-25T17:49:25+00:00\",\"mainEntityOfPage\":{\"@id\":\"https:\\\/\\\/aktialiiga.fi\\\/naiset\\\/2025-2026\\\/ottelut-2025-26\\\/grifk-nappasi-pisteet-dickenia-vastaan\\\/\"},\"wordCount\":334,\"publisher\":{\"@id\":\"https:\\\/\\\/aktialiiga.fi\\\/naiset\\\/#organization\"},\"image\":{\"@id\":\"https:\\\/\\\/aktialiiga.fi\\\/naiset\\\/2025-2026\\\/ottelut-2025-26\\\/grifk-nappasi-pisteet-dickenia-vastaan\\\/#primaryimage\"},\"thumbnailUrl\":\"https:\\\/\\\/aktialiiga.fi\\\/naiset\\\/wp-content\\\/uploads\\\/sites\\\/6\\\/2025\\\/10\\\/A7301295.jpg\",\"keywords\":[\"Dicken\",\"GrIFK\"],\"articleSection\":[\"Ottelut 2025-26\"],\"inLanguage\":\"fi\"},{\"@type\":\"WebPage\",\"@id\":\"https:\\\/\\\/aktialiiga.fi\\\/naiset\\\/2025-2026\\\/ottelut-2025-26\\\/grifk-nappasi-pisteet-dickenia-vastaan\\\/\",\"url\":\"https:\\\/\\\/aktialiiga.fi\\\/naiset\\\/2025-2026\\\/ottelut-2025-26\\\/grifk-nappasi-pisteet-dickenia-vastaan\\\/\",\"name\":\"GrIFK nappasi pisteet Dickeni\u00e4 vastaan | K\u00e4sipallon naisten Aktialiiga\",\"isPartOf\":{\"@id\":\"https:\\\/\\\/aktialiiga.fi\\\/naiset\\\/#website\"},\"primaryImageOfPage\":{\"@id\":\"https:\\\/\\\/aktialiiga.fi\\\/naiset\\\/2025-2026\\\/ottelut-2025-26\\\/grifk-nappasi-pisteet-dickenia-vastaan\\\/#primaryimage\"},\"image\":{\"@id\":\"https:\\\/\\\/aktialiiga.fi\\\/naiset\\\/2025-2026\\\/ottelut-2025-26\\\/grifk-nappasi-pisteet-dickenia-vastaan\\\/#primaryimage\"},\"thumbnailUrl\":\"https:\\\/\\\/aktialiiga.fi\\\/naiset\\\/wp-content\\\/uploads\\\/sites\\\/6\\\/2025\\\/10\\\/A7301295.jpg\",\"datePublished\":\"2025-10-25T17:02:47+00:00\",\"dateModified\":\"2025-10-25T17:49:25+00:00\",\"breadcrumb\":{\"@id\":\"https:\\\/\\\/aktialiiga.fi\\\/naiset\\\/2025-2026\\\/ottelut-2025-26\\\/grifk-nappasi-pisteet-dickenia-vastaan\\\/#breadcrumb\"},\"inLanguage\":\"fi\",\"potentialAction\":[{\"@type\":\"ReadAction\",\"target\":[\"https:\\\/\\\/aktialiiga.fi\\\/naiset\\\/2025-2026\\\/ottelut-2025-26\\\/grifk-nappasi-pisteet-dickenia-vastaan\\\/\"]}]},{\"@type\":\"ImageObject\",\"inLanguage\":\"fi\",\"@id\":\"https:\\\/\\\/aktialiiga.fi\\\/naiset\\\/2025-2026\\\/ottelut-2025-26\\\/grifk-nappasi-pisteet-dickenia-vastaan\\\/#primaryimage\",\"url\":\"https:\\\/\\\/aktialiiga.fi\\\/naiset\\\/wp-content\\\/uploads\\\/sites\\\/6\\\/2025\\\/10\\\/A7301295.jpg\",\"contentUrl\":\"https:\\\/\\\/aktialiiga.fi\\\/naiset\\\/wp-content\\\/uploads\\\/sites\\\/6\\\/2025\\\/10\\\/A7301295.jpg\",\"width\":4460,\"height\":2973,\"caption\":\"Johannna Svanb\u00e4ck, 2025-26\"},{\"@type\":\"BreadcrumbList\",\"@id\":\"https:\\\/\\\/aktialiiga.fi\\\/naiset\\\/2025-2026\\\/ottelut-2025-26\\\/grifk-nappasi-pisteet-dickenia-vastaan\\\/#breadcrumb\",\"itemListElement\":[{\"@type\":\"ListItem\",\"position\":1,\"name\":\"Etusivu\",\"item\":\"https:\\\/\\\/aktialiiga.fi\\\/naiset\\\/\"},{\"@type\":\"ListItem\",\"position\":2,\"name\":\"GrIFK nappasi pisteet Dickeni\u00e4 vastaan\"}]},{\"@type\":\"WebSite\",\"@id\":\"https:\\\/\\\/aktialiiga.fi\\\/naiset\\\/#website\",\"url\":\"https:\\\/\\\/aktialiiga.fi\\\/naiset\\\/\",\"name\":\"K\u00e4sipallon naisten Aktialiiga\",\"description\":\"Valtakunnan vauhdikkainta palloilua!\",\"publisher\":{\"@id\":\"https:\\\/\\\/aktialiiga.fi\\\/naiset\\\/#organization\"},\"potentialAction\":[{\"@type\":\"SearchAction\",\"target\":{\"@type\":\"EntryPoint\",\"urlTemplate\":\"https:\\\/\\\/aktialiiga.fi\\\/naiset\\\/?s={search_term_string}\"},\"query-input\":{\"@type\":\"PropertyValueSpecification\",\"valueRequired\":true,\"valueName\":\"search_term_string\"}}],\"inLanguage\":\"fi\"},{\"@type\":\"Organization\",\"@id\":\"https:\\\/\\\/aktialiiga.fi\\\/naiset\\\/#organization\",\"name\":\"K\u00e4sipallon naisten Aktialiiga\",\"url\":\"https:\\\/\\\/aktialiiga.fi\\\/naiset\\\/\",\"logo\":{\"@type\":\"ImageObject\",\"inLanguage\":\"fi\",\"@id\":\"https:\\\/\\\/aktialiiga.fi\\\/naiset\\\/#\\\/schema\\\/logo\\\/image\\\/\",\"url\":\"https:\\\/\\\/aktialiiga.fi\\\/naiset\\\/wp-content\\\/uploads\\\/sites\\\/6\\\/2024\\\/09\\\/Aktialiiga-Yoast-512.png\",\"contentUrl\":\"https:\\\/\\\/aktialiiga.fi\\\/naiset\\\/wp-content\\\/uploads\\\/sites\\\/6\\\/2024\\\/09\\\/Aktialiiga-Yoast-512.png\",\"width\":512,\"height\":512,\"caption\":\"K\u00e4sipallon naisten Aktialiiga\"},\"image\":{\"@id\":\"https:\\\/\\\/aktialiiga.fi\\\/naiset\\\/#\\\/schema\\\/logo\\\/image\\\/\"},\"sameAs\":[\"https:\\\/\\\/www.facebook.com\\\/finnhandball\",\"https:\\\/\\\/x.com\\\/finnhandball\",\"https:\\\/\\\/www.instagram.com\\\/handballfinland\\\/\"]},{\"@type\":\"Person\",\"@id\":\"https:\\\/\\\/aktialiiga.fi\\\/naiset\\\/#\\\/schema\\\/person\\\/c14bf42f47041db74603c45afcb18d87\",\"name\":\"tbrmedia\",\"image\":{\"@type\":\"ImageObject\",\"inLanguage\":\"fi\",\"@id\":\"https:\\\/\\\/secure.gravatar.com\\\/avatar\\\/ee975fa091fe581d12b60debb3439022686618368a7c142044c56724d4666b16?s=96&d=mm&r=g\",\"url\":\"https:\\\/\\\/secure.gravatar.com\\\/avatar\\\/ee975fa091fe581d12b60debb3439022686618368a7c142044c56724d4666b16?s=96&d=mm&r=g\",\"contentUrl\":\"https:\\\/\\\/secure.gravatar.com\\\/avatar\\\/ee975fa091fe581d12b60debb3439022686618368a7c142044c56724d4666b16?s=96&d=mm&r=g\",\"caption\":\"tbrmedia\"}}]}<\/script>\n<!-- \/ Yoast SEO plugin. -->","yoast_head_json":{"title":"GrIFK nappasi pisteet Dickeni\u00e4 vastaan | K\u00e4sipallon naisten Aktialiiga","robots":{"index":"index","follow":"follow","max-snippet":"max-snippet:-1","max-image-preview":"max-image-preview:large","max-video-preview":"max-video-preview:-1"},"canonical":"https:\/\/aktialiiga.fi\/naiset\/2025-2026\/ottelut-2025-26\/grifk-nappasi-pisteet-dickenia-vastaan\/","og_locale":"fi_FI","og_type":"article","og_title":"GrIFK nappasi pisteet Dickeni\u00e4 vastaan | K\u00e4sipallon naisten Aktialiiga","og_description":"Dicken ja GrIFK k\u00e4viv\u00e4t tiukan taiston pisteist\u00e4, joka lopulta k\u00e4\u00e4ntyi GrIFK:lle 27-20 (15-10). Kauden avauksessa GrIFK p\u00f6llytti Dickeni\u00e4 selvin lukemin, mutta Pirkkolassa n\u00e4htiin paljon tiukempi taistelu pisteist\u00e4. GrIFK aloitti ottelun vahvemmin p\u00e4\u00e4sten kolmen maalin etumatkalle, mutta aikalis\u00e4n j\u00e4lkeen Dicken tuli vahvasti peliin mukaan ja teki viisi seuraavaa maalia siirtyen parin maalin johtoon. GrIFK k\u00e4\u00e4nsi pelin [&hellip;]","og_url":"https:\/\/aktialiiga.fi\/naiset\/2025-2026\/ottelut-2025-26\/grifk-nappasi-pisteet-dickenia-vastaan\/","og_site_name":"K\u00e4sipallon naisten Aktialiiga","article_publisher":"https:\/\/www.facebook.com\/finnhandball","article_published_time":"2025-10-25T17:02:47+00:00","article_modified_time":"2025-10-25T17:49:25+00:00","og_image":[{"width":1030,"height":687,"url":"https:\/\/aktialiiga.fi\/naiset\/wp-content\/uploads\/sites\/6\/2025\/10\/A7301295-1030x687.jpg","type":"image\/jpeg"}],"author":"tbrmedia","twitter_card":"summary_large_image","twitter_creator":"@finnhandball","twitter_site":"@finnhandball","schema":{"@context":"https:\/\/schema.org","@graph":[{"@type":"Article","@id":"https:\/\/aktialiiga.fi\/naiset\/2025-2026\/ottelut-2025-26\/grifk-nappasi-pisteet-dickenia-vastaan\/#article","isPartOf":{"@id":"https:\/\/aktialiiga.fi\/naiset\/2025-2026\/ottelut-2025-26\/grifk-nappasi-pisteet-dickenia-vastaan\/"},"author":{"name":"tbrmedia","@id":"https:\/\/aktialiiga.fi\/naiset\/#\/schema\/person\/c14bf42f47041db74603c45afcb18d87"},"headline":"GrIFK nappasi pisteet Dickeni\u00e4 vastaan","datePublished":"2025-10-25T17:02:47+00:00","dateModified":"2025-10-25T17:49:25+00:00","mainEntityOfPage":{"@id":"https:\/\/aktialiiga.fi\/naiset\/2025-2026\/ottelut-2025-26\/grifk-nappasi-pisteet-dickenia-vastaan\/"},"wordCount":334,"publisher":{"@id":"https:\/\/aktialiiga.fi\/naiset\/#organization"},"image":{"@id":"https:\/\/aktialiiga.fi\/naiset\/2025-2026\/ottelut-2025-26\/grifk-nappasi-pisteet-dickenia-vastaan\/#primaryimage"},"thumbnailUrl":"https:\/\/aktialiiga.fi\/naiset\/wp-content\/uploads\/sites\/6\/2025\/10\/A7301295.jpg","keywords":["Dicken","GrIFK"],"articleSection":["Ottelut 2025-26"],"inLanguage":"fi"},{"@type":"WebPage","@id":"https:\/\/aktialiiga.fi\/naiset\/2025-2026\/ottelut-2025-26\/grifk-nappasi-pisteet-dickenia-vastaan\/","url":"https:\/\/aktialiiga.fi\/naiset\/2025-2026\/ottelut-2025-26\/grifk-nappasi-pisteet-dickenia-vastaan\/","name":"GrIFK nappasi pisteet Dickeni\u00e4 vastaan | K\u00e4sipallon naisten Aktialiiga","isPartOf":{"@id":"https:\/\/aktialiiga.fi\/naiset\/#website"},"primaryImageOfPage":{"@id":"https:\/\/aktialiiga.fi\/naiset\/2025-2026\/ottelut-2025-26\/grifk-nappasi-pisteet-dickenia-vastaan\/#primaryimage"},"image":{"@id":"https:\/\/aktialiiga.fi\/naiset\/2025-2026\/ottelut-2025-26\/grifk-nappasi-pisteet-dickenia-vastaan\/#primaryimage"},"thumbnailUrl":"https:\/\/aktialiiga.fi\/naiset\/wp-content\/uploads\/sites\/6\/2025\/10\/A7301295.jpg","datePublished":"2025-10-25T17:02:47+00:00","dateModified":"2025-10-25T17:49:25+00:00","breadcrumb":{"@id":"https:\/\/aktialiiga.fi\/naiset\/2025-2026\/ottelut-2025-26\/grifk-nappasi-pisteet-dickenia-vastaan\/#breadcrumb"},"inLanguage":"fi","potentialAction":[{"@type":"ReadAction","target":["https:\/\/aktialiiga.fi\/naiset\/2025-2026\/ottelut-2025-26\/grifk-nappasi-pisteet-dickenia-vastaan\/"]}]},{"@type":"ImageObject","inLanguage":"fi","@id":"https:\/\/aktialiiga.fi\/naiset\/2025-2026\/ottelut-2025-26\/grifk-nappasi-pisteet-dickenia-vastaan\/#primaryimage","url":"https:\/\/aktialiiga.fi\/naiset\/wp-content\/uploads\/sites\/6\/2025\/10\/A7301295.jpg","contentUrl":"https:\/\/aktialiiga.fi\/naiset\/wp-content\/uploads\/sites\/6\/2025\/10\/A7301295.jpg","width":4460,"height":2973,"caption":"Johannna Svanb\u00e4ck, 2025-26"},{"@type":"BreadcrumbList","@id":"https:\/\/aktialiiga.fi\/naiset\/2025-2026\/ottelut-2025-26\/grifk-nappasi-pisteet-dickenia-vastaan\/#breadcrumb","itemListElement":[{"@type":"ListItem","position":1,"name":"Etusivu","item":"https:\/\/aktialiiga.fi\/naiset\/"},{"@type":"ListItem","position":2,"name":"GrIFK nappasi pisteet Dickeni\u00e4 vastaan"}]},{"@type":"WebSite","@id":"https:\/\/aktialiiga.fi\/naiset\/#website","url":"https:\/\/aktialiiga.fi\/naiset\/","name":"K\u00e4sipallon naisten Aktialiiga","description":"Valtakunnan vauhdikkainta palloilua!","publisher":{"@id":"https:\/\/aktialiiga.fi\/naiset\/#organization"},"potentialAction":[{"@type":"SearchAction","target":{"@type":"EntryPoint","urlTemplate":"https:\/\/aktialiiga.fi\/naiset\/?s={search_term_string}"},"query-input":{"@type":"PropertyValueSpecification","valueRequired":true,"valueName":"search_term_string"}}],"inLanguage":"fi"},{"@type":"Organization","@id":"https:\/\/aktialiiga.fi\/naiset\/#organization","name":"K\u00e4sipallon naisten Aktialiiga","url":"https:\/\/aktialiiga.fi\/naiset\/","logo":{"@type":"ImageObject","inLanguage":"fi","@id":"https:\/\/aktialiiga.fi\/naiset\/#\/schema\/logo\/image\/","url":"https:\/\/aktialiiga.fi\/naiset\/wp-content\/uploads\/sites\/6\/2024\/09\/Aktialiiga-Yoast-512.png","contentUrl":"https:\/\/aktialiiga.fi\/naiset\/wp-content\/uploads\/sites\/6\/2024\/09\/Aktialiiga-Yoast-512.png","width":512,"height":512,"caption":"K\u00e4sipallon naisten Aktialiiga"},"image":{"@id":"https:\/\/aktialiiga.fi\/naiset\/#\/schema\/logo\/image\/"},"sameAs":["https:\/\/www.facebook.com\/finnhandball","https:\/\/x.com\/finnhandball","https:\/\/www.instagram.com\/handballfinland\/"]},{"@type":"Person","@id":"https:\/\/aktialiiga.fi\/naiset\/#\/schema\/person\/c14bf42f47041db74603c45afcb18d87","name":"tbrmedia","image":{"@type":"ImageObject","inLanguage":"fi","@id":"https:\/\/secure.gravatar.com\/avatar\/ee975fa091fe581d12b60debb3439022686618368a7c142044c56724d4666b16?s=96&d=mm&r=g","url":"https:\/\/secure.gravatar.com\/avatar\/ee975fa091fe581d12b60debb3439022686618368a7c142044c56724d4666b16?s=96&d=mm&r=g","contentUrl":"https:\/\/secure.gravatar.com\/avatar\/ee975fa091fe581d12b60debb3439022686618368a7c142044c56724d4666b16?s=96&d=mm&r=g","caption":"tbrmedia"}}]}},"jetpack_featured_media_url":"https:\/\/aktialiiga.fi\/naiset\/wp-content\/uploads\/sites\/6\/2025\/10\/A7301295.jpg","jetpack_sharing_enabled":true,"jetpack_shortlink":"https:\/\/wp.me\/pfYhm6-bPS","_links":{"self":[{"href":"https:\/\/aktialiiga.fi\/naiset\/wp-json\/wp\/v2\/posts\/45500","targetHints":{"allow":["GET"]}}],"collection":[{"href":"https:\/\/aktialiiga.fi\/naiset\/wp-json\/wp\/v2\/posts"}],"about":[{"href":"https:\/\/aktialiiga.fi\/naiset\/wp-json\/wp\/v2\/types\/post"}],"author":[{"embeddable":true,"href":"https:\/\/aktialiiga.fi\/naiset\/wp-json\/wp\/v2\/users\/13"}],"replies":[{"embeddable":true,"href":"https:\/\/aktialiiga.fi\/naiset\/wp-json\/wp\/v2\/comments?post=45500"}],"version-history":[{"count":2,"href":"https:\/\/aktialiiga.fi\/naiset\/wp-json\/wp\/v2\/posts\/45500\/revisions"}],"predecessor-version":[{"id":45503,"href":"https:\/\/aktialiiga.fi\/naiset\/wp-json\/wp\/v2\/posts\/45500\/revisions\/45503"}],"wp:featuredmedia":[{"embeddable":true,"href":"https:\/\/aktialiiga.fi\/naiset\/wp-json\/wp\/v2\/media\/45178"}],"wp:attachment":[{"href":"https:\/\/aktialiiga.fi\/naiset\/wp-json\/wp\/v2\/media?parent=45500"}],"wp:term":[{"taxonomy":"category","embeddable":true,"href":"https:\/\/aktialiiga.fi\/naiset\/wp-json\/wp\/v2\/categories?post=45500"},{"taxonomy":"post_tag","embeddable":true,"href":"https:\/\/aktialiiga.fi\/naiset\/wp-json\/wp\/v2\/tags?post=45500"}],"curies":[{"name":"wp","href":"https:\/\/api.w.org\/{rel}","templated":true}]}}