{"id":4591,"date":"2014-03-02T19:20:55","date_gmt":"2014-03-02T17:20:55","guid":{"rendered":"https:\/\/www.finnhandball.net\/nsm\/?p=4591"},"modified":"2024-08-28T18:30:35","modified_gmt":"2024-08-28T15:30:35","slug":"kyif-nousi-voittoon-aifksta","status":"publish","type":"post","link":"https:\/\/aktialiiga.fi\/naiset\/2013-2014\/ottelut-2013-2014\/kyif-nousi-voittoon-aifksta\/","title":{"rendered":"KyIF nousi voittoon \u00c5IFK:sta"},"content":{"rendered":"<p>KyIF kohenteli asemiaan SM-sarjan keskikastissa kaatamalla sunnuntaina kotonaan \u00c5IFK:n. Ottelu eteni pitk\u00e4\u00e4n tasaisissa merkeiss\u00e4, mutta KyIF oli lopulta sen verran ter\u00e4v\u00e4mpi, ett\u00e4 k\u00e4\u00e4nsi numerot edukseen lukemin 29-26.<!--more--><\/p>\n<p>KyIF hallitsi ottelun alkua ja karkasi nopeasti kolmen maalin karkumatkalle. \u00c5IFK pysyi kuitenkin tiukasti tuntumassa ja k\u00e4\u00e4nsi taukoon menness\u00e4 numerot edukseen yhdell\u00e4 maalilla.<\/p>\n<p>Tauon j\u00e4lkeenk\u00e4\u00e4n suurta eroa ei miss\u00e4\u00e4n vaiheessa syntynyt, mutta KyIF pystyi puristamaan tarvittavat maalit ja vei voiton kahden maalin marginaalilla.<\/p>\n<p>KyIF-luotsi Tomi Salminen piti lopputulosta ennen kaikkea tahtovoittona.<\/p>\n<p>&#8211; T\u00e4rke\u00e4 ottelu ja t\u00e4rke\u00e4t pisteet. KyIF:ll\u00e4 oli enemm\u00e4n halua voittaa. Nuorille pelaajille t\u00e4m\u00e4 oli hyv\u00e4 harjoitus tiukassa paikassa, Salminen n\u00e4ki.<\/p>\n<p>Tahtoa korosti my\u00f6s ottelun vakuuttavimpana pelaajana palkittu Kajsa Westerlund.<\/p>\n<p>&#8211; Meill\u00e4 oli t\u00e4n\u00e4\u00e4n parempi asenne, Westerlund tiivisti.<\/p>\n<p>\u00c5IFK:n p\u00e4\u00e4valmentaja Ulf Andersson oli harmissaan pisteiden menett\u00e4misest\u00e4.<\/p>\n<p>&#8211; Ensimm\u00e4inen puoliajan peli kulki niin kuin oli suunniteltu, mutta toiselle puoliajalle meille tuli huono alku ja KyIF teki kolme t\u00e4rke\u00e4\u00e4 maalia. Sitten meille tuli viel\u00e4 kaksi ulosajoa ratkaisevassa tilanteessa, Andersson mietti tappion syit\u00e4.<\/p>\n<p><strong>KyIF &#8211; \u00c5IFK 29-26 (15-16)<\/strong><\/p>\n<p><em>Yleis\u00f6m\u00e4\u00e4r\u00e4<\/em> : 165<\/p>\n<p><strong>Maalintekij\u00e4t<\/strong>:<br \/>\nKyIF: Kaivola Susanna 4, Olenius Carla 6, Jukola Maria 9, Andersson Sofia 1, M\u00e4nnikk\u00f6 Eliin 1, Friman Petra 3, Friman Carla 3, Fr\u00f6berg Linda 2<br \/>\n\u00c5IFK: Harri Anna 9, B\u00e4cklund Matilda 5, Forss Sofie 3, Martin Moa 1, Lagerbohm Fredrika 4, Kullberg Heidi 2, Symes Julia 2<\/p>\n<p><strong>L\u00e4hiTapiola-t\u00e4hdet<\/strong>:<br \/>\nKajsa Westerlund ***<br \/>\nAnna Harri **<br \/>\nMaria Jukola *<\/p>\n","protected":false},"excerpt":{"rendered":"<p>KyIF kohenteli asemiaan SM-sarjan keskikastissa kaatamalla sunnuntaina kotonaan \u00c5IFK:n. Ottelu eteni pitk\u00e4\u00e4n tasaisissa merkeiss\u00e4, mutta KyIF oli lopulta sen verran ter\u00e4v\u00e4mpi, ett\u00e4 k\u00e4\u00e4nsi numerot edukseen lukemin 29-26.<\/p>\n","protected":false},"author":13,"featured_media":4494,"comment_status":"closed","ping_status":"closed","sticky":false,"template":"","format":"standard","meta":{"_acf_changed":false,"jetpack_post_was_ever_published":false,"_jetpack_newsletter_access":"","_jetpack_dont_email_post_to_subs":false,"_jetpack_newsletter_tier_id":0,"_jetpack_memberships_contains_paywalled_content":false,"_jetpack_memberships_contains_paid_content":false,"footnotes":""},"categories":[18],"tags":[67,45],"class_list":["post-4591","post","type-post","status-publish","format-standard","has-post-thumbnail","hentry","category-ottelut-2013-2014","tag-kyif","tag-aifk"],"acf":[],"yoast_head":"<!-- This site is optimized with the Yoast SEO plugin v27.5 - https:\/\/yoast.com\/product\/yoast-seo-wordpress\/ -->\n<title>KyIF nousi voittoon \u00c5IFK:sta | K\u00e4sipallon naisten Aktialiiga<\/title>\n<meta name=\"robots\" content=\"index, follow, max-snippet:-1, max-image-preview:large, max-video-preview:-1\" \/>\n<link rel=\"canonical\" href=\"https:\/\/aktialiiga.fi\/naiset\/2013-2014\/ottelut-2013-2014\/kyif-nousi-voittoon-aifksta\/\" \/>\n<meta property=\"og:locale\" content=\"fi_FI\" \/>\n<meta property=\"og:type\" content=\"article\" \/>\n<meta property=\"og:title\" content=\"KyIF nousi voittoon \u00c5IFK:sta | K\u00e4sipallon naisten Aktialiiga\" \/>\n<meta property=\"og:description\" content=\"KyIF kohenteli asemiaan SM-sarjan keskikastissa kaatamalla sunnuntaina kotonaan \u00c5IFK:n. Ottelu eteni pitk\u00e4\u00e4n tasaisissa merkeiss\u00e4, mutta KyIF oli lopulta sen verran ter\u00e4v\u00e4mpi, ett\u00e4 k\u00e4\u00e4nsi numerot edukseen lukemin 29-26.\" \/>\n<meta property=\"og:url\" content=\"https:\/\/aktialiiga.fi\/naiset\/2013-2014\/ottelut-2013-2014\/kyif-nousi-voittoon-aifksta\/\" \/>\n<meta property=\"og:site_name\" content=\"K\u00e4sipallon naisten Aktialiiga\" \/>\n<meta property=\"article:publisher\" content=\"https:\/\/www.facebook.com\/finnhandball\" \/>\n<meta property=\"article:published_time\" content=\"2014-03-02T17:20:55+00:00\" \/>\n<meta property=\"article:modified_time\" content=\"2024-08-28T15:30:35+00:00\" \/>\n<meta property=\"og:image\" content=\"https:\/\/aktialiiga.fi\/naiset\/wp-content\/uploads\/sites\/6\/2014\/02\/Kuvitus_pallo1.jpg\" \/>\n\t<meta property=\"og:image:width\" content=\"300\" \/>\n\t<meta property=\"og:image:height\" content=\"300\" \/>\n\t<meta property=\"og:image:type\" content=\"image\/jpeg\" \/>\n<meta name=\"author\" content=\"tbrmedia\" \/>\n<meta name=\"twitter:card\" content=\"summary_large_image\" \/>\n<meta name=\"twitter:creator\" content=\"@finnhandball\" \/>\n<meta name=\"twitter:site\" content=\"@finnhandball\" \/>\n<script type=\"application\/ld+json\" class=\"yoast-schema-graph\">{\"@context\":\"https:\\\/\\\/schema.org\",\"@graph\":[{\"@type\":\"Article\",\"@id\":\"https:\\\/\\\/aktialiiga.fi\\\/naiset\\\/2013-2014\\\/ottelut-2013-2014\\\/kyif-nousi-voittoon-aifksta\\\/#article\",\"isPartOf\":{\"@id\":\"https:\\\/\\\/aktialiiga.fi\\\/naiset\\\/2013-2014\\\/ottelut-2013-2014\\\/kyif-nousi-voittoon-aifksta\\\/\"},\"author\":{\"name\":\"tbrmedia\",\"@id\":\"https:\\\/\\\/aktialiiga.fi\\\/naiset\\\/#\\\/schema\\\/person\\\/c14bf42f47041db74603c45afcb18d87\"},\"headline\":\"KyIF nousi voittoon \u00c5IFK:sta\",\"datePublished\":\"2014-03-02T17:20:55+00:00\",\"dateModified\":\"2024-08-28T15:30:35+00:00\",\"mainEntityOfPage\":{\"@id\":\"https:\\\/\\\/aktialiiga.fi\\\/naiset\\\/2013-2014\\\/ottelut-2013-2014\\\/kyif-nousi-voittoon-aifksta\\\/\"},\"wordCount\":241,\"publisher\":{\"@id\":\"https:\\\/\\\/aktialiiga.fi\\\/naiset\\\/#organization\"},\"image\":{\"@id\":\"https:\\\/\\\/aktialiiga.fi\\\/naiset\\\/2013-2014\\\/ottelut-2013-2014\\\/kyif-nousi-voittoon-aifksta\\\/#primaryimage\"},\"thumbnailUrl\":\"https:\\\/\\\/aktialiiga.fi\\\/naiset\\\/wp-content\\\/uploads\\\/sites\\\/6\\\/2014\\\/02\\\/Kuvitus_pallo1.jpg\",\"keywords\":[\"KyIF\",\"\u00c5IFK\"],\"articleSection\":[\"Ottelut\"],\"inLanguage\":\"fi\"},{\"@type\":\"WebPage\",\"@id\":\"https:\\\/\\\/aktialiiga.fi\\\/naiset\\\/2013-2014\\\/ottelut-2013-2014\\\/kyif-nousi-voittoon-aifksta\\\/\",\"url\":\"https:\\\/\\\/aktialiiga.fi\\\/naiset\\\/2013-2014\\\/ottelut-2013-2014\\\/kyif-nousi-voittoon-aifksta\\\/\",\"name\":\"KyIF nousi voittoon \u00c5IFK:sta | K\u00e4sipallon naisten Aktialiiga\",\"isPartOf\":{\"@id\":\"https:\\\/\\\/aktialiiga.fi\\\/naiset\\\/#website\"},\"primaryImageOfPage\":{\"@id\":\"https:\\\/\\\/aktialiiga.fi\\\/naiset\\\/2013-2014\\\/ottelut-2013-2014\\\/kyif-nousi-voittoon-aifksta\\\/#primaryimage\"},\"image\":{\"@id\":\"https:\\\/\\\/aktialiiga.fi\\\/naiset\\\/2013-2014\\\/ottelut-2013-2014\\\/kyif-nousi-voittoon-aifksta\\\/#primaryimage\"},\"thumbnailUrl\":\"https:\\\/\\\/aktialiiga.fi\\\/naiset\\\/wp-content\\\/uploads\\\/sites\\\/6\\\/2014\\\/02\\\/Kuvitus_pallo1.jpg\",\"datePublished\":\"2014-03-02T17:20:55+00:00\",\"dateModified\":\"2024-08-28T15:30:35+00:00\",\"breadcrumb\":{\"@id\":\"https:\\\/\\\/aktialiiga.fi\\\/naiset\\\/2013-2014\\\/ottelut-2013-2014\\\/kyif-nousi-voittoon-aifksta\\\/#breadcrumb\"},\"inLanguage\":\"fi\",\"potentialAction\":[{\"@type\":\"ReadAction\",\"target\":[\"https:\\\/\\\/aktialiiga.fi\\\/naiset\\\/2013-2014\\\/ottelut-2013-2014\\\/kyif-nousi-voittoon-aifksta\\\/\"]}]},{\"@type\":\"ImageObject\",\"inLanguage\":\"fi\",\"@id\":\"https:\\\/\\\/aktialiiga.fi\\\/naiset\\\/2013-2014\\\/ottelut-2013-2014\\\/kyif-nousi-voittoon-aifksta\\\/#primaryimage\",\"url\":\"https:\\\/\\\/aktialiiga.fi\\\/naiset\\\/wp-content\\\/uploads\\\/sites\\\/6\\\/2014\\\/02\\\/Kuvitus_pallo1.jpg\",\"contentUrl\":\"https:\\\/\\\/aktialiiga.fi\\\/naiset\\\/wp-content\\\/uploads\\\/sites\\\/6\\\/2014\\\/02\\\/Kuvitus_pallo1.jpg\",\"width\":300,\"height\":300,\"caption\":\"kuva: Juha Tamminen\"},{\"@type\":\"BreadcrumbList\",\"@id\":\"https:\\\/\\\/aktialiiga.fi\\\/naiset\\\/2013-2014\\\/ottelut-2013-2014\\\/kyif-nousi-voittoon-aifksta\\\/#breadcrumb\",\"itemListElement\":[{\"@type\":\"ListItem\",\"position\":1,\"name\":\"Etusivu\",\"item\":\"https:\\\/\\\/aktialiiga.fi\\\/naiset\\\/\"},{\"@type\":\"ListItem\",\"position\":2,\"name\":\"KyIF nousi voittoon \u00c5IFK:sta\"}]},{\"@type\":\"WebSite\",\"@id\":\"https:\\\/\\\/aktialiiga.fi\\\/naiset\\\/#website\",\"url\":\"https:\\\/\\\/aktialiiga.fi\\\/naiset\\\/\",\"name\":\"K\u00e4sipallon naisten Aktialiiga\",\"description\":\"Valtakunnan vauhdikkainta palloilua!\",\"publisher\":{\"@id\":\"https:\\\/\\\/aktialiiga.fi\\\/naiset\\\/#organization\"},\"potentialAction\":[{\"@type\":\"SearchAction\",\"target\":{\"@type\":\"EntryPoint\",\"urlTemplate\":\"https:\\\/\\\/aktialiiga.fi\\\/naiset\\\/?s={search_term_string}\"},\"query-input\":{\"@type\":\"PropertyValueSpecification\",\"valueRequired\":true,\"valueName\":\"search_term_string\"}}],\"inLanguage\":\"fi\"},{\"@type\":\"Organization\",\"@id\":\"https:\\\/\\\/aktialiiga.fi\\\/naiset\\\/#organization\",\"name\":\"K\u00e4sipallon naisten Aktialiiga\",\"url\":\"https:\\\/\\\/aktialiiga.fi\\\/naiset\\\/\",\"logo\":{\"@type\":\"ImageObject\",\"inLanguage\":\"fi\",\"@id\":\"https:\\\/\\\/aktialiiga.fi\\\/naiset\\\/#\\\/schema\\\/logo\\\/image\\\/\",\"url\":\"https:\\\/\\\/aktialiiga.fi\\\/naiset\\\/wp-content\\\/uploads\\\/sites\\\/6\\\/2024\\\/09\\\/Aktialiiga-Yoast-512.png\",\"contentUrl\":\"https:\\\/\\\/aktialiiga.fi\\\/naiset\\\/wp-content\\\/uploads\\\/sites\\\/6\\\/2024\\\/09\\\/Aktialiiga-Yoast-512.png\",\"width\":512,\"height\":512,\"caption\":\"K\u00e4sipallon naisten Aktialiiga\"},\"image\":{\"@id\":\"https:\\\/\\\/aktialiiga.fi\\\/naiset\\\/#\\\/schema\\\/logo\\\/image\\\/\"},\"sameAs\":[\"https:\\\/\\\/www.facebook.com\\\/finnhandball\",\"https:\\\/\\\/x.com\\\/finnhandball\",\"https:\\\/\\\/www.instagram.com\\\/handballfinland\\\/\"]},{\"@type\":\"Person\",\"@id\":\"https:\\\/\\\/aktialiiga.fi\\\/naiset\\\/#\\\/schema\\\/person\\\/c14bf42f47041db74603c45afcb18d87\",\"name\":\"tbrmedia\",\"image\":{\"@type\":\"ImageObject\",\"inLanguage\":\"fi\",\"@id\":\"https:\\\/\\\/secure.gravatar.com\\\/avatar\\\/ee975fa091fe581d12b60debb3439022686618368a7c142044c56724d4666b16?s=96&d=mm&r=g\",\"url\":\"https:\\\/\\\/secure.gravatar.com\\\/avatar\\\/ee975fa091fe581d12b60debb3439022686618368a7c142044c56724d4666b16?s=96&d=mm&r=g\",\"contentUrl\":\"https:\\\/\\\/secure.gravatar.com\\\/avatar\\\/ee975fa091fe581d12b60debb3439022686618368a7c142044c56724d4666b16?s=96&d=mm&r=g\",\"caption\":\"tbrmedia\"}}]}<\/script>\n<!-- \/ Yoast SEO plugin. -->","yoast_head_json":{"title":"KyIF nousi voittoon \u00c5IFK:sta | K\u00e4sipallon naisten Aktialiiga","robots":{"index":"index","follow":"follow","max-snippet":"max-snippet:-1","max-image-preview":"max-image-preview:large","max-video-preview":"max-video-preview:-1"},"canonical":"https:\/\/aktialiiga.fi\/naiset\/2013-2014\/ottelut-2013-2014\/kyif-nousi-voittoon-aifksta\/","og_locale":"fi_FI","og_type":"article","og_title":"KyIF nousi voittoon \u00c5IFK:sta | K\u00e4sipallon naisten Aktialiiga","og_description":"KyIF kohenteli asemiaan SM-sarjan keskikastissa kaatamalla sunnuntaina kotonaan \u00c5IFK:n. Ottelu eteni pitk\u00e4\u00e4n tasaisissa merkeiss\u00e4, mutta KyIF oli lopulta sen verran ter\u00e4v\u00e4mpi, ett\u00e4 k\u00e4\u00e4nsi numerot edukseen lukemin 29-26.","og_url":"https:\/\/aktialiiga.fi\/naiset\/2013-2014\/ottelut-2013-2014\/kyif-nousi-voittoon-aifksta\/","og_site_name":"K\u00e4sipallon naisten Aktialiiga","article_publisher":"https:\/\/www.facebook.com\/finnhandball","article_published_time":"2014-03-02T17:20:55+00:00","article_modified_time":"2024-08-28T15:30:35+00:00","og_image":[{"width":300,"height":300,"url":"https:\/\/aktialiiga.fi\/naiset\/wp-content\/uploads\/sites\/6\/2014\/02\/Kuvitus_pallo1.jpg","type":"image\/jpeg"}],"author":"tbrmedia","twitter_card":"summary_large_image","twitter_creator":"@finnhandball","twitter_site":"@finnhandball","schema":{"@context":"https:\/\/schema.org","@graph":[{"@type":"Article","@id":"https:\/\/aktialiiga.fi\/naiset\/2013-2014\/ottelut-2013-2014\/kyif-nousi-voittoon-aifksta\/#article","isPartOf":{"@id":"https:\/\/aktialiiga.fi\/naiset\/2013-2014\/ottelut-2013-2014\/kyif-nousi-voittoon-aifksta\/"},"author":{"name":"tbrmedia","@id":"https:\/\/aktialiiga.fi\/naiset\/#\/schema\/person\/c14bf42f47041db74603c45afcb18d87"},"headline":"KyIF nousi voittoon \u00c5IFK:sta","datePublished":"2014-03-02T17:20:55+00:00","dateModified":"2024-08-28T15:30:35+00:00","mainEntityOfPage":{"@id":"https:\/\/aktialiiga.fi\/naiset\/2013-2014\/ottelut-2013-2014\/kyif-nousi-voittoon-aifksta\/"},"wordCount":241,"publisher":{"@id":"https:\/\/aktialiiga.fi\/naiset\/#organization"},"image":{"@id":"https:\/\/aktialiiga.fi\/naiset\/2013-2014\/ottelut-2013-2014\/kyif-nousi-voittoon-aifksta\/#primaryimage"},"thumbnailUrl":"https:\/\/aktialiiga.fi\/naiset\/wp-content\/uploads\/sites\/6\/2014\/02\/Kuvitus_pallo1.jpg","keywords":["KyIF","\u00c5IFK"],"articleSection":["Ottelut"],"inLanguage":"fi"},{"@type":"WebPage","@id":"https:\/\/aktialiiga.fi\/naiset\/2013-2014\/ottelut-2013-2014\/kyif-nousi-voittoon-aifksta\/","url":"https:\/\/aktialiiga.fi\/naiset\/2013-2014\/ottelut-2013-2014\/kyif-nousi-voittoon-aifksta\/","name":"KyIF nousi voittoon \u00c5IFK:sta | K\u00e4sipallon naisten Aktialiiga","isPartOf":{"@id":"https:\/\/aktialiiga.fi\/naiset\/#website"},"primaryImageOfPage":{"@id":"https:\/\/aktialiiga.fi\/naiset\/2013-2014\/ottelut-2013-2014\/kyif-nousi-voittoon-aifksta\/#primaryimage"},"image":{"@id":"https:\/\/aktialiiga.fi\/naiset\/2013-2014\/ottelut-2013-2014\/kyif-nousi-voittoon-aifksta\/#primaryimage"},"thumbnailUrl":"https:\/\/aktialiiga.fi\/naiset\/wp-content\/uploads\/sites\/6\/2014\/02\/Kuvitus_pallo1.jpg","datePublished":"2014-03-02T17:20:55+00:00","dateModified":"2024-08-28T15:30:35+00:00","breadcrumb":{"@id":"https:\/\/aktialiiga.fi\/naiset\/2013-2014\/ottelut-2013-2014\/kyif-nousi-voittoon-aifksta\/#breadcrumb"},"inLanguage":"fi","potentialAction":[{"@type":"ReadAction","target":["https:\/\/aktialiiga.fi\/naiset\/2013-2014\/ottelut-2013-2014\/kyif-nousi-voittoon-aifksta\/"]}]},{"@type":"ImageObject","inLanguage":"fi","@id":"https:\/\/aktialiiga.fi\/naiset\/2013-2014\/ottelut-2013-2014\/kyif-nousi-voittoon-aifksta\/#primaryimage","url":"https:\/\/aktialiiga.fi\/naiset\/wp-content\/uploads\/sites\/6\/2014\/02\/Kuvitus_pallo1.jpg","contentUrl":"https:\/\/aktialiiga.fi\/naiset\/wp-content\/uploads\/sites\/6\/2014\/02\/Kuvitus_pallo1.jpg","width":300,"height":300,"caption":"kuva: Juha Tamminen"},{"@type":"BreadcrumbList","@id":"https:\/\/aktialiiga.fi\/naiset\/2013-2014\/ottelut-2013-2014\/kyif-nousi-voittoon-aifksta\/#breadcrumb","itemListElement":[{"@type":"ListItem","position":1,"name":"Etusivu","item":"https:\/\/aktialiiga.fi\/naiset\/"},{"@type":"ListItem","position":2,"name":"KyIF nousi voittoon \u00c5IFK:sta"}]},{"@type":"WebSite","@id":"https:\/\/aktialiiga.fi\/naiset\/#website","url":"https:\/\/aktialiiga.fi\/naiset\/","name":"K\u00e4sipallon naisten Aktialiiga","description":"Valtakunnan vauhdikkainta palloilua!","publisher":{"@id":"https:\/\/aktialiiga.fi\/naiset\/#organization"},"potentialAction":[{"@type":"SearchAction","target":{"@type":"EntryPoint","urlTemplate":"https:\/\/aktialiiga.fi\/naiset\/?s={search_term_string}"},"query-input":{"@type":"PropertyValueSpecification","valueRequired":true,"valueName":"search_term_string"}}],"inLanguage":"fi"},{"@type":"Organization","@id":"https:\/\/aktialiiga.fi\/naiset\/#organization","name":"K\u00e4sipallon naisten Aktialiiga","url":"https:\/\/aktialiiga.fi\/naiset\/","logo":{"@type":"ImageObject","inLanguage":"fi","@id":"https:\/\/aktialiiga.fi\/naiset\/#\/schema\/logo\/image\/","url":"https:\/\/aktialiiga.fi\/naiset\/wp-content\/uploads\/sites\/6\/2024\/09\/Aktialiiga-Yoast-512.png","contentUrl":"https:\/\/aktialiiga.fi\/naiset\/wp-content\/uploads\/sites\/6\/2024\/09\/Aktialiiga-Yoast-512.png","width":512,"height":512,"caption":"K\u00e4sipallon naisten Aktialiiga"},"image":{"@id":"https:\/\/aktialiiga.fi\/naiset\/#\/schema\/logo\/image\/"},"sameAs":["https:\/\/www.facebook.com\/finnhandball","https:\/\/x.com\/finnhandball","https:\/\/www.instagram.com\/handballfinland\/"]},{"@type":"Person","@id":"https:\/\/aktialiiga.fi\/naiset\/#\/schema\/person\/c14bf42f47041db74603c45afcb18d87","name":"tbrmedia","image":{"@type":"ImageObject","inLanguage":"fi","@id":"https:\/\/secure.gravatar.com\/avatar\/ee975fa091fe581d12b60debb3439022686618368a7c142044c56724d4666b16?s=96&d=mm&r=g","url":"https:\/\/secure.gravatar.com\/avatar\/ee975fa091fe581d12b60debb3439022686618368a7c142044c56724d4666b16?s=96&d=mm&r=g","contentUrl":"https:\/\/secure.gravatar.com\/avatar\/ee975fa091fe581d12b60debb3439022686618368a7c142044c56724d4666b16?s=96&d=mm&r=g","caption":"tbrmedia"}}]}},"jetpack_featured_media_url":"https:\/\/aktialiiga.fi\/naiset\/wp-content\/uploads\/sites\/6\/2014\/02\/Kuvitus_pallo1.jpg","jetpack_sharing_enabled":true,"jetpack_shortlink":"https:\/\/wp.me\/pfYhm6-1c3","_links":{"self":[{"href":"https:\/\/aktialiiga.fi\/naiset\/wp-json\/wp\/v2\/posts\/4591","targetHints":{"allow":["GET"]}}],"collection":[{"href":"https:\/\/aktialiiga.fi\/naiset\/wp-json\/wp\/v2\/posts"}],"about":[{"href":"https:\/\/aktialiiga.fi\/naiset\/wp-json\/wp\/v2\/types\/post"}],"author":[{"embeddable":true,"href":"https:\/\/aktialiiga.fi\/naiset\/wp-json\/wp\/v2\/users\/13"}],"replies":[{"embeddable":true,"href":"https:\/\/aktialiiga.fi\/naiset\/wp-json\/wp\/v2\/comments?post=4591"}],"version-history":[{"count":1,"href":"https:\/\/aktialiiga.fi\/naiset\/wp-json\/wp\/v2\/posts\/4591\/revisions"}],"predecessor-version":[{"id":39456,"href":"https:\/\/aktialiiga.fi\/naiset\/wp-json\/wp\/v2\/posts\/4591\/revisions\/39456"}],"wp:featuredmedia":[{"embeddable":true,"href":"https:\/\/aktialiiga.fi\/naiset\/wp-json\/wp\/v2\/media\/4494"}],"wp:attachment":[{"href":"https:\/\/aktialiiga.fi\/naiset\/wp-json\/wp\/v2\/media?parent=4591"}],"wp:term":[{"taxonomy":"category","embeddable":true,"href":"https:\/\/aktialiiga.fi\/naiset\/wp-json\/wp\/v2\/categories?post=4591"},{"taxonomy":"post_tag","embeddable":true,"href":"https:\/\/aktialiiga.fi\/naiset\/wp-json\/wp\/v2\/tags?post=4591"}],"curies":[{"name":"wp","href":"https:\/\/api.w.org\/{rel}","templated":true}]}}