{"id":46039,"date":"2025-12-07T18:54:22","date_gmt":"2025-12-07T16:54:22","guid":{"rendered":"https:\/\/aktialiiga.fi\/naiset\/?p=46039"},"modified":"2025-12-07T21:04:17","modified_gmt":"2025-12-07T19:04:17","slug":"dicken-ei-jattanyt-mitaan-sattuman-varaan-sifn-vieraana","status":"publish","type":"post","link":"https:\/\/aktialiiga.fi\/naiset\/2025-2026\/ottelut-2025-26\/dicken-ei-jattanyt-mitaan-sattuman-varaan-sifn-vieraana\/","title":{"rendered":"Dicken ei j\u00e4tt\u00e4nyt mit\u00e4\u00e4n sattuman varaan SIF:n vieraana"},"content":{"rendered":"<p>Dicken otti kauden toisen voittonsa ja ison otteen puoliv\u00e4lier\u00e4paikasta kaatamalla SIF:n 36-20 (15-11).<\/p>\n<p>SIF tuli otteluun pirte\u00e4sti ja johti suurimman osan ajan ensimm\u00e4isest\u00e4 jaksosta. Puoliv\u00e4liss\u00e4 SIF johti viel\u00e4 kolmella maalilla ja viimeisell\u00e4 kympill\u00e4 se johti viel\u00e4 maalilla. Sen j\u00e4lkeen Dicken iski viisi per\u00e4kk\u00e4ist\u00e4 maalia ja hankki itselleen nelj\u00e4n maalin etumatkan toiselle puoliajalle.<\/p>\n<p>Dicken tuli vauhdilla toiselle jaksolle ja vei ensimm\u00e4isen kympin 10-1 ratkaisten ottelun. Malena Heikkinen oli ottelussa hurjalla p\u00e4\u00e4ll\u00e4 heitt\u00e4en 12 maalia.<\/p>\n<p>Dickenin Jannie Gr\u00f6nmark saavutti ottelussa 150 p\u00e4\u00e4sarjamaalin rajapyykin.<\/p>\n<p>SIF:n p\u00e4\u00e4valmentaja Viljami Kuntsi katseli tyytyv\u00e4isen\u00e4 ensimm\u00e4isen puoliajan esityst\u00e4, mutta toisella eiv\u00e4t jalat en\u00e4\u00e4 riitt\u00e4neet.<\/p>\n<p>&#8211; Loistava alku, v\u00e4synyt loppu. Ensimm\u00e4isen puoliajan peli\u00e4 oli kiva katsoa, kun pelattiin hyv\u00e4\u00e4 k\u00e4sipalloa. Valitettavasti ei jaksettu tehd\u00e4 sit\u00e4 koko ottelua. Dicken suoritti tasaisesti l\u00e4pi koko ottelun, mill\u00e4 ansaitsivat voittonsa, Kuntsi tunnusti pelin j\u00e4lkeen.<\/p>\n<p>Dickenin p\u00e4\u00e4valmentaja Ken Sirenius antoi pelaajilleen kunniaa.<\/p>\n<p>&#8211; Annetaan t\u00e4ysi kunnia pelaajille, jotka kasvavat ja nostavat omaa suoritustaan koko ottelun l\u00e4pi. Vaikka startti ei ollut ihan parasta, loppu ottelu toimi hyvin. Kiitos Siuntiolle pelist\u00e4.<\/p>\n<p>Malena Heikkinen l\u00f6ysi omiensa riveist\u00e4 monta onnistujaa.<\/p>\n<p>&#8211; Tahmean alun j\u00e4lkeen onnistuimme mielest\u00e4ni leve\u00e4ll\u00e4 rintamalla. Varsinkin toisen puoliajan peli meid\u00e4n kannattaa ottaa mukaamme. Ilona Kosonen teki hienon ty\u00f6n maalissa. Kiitos my\u00f6s SIF:lle hyv\u00e4st\u00e4 taistelusta.<\/p>\n","protected":false},"excerpt":{"rendered":"<p>Dicken otti kauden toisen voittonsa ja ison otteen puoliv\u00e4lier\u00e4paikasta kaatamalla SIF:n 36-20 (15-11). SIF tuli otteluun pirte\u00e4sti ja johti suurimman osan ajan ensimm\u00e4isest\u00e4 jaksosta. Puoliv\u00e4liss\u00e4 SIF johti viel\u00e4 kolmella maalilla ja viimeisell\u00e4 kympill\u00e4 se johti viel\u00e4 maalilla. Sen j\u00e4lkeen Dicken iski viisi per\u00e4kk\u00e4ist\u00e4 maalia ja hankki itselleen nelj\u00e4n maalin etumatkan toiselle puoliajalle. Dicken tuli vauhdilla [&hellip;]<\/p>\n","protected":false},"author":13,"featured_media":44875,"comment_status":"closed","ping_status":"closed","sticky":false,"template":"","format":"standard","meta":{"_acf_changed":false,"jetpack_post_was_ever_published":false,"_jetpack_newsletter_access":"","_jetpack_dont_email_post_to_subs":false,"_jetpack_newsletter_tier_id":0,"_jetpack_memberships_contains_paywalled_content":false,"_jetpack_memberships_contains_paid_content":false,"footnotes":""},"categories":[275],"tags":[51,81],"class_list":["post-46039","post","type-post","status-publish","format-standard","has-post-thumbnail","hentry","category-ottelut-2025-26","tag-dicken","tag-sif"],"acf":[],"yoast_head":"<!-- This site is optimized with the Yoast SEO plugin v27.5 - https:\/\/yoast.com\/product\/yoast-seo-wordpress\/ -->\n<title>Dicken ei j\u00e4tt\u00e4nyt mit\u00e4\u00e4n sattuman varaan SIF:n vieraana | K\u00e4sipallon naisten Aktialiiga<\/title>\n<meta name=\"robots\" content=\"index, follow, max-snippet:-1, max-image-preview:large, max-video-preview:-1\" \/>\n<link rel=\"canonical\" href=\"https:\/\/aktialiiga.fi\/naiset\/2025-2026\/ottelut-2025-26\/dicken-ei-jattanyt-mitaan-sattuman-varaan-sifn-vieraana\/\" \/>\n<meta property=\"og:locale\" content=\"fi_FI\" \/>\n<meta property=\"og:type\" content=\"article\" \/>\n<meta property=\"og:title\" content=\"Dicken ei j\u00e4tt\u00e4nyt mit\u00e4\u00e4n sattuman varaan SIF:n vieraana | K\u00e4sipallon naisten Aktialiiga\" \/>\n<meta property=\"og:description\" content=\"Dicken otti kauden toisen voittonsa ja ison otteen puoliv\u00e4lier\u00e4paikasta kaatamalla SIF:n 36-20 (15-11). SIF tuli otteluun pirte\u00e4sti ja johti suurimman osan ajan ensimm\u00e4isest\u00e4 jaksosta. Puoliv\u00e4liss\u00e4 SIF johti viel\u00e4 kolmella maalilla ja viimeisell\u00e4 kympill\u00e4 se johti viel\u00e4 maalilla. Sen j\u00e4lkeen Dicken iski viisi per\u00e4kk\u00e4ist\u00e4 maalia ja hankki itselleen nelj\u00e4n maalin etumatkan toiselle puoliajalle. Dicken tuli vauhdilla [&hellip;]\" \/>\n<meta property=\"og:url\" content=\"https:\/\/aktialiiga.fi\/naiset\/2025-2026\/ottelut-2025-26\/dicken-ei-jattanyt-mitaan-sattuman-varaan-sifn-vieraana\/\" \/>\n<meta property=\"og:site_name\" content=\"K\u00e4sipallon naisten Aktialiiga\" \/>\n<meta property=\"article:publisher\" content=\"https:\/\/www.facebook.com\/finnhandball\" \/>\n<meta property=\"article:published_time\" content=\"2025-12-07T16:54:22+00:00\" \/>\n<meta property=\"article:modified_time\" content=\"2025-12-07T19:04:17+00:00\" \/>\n<meta property=\"og:image\" content=\"https:\/\/aktialiiga.fi\/naiset\/wp-content\/uploads\/sites\/6\/2025\/09\/A7300460-1030x687.jpg\" \/>\n\t<meta property=\"og:image:width\" content=\"1030\" \/>\n\t<meta property=\"og:image:height\" content=\"687\" \/>\n\t<meta property=\"og:image:type\" content=\"image\/jpeg\" \/>\n<meta name=\"author\" content=\"tbrmedia\" \/>\n<meta name=\"twitter:card\" content=\"summary_large_image\" \/>\n<meta name=\"twitter:creator\" content=\"@finnhandball\" \/>\n<meta name=\"twitter:site\" content=\"@finnhandball\" \/>\n<script type=\"application\/ld+json\" class=\"yoast-schema-graph\">{\"@context\":\"https:\\\/\\\/schema.org\",\"@graph\":[{\"@type\":\"Article\",\"@id\":\"https:\\\/\\\/aktialiiga.fi\\\/naiset\\\/2025-2026\\\/ottelut-2025-26\\\/dicken-ei-jattanyt-mitaan-sattuman-varaan-sifn-vieraana\\\/#article\",\"isPartOf\":{\"@id\":\"https:\\\/\\\/aktialiiga.fi\\\/naiset\\\/2025-2026\\\/ottelut-2025-26\\\/dicken-ei-jattanyt-mitaan-sattuman-varaan-sifn-vieraana\\\/\"},\"author\":{\"name\":\"tbrmedia\",\"@id\":\"https:\\\/\\\/aktialiiga.fi\\\/naiset\\\/#\\\/schema\\\/person\\\/c14bf42f47041db74603c45afcb18d87\"},\"headline\":\"Dicken ei j\u00e4tt\u00e4nyt mit\u00e4\u00e4n sattuman varaan SIF:n vieraana\",\"datePublished\":\"2025-12-07T16:54:22+00:00\",\"dateModified\":\"2025-12-07T19:04:17+00:00\",\"mainEntityOfPage\":{\"@id\":\"https:\\\/\\\/aktialiiga.fi\\\/naiset\\\/2025-2026\\\/ottelut-2025-26\\\/dicken-ei-jattanyt-mitaan-sattuman-varaan-sifn-vieraana\\\/\"},\"wordCount\":247,\"publisher\":{\"@id\":\"https:\\\/\\\/aktialiiga.fi\\\/naiset\\\/#organization\"},\"image\":{\"@id\":\"https:\\\/\\\/aktialiiga.fi\\\/naiset\\\/2025-2026\\\/ottelut-2025-26\\\/dicken-ei-jattanyt-mitaan-sattuman-varaan-sifn-vieraana\\\/#primaryimage\"},\"thumbnailUrl\":\"https:\\\/\\\/aktialiiga.fi\\\/naiset\\\/wp-content\\\/uploads\\\/sites\\\/6\\\/2025\\\/09\\\/A7300460.jpg\",\"keywords\":[\"Dicken\",\"SIF\"],\"articleSection\":[\"Ottelut 2025-26\"],\"inLanguage\":\"fi\"},{\"@type\":\"WebPage\",\"@id\":\"https:\\\/\\\/aktialiiga.fi\\\/naiset\\\/2025-2026\\\/ottelut-2025-26\\\/dicken-ei-jattanyt-mitaan-sattuman-varaan-sifn-vieraana\\\/\",\"url\":\"https:\\\/\\\/aktialiiga.fi\\\/naiset\\\/2025-2026\\\/ottelut-2025-26\\\/dicken-ei-jattanyt-mitaan-sattuman-varaan-sifn-vieraana\\\/\",\"name\":\"Dicken ei j\u00e4tt\u00e4nyt mit\u00e4\u00e4n sattuman varaan SIF:n vieraana | K\u00e4sipallon naisten Aktialiiga\",\"isPartOf\":{\"@id\":\"https:\\\/\\\/aktialiiga.fi\\\/naiset\\\/#website\"},\"primaryImageOfPage\":{\"@id\":\"https:\\\/\\\/aktialiiga.fi\\\/naiset\\\/2025-2026\\\/ottelut-2025-26\\\/dicken-ei-jattanyt-mitaan-sattuman-varaan-sifn-vieraana\\\/#primaryimage\"},\"image\":{\"@id\":\"https:\\\/\\\/aktialiiga.fi\\\/naiset\\\/2025-2026\\\/ottelut-2025-26\\\/dicken-ei-jattanyt-mitaan-sattuman-varaan-sifn-vieraana\\\/#primaryimage\"},\"thumbnailUrl\":\"https:\\\/\\\/aktialiiga.fi\\\/naiset\\\/wp-content\\\/uploads\\\/sites\\\/6\\\/2025\\\/09\\\/A7300460.jpg\",\"datePublished\":\"2025-12-07T16:54:22+00:00\",\"dateModified\":\"2025-12-07T19:04:17+00:00\",\"breadcrumb\":{\"@id\":\"https:\\\/\\\/aktialiiga.fi\\\/naiset\\\/2025-2026\\\/ottelut-2025-26\\\/dicken-ei-jattanyt-mitaan-sattuman-varaan-sifn-vieraana\\\/#breadcrumb\"},\"inLanguage\":\"fi\",\"potentialAction\":[{\"@type\":\"ReadAction\",\"target\":[\"https:\\\/\\\/aktialiiga.fi\\\/naiset\\\/2025-2026\\\/ottelut-2025-26\\\/dicken-ei-jattanyt-mitaan-sattuman-varaan-sifn-vieraana\\\/\"]}]},{\"@type\":\"ImageObject\",\"inLanguage\":\"fi\",\"@id\":\"https:\\\/\\\/aktialiiga.fi\\\/naiset\\\/2025-2026\\\/ottelut-2025-26\\\/dicken-ei-jattanyt-mitaan-sattuman-varaan-sifn-vieraana\\\/#primaryimage\",\"url\":\"https:\\\/\\\/aktialiiga.fi\\\/naiset\\\/wp-content\\\/uploads\\\/sites\\\/6\\\/2025\\\/09\\\/A7300460.jpg\",\"contentUrl\":\"https:\\\/\\\/aktialiiga.fi\\\/naiset\\\/wp-content\\\/uploads\\\/sites\\\/6\\\/2025\\\/09\\\/A7300460.jpg\",\"width\":4156,\"height\":2771,\"caption\":\"Dicken, 2025-26\"},{\"@type\":\"BreadcrumbList\",\"@id\":\"https:\\\/\\\/aktialiiga.fi\\\/naiset\\\/2025-2026\\\/ottelut-2025-26\\\/dicken-ei-jattanyt-mitaan-sattuman-varaan-sifn-vieraana\\\/#breadcrumb\",\"itemListElement\":[{\"@type\":\"ListItem\",\"position\":1,\"name\":\"Etusivu\",\"item\":\"https:\\\/\\\/aktialiiga.fi\\\/naiset\\\/\"},{\"@type\":\"ListItem\",\"position\":2,\"name\":\"Dicken ei j\u00e4tt\u00e4nyt mit\u00e4\u00e4n sattuman varaan SIF:n vieraana\"}]},{\"@type\":\"WebSite\",\"@id\":\"https:\\\/\\\/aktialiiga.fi\\\/naiset\\\/#website\",\"url\":\"https:\\\/\\\/aktialiiga.fi\\\/naiset\\\/\",\"name\":\"K\u00e4sipallon naisten Aktialiiga\",\"description\":\"Valtakunnan vauhdikkainta palloilua!\",\"publisher\":{\"@id\":\"https:\\\/\\\/aktialiiga.fi\\\/naiset\\\/#organization\"},\"potentialAction\":[{\"@type\":\"SearchAction\",\"target\":{\"@type\":\"EntryPoint\",\"urlTemplate\":\"https:\\\/\\\/aktialiiga.fi\\\/naiset\\\/?s={search_term_string}\"},\"query-input\":{\"@type\":\"PropertyValueSpecification\",\"valueRequired\":true,\"valueName\":\"search_term_string\"}}],\"inLanguage\":\"fi\"},{\"@type\":\"Organization\",\"@id\":\"https:\\\/\\\/aktialiiga.fi\\\/naiset\\\/#organization\",\"name\":\"K\u00e4sipallon naisten Aktialiiga\",\"url\":\"https:\\\/\\\/aktialiiga.fi\\\/naiset\\\/\",\"logo\":{\"@type\":\"ImageObject\",\"inLanguage\":\"fi\",\"@id\":\"https:\\\/\\\/aktialiiga.fi\\\/naiset\\\/#\\\/schema\\\/logo\\\/image\\\/\",\"url\":\"https:\\\/\\\/aktialiiga.fi\\\/naiset\\\/wp-content\\\/uploads\\\/sites\\\/6\\\/2024\\\/09\\\/Aktialiiga-Yoast-512.png\",\"contentUrl\":\"https:\\\/\\\/aktialiiga.fi\\\/naiset\\\/wp-content\\\/uploads\\\/sites\\\/6\\\/2024\\\/09\\\/Aktialiiga-Yoast-512.png\",\"width\":512,\"height\":512,\"caption\":\"K\u00e4sipallon naisten Aktialiiga\"},\"image\":{\"@id\":\"https:\\\/\\\/aktialiiga.fi\\\/naiset\\\/#\\\/schema\\\/logo\\\/image\\\/\"},\"sameAs\":[\"https:\\\/\\\/www.facebook.com\\\/finnhandball\",\"https:\\\/\\\/x.com\\\/finnhandball\",\"https:\\\/\\\/www.instagram.com\\\/handballfinland\\\/\"]},{\"@type\":\"Person\",\"@id\":\"https:\\\/\\\/aktialiiga.fi\\\/naiset\\\/#\\\/schema\\\/person\\\/c14bf42f47041db74603c45afcb18d87\",\"name\":\"tbrmedia\",\"image\":{\"@type\":\"ImageObject\",\"inLanguage\":\"fi\",\"@id\":\"https:\\\/\\\/secure.gravatar.com\\\/avatar\\\/ee975fa091fe581d12b60debb3439022686618368a7c142044c56724d4666b16?s=96&d=mm&r=g\",\"url\":\"https:\\\/\\\/secure.gravatar.com\\\/avatar\\\/ee975fa091fe581d12b60debb3439022686618368a7c142044c56724d4666b16?s=96&d=mm&r=g\",\"contentUrl\":\"https:\\\/\\\/secure.gravatar.com\\\/avatar\\\/ee975fa091fe581d12b60debb3439022686618368a7c142044c56724d4666b16?s=96&d=mm&r=g\",\"caption\":\"tbrmedia\"}}]}<\/script>\n<!-- \/ Yoast SEO plugin. -->","yoast_head_json":{"title":"Dicken ei j\u00e4tt\u00e4nyt mit\u00e4\u00e4n sattuman varaan SIF:n vieraana | K\u00e4sipallon naisten Aktialiiga","robots":{"index":"index","follow":"follow","max-snippet":"max-snippet:-1","max-image-preview":"max-image-preview:large","max-video-preview":"max-video-preview:-1"},"canonical":"https:\/\/aktialiiga.fi\/naiset\/2025-2026\/ottelut-2025-26\/dicken-ei-jattanyt-mitaan-sattuman-varaan-sifn-vieraana\/","og_locale":"fi_FI","og_type":"article","og_title":"Dicken ei j\u00e4tt\u00e4nyt mit\u00e4\u00e4n sattuman varaan SIF:n vieraana | K\u00e4sipallon naisten Aktialiiga","og_description":"Dicken otti kauden toisen voittonsa ja ison otteen puoliv\u00e4lier\u00e4paikasta kaatamalla SIF:n 36-20 (15-11). SIF tuli otteluun pirte\u00e4sti ja johti suurimman osan ajan ensimm\u00e4isest\u00e4 jaksosta. Puoliv\u00e4liss\u00e4 SIF johti viel\u00e4 kolmella maalilla ja viimeisell\u00e4 kympill\u00e4 se johti viel\u00e4 maalilla. Sen j\u00e4lkeen Dicken iski viisi per\u00e4kk\u00e4ist\u00e4 maalia ja hankki itselleen nelj\u00e4n maalin etumatkan toiselle puoliajalle. Dicken tuli vauhdilla [&hellip;]","og_url":"https:\/\/aktialiiga.fi\/naiset\/2025-2026\/ottelut-2025-26\/dicken-ei-jattanyt-mitaan-sattuman-varaan-sifn-vieraana\/","og_site_name":"K\u00e4sipallon naisten Aktialiiga","article_publisher":"https:\/\/www.facebook.com\/finnhandball","article_published_time":"2025-12-07T16:54:22+00:00","article_modified_time":"2025-12-07T19:04:17+00:00","og_image":[{"width":1030,"height":687,"url":"https:\/\/aktialiiga.fi\/naiset\/wp-content\/uploads\/sites\/6\/2025\/09\/A7300460-1030x687.jpg","type":"image\/jpeg"}],"author":"tbrmedia","twitter_card":"summary_large_image","twitter_creator":"@finnhandball","twitter_site":"@finnhandball","schema":{"@context":"https:\/\/schema.org","@graph":[{"@type":"Article","@id":"https:\/\/aktialiiga.fi\/naiset\/2025-2026\/ottelut-2025-26\/dicken-ei-jattanyt-mitaan-sattuman-varaan-sifn-vieraana\/#article","isPartOf":{"@id":"https:\/\/aktialiiga.fi\/naiset\/2025-2026\/ottelut-2025-26\/dicken-ei-jattanyt-mitaan-sattuman-varaan-sifn-vieraana\/"},"author":{"name":"tbrmedia","@id":"https:\/\/aktialiiga.fi\/naiset\/#\/schema\/person\/c14bf42f47041db74603c45afcb18d87"},"headline":"Dicken ei j\u00e4tt\u00e4nyt mit\u00e4\u00e4n sattuman varaan SIF:n vieraana","datePublished":"2025-12-07T16:54:22+00:00","dateModified":"2025-12-07T19:04:17+00:00","mainEntityOfPage":{"@id":"https:\/\/aktialiiga.fi\/naiset\/2025-2026\/ottelut-2025-26\/dicken-ei-jattanyt-mitaan-sattuman-varaan-sifn-vieraana\/"},"wordCount":247,"publisher":{"@id":"https:\/\/aktialiiga.fi\/naiset\/#organization"},"image":{"@id":"https:\/\/aktialiiga.fi\/naiset\/2025-2026\/ottelut-2025-26\/dicken-ei-jattanyt-mitaan-sattuman-varaan-sifn-vieraana\/#primaryimage"},"thumbnailUrl":"https:\/\/aktialiiga.fi\/naiset\/wp-content\/uploads\/sites\/6\/2025\/09\/A7300460.jpg","keywords":["Dicken","SIF"],"articleSection":["Ottelut 2025-26"],"inLanguage":"fi"},{"@type":"WebPage","@id":"https:\/\/aktialiiga.fi\/naiset\/2025-2026\/ottelut-2025-26\/dicken-ei-jattanyt-mitaan-sattuman-varaan-sifn-vieraana\/","url":"https:\/\/aktialiiga.fi\/naiset\/2025-2026\/ottelut-2025-26\/dicken-ei-jattanyt-mitaan-sattuman-varaan-sifn-vieraana\/","name":"Dicken ei j\u00e4tt\u00e4nyt mit\u00e4\u00e4n sattuman varaan SIF:n vieraana | K\u00e4sipallon naisten Aktialiiga","isPartOf":{"@id":"https:\/\/aktialiiga.fi\/naiset\/#website"},"primaryImageOfPage":{"@id":"https:\/\/aktialiiga.fi\/naiset\/2025-2026\/ottelut-2025-26\/dicken-ei-jattanyt-mitaan-sattuman-varaan-sifn-vieraana\/#primaryimage"},"image":{"@id":"https:\/\/aktialiiga.fi\/naiset\/2025-2026\/ottelut-2025-26\/dicken-ei-jattanyt-mitaan-sattuman-varaan-sifn-vieraana\/#primaryimage"},"thumbnailUrl":"https:\/\/aktialiiga.fi\/naiset\/wp-content\/uploads\/sites\/6\/2025\/09\/A7300460.jpg","datePublished":"2025-12-07T16:54:22+00:00","dateModified":"2025-12-07T19:04:17+00:00","breadcrumb":{"@id":"https:\/\/aktialiiga.fi\/naiset\/2025-2026\/ottelut-2025-26\/dicken-ei-jattanyt-mitaan-sattuman-varaan-sifn-vieraana\/#breadcrumb"},"inLanguage":"fi","potentialAction":[{"@type":"ReadAction","target":["https:\/\/aktialiiga.fi\/naiset\/2025-2026\/ottelut-2025-26\/dicken-ei-jattanyt-mitaan-sattuman-varaan-sifn-vieraana\/"]}]},{"@type":"ImageObject","inLanguage":"fi","@id":"https:\/\/aktialiiga.fi\/naiset\/2025-2026\/ottelut-2025-26\/dicken-ei-jattanyt-mitaan-sattuman-varaan-sifn-vieraana\/#primaryimage","url":"https:\/\/aktialiiga.fi\/naiset\/wp-content\/uploads\/sites\/6\/2025\/09\/A7300460.jpg","contentUrl":"https:\/\/aktialiiga.fi\/naiset\/wp-content\/uploads\/sites\/6\/2025\/09\/A7300460.jpg","width":4156,"height":2771,"caption":"Dicken, 2025-26"},{"@type":"BreadcrumbList","@id":"https:\/\/aktialiiga.fi\/naiset\/2025-2026\/ottelut-2025-26\/dicken-ei-jattanyt-mitaan-sattuman-varaan-sifn-vieraana\/#breadcrumb","itemListElement":[{"@type":"ListItem","position":1,"name":"Etusivu","item":"https:\/\/aktialiiga.fi\/naiset\/"},{"@type":"ListItem","position":2,"name":"Dicken ei j\u00e4tt\u00e4nyt mit\u00e4\u00e4n sattuman varaan SIF:n vieraana"}]},{"@type":"WebSite","@id":"https:\/\/aktialiiga.fi\/naiset\/#website","url":"https:\/\/aktialiiga.fi\/naiset\/","name":"K\u00e4sipallon naisten Aktialiiga","description":"Valtakunnan vauhdikkainta palloilua!","publisher":{"@id":"https:\/\/aktialiiga.fi\/naiset\/#organization"},"potentialAction":[{"@type":"SearchAction","target":{"@type":"EntryPoint","urlTemplate":"https:\/\/aktialiiga.fi\/naiset\/?s={search_term_string}"},"query-input":{"@type":"PropertyValueSpecification","valueRequired":true,"valueName":"search_term_string"}}],"inLanguage":"fi"},{"@type":"Organization","@id":"https:\/\/aktialiiga.fi\/naiset\/#organization","name":"K\u00e4sipallon naisten Aktialiiga","url":"https:\/\/aktialiiga.fi\/naiset\/","logo":{"@type":"ImageObject","inLanguage":"fi","@id":"https:\/\/aktialiiga.fi\/naiset\/#\/schema\/logo\/image\/","url":"https:\/\/aktialiiga.fi\/naiset\/wp-content\/uploads\/sites\/6\/2024\/09\/Aktialiiga-Yoast-512.png","contentUrl":"https:\/\/aktialiiga.fi\/naiset\/wp-content\/uploads\/sites\/6\/2024\/09\/Aktialiiga-Yoast-512.png","width":512,"height":512,"caption":"K\u00e4sipallon naisten Aktialiiga"},"image":{"@id":"https:\/\/aktialiiga.fi\/naiset\/#\/schema\/logo\/image\/"},"sameAs":["https:\/\/www.facebook.com\/finnhandball","https:\/\/x.com\/finnhandball","https:\/\/www.instagram.com\/handballfinland\/"]},{"@type":"Person","@id":"https:\/\/aktialiiga.fi\/naiset\/#\/schema\/person\/c14bf42f47041db74603c45afcb18d87","name":"tbrmedia","image":{"@type":"ImageObject","inLanguage":"fi","@id":"https:\/\/secure.gravatar.com\/avatar\/ee975fa091fe581d12b60debb3439022686618368a7c142044c56724d4666b16?s=96&d=mm&r=g","url":"https:\/\/secure.gravatar.com\/avatar\/ee975fa091fe581d12b60debb3439022686618368a7c142044c56724d4666b16?s=96&d=mm&r=g","contentUrl":"https:\/\/secure.gravatar.com\/avatar\/ee975fa091fe581d12b60debb3439022686618368a7c142044c56724d4666b16?s=96&d=mm&r=g","caption":"tbrmedia"}}]}},"jetpack_featured_media_url":"https:\/\/aktialiiga.fi\/naiset\/wp-content\/uploads\/sites\/6\/2025\/09\/A7300460.jpg","jetpack_sharing_enabled":true,"jetpack_shortlink":"https:\/\/wp.me\/pfYhm6-bYz","_links":{"self":[{"href":"https:\/\/aktialiiga.fi\/naiset\/wp-json\/wp\/v2\/posts\/46039","targetHints":{"allow":["GET"]}}],"collection":[{"href":"https:\/\/aktialiiga.fi\/naiset\/wp-json\/wp\/v2\/posts"}],"about":[{"href":"https:\/\/aktialiiga.fi\/naiset\/wp-json\/wp\/v2\/types\/post"}],"author":[{"embeddable":true,"href":"https:\/\/aktialiiga.fi\/naiset\/wp-json\/wp\/v2\/users\/13"}],"replies":[{"embeddable":true,"href":"https:\/\/aktialiiga.fi\/naiset\/wp-json\/wp\/v2\/comments?post=46039"}],"version-history":[{"count":3,"href":"https:\/\/aktialiiga.fi\/naiset\/wp-json\/wp\/v2\/posts\/46039\/revisions"}],"predecessor-version":[{"id":46043,"href":"https:\/\/aktialiiga.fi\/naiset\/wp-json\/wp\/v2\/posts\/46039\/revisions\/46043"}],"wp:featuredmedia":[{"embeddable":true,"href":"https:\/\/aktialiiga.fi\/naiset\/wp-json\/wp\/v2\/media\/44875"}],"wp:attachment":[{"href":"https:\/\/aktialiiga.fi\/naiset\/wp-json\/wp\/v2\/media?parent=46039"}],"wp:term":[{"taxonomy":"category","embeddable":true,"href":"https:\/\/aktialiiga.fi\/naiset\/wp-json\/wp\/v2\/categories?post=46039"},{"taxonomy":"post_tag","embeddable":true,"href":"https:\/\/aktialiiga.fi\/naiset\/wp-json\/wp\/v2\/tags?post=46039"}],"curies":[{"name":"wp","href":"https:\/\/api.w.org\/{rel}","templated":true}]}}