{"id":46051,"date":"2025-12-10T20:39:57","date_gmt":"2025-12-10T18:39:57","guid":{"rendered":"https:\/\/aktialiiga.fi\/naiset\/?p=46051"},"modified":"2025-12-11T19:05:32","modified_gmt":"2025-12-11T17:05:32","slug":"grifklle-tarkea-voitto-bk-46sta","status":"publish","type":"post","link":"https:\/\/aktialiiga.fi\/naiset\/2025-2026\/ottelut-2025-26\/grifklle-tarkea-voitto-bk-46sta\/","title":{"rendered":"GrIFK:lle t\u00e4rke\u00e4 voitto BK-46:sta"},"content":{"rendered":"<p>GrIFK otti ison voiton kaataessaan Aktialiigan k\u00e4rkiottelussa BK-46:n 37-24 (17-11).<\/p>\n<p>Ottelussa kohtasivat sarjan paras puolustus ja paras hy\u00f6kk\u00e4ys. T\u00e4ll\u00e4 kertaa vaaka kallistui puolustuksen suuntaan, kun GrIFK j\u00e4tti BK-46:n 24 maaliin. Hyv\u00e4 puolustus ja maalivahtity\u00f6 petasivat vastaavasti my\u00f6s nopean ja tehokkaan hy\u00f6kk\u00e4yspelin.<\/p>\n<p>GrIFK tuli otteluun todella kovaa ja ratkaisi ottelun k\u00e4yt\u00e4nn\u00f6ss\u00e4 ensimm\u00e4isen 11,5 minuutin aikana, kun se karkasi jo seitsem\u00e4n maalin johtoon. Sen j\u00e4lkeen BK-46 ei p\u00e4\u00e4ssyt miss\u00e4\u00e4n vaiheessa nelj\u00e4\u00e4 maalia l\u00e4hemm\u00e4s.<\/p>\n<p>BK-46 ei my\u00f6sk\u00e4\u00e4n saanut kiri\u00e4 k\u00e4yntiiin toisella puoliajalla, vaan GrIFK iski vain lis\u00e4\u00e4 p\u00f6kk\u00f6\u00e4 pes\u00e4\u00e4n. Grani iski laajalla rintamalla osumia ja samalla Alexandra Olsson pys\u00e4ytti kerta toisensa j\u00e4lkeen BK-46:n yritykset. Maalip\u00f6rssin ykk\u00f6snimi, BK-46:n, Patricia Ancka j\u00e4i kahteen maaliin ja heittoprosentti oli vain 22.<\/p>\n<p>Ottelu oli BK-46:n Sofie Lindholmin sadas ottelu p\u00e4\u00e4sarjassa.<\/p>\n<p>BK-46 jatkaa edelleen k\u00e4rjess\u00e4 pisteen erolla GrIFK:hon, mutta Granilla on per\u00e4ti kolme ottelua v\u00e4hemm\u00e4n pelattuna.<\/p>\n<p>GrIFK: p\u00e4\u00e4valmentaja Patrik Johanson saattoi l\u00e4hinn\u00e4 nauttia joukkueensa tekemisest\u00e4.<\/p>\n<p>&#8211; Pelist\u00e4 huomasi, ett\u00e4 tyt\u00f6t olivat innokkaita pelaamaan taas kolmen ja puolen viikon tauon j\u00e4lkeen. Meill\u00e4 oli vaikeuksia saada peli k\u00e4yntiin, mutta 60 minuutin ajan pelasimme hyv\u00e4\u00e4 puolustuspeli\u00e4. Juoksimme joukkueena ja pit\u00e4ydyimme siin\u00e4, mist\u00e4 sovittiin ennen peli\u00e4. Alexandra oli maaginen maalissa, Johanson kiitteli ottelun parhaaksi pelaajaksi valittua Alexandra Olssonia.<\/p>\n<p>Olsson vastasikin komean torjuntaty\u00f6n ohella per\u00e4ti kuudesta tehdyst\u00e4 maalista.<\/p>\n<p>&#8211; Tosi hyv\u00e4 ottelu meilt\u00e4 t\u00e4n\u00e4\u00e4n. Pelaamme yhdess\u00e4 joukkueena ja n\u00e4yt\u00e4mme j\u00e4lleen kerran, ett\u00e4 meill\u00e4 on eniten leveytt\u00e4 liigan joukkueista. Hy\u00f6kk\u00e4yksess\u00e4 meill\u00e4 on monta maalintekij\u00e4\u00e4 ja puolustuksessa olemme aggressiivisia ja aktiivisia, niin kuin olimme sopineet.<\/p>\n<p>&#8211; Melkein 40 tehty\u00e4 maalia on todella hyv\u00e4 suoritus meilt\u00e4. Yleis\u00f6 oli t\u00e4n\u00e4\u00e4n my\u00f6s mahtava, kiitos!<\/p>\n<p>BK-46:n p\u00e4\u00e4valmentaja Andreas R\u00f6nnberg kertoi osaltaan selityksen Olssonin maalikarkeloille.<\/p>\n<p>&#8211; Olimme liian huonoja 6 vastaan 6 peliss\u00e4. Olsson pelasi my\u00f6s hienon ottelun Granin maalissa. Teemme hyvin maaleja, kun pelaamme 7 vastaan 6, mutta p\u00e4\u00e4stimme, ik\u00e4v\u00e4 kyll\u00e4, Granin tekem\u00e4\u00e4n maaleja tyhj\u00e4\u00e4n maaliin. T\u00e4n\u00e4\u00e4n Grani oli selv\u00e4sti parempi joukkue, R\u00f6nnberg my\u00f6nsi.<\/p>\n<h4>Lue my\u00f6s<\/h4>\n<p><a href=\"https:\/\/aktialiiga.fi\/naiset\/ajankohtaista\/alexandra-olsson-teki-liigahistoriaa\/\">Alexandra Olsson teki liigahistoriaa<\/a><\/p>\n","protected":false},"excerpt":{"rendered":"<p>GrIFK otti ison voiton kaataessaan Aktialiigan k\u00e4rkiottelussa BK-46:n 37-24 (17-11). Ottelussa kohtasivat sarjan paras puolustus ja paras hy\u00f6kk\u00e4ys. T\u00e4ll\u00e4 kertaa vaaka kallistui puolustuksen suuntaan, kun GrIFK j\u00e4tti BK-46:n 24 maaliin. Hyv\u00e4 puolustus ja maalivahtity\u00f6 petasivat vastaavasti my\u00f6s nopean ja tehokkaan hy\u00f6kk\u00e4yspelin. GrIFK tuli otteluun todella kovaa ja ratkaisi ottelun k\u00e4yt\u00e4nn\u00f6ss\u00e4 ensimm\u00e4isen 11,5 minuutin aikana, kun [&hellip;]<\/p>\n","protected":false},"author":13,"featured_media":45210,"comment_status":"closed","ping_status":"closed","sticky":false,"template":"","format":"standard","meta":{"_acf_changed":false,"jetpack_post_was_ever_published":false,"_jetpack_newsletter_access":"","_jetpack_dont_email_post_to_subs":false,"_jetpack_newsletter_tier_id":0,"_jetpack_memberships_contains_paywalled_content":false,"_jetpack_memberships_contains_paid_content":false,"footnotes":""},"categories":[275],"tags":[49,57],"class_list":["post-46051","post","type-post","status-publish","format-standard","has-post-thumbnail","hentry","category-ottelut-2025-26","tag-bk-46","tag-grifk"],"acf":[],"yoast_head":"<!-- This site is optimized with the Yoast SEO plugin v27.5 - https:\/\/yoast.com\/product\/yoast-seo-wordpress\/ -->\n<title>GrIFK:lle t\u00e4rke\u00e4 voitto BK-46:sta | K\u00e4sipallon naisten Aktialiiga<\/title>\n<meta name=\"robots\" content=\"index, follow, max-snippet:-1, max-image-preview:large, max-video-preview:-1\" \/>\n<link rel=\"canonical\" href=\"https:\/\/aktialiiga.fi\/naiset\/2025-2026\/ottelut-2025-26\/grifklle-tarkea-voitto-bk-46sta\/\" \/>\n<meta property=\"og:locale\" content=\"fi_FI\" \/>\n<meta property=\"og:type\" content=\"article\" \/>\n<meta property=\"og:title\" content=\"GrIFK:lle t\u00e4rke\u00e4 voitto BK-46:sta | K\u00e4sipallon naisten Aktialiiga\" \/>\n<meta property=\"og:description\" content=\"GrIFK otti ison voiton kaataessaan Aktialiigan k\u00e4rkiottelussa BK-46:n 37-24 (17-11). Ottelussa kohtasivat sarjan paras puolustus ja paras hy\u00f6kk\u00e4ys. T\u00e4ll\u00e4 kertaa vaaka kallistui puolustuksen suuntaan, kun GrIFK j\u00e4tti BK-46:n 24 maaliin. Hyv\u00e4 puolustus ja maalivahtity\u00f6 petasivat vastaavasti my\u00f6s nopean ja tehokkaan hy\u00f6kk\u00e4yspelin. GrIFK tuli otteluun todella kovaa ja ratkaisi ottelun k\u00e4yt\u00e4nn\u00f6ss\u00e4 ensimm\u00e4isen 11,5 minuutin aikana, kun [&hellip;]\" \/>\n<meta property=\"og:url\" content=\"https:\/\/aktialiiga.fi\/naiset\/2025-2026\/ottelut-2025-26\/grifklle-tarkea-voitto-bk-46sta\/\" \/>\n<meta property=\"og:site_name\" content=\"K\u00e4sipallon naisten Aktialiiga\" \/>\n<meta property=\"article:publisher\" content=\"https:\/\/www.facebook.com\/finnhandball\" \/>\n<meta property=\"article:published_time\" content=\"2025-12-10T18:39:57+00:00\" \/>\n<meta property=\"article:modified_time\" content=\"2025-12-11T17:05:32+00:00\" \/>\n<meta property=\"og:image\" content=\"https:\/\/aktialiiga.fi\/naiset\/wp-content\/uploads\/sites\/6\/2025\/10\/A7301027-1030x687.jpg\" \/>\n\t<meta property=\"og:image:width\" content=\"1030\" \/>\n\t<meta property=\"og:image:height\" content=\"687\" \/>\n\t<meta property=\"og:image:type\" content=\"image\/jpeg\" \/>\n<meta name=\"author\" content=\"tbrmedia\" \/>\n<meta name=\"twitter:card\" content=\"summary_large_image\" \/>\n<meta name=\"twitter:creator\" content=\"@finnhandball\" \/>\n<meta name=\"twitter:site\" content=\"@finnhandball\" \/>\n<script type=\"application\/ld+json\" class=\"yoast-schema-graph\">{\"@context\":\"https:\\\/\\\/schema.org\",\"@graph\":[{\"@type\":\"Article\",\"@id\":\"https:\\\/\\\/aktialiiga.fi\\\/naiset\\\/2025-2026\\\/ottelut-2025-26\\\/grifklle-tarkea-voitto-bk-46sta\\\/#article\",\"isPartOf\":{\"@id\":\"https:\\\/\\\/aktialiiga.fi\\\/naiset\\\/2025-2026\\\/ottelut-2025-26\\\/grifklle-tarkea-voitto-bk-46sta\\\/\"},\"author\":{\"name\":\"tbrmedia\",\"@id\":\"https:\\\/\\\/aktialiiga.fi\\\/naiset\\\/#\\\/schema\\\/person\\\/c14bf42f47041db74603c45afcb18d87\"},\"headline\":\"GrIFK:lle t\u00e4rke\u00e4 voitto BK-46:sta\",\"datePublished\":\"2025-12-10T18:39:57+00:00\",\"dateModified\":\"2025-12-11T17:05:32+00:00\",\"mainEntityOfPage\":{\"@id\":\"https:\\\/\\\/aktialiiga.fi\\\/naiset\\\/2025-2026\\\/ottelut-2025-26\\\/grifklle-tarkea-voitto-bk-46sta\\\/\"},\"wordCount\":379,\"publisher\":{\"@id\":\"https:\\\/\\\/aktialiiga.fi\\\/naiset\\\/#organization\"},\"image\":{\"@id\":\"https:\\\/\\\/aktialiiga.fi\\\/naiset\\\/2025-2026\\\/ottelut-2025-26\\\/grifklle-tarkea-voitto-bk-46sta\\\/#primaryimage\"},\"thumbnailUrl\":\"https:\\\/\\\/aktialiiga.fi\\\/naiset\\\/wp-content\\\/uploads\\\/sites\\\/6\\\/2025\\\/10\\\/A7301027.jpg\",\"keywords\":[\"BK-46\",\"GrIFK\"],\"articleSection\":[\"Ottelut 2025-26\"],\"inLanguage\":\"fi\"},{\"@type\":\"WebPage\",\"@id\":\"https:\\\/\\\/aktialiiga.fi\\\/naiset\\\/2025-2026\\\/ottelut-2025-26\\\/grifklle-tarkea-voitto-bk-46sta\\\/\",\"url\":\"https:\\\/\\\/aktialiiga.fi\\\/naiset\\\/2025-2026\\\/ottelut-2025-26\\\/grifklle-tarkea-voitto-bk-46sta\\\/\",\"name\":\"GrIFK:lle t\u00e4rke\u00e4 voitto BK-46:sta | K\u00e4sipallon naisten Aktialiiga\",\"isPartOf\":{\"@id\":\"https:\\\/\\\/aktialiiga.fi\\\/naiset\\\/#website\"},\"primaryImageOfPage\":{\"@id\":\"https:\\\/\\\/aktialiiga.fi\\\/naiset\\\/2025-2026\\\/ottelut-2025-26\\\/grifklle-tarkea-voitto-bk-46sta\\\/#primaryimage\"},\"image\":{\"@id\":\"https:\\\/\\\/aktialiiga.fi\\\/naiset\\\/2025-2026\\\/ottelut-2025-26\\\/grifklle-tarkea-voitto-bk-46sta\\\/#primaryimage\"},\"thumbnailUrl\":\"https:\\\/\\\/aktialiiga.fi\\\/naiset\\\/wp-content\\\/uploads\\\/sites\\\/6\\\/2025\\\/10\\\/A7301027.jpg\",\"datePublished\":\"2025-12-10T18:39:57+00:00\",\"dateModified\":\"2025-12-11T17:05:32+00:00\",\"breadcrumb\":{\"@id\":\"https:\\\/\\\/aktialiiga.fi\\\/naiset\\\/2025-2026\\\/ottelut-2025-26\\\/grifklle-tarkea-voitto-bk-46sta\\\/#breadcrumb\"},\"inLanguage\":\"fi\",\"potentialAction\":[{\"@type\":\"ReadAction\",\"target\":[\"https:\\\/\\\/aktialiiga.fi\\\/naiset\\\/2025-2026\\\/ottelut-2025-26\\\/grifklle-tarkea-voitto-bk-46sta\\\/\"]}]},{\"@type\":\"ImageObject\",\"inLanguage\":\"fi\",\"@id\":\"https:\\\/\\\/aktialiiga.fi\\\/naiset\\\/2025-2026\\\/ottelut-2025-26\\\/grifklle-tarkea-voitto-bk-46sta\\\/#primaryimage\",\"url\":\"https:\\\/\\\/aktialiiga.fi\\\/naiset\\\/wp-content\\\/uploads\\\/sites\\\/6\\\/2025\\\/10\\\/A7301027.jpg\",\"contentUrl\":\"https:\\\/\\\/aktialiiga.fi\\\/naiset\\\/wp-content\\\/uploads\\\/sites\\\/6\\\/2025\\\/10\\\/A7301027.jpg\",\"width\":5463,\"height\":3642,\"caption\":\"Emily Johanson, GrIFK, 2025-26\"},{\"@type\":\"BreadcrumbList\",\"@id\":\"https:\\\/\\\/aktialiiga.fi\\\/naiset\\\/2025-2026\\\/ottelut-2025-26\\\/grifklle-tarkea-voitto-bk-46sta\\\/#breadcrumb\",\"itemListElement\":[{\"@type\":\"ListItem\",\"position\":1,\"name\":\"Etusivu\",\"item\":\"https:\\\/\\\/aktialiiga.fi\\\/naiset\\\/\"},{\"@type\":\"ListItem\",\"position\":2,\"name\":\"GrIFK:lle t\u00e4rke\u00e4 voitto BK-46:sta\"}]},{\"@type\":\"WebSite\",\"@id\":\"https:\\\/\\\/aktialiiga.fi\\\/naiset\\\/#website\",\"url\":\"https:\\\/\\\/aktialiiga.fi\\\/naiset\\\/\",\"name\":\"K\u00e4sipallon naisten Aktialiiga\",\"description\":\"Valtakunnan vauhdikkainta palloilua!\",\"publisher\":{\"@id\":\"https:\\\/\\\/aktialiiga.fi\\\/naiset\\\/#organization\"},\"potentialAction\":[{\"@type\":\"SearchAction\",\"target\":{\"@type\":\"EntryPoint\",\"urlTemplate\":\"https:\\\/\\\/aktialiiga.fi\\\/naiset\\\/?s={search_term_string}\"},\"query-input\":{\"@type\":\"PropertyValueSpecification\",\"valueRequired\":true,\"valueName\":\"search_term_string\"}}],\"inLanguage\":\"fi\"},{\"@type\":\"Organization\",\"@id\":\"https:\\\/\\\/aktialiiga.fi\\\/naiset\\\/#organization\",\"name\":\"K\u00e4sipallon naisten Aktialiiga\",\"url\":\"https:\\\/\\\/aktialiiga.fi\\\/naiset\\\/\",\"logo\":{\"@type\":\"ImageObject\",\"inLanguage\":\"fi\",\"@id\":\"https:\\\/\\\/aktialiiga.fi\\\/naiset\\\/#\\\/schema\\\/logo\\\/image\\\/\",\"url\":\"https:\\\/\\\/aktialiiga.fi\\\/naiset\\\/wp-content\\\/uploads\\\/sites\\\/6\\\/2024\\\/09\\\/Aktialiiga-Yoast-512.png\",\"contentUrl\":\"https:\\\/\\\/aktialiiga.fi\\\/naiset\\\/wp-content\\\/uploads\\\/sites\\\/6\\\/2024\\\/09\\\/Aktialiiga-Yoast-512.png\",\"width\":512,\"height\":512,\"caption\":\"K\u00e4sipallon naisten Aktialiiga\"},\"image\":{\"@id\":\"https:\\\/\\\/aktialiiga.fi\\\/naiset\\\/#\\\/schema\\\/logo\\\/image\\\/\"},\"sameAs\":[\"https:\\\/\\\/www.facebook.com\\\/finnhandball\",\"https:\\\/\\\/x.com\\\/finnhandball\",\"https:\\\/\\\/www.instagram.com\\\/handballfinland\\\/\"]},{\"@type\":\"Person\",\"@id\":\"https:\\\/\\\/aktialiiga.fi\\\/naiset\\\/#\\\/schema\\\/person\\\/c14bf42f47041db74603c45afcb18d87\",\"name\":\"tbrmedia\",\"image\":{\"@type\":\"ImageObject\",\"inLanguage\":\"fi\",\"@id\":\"https:\\\/\\\/secure.gravatar.com\\\/avatar\\\/ee975fa091fe581d12b60debb3439022686618368a7c142044c56724d4666b16?s=96&d=mm&r=g\",\"url\":\"https:\\\/\\\/secure.gravatar.com\\\/avatar\\\/ee975fa091fe581d12b60debb3439022686618368a7c142044c56724d4666b16?s=96&d=mm&r=g\",\"contentUrl\":\"https:\\\/\\\/secure.gravatar.com\\\/avatar\\\/ee975fa091fe581d12b60debb3439022686618368a7c142044c56724d4666b16?s=96&d=mm&r=g\",\"caption\":\"tbrmedia\"}}]}<\/script>\n<!-- \/ Yoast SEO plugin. -->","yoast_head_json":{"title":"GrIFK:lle t\u00e4rke\u00e4 voitto BK-46:sta | K\u00e4sipallon naisten Aktialiiga","robots":{"index":"index","follow":"follow","max-snippet":"max-snippet:-1","max-image-preview":"max-image-preview:large","max-video-preview":"max-video-preview:-1"},"canonical":"https:\/\/aktialiiga.fi\/naiset\/2025-2026\/ottelut-2025-26\/grifklle-tarkea-voitto-bk-46sta\/","og_locale":"fi_FI","og_type":"article","og_title":"GrIFK:lle t\u00e4rke\u00e4 voitto BK-46:sta | K\u00e4sipallon naisten Aktialiiga","og_description":"GrIFK otti ison voiton kaataessaan Aktialiigan k\u00e4rkiottelussa BK-46:n 37-24 (17-11). Ottelussa kohtasivat sarjan paras puolustus ja paras hy\u00f6kk\u00e4ys. T\u00e4ll\u00e4 kertaa vaaka kallistui puolustuksen suuntaan, kun GrIFK j\u00e4tti BK-46:n 24 maaliin. Hyv\u00e4 puolustus ja maalivahtity\u00f6 petasivat vastaavasti my\u00f6s nopean ja tehokkaan hy\u00f6kk\u00e4yspelin. GrIFK tuli otteluun todella kovaa ja ratkaisi ottelun k\u00e4yt\u00e4nn\u00f6ss\u00e4 ensimm\u00e4isen 11,5 minuutin aikana, kun [&hellip;]","og_url":"https:\/\/aktialiiga.fi\/naiset\/2025-2026\/ottelut-2025-26\/grifklle-tarkea-voitto-bk-46sta\/","og_site_name":"K\u00e4sipallon naisten Aktialiiga","article_publisher":"https:\/\/www.facebook.com\/finnhandball","article_published_time":"2025-12-10T18:39:57+00:00","article_modified_time":"2025-12-11T17:05:32+00:00","og_image":[{"width":1030,"height":687,"url":"https:\/\/aktialiiga.fi\/naiset\/wp-content\/uploads\/sites\/6\/2025\/10\/A7301027-1030x687.jpg","type":"image\/jpeg"}],"author":"tbrmedia","twitter_card":"summary_large_image","twitter_creator":"@finnhandball","twitter_site":"@finnhandball","schema":{"@context":"https:\/\/schema.org","@graph":[{"@type":"Article","@id":"https:\/\/aktialiiga.fi\/naiset\/2025-2026\/ottelut-2025-26\/grifklle-tarkea-voitto-bk-46sta\/#article","isPartOf":{"@id":"https:\/\/aktialiiga.fi\/naiset\/2025-2026\/ottelut-2025-26\/grifklle-tarkea-voitto-bk-46sta\/"},"author":{"name":"tbrmedia","@id":"https:\/\/aktialiiga.fi\/naiset\/#\/schema\/person\/c14bf42f47041db74603c45afcb18d87"},"headline":"GrIFK:lle t\u00e4rke\u00e4 voitto BK-46:sta","datePublished":"2025-12-10T18:39:57+00:00","dateModified":"2025-12-11T17:05:32+00:00","mainEntityOfPage":{"@id":"https:\/\/aktialiiga.fi\/naiset\/2025-2026\/ottelut-2025-26\/grifklle-tarkea-voitto-bk-46sta\/"},"wordCount":379,"publisher":{"@id":"https:\/\/aktialiiga.fi\/naiset\/#organization"},"image":{"@id":"https:\/\/aktialiiga.fi\/naiset\/2025-2026\/ottelut-2025-26\/grifklle-tarkea-voitto-bk-46sta\/#primaryimage"},"thumbnailUrl":"https:\/\/aktialiiga.fi\/naiset\/wp-content\/uploads\/sites\/6\/2025\/10\/A7301027.jpg","keywords":["BK-46","GrIFK"],"articleSection":["Ottelut 2025-26"],"inLanguage":"fi"},{"@type":"WebPage","@id":"https:\/\/aktialiiga.fi\/naiset\/2025-2026\/ottelut-2025-26\/grifklle-tarkea-voitto-bk-46sta\/","url":"https:\/\/aktialiiga.fi\/naiset\/2025-2026\/ottelut-2025-26\/grifklle-tarkea-voitto-bk-46sta\/","name":"GrIFK:lle t\u00e4rke\u00e4 voitto BK-46:sta | K\u00e4sipallon naisten Aktialiiga","isPartOf":{"@id":"https:\/\/aktialiiga.fi\/naiset\/#website"},"primaryImageOfPage":{"@id":"https:\/\/aktialiiga.fi\/naiset\/2025-2026\/ottelut-2025-26\/grifklle-tarkea-voitto-bk-46sta\/#primaryimage"},"image":{"@id":"https:\/\/aktialiiga.fi\/naiset\/2025-2026\/ottelut-2025-26\/grifklle-tarkea-voitto-bk-46sta\/#primaryimage"},"thumbnailUrl":"https:\/\/aktialiiga.fi\/naiset\/wp-content\/uploads\/sites\/6\/2025\/10\/A7301027.jpg","datePublished":"2025-12-10T18:39:57+00:00","dateModified":"2025-12-11T17:05:32+00:00","breadcrumb":{"@id":"https:\/\/aktialiiga.fi\/naiset\/2025-2026\/ottelut-2025-26\/grifklle-tarkea-voitto-bk-46sta\/#breadcrumb"},"inLanguage":"fi","potentialAction":[{"@type":"ReadAction","target":["https:\/\/aktialiiga.fi\/naiset\/2025-2026\/ottelut-2025-26\/grifklle-tarkea-voitto-bk-46sta\/"]}]},{"@type":"ImageObject","inLanguage":"fi","@id":"https:\/\/aktialiiga.fi\/naiset\/2025-2026\/ottelut-2025-26\/grifklle-tarkea-voitto-bk-46sta\/#primaryimage","url":"https:\/\/aktialiiga.fi\/naiset\/wp-content\/uploads\/sites\/6\/2025\/10\/A7301027.jpg","contentUrl":"https:\/\/aktialiiga.fi\/naiset\/wp-content\/uploads\/sites\/6\/2025\/10\/A7301027.jpg","width":5463,"height":3642,"caption":"Emily Johanson, GrIFK, 2025-26"},{"@type":"BreadcrumbList","@id":"https:\/\/aktialiiga.fi\/naiset\/2025-2026\/ottelut-2025-26\/grifklle-tarkea-voitto-bk-46sta\/#breadcrumb","itemListElement":[{"@type":"ListItem","position":1,"name":"Etusivu","item":"https:\/\/aktialiiga.fi\/naiset\/"},{"@type":"ListItem","position":2,"name":"GrIFK:lle t\u00e4rke\u00e4 voitto BK-46:sta"}]},{"@type":"WebSite","@id":"https:\/\/aktialiiga.fi\/naiset\/#website","url":"https:\/\/aktialiiga.fi\/naiset\/","name":"K\u00e4sipallon naisten Aktialiiga","description":"Valtakunnan vauhdikkainta palloilua!","publisher":{"@id":"https:\/\/aktialiiga.fi\/naiset\/#organization"},"potentialAction":[{"@type":"SearchAction","target":{"@type":"EntryPoint","urlTemplate":"https:\/\/aktialiiga.fi\/naiset\/?s={search_term_string}"},"query-input":{"@type":"PropertyValueSpecification","valueRequired":true,"valueName":"search_term_string"}}],"inLanguage":"fi"},{"@type":"Organization","@id":"https:\/\/aktialiiga.fi\/naiset\/#organization","name":"K\u00e4sipallon naisten Aktialiiga","url":"https:\/\/aktialiiga.fi\/naiset\/","logo":{"@type":"ImageObject","inLanguage":"fi","@id":"https:\/\/aktialiiga.fi\/naiset\/#\/schema\/logo\/image\/","url":"https:\/\/aktialiiga.fi\/naiset\/wp-content\/uploads\/sites\/6\/2024\/09\/Aktialiiga-Yoast-512.png","contentUrl":"https:\/\/aktialiiga.fi\/naiset\/wp-content\/uploads\/sites\/6\/2024\/09\/Aktialiiga-Yoast-512.png","width":512,"height":512,"caption":"K\u00e4sipallon naisten Aktialiiga"},"image":{"@id":"https:\/\/aktialiiga.fi\/naiset\/#\/schema\/logo\/image\/"},"sameAs":["https:\/\/www.facebook.com\/finnhandball","https:\/\/x.com\/finnhandball","https:\/\/www.instagram.com\/handballfinland\/"]},{"@type":"Person","@id":"https:\/\/aktialiiga.fi\/naiset\/#\/schema\/person\/c14bf42f47041db74603c45afcb18d87","name":"tbrmedia","image":{"@type":"ImageObject","inLanguage":"fi","@id":"https:\/\/secure.gravatar.com\/avatar\/ee975fa091fe581d12b60debb3439022686618368a7c142044c56724d4666b16?s=96&d=mm&r=g","url":"https:\/\/secure.gravatar.com\/avatar\/ee975fa091fe581d12b60debb3439022686618368a7c142044c56724d4666b16?s=96&d=mm&r=g","contentUrl":"https:\/\/secure.gravatar.com\/avatar\/ee975fa091fe581d12b60debb3439022686618368a7c142044c56724d4666b16?s=96&d=mm&r=g","caption":"tbrmedia"}}]}},"jetpack_featured_media_url":"https:\/\/aktialiiga.fi\/naiset\/wp-content\/uploads\/sites\/6\/2025\/10\/A7301027.jpg","jetpack_sharing_enabled":true,"jetpack_shortlink":"https:\/\/wp.me\/pfYhm6-bYL","_links":{"self":[{"href":"https:\/\/aktialiiga.fi\/naiset\/wp-json\/wp\/v2\/posts\/46051","targetHints":{"allow":["GET"]}}],"collection":[{"href":"https:\/\/aktialiiga.fi\/naiset\/wp-json\/wp\/v2\/posts"}],"about":[{"href":"https:\/\/aktialiiga.fi\/naiset\/wp-json\/wp\/v2\/types\/post"}],"author":[{"embeddable":true,"href":"https:\/\/aktialiiga.fi\/naiset\/wp-json\/wp\/v2\/users\/13"}],"replies":[{"embeddable":true,"href":"https:\/\/aktialiiga.fi\/naiset\/wp-json\/wp\/v2\/comments?post=46051"}],"version-history":[{"count":5,"href":"https:\/\/aktialiiga.fi\/naiset\/wp-json\/wp\/v2\/posts\/46051\/revisions"}],"predecessor-version":[{"id":46128,"href":"https:\/\/aktialiiga.fi\/naiset\/wp-json\/wp\/v2\/posts\/46051\/revisions\/46128"}],"wp:featuredmedia":[{"embeddable":true,"href":"https:\/\/aktialiiga.fi\/naiset\/wp-json\/wp\/v2\/media\/45210"}],"wp:attachment":[{"href":"https:\/\/aktialiiga.fi\/naiset\/wp-json\/wp\/v2\/media?parent=46051"}],"wp:term":[{"taxonomy":"category","embeddable":true,"href":"https:\/\/aktialiiga.fi\/naiset\/wp-json\/wp\/v2\/categories?post=46051"},{"taxonomy":"post_tag","embeddable":true,"href":"https:\/\/aktialiiga.fi\/naiset\/wp-json\/wp\/v2\/tags?post=46051"}],"curies":[{"name":"wp","href":"https:\/\/api.w.org\/{rel}","templated":true}]}}