{"id":46160,"date":"2025-12-13T15:10:16","date_gmt":"2025-12-13T13:10:16","guid":{"rendered":"https:\/\/aktialiiga.fi\/naiset\/?p=46160"},"modified":"2025-12-13T15:13:57","modified_gmt":"2025-12-13T13:13:57","slug":"grifk-selvaan-voittoon-sifsta","status":"publish","type":"post","link":"https:\/\/aktialiiga.fi\/naiset\/2025-2026\/ottelut-2025-26\/grifk-selvaan-voittoon-sifsta\/","title":{"rendered":"GrIFK selv\u00e4\u00e4n voittoon SIF:st\u00e4"},"content":{"rendered":"<p>GrIFK siirtyi Aktialiigan k\u00e4rkipaikalle voittamalla SIF:n selvin numeroin 40-17 (18-7).<\/p>\n<p>SIF pystyi taistelemaan GrIFK:n kanssa tasap\u00e4isesti ensimm\u00e4isen vartin, mutta sen j\u00e4lkeen kotijoukkue karkasi. Ensimm\u00e4isen jakson j\u00e4lkipuoliskolla GrIFK p\u00e4\u00e4sti vain kaksi maalia ja rep\u00e4isi samalla 11 maalin taukojohdon.<\/p>\n<p>Toisella puoliajalla GrIFK lis\u00e4si kaasua ja joukkue onnistui laajalla rintamalla eik\u00e4 voittajasta ollut miss\u00e4\u00e4n vaiheessa ep\u00e4selvyytt\u00e4.<\/p>\n<p>SIF:n Jasmin Pesola pelasi sadannen p\u00e4\u00e4sarjaottelunsa. Ottelun parhaana palkittu Mathilda Sandblom sai 250 maalia t\u00e4yteen.<\/p>\n<p>GrIFK-valmentaja Anders Genberg iloitsi onnistumisista laajalla rintamalla.<\/p>\n<p>&#8211; Teimme sen ty\u00f6n, josta olimme sopineet. Olimme kurinalaisia \u200b\u200bja ty\u00f6skentelimme yhdess\u00e4, juosten 60 minuuttia. Monet onnistuivat t\u00e4n\u00e4\u00e4n, mik\u00e4 on hauskaa ja meill\u00e4 oli hyv\u00e4 flow ottelussa. Nyt lataudumme keskiviikon ottelua varten.<\/p>\n<p>SIF:n p\u00e4\u00e4valmentaja Viljami Kuntsi my\u00f6nsi joukkueiden v\u00e4lisen eron.<\/p>\n<p>&#8211; Kourallinen hyvi\u00e4 onnistumisia, mutta jos kaikissa muissa tilanteissa on askeleen per\u00e4ss\u00e4, on eroa lopulta kilometri.<\/p>\n<p>Sandblom siirsi katseita ottelun j\u00e4lkeen jo eteenp\u00e4in.<\/p>\n<p>&#8211; Pysyimme kiinni pelisuunnitelmastamme ja teimme paljon hienoja maaleja, jatkamme ty\u00f6skentely\u00e4 keskiviikon ottelua varten.<\/p>\n","protected":false},"excerpt":{"rendered":"<p>GrIFK siirtyi Aktialiigan k\u00e4rkipaikalle voittamalla SIF:n selvin numeroin 40-17 (18-7). SIF pystyi taistelemaan GrIFK:n kanssa tasap\u00e4isesti ensimm\u00e4isen vartin, mutta sen j\u00e4lkeen kotijoukkue karkasi. Ensimm\u00e4isen jakson j\u00e4lkipuoliskolla GrIFK p\u00e4\u00e4sti vain kaksi maalia ja rep\u00e4isi samalla 11 maalin taukojohdon. Toisella puoliajalla GrIFK lis\u00e4si kaasua ja joukkue onnistui laajalla rintamalla eik\u00e4 voittajasta ollut miss\u00e4\u00e4n vaiheessa ep\u00e4selvyytt\u00e4. SIF:n Jasmin [&hellip;]<\/p>\n","protected":false},"author":13,"featured_media":45187,"comment_status":"closed","ping_status":"closed","sticky":false,"template":"","format":"standard","meta":{"_acf_changed":false,"jetpack_post_was_ever_published":false,"_jetpack_newsletter_access":"","_jetpack_dont_email_post_to_subs":false,"_jetpack_newsletter_tier_id":0,"_jetpack_memberships_contains_paywalled_content":false,"_jetpack_memberships_contains_paid_content":false,"footnotes":""},"categories":[275],"tags":[57,81],"class_list":["post-46160","post","type-post","status-publish","format-standard","has-post-thumbnail","hentry","category-ottelut-2025-26","tag-grifk","tag-sif"],"acf":[],"yoast_head":"<!-- This site is optimized with the Yoast SEO plugin v27.5 - https:\/\/yoast.com\/product\/yoast-seo-wordpress\/ -->\n<title>GrIFK selv\u00e4\u00e4n voittoon SIF:st\u00e4 | K\u00e4sipallon naisten Aktialiiga<\/title>\n<meta name=\"robots\" content=\"index, follow, max-snippet:-1, max-image-preview:large, max-video-preview:-1\" \/>\n<link rel=\"canonical\" href=\"https:\/\/aktialiiga.fi\/naiset\/2025-2026\/ottelut-2025-26\/grifk-selvaan-voittoon-sifsta\/\" \/>\n<meta property=\"og:locale\" content=\"fi_FI\" \/>\n<meta property=\"og:type\" content=\"article\" \/>\n<meta property=\"og:title\" content=\"GrIFK selv\u00e4\u00e4n voittoon SIF:st\u00e4 | K\u00e4sipallon naisten Aktialiiga\" \/>\n<meta property=\"og:description\" content=\"GrIFK siirtyi Aktialiigan k\u00e4rkipaikalle voittamalla SIF:n selvin numeroin 40-17 (18-7). SIF pystyi taistelemaan GrIFK:n kanssa tasap\u00e4isesti ensimm\u00e4isen vartin, mutta sen j\u00e4lkeen kotijoukkue karkasi. Ensimm\u00e4isen jakson j\u00e4lkipuoliskolla GrIFK p\u00e4\u00e4sti vain kaksi maalia ja rep\u00e4isi samalla 11 maalin taukojohdon. Toisella puoliajalla GrIFK lis\u00e4si kaasua ja joukkue onnistui laajalla rintamalla eik\u00e4 voittajasta ollut miss\u00e4\u00e4n vaiheessa ep\u00e4selvyytt\u00e4. SIF:n Jasmin [&hellip;]\" \/>\n<meta property=\"og:url\" content=\"https:\/\/aktialiiga.fi\/naiset\/2025-2026\/ottelut-2025-26\/grifk-selvaan-voittoon-sifsta\/\" \/>\n<meta property=\"og:site_name\" content=\"K\u00e4sipallon naisten Aktialiiga\" \/>\n<meta property=\"article:publisher\" content=\"https:\/\/www.facebook.com\/finnhandball\" \/>\n<meta property=\"article:published_time\" content=\"2025-12-13T13:10:16+00:00\" \/>\n<meta property=\"article:modified_time\" content=\"2025-12-13T13:13:57+00:00\" \/>\n<meta property=\"og:image\" content=\"https:\/\/aktialiiga.fi\/naiset\/wp-content\/uploads\/sites\/6\/2025\/10\/A7301197-1030x687.jpg\" \/>\n\t<meta property=\"og:image:width\" content=\"1030\" \/>\n\t<meta property=\"og:image:height\" content=\"687\" \/>\n\t<meta property=\"og:image:type\" content=\"image\/jpeg\" \/>\n<meta name=\"author\" content=\"tbrmedia\" \/>\n<meta name=\"twitter:card\" content=\"summary_large_image\" \/>\n<meta name=\"twitter:creator\" content=\"@finnhandball\" \/>\n<meta name=\"twitter:site\" content=\"@finnhandball\" \/>\n<script type=\"application\/ld+json\" class=\"yoast-schema-graph\">{\"@context\":\"https:\\\/\\\/schema.org\",\"@graph\":[{\"@type\":\"Article\",\"@id\":\"https:\\\/\\\/aktialiiga.fi\\\/naiset\\\/2025-2026\\\/ottelut-2025-26\\\/grifk-selvaan-voittoon-sifsta\\\/#article\",\"isPartOf\":{\"@id\":\"https:\\\/\\\/aktialiiga.fi\\\/naiset\\\/2025-2026\\\/ottelut-2025-26\\\/grifk-selvaan-voittoon-sifsta\\\/\"},\"author\":{\"name\":\"tbrmedia\",\"@id\":\"https:\\\/\\\/aktialiiga.fi\\\/naiset\\\/#\\\/schema\\\/person\\\/c14bf42f47041db74603c45afcb18d87\"},\"headline\":\"GrIFK selv\u00e4\u00e4n voittoon SIF:st\u00e4\",\"datePublished\":\"2025-12-13T13:10:16+00:00\",\"dateModified\":\"2025-12-13T13:13:57+00:00\",\"mainEntityOfPage\":{\"@id\":\"https:\\\/\\\/aktialiiga.fi\\\/naiset\\\/2025-2026\\\/ottelut-2025-26\\\/grifk-selvaan-voittoon-sifsta\\\/\"},\"wordCount\":183,\"publisher\":{\"@id\":\"https:\\\/\\\/aktialiiga.fi\\\/naiset\\\/#organization\"},\"image\":{\"@id\":\"https:\\\/\\\/aktialiiga.fi\\\/naiset\\\/2025-2026\\\/ottelut-2025-26\\\/grifk-selvaan-voittoon-sifsta\\\/#primaryimage\"},\"thumbnailUrl\":\"https:\\\/\\\/aktialiiga.fi\\\/naiset\\\/wp-content\\\/uploads\\\/sites\\\/6\\\/2025\\\/10\\\/A7301197.jpg\",\"keywords\":[\"GrIFK\",\"SIF\"],\"articleSection\":[\"Ottelut 2025-26\"],\"inLanguage\":\"fi\"},{\"@type\":\"WebPage\",\"@id\":\"https:\\\/\\\/aktialiiga.fi\\\/naiset\\\/2025-2026\\\/ottelut-2025-26\\\/grifk-selvaan-voittoon-sifsta\\\/\",\"url\":\"https:\\\/\\\/aktialiiga.fi\\\/naiset\\\/2025-2026\\\/ottelut-2025-26\\\/grifk-selvaan-voittoon-sifsta\\\/\",\"name\":\"GrIFK selv\u00e4\u00e4n voittoon SIF:st\u00e4 | K\u00e4sipallon naisten Aktialiiga\",\"isPartOf\":{\"@id\":\"https:\\\/\\\/aktialiiga.fi\\\/naiset\\\/#website\"},\"primaryImageOfPage\":{\"@id\":\"https:\\\/\\\/aktialiiga.fi\\\/naiset\\\/2025-2026\\\/ottelut-2025-26\\\/grifk-selvaan-voittoon-sifsta\\\/#primaryimage\"},\"image\":{\"@id\":\"https:\\\/\\\/aktialiiga.fi\\\/naiset\\\/2025-2026\\\/ottelut-2025-26\\\/grifk-selvaan-voittoon-sifsta\\\/#primaryimage\"},\"thumbnailUrl\":\"https:\\\/\\\/aktialiiga.fi\\\/naiset\\\/wp-content\\\/uploads\\\/sites\\\/6\\\/2025\\\/10\\\/A7301197.jpg\",\"datePublished\":\"2025-12-13T13:10:16+00:00\",\"dateModified\":\"2025-12-13T13:13:57+00:00\",\"breadcrumb\":{\"@id\":\"https:\\\/\\\/aktialiiga.fi\\\/naiset\\\/2025-2026\\\/ottelut-2025-26\\\/grifk-selvaan-voittoon-sifsta\\\/#breadcrumb\"},\"inLanguage\":\"fi\",\"potentialAction\":[{\"@type\":\"ReadAction\",\"target\":[\"https:\\\/\\\/aktialiiga.fi\\\/naiset\\\/2025-2026\\\/ottelut-2025-26\\\/grifk-selvaan-voittoon-sifsta\\\/\"]}]},{\"@type\":\"ImageObject\",\"inLanguage\":\"fi\",\"@id\":\"https:\\\/\\\/aktialiiga.fi\\\/naiset\\\/2025-2026\\\/ottelut-2025-26\\\/grifk-selvaan-voittoon-sifsta\\\/#primaryimage\",\"url\":\"https:\\\/\\\/aktialiiga.fi\\\/naiset\\\/wp-content\\\/uploads\\\/sites\\\/6\\\/2025\\\/10\\\/A7301197.jpg\",\"contentUrl\":\"https:\\\/\\\/aktialiiga.fi\\\/naiset\\\/wp-content\\\/uploads\\\/sites\\\/6\\\/2025\\\/10\\\/A7301197.jpg\",\"width\":4980,\"height\":3320,\"caption\":\"Matilda Sandholm, GrIFK 2025-26\"},{\"@type\":\"BreadcrumbList\",\"@id\":\"https:\\\/\\\/aktialiiga.fi\\\/naiset\\\/2025-2026\\\/ottelut-2025-26\\\/grifk-selvaan-voittoon-sifsta\\\/#breadcrumb\",\"itemListElement\":[{\"@type\":\"ListItem\",\"position\":1,\"name\":\"Etusivu\",\"item\":\"https:\\\/\\\/aktialiiga.fi\\\/naiset\\\/\"},{\"@type\":\"ListItem\",\"position\":2,\"name\":\"GrIFK selv\u00e4\u00e4n voittoon SIF:st\u00e4\"}]},{\"@type\":\"WebSite\",\"@id\":\"https:\\\/\\\/aktialiiga.fi\\\/naiset\\\/#website\",\"url\":\"https:\\\/\\\/aktialiiga.fi\\\/naiset\\\/\",\"name\":\"K\u00e4sipallon naisten Aktialiiga\",\"description\":\"Valtakunnan vauhdikkainta palloilua!\",\"publisher\":{\"@id\":\"https:\\\/\\\/aktialiiga.fi\\\/naiset\\\/#organization\"},\"potentialAction\":[{\"@type\":\"SearchAction\",\"target\":{\"@type\":\"EntryPoint\",\"urlTemplate\":\"https:\\\/\\\/aktialiiga.fi\\\/naiset\\\/?s={search_term_string}\"},\"query-input\":{\"@type\":\"PropertyValueSpecification\",\"valueRequired\":true,\"valueName\":\"search_term_string\"}}],\"inLanguage\":\"fi\"},{\"@type\":\"Organization\",\"@id\":\"https:\\\/\\\/aktialiiga.fi\\\/naiset\\\/#organization\",\"name\":\"K\u00e4sipallon naisten Aktialiiga\",\"url\":\"https:\\\/\\\/aktialiiga.fi\\\/naiset\\\/\",\"logo\":{\"@type\":\"ImageObject\",\"inLanguage\":\"fi\",\"@id\":\"https:\\\/\\\/aktialiiga.fi\\\/naiset\\\/#\\\/schema\\\/logo\\\/image\\\/\",\"url\":\"https:\\\/\\\/aktialiiga.fi\\\/naiset\\\/wp-content\\\/uploads\\\/sites\\\/6\\\/2024\\\/09\\\/Aktialiiga-Yoast-512.png\",\"contentUrl\":\"https:\\\/\\\/aktialiiga.fi\\\/naiset\\\/wp-content\\\/uploads\\\/sites\\\/6\\\/2024\\\/09\\\/Aktialiiga-Yoast-512.png\",\"width\":512,\"height\":512,\"caption\":\"K\u00e4sipallon naisten Aktialiiga\"},\"image\":{\"@id\":\"https:\\\/\\\/aktialiiga.fi\\\/naiset\\\/#\\\/schema\\\/logo\\\/image\\\/\"},\"sameAs\":[\"https:\\\/\\\/www.facebook.com\\\/finnhandball\",\"https:\\\/\\\/x.com\\\/finnhandball\",\"https:\\\/\\\/www.instagram.com\\\/handballfinland\\\/\"]},{\"@type\":\"Person\",\"@id\":\"https:\\\/\\\/aktialiiga.fi\\\/naiset\\\/#\\\/schema\\\/person\\\/c14bf42f47041db74603c45afcb18d87\",\"name\":\"tbrmedia\",\"image\":{\"@type\":\"ImageObject\",\"inLanguage\":\"fi\",\"@id\":\"https:\\\/\\\/secure.gravatar.com\\\/avatar\\\/ee975fa091fe581d12b60debb3439022686618368a7c142044c56724d4666b16?s=96&d=mm&r=g\",\"url\":\"https:\\\/\\\/secure.gravatar.com\\\/avatar\\\/ee975fa091fe581d12b60debb3439022686618368a7c142044c56724d4666b16?s=96&d=mm&r=g\",\"contentUrl\":\"https:\\\/\\\/secure.gravatar.com\\\/avatar\\\/ee975fa091fe581d12b60debb3439022686618368a7c142044c56724d4666b16?s=96&d=mm&r=g\",\"caption\":\"tbrmedia\"}}]}<\/script>\n<!-- \/ Yoast SEO plugin. -->","yoast_head_json":{"title":"GrIFK selv\u00e4\u00e4n voittoon SIF:st\u00e4 | K\u00e4sipallon naisten Aktialiiga","robots":{"index":"index","follow":"follow","max-snippet":"max-snippet:-1","max-image-preview":"max-image-preview:large","max-video-preview":"max-video-preview:-1"},"canonical":"https:\/\/aktialiiga.fi\/naiset\/2025-2026\/ottelut-2025-26\/grifk-selvaan-voittoon-sifsta\/","og_locale":"fi_FI","og_type":"article","og_title":"GrIFK selv\u00e4\u00e4n voittoon SIF:st\u00e4 | K\u00e4sipallon naisten Aktialiiga","og_description":"GrIFK siirtyi Aktialiigan k\u00e4rkipaikalle voittamalla SIF:n selvin numeroin 40-17 (18-7). SIF pystyi taistelemaan GrIFK:n kanssa tasap\u00e4isesti ensimm\u00e4isen vartin, mutta sen j\u00e4lkeen kotijoukkue karkasi. Ensimm\u00e4isen jakson j\u00e4lkipuoliskolla GrIFK p\u00e4\u00e4sti vain kaksi maalia ja rep\u00e4isi samalla 11 maalin taukojohdon. Toisella puoliajalla GrIFK lis\u00e4si kaasua ja joukkue onnistui laajalla rintamalla eik\u00e4 voittajasta ollut miss\u00e4\u00e4n vaiheessa ep\u00e4selvyytt\u00e4. SIF:n Jasmin [&hellip;]","og_url":"https:\/\/aktialiiga.fi\/naiset\/2025-2026\/ottelut-2025-26\/grifk-selvaan-voittoon-sifsta\/","og_site_name":"K\u00e4sipallon naisten Aktialiiga","article_publisher":"https:\/\/www.facebook.com\/finnhandball","article_published_time":"2025-12-13T13:10:16+00:00","article_modified_time":"2025-12-13T13:13:57+00:00","og_image":[{"width":1030,"height":687,"url":"https:\/\/aktialiiga.fi\/naiset\/wp-content\/uploads\/sites\/6\/2025\/10\/A7301197-1030x687.jpg","type":"image\/jpeg"}],"author":"tbrmedia","twitter_card":"summary_large_image","twitter_creator":"@finnhandball","twitter_site":"@finnhandball","schema":{"@context":"https:\/\/schema.org","@graph":[{"@type":"Article","@id":"https:\/\/aktialiiga.fi\/naiset\/2025-2026\/ottelut-2025-26\/grifk-selvaan-voittoon-sifsta\/#article","isPartOf":{"@id":"https:\/\/aktialiiga.fi\/naiset\/2025-2026\/ottelut-2025-26\/grifk-selvaan-voittoon-sifsta\/"},"author":{"name":"tbrmedia","@id":"https:\/\/aktialiiga.fi\/naiset\/#\/schema\/person\/c14bf42f47041db74603c45afcb18d87"},"headline":"GrIFK selv\u00e4\u00e4n voittoon SIF:st\u00e4","datePublished":"2025-12-13T13:10:16+00:00","dateModified":"2025-12-13T13:13:57+00:00","mainEntityOfPage":{"@id":"https:\/\/aktialiiga.fi\/naiset\/2025-2026\/ottelut-2025-26\/grifk-selvaan-voittoon-sifsta\/"},"wordCount":183,"publisher":{"@id":"https:\/\/aktialiiga.fi\/naiset\/#organization"},"image":{"@id":"https:\/\/aktialiiga.fi\/naiset\/2025-2026\/ottelut-2025-26\/grifk-selvaan-voittoon-sifsta\/#primaryimage"},"thumbnailUrl":"https:\/\/aktialiiga.fi\/naiset\/wp-content\/uploads\/sites\/6\/2025\/10\/A7301197.jpg","keywords":["GrIFK","SIF"],"articleSection":["Ottelut 2025-26"],"inLanguage":"fi"},{"@type":"WebPage","@id":"https:\/\/aktialiiga.fi\/naiset\/2025-2026\/ottelut-2025-26\/grifk-selvaan-voittoon-sifsta\/","url":"https:\/\/aktialiiga.fi\/naiset\/2025-2026\/ottelut-2025-26\/grifk-selvaan-voittoon-sifsta\/","name":"GrIFK selv\u00e4\u00e4n voittoon SIF:st\u00e4 | K\u00e4sipallon naisten Aktialiiga","isPartOf":{"@id":"https:\/\/aktialiiga.fi\/naiset\/#website"},"primaryImageOfPage":{"@id":"https:\/\/aktialiiga.fi\/naiset\/2025-2026\/ottelut-2025-26\/grifk-selvaan-voittoon-sifsta\/#primaryimage"},"image":{"@id":"https:\/\/aktialiiga.fi\/naiset\/2025-2026\/ottelut-2025-26\/grifk-selvaan-voittoon-sifsta\/#primaryimage"},"thumbnailUrl":"https:\/\/aktialiiga.fi\/naiset\/wp-content\/uploads\/sites\/6\/2025\/10\/A7301197.jpg","datePublished":"2025-12-13T13:10:16+00:00","dateModified":"2025-12-13T13:13:57+00:00","breadcrumb":{"@id":"https:\/\/aktialiiga.fi\/naiset\/2025-2026\/ottelut-2025-26\/grifk-selvaan-voittoon-sifsta\/#breadcrumb"},"inLanguage":"fi","potentialAction":[{"@type":"ReadAction","target":["https:\/\/aktialiiga.fi\/naiset\/2025-2026\/ottelut-2025-26\/grifk-selvaan-voittoon-sifsta\/"]}]},{"@type":"ImageObject","inLanguage":"fi","@id":"https:\/\/aktialiiga.fi\/naiset\/2025-2026\/ottelut-2025-26\/grifk-selvaan-voittoon-sifsta\/#primaryimage","url":"https:\/\/aktialiiga.fi\/naiset\/wp-content\/uploads\/sites\/6\/2025\/10\/A7301197.jpg","contentUrl":"https:\/\/aktialiiga.fi\/naiset\/wp-content\/uploads\/sites\/6\/2025\/10\/A7301197.jpg","width":4980,"height":3320,"caption":"Matilda Sandholm, GrIFK 2025-26"},{"@type":"BreadcrumbList","@id":"https:\/\/aktialiiga.fi\/naiset\/2025-2026\/ottelut-2025-26\/grifk-selvaan-voittoon-sifsta\/#breadcrumb","itemListElement":[{"@type":"ListItem","position":1,"name":"Etusivu","item":"https:\/\/aktialiiga.fi\/naiset\/"},{"@type":"ListItem","position":2,"name":"GrIFK selv\u00e4\u00e4n voittoon SIF:st\u00e4"}]},{"@type":"WebSite","@id":"https:\/\/aktialiiga.fi\/naiset\/#website","url":"https:\/\/aktialiiga.fi\/naiset\/","name":"K\u00e4sipallon naisten Aktialiiga","description":"Valtakunnan vauhdikkainta palloilua!","publisher":{"@id":"https:\/\/aktialiiga.fi\/naiset\/#organization"},"potentialAction":[{"@type":"SearchAction","target":{"@type":"EntryPoint","urlTemplate":"https:\/\/aktialiiga.fi\/naiset\/?s={search_term_string}"},"query-input":{"@type":"PropertyValueSpecification","valueRequired":true,"valueName":"search_term_string"}}],"inLanguage":"fi"},{"@type":"Organization","@id":"https:\/\/aktialiiga.fi\/naiset\/#organization","name":"K\u00e4sipallon naisten Aktialiiga","url":"https:\/\/aktialiiga.fi\/naiset\/","logo":{"@type":"ImageObject","inLanguage":"fi","@id":"https:\/\/aktialiiga.fi\/naiset\/#\/schema\/logo\/image\/","url":"https:\/\/aktialiiga.fi\/naiset\/wp-content\/uploads\/sites\/6\/2024\/09\/Aktialiiga-Yoast-512.png","contentUrl":"https:\/\/aktialiiga.fi\/naiset\/wp-content\/uploads\/sites\/6\/2024\/09\/Aktialiiga-Yoast-512.png","width":512,"height":512,"caption":"K\u00e4sipallon naisten Aktialiiga"},"image":{"@id":"https:\/\/aktialiiga.fi\/naiset\/#\/schema\/logo\/image\/"},"sameAs":["https:\/\/www.facebook.com\/finnhandball","https:\/\/x.com\/finnhandball","https:\/\/www.instagram.com\/handballfinland\/"]},{"@type":"Person","@id":"https:\/\/aktialiiga.fi\/naiset\/#\/schema\/person\/c14bf42f47041db74603c45afcb18d87","name":"tbrmedia","image":{"@type":"ImageObject","inLanguage":"fi","@id":"https:\/\/secure.gravatar.com\/avatar\/ee975fa091fe581d12b60debb3439022686618368a7c142044c56724d4666b16?s=96&d=mm&r=g","url":"https:\/\/secure.gravatar.com\/avatar\/ee975fa091fe581d12b60debb3439022686618368a7c142044c56724d4666b16?s=96&d=mm&r=g","contentUrl":"https:\/\/secure.gravatar.com\/avatar\/ee975fa091fe581d12b60debb3439022686618368a7c142044c56724d4666b16?s=96&d=mm&r=g","caption":"tbrmedia"}}]}},"jetpack_featured_media_url":"https:\/\/aktialiiga.fi\/naiset\/wp-content\/uploads\/sites\/6\/2025\/10\/A7301197.jpg","jetpack_sharing_enabled":true,"jetpack_shortlink":"https:\/\/wp.me\/pfYhm6-c0w","_links":{"self":[{"href":"https:\/\/aktialiiga.fi\/naiset\/wp-json\/wp\/v2\/posts\/46160","targetHints":{"allow":["GET"]}}],"collection":[{"href":"https:\/\/aktialiiga.fi\/naiset\/wp-json\/wp\/v2\/posts"}],"about":[{"href":"https:\/\/aktialiiga.fi\/naiset\/wp-json\/wp\/v2\/types\/post"}],"author":[{"embeddable":true,"href":"https:\/\/aktialiiga.fi\/naiset\/wp-json\/wp\/v2\/users\/13"}],"replies":[{"embeddable":true,"href":"https:\/\/aktialiiga.fi\/naiset\/wp-json\/wp\/v2\/comments?post=46160"}],"version-history":[{"count":2,"href":"https:\/\/aktialiiga.fi\/naiset\/wp-json\/wp\/v2\/posts\/46160\/revisions"}],"predecessor-version":[{"id":46163,"href":"https:\/\/aktialiiga.fi\/naiset\/wp-json\/wp\/v2\/posts\/46160\/revisions\/46163"}],"wp:featuredmedia":[{"embeddable":true,"href":"https:\/\/aktialiiga.fi\/naiset\/wp-json\/wp\/v2\/media\/45187"}],"wp:attachment":[{"href":"https:\/\/aktialiiga.fi\/naiset\/wp-json\/wp\/v2\/media?parent=46160"}],"wp:term":[{"taxonomy":"category","embeddable":true,"href":"https:\/\/aktialiiga.fi\/naiset\/wp-json\/wp\/v2\/categories?post=46160"},{"taxonomy":"post_tag","embeddable":true,"href":"https:\/\/aktialiiga.fi\/naiset\/wp-json\/wp\/v2\/tags?post=46160"}],"curies":[{"name":"wp","href":"https:\/\/api.w.org\/{rel}","templated":true}]}}